{"id":15520,"date":"2024-08-30T09:44:07","date_gmt":"2024-08-30T09:44:07","guid":{"rendered":"https:\/\/www.latribunedufaso.net\/?p=15520"},"modified":"2024-08-30T09:50:12","modified_gmt":"2024-08-30T09:50:12","slug":"attaque-terroriste-de-barsalogho-les-opm-expriment-leur-compassion","status":"publish","type":"post","link":"https:\/\/www.latribunedufaso.net\/?p=15520","title":{"rendered":"Attaque terroriste de Barsalogho : Les OPM expriment leur compassion\u00a0"},"content":{"rendered":"<p><strong style=\"font-size: 1.0625rem;\">Dans une d\u00e9claration en date du 28 ao\u00fbt 2024, les Organisations professionnelles des m\u00e9dias (OPM) ont exprim\u00e9 leur compassion suite \u00e0 l\u2019attaque terroriste de Barsalogho.<\/strong><\/p>\n<p><!--more--><\/p>\n<p>Au-del\u00e0 de l\u2019indignation face \u00e0 ce crime odieux, les OPM condamnent l\u2019attaque barbare perp\u00e9tr\u00e9e contre les populations de Barsalogho, pr\u00e9sentent leurs condol\u00e9ances aux familles endeuill\u00e9es et souhaitent prompt r\u00e9tablissement aux bless\u00e9s.<\/p>\n<p>Par ailleurs, elles exhortent les autorit\u00e9s du haut de leur responsabilit\u00e9 \u00e0 \u0153uvrer davantage pour l\u2019unit\u00e9 nationale, la coh\u00e9sion sociale entre fils et filles du Burkina et les encouragent \u00e0 mener des investigations approfondies pour situer les responsabilit\u00e9s quant aux probables failles, et r\u00e9server une suite judiciaire appropri\u00e9e aux auteurs et \u00e9ventuels complices de cette attaque.<\/p>\n<blockquote>\n<p>Lire aussi : <a href=\"https:\/\/www.latribunedufaso.net\/?p=8136\">Lutte contre l\u2019ins\u00e9curit\u00e9 : Dr Lassina Zerbo exhorte les chercheurs burkinab\u00e8 \u00e0 d\u00e9velopper des solutions pour minimiser les victimes des attaques terroristes<\/a><\/p>\n<\/blockquote>\n<p>Pour fini, elles ont exprim\u00e9 leur soutien aux Forces de d\u00e9fense et de s\u00e9curit\u00e9 et aux Volontaires pour la d\u00e9fense de la patrie.\u00a0\u00a0<\/p>\n<p><strong>Latribunedufaso.net<\/strong><\/p>\n<p><strong>L&rsquo;int\u00e9gralit\u00e9 de la d\u00e9claration ci dessous\u00a0<\/strong><\/p>\n<p style=\"text-align: center;\"><strong>Les Organisations professionnelles des m\u00e9dias expriment leur compassion suite \u00e0 l\u2019attaque terroriste de Barsalogho<\/strong><\/p>\n<p>Le 24 ao\u00fbt 2024, le peuple burkinab\u00e8 a \u00e9t\u00e9 endeuill\u00e9 par une attaque terroriste dans la commune de Barsalogho, r\u00e9gion du Centre-nord. D\u2019une extr\u00eame cruaut\u00e9, une horde de criminels s\u2019en est pris \u00e0 des populations civiles qui avaient \u00e9t\u00e9 mobilis\u00e9es pour creuser des tranch\u00e9es dans le cadre de la s\u00e9curisation de la commune. Cette attaque dont nous ne disposons pas de bilan officiel a fait plusieurs victimes d\u00e9c\u00e9d\u00e9es et bless\u00e9es selon diverses sources et cr\u00e9e une situation de d\u00e9tresse humanitaire dans une r\u00e9gion qui figurait d\u00e9j\u00e0 parmi les plus affect\u00e9es par la crise s\u00e9curitaire. Au-del\u00e0 du Centre nord, c\u2019est toute la Nation qui en est profond\u00e9ment meurtrie.\u00a0<\/p>\n<p>En d\u00e9pit des sacrifices \u00e9normes de nos forces combattantes, des efforts et des moyens colossaux engag\u00e9s ces derni\u00e8res ann\u00e9es dans la lutte contre le terrorisme, le d\u00e9fi de la reconqu\u00eate du territoire national et de la pacification de notre pays reste une pr\u00e9occupation permanente qui tient chaque Burkinab\u00e8 en haleine.\u00a0<\/p>\n<p>Dans ces moments de grande douleur pour la Nation, les Organisations professionnelles des m\u00e9dias encouragent l\u2019\u00e9lan de solidarit\u00e9 et de compassion nationale exprim\u00e9 de part et d\u2019autre par diverses composantes et forces vives de la Nation.\u00a0<\/p>\n<p>Au-del\u00e0 de l\u2019indignation face \u00e0 ce crime odieux, les organisations professionnelles signataires de la pr\u00e9sente,\u00a0<\/p>\n<p>&#8211; Condamnent l\u2019attaque barbare perp\u00e9tr\u00e9e contre les populations de Barsalogho,\u00a0<\/p>\n<p>&#8211; Pr\u00e9sentent leurs condol\u00e9ances aux familles endeuill\u00e9es\u00a0<\/p>\n<p>&#8211; Souhaitent prompt r\u00e9tablissement aux bless\u00e9s,\u00a0\u00a0<\/p>\n<p>&#8211; Exhortent les autorit\u00e9s du haut de leur responsabilit\u00e9 \u00e0 \u0153uvrer davantage pour l\u2019unit\u00e9 nationale, la coh\u00e9sion sociale entre fils et filles du Burkina,\u00a0<\/p>\n<p>&#8211; Encouragent les autorit\u00e9s \u00e0 mener des investigations approfondies pour situer les responsabilit\u00e9s quant aux probables failles, et r\u00e9server une suite judiciaire appropri\u00e9e aux auteurs et \u00e9ventuels complices de cette attaque,<\/p>\n<p>&#8211; Expriment leur soutien aux Forces de d\u00e9fense et de s\u00e9curit\u00e9, aux Volontaires pour la d\u00e9fense de la patrie.\u00a0<\/p>\n<p><strong>Ouagadougou le 28 aout 2024<\/strong><\/p>\n<p>Ont sign\u00e9\u00a0:<\/p>\n<p>Le Centre national de presse Norbert Zongo (<strong>CNP-NZ<\/strong>)<\/p>\n<p>L\u2019Association des journalistes du Burkina (<strong>AJB<\/strong>)<\/p>\n<p>La Soci\u00e9t\u00e9 des \u00e9diteurs de la presse priv\u00e9e (<strong>SEP<\/strong>)<\/p>\n<p>Le Syndicat autonome des travailleurs de l\u2019information et de la culture (<strong>SYNATIC<\/strong>)<\/p>\n<p>La Cellule Norbert Zongo pour le journalisme d\u2019investigation en Afrique de l\u2019ouest (<strong>CENOZO<\/strong>)<\/p>\n<p>L&rsquo;Association des \u00e9diteurs et professionnels des m\u00e9dias en ligne (<strong>AEPML<\/strong>)<\/p>\n<p>L&rsquo;Association des professionnelles africaines de la communication (<strong>APA<\/strong>C)<\/p>\n<p>L&rsquo;Union burkinab\u00e8 des \u00e9diteurs priv\u00e9s de services de t\u00e9l\u00e9vision (<strong>UBESTV<\/strong>)<\/p>\n<p>L\u2019Union nationale de l\u2019audiovisuel libre du Faso (<strong>UNALFA<\/strong>)<\/p>\n<p>Reporters du Faso<\/p>\n<p>L\u2019Association des blogueurs du Burkina (<strong>ABB<\/strong>)<\/p>\n<p>L\u2019Association des \u00e9diteurs de journaux et de presse en l<span style=\"font-size: 1.0625rem;\">angue nationale (<strong>AEJPLN<\/strong>)<\/span><\/p>\n","protected":false},"excerpt":{"rendered":"<p>Dans une d\u00e9claration en date du 28 ao\u00fbt 2024, les Organisations professionnelles des m\u00e9dias (OPM) ont exprim\u00e9 leur compassion suite \u00e0 l\u2019attaque terroriste de Barsalogho.<\/p>\n","protected":false},"author":5,"featured_media":15521,"comment_status":"open","ping_status":"open","sticky":false,"template":"","format":"standard","meta":{"footnotes":""},"categories":[13,1,8],"tags":[147,39,146],"class_list":["post-15520","post","type-post","status-publish","format-standard","has-post-thumbnail","hentry","category-une","category-actu","category-societe","tag-attaque-terroriste-de-barsalogho","tag-latribunedufaso-net","tag-opm"],"yoast_head":"<!-- This site is optimized with the Yoast SEO plugin v27.5 - https:\/\/yoast.com\/product\/yoast-seo-wordpress\/ -->\n<title>Attaque terroriste de Barsalogho : Les OPM expriment leur compassion\u00a0 - La Tribune du Faso<\/title>\n<meta name=\"robots\" content=\"index, follow, max-snippet:-1, max-image-preview:large, max-video-preview:-1\" \/>\n<link rel=\"canonical\" href=\"https:\/\/www.latribunedufaso.net\/?p=15520\" \/>\n<meta property=\"og:locale\" content=\"fr_FR\" \/>\n<meta property=\"og:type\" content=\"article\" \/>\n<meta property=\"og:title\" content=\"Attaque terroriste de Barsalogho : Les OPM expriment leur compassion\u00a0 - La Tribune du Faso\" \/>\n<meta property=\"og:description\" content=\"Dans une d\u00e9claration en date du 28 ao\u00fbt 2024, les Organisations professionnelles des m\u00e9dias (OPM) ont exprim\u00e9 leur compassion suite \u00e0 l\u2019attaque terroriste de Barsalogho.\" \/>\n<meta property=\"og:url\" content=\"https:\/\/www.latribunedufaso.net\/?p=15520\" \/>\n<meta property=\"og:site_name\" content=\"La Tribune du Faso\" \/>\n<meta property=\"article:publisher\" content=\"https:\/\/www.facebook.com\/LatribuneduFaso\/\" \/>\n<meta property=\"article:published_time\" content=\"2024-08-30T09:44:07+00:00\" \/>\n<meta property=\"article:modified_time\" content=\"2024-08-30T09:50:12+00:00\" \/>\n<meta property=\"og:image\" content=\"https:\/\/www.latribunedufaso.net\/wp-content\/uploads\/2024\/08\/telechargement-2.jpeg\" \/>\n\t<meta property=\"og:image:width\" content=\"275\" \/>\n\t<meta property=\"og:image:height\" content=\"183\" \/>\n\t<meta property=\"og:image:type\" content=\"image\/jpeg\" \/>\n<meta name=\"author\" content=\"Issouf Tapsoba\" \/>\n<meta name=\"twitter:label1\" content=\"\u00c9crit par\" \/>\n\t<meta name=\"twitter:data1\" content=\"Issouf Tapsoba\" \/>\n\t<meta name=\"twitter:label2\" content=\"Dur\u00e9e de lecture estim\u00e9e\" \/>\n\t<meta name=\"twitter:data2\" content=\"3 minutes\" \/>\n<script type=\"application\/ld+json\" class=\"yoast-schema-graph\">{\"@context\":\"https:\\\/\\\/schema.org\",\"@graph\":[{\"@type\":\"Article\",\"@id\":\"https:\\\/\\\/www.latribunedufaso.net\\\/?p=15520#article\",\"isPartOf\":{\"@id\":\"https:\\\/\\\/www.latribunedufaso.net\\\/?p=15520\"},\"author\":{\"name\":\"Issouf Tapsoba\",\"@id\":\"https:\\\/\\\/www.latribunedufaso.net\\\/#\\\/schema\\\/person\\\/e54e64c5778a7e72cf80a318b7a622b0\"},\"headline\":\"Attaque terroriste de Barsalogho : Les OPM expriment leur compassion\u00a0\",\"datePublished\":\"2024-08-30T09:44:07+00:00\",\"dateModified\":\"2024-08-30T09:50:12+00:00\",\"mainEntityOfPage\":{\"@id\":\"https:\\\/\\\/www.latribunedufaso.net\\\/?p=15520\"},\"wordCount\":687,\"commentCount\":0,\"publisher\":{\"@id\":\"https:\\\/\\\/www.latribunedufaso.net\\\/#organization\"},\"image\":{\"@id\":\"https:\\\/\\\/www.latribunedufaso.net\\\/?p=15520#primaryimage\"},\"thumbnailUrl\":\"https:\\\/\\\/www.latribunedufaso.net\\\/wp-content\\\/uploads\\\/2024\\\/08\\\/telechargement-2.jpeg\",\"keywords\":[\"attaque terroriste de Barsalogho\",\"latribunedufaso.net\",\"OPM\"],\"articleSection\":[\"A la une\",\"Actualit\u00e9\",\"Soci\u00e9t\u00e9\"],\"inLanguage\":\"fr-FR\",\"potentialAction\":[{\"@type\":\"CommentAction\",\"name\":\"Comment\",\"target\":[\"https:\\\/\\\/www.latribunedufaso.net\\\/?p=15520#respond\"]}]},{\"@type\":\"WebPage\",\"@id\":\"https:\\\/\\\/www.latribunedufaso.net\\\/?p=15520\",\"url\":\"https:\\\/\\\/www.latribunedufaso.net\\\/?p=15520\",\"name\":\"Attaque terroriste de Barsalogho : Les OPM expriment leur compassion\u00a0 - La Tribune du Faso\",\"isPartOf\":{\"@id\":\"https:\\\/\\\/www.latribunedufaso.net\\\/#website\"},\"primaryImageOfPage\":{\"@id\":\"https:\\\/\\\/www.latribunedufaso.net\\\/?p=15520#primaryimage\"},\"image\":{\"@id\":\"https:\\\/\\\/www.latribunedufaso.net\\\/?p=15520#primaryimage\"},\"thumbnailUrl\":\"https:\\\/\\\/www.latribunedufaso.net\\\/wp-content\\\/uploads\\\/2024\\\/08\\\/telechargement-2.jpeg\",\"datePublished\":\"2024-08-30T09:44:07+00:00\",\"dateModified\":\"2024-08-30T09:50:12+00:00\",\"breadcrumb\":{\"@id\":\"https:\\\/\\\/www.latribunedufaso.net\\\/?p=15520#breadcrumb\"},\"inLanguage\":\"fr-FR\",\"potentialAction\":[{\"@type\":\"ReadAction\",\"target\":[\"https:\\\/\\\/www.latribunedufaso.net\\\/?p=15520\"]}]},{\"@type\":\"ImageObject\",\"inLanguage\":\"fr-FR\",\"@id\":\"https:\\\/\\\/www.latribunedufaso.net\\\/?p=15520#primaryimage\",\"url\":\"https:\\\/\\\/www.latribunedufaso.net\\\/wp-content\\\/uploads\\\/2024\\\/08\\\/telechargement-2.jpeg\",\"contentUrl\":\"https:\\\/\\\/www.latribunedufaso.net\\\/wp-content\\\/uploads\\\/2024\\\/08\\\/telechargement-2.jpeg\",\"width\":275,\"height\":183,\"caption\":\"D\u00e9claration OPM\"},{\"@type\":\"BreadcrumbList\",\"@id\":\"https:\\\/\\\/www.latribunedufaso.net\\\/?p=15520#breadcrumb\",\"itemListElement\":[{\"@type\":\"ListItem\",\"position\":1,\"name\":\"Accueil\",\"item\":\"https:\\\/\\\/www.latribunedufaso.net\\\/\"},{\"@type\":\"ListItem\",\"position\":2,\"name\":\"Attaque terroriste de Barsalogho : Les OPM expriment leur compassion\u00a0\"}]},{\"@type\":\"WebSite\",\"@id\":\"https:\\\/\\\/www.latribunedufaso.net\\\/#website\",\"url\":\"https:\\\/\\\/www.latribunedufaso.net\\\/\",\"name\":\"La Tribune du Faso\",\"description\":\"L&#039;information du monde rural en un clic\",\"publisher\":{\"@id\":\"https:\\\/\\\/www.latribunedufaso.net\\\/#organization\"},\"potentialAction\":[{\"@type\":\"SearchAction\",\"target\":{\"@type\":\"EntryPoint\",\"urlTemplate\":\"https:\\\/\\\/www.latribunedufaso.net\\\/?s={search_term_string}\"},\"query-input\":{\"@type\":\"PropertyValueSpecification\",\"valueRequired\":true,\"valueName\":\"search_term_string\"}}],\"inLanguage\":\"fr-FR\"},{\"@type\":\"Organization\",\"@id\":\"https:\\\/\\\/www.latribunedufaso.net\\\/#organization\",\"name\":\"La Tribune du Faso\",\"url\":\"https:\\\/\\\/www.latribunedufaso.net\\\/\",\"logo\":{\"@type\":\"ImageObject\",\"inLanguage\":\"fr-FR\",\"@id\":\"https:\\\/\\\/www.latribunedufaso.net\\\/#\\\/schema\\\/logo\\\/image\\\/\",\"url\":\"https:\\\/\\\/www.latribunedufaso.net\\\/wp-content\\\/uploads\\\/2020\\\/08\\\/Logo-Tribune-du-Faso-final-scaled.jpg\",\"contentUrl\":\"https:\\\/\\\/www.latribunedufaso.net\\\/wp-content\\\/uploads\\\/2020\\\/08\\\/Logo-Tribune-du-Faso-final-scaled.jpg\",\"width\":2560,\"height\":1856,\"caption\":\"La Tribune du Faso\"},\"image\":{\"@id\":\"https:\\\/\\\/www.latribunedufaso.net\\\/#\\\/schema\\\/logo\\\/image\\\/\"},\"sameAs\":[\"https:\\\/\\\/www.facebook.com\\\/LatribuneduFaso\\\/\"]},{\"@type\":\"Person\",\"@id\":\"https:\\\/\\\/www.latribunedufaso.net\\\/#\\\/schema\\\/person\\\/e54e64c5778a7e72cf80a318b7a622b0\",\"name\":\"Issouf Tapsoba\",\"image\":{\"@type\":\"ImageObject\",\"inLanguage\":\"fr-FR\",\"@id\":\"https:\\\/\\\/secure.gravatar.com\\\/avatar\\\/5e6c05150ce3230247d167f5b94d678eb05936197436d69b7921e3a95c9107ac?s=96&d=mm&r=g\",\"url\":\"https:\\\/\\\/secure.gravatar.com\\\/avatar\\\/5e6c05150ce3230247d167f5b94d678eb05936197436d69b7921e3a95c9107ac?s=96&d=mm&r=g\",\"contentUrl\":\"https:\\\/\\\/secure.gravatar.com\\\/avatar\\\/5e6c05150ce3230247d167f5b94d678eb05936197436d69b7921e3a95c9107ac?s=96&d=mm&r=g\",\"caption\":\"Issouf Tapsoba\"},\"url\":\"https:\\\/\\\/www.latribunedufaso.net\\\/?author=5\"}]}<\/script>\n<!-- \/ Yoast SEO plugin. -->","yoast_head_json":{"title":"Attaque terroriste de Barsalogho : Les OPM expriment leur compassion\u00a0 - La Tribune du Faso","robots":{"index":"index","follow":"follow","max-snippet":"max-snippet:-1","max-image-preview":"max-image-preview:large","max-video-preview":"max-video-preview:-1"},"canonical":"https:\/\/www.latribunedufaso.net\/?p=15520","og_locale":"fr_FR","og_type":"article","og_title":"Attaque terroriste de Barsalogho : Les OPM expriment leur compassion\u00a0 - La Tribune du Faso","og_description":"Dans une d\u00e9claration en date du 28 ao\u00fbt 2024, les Organisations professionnelles des m\u00e9dias (OPM) ont exprim\u00e9 leur compassion suite \u00e0 l\u2019attaque terroriste de Barsalogho.","og_url":"https:\/\/www.latribunedufaso.net\/?p=15520","og_site_name":"La Tribune du Faso","article_publisher":"https:\/\/www.facebook.com\/LatribuneduFaso\/","article_published_time":"2024-08-30T09:44:07+00:00","article_modified_time":"2024-08-30T09:50:12+00:00","og_image":[{"width":275,"height":183,"url":"https:\/\/www.latribunedufaso.net\/wp-content\/uploads\/2024\/08\/telechargement-2.jpeg","type":"image\/jpeg"}],"author":"Issouf Tapsoba","twitter_misc":{"\u00c9crit par":"Issouf Tapsoba","Dur\u00e9e de lecture estim\u00e9e":"3 minutes"},"schema":{"@context":"https:\/\/schema.org","@graph":[{"@type":"Article","@id":"https:\/\/www.latribunedufaso.net\/?p=15520#article","isPartOf":{"@id":"https:\/\/www.latribunedufaso.net\/?p=15520"},"author":{"name":"Issouf Tapsoba","@id":"https:\/\/www.latribunedufaso.net\/#\/schema\/person\/e54e64c5778a7e72cf80a318b7a622b0"},"headline":"Attaque terroriste de Barsalogho : Les OPM expriment leur compassion\u00a0","datePublished":"2024-08-30T09:44:07+00:00","dateModified":"2024-08-30T09:50:12+00:00","mainEntityOfPage":{"@id":"https:\/\/www.latribunedufaso.net\/?p=15520"},"wordCount":687,"commentCount":0,"publisher":{"@id":"https:\/\/www.latribunedufaso.net\/#organization"},"image":{"@id":"https:\/\/www.latribunedufaso.net\/?p=15520#primaryimage"},"thumbnailUrl":"https:\/\/www.latribunedufaso.net\/wp-content\/uploads\/2024\/08\/telechargement-2.jpeg","keywords":["attaque terroriste de Barsalogho","latribunedufaso.net","OPM"],"articleSection":["A la une","Actualit\u00e9","Soci\u00e9t\u00e9"],"inLanguage":"fr-FR","potentialAction":[{"@type":"CommentAction","name":"Comment","target":["https:\/\/www.latribunedufaso.net\/?p=15520#respond"]}]},{"@type":"WebPage","@id":"https:\/\/www.latribunedufaso.net\/?p=15520","url":"https:\/\/www.latribunedufaso.net\/?p=15520","name":"Attaque terroriste de Barsalogho : Les OPM expriment leur compassion\u00a0 - La Tribune du Faso","isPartOf":{"@id":"https:\/\/www.latribunedufaso.net\/#website"},"primaryImageOfPage":{"@id":"https:\/\/www.latribunedufaso.net\/?p=15520#primaryimage"},"image":{"@id":"https:\/\/www.latribunedufaso.net\/?p=15520#primaryimage"},"thumbnailUrl":"https:\/\/www.latribunedufaso.net\/wp-content\/uploads\/2024\/08\/telechargement-2.jpeg","datePublished":"2024-08-30T09:44:07+00:00","dateModified":"2024-08-30T09:50:12+00:00","breadcrumb":{"@id":"https:\/\/www.latribunedufaso.net\/?p=15520#breadcrumb"},"inLanguage":"fr-FR","potentialAction":[{"@type":"ReadAction","target":["https:\/\/www.latribunedufaso.net\/?p=15520"]}]},{"@type":"ImageObject","inLanguage":"fr-FR","@id":"https:\/\/www.latribunedufaso.net\/?p=15520#primaryimage","url":"https:\/\/www.latribunedufaso.net\/wp-content\/uploads\/2024\/08\/telechargement-2.jpeg","contentUrl":"https:\/\/www.latribunedufaso.net\/wp-content\/uploads\/2024\/08\/telechargement-2.jpeg","width":275,"height":183,"caption":"D\u00e9claration OPM"},{"@type":"BreadcrumbList","@id":"https:\/\/www.latribunedufaso.net\/?p=15520#breadcrumb","itemListElement":[{"@type":"ListItem","position":1,"name":"Accueil","item":"https:\/\/www.latribunedufaso.net\/"},{"@type":"ListItem","position":2,"name":"Attaque terroriste de Barsalogho : Les OPM expriment leur compassion\u00a0"}]},{"@type":"WebSite","@id":"https:\/\/www.latribunedufaso.net\/#website","url":"https:\/\/www.latribunedufaso.net\/","name":"La Tribune du Faso","description":"L&#039;information du monde rural en un clic","publisher":{"@id":"https:\/\/www.latribunedufaso.net\/#organization"},"potentialAction":[{"@type":"SearchAction","target":{"@type":"EntryPoint","urlTemplate":"https:\/\/www.latribunedufaso.net\/?s={search_term_string}"},"query-input":{"@type":"PropertyValueSpecification","valueRequired":true,"valueName":"search_term_string"}}],"inLanguage":"fr-FR"},{"@type":"Organization","@id":"https:\/\/www.latribunedufaso.net\/#organization","name":"La Tribune du Faso","url":"https:\/\/www.latribunedufaso.net\/","logo":{"@type":"ImageObject","inLanguage":"fr-FR","@id":"https:\/\/www.latribunedufaso.net\/#\/schema\/logo\/image\/","url":"https:\/\/www.latribunedufaso.net\/wp-content\/uploads\/2020\/08\/Logo-Tribune-du-Faso-final-scaled.jpg","contentUrl":"https:\/\/www.latribunedufaso.net\/wp-content\/uploads\/2020\/08\/Logo-Tribune-du-Faso-final-scaled.jpg","width":2560,"height":1856,"caption":"La Tribune du Faso"},"image":{"@id":"https:\/\/www.latribunedufaso.net\/#\/schema\/logo\/image\/"},"sameAs":["https:\/\/www.facebook.com\/LatribuneduFaso\/"]},{"@type":"Person","@id":"https:\/\/www.latribunedufaso.net\/#\/schema\/person\/e54e64c5778a7e72cf80a318b7a622b0","name":"Issouf Tapsoba","image":{"@type":"ImageObject","inLanguage":"fr-FR","@id":"https:\/\/secure.gravatar.com\/avatar\/5e6c05150ce3230247d167f5b94d678eb05936197436d69b7921e3a95c9107ac?s=96&d=mm&r=g","url":"https:\/\/secure.gravatar.com\/avatar\/5e6c05150ce3230247d167f5b94d678eb05936197436d69b7921e3a95c9107ac?s=96&d=mm&r=g","contentUrl":"https:\/\/secure.gravatar.com\/avatar\/5e6c05150ce3230247d167f5b94d678eb05936197436d69b7921e3a95c9107ac?s=96&d=mm&r=g","caption":"Issouf Tapsoba"},"url":"https:\/\/www.latribunedufaso.net\/?author=5"}]}},"_links":{"self":[{"href":"https:\/\/www.latribunedufaso.net\/index.php?rest_route=\/wp\/v2\/posts\/15520","targetHints":{"allow":["GET"]}}],"collection":[{"href":"https:\/\/www.latribunedufaso.net\/index.php?rest_route=\/wp\/v2\/posts"}],"about":[{"href":"https:\/\/www.latribunedufaso.net\/index.php?rest_route=\/wp\/v2\/types\/post"}],"author":[{"embeddable":true,"href":"https:\/\/www.latribunedufaso.net\/index.php?rest_route=\/wp\/v2\/users\/5"}],"replies":[{"embeddable":true,"href":"https:\/\/www.latribunedufaso.net\/index.php?rest_route=%2Fwp%2Fv2%2Fcomments&post=15520"}],"version-history":[{"count":3,"href":"https:\/\/www.latribunedufaso.net\/index.php?rest_route=\/wp\/v2\/posts\/15520\/revisions"}],"predecessor-version":[{"id":15524,"href":"https:\/\/www.latribunedufaso.net\/index.php?rest_route=\/wp\/v2\/posts\/15520\/revisions\/15524"}],"wp:featuredmedia":[{"embeddable":true,"href":"https:\/\/www.latribunedufaso.net\/index.php?rest_route=\/wp\/v2\/media\/15521"}],"wp:attachment":[{"href":"https:\/\/www.latribunedufaso.net\/index.php?rest_route=%2Fwp%2Fv2%2Fmedia&parent=15520"}],"wp:term":[{"taxonomy":"category","embeddable":true,"href":"https:\/\/www.latribunedufaso.net\/index.php?rest_route=%2Fwp%2Fv2%2Fcategories&post=15520"},{"taxonomy":"post_tag","embeddable":true,"href":"https:\/\/www.latribunedufaso.net\/index.php?rest_route=%2Fwp%2Fv2%2Ftags&post=15520"}],"curies":[{"name":"wp","href":"https:\/\/api.w.org\/{rel}","templated":true}]}}