{"id":15508,"date":"2024-08-30T08:06:36","date_gmt":"2024-08-30T08:06:36","guid":{"rendered":"https:\/\/www.latribunedufaso.net\/?p=15508"},"modified":"2024-08-29T15:07:37","modified_gmt":"2024-08-29T15:07:37","slug":"justice-un-homme-se-retrouve-a-la-barre-pour-une-affaire-de-vol-de-cables-electriques","status":"publish","type":"post","link":"https:\/\/www.latribunedufaso.net\/?p=15508","title":{"rendered":"Justice : Un homme se retrouve \u00e0 la barre pour une affaire de vol de c\u00e2bles \u00e9lectriques"},"content":{"rendered":"<p><strong style=\"font-size: 1.0625rem;\">Ce 27 ao\u00fbt 2024, un homme accus\u00e9 de vol de c\u00e2bles \u00e9lectriques appartenant \u00e0 une soci\u00e9t\u00e9 de t\u00e9l\u00e9communication a \u00e9t\u00e9 relax\u00e9 par le tribunal de grande instance <a href=\"https:\/\/www.latribunedufaso.net\/?p=15362\">Ouaga I, <\/a>faute de preuves suffisantes. L\u2019individu, se pr\u00e9sentant comme un restaurateur , affirme avoir simplement ramass\u00e9 de la ferraille dans les poubelles de la ville.<\/strong><\/p>\n<p><!--more--><\/p>\n<p>Les faits remontent \u00e0 la nuit du 4 au 5 juin 2024, lorsque des \u00e9l\u00e9ments de Koglweogo ont arr\u00eat\u00e9 le suspect pr\u00e8s des installations de la soci\u00e9t\u00e9 de t\u00e9l\u00e9communication. Ils ont remarqu\u00e9 qu\u2019il avait les mains noires, signe pouvant indiquer une manipulation r\u00e9cente de c\u00e2bles br\u00fbl\u00e9s. Lors de l\u2019inspection, des c\u00e2bles br\u00fbl\u00e9s ont effectivement \u00e9t\u00e9 retrouv\u00e9s en sa possession. Le suspect a expliqu\u00e9 qu&rsquo;il les avait collect\u00e9s pour les revendre, une activit\u00e9 qu\u2019il dit pratiquer occasionnellement. Son seul t\u00e9moin, un ami, n\u2019a pas permis de dissiper les doutes des autorit\u00e9s.<\/p>\n<blockquote>\n<p>Lire aussi : <a href=\"https:\/\/www.latribunedufaso.net\/?p=11990\">A la barre : Une affaire de vente de moto entre un commer\u00e7ant et une VDP se termine au tribunal\u00a0<\/a><\/p>\n<\/blockquote>\n<p>Le procureur a soulign\u00e9 qu\u2019aucun vol n\u2019avait \u00e9t\u00e9 signal\u00e9 par la soci\u00e9t\u00e9 la nuit de l\u2019interpellation. Bien que la proximit\u00e9 entre les lieux des vols pr\u00e9c\u00e9dents et celui de l\u2019arrestation ait \u00e9t\u00e9 relev\u00e9e, il a jug\u00e9 que cela ne constituait pas une preuve suffisante pour condamner le suspect. <em><strong>\u00ab Il avait de la ferraille en sa possession mais qu\u2019est ce qui prouve qu\u2019il s\u2019agit r\u00e9ellement de celle appartenant \u00e0 votre soci\u00e9t\u00e9 de t\u00e9l\u00e9communication \u00bb<\/strong><\/em>, s\u2019est questionn\u00e9 le procureur soulignant un manque d\u2019\u00e9l\u00e9ments pour \u00e9tablir l\u2019acte de vol.\u00a0<\/p>\n<p>La soci\u00e9t\u00e9 de t\u00e9l\u00e9communication, victime r\u00e9currente de vols de c\u00e2bles, a demand\u00e9 500 000 FCFA en compensation pour les faits all\u00e9gu\u00e9s et 2 millions de FCFA pour le pr\u00e9judice moral. Toutefois, le tribunal a relax\u00e9 l\u2019accus\u00e9 en raison du manque de preuves pour \u00e9tablir un lien direct avec les vols, rejetant \u00e9galement les demandes de la soci\u00e9t\u00e9.<\/p>\n<blockquote>\n<p>Lire aussi : <a href=\"https:\/\/www.latribunedufaso.net\/?p=15362\">A la barre : Pour une affaire de parcelle, X.Y attaque son grand fr\u00e8re \u00e0 la machette<\/a><\/p>\n<\/blockquote>\n<p>Cette affaire met en lumi\u00e8re les d\u00e9fis li\u00e9s \u00e0 la s\u00e9curisation des infrastructures num\u00e9riques dans la capitale. La soci\u00e9t\u00e9 a exprim\u00e9 sa frustration face \u00e0 ces incidents r\u00e9p\u00e9t\u00e9s, tout en appelant \u00e0 des mesures plus rigoureuses pour pr\u00e9venir de tels actes. Le tribunal a conclu en conseillant au pr\u00e9venu de choisir une activit\u00e9 plus stable et l\u00e9gale, insistant sur l\u2019importance de respecter les lois en vigueur.<\/p>\n<p><strong>Nabintou OUATTARA\u00a0<\/strong><\/p>\n<p><strong>Latribunedufaso<span style=\"font-size: 1.0625rem;\">.net\u00a0<\/span><\/strong><\/p>\n","protected":false},"excerpt":{"rendered":"<p>Ce 27 ao\u00fbt 2024, un homme accus\u00e9 de vol de c\u00e2bles \u00e9lectriques appartenant \u00e0 une soci\u00e9t\u00e9 de t\u00e9l\u00e9communication a \u00e9t\u00e9 relax\u00e9 par le tribunal de grande instance Ouaga I, faute de preuves suffisantes. L\u2019individu, se pr\u00e9sentant comme un restaurateur , affirme avoir simplement ramass\u00e9 de la ferraille dans les poubelles de la ville.<\/p>\n","protected":false},"author":5,"featured_media":15509,"comment_status":"open","ping_status":"open","sticky":false,"template":"","format":"standard","meta":{"footnotes":""},"categories":[13,1,8],"tags":[],"class_list":["post-15508","post","type-post","status-publish","format-standard","has-post-thumbnail","hentry","category-une","category-actu","category-societe"],"yoast_head":"<!-- This site is optimized with the Yoast SEO plugin v27.5 - https:\/\/yoast.com\/product\/yoast-seo-wordpress\/ -->\n<title>Justice : Un homme se retrouve \u00e0 la barre pour une affaire de vol de c\u00e2bles \u00e9lectriques - La Tribune du Faso<\/title>\n<meta name=\"robots\" content=\"index, follow, max-snippet:-1, max-image-preview:large, max-video-preview:-1\" \/>\n<link rel=\"canonical\" href=\"https:\/\/www.latribunedufaso.net\/?p=15508\" \/>\n<meta property=\"og:locale\" content=\"fr_FR\" \/>\n<meta property=\"og:type\" content=\"article\" \/>\n<meta property=\"og:title\" content=\"Justice : Un homme se retrouve \u00e0 la barre pour une affaire de vol de c\u00e2bles \u00e9lectriques - La Tribune du Faso\" \/>\n<meta property=\"og:description\" content=\"Ce 27 ao\u00fbt 2024, un homme accus\u00e9 de vol de c\u00e2bles \u00e9lectriques appartenant \u00e0 une soci\u00e9t\u00e9 de t\u00e9l\u00e9communication a \u00e9t\u00e9 relax\u00e9 par le tribunal de grande instance Ouaga I, faute de preuves suffisantes. L\u2019individu, se pr\u00e9sentant comme un restaurateur , affirme avoir simplement ramass\u00e9 de la ferraille dans les poubelles de la ville.\" \/>\n<meta property=\"og:url\" content=\"https:\/\/www.latribunedufaso.net\/?p=15508\" \/>\n<meta property=\"og:site_name\" content=\"La Tribune du Faso\" \/>\n<meta property=\"article:publisher\" content=\"https:\/\/www.facebook.com\/LatribuneduFaso\/\" \/>\n<meta property=\"article:published_time\" content=\"2024-08-30T08:06:36+00:00\" \/>\n<meta property=\"og:image\" content=\"https:\/\/www.latribunedufaso.net\/wp-content\/uploads\/2024\/08\/telechargement-1.jpeg\" \/>\n\t<meta property=\"og:image:width\" content=\"300\" \/>\n\t<meta property=\"og:image:height\" content=\"168\" \/>\n\t<meta property=\"og:image:type\" content=\"image\/jpeg\" \/>\n<meta name=\"author\" content=\"Issouf Tapsoba\" \/>\n<meta name=\"twitter:label1\" content=\"\u00c9crit par\" \/>\n\t<meta name=\"twitter:data1\" content=\"Issouf Tapsoba\" \/>\n\t<meta name=\"twitter:label2\" content=\"Dur\u00e9e de lecture estim\u00e9e\" \/>\n\t<meta name=\"twitter:data2\" content=\"2 minutes\" \/>\n<script type=\"application\/ld+json\" class=\"yoast-schema-graph\">{\"@context\":\"https:\\\/\\\/schema.org\",\"@graph\":[{\"@type\":\"Article\",\"@id\":\"https:\\\/\\\/www.latribunedufaso.net\\\/?p=15508#article\",\"isPartOf\":{\"@id\":\"https:\\\/\\\/www.latribunedufaso.net\\\/?p=15508\"},\"author\":{\"name\":\"Issouf Tapsoba\",\"@id\":\"https:\\\/\\\/www.latribunedufaso.net\\\/#\\\/schema\\\/person\\\/e54e64c5778a7e72cf80a318b7a622b0\"},\"headline\":\"Justice : Un homme se retrouve \u00e0 la barre pour une affaire de vol de c\u00e2bles \u00e9lectriques\",\"datePublished\":\"2024-08-30T08:06:36+00:00\",\"mainEntityOfPage\":{\"@id\":\"https:\\\/\\\/www.latribunedufaso.net\\\/?p=15508\"},\"wordCount\":468,\"commentCount\":0,\"publisher\":{\"@id\":\"https:\\\/\\\/www.latribunedufaso.net\\\/#organization\"},\"image\":{\"@id\":\"https:\\\/\\\/www.latribunedufaso.net\\\/?p=15508#primaryimage\"},\"thumbnailUrl\":\"https:\\\/\\\/www.latribunedufaso.net\\\/wp-content\\\/uploads\\\/2024\\\/08\\\/telechargement-1.jpeg\",\"articleSection\":[\"A la une\",\"Actualit\u00e9\",\"Soci\u00e9t\u00e9\"],\"inLanguage\":\"fr-FR\",\"potentialAction\":[{\"@type\":\"CommentAction\",\"name\":\"Comment\",\"target\":[\"https:\\\/\\\/www.latribunedufaso.net\\\/?p=15508#respond\"]}]},{\"@type\":\"WebPage\",\"@id\":\"https:\\\/\\\/www.latribunedufaso.net\\\/?p=15508\",\"url\":\"https:\\\/\\\/www.latribunedufaso.net\\\/?p=15508\",\"name\":\"Justice : Un homme se retrouve \u00e0 la barre pour une affaire de vol de c\u00e2bles \u00e9lectriques - La Tribune du Faso\",\"isPartOf\":{\"@id\":\"https:\\\/\\\/www.latribunedufaso.net\\\/#website\"},\"primaryImageOfPage\":{\"@id\":\"https:\\\/\\\/www.latribunedufaso.net\\\/?p=15508#primaryimage\"},\"image\":{\"@id\":\"https:\\\/\\\/www.latribunedufaso.net\\\/?p=15508#primaryimage\"},\"thumbnailUrl\":\"https:\\\/\\\/www.latribunedufaso.net\\\/wp-content\\\/uploads\\\/2024\\\/08\\\/telechargement-1.jpeg\",\"datePublished\":\"2024-08-30T08:06:36+00:00\",\"breadcrumb\":{\"@id\":\"https:\\\/\\\/www.latribunedufaso.net\\\/?p=15508#breadcrumb\"},\"inLanguage\":\"fr-FR\",\"potentialAction\":[{\"@type\":\"ReadAction\",\"target\":[\"https:\\\/\\\/www.latribunedufaso.net\\\/?p=15508\"]}]},{\"@type\":\"ImageObject\",\"inLanguage\":\"fr-FR\",\"@id\":\"https:\\\/\\\/www.latribunedufaso.net\\\/?p=15508#primaryimage\",\"url\":\"https:\\\/\\\/www.latribunedufaso.net\\\/wp-content\\\/uploads\\\/2024\\\/08\\\/telechargement-1.jpeg\",\"contentUrl\":\"https:\\\/\\\/www.latribunedufaso.net\\\/wp-content\\\/uploads\\\/2024\\\/08\\\/telechargement-1.jpeg\",\"width\":300,\"height\":168,\"caption\":\"TGI Ouaga 1\"},{\"@type\":\"BreadcrumbList\",\"@id\":\"https:\\\/\\\/www.latribunedufaso.net\\\/?p=15508#breadcrumb\",\"itemListElement\":[{\"@type\":\"ListItem\",\"position\":1,\"name\":\"Accueil\",\"item\":\"https:\\\/\\\/www.latribunedufaso.net\\\/\"},{\"@type\":\"ListItem\",\"position\":2,\"name\":\"Justice : Un homme se retrouve \u00e0 la barre pour une affaire de vol de c\u00e2bles \u00e9lectriques\"}]},{\"@type\":\"WebSite\",\"@id\":\"https:\\\/\\\/www.latribunedufaso.net\\\/#website\",\"url\":\"https:\\\/\\\/www.latribunedufaso.net\\\/\",\"name\":\"La Tribune du Faso\",\"description\":\"L&#039;information du monde rural en un clic\",\"publisher\":{\"@id\":\"https:\\\/\\\/www.latribunedufaso.net\\\/#organization\"},\"potentialAction\":[{\"@type\":\"SearchAction\",\"target\":{\"@type\":\"EntryPoint\",\"urlTemplate\":\"https:\\\/\\\/www.latribunedufaso.net\\\/?s={search_term_string}\"},\"query-input\":{\"@type\":\"PropertyValueSpecification\",\"valueRequired\":true,\"valueName\":\"search_term_string\"}}],\"inLanguage\":\"fr-FR\"},{\"@type\":\"Organization\",\"@id\":\"https:\\\/\\\/www.latribunedufaso.net\\\/#organization\",\"name\":\"La Tribune du Faso\",\"url\":\"https:\\\/\\\/www.latribunedufaso.net\\\/\",\"logo\":{\"@type\":\"ImageObject\",\"inLanguage\":\"fr-FR\",\"@id\":\"https:\\\/\\\/www.latribunedufaso.net\\\/#\\\/schema\\\/logo\\\/image\\\/\",\"url\":\"https:\\\/\\\/www.latribunedufaso.net\\\/wp-content\\\/uploads\\\/2020\\\/08\\\/Logo-Tribune-du-Faso-final-scaled.jpg\",\"contentUrl\":\"https:\\\/\\\/www.latribunedufaso.net\\\/wp-content\\\/uploads\\\/2020\\\/08\\\/Logo-Tribune-du-Faso-final-scaled.jpg\",\"width\":2560,\"height\":1856,\"caption\":\"La Tribune du Faso\"},\"image\":{\"@id\":\"https:\\\/\\\/www.latribunedufaso.net\\\/#\\\/schema\\\/logo\\\/image\\\/\"},\"sameAs\":[\"https:\\\/\\\/www.facebook.com\\\/LatribuneduFaso\\\/\"]},{\"@type\":\"Person\",\"@id\":\"https:\\\/\\\/www.latribunedufaso.net\\\/#\\\/schema\\\/person\\\/e54e64c5778a7e72cf80a318b7a622b0\",\"name\":\"Issouf Tapsoba\",\"image\":{\"@type\":\"ImageObject\",\"inLanguage\":\"fr-FR\",\"@id\":\"https:\\\/\\\/secure.gravatar.com\\\/avatar\\\/5e6c05150ce3230247d167f5b94d678eb05936197436d69b7921e3a95c9107ac?s=96&d=mm&r=g\",\"url\":\"https:\\\/\\\/secure.gravatar.com\\\/avatar\\\/5e6c05150ce3230247d167f5b94d678eb05936197436d69b7921e3a95c9107ac?s=96&d=mm&r=g\",\"contentUrl\":\"https:\\\/\\\/secure.gravatar.com\\\/avatar\\\/5e6c05150ce3230247d167f5b94d678eb05936197436d69b7921e3a95c9107ac?s=96&d=mm&r=g\",\"caption\":\"Issouf Tapsoba\"},\"url\":\"https:\\\/\\\/www.latribunedufaso.net\\\/?author=5\"}]}<\/script>\n<!-- \/ Yoast SEO plugin. -->","yoast_head_json":{"title":"Justice : Un homme se retrouve \u00e0 la barre pour une affaire de vol de c\u00e2bles \u00e9lectriques - La Tribune du Faso","robots":{"index":"index","follow":"follow","max-snippet":"max-snippet:-1","max-image-preview":"max-image-preview:large","max-video-preview":"max-video-preview:-1"},"canonical":"https:\/\/www.latribunedufaso.net\/?p=15508","og_locale":"fr_FR","og_type":"article","og_title":"Justice : Un homme se retrouve \u00e0 la barre pour une affaire de vol de c\u00e2bles \u00e9lectriques - La Tribune du Faso","og_description":"Ce 27 ao\u00fbt 2024, un homme accus\u00e9 de vol de c\u00e2bles \u00e9lectriques appartenant \u00e0 une soci\u00e9t\u00e9 de t\u00e9l\u00e9communication a \u00e9t\u00e9 relax\u00e9 par le tribunal de grande instance Ouaga I, faute de preuves suffisantes. L\u2019individu, se pr\u00e9sentant comme un restaurateur , affirme avoir simplement ramass\u00e9 de la ferraille dans les poubelles de la ville.","og_url":"https:\/\/www.latribunedufaso.net\/?p=15508","og_site_name":"La Tribune du Faso","article_publisher":"https:\/\/www.facebook.com\/LatribuneduFaso\/","article_published_time":"2024-08-30T08:06:36+00:00","og_image":[{"width":300,"height":168,"url":"https:\/\/www.latribunedufaso.net\/wp-content\/uploads\/2024\/08\/telechargement-1.jpeg","type":"image\/jpeg"}],"author":"Issouf Tapsoba","twitter_misc":{"\u00c9crit par":"Issouf Tapsoba","Dur\u00e9e de lecture estim\u00e9e":"2 minutes"},"schema":{"@context":"https:\/\/schema.org","@graph":[{"@type":"Article","@id":"https:\/\/www.latribunedufaso.net\/?p=15508#article","isPartOf":{"@id":"https:\/\/www.latribunedufaso.net\/?p=15508"},"author":{"name":"Issouf Tapsoba","@id":"https:\/\/www.latribunedufaso.net\/#\/schema\/person\/e54e64c5778a7e72cf80a318b7a622b0"},"headline":"Justice : Un homme se retrouve \u00e0 la barre pour une affaire de vol de c\u00e2bles \u00e9lectriques","datePublished":"2024-08-30T08:06:36+00:00","mainEntityOfPage":{"@id":"https:\/\/www.latribunedufaso.net\/?p=15508"},"wordCount":468,"commentCount":0,"publisher":{"@id":"https:\/\/www.latribunedufaso.net\/#organization"},"image":{"@id":"https:\/\/www.latribunedufaso.net\/?p=15508#primaryimage"},"thumbnailUrl":"https:\/\/www.latribunedufaso.net\/wp-content\/uploads\/2024\/08\/telechargement-1.jpeg","articleSection":["A la une","Actualit\u00e9","Soci\u00e9t\u00e9"],"inLanguage":"fr-FR","potentialAction":[{"@type":"CommentAction","name":"Comment","target":["https:\/\/www.latribunedufaso.net\/?p=15508#respond"]}]},{"@type":"WebPage","@id":"https:\/\/www.latribunedufaso.net\/?p=15508","url":"https:\/\/www.latribunedufaso.net\/?p=15508","name":"Justice : Un homme se retrouve \u00e0 la barre pour une affaire de vol de c\u00e2bles \u00e9lectriques - La Tribune du Faso","isPartOf":{"@id":"https:\/\/www.latribunedufaso.net\/#website"},"primaryImageOfPage":{"@id":"https:\/\/www.latribunedufaso.net\/?p=15508#primaryimage"},"image":{"@id":"https:\/\/www.latribunedufaso.net\/?p=15508#primaryimage"},"thumbnailUrl":"https:\/\/www.latribunedufaso.net\/wp-content\/uploads\/2024\/08\/telechargement-1.jpeg","datePublished":"2024-08-30T08:06:36+00:00","breadcrumb":{"@id":"https:\/\/www.latribunedufaso.net\/?p=15508#breadcrumb"},"inLanguage":"fr-FR","potentialAction":[{"@type":"ReadAction","target":["https:\/\/www.latribunedufaso.net\/?p=15508"]}]},{"@type":"ImageObject","inLanguage":"fr-FR","@id":"https:\/\/www.latribunedufaso.net\/?p=15508#primaryimage","url":"https:\/\/www.latribunedufaso.net\/wp-content\/uploads\/2024\/08\/telechargement-1.jpeg","contentUrl":"https:\/\/www.latribunedufaso.net\/wp-content\/uploads\/2024\/08\/telechargement-1.jpeg","width":300,"height":168,"caption":"TGI Ouaga 1"},{"@type":"BreadcrumbList","@id":"https:\/\/www.latribunedufaso.net\/?p=15508#breadcrumb","itemListElement":[{"@type":"ListItem","position":1,"name":"Accueil","item":"https:\/\/www.latribunedufaso.net\/"},{"@type":"ListItem","position":2,"name":"Justice : Un homme se retrouve \u00e0 la barre pour une affaire de vol de c\u00e2bles \u00e9lectriques"}]},{"@type":"WebSite","@id":"https:\/\/www.latribunedufaso.net\/#website","url":"https:\/\/www.latribunedufaso.net\/","name":"La Tribune du Faso","description":"L&#039;information du monde rural en un clic","publisher":{"@id":"https:\/\/www.latribunedufaso.net\/#organization"},"potentialAction":[{"@type":"SearchAction","target":{"@type":"EntryPoint","urlTemplate":"https:\/\/www.latribunedufaso.net\/?s={search_term_string}"},"query-input":{"@type":"PropertyValueSpecification","valueRequired":true,"valueName":"search_term_string"}}],"inLanguage":"fr-FR"},{"@type":"Organization","@id":"https:\/\/www.latribunedufaso.net\/#organization","name":"La Tribune du Faso","url":"https:\/\/www.latribunedufaso.net\/","logo":{"@type":"ImageObject","inLanguage":"fr-FR","@id":"https:\/\/www.latribunedufaso.net\/#\/schema\/logo\/image\/","url":"https:\/\/www.latribunedufaso.net\/wp-content\/uploads\/2020\/08\/Logo-Tribune-du-Faso-final-scaled.jpg","contentUrl":"https:\/\/www.latribunedufaso.net\/wp-content\/uploads\/2020\/08\/Logo-Tribune-du-Faso-final-scaled.jpg","width":2560,"height":1856,"caption":"La Tribune du Faso"},"image":{"@id":"https:\/\/www.latribunedufaso.net\/#\/schema\/logo\/image\/"},"sameAs":["https:\/\/www.facebook.com\/LatribuneduFaso\/"]},{"@type":"Person","@id":"https:\/\/www.latribunedufaso.net\/#\/schema\/person\/e54e64c5778a7e72cf80a318b7a622b0","name":"Issouf Tapsoba","image":{"@type":"ImageObject","inLanguage":"fr-FR","@id":"https:\/\/secure.gravatar.com\/avatar\/5e6c05150ce3230247d167f5b94d678eb05936197436d69b7921e3a95c9107ac?s=96&d=mm&r=g","url":"https:\/\/secure.gravatar.com\/avatar\/5e6c05150ce3230247d167f5b94d678eb05936197436d69b7921e3a95c9107ac?s=96&d=mm&r=g","contentUrl":"https:\/\/secure.gravatar.com\/avatar\/5e6c05150ce3230247d167f5b94d678eb05936197436d69b7921e3a95c9107ac?s=96&d=mm&r=g","caption":"Issouf Tapsoba"},"url":"https:\/\/www.latribunedufaso.net\/?author=5"}]}},"_links":{"self":[{"href":"https:\/\/www.latribunedufaso.net\/index.php?rest_route=\/wp\/v2\/posts\/15508","targetHints":{"allow":["GET"]}}],"collection":[{"href":"https:\/\/www.latribunedufaso.net\/index.php?rest_route=\/wp\/v2\/posts"}],"about":[{"href":"https:\/\/www.latribunedufaso.net\/index.php?rest_route=\/wp\/v2\/types\/post"}],"author":[{"embeddable":true,"href":"https:\/\/www.latribunedufaso.net\/index.php?rest_route=\/wp\/v2\/users\/5"}],"replies":[{"embeddable":true,"href":"https:\/\/www.latribunedufaso.net\/index.php?rest_route=%2Fwp%2Fv2%2Fcomments&post=15508"}],"version-history":[{"count":1,"href":"https:\/\/www.latribunedufaso.net\/index.php?rest_route=\/wp\/v2\/posts\/15508\/revisions"}],"predecessor-version":[{"id":15510,"href":"https:\/\/www.latribunedufaso.net\/index.php?rest_route=\/wp\/v2\/posts\/15508\/revisions\/15510"}],"wp:featuredmedia":[{"embeddable":true,"href":"https:\/\/www.latribunedufaso.net\/index.php?rest_route=\/wp\/v2\/media\/15509"}],"wp:attachment":[{"href":"https:\/\/www.latribunedufaso.net\/index.php?rest_route=%2Fwp%2Fv2%2Fmedia&parent=15508"}],"wp:term":[{"taxonomy":"category","embeddable":true,"href":"https:\/\/www.latribunedufaso.net\/index.php?rest_route=%2Fwp%2Fv2%2Fcategories&post=15508"},{"taxonomy":"post_tag","embeddable":true,"href":"https:\/\/www.latribunedufaso.net\/index.php?rest_route=%2Fwp%2Fv2%2Ftags&post=15508"}],"curies":[{"name":"wp","href":"https:\/\/api.w.org\/{rel}","templated":true}]}}