{"id":15494,"date":"2024-08-28T22:35:15","date_gmt":"2024-08-28T22:35:15","guid":{"rendered":"https:\/\/www.latribunedufaso.net\/?p=15494"},"modified":"2024-08-28T23:03:57","modified_gmt":"2024-08-28T23:03:57","slug":"lutte-contre-le-terrorisme-le-gouvernement-renforce-son-soutien-aux-populations-de-mane","status":"publish","type":"post","link":"https:\/\/www.latribunedufaso.net\/?p=15494","title":{"rendered":"Lutte contre le terrorisme: Le Gouvernement renforce son soutien aux populations de Man\u00e9\u00a0"},"content":{"rendered":"<p><strong style=\"font-size: 1.0625rem;\">Une d\u00e9l\u00e9gation gouvernementale, conduite par le ministre d\u2019\u00c9tat, ministre en charge de la D\u00e9fense et des Anciens Combattants, s\u2019est rendue ce 28 ao\u00fbt 2024 \u00e0 Man\u00e9, dans la r\u00e9gion du Centre-Nord. Cette visite symbolise la d\u00e9termination des autorit\u00e9s \u00e0 soutenir les populations locales dans la lutte contre le terrorisme.<\/strong><\/p>\n<p><!--more--><\/p>\n<p>Le ministre de la D\u00e9fense, le G\u00e9n\u00e9ral de Brigade Kassoum COULIBALY, \u00e9tait accompagn\u00e9 du ministre de la Communication, de la Culture, des Arts et du Tourisme, Rimtalba Jean Emmanuel OUEDRAOGO, et du ministre d\u00e9l\u00e9gu\u00e9 charg\u00e9 des Ressources Animales, Amadou DICKO.<\/p>\n<figure id=\"attachment_15497\" aria-describedby=\"caption-attachment-15497\" style=\"width: 300px\" class=\"wp-caption aligncenter\"><a href=\"https:\/\/www.latribunedufaso.net\/wp-content\/uploads\/2024\/08\/FB_IMG_1724884325112.jpg\"><img loading=\"lazy\" decoding=\"async\" class=\"size-medium wp-image-15497\" src=\"https:\/\/www.latribunedufaso.net\/wp-content\/uploads\/2024\/08\/FB_IMG_1724884325112-300x227.jpg\" alt=\"Le MDAC lors de la visite des membres du gouvernement aux populations de Man\u00e9, 28 ao\u00fbt 2024\" width=\"300\" height=\"227\" srcset=\"https:\/\/www.latribunedufaso.net\/wp-content\/uploads\/2024\/08\/FB_IMG_1724884325112-300x227.jpg 300w, https:\/\/www.latribunedufaso.net\/wp-content\/uploads\/2024\/08\/FB_IMG_1724884325112.jpg 720w\" sizes=\"auto, (max-width: 300px) 100vw, 300px\" \/><\/a><figcaption id=\"caption-attachment-15497\" class=\"wp-caption-text\">Le ministre en charge de la D\u00e9fense, le G\u00e9n\u00e9ral de Brigade Kassoum COULIBALY a invit\u00e9 les populations \u00e0 faire bloc contre les menaces terroristes &#8211; Ph. MCCAT<\/figcaption><\/figure>\n<p>La visite a d\u00e9but\u00e9 par une r\u00e9union avec les autorit\u00e9s locales, les leaders d\u2019opinion de la commune, ainsi que les forces de d\u00e9fense et de s\u00e9curit\u00e9 (FDS) et les volontaires pour la d\u00e9fense de la patrie (VDP). Lors de cette rencontre, les ministres ont pris le temps d\u2019\u00e9couter les pr\u00e9occupations des habitants, qui ont partag\u00e9 leurs exp\u00e9riences et les d\u00e9fis qu\u2019ils rencontrent au quotidien.<\/p>\n<blockquote>\n<p>Lire aussi : <a href=\"https:\/\/www.latribunedufaso.net\/?p=7653\">Conseil \u00e9conomique et social : Quel est l\u2019impact de la crise s\u00e9curitaire sur le secteur agro-sylvo pastoral au Burkina Faso?<\/a><\/p>\n<\/blockquote>\n<p><em><strong>\u00ab Ce dialogue direct est essentiel pour le Gouvernement afin de mieux comprendre les r\u00e9alit\u00e9s du terrain et d\u2019ajuster ses strat\u00e9gies en cons\u00e9quence \u00bb<\/strong><\/em>, a d\u00e9clar\u00e9 le G\u00e9n\u00e9ral de Brigade Kassoum COULIBALY. Il a \u00e9galement r\u00e9it\u00e9r\u00e9 l\u2019engagement ferme du Pr\u00e9sident du Faso \u00e0 renforcer la s\u00e9curit\u00e9 dans la r\u00e9gion pour mieux prot\u00e9ger les populations. Le ministre a exhort\u00e9 les habitants \u00e0 <em><strong>\u00ab faire bloc \u00bb<\/strong><\/em> contre la menace terroriste et \u00e0 se m\u00e9fier de la d\u00e9sinformation provenant des r\u00e9seaux sociaux, qui sont aujourd\u2019hui des canaux exploiter par l\u2019ennemi pour d\u00e9moraliser les forces combattantes et les populations.<\/p>\n<figure id=\"attachment_15496\" aria-describedby=\"caption-attachment-15496\" style=\"width: 300px\" class=\"wp-caption aligncenter\"><a href=\"https:\/\/www.latribunedufaso.net\/wp-content\/uploads\/2024\/08\/FB_IMG_1724884333074.jpg\"><img loading=\"lazy\" decoding=\"async\" class=\"size-medium wp-image-15496\" src=\"https:\/\/www.latribunedufaso.net\/wp-content\/uploads\/2024\/08\/FB_IMG_1724884333074-300x215.jpg\" alt=\"Le ministre Communication, Jean Emmanuel Ou\u00e9draogo \" width=\"300\" height=\"215\" srcset=\"https:\/\/www.latribunedufaso.net\/wp-content\/uploads\/2024\/08\/FB_IMG_1724884333074-300x215.jpg 300w, https:\/\/www.latribunedufaso.net\/wp-content\/uploads\/2024\/08\/FB_IMG_1724884333074-90x65.jpg 90w, https:\/\/www.latribunedufaso.net\/wp-content\/uploads\/2024\/08\/FB_IMG_1724884333074.jpg 720w\" sizes=\"auto, (max-width: 300px) 100vw, 300px\" \/><\/a><figcaption id=\"caption-attachment-15496\" class=\"wp-caption-text\">Le ministre en charge de la Communication, Jean Emmanuel Ou\u00e9draogo<\/figcaption><\/figure>\n<p>Le ministre Rimtalba Jean Emmanuel OUEDRAOGO, quant \u00e0 lui, a soulign\u00e9 l\u2019importance d\u2019une vigilance constante. <em><strong>\u00ab L\u2019ennemi ne dort pas \u00bb<\/strong><\/em>, a-t-il averti, avant d\u2019encourager les combattants et les civils \u00e0 s\u2019investir pleinement dans la r\u00e9alisation d\u2019ouvrages de d\u00e9fense et de protection. Il a \u00e9galement insist\u00e9 sur la n\u00e9cessit\u00e9 de cultiver l\u2019entraide et la solidarit\u00e9, pour vaincre le terrorisme, et a appel\u00e9 \u00e0 l\u2019unit\u00e9 et \u00e0 la r\u00e9silience en ces temps difficiles.<\/p>\n<p>\u00c0 l\u2019issue de la r\u00e9union, la d\u00e9l\u00e9gation a offert 5 tonnes de vivres aux populations nouvellement r\u00e9install\u00e9es, un geste concret de solidarit\u00e9.\u00a0<\/p>\n<figure id=\"attachment_15498\" aria-describedby=\"caption-attachment-15498\" style=\"width: 300px\" class=\"wp-caption aligncenter\"><a href=\"https:\/\/www.latribunedufaso.net\/wp-content\/uploads\/2024\/08\/FB_IMG_1724884319759.jpg\"><img loading=\"lazy\" decoding=\"async\" class=\"size-medium wp-image-15498\" src=\"https:\/\/www.latribunedufaso.net\/wp-content\/uploads\/2024\/08\/FB_IMG_1724884319759-300x236.jpg\" alt=\"Le gouvernement renforce son soutien aux populations de Man\u00e9, 28 ao\u00fbt 2024\" width=\"300\" height=\"236\" srcset=\"https:\/\/www.latribunedufaso.net\/wp-content\/uploads\/2024\/08\/FB_IMG_1724884319759-300x236.jpg 300w, https:\/\/www.latribunedufaso.net\/wp-content\/uploads\/2024\/08\/FB_IMG_1724884319759.jpg 720w\" sizes=\"auto, (max-width: 300px) 100vw, 300px\" \/><\/a><figcaption id=\"caption-attachment-15498\" class=\"wp-caption-text\">Le gouvernement a offert 5 tonnes de vivres aux populations de Man\u00e9 &#8211; Ph. MCCAT<\/figcaption><\/figure>\n<p>La d\u00e9l\u00e9gation a ensuite rendu visite au Naaba SINBDO, chef de canton de Man\u00e9. Au cours de cette rencontre, un message du Pr\u00e9sident du Faso, Capitaine Ibrahim TRAOR\u00c9, a \u00e9t\u00e9 transmis, soulignant l\u2019importance de l\u2019implication de tous dans la lutte contre le terrorisme mais aussi l\u2019engagement du gouvernement \u00e0 \u00e9couter, soutenir et prot\u00e9ger l\u2019ensemble des citoyens. Le Naaba SINBDO a salu\u00e9 cette d\u00e9marche du gouvernement, exprim\u00e9 ses dol\u00e9ances et formul\u00e9 des b\u00e9n\u00e9dictions pour le retour de la paix.<\/p>\n<p><strong><span style=\"font-size: 1.0625rem;\">Latribunedufaso.net\u00a0<\/span><\/strong><\/p>\n<p><strong>Source : <span style=\"font-size: 1.0625rem;\">DCRP MCCAT\u00a0<\/span><\/strong><\/p>\n<figure id=\"attachment_15495\" aria-describedby=\"caption-attachment-15495\" style=\"width: 300px\" class=\"wp-caption aligncenter\"><a href=\"https:\/\/www.latribunedufaso.net\/wp-content\/uploads\/2024\/08\/FB_IMG_1724884338127.jpg\"><img loading=\"lazy\" decoding=\"async\" class=\"size-medium wp-image-15495\" src=\"https:\/\/www.latribunedufaso.net\/wp-content\/uploads\/2024\/08\/FB_IMG_1724884338127-300x200.jpg\" alt=\"\" width=\"300\" height=\"200\" srcset=\"https:\/\/www.latribunedufaso.net\/wp-content\/uploads\/2024\/08\/FB_IMG_1724884338127-300x200.jpg 300w, https:\/\/www.latribunedufaso.net\/wp-content\/uploads\/2024\/08\/FB_IMG_1724884338127-120x80.jpg 120w, https:\/\/www.latribunedufaso.net\/wp-content\/uploads\/2024\/08\/FB_IMG_1724884338127-360x240.jpg 360w, https:\/\/www.latribunedufaso.net\/wp-content\/uploads\/2024\/08\/FB_IMG_1724884338127-600x400.jpg 600w, https:\/\/www.latribunedufaso.net\/wp-content\/uploads\/2024\/08\/FB_IMG_1724884338127.jpg 720w\" sizes=\"auto, (max-width: 300px) 100vw, 300px\" \/><\/a><figcaption id=\"caption-attachment-15495\" class=\"wp-caption-text\">Sa Majest\u00e9 le Naaba SINBDO, chef de canton de Man\u00e9 &#8211; Ph. MCCAT<\/figcaption><\/figure>\n","protected":false},"excerpt":{"rendered":"<p>Une d\u00e9l\u00e9gation gouvernementale, conduite par le ministre d\u2019\u00c9tat, ministre en charge de la D\u00e9fense et des Anciens Combattants, s\u2019est rendue ce 28 ao\u00fbt 2024 \u00e0 Man\u00e9, dans la r\u00e9gion du Centre-Nord. Cette visite symbolise la d\u00e9termination des autorit\u00e9s \u00e0 soutenir les populations locales dans la lutte contre le terrorisme.<\/p>\n","protected":false},"author":5,"featured_media":15499,"comment_status":"open","ping_status":"open","sticky":false,"template":"","format":"standard","meta":{"footnotes":""},"categories":[13,1,8],"tags":[85,39,138],"class_list":["post-15494","post","type-post","status-publish","format-standard","has-post-thumbnail","hentry","category-une","category-actu","category-societe","tag-burkina","tag-latribunedufaso-net","tag-lutte-contre-le-terrorisme"],"yoast_head":"<!-- This site is optimized with the Yoast SEO plugin v27.5 - https:\/\/yoast.com\/product\/yoast-seo-wordpress\/ -->\n<title>Lutte contre le terrorisme: Le Gouvernement renforce son soutien aux populations de Man\u00e9\u00a0 - La Tribune du Faso<\/title>\n<meta name=\"robots\" content=\"index, follow, max-snippet:-1, max-image-preview:large, max-video-preview:-1\" \/>\n<link rel=\"canonical\" href=\"https:\/\/www.latribunedufaso.net\/?p=15494\" \/>\n<meta property=\"og:locale\" content=\"fr_FR\" \/>\n<meta property=\"og:type\" content=\"article\" \/>\n<meta property=\"og:title\" content=\"Lutte contre le terrorisme: Le Gouvernement renforce son soutien aux populations de Man\u00e9\u00a0 - La Tribune du Faso\" \/>\n<meta property=\"og:description\" content=\"Une d\u00e9l\u00e9gation gouvernementale, conduite par le ministre d\u2019\u00c9tat, ministre en charge de la D\u00e9fense et des Anciens Combattants, s\u2019est rendue ce 28 ao\u00fbt 2024 \u00e0 Man\u00e9, dans la r\u00e9gion du Centre-Nord. Cette visite symbolise la d\u00e9termination des autorit\u00e9s \u00e0 soutenir les populations locales dans la lutte contre le terrorisme.\" \/>\n<meta property=\"og:url\" content=\"https:\/\/www.latribunedufaso.net\/?p=15494\" \/>\n<meta property=\"og:site_name\" content=\"La Tribune du Faso\" \/>\n<meta property=\"article:publisher\" content=\"https:\/\/www.facebook.com\/LatribuneduFaso\/\" \/>\n<meta property=\"article:published_time\" content=\"2024-08-28T22:35:15+00:00\" \/>\n<meta property=\"article:modified_time\" content=\"2024-08-28T23:03:57+00:00\" \/>\n<meta property=\"og:image\" content=\"https:\/\/www.latribunedufaso.net\/wp-content\/uploads\/2024\/08\/FB_IMG_1724884300701.jpg\" \/>\n\t<meta property=\"og:image:width\" content=\"720\" \/>\n\t<meta property=\"og:image:height\" content=\"491\" \/>\n\t<meta property=\"og:image:type\" content=\"image\/jpeg\" \/>\n<meta name=\"author\" content=\"Issouf Tapsoba\" \/>\n<meta name=\"twitter:label1\" content=\"\u00c9crit par\" \/>\n\t<meta name=\"twitter:data1\" content=\"Issouf Tapsoba\" \/>\n\t<meta name=\"twitter:label2\" content=\"Dur\u00e9e de lecture estim\u00e9e\" \/>\n\t<meta name=\"twitter:data2\" content=\"3 minutes\" \/>\n<script type=\"application\/ld+json\" class=\"yoast-schema-graph\">{\"@context\":\"https:\\\/\\\/schema.org\",\"@graph\":[{\"@type\":\"Article\",\"@id\":\"https:\\\/\\\/www.latribunedufaso.net\\\/?p=15494#article\",\"isPartOf\":{\"@id\":\"https:\\\/\\\/www.latribunedufaso.net\\\/?p=15494\"},\"author\":{\"name\":\"Issouf Tapsoba\",\"@id\":\"https:\\\/\\\/www.latribunedufaso.net\\\/#\\\/schema\\\/person\\\/e54e64c5778a7e72cf80a318b7a622b0\"},\"headline\":\"Lutte contre le terrorisme: Le Gouvernement renforce son soutien aux populations de Man\u00e9\u00a0\",\"datePublished\":\"2024-08-28T22:35:15+00:00\",\"dateModified\":\"2024-08-28T23:03:57+00:00\",\"mainEntityOfPage\":{\"@id\":\"https:\\\/\\\/www.latribunedufaso.net\\\/?p=15494\"},\"wordCount\":614,\"commentCount\":0,\"publisher\":{\"@id\":\"https:\\\/\\\/www.latribunedufaso.net\\\/#organization\"},\"image\":{\"@id\":\"https:\\\/\\\/www.latribunedufaso.net\\\/?p=15494#primaryimage\"},\"thumbnailUrl\":\"https:\\\/\\\/www.latribunedufaso.net\\\/wp-content\\\/uploads\\\/2024\\\/08\\\/FB_IMG_1724884300701.jpg\",\"keywords\":[\"Burkina\",\"latribunedufaso.net\",\"lutte contre le terrorisme\"],\"articleSection\":[\"A la une\",\"Actualit\u00e9\",\"Soci\u00e9t\u00e9\"],\"inLanguage\":\"fr-FR\",\"potentialAction\":[{\"@type\":\"CommentAction\",\"name\":\"Comment\",\"target\":[\"https:\\\/\\\/www.latribunedufaso.net\\\/?p=15494#respond\"]}]},{\"@type\":\"WebPage\",\"@id\":\"https:\\\/\\\/www.latribunedufaso.net\\\/?p=15494\",\"url\":\"https:\\\/\\\/www.latribunedufaso.net\\\/?p=15494\",\"name\":\"Lutte contre le terrorisme: Le Gouvernement renforce son soutien aux populations de Man\u00e9\u00a0 - La Tribune du Faso\",\"isPartOf\":{\"@id\":\"https:\\\/\\\/www.latribunedufaso.net\\\/#website\"},\"primaryImageOfPage\":{\"@id\":\"https:\\\/\\\/www.latribunedufaso.net\\\/?p=15494#primaryimage\"},\"image\":{\"@id\":\"https:\\\/\\\/www.latribunedufaso.net\\\/?p=15494#primaryimage\"},\"thumbnailUrl\":\"https:\\\/\\\/www.latribunedufaso.net\\\/wp-content\\\/uploads\\\/2024\\\/08\\\/FB_IMG_1724884300701.jpg\",\"datePublished\":\"2024-08-28T22:35:15+00:00\",\"dateModified\":\"2024-08-28T23:03:57+00:00\",\"breadcrumb\":{\"@id\":\"https:\\\/\\\/www.latribunedufaso.net\\\/?p=15494#breadcrumb\"},\"inLanguage\":\"fr-FR\",\"potentialAction\":[{\"@type\":\"ReadAction\",\"target\":[\"https:\\\/\\\/www.latribunedufaso.net\\\/?p=15494\"]}]},{\"@type\":\"ImageObject\",\"inLanguage\":\"fr-FR\",\"@id\":\"https:\\\/\\\/www.latribunedufaso.net\\\/?p=15494#primaryimage\",\"url\":\"https:\\\/\\\/www.latribunedufaso.net\\\/wp-content\\\/uploads\\\/2024\\\/08\\\/FB_IMG_1724884300701.jpg\",\"contentUrl\":\"https:\\\/\\\/www.latribunedufaso.net\\\/wp-content\\\/uploads\\\/2024\\\/08\\\/FB_IMG_1724884300701.jpg\",\"width\":720,\"height\":491,\"caption\":\"Le gouvernement renforce son soutien aux populations de Man\u00e9, 28 ao\u00fbt 2024\"},{\"@type\":\"BreadcrumbList\",\"@id\":\"https:\\\/\\\/www.latribunedufaso.net\\\/?p=15494#breadcrumb\",\"itemListElement\":[{\"@type\":\"ListItem\",\"position\":1,\"name\":\"Accueil\",\"item\":\"https:\\\/\\\/www.latribunedufaso.net\\\/\"},{\"@type\":\"ListItem\",\"position\":2,\"name\":\"Lutte contre le terrorisme: Le Gouvernement renforce son soutien aux populations de Man\u00e9\u00a0\"}]},{\"@type\":\"WebSite\",\"@id\":\"https:\\\/\\\/www.latribunedufaso.net\\\/#website\",\"url\":\"https:\\\/\\\/www.latribunedufaso.net\\\/\",\"name\":\"La Tribune du Faso\",\"description\":\"L&#039;information du monde rural en un clic\",\"publisher\":{\"@id\":\"https:\\\/\\\/www.latribunedufaso.net\\\/#organization\"},\"potentialAction\":[{\"@type\":\"SearchAction\",\"target\":{\"@type\":\"EntryPoint\",\"urlTemplate\":\"https:\\\/\\\/www.latribunedufaso.net\\\/?s={search_term_string}\"},\"query-input\":{\"@type\":\"PropertyValueSpecification\",\"valueRequired\":true,\"valueName\":\"search_term_string\"}}],\"inLanguage\":\"fr-FR\"},{\"@type\":\"Organization\",\"@id\":\"https:\\\/\\\/www.latribunedufaso.net\\\/#organization\",\"name\":\"La Tribune du Faso\",\"url\":\"https:\\\/\\\/www.latribunedufaso.net\\\/\",\"logo\":{\"@type\":\"ImageObject\",\"inLanguage\":\"fr-FR\",\"@id\":\"https:\\\/\\\/www.latribunedufaso.net\\\/#\\\/schema\\\/logo\\\/image\\\/\",\"url\":\"https:\\\/\\\/www.latribunedufaso.net\\\/wp-content\\\/uploads\\\/2020\\\/08\\\/Logo-Tribune-du-Faso-final-scaled.jpg\",\"contentUrl\":\"https:\\\/\\\/www.latribunedufaso.net\\\/wp-content\\\/uploads\\\/2020\\\/08\\\/Logo-Tribune-du-Faso-final-scaled.jpg\",\"width\":2560,\"height\":1856,\"caption\":\"La Tribune du Faso\"},\"image\":{\"@id\":\"https:\\\/\\\/www.latribunedufaso.net\\\/#\\\/schema\\\/logo\\\/image\\\/\"},\"sameAs\":[\"https:\\\/\\\/www.facebook.com\\\/LatribuneduFaso\\\/\"]},{\"@type\":\"Person\",\"@id\":\"https:\\\/\\\/www.latribunedufaso.net\\\/#\\\/schema\\\/person\\\/e54e64c5778a7e72cf80a318b7a622b0\",\"name\":\"Issouf Tapsoba\",\"image\":{\"@type\":\"ImageObject\",\"inLanguage\":\"fr-FR\",\"@id\":\"https:\\\/\\\/secure.gravatar.com\\\/avatar\\\/5e6c05150ce3230247d167f5b94d678eb05936197436d69b7921e3a95c9107ac?s=96&d=mm&r=g\",\"url\":\"https:\\\/\\\/secure.gravatar.com\\\/avatar\\\/5e6c05150ce3230247d167f5b94d678eb05936197436d69b7921e3a95c9107ac?s=96&d=mm&r=g\",\"contentUrl\":\"https:\\\/\\\/secure.gravatar.com\\\/avatar\\\/5e6c05150ce3230247d167f5b94d678eb05936197436d69b7921e3a95c9107ac?s=96&d=mm&r=g\",\"caption\":\"Issouf Tapsoba\"},\"url\":\"https:\\\/\\\/www.latribunedufaso.net\\\/?author=5\"}]}<\/script>\n<!-- \/ Yoast SEO plugin. -->","yoast_head_json":{"title":"Lutte contre le terrorisme: Le Gouvernement renforce son soutien aux populations de Man\u00e9\u00a0 - La Tribune du Faso","robots":{"index":"index","follow":"follow","max-snippet":"max-snippet:-1","max-image-preview":"max-image-preview:large","max-video-preview":"max-video-preview:-1"},"canonical":"https:\/\/www.latribunedufaso.net\/?p=15494","og_locale":"fr_FR","og_type":"article","og_title":"Lutte contre le terrorisme: Le Gouvernement renforce son soutien aux populations de Man\u00e9\u00a0 - La Tribune du Faso","og_description":"Une d\u00e9l\u00e9gation gouvernementale, conduite par le ministre d\u2019\u00c9tat, ministre en charge de la D\u00e9fense et des Anciens Combattants, s\u2019est rendue ce 28 ao\u00fbt 2024 \u00e0 Man\u00e9, dans la r\u00e9gion du Centre-Nord. Cette visite symbolise la d\u00e9termination des autorit\u00e9s \u00e0 soutenir les populations locales dans la lutte contre le terrorisme.","og_url":"https:\/\/www.latribunedufaso.net\/?p=15494","og_site_name":"La Tribune du Faso","article_publisher":"https:\/\/www.facebook.com\/LatribuneduFaso\/","article_published_time":"2024-08-28T22:35:15+00:00","article_modified_time":"2024-08-28T23:03:57+00:00","og_image":[{"width":720,"height":491,"url":"https:\/\/www.latribunedufaso.net\/wp-content\/uploads\/2024\/08\/FB_IMG_1724884300701.jpg","type":"image\/jpeg"}],"author":"Issouf Tapsoba","twitter_misc":{"\u00c9crit par":"Issouf Tapsoba","Dur\u00e9e de lecture estim\u00e9e":"3 minutes"},"schema":{"@context":"https:\/\/schema.org","@graph":[{"@type":"Article","@id":"https:\/\/www.latribunedufaso.net\/?p=15494#article","isPartOf":{"@id":"https:\/\/www.latribunedufaso.net\/?p=15494"},"author":{"name":"Issouf Tapsoba","@id":"https:\/\/www.latribunedufaso.net\/#\/schema\/person\/e54e64c5778a7e72cf80a318b7a622b0"},"headline":"Lutte contre le terrorisme: Le Gouvernement renforce son soutien aux populations de Man\u00e9\u00a0","datePublished":"2024-08-28T22:35:15+00:00","dateModified":"2024-08-28T23:03:57+00:00","mainEntityOfPage":{"@id":"https:\/\/www.latribunedufaso.net\/?p=15494"},"wordCount":614,"commentCount":0,"publisher":{"@id":"https:\/\/www.latribunedufaso.net\/#organization"},"image":{"@id":"https:\/\/www.latribunedufaso.net\/?p=15494#primaryimage"},"thumbnailUrl":"https:\/\/www.latribunedufaso.net\/wp-content\/uploads\/2024\/08\/FB_IMG_1724884300701.jpg","keywords":["Burkina","latribunedufaso.net","lutte contre le terrorisme"],"articleSection":["A la une","Actualit\u00e9","Soci\u00e9t\u00e9"],"inLanguage":"fr-FR","potentialAction":[{"@type":"CommentAction","name":"Comment","target":["https:\/\/www.latribunedufaso.net\/?p=15494#respond"]}]},{"@type":"WebPage","@id":"https:\/\/www.latribunedufaso.net\/?p=15494","url":"https:\/\/www.latribunedufaso.net\/?p=15494","name":"Lutte contre le terrorisme: Le Gouvernement renforce son soutien aux populations de Man\u00e9\u00a0 - La Tribune du Faso","isPartOf":{"@id":"https:\/\/www.latribunedufaso.net\/#website"},"primaryImageOfPage":{"@id":"https:\/\/www.latribunedufaso.net\/?p=15494#primaryimage"},"image":{"@id":"https:\/\/www.latribunedufaso.net\/?p=15494#primaryimage"},"thumbnailUrl":"https:\/\/www.latribunedufaso.net\/wp-content\/uploads\/2024\/08\/FB_IMG_1724884300701.jpg","datePublished":"2024-08-28T22:35:15+00:00","dateModified":"2024-08-28T23:03:57+00:00","breadcrumb":{"@id":"https:\/\/www.latribunedufaso.net\/?p=15494#breadcrumb"},"inLanguage":"fr-FR","potentialAction":[{"@type":"ReadAction","target":["https:\/\/www.latribunedufaso.net\/?p=15494"]}]},{"@type":"ImageObject","inLanguage":"fr-FR","@id":"https:\/\/www.latribunedufaso.net\/?p=15494#primaryimage","url":"https:\/\/www.latribunedufaso.net\/wp-content\/uploads\/2024\/08\/FB_IMG_1724884300701.jpg","contentUrl":"https:\/\/www.latribunedufaso.net\/wp-content\/uploads\/2024\/08\/FB_IMG_1724884300701.jpg","width":720,"height":491,"caption":"Le gouvernement renforce son soutien aux populations de Man\u00e9, 28 ao\u00fbt 2024"},{"@type":"BreadcrumbList","@id":"https:\/\/www.latribunedufaso.net\/?p=15494#breadcrumb","itemListElement":[{"@type":"ListItem","position":1,"name":"Accueil","item":"https:\/\/www.latribunedufaso.net\/"},{"@type":"ListItem","position":2,"name":"Lutte contre le terrorisme: Le Gouvernement renforce son soutien aux populations de Man\u00e9\u00a0"}]},{"@type":"WebSite","@id":"https:\/\/www.latribunedufaso.net\/#website","url":"https:\/\/www.latribunedufaso.net\/","name":"La Tribune du Faso","description":"L&#039;information du monde rural en un clic","publisher":{"@id":"https:\/\/www.latribunedufaso.net\/#organization"},"potentialAction":[{"@type":"SearchAction","target":{"@type":"EntryPoint","urlTemplate":"https:\/\/www.latribunedufaso.net\/?s={search_term_string}"},"query-input":{"@type":"PropertyValueSpecification","valueRequired":true,"valueName":"search_term_string"}}],"inLanguage":"fr-FR"},{"@type":"Organization","@id":"https:\/\/www.latribunedufaso.net\/#organization","name":"La Tribune du Faso","url":"https:\/\/www.latribunedufaso.net\/","logo":{"@type":"ImageObject","inLanguage":"fr-FR","@id":"https:\/\/www.latribunedufaso.net\/#\/schema\/logo\/image\/","url":"https:\/\/www.latribunedufaso.net\/wp-content\/uploads\/2020\/08\/Logo-Tribune-du-Faso-final-scaled.jpg","contentUrl":"https:\/\/www.latribunedufaso.net\/wp-content\/uploads\/2020\/08\/Logo-Tribune-du-Faso-final-scaled.jpg","width":2560,"height":1856,"caption":"La Tribune du Faso"},"image":{"@id":"https:\/\/www.latribunedufaso.net\/#\/schema\/logo\/image\/"},"sameAs":["https:\/\/www.facebook.com\/LatribuneduFaso\/"]},{"@type":"Person","@id":"https:\/\/www.latribunedufaso.net\/#\/schema\/person\/e54e64c5778a7e72cf80a318b7a622b0","name":"Issouf Tapsoba","image":{"@type":"ImageObject","inLanguage":"fr-FR","@id":"https:\/\/secure.gravatar.com\/avatar\/5e6c05150ce3230247d167f5b94d678eb05936197436d69b7921e3a95c9107ac?s=96&d=mm&r=g","url":"https:\/\/secure.gravatar.com\/avatar\/5e6c05150ce3230247d167f5b94d678eb05936197436d69b7921e3a95c9107ac?s=96&d=mm&r=g","contentUrl":"https:\/\/secure.gravatar.com\/avatar\/5e6c05150ce3230247d167f5b94d678eb05936197436d69b7921e3a95c9107ac?s=96&d=mm&r=g","caption":"Issouf Tapsoba"},"url":"https:\/\/www.latribunedufaso.net\/?author=5"}]}},"_links":{"self":[{"href":"https:\/\/www.latribunedufaso.net\/index.php?rest_route=\/wp\/v2\/posts\/15494","targetHints":{"allow":["GET"]}}],"collection":[{"href":"https:\/\/www.latribunedufaso.net\/index.php?rest_route=\/wp\/v2\/posts"}],"about":[{"href":"https:\/\/www.latribunedufaso.net\/index.php?rest_route=\/wp\/v2\/types\/post"}],"author":[{"embeddable":true,"href":"https:\/\/www.latribunedufaso.net\/index.php?rest_route=\/wp\/v2\/users\/5"}],"replies":[{"embeddable":true,"href":"https:\/\/www.latribunedufaso.net\/index.php?rest_route=%2Fwp%2Fv2%2Fcomments&post=15494"}],"version-history":[{"count":3,"href":"https:\/\/www.latribunedufaso.net\/index.php?rest_route=\/wp\/v2\/posts\/15494\/revisions"}],"predecessor-version":[{"id":15502,"href":"https:\/\/www.latribunedufaso.net\/index.php?rest_route=\/wp\/v2\/posts\/15494\/revisions\/15502"}],"wp:featuredmedia":[{"embeddable":true,"href":"https:\/\/www.latribunedufaso.net\/index.php?rest_route=\/wp\/v2\/media\/15499"}],"wp:attachment":[{"href":"https:\/\/www.latribunedufaso.net\/index.php?rest_route=%2Fwp%2Fv2%2Fmedia&parent=15494"}],"wp:term":[{"taxonomy":"category","embeddable":true,"href":"https:\/\/www.latribunedufaso.net\/index.php?rest_route=%2Fwp%2Fv2%2Fcategories&post=15494"},{"taxonomy":"post_tag","embeddable":true,"href":"https:\/\/www.latribunedufaso.net\/index.php?rest_route=%2Fwp%2Fv2%2Ftags&post=15494"}],"curies":[{"name":"wp","href":"https:\/\/api.w.org\/{rel}","templated":true}]}}