{"id":15467,"date":"2024-08-27T12:47:12","date_gmt":"2024-08-27T12:47:12","guid":{"rendered":"https:\/\/www.latribunedufaso.net\/?p=15467"},"modified":"2024-08-27T12:47:12","modified_gmt":"2024-08-27T12:47:12","slug":"renforcement-de-la-cohesion-sociale-cedeao-frsd-lance-les-medias-pour-la-paix-en-guinee-bissau-au-togo-et-au-benin","status":"publish","type":"post","link":"https:\/\/www.latribunedufaso.net\/?p=15467","title":{"rendered":"Renforcement de la coh\u00e9sion sociale : CEDEAO FRSD lance les m\u00e9dias pour la paix en Guin\u00e9e-Bissau, au Togo et au B\u00e9nin"},"content":{"rendered":"<p><span style=\"font-size: 1.0625rem;\"><strong>Du 5 au 15 ao\u00fbt 2024, le Fonds de stabilisation et de d\u00e9veloppement r\u00e9gional de la CEDEAO (FRSD) a lanc\u00e9 une s\u00e9rie de mesures de d\u00e9veloppement durable visant \u00e0 renforcer la coh\u00e9sion sociale au Togo, au B\u00e9nin et en Guin\u00e9e-Bissau.<\/strong> <\/span><!--more--><\/p>\n<p><span style=\"font-size: 1.0625rem;\">Cette initiative, connue sous le nom de <\/span><em style=\"font-size: 1.0625rem;\"><strong>\u00ab Media for Peace \u00bb<\/strong><\/em><span style=\"font-size: 1.0625rem;\">, a \u00e9t\u00e9 mise en \u0153uvre par Media in Cooperation and Transition (MICT) et repr\u00e9sente un effort de collaboration entre la Commission de la CEDEAO et le minist\u00e8re f\u00e9d\u00e9ral allemand de la coop\u00e9ration \u00e9conomique et du d\u00e9veloppement (BMZ).<\/span><\/p>\n<p>Ledit projet cible les r\u00e9gions septentrionales du Togo et du B\u00e9nin, qui sont frontali\u00e8res avec le Burkina Faso et le Niger, et font face \u00e0 des menaces terroristes majeures. Ces r\u00e9gions sont en proie \u00e0 des probl\u00e8mes tels que l\u2019extr\u00e9misme violent, l\u2019instabilit\u00e9 sociopolitique et les d\u00e9fis environnementaux, qui sapent les efforts visant \u00e0 promouvoir la paix et le d\u00e9veloppement.<\/p>\n<figure id=\"attachment_15468\" aria-describedby=\"caption-attachment-15468\" style=\"width: 300px\" class=\"wp-caption aligncenter\"><a href=\"https:\/\/www.latribunedufaso.net\/wp-content\/uploads\/2024\/08\/FB_IMG_1724761986576.jpg\"><img loading=\"lazy\" decoding=\"async\" class=\"size-medium wp-image-15468\" src=\"https:\/\/www.latribunedufaso.net\/wp-content\/uploads\/2024\/08\/FB_IMG_1724761986576-300x225.jpg\" alt=\"Lancement des m\u00e9dias pour la paix en Guin\u00e9e-Bissau, au Togo et au B\u00e9nin, 15 ao\u00fbt 2024\" width=\"300\" height=\"225\" srcset=\"https:\/\/www.latribunedufaso.net\/wp-content\/uploads\/2024\/08\/FB_IMG_1724761986576-300x225.jpg 300w, https:\/\/www.latribunedufaso.net\/wp-content\/uploads\/2024\/08\/FB_IMG_1724761986576.jpg 720w\" sizes=\"auto, (max-width: 300px) 100vw, 300px\" \/><\/a><figcaption id=\"caption-attachment-15468\" class=\"wp-caption-text\">L\u2019\u00e9v\u00e9nement de lancement a comport\u00e9 des ateliers sur divers sujets, dont le journalisme sensible aux conflits, l\u2019int\u00e9gration de la dimension de genre dans les reportages d\u2019actualit\u00e9, la lutte contre la d\u00e9sinformation &#8211; Ph. M\u00e9dias4peace<\/figcaption><\/figure>\n<p>Face \u00e0 ces d\u00e9fis, l\u2019initiative <em><strong>\u00ab Media for Peace \u00bb<\/strong><\/em> a \u00e9t\u00e9 con\u00e7ue pour donner aux m\u00e9dias locaux, y compris aux pr\u00e9sentateurs de radio et aux journalistes, les moyens d\u2019utiliser leurs plateformes pour promouvoir la coh\u00e9sion sociale et la paix.<\/p>\n<p>L\u2019\u00e9v\u00e9nement de lancement a comport\u00e9 des ateliers sur divers sujets, dont le journalisme sensible aux conflits, l\u2019int\u00e9gration de la dimension de genre dans les reportages d\u2019actualit\u00e9, la lutte contre la d\u00e9sinformation, les probl\u00e8mes environnementaux et le journalisme. Ces ateliers ont r\u00e9uni des professionnels des m\u00e9dias des r\u00e9gions d\u2019ex\u00e9cution, form\u00e9s \u00e0 produire et diffuser des contenus qui promeuvent la paix, la coh\u00e9sion sociale et le d\u00e9veloppement durable.<\/p>\n<p>En faisant participer les jeunes et les femmes \u00e0 la production m\u00e9diatique et au journalisme, le projet vise \u00e0 leur donner les comp\u00e9tences et les plateformes dont ils ont besoin pour exprimer leurs pr\u00e9occupations et leurs aspirations. Cette habilitation devrait d\u00e9courager la radicalisation et encourager des contributions socio\u00e9conomiques positives au sein de leurs communaut\u00e9s.<\/p>\n<p>De plus, le projet <em><strong>\u00ab Media for Peace \u00bb<\/strong> <\/em>cherche \u00e0 s\u2019attaquer \u00e0 la d\u00e9sinformation en formant des journalistes et des jeunes \u00e0 identifier et combattre les fake news. Cet effort est essentiel pour garantir que l\u2019information diffus\u00e9e au sein des communaut\u00e9s est digne de confiance, renfor\u00e7ant ainsi la confiance et favorisant une prise de d\u00e9cisions \u00e9clair\u00e9e au sein de la population.<\/p>\n<figure id=\"attachment_15469\" aria-describedby=\"caption-attachment-15469\" style=\"width: 300px\" class=\"wp-caption aligncenter\"><a href=\"https:\/\/www.latribunedufaso.net\/wp-content\/uploads\/2024\/08\/FB_IMG_1724761930189.jpg\"><img loading=\"lazy\" decoding=\"async\" class=\"size-medium wp-image-15469\" src=\"https:\/\/www.latribunedufaso.net\/wp-content\/uploads\/2024\/08\/FB_IMG_1724761930189-300x225.jpg\" alt=\"Lancement des m\u00e9dias pour la paix en Guin\u00e9e-Bissau, au Togo et au B\u00e9nin, 15 ao\u00fbt 2024\" width=\"300\" height=\"225\" srcset=\"https:\/\/www.latribunedufaso.net\/wp-content\/uploads\/2024\/08\/FB_IMG_1724761930189-300x225.jpg 300w, https:\/\/www.latribunedufaso.net\/wp-content\/uploads\/2024\/08\/FB_IMG_1724761930189.jpg 720w\" sizes=\"auto, (max-width: 300px) 100vw, 300px\" \/><\/a><figcaption id=\"caption-attachment-15469\" class=\"wp-caption-text\">Les participants ont b\u00e9n\u00e9fici\u00e9 des les moyens d\u2019utiliser leurs plateformes pour promouvoir la coh\u00e9sion sociale et la paix &#8211; Ph. M\u00e9dias4peace<\/figcaption><\/figure>\n<p>Un autre axe cl\u00e9 de l\u2019initiative est la promotion du d\u00e9veloppement durable en mettant en \u00e9vidence les pratiques novatrices \u00e0 travers les m\u00e9dias. Les campagnes de sensibilisation et le contenu \u00e9ducatif sur les questions environnementales encourageront les communaut\u00e9s \u00e0 adopter des strat\u00e9gies r\u00e9silientes face aux d\u00e9fis climatiques.<\/p>\n<p>Notons que le projet <em><strong>\u00ab Media for Peace \u00bb<\/strong><\/em> n\u2019est pas seulement une initiative m\u00e9diatique, mais une approche globale pour relever les d\u00e9fis profonds enracin\u00e9s par l\u2019information, l\u2019\u00e9ducation et la collaboration Il vise \u00e0 cr\u00e9er des communaut\u00e9s r\u00e9silientes capables de faire face \u00e0 l\u2019instabilit\u00e9 sociopolitique, \u00e0 la d\u00e9sinformation et aux changements environnementaux, contribuant ainsi \u00e0 la stabilit\u00e9 et \u00e0 la paix dans la r\u00e9gion de la CEDEAO.<\/p>\n<p><strong><span style=\"font-size: 1.0625rem;\">Latribunedufaso.net\u00a0<\/span><\/strong><\/p>\n<p><strong>Source<span style=\"font-size: 1.0625rem;\">: M\u00e9dia4Peace<\/span><\/strong><\/p>\n","protected":false},"excerpt":{"rendered":"<p>Du 5 au 15 ao\u00fbt 2024, le Fonds de stabilisation et de d\u00e9veloppement r\u00e9gional de la CEDEAO (FRSD) a lanc\u00e9 une s\u00e9rie de mesures de d\u00e9veloppement durable visant \u00e0 renforcer la coh\u00e9sion sociale au Togo, au B\u00e9nin et en Guin\u00e9e-Bissau.<\/p>\n","protected":false},"author":5,"featured_media":15470,"comment_status":"open","ping_status":"open","sticky":false,"template":"","format":"standard","meta":{"footnotes":""},"categories":[13,1,8],"tags":[],"class_list":["post-15467","post","type-post","status-publish","format-standard","has-post-thumbnail","hentry","category-une","category-actu","category-societe"],"yoast_head":"<!-- This site is optimized with the Yoast SEO plugin v27.5 - https:\/\/yoast.com\/product\/yoast-seo-wordpress\/ -->\n<title>Renforcement de la coh\u00e9sion sociale : CEDEAO FRSD lance les m\u00e9dias pour la paix en Guin\u00e9e-Bissau, au Togo et au B\u00e9nin - La Tribune du Faso<\/title>\n<meta name=\"robots\" content=\"index, follow, max-snippet:-1, max-image-preview:large, max-video-preview:-1\" \/>\n<link rel=\"canonical\" href=\"https:\/\/www.latribunedufaso.net\/?p=15467\" \/>\n<meta property=\"og:locale\" content=\"fr_FR\" \/>\n<meta property=\"og:type\" content=\"article\" \/>\n<meta property=\"og:title\" content=\"Renforcement de la coh\u00e9sion sociale : CEDEAO FRSD lance les m\u00e9dias pour la paix en Guin\u00e9e-Bissau, au Togo et au B\u00e9nin - La Tribune du Faso\" \/>\n<meta property=\"og:description\" content=\"Du 5 au 15 ao\u00fbt 2024, le Fonds de stabilisation et de d\u00e9veloppement r\u00e9gional de la CEDEAO (FRSD) a lanc\u00e9 une s\u00e9rie de mesures de d\u00e9veloppement durable visant \u00e0 renforcer la coh\u00e9sion sociale au Togo, au B\u00e9nin et en Guin\u00e9e-Bissau.\" \/>\n<meta property=\"og:url\" content=\"https:\/\/www.latribunedufaso.net\/?p=15467\" \/>\n<meta property=\"og:site_name\" content=\"La Tribune du Faso\" \/>\n<meta property=\"article:publisher\" content=\"https:\/\/www.facebook.com\/LatribuneduFaso\/\" \/>\n<meta property=\"article:published_time\" content=\"2024-08-27T12:47:12+00:00\" \/>\n<meta property=\"og:image\" content=\"https:\/\/www.latribunedufaso.net\/wp-content\/uploads\/2024\/08\/FB_IMG_1724761865861.jpg\" \/>\n\t<meta property=\"og:image:width\" content=\"720\" \/>\n\t<meta property=\"og:image:height\" content=\"540\" \/>\n\t<meta property=\"og:image:type\" content=\"image\/jpeg\" \/>\n<meta name=\"author\" content=\"Issouf Tapsoba\" \/>\n<meta name=\"twitter:label1\" content=\"\u00c9crit par\" \/>\n\t<meta name=\"twitter:data1\" content=\"Issouf Tapsoba\" \/>\n\t<meta name=\"twitter:label2\" content=\"Dur\u00e9e de lecture estim\u00e9e\" \/>\n\t<meta name=\"twitter:data2\" content=\"3 minutes\" \/>\n<script type=\"application\/ld+json\" class=\"yoast-schema-graph\">{\"@context\":\"https:\\\/\\\/schema.org\",\"@graph\":[{\"@type\":\"Article\",\"@id\":\"https:\\\/\\\/www.latribunedufaso.net\\\/?p=15467#article\",\"isPartOf\":{\"@id\":\"https:\\\/\\\/www.latribunedufaso.net\\\/?p=15467\"},\"author\":{\"name\":\"Issouf Tapsoba\",\"@id\":\"https:\\\/\\\/www.latribunedufaso.net\\\/#\\\/schema\\\/person\\\/e54e64c5778a7e72cf80a318b7a622b0\"},\"headline\":\"Renforcement de la coh\u00e9sion sociale : CEDEAO FRSD lance les m\u00e9dias pour la paix en Guin\u00e9e-Bissau, au Togo et au B\u00e9nin\",\"datePublished\":\"2024-08-27T12:47:12+00:00\",\"mainEntityOfPage\":{\"@id\":\"https:\\\/\\\/www.latribunedufaso.net\\\/?p=15467\"},\"wordCount\":647,\"commentCount\":0,\"publisher\":{\"@id\":\"https:\\\/\\\/www.latribunedufaso.net\\\/#organization\"},\"image\":{\"@id\":\"https:\\\/\\\/www.latribunedufaso.net\\\/?p=15467#primaryimage\"},\"thumbnailUrl\":\"https:\\\/\\\/www.latribunedufaso.net\\\/wp-content\\\/uploads\\\/2024\\\/08\\\/FB_IMG_1724761865861.jpg\",\"articleSection\":[\"A la une\",\"Actualit\u00e9\",\"Soci\u00e9t\u00e9\"],\"inLanguage\":\"fr-FR\",\"potentialAction\":[{\"@type\":\"CommentAction\",\"name\":\"Comment\",\"target\":[\"https:\\\/\\\/www.latribunedufaso.net\\\/?p=15467#respond\"]}]},{\"@type\":\"WebPage\",\"@id\":\"https:\\\/\\\/www.latribunedufaso.net\\\/?p=15467\",\"url\":\"https:\\\/\\\/www.latribunedufaso.net\\\/?p=15467\",\"name\":\"Renforcement de la coh\u00e9sion sociale : CEDEAO FRSD lance les m\u00e9dias pour la paix en Guin\u00e9e-Bissau, au Togo et au B\u00e9nin - La Tribune du Faso\",\"isPartOf\":{\"@id\":\"https:\\\/\\\/www.latribunedufaso.net\\\/#website\"},\"primaryImageOfPage\":{\"@id\":\"https:\\\/\\\/www.latribunedufaso.net\\\/?p=15467#primaryimage\"},\"image\":{\"@id\":\"https:\\\/\\\/www.latribunedufaso.net\\\/?p=15467#primaryimage\"},\"thumbnailUrl\":\"https:\\\/\\\/www.latribunedufaso.net\\\/wp-content\\\/uploads\\\/2024\\\/08\\\/FB_IMG_1724761865861.jpg\",\"datePublished\":\"2024-08-27T12:47:12+00:00\",\"breadcrumb\":{\"@id\":\"https:\\\/\\\/www.latribunedufaso.net\\\/?p=15467#breadcrumb\"},\"inLanguage\":\"fr-FR\",\"potentialAction\":[{\"@type\":\"ReadAction\",\"target\":[\"https:\\\/\\\/www.latribunedufaso.net\\\/?p=15467\"]}]},{\"@type\":\"ImageObject\",\"inLanguage\":\"fr-FR\",\"@id\":\"https:\\\/\\\/www.latribunedufaso.net\\\/?p=15467#primaryimage\",\"url\":\"https:\\\/\\\/www.latribunedufaso.net\\\/wp-content\\\/uploads\\\/2024\\\/08\\\/FB_IMG_1724761865861.jpg\",\"contentUrl\":\"https:\\\/\\\/www.latribunedufaso.net\\\/wp-content\\\/uploads\\\/2024\\\/08\\\/FB_IMG_1724761865861.jpg\",\"width\":720,\"height\":540,\"caption\":\"Lancement des m\u00e9dias pour la paix en Guin\u00e9e-Bissau, au Togo et au B\u00e9nin, 15 ao\u00fbt 2024\"},{\"@type\":\"BreadcrumbList\",\"@id\":\"https:\\\/\\\/www.latribunedufaso.net\\\/?p=15467#breadcrumb\",\"itemListElement\":[{\"@type\":\"ListItem\",\"position\":1,\"name\":\"Accueil\",\"item\":\"https:\\\/\\\/www.latribunedufaso.net\\\/\"},{\"@type\":\"ListItem\",\"position\":2,\"name\":\"Renforcement de la coh\u00e9sion sociale : CEDEAO FRSD lance les m\u00e9dias pour la paix en Guin\u00e9e-Bissau, au Togo et au B\u00e9nin\"}]},{\"@type\":\"WebSite\",\"@id\":\"https:\\\/\\\/www.latribunedufaso.net\\\/#website\",\"url\":\"https:\\\/\\\/www.latribunedufaso.net\\\/\",\"name\":\"La Tribune du Faso\",\"description\":\"L&#039;information du monde rural en un clic\",\"publisher\":{\"@id\":\"https:\\\/\\\/www.latribunedufaso.net\\\/#organization\"},\"potentialAction\":[{\"@type\":\"SearchAction\",\"target\":{\"@type\":\"EntryPoint\",\"urlTemplate\":\"https:\\\/\\\/www.latribunedufaso.net\\\/?s={search_term_string}\"},\"query-input\":{\"@type\":\"PropertyValueSpecification\",\"valueRequired\":true,\"valueName\":\"search_term_string\"}}],\"inLanguage\":\"fr-FR\"},{\"@type\":\"Organization\",\"@id\":\"https:\\\/\\\/www.latribunedufaso.net\\\/#organization\",\"name\":\"La Tribune du Faso\",\"url\":\"https:\\\/\\\/www.latribunedufaso.net\\\/\",\"logo\":{\"@type\":\"ImageObject\",\"inLanguage\":\"fr-FR\",\"@id\":\"https:\\\/\\\/www.latribunedufaso.net\\\/#\\\/schema\\\/logo\\\/image\\\/\",\"url\":\"https:\\\/\\\/www.latribunedufaso.net\\\/wp-content\\\/uploads\\\/2020\\\/08\\\/Logo-Tribune-du-Faso-final-scaled.jpg\",\"contentUrl\":\"https:\\\/\\\/www.latribunedufaso.net\\\/wp-content\\\/uploads\\\/2020\\\/08\\\/Logo-Tribune-du-Faso-final-scaled.jpg\",\"width\":2560,\"height\":1856,\"caption\":\"La Tribune du Faso\"},\"image\":{\"@id\":\"https:\\\/\\\/www.latribunedufaso.net\\\/#\\\/schema\\\/logo\\\/image\\\/\"},\"sameAs\":[\"https:\\\/\\\/www.facebook.com\\\/LatribuneduFaso\\\/\"]},{\"@type\":\"Person\",\"@id\":\"https:\\\/\\\/www.latribunedufaso.net\\\/#\\\/schema\\\/person\\\/e54e64c5778a7e72cf80a318b7a622b0\",\"name\":\"Issouf Tapsoba\",\"image\":{\"@type\":\"ImageObject\",\"inLanguage\":\"fr-FR\",\"@id\":\"https:\\\/\\\/secure.gravatar.com\\\/avatar\\\/5e6c05150ce3230247d167f5b94d678eb05936197436d69b7921e3a95c9107ac?s=96&d=mm&r=g\",\"url\":\"https:\\\/\\\/secure.gravatar.com\\\/avatar\\\/5e6c05150ce3230247d167f5b94d678eb05936197436d69b7921e3a95c9107ac?s=96&d=mm&r=g\",\"contentUrl\":\"https:\\\/\\\/secure.gravatar.com\\\/avatar\\\/5e6c05150ce3230247d167f5b94d678eb05936197436d69b7921e3a95c9107ac?s=96&d=mm&r=g\",\"caption\":\"Issouf Tapsoba\"},\"url\":\"https:\\\/\\\/www.latribunedufaso.net\\\/?author=5\"}]}<\/script>\n<!-- \/ Yoast SEO plugin. -->","yoast_head_json":{"title":"Renforcement de la coh\u00e9sion sociale : CEDEAO FRSD lance les m\u00e9dias pour la paix en Guin\u00e9e-Bissau, au Togo et au B\u00e9nin - La Tribune du Faso","robots":{"index":"index","follow":"follow","max-snippet":"max-snippet:-1","max-image-preview":"max-image-preview:large","max-video-preview":"max-video-preview:-1"},"canonical":"https:\/\/www.latribunedufaso.net\/?p=15467","og_locale":"fr_FR","og_type":"article","og_title":"Renforcement de la coh\u00e9sion sociale : CEDEAO FRSD lance les m\u00e9dias pour la paix en Guin\u00e9e-Bissau, au Togo et au B\u00e9nin - La Tribune du Faso","og_description":"Du 5 au 15 ao\u00fbt 2024, le Fonds de stabilisation et de d\u00e9veloppement r\u00e9gional de la CEDEAO (FRSD) a lanc\u00e9 une s\u00e9rie de mesures de d\u00e9veloppement durable visant \u00e0 renforcer la coh\u00e9sion sociale au Togo, au B\u00e9nin et en Guin\u00e9e-Bissau.","og_url":"https:\/\/www.latribunedufaso.net\/?p=15467","og_site_name":"La Tribune du Faso","article_publisher":"https:\/\/www.facebook.com\/LatribuneduFaso\/","article_published_time":"2024-08-27T12:47:12+00:00","og_image":[{"width":720,"height":540,"url":"https:\/\/www.latribunedufaso.net\/wp-content\/uploads\/2024\/08\/FB_IMG_1724761865861.jpg","type":"image\/jpeg"}],"author":"Issouf Tapsoba","twitter_misc":{"\u00c9crit par":"Issouf Tapsoba","Dur\u00e9e de lecture estim\u00e9e":"3 minutes"},"schema":{"@context":"https:\/\/schema.org","@graph":[{"@type":"Article","@id":"https:\/\/www.latribunedufaso.net\/?p=15467#article","isPartOf":{"@id":"https:\/\/www.latribunedufaso.net\/?p=15467"},"author":{"name":"Issouf Tapsoba","@id":"https:\/\/www.latribunedufaso.net\/#\/schema\/person\/e54e64c5778a7e72cf80a318b7a622b0"},"headline":"Renforcement de la coh\u00e9sion sociale : CEDEAO FRSD lance les m\u00e9dias pour la paix en Guin\u00e9e-Bissau, au Togo et au B\u00e9nin","datePublished":"2024-08-27T12:47:12+00:00","mainEntityOfPage":{"@id":"https:\/\/www.latribunedufaso.net\/?p=15467"},"wordCount":647,"commentCount":0,"publisher":{"@id":"https:\/\/www.latribunedufaso.net\/#organization"},"image":{"@id":"https:\/\/www.latribunedufaso.net\/?p=15467#primaryimage"},"thumbnailUrl":"https:\/\/www.latribunedufaso.net\/wp-content\/uploads\/2024\/08\/FB_IMG_1724761865861.jpg","articleSection":["A la une","Actualit\u00e9","Soci\u00e9t\u00e9"],"inLanguage":"fr-FR","potentialAction":[{"@type":"CommentAction","name":"Comment","target":["https:\/\/www.latribunedufaso.net\/?p=15467#respond"]}]},{"@type":"WebPage","@id":"https:\/\/www.latribunedufaso.net\/?p=15467","url":"https:\/\/www.latribunedufaso.net\/?p=15467","name":"Renforcement de la coh\u00e9sion sociale : CEDEAO FRSD lance les m\u00e9dias pour la paix en Guin\u00e9e-Bissau, au Togo et au B\u00e9nin - La Tribune du Faso","isPartOf":{"@id":"https:\/\/www.latribunedufaso.net\/#website"},"primaryImageOfPage":{"@id":"https:\/\/www.latribunedufaso.net\/?p=15467#primaryimage"},"image":{"@id":"https:\/\/www.latribunedufaso.net\/?p=15467#primaryimage"},"thumbnailUrl":"https:\/\/www.latribunedufaso.net\/wp-content\/uploads\/2024\/08\/FB_IMG_1724761865861.jpg","datePublished":"2024-08-27T12:47:12+00:00","breadcrumb":{"@id":"https:\/\/www.latribunedufaso.net\/?p=15467#breadcrumb"},"inLanguage":"fr-FR","potentialAction":[{"@type":"ReadAction","target":["https:\/\/www.latribunedufaso.net\/?p=15467"]}]},{"@type":"ImageObject","inLanguage":"fr-FR","@id":"https:\/\/www.latribunedufaso.net\/?p=15467#primaryimage","url":"https:\/\/www.latribunedufaso.net\/wp-content\/uploads\/2024\/08\/FB_IMG_1724761865861.jpg","contentUrl":"https:\/\/www.latribunedufaso.net\/wp-content\/uploads\/2024\/08\/FB_IMG_1724761865861.jpg","width":720,"height":540,"caption":"Lancement des m\u00e9dias pour la paix en Guin\u00e9e-Bissau, au Togo et au B\u00e9nin, 15 ao\u00fbt 2024"},{"@type":"BreadcrumbList","@id":"https:\/\/www.latribunedufaso.net\/?p=15467#breadcrumb","itemListElement":[{"@type":"ListItem","position":1,"name":"Accueil","item":"https:\/\/www.latribunedufaso.net\/"},{"@type":"ListItem","position":2,"name":"Renforcement de la coh\u00e9sion sociale : CEDEAO FRSD lance les m\u00e9dias pour la paix en Guin\u00e9e-Bissau, au Togo et au B\u00e9nin"}]},{"@type":"WebSite","@id":"https:\/\/www.latribunedufaso.net\/#website","url":"https:\/\/www.latribunedufaso.net\/","name":"La Tribune du Faso","description":"L&#039;information du monde rural en un clic","publisher":{"@id":"https:\/\/www.latribunedufaso.net\/#organization"},"potentialAction":[{"@type":"SearchAction","target":{"@type":"EntryPoint","urlTemplate":"https:\/\/www.latribunedufaso.net\/?s={search_term_string}"},"query-input":{"@type":"PropertyValueSpecification","valueRequired":true,"valueName":"search_term_string"}}],"inLanguage":"fr-FR"},{"@type":"Organization","@id":"https:\/\/www.latribunedufaso.net\/#organization","name":"La Tribune du Faso","url":"https:\/\/www.latribunedufaso.net\/","logo":{"@type":"ImageObject","inLanguage":"fr-FR","@id":"https:\/\/www.latribunedufaso.net\/#\/schema\/logo\/image\/","url":"https:\/\/www.latribunedufaso.net\/wp-content\/uploads\/2020\/08\/Logo-Tribune-du-Faso-final-scaled.jpg","contentUrl":"https:\/\/www.latribunedufaso.net\/wp-content\/uploads\/2020\/08\/Logo-Tribune-du-Faso-final-scaled.jpg","width":2560,"height":1856,"caption":"La Tribune du Faso"},"image":{"@id":"https:\/\/www.latribunedufaso.net\/#\/schema\/logo\/image\/"},"sameAs":["https:\/\/www.facebook.com\/LatribuneduFaso\/"]},{"@type":"Person","@id":"https:\/\/www.latribunedufaso.net\/#\/schema\/person\/e54e64c5778a7e72cf80a318b7a622b0","name":"Issouf Tapsoba","image":{"@type":"ImageObject","inLanguage":"fr-FR","@id":"https:\/\/secure.gravatar.com\/avatar\/5e6c05150ce3230247d167f5b94d678eb05936197436d69b7921e3a95c9107ac?s=96&d=mm&r=g","url":"https:\/\/secure.gravatar.com\/avatar\/5e6c05150ce3230247d167f5b94d678eb05936197436d69b7921e3a95c9107ac?s=96&d=mm&r=g","contentUrl":"https:\/\/secure.gravatar.com\/avatar\/5e6c05150ce3230247d167f5b94d678eb05936197436d69b7921e3a95c9107ac?s=96&d=mm&r=g","caption":"Issouf Tapsoba"},"url":"https:\/\/www.latribunedufaso.net\/?author=5"}]}},"_links":{"self":[{"href":"https:\/\/www.latribunedufaso.net\/index.php?rest_route=\/wp\/v2\/posts\/15467","targetHints":{"allow":["GET"]}}],"collection":[{"href":"https:\/\/www.latribunedufaso.net\/index.php?rest_route=\/wp\/v2\/posts"}],"about":[{"href":"https:\/\/www.latribunedufaso.net\/index.php?rest_route=\/wp\/v2\/types\/post"}],"author":[{"embeddable":true,"href":"https:\/\/www.latribunedufaso.net\/index.php?rest_route=\/wp\/v2\/users\/5"}],"replies":[{"embeddable":true,"href":"https:\/\/www.latribunedufaso.net\/index.php?rest_route=%2Fwp%2Fv2%2Fcomments&post=15467"}],"version-history":[{"count":1,"href":"https:\/\/www.latribunedufaso.net\/index.php?rest_route=\/wp\/v2\/posts\/15467\/revisions"}],"predecessor-version":[{"id":15471,"href":"https:\/\/www.latribunedufaso.net\/index.php?rest_route=\/wp\/v2\/posts\/15467\/revisions\/15471"}],"wp:featuredmedia":[{"embeddable":true,"href":"https:\/\/www.latribunedufaso.net\/index.php?rest_route=\/wp\/v2\/media\/15470"}],"wp:attachment":[{"href":"https:\/\/www.latribunedufaso.net\/index.php?rest_route=%2Fwp%2Fv2%2Fmedia&parent=15467"}],"wp:term":[{"taxonomy":"category","embeddable":true,"href":"https:\/\/www.latribunedufaso.net\/index.php?rest_route=%2Fwp%2Fv2%2Fcategories&post=15467"},{"taxonomy":"post_tag","embeddable":true,"href":"https:\/\/www.latribunedufaso.net\/index.php?rest_route=%2Fwp%2Fv2%2Ftags&post=15467"}],"curies":[{"name":"wp","href":"https:\/\/api.w.org\/{rel}","templated":true}]}}