{"id":15367,"date":"2024-08-21T20:54:26","date_gmt":"2024-08-21T20:54:26","guid":{"rendered":"https:\/\/www.latribunedufaso.net\/?p=15367"},"modified":"2024-08-21T21:00:18","modified_gmt":"2024-08-21T21:00:18","slug":"conseil-des-ministres-un-avant-projet-de-loi-constitutionnelle-portant-modification-de-la-devise-adopte","status":"publish","type":"post","link":"https:\/\/www.latribunedufaso.net\/?p=15367","title":{"rendered":"Conseil des ministres : un avant-projet de loi constitutionnelle portant modification de la devise, adopt\u00e9"},"content":{"rendered":"<p><strong style=\"font-size: 1.0625rem;\">(Ouagadougou, 21 ao\u00fbt 2024). Le Pr\u00e9sident du Faso, Chef de l\u2019Etat, le Capitaine Ibrahim TRAORE a pr\u00e9sid\u00e9 ce mercredi, le Conseil des ministres qui a examin\u00e9 et adopt\u00e9 plusieurs rapports importants pour la bonne marche de la Nation, selon le ministre d\u2019Etat, porte-parole du Gouvernement, Jean Emmanuel OUEDRAOGO.<\/strong><\/p>\n<p><!--more--><\/p>\n<p>Au titre de la Pr\u00e9sidence du Faso, le Conseil a adopt\u00e9 un avant-projet de loi constitutionnelle portant r\u00e9vision de la Constitution en ses articles 34 et 147. En ce qui concerne l\u2019article 34 de la Constitution, il s\u2019agit de l\u2019alin\u00e9a 4 relatif \u00e0 la devise de notre pays <em><strong>\u2018\u2019Unit\u00e9-Progr\u00e8s-Justice\u2019\u2019,<\/strong><\/em> qui sera modifi\u00e9.<\/p>\n<figure id=\"attachment_15369\" aria-describedby=\"caption-attachment-15369\" style=\"width: 240px\" class=\"wp-caption alignleft\"><a href=\"https:\/\/www.latribunedufaso.net\/wp-content\/uploads\/2024\/08\/FB_IMG_1724272833218.jpg\"><img loading=\"lazy\" decoding=\"async\" class=\"size-medium wp-image-15369\" src=\"https:\/\/www.latribunedufaso.net\/wp-content\/uploads\/2024\/08\/FB_IMG_1724272833218-240x300.jpg\" alt=\"Ministre Justice lors du point presse, conseil des ministres du 21 ao\u00fbt 2024\" width=\"240\" height=\"300\" srcset=\"https:\/\/www.latribunedufaso.net\/wp-content\/uploads\/2024\/08\/FB_IMG_1724272833218-240x300.jpg 240w, https:\/\/www.latribunedufaso.net\/wp-content\/uploads\/2024\/08\/FB_IMG_1724272833218.jpg 720w\" sizes=\"auto, (max-width: 240px) 100vw, 240px\" \/><\/a><figcaption id=\"caption-attachment-15369\" class=\"wp-caption-text\">Le ministre en charge de la Justice, Edasso Rodrigue Bayala &#8211; Ph. PREFASO<\/figcaption><\/figure>\n<p><em><strong>\u00ab Le projet de loi constitutionnelle vise \u00e0 modifier cette disposition et consacrer dor\u00e9navant, \u2018\u2019La Patrie ou la Mort, nous vaincrons\u2019\u2019, comme devise du Burkina Faso \u00bb<\/strong><\/em>, a indiqu\u00e9 le ministre de la Justice et des Droits humains, charg\u00e9 des Relations avec les Institutions, Garde des Sceaux, Edasso Rodrigue BAYALA. Il a soutenu que ce changement vise \u00e0 renforcer le sentiment patriotique d\u2019une part, et d\u2019autre part \u00e0 faire revivre la flamme de l\u2019engagement citoyen, cette m\u00eame flamme qui \u00e9claire la marche du peuple vers l\u2019horizon du bonheur.<\/p>\n<blockquote>\n<p>Lire aussi : <a href=\"https:\/\/www.latribunedufaso.net\/?p=11238\">R\u00e9vision de la Constitution : La proc\u00e9dure est \u00ab r\u00e9guli\u00e8re et acquise \u00bb (Conseil constitutionnel)\u00a0<\/a><\/p>\n<\/blockquote>\n<p>La deuxi\u00e8me modification concerne l\u2019article 147 qui disposait que les accords qui consacrent une F\u00e9d\u00e9ration, une Conf\u00e9d\u00e9ration ou l\u2019entr\u00e9e du Burkina Faso dans une Union d\u2019Etats au plan africain ne pouvait \u00eatre approuv\u00e9e que par un r\u00e9f\u00e9rendum du peuple. <em><strong>\u00ab Tout en maintenant l\u2019approbation par r\u00e9f\u00e9rendum du peuple parce que la souverainet\u00e9 nationale est au peuple qui l\u2019exerce, il a \u00e9t\u00e9 n\u00e9cessaire d\u2019y adjoindre un alin\u00e9a qui permet, en fonction des circonstances, de l\u2019urgence et des cas de force majeure, et apr\u00e8s avis du Conseil constitutionnel de bien vouloir y proc\u00e9der, \u00e0 l\u2019approbation de ces accords qui consacre une f\u00e9d\u00e9ration, une conf\u00e9d\u00e9ration par la voie l\u00e9gislative \u00bb<\/strong><\/em>, a expliqu\u00e9 le ministre BAYALA.<\/p>\n<figure id=\"attachment_15370\" aria-describedby=\"caption-attachment-15370\" style=\"width: 216px\" class=\"wp-caption alignleft\"><a href=\"https:\/\/www.latribunedufaso.net\/wp-content\/uploads\/2024\/08\/FB_IMG_1724272829923.jpg\"><img loading=\"lazy\" decoding=\"async\" class=\"size-medium wp-image-15370\" src=\"https:\/\/www.latribunedufaso.net\/wp-content\/uploads\/2024\/08\/FB_IMG_1724272829923-216x300.jpg\" alt=\"Ministre Communication, Emmanuel Ou\u00e9draogo, point presse, conseil des ministres du 21 ao\u00fbt 2024\" width=\"216\" height=\"300\" srcset=\"https:\/\/www.latribunedufaso.net\/wp-content\/uploads\/2024\/08\/FB_IMG_1724272829923-216x300.jpg 216w, https:\/\/www.latribunedufaso.net\/wp-content\/uploads\/2024\/08\/FB_IMG_1724272829923.jpg 720w\" sizes=\"auto, (max-width: 216px) 100vw, 216px\" \/><\/a><figcaption id=\"caption-attachment-15370\" class=\"wp-caption-text\">Le ministre en charge de la Communication, Jean Emmanuel Ou\u00e9draogo -Ph. PREFASO<\/figcaption><\/figure>\n<p>Pour le compte des minist\u00e8res de la Communication, de la Culture, des Arts et du Tourisme et de l\u2019Economie et des Finances, le Conseil a adopt\u00e9 deux rapports qui portent respectivement \u00e9rection de l\u2019Agence d\u2019Information du Burkina (AIB), en Etablissement public de l\u2019Etat \u00e0 caract\u00e8re administratif et approbation des statuts particuliers de la nouvelle structure. Cette \u00e9rection, selon le ministre d\u2019Etat, Jean Emmanuel OUEDRAOGO permettra de donner \u00e0 l\u2019AIB tous les moyens pour assumer pleinement la mission de collecte, de traitement et de mise \u00e0 disposition d\u2019une information saine et professionnelle au profit des institutions, des m\u00e9dias, mais aussi de pouvoir faire en sorte qu\u2019on puisse accomplir le droit du citoyen \u00e0 cette information.<\/p>\n<figure id=\"attachment_15371\" aria-describedby=\"caption-attachment-15371\" style=\"width: 300px\" class=\"wp-caption alignleft\"><a href=\"https:\/\/www.latribunedufaso.net\/wp-content\/uploads\/2024\/08\/FB_IMG_1724272825193.jpg\"><img loading=\"lazy\" decoding=\"async\" class=\"size-medium wp-image-15371\" src=\"https:\/\/www.latribunedufaso.net\/wp-content\/uploads\/2024\/08\/FB_IMG_1724272825193-300x207.jpg\" alt=\"Ministre Fonction publique, Bassolma Bazi\u00e9, point presse, Conseil des ministres du 21 ao\u00fbt 2024\" width=\"300\" height=\"207\" srcset=\"https:\/\/www.latribunedufaso.net\/wp-content\/uploads\/2024\/08\/FB_IMG_1724272825193-300x207.jpg 300w, https:\/\/www.latribunedufaso.net\/wp-content\/uploads\/2024\/08\/FB_IMG_1724272825193.jpg 720w\" sizes=\"auto, (max-width: 300px) 100vw, 300px\" \/><\/a><figcaption id=\"caption-attachment-15371\" class=\"wp-caption-text\">Le ministre en charge de la Fonction publique, Bassolma Bazi\u00e9 &#8211; Ph. PREFASO<\/figcaption><\/figure>\n<p>Au titre du minist\u00e8re de la Fonction publique, du Travail et de la Protection sociale, le gouvernement a autoris\u00e9 au compte de l\u2019ann\u00e9e 2024, au profit du minist\u00e8re des Affaires \u00e9trang\u00e8res, de la Coop\u00e9ration r\u00e9gionale et des Burkinab\u00e8 de l\u2019Ext\u00e9rieur, le recrutement de 11 traducteurs-interpr\u00e8tes pour renforcer non seulement l\u2019\u00e9quipe de traducteurs-interpr\u00e8tes mais \u00e9galement pour tenir compte du redimensionnement de notre diplomatie, prenant en compte les nouveaux partenaires.<em><strong> \u00ab La r\u00e9orientation actuelle de notre diplomatie nous emm\u00e8ne sur le terrain \u00e0 envisager la prise en compte de 7 langues pour tenir compte de ces nouveaux partenaires avec lesquels, il faut renforcer le partenariat en termes d\u2019\u00e9changes internationaux \u00bb<\/strong><\/em>, a indiqu\u00e9 le ministre Bassolma BAZIE.<\/p>\n<p><strong>Latribunedufaso.net<\/strong><\/p>\n<p><strong>Source : Direction de la Communication de la Pr\u00e9sidence du Faso<\/strong><\/p>\n","protected":false},"excerpt":{"rendered":"<p>(Ouagadougou, 21 ao\u00fbt 2024). Le Pr\u00e9sident du Faso, Chef de l\u2019Etat, le Capitaine Ibrahim TRAORE a pr\u00e9sid\u00e9 ce mercredi, le Conseil des ministres qui a examin\u00e9 et adopt\u00e9 plusieurs rapports importants pour la bonne marche de la Nation, selon le ministre d\u2019Etat, porte-parole du Gouvernement, Jean Emmanuel OUEDRAOGO.<\/p>\n","protected":false},"author":5,"featured_media":15368,"comment_status":"open","ping_status":"open","sticky":false,"template":"","format":"standard","meta":{"footnotes":""},"categories":[13,1,21],"tags":[79,39,103],"class_list":["post-15367","post","type-post","status-publish","format-standard","has-post-thumbnail","hentry","category-une","category-actu","category-conseil-des-ministres","tag-conseil-des-ministres","tag-latribunedufaso-net","tag-modification-de-la-devise-du-burkina"],"yoast_head":"<!-- This site is optimized with the Yoast SEO plugin v27.5 - https:\/\/yoast.com\/product\/yoast-seo-wordpress\/ -->\n<title>Conseil des ministres : un avant-projet de loi constitutionnelle portant modification de la devise, adopt\u00e9 - La Tribune du Faso<\/title>\n<meta name=\"robots\" content=\"index, follow, max-snippet:-1, max-image-preview:large, max-video-preview:-1\" \/>\n<link rel=\"canonical\" href=\"https:\/\/www.latribunedufaso.net\/?p=15367\" \/>\n<meta property=\"og:locale\" content=\"fr_FR\" \/>\n<meta property=\"og:type\" content=\"article\" \/>\n<meta property=\"og:title\" content=\"Conseil des ministres : un avant-projet de loi constitutionnelle portant modification de la devise, adopt\u00e9 - La Tribune du Faso\" \/>\n<meta property=\"og:description\" content=\"(Ouagadougou, 21 ao\u00fbt 2024). Le Pr\u00e9sident du Faso, Chef de l\u2019Etat, le Capitaine Ibrahim TRAORE a pr\u00e9sid\u00e9 ce mercredi, le Conseil des ministres qui a examin\u00e9 et adopt\u00e9 plusieurs rapports importants pour la bonne marche de la Nation, selon le ministre d\u2019Etat, porte-parole du Gouvernement, Jean Emmanuel OUEDRAOGO.\" \/>\n<meta property=\"og:url\" content=\"https:\/\/www.latribunedufaso.net\/?p=15367\" \/>\n<meta property=\"og:site_name\" content=\"La Tribune du Faso\" \/>\n<meta property=\"article:publisher\" content=\"https:\/\/www.facebook.com\/LatribuneduFaso\/\" \/>\n<meta property=\"article:published_time\" content=\"2024-08-21T20:54:26+00:00\" \/>\n<meta property=\"article:modified_time\" content=\"2024-08-21T21:00:18+00:00\" \/>\n<meta property=\"og:image\" content=\"https:\/\/www.latribunedufaso.net\/wp-content\/uploads\/2024\/08\/FB_IMG_1724272847469.jpg\" \/>\n\t<meta property=\"og:image:width\" content=\"720\" \/>\n\t<meta property=\"og:image:height\" content=\"480\" \/>\n\t<meta property=\"og:image:type\" content=\"image\/jpeg\" \/>\n<meta name=\"author\" content=\"Issouf Tapsoba\" \/>\n<meta name=\"twitter:label1\" content=\"\u00c9crit par\" \/>\n\t<meta name=\"twitter:data1\" content=\"Issouf Tapsoba\" \/>\n\t<meta name=\"twitter:label2\" content=\"Dur\u00e9e de lecture estim\u00e9e\" \/>\n\t<meta name=\"twitter:data2\" content=\"3 minutes\" \/>\n<script type=\"application\/ld+json\" class=\"yoast-schema-graph\">{\"@context\":\"https:\\\/\\\/schema.org\",\"@graph\":[{\"@type\":\"Article\",\"@id\":\"https:\\\/\\\/www.latribunedufaso.net\\\/?p=15367#article\",\"isPartOf\":{\"@id\":\"https:\\\/\\\/www.latribunedufaso.net\\\/?p=15367\"},\"author\":{\"name\":\"Issouf Tapsoba\",\"@id\":\"https:\\\/\\\/www.latribunedufaso.net\\\/#\\\/schema\\\/person\\\/e54e64c5778a7e72cf80a318b7a622b0\"},\"headline\":\"Conseil des ministres : un avant-projet de loi constitutionnelle portant modification de la devise, adopt\u00e9\",\"datePublished\":\"2024-08-21T20:54:26+00:00\",\"dateModified\":\"2024-08-21T21:00:18+00:00\",\"mainEntityOfPage\":{\"@id\":\"https:\\\/\\\/www.latribunedufaso.net\\\/?p=15367\"},\"wordCount\":680,\"commentCount\":0,\"publisher\":{\"@id\":\"https:\\\/\\\/www.latribunedufaso.net\\\/#organization\"},\"image\":{\"@id\":\"https:\\\/\\\/www.latribunedufaso.net\\\/?p=15367#primaryimage\"},\"thumbnailUrl\":\"https:\\\/\\\/www.latribunedufaso.net\\\/wp-content\\\/uploads\\\/2024\\\/08\\\/FB_IMG_1724272847469.jpg\",\"keywords\":[\"conseil des ministres\",\"latribunedufaso.net\",\"modification de la devise du Burkina\"],\"articleSection\":[\"A la une\",\"Actualit\u00e9\",\"Conseil des ministres\"],\"inLanguage\":\"fr-FR\",\"potentialAction\":[{\"@type\":\"CommentAction\",\"name\":\"Comment\",\"target\":[\"https:\\\/\\\/www.latribunedufaso.net\\\/?p=15367#respond\"]}]},{\"@type\":\"WebPage\",\"@id\":\"https:\\\/\\\/www.latribunedufaso.net\\\/?p=15367\",\"url\":\"https:\\\/\\\/www.latribunedufaso.net\\\/?p=15367\",\"name\":\"Conseil des ministres : un avant-projet de loi constitutionnelle portant modification de la devise, adopt\u00e9 - La Tribune du Faso\",\"isPartOf\":{\"@id\":\"https:\\\/\\\/www.latribunedufaso.net\\\/#website\"},\"primaryImageOfPage\":{\"@id\":\"https:\\\/\\\/www.latribunedufaso.net\\\/?p=15367#primaryimage\"},\"image\":{\"@id\":\"https:\\\/\\\/www.latribunedufaso.net\\\/?p=15367#primaryimage\"},\"thumbnailUrl\":\"https:\\\/\\\/www.latribunedufaso.net\\\/wp-content\\\/uploads\\\/2024\\\/08\\\/FB_IMG_1724272847469.jpg\",\"datePublished\":\"2024-08-21T20:54:26+00:00\",\"dateModified\":\"2024-08-21T21:00:18+00:00\",\"breadcrumb\":{\"@id\":\"https:\\\/\\\/www.latribunedufaso.net\\\/?p=15367#breadcrumb\"},\"inLanguage\":\"fr-FR\",\"potentialAction\":[{\"@type\":\"ReadAction\",\"target\":[\"https:\\\/\\\/www.latribunedufaso.net\\\/?p=15367\"]}]},{\"@type\":\"ImageObject\",\"inLanguage\":\"fr-FR\",\"@id\":\"https:\\\/\\\/www.latribunedufaso.net\\\/?p=15367#primaryimage\",\"url\":\"https:\\\/\\\/www.latribunedufaso.net\\\/wp-content\\\/uploads\\\/2024\\\/08\\\/FB_IMG_1724272847469.jpg\",\"contentUrl\":\"https:\\\/\\\/www.latribunedufaso.net\\\/wp-content\\\/uploads\\\/2024\\\/08\\\/FB_IMG_1724272847469.jpg\",\"width\":720,\"height\":480,\"caption\":\"Conseil des ministres : un avant-projet de loi constitutionnelle portant modification de la devise, adopt\u00e9\"},{\"@type\":\"BreadcrumbList\",\"@id\":\"https:\\\/\\\/www.latribunedufaso.net\\\/?p=15367#breadcrumb\",\"itemListElement\":[{\"@type\":\"ListItem\",\"position\":1,\"name\":\"Accueil\",\"item\":\"https:\\\/\\\/www.latribunedufaso.net\\\/\"},{\"@type\":\"ListItem\",\"position\":2,\"name\":\"Conseil des ministres : un avant-projet de loi constitutionnelle portant modification de la devise, adopt\u00e9\"}]},{\"@type\":\"WebSite\",\"@id\":\"https:\\\/\\\/www.latribunedufaso.net\\\/#website\",\"url\":\"https:\\\/\\\/www.latribunedufaso.net\\\/\",\"name\":\"La Tribune du Faso\",\"description\":\"L&#039;information du monde rural en un clic\",\"publisher\":{\"@id\":\"https:\\\/\\\/www.latribunedufaso.net\\\/#organization\"},\"potentialAction\":[{\"@type\":\"SearchAction\",\"target\":{\"@type\":\"EntryPoint\",\"urlTemplate\":\"https:\\\/\\\/www.latribunedufaso.net\\\/?s={search_term_string}\"},\"query-input\":{\"@type\":\"PropertyValueSpecification\",\"valueRequired\":true,\"valueName\":\"search_term_string\"}}],\"inLanguage\":\"fr-FR\"},{\"@type\":\"Organization\",\"@id\":\"https:\\\/\\\/www.latribunedufaso.net\\\/#organization\",\"name\":\"La Tribune du Faso\",\"url\":\"https:\\\/\\\/www.latribunedufaso.net\\\/\",\"logo\":{\"@type\":\"ImageObject\",\"inLanguage\":\"fr-FR\",\"@id\":\"https:\\\/\\\/www.latribunedufaso.net\\\/#\\\/schema\\\/logo\\\/image\\\/\",\"url\":\"https:\\\/\\\/www.latribunedufaso.net\\\/wp-content\\\/uploads\\\/2020\\\/08\\\/Logo-Tribune-du-Faso-final-scaled.jpg\",\"contentUrl\":\"https:\\\/\\\/www.latribunedufaso.net\\\/wp-content\\\/uploads\\\/2020\\\/08\\\/Logo-Tribune-du-Faso-final-scaled.jpg\",\"width\":2560,\"height\":1856,\"caption\":\"La Tribune du Faso\"},\"image\":{\"@id\":\"https:\\\/\\\/www.latribunedufaso.net\\\/#\\\/schema\\\/logo\\\/image\\\/\"},\"sameAs\":[\"https:\\\/\\\/www.facebook.com\\\/LatribuneduFaso\\\/\"]},{\"@type\":\"Person\",\"@id\":\"https:\\\/\\\/www.latribunedufaso.net\\\/#\\\/schema\\\/person\\\/e54e64c5778a7e72cf80a318b7a622b0\",\"name\":\"Issouf Tapsoba\",\"image\":{\"@type\":\"ImageObject\",\"inLanguage\":\"fr-FR\",\"@id\":\"https:\\\/\\\/secure.gravatar.com\\\/avatar\\\/5e6c05150ce3230247d167f5b94d678eb05936197436d69b7921e3a95c9107ac?s=96&d=mm&r=g\",\"url\":\"https:\\\/\\\/secure.gravatar.com\\\/avatar\\\/5e6c05150ce3230247d167f5b94d678eb05936197436d69b7921e3a95c9107ac?s=96&d=mm&r=g\",\"contentUrl\":\"https:\\\/\\\/secure.gravatar.com\\\/avatar\\\/5e6c05150ce3230247d167f5b94d678eb05936197436d69b7921e3a95c9107ac?s=96&d=mm&r=g\",\"caption\":\"Issouf Tapsoba\"},\"url\":\"https:\\\/\\\/www.latribunedufaso.net\\\/?author=5\"}]}<\/script>\n<!-- \/ Yoast SEO plugin. -->","yoast_head_json":{"title":"Conseil des ministres : un avant-projet de loi constitutionnelle portant modification de la devise, adopt\u00e9 - La Tribune du Faso","robots":{"index":"index","follow":"follow","max-snippet":"max-snippet:-1","max-image-preview":"max-image-preview:large","max-video-preview":"max-video-preview:-1"},"canonical":"https:\/\/www.latribunedufaso.net\/?p=15367","og_locale":"fr_FR","og_type":"article","og_title":"Conseil des ministres : un avant-projet de loi constitutionnelle portant modification de la devise, adopt\u00e9 - La Tribune du Faso","og_description":"(Ouagadougou, 21 ao\u00fbt 2024). Le Pr\u00e9sident du Faso, Chef de l\u2019Etat, le Capitaine Ibrahim TRAORE a pr\u00e9sid\u00e9 ce mercredi, le Conseil des ministres qui a examin\u00e9 et adopt\u00e9 plusieurs rapports importants pour la bonne marche de la Nation, selon le ministre d\u2019Etat, porte-parole du Gouvernement, Jean Emmanuel OUEDRAOGO.","og_url":"https:\/\/www.latribunedufaso.net\/?p=15367","og_site_name":"La Tribune du Faso","article_publisher":"https:\/\/www.facebook.com\/LatribuneduFaso\/","article_published_time":"2024-08-21T20:54:26+00:00","article_modified_time":"2024-08-21T21:00:18+00:00","og_image":[{"width":720,"height":480,"url":"https:\/\/www.latribunedufaso.net\/wp-content\/uploads\/2024\/08\/FB_IMG_1724272847469.jpg","type":"image\/jpeg"}],"author":"Issouf Tapsoba","twitter_misc":{"\u00c9crit par":"Issouf Tapsoba","Dur\u00e9e de lecture estim\u00e9e":"3 minutes"},"schema":{"@context":"https:\/\/schema.org","@graph":[{"@type":"Article","@id":"https:\/\/www.latribunedufaso.net\/?p=15367#article","isPartOf":{"@id":"https:\/\/www.latribunedufaso.net\/?p=15367"},"author":{"name":"Issouf Tapsoba","@id":"https:\/\/www.latribunedufaso.net\/#\/schema\/person\/e54e64c5778a7e72cf80a318b7a622b0"},"headline":"Conseil des ministres : un avant-projet de loi constitutionnelle portant modification de la devise, adopt\u00e9","datePublished":"2024-08-21T20:54:26+00:00","dateModified":"2024-08-21T21:00:18+00:00","mainEntityOfPage":{"@id":"https:\/\/www.latribunedufaso.net\/?p=15367"},"wordCount":680,"commentCount":0,"publisher":{"@id":"https:\/\/www.latribunedufaso.net\/#organization"},"image":{"@id":"https:\/\/www.latribunedufaso.net\/?p=15367#primaryimage"},"thumbnailUrl":"https:\/\/www.latribunedufaso.net\/wp-content\/uploads\/2024\/08\/FB_IMG_1724272847469.jpg","keywords":["conseil des ministres","latribunedufaso.net","modification de la devise du Burkina"],"articleSection":["A la une","Actualit\u00e9","Conseil des ministres"],"inLanguage":"fr-FR","potentialAction":[{"@type":"CommentAction","name":"Comment","target":["https:\/\/www.latribunedufaso.net\/?p=15367#respond"]}]},{"@type":"WebPage","@id":"https:\/\/www.latribunedufaso.net\/?p=15367","url":"https:\/\/www.latribunedufaso.net\/?p=15367","name":"Conseil des ministres : un avant-projet de loi constitutionnelle portant modification de la devise, adopt\u00e9 - La Tribune du Faso","isPartOf":{"@id":"https:\/\/www.latribunedufaso.net\/#website"},"primaryImageOfPage":{"@id":"https:\/\/www.latribunedufaso.net\/?p=15367#primaryimage"},"image":{"@id":"https:\/\/www.latribunedufaso.net\/?p=15367#primaryimage"},"thumbnailUrl":"https:\/\/www.latribunedufaso.net\/wp-content\/uploads\/2024\/08\/FB_IMG_1724272847469.jpg","datePublished":"2024-08-21T20:54:26+00:00","dateModified":"2024-08-21T21:00:18+00:00","breadcrumb":{"@id":"https:\/\/www.latribunedufaso.net\/?p=15367#breadcrumb"},"inLanguage":"fr-FR","potentialAction":[{"@type":"ReadAction","target":["https:\/\/www.latribunedufaso.net\/?p=15367"]}]},{"@type":"ImageObject","inLanguage":"fr-FR","@id":"https:\/\/www.latribunedufaso.net\/?p=15367#primaryimage","url":"https:\/\/www.latribunedufaso.net\/wp-content\/uploads\/2024\/08\/FB_IMG_1724272847469.jpg","contentUrl":"https:\/\/www.latribunedufaso.net\/wp-content\/uploads\/2024\/08\/FB_IMG_1724272847469.jpg","width":720,"height":480,"caption":"Conseil des ministres : un avant-projet de loi constitutionnelle portant modification de la devise, adopt\u00e9"},{"@type":"BreadcrumbList","@id":"https:\/\/www.latribunedufaso.net\/?p=15367#breadcrumb","itemListElement":[{"@type":"ListItem","position":1,"name":"Accueil","item":"https:\/\/www.latribunedufaso.net\/"},{"@type":"ListItem","position":2,"name":"Conseil des ministres : un avant-projet de loi constitutionnelle portant modification de la devise, adopt\u00e9"}]},{"@type":"WebSite","@id":"https:\/\/www.latribunedufaso.net\/#website","url":"https:\/\/www.latribunedufaso.net\/","name":"La Tribune du Faso","description":"L&#039;information du monde rural en un clic","publisher":{"@id":"https:\/\/www.latribunedufaso.net\/#organization"},"potentialAction":[{"@type":"SearchAction","target":{"@type":"EntryPoint","urlTemplate":"https:\/\/www.latribunedufaso.net\/?s={search_term_string}"},"query-input":{"@type":"PropertyValueSpecification","valueRequired":true,"valueName":"search_term_string"}}],"inLanguage":"fr-FR"},{"@type":"Organization","@id":"https:\/\/www.latribunedufaso.net\/#organization","name":"La Tribune du Faso","url":"https:\/\/www.latribunedufaso.net\/","logo":{"@type":"ImageObject","inLanguage":"fr-FR","@id":"https:\/\/www.latribunedufaso.net\/#\/schema\/logo\/image\/","url":"https:\/\/www.latribunedufaso.net\/wp-content\/uploads\/2020\/08\/Logo-Tribune-du-Faso-final-scaled.jpg","contentUrl":"https:\/\/www.latribunedufaso.net\/wp-content\/uploads\/2020\/08\/Logo-Tribune-du-Faso-final-scaled.jpg","width":2560,"height":1856,"caption":"La Tribune du Faso"},"image":{"@id":"https:\/\/www.latribunedufaso.net\/#\/schema\/logo\/image\/"},"sameAs":["https:\/\/www.facebook.com\/LatribuneduFaso\/"]},{"@type":"Person","@id":"https:\/\/www.latribunedufaso.net\/#\/schema\/person\/e54e64c5778a7e72cf80a318b7a622b0","name":"Issouf Tapsoba","image":{"@type":"ImageObject","inLanguage":"fr-FR","@id":"https:\/\/secure.gravatar.com\/avatar\/5e6c05150ce3230247d167f5b94d678eb05936197436d69b7921e3a95c9107ac?s=96&d=mm&r=g","url":"https:\/\/secure.gravatar.com\/avatar\/5e6c05150ce3230247d167f5b94d678eb05936197436d69b7921e3a95c9107ac?s=96&d=mm&r=g","contentUrl":"https:\/\/secure.gravatar.com\/avatar\/5e6c05150ce3230247d167f5b94d678eb05936197436d69b7921e3a95c9107ac?s=96&d=mm&r=g","caption":"Issouf Tapsoba"},"url":"https:\/\/www.latribunedufaso.net\/?author=5"}]}},"_links":{"self":[{"href":"https:\/\/www.latribunedufaso.net\/index.php?rest_route=\/wp\/v2\/posts\/15367","targetHints":{"allow":["GET"]}}],"collection":[{"href":"https:\/\/www.latribunedufaso.net\/index.php?rest_route=\/wp\/v2\/posts"}],"about":[{"href":"https:\/\/www.latribunedufaso.net\/index.php?rest_route=\/wp\/v2\/types\/post"}],"author":[{"embeddable":true,"href":"https:\/\/www.latribunedufaso.net\/index.php?rest_route=\/wp\/v2\/users\/5"}],"replies":[{"embeddable":true,"href":"https:\/\/www.latribunedufaso.net\/index.php?rest_route=%2Fwp%2Fv2%2Fcomments&post=15367"}],"version-history":[{"count":3,"href":"https:\/\/www.latribunedufaso.net\/index.php?rest_route=\/wp\/v2\/posts\/15367\/revisions"}],"predecessor-version":[{"id":15374,"href":"https:\/\/www.latribunedufaso.net\/index.php?rest_route=\/wp\/v2\/posts\/15367\/revisions\/15374"}],"wp:featuredmedia":[{"embeddable":true,"href":"https:\/\/www.latribunedufaso.net\/index.php?rest_route=\/wp\/v2\/media\/15368"}],"wp:attachment":[{"href":"https:\/\/www.latribunedufaso.net\/index.php?rest_route=%2Fwp%2Fv2%2Fmedia&parent=15367"}],"wp:term":[{"taxonomy":"category","embeddable":true,"href":"https:\/\/www.latribunedufaso.net\/index.php?rest_route=%2Fwp%2Fv2%2Fcategories&post=15367"},{"taxonomy":"post_tag","embeddable":true,"href":"https:\/\/www.latribunedufaso.net\/index.php?rest_route=%2Fwp%2Fv2%2Ftags&post=15367"}],"curies":[{"name":"wp","href":"https:\/\/api.w.org\/{rel}","templated":true}]}}