{"id":15300,"date":"2024-08-15T12:40:12","date_gmt":"2024-08-15T12:40:12","guid":{"rendered":"https:\/\/www.latribunedufaso.net\/?p=15300"},"modified":"2024-08-15T12:47:26","modified_gmt":"2024-08-15T12:47:26","slug":"medias-burkina-en-difficulte-le-journal-levenement-marque-une-pause","status":"publish","type":"post","link":"https:\/\/www.latribunedufaso.net\/?p=15300","title":{"rendered":"M\u00e9dias\/Burkina : En difficult\u00e9, le journal L&rsquo;Ev\u00e9nement marque une pause"},"content":{"rendered":"<p>M\u00e9dias\/Burkina : En difficult\u00e9, le journal L&rsquo;Ev\u00e9nement marque une pause<\/p>\n<p><strong>\u00ab Au vu des multiples d\u00e9fis du moment, L&rsquo;Ev\u00e9nement se voit contraint de marquer une pause&#8230;\u00bb, peut-on lire dans un communiqu\u00e9 du journal L&rsquo;Ev\u00e9nement en date du 13 ao\u00fbt 2024.\u00a0<\/strong><!--more--><\/p>\n<p>Le m\u00e9dia traverse ces derniers temps une situation difficile. En effet, il a \u00e9t\u00e9 <a href=\"https:\/\/www.latribunedufaso.net\/?p=14411\">suspendu<\/a> en juin 2024 par le Conseil sup\u00e9rieur de la communication (CSC) pour une p\u00e9riode de un mois. Une d\u00e9cision rejet\u00e9e par le m\u00e9dia et qualifi\u00e9e de <em><strong>\u00ab surprenante et injuste \u00bb.<\/strong><\/em> Toujours dans le mois de juin, c&rsquo;est son Directeur de publication, Atiana Serge Oulon qui sera <em><strong>\u00ab <a href=\"https:\/\/www.latribunedufaso.net\/?p=14468\">enlever<\/a> \u00bb,<\/strong><\/em> selon le m\u00e9dia.\u00a0<\/p>\n<p>Par ailleurs, le communiqu\u00e9 indique que <em><strong>\u00ab Gaston Bonheur Sawadogo est charg\u00e9 d\u2019exp\u00e9dier les affaires courantes et surtout de mettre une cellule d\u2019\u00e9coute de recherche et de mise en \u0153uvre d\u2019u<\/strong><\/em><\/p>\n<p><em><strong>ne solution pertinente, capable d\u2019affronter les d\u00e9fis du moment en l\u2019absence du directeur de publication, Atiana Serge Oulon \u00bb.<\/strong><\/em><\/p>\n<p><strong>Latribunedufaso.net<a href=\"https:\/\/www.latribunedufaso.net\/wp-content\/uploads\/2024\/08\/FB_IMG_1723725205810.jpg\"><img loading=\"lazy\" decoding=\"async\" class=\"size-medium wp-image-15301 alignleft\" src=\"https:\/\/www.latribunedufaso.net\/wp-content\/uploads\/2024\/08\/FB_IMG_1723725205810-212x300.jpg\" alt=\"Communiqu\u00e9 journal L'Ev\u00e9nement \" width=\"212\" height=\"300\" srcset=\"https:\/\/www.latribunedufaso.net\/wp-content\/uploads\/2024\/08\/FB_IMG_1723725205810-212x300.jpg 212w, https:\/\/www.latribunedufaso.net\/wp-content\/uploads\/2024\/08\/FB_IMG_1723725205810.jpg 720w\" sizes=\"auto, (max-width: 212px) 100vw, 212px\" \/><\/a><\/strong><\/p>\n","protected":false},"excerpt":{"rendered":"<p>M\u00e9dias\/Burkina : En difficult\u00e9, le journal L&rsquo;Ev\u00e9nement marque une pause \u00ab Au vu des multiples d\u00e9fis du moment, L&rsquo;Ev\u00e9nement se voit contraint de marquer une pause&#8230;\u00bb, peut-on lire dans un communiqu\u00e9 du journal L&rsquo;Ev\u00e9nement en date du 13 ao\u00fbt 2024.\u00a0<\/p>\n","protected":false},"author":5,"featured_media":15302,"comment_status":"open","ping_status":"open","sticky":false,"template":"","format":"standard","meta":{"footnotes":""},"categories":[13,1,8],"tags":[85,83,39,84],"class_list":["post-15300","post","type-post","status-publish","format-standard","has-post-thumbnail","hentry","category-une","category-actu","category-societe","tag-burkina","tag-journal-levenement","tag-latribunedufaso-net","tag-medias"],"yoast_head":"<!-- This site is optimized with the Yoast SEO plugin v27.5 - https:\/\/yoast.com\/product\/yoast-seo-wordpress\/ -->\n<title>M\u00e9dias\/Burkina : En difficult\u00e9, le journal L&#039;Ev\u00e9nement marque une pause - La Tribune du Faso<\/title>\n<meta name=\"robots\" content=\"index, follow, max-snippet:-1, max-image-preview:large, max-video-preview:-1\" \/>\n<link rel=\"canonical\" href=\"https:\/\/www.latribunedufaso.net\/?p=15300\" \/>\n<meta property=\"og:locale\" content=\"fr_FR\" \/>\n<meta property=\"og:type\" content=\"article\" \/>\n<meta property=\"og:title\" content=\"M\u00e9dias\/Burkina : En difficult\u00e9, le journal L&#039;Ev\u00e9nement marque une pause - La Tribune du Faso\" \/>\n<meta property=\"og:description\" content=\"M\u00e9dias\/Burkina : En difficult\u00e9, le journal L&rsquo;Ev\u00e9nement marque une pause \u00ab Au vu des multiples d\u00e9fis du moment, L&rsquo;Ev\u00e9nement se voit contraint de marquer une pause&#8230;\u00bb, peut-on lire dans un communiqu\u00e9 du journal L&rsquo;Ev\u00e9nement en date du 13 ao\u00fbt 2024.\u00a0\" \/>\n<meta property=\"og:url\" content=\"https:\/\/www.latribunedufaso.net\/?p=15300\" \/>\n<meta property=\"og:site_name\" content=\"La Tribune du Faso\" \/>\n<meta property=\"article:publisher\" content=\"https:\/\/www.facebook.com\/LatribuneduFaso\/\" \/>\n<meta property=\"article:published_time\" content=\"2024-08-15T12:40:12+00:00\" \/>\n<meta property=\"article:modified_time\" content=\"2024-08-15T12:47:26+00:00\" \/>\n<meta property=\"og:image\" content=\"https:\/\/www.latribunedufaso.net\/wp-content\/uploads\/2024\/08\/FB_IMG_1723725447353.jpg\" \/>\n\t<meta property=\"og:image:width\" content=\"720\" \/>\n\t<meta property=\"og:image:height\" content=\"243\" \/>\n\t<meta property=\"og:image:type\" content=\"image\/jpeg\" \/>\n<meta name=\"author\" content=\"Issouf Tapsoba\" \/>\n<meta name=\"twitter:label1\" content=\"\u00c9crit par\" \/>\n\t<meta name=\"twitter:data1\" content=\"Issouf Tapsoba\" \/>\n\t<meta name=\"twitter:label2\" content=\"Dur\u00e9e de lecture estim\u00e9e\" \/>\n\t<meta name=\"twitter:data2\" content=\"1 minute\" \/>\n<script type=\"application\/ld+json\" class=\"yoast-schema-graph\">{\"@context\":\"https:\\\/\\\/schema.org\",\"@graph\":[{\"@type\":\"Article\",\"@id\":\"https:\\\/\\\/www.latribunedufaso.net\\\/?p=15300#article\",\"isPartOf\":{\"@id\":\"https:\\\/\\\/www.latribunedufaso.net\\\/?p=15300\"},\"author\":{\"name\":\"Issouf Tapsoba\",\"@id\":\"https:\\\/\\\/www.latribunedufaso.net\\\/#\\\/schema\\\/person\\\/e54e64c5778a7e72cf80a318b7a622b0\"},\"headline\":\"M\u00e9dias\\\/Burkina : En difficult\u00e9, le journal L&rsquo;Ev\u00e9nement marque une pause\",\"datePublished\":\"2024-08-15T12:40:12+00:00\",\"dateModified\":\"2024-08-15T12:47:26+00:00\",\"mainEntityOfPage\":{\"@id\":\"https:\\\/\\\/www.latribunedufaso.net\\\/?p=15300\"},\"wordCount\":188,\"commentCount\":0,\"publisher\":{\"@id\":\"https:\\\/\\\/www.latribunedufaso.net\\\/#organization\"},\"image\":{\"@id\":\"https:\\\/\\\/www.latribunedufaso.net\\\/?p=15300#primaryimage\"},\"thumbnailUrl\":\"https:\\\/\\\/www.latribunedufaso.net\\\/wp-content\\\/uploads\\\/2024\\\/08\\\/FB_IMG_1723725447353.jpg\",\"keywords\":[\"Burkina\",\"Journal L'Ev\u00e9nement\",\"latribunedufaso.net\",\"m\u00e9dias\"],\"articleSection\":[\"A la une\",\"Actualit\u00e9\",\"Soci\u00e9t\u00e9\"],\"inLanguage\":\"fr-FR\",\"potentialAction\":[{\"@type\":\"CommentAction\",\"name\":\"Comment\",\"target\":[\"https:\\\/\\\/www.latribunedufaso.net\\\/?p=15300#respond\"]}]},{\"@type\":\"WebPage\",\"@id\":\"https:\\\/\\\/www.latribunedufaso.net\\\/?p=15300\",\"url\":\"https:\\\/\\\/www.latribunedufaso.net\\\/?p=15300\",\"name\":\"M\u00e9dias\\\/Burkina : En difficult\u00e9, le journal L'Ev\u00e9nement marque une pause - La Tribune du Faso\",\"isPartOf\":{\"@id\":\"https:\\\/\\\/www.latribunedufaso.net\\\/#website\"},\"primaryImageOfPage\":{\"@id\":\"https:\\\/\\\/www.latribunedufaso.net\\\/?p=15300#primaryimage\"},\"image\":{\"@id\":\"https:\\\/\\\/www.latribunedufaso.net\\\/?p=15300#primaryimage\"},\"thumbnailUrl\":\"https:\\\/\\\/www.latribunedufaso.net\\\/wp-content\\\/uploads\\\/2024\\\/08\\\/FB_IMG_1723725447353.jpg\",\"datePublished\":\"2024-08-15T12:40:12+00:00\",\"dateModified\":\"2024-08-15T12:47:26+00:00\",\"breadcrumb\":{\"@id\":\"https:\\\/\\\/www.latribunedufaso.net\\\/?p=15300#breadcrumb\"},\"inLanguage\":\"fr-FR\",\"potentialAction\":[{\"@type\":\"ReadAction\",\"target\":[\"https:\\\/\\\/www.latribunedufaso.net\\\/?p=15300\"]}]},{\"@type\":\"ImageObject\",\"inLanguage\":\"fr-FR\",\"@id\":\"https:\\\/\\\/www.latribunedufaso.net\\\/?p=15300#primaryimage\",\"url\":\"https:\\\/\\\/www.latribunedufaso.net\\\/wp-content\\\/uploads\\\/2024\\\/08\\\/FB_IMG_1723725447353.jpg\",\"contentUrl\":\"https:\\\/\\\/www.latribunedufaso.net\\\/wp-content\\\/uploads\\\/2024\\\/08\\\/FB_IMG_1723725447353.jpg\",\"width\":720,\"height\":243,\"caption\":\"Le logo du journal L'Ev\u00e9nement\"},{\"@type\":\"BreadcrumbList\",\"@id\":\"https:\\\/\\\/www.latribunedufaso.net\\\/?p=15300#breadcrumb\",\"itemListElement\":[{\"@type\":\"ListItem\",\"position\":1,\"name\":\"Accueil\",\"item\":\"https:\\\/\\\/www.latribunedufaso.net\\\/\"},{\"@type\":\"ListItem\",\"position\":2,\"name\":\"M\u00e9dias\\\/Burkina : En difficult\u00e9, le journal L&rsquo;Ev\u00e9nement marque une pause\"}]},{\"@type\":\"WebSite\",\"@id\":\"https:\\\/\\\/www.latribunedufaso.net\\\/#website\",\"url\":\"https:\\\/\\\/www.latribunedufaso.net\\\/\",\"name\":\"La Tribune du Faso\",\"description\":\"L&#039;information du monde rural en un clic\",\"publisher\":{\"@id\":\"https:\\\/\\\/www.latribunedufaso.net\\\/#organization\"},\"potentialAction\":[{\"@type\":\"SearchAction\",\"target\":{\"@type\":\"EntryPoint\",\"urlTemplate\":\"https:\\\/\\\/www.latribunedufaso.net\\\/?s={search_term_string}\"},\"query-input\":{\"@type\":\"PropertyValueSpecification\",\"valueRequired\":true,\"valueName\":\"search_term_string\"}}],\"inLanguage\":\"fr-FR\"},{\"@type\":\"Organization\",\"@id\":\"https:\\\/\\\/www.latribunedufaso.net\\\/#organization\",\"name\":\"La Tribune du Faso\",\"url\":\"https:\\\/\\\/www.latribunedufaso.net\\\/\",\"logo\":{\"@type\":\"ImageObject\",\"inLanguage\":\"fr-FR\",\"@id\":\"https:\\\/\\\/www.latribunedufaso.net\\\/#\\\/schema\\\/logo\\\/image\\\/\",\"url\":\"https:\\\/\\\/www.latribunedufaso.net\\\/wp-content\\\/uploads\\\/2020\\\/08\\\/Logo-Tribune-du-Faso-final-scaled.jpg\",\"contentUrl\":\"https:\\\/\\\/www.latribunedufaso.net\\\/wp-content\\\/uploads\\\/2020\\\/08\\\/Logo-Tribune-du-Faso-final-scaled.jpg\",\"width\":2560,\"height\":1856,\"caption\":\"La Tribune du Faso\"},\"image\":{\"@id\":\"https:\\\/\\\/www.latribunedufaso.net\\\/#\\\/schema\\\/logo\\\/image\\\/\"},\"sameAs\":[\"https:\\\/\\\/www.facebook.com\\\/LatribuneduFaso\\\/\"]},{\"@type\":\"Person\",\"@id\":\"https:\\\/\\\/www.latribunedufaso.net\\\/#\\\/schema\\\/person\\\/e54e64c5778a7e72cf80a318b7a622b0\",\"name\":\"Issouf Tapsoba\",\"image\":{\"@type\":\"ImageObject\",\"inLanguage\":\"fr-FR\",\"@id\":\"https:\\\/\\\/secure.gravatar.com\\\/avatar\\\/5e6c05150ce3230247d167f5b94d678eb05936197436d69b7921e3a95c9107ac?s=96&d=mm&r=g\",\"url\":\"https:\\\/\\\/secure.gravatar.com\\\/avatar\\\/5e6c05150ce3230247d167f5b94d678eb05936197436d69b7921e3a95c9107ac?s=96&d=mm&r=g\",\"contentUrl\":\"https:\\\/\\\/secure.gravatar.com\\\/avatar\\\/5e6c05150ce3230247d167f5b94d678eb05936197436d69b7921e3a95c9107ac?s=96&d=mm&r=g\",\"caption\":\"Issouf Tapsoba\"},\"url\":\"https:\\\/\\\/www.latribunedufaso.net\\\/?author=5\"}]}<\/script>\n<!-- \/ Yoast SEO plugin. -->","yoast_head_json":{"title":"M\u00e9dias\/Burkina : En difficult\u00e9, le journal L'Ev\u00e9nement marque une pause - La Tribune du Faso","robots":{"index":"index","follow":"follow","max-snippet":"max-snippet:-1","max-image-preview":"max-image-preview:large","max-video-preview":"max-video-preview:-1"},"canonical":"https:\/\/www.latribunedufaso.net\/?p=15300","og_locale":"fr_FR","og_type":"article","og_title":"M\u00e9dias\/Burkina : En difficult\u00e9, le journal L'Ev\u00e9nement marque une pause - La Tribune du Faso","og_description":"M\u00e9dias\/Burkina : En difficult\u00e9, le journal L&rsquo;Ev\u00e9nement marque une pause \u00ab Au vu des multiples d\u00e9fis du moment, L&rsquo;Ev\u00e9nement se voit contraint de marquer une pause&#8230;\u00bb, peut-on lire dans un communiqu\u00e9 du journal L&rsquo;Ev\u00e9nement en date du 13 ao\u00fbt 2024.\u00a0","og_url":"https:\/\/www.latribunedufaso.net\/?p=15300","og_site_name":"La Tribune du Faso","article_publisher":"https:\/\/www.facebook.com\/LatribuneduFaso\/","article_published_time":"2024-08-15T12:40:12+00:00","article_modified_time":"2024-08-15T12:47:26+00:00","og_image":[{"width":720,"height":243,"url":"https:\/\/www.latribunedufaso.net\/wp-content\/uploads\/2024\/08\/FB_IMG_1723725447353.jpg","type":"image\/jpeg"}],"author":"Issouf Tapsoba","twitter_misc":{"\u00c9crit par":"Issouf Tapsoba","Dur\u00e9e de lecture estim\u00e9e":"1 minute"},"schema":{"@context":"https:\/\/schema.org","@graph":[{"@type":"Article","@id":"https:\/\/www.latribunedufaso.net\/?p=15300#article","isPartOf":{"@id":"https:\/\/www.latribunedufaso.net\/?p=15300"},"author":{"name":"Issouf Tapsoba","@id":"https:\/\/www.latribunedufaso.net\/#\/schema\/person\/e54e64c5778a7e72cf80a318b7a622b0"},"headline":"M\u00e9dias\/Burkina : En difficult\u00e9, le journal L&rsquo;Ev\u00e9nement marque une pause","datePublished":"2024-08-15T12:40:12+00:00","dateModified":"2024-08-15T12:47:26+00:00","mainEntityOfPage":{"@id":"https:\/\/www.latribunedufaso.net\/?p=15300"},"wordCount":188,"commentCount":0,"publisher":{"@id":"https:\/\/www.latribunedufaso.net\/#organization"},"image":{"@id":"https:\/\/www.latribunedufaso.net\/?p=15300#primaryimage"},"thumbnailUrl":"https:\/\/www.latribunedufaso.net\/wp-content\/uploads\/2024\/08\/FB_IMG_1723725447353.jpg","keywords":["Burkina","Journal L'Ev\u00e9nement","latribunedufaso.net","m\u00e9dias"],"articleSection":["A la une","Actualit\u00e9","Soci\u00e9t\u00e9"],"inLanguage":"fr-FR","potentialAction":[{"@type":"CommentAction","name":"Comment","target":["https:\/\/www.latribunedufaso.net\/?p=15300#respond"]}]},{"@type":"WebPage","@id":"https:\/\/www.latribunedufaso.net\/?p=15300","url":"https:\/\/www.latribunedufaso.net\/?p=15300","name":"M\u00e9dias\/Burkina : En difficult\u00e9, le journal L'Ev\u00e9nement marque une pause - La Tribune du Faso","isPartOf":{"@id":"https:\/\/www.latribunedufaso.net\/#website"},"primaryImageOfPage":{"@id":"https:\/\/www.latribunedufaso.net\/?p=15300#primaryimage"},"image":{"@id":"https:\/\/www.latribunedufaso.net\/?p=15300#primaryimage"},"thumbnailUrl":"https:\/\/www.latribunedufaso.net\/wp-content\/uploads\/2024\/08\/FB_IMG_1723725447353.jpg","datePublished":"2024-08-15T12:40:12+00:00","dateModified":"2024-08-15T12:47:26+00:00","breadcrumb":{"@id":"https:\/\/www.latribunedufaso.net\/?p=15300#breadcrumb"},"inLanguage":"fr-FR","potentialAction":[{"@type":"ReadAction","target":["https:\/\/www.latribunedufaso.net\/?p=15300"]}]},{"@type":"ImageObject","inLanguage":"fr-FR","@id":"https:\/\/www.latribunedufaso.net\/?p=15300#primaryimage","url":"https:\/\/www.latribunedufaso.net\/wp-content\/uploads\/2024\/08\/FB_IMG_1723725447353.jpg","contentUrl":"https:\/\/www.latribunedufaso.net\/wp-content\/uploads\/2024\/08\/FB_IMG_1723725447353.jpg","width":720,"height":243,"caption":"Le logo du journal L'Ev\u00e9nement"},{"@type":"BreadcrumbList","@id":"https:\/\/www.latribunedufaso.net\/?p=15300#breadcrumb","itemListElement":[{"@type":"ListItem","position":1,"name":"Accueil","item":"https:\/\/www.latribunedufaso.net\/"},{"@type":"ListItem","position":2,"name":"M\u00e9dias\/Burkina : En difficult\u00e9, le journal L&rsquo;Ev\u00e9nement marque une pause"}]},{"@type":"WebSite","@id":"https:\/\/www.latribunedufaso.net\/#website","url":"https:\/\/www.latribunedufaso.net\/","name":"La Tribune du Faso","description":"L&#039;information du monde rural en un clic","publisher":{"@id":"https:\/\/www.latribunedufaso.net\/#organization"},"potentialAction":[{"@type":"SearchAction","target":{"@type":"EntryPoint","urlTemplate":"https:\/\/www.latribunedufaso.net\/?s={search_term_string}"},"query-input":{"@type":"PropertyValueSpecification","valueRequired":true,"valueName":"search_term_string"}}],"inLanguage":"fr-FR"},{"@type":"Organization","@id":"https:\/\/www.latribunedufaso.net\/#organization","name":"La Tribune du Faso","url":"https:\/\/www.latribunedufaso.net\/","logo":{"@type":"ImageObject","inLanguage":"fr-FR","@id":"https:\/\/www.latribunedufaso.net\/#\/schema\/logo\/image\/","url":"https:\/\/www.latribunedufaso.net\/wp-content\/uploads\/2020\/08\/Logo-Tribune-du-Faso-final-scaled.jpg","contentUrl":"https:\/\/www.latribunedufaso.net\/wp-content\/uploads\/2020\/08\/Logo-Tribune-du-Faso-final-scaled.jpg","width":2560,"height":1856,"caption":"La Tribune du Faso"},"image":{"@id":"https:\/\/www.latribunedufaso.net\/#\/schema\/logo\/image\/"},"sameAs":["https:\/\/www.facebook.com\/LatribuneduFaso\/"]},{"@type":"Person","@id":"https:\/\/www.latribunedufaso.net\/#\/schema\/person\/e54e64c5778a7e72cf80a318b7a622b0","name":"Issouf Tapsoba","image":{"@type":"ImageObject","inLanguage":"fr-FR","@id":"https:\/\/secure.gravatar.com\/avatar\/5e6c05150ce3230247d167f5b94d678eb05936197436d69b7921e3a95c9107ac?s=96&d=mm&r=g","url":"https:\/\/secure.gravatar.com\/avatar\/5e6c05150ce3230247d167f5b94d678eb05936197436d69b7921e3a95c9107ac?s=96&d=mm&r=g","contentUrl":"https:\/\/secure.gravatar.com\/avatar\/5e6c05150ce3230247d167f5b94d678eb05936197436d69b7921e3a95c9107ac?s=96&d=mm&r=g","caption":"Issouf Tapsoba"},"url":"https:\/\/www.latribunedufaso.net\/?author=5"}]}},"_links":{"self":[{"href":"https:\/\/www.latribunedufaso.net\/index.php?rest_route=\/wp\/v2\/posts\/15300","targetHints":{"allow":["GET"]}}],"collection":[{"href":"https:\/\/www.latribunedufaso.net\/index.php?rest_route=\/wp\/v2\/posts"}],"about":[{"href":"https:\/\/www.latribunedufaso.net\/index.php?rest_route=\/wp\/v2\/types\/post"}],"author":[{"embeddable":true,"href":"https:\/\/www.latribunedufaso.net\/index.php?rest_route=\/wp\/v2\/users\/5"}],"replies":[{"embeddable":true,"href":"https:\/\/www.latribunedufaso.net\/index.php?rest_route=%2Fwp%2Fv2%2Fcomments&post=15300"}],"version-history":[{"count":3,"href":"https:\/\/www.latribunedufaso.net\/index.php?rest_route=\/wp\/v2\/posts\/15300\/revisions"}],"predecessor-version":[{"id":15306,"href":"https:\/\/www.latribunedufaso.net\/index.php?rest_route=\/wp\/v2\/posts\/15300\/revisions\/15306"}],"wp:featuredmedia":[{"embeddable":true,"href":"https:\/\/www.latribunedufaso.net\/index.php?rest_route=\/wp\/v2\/media\/15302"}],"wp:attachment":[{"href":"https:\/\/www.latribunedufaso.net\/index.php?rest_route=%2Fwp%2Fv2%2Fmedia&parent=15300"}],"wp:term":[{"taxonomy":"category","embeddable":true,"href":"https:\/\/www.latribunedufaso.net\/index.php?rest_route=%2Fwp%2Fv2%2Fcategories&post=15300"},{"taxonomy":"post_tag","embeddable":true,"href":"https:\/\/www.latribunedufaso.net\/index.php?rest_route=%2Fwp%2Fv2%2Ftags&post=15300"}],"curies":[{"name":"wp","href":"https:\/\/api.w.org\/{rel}","templated":true}]}}