{"id":15272,"date":"2024-08-13T14:27:20","date_gmt":"2024-08-13T14:27:20","guid":{"rendered":"https:\/\/www.latribunedufaso.net\/?p=15272"},"modified":"2024-08-13T14:28:35","modified_gmt":"2024-08-13T14:28:35","slug":"15272","status":"publish","type":"post","link":"https:\/\/www.latribunedufaso.net\/?p=15272","title":{"rendered":"Projet Target Malaria : L\u2019 ANSAL-BF invite les populations \u00e0 se d\u00e9marquer de l\u2019amalgame entre les diff\u00e9rents moustiques\u00a0"},"content":{"rendered":"<p><strong><span style=\"font-size: 1.0625rem;\">L\u2019Acad\u00e9mie nationale des sciences, des arts et des lettres du Burkina Faso (ANSAL-BF) appelle les populations \u00e0 se d\u00e9marquer de l\u2019amalgame entre les moustiques anoph\u00e8les, vecteur du paludisme (objet du projet Target Malaria ) et les moustiques Aedes, vecteur de la dengue.<\/span><\/strong><br \/><!--more--><\/p>\n<p>Dans le cadre du projet Target Malaria, qui vise \u00e0 lutter contre le paludisme, des moustiques g\u00e9n\u00e9tiquement modifi\u00e9s ont \u00e9t\u00e9 l\u00e2ch\u00e9s en juillet dans le village de Bana, province du Houet.\u00a0<\/p>\n<p>Ce l\u00e2cher de moustiques a occasionn\u00e9 des d\u00e9bats au sein de la population, selon l\u2019Acad\u00e9mie nationale des sciences, des arts et des lettres du Burkina Faso (ANSAL-BF ).<\/p>\n<figure id=\"attachment_15273\" aria-describedby=\"caption-attachment-15273\" style=\"width: 300px\" class=\"wp-caption alignleft\"><a href=\"https:\/\/www.latribunedufaso.net\/wp-content\/uploads\/2024\/08\/IMG-20240813-WA0019.jpg\"><img loading=\"lazy\" decoding=\"async\" class=\"size-medium wp-image-15273\" src=\"https:\/\/www.latribunedufaso.net\/wp-content\/uploads\/2024\/08\/IMG-20240813-WA0019-300x193.jpg\" alt=\"Image illustrative des moustiques du projet Target Malaria\" width=\"300\" height=\"193\" srcset=\"https:\/\/www.latribunedufaso.net\/wp-content\/uploads\/2024\/08\/IMG-20240813-WA0019-300x193.jpg 300w, https:\/\/www.latribunedufaso.net\/wp-content\/uploads\/2024\/08\/IMG-20240813-WA0019.jpg 713w\" sizes=\"auto, (max-width: 300px) 100vw, 300px\" \/><\/a><figcaption id=\"caption-attachment-15273\" class=\"wp-caption-text\">Image illustrative des moustiques du projet Target Malaria<\/figcaption><\/figure>\n<p>Pr\u00e9occup\u00e9 par ces d\u00e9bats <em><strong>\u00ab passionn\u00e9s \u00bb <\/strong><\/em>\u00e0 travers les m\u00e9dias, l\u2019acad\u00e9mie a, dans une d\u00e9claration le 06 ao\u00fbt 2024, appel\u00e9 les populations \u00e0 se d\u00e9marquer des contre-v\u00e9rit\u00e9s scientifiques <em><strong>\u00ab notamment de l\u2019amalgame entre les moustiques Anoph\u0117les, vecteurs du paludisme et objet du projet Target Malaria et les moustiques Aedes, vecteurs de la dengue \u00bb.<\/strong><\/em>\u00a0Elle les a par ailleurs invit\u00e9 \u00e0 faire confiance aux structures et instances \u00e9tatiques mises en place pour coordonner, d\u00e9velopper, surveiller et utiliser la recherche au service du bien-\u00eatre et du d\u00e9veloppement du Burkina Faso.<\/p>\n<figure id=\"attachment_15274\" aria-describedby=\"caption-attachment-15274\" style=\"width: 300px\" class=\"wp-caption alignleft\"><a href=\"https:\/\/www.latribunedufaso.net\/wp-content\/uploads\/2024\/08\/IMG-20240813-WA0018.jpg\"><img loading=\"lazy\" decoding=\"async\" class=\"size-medium wp-image-15274\" src=\"https:\/\/www.latribunedufaso.net\/wp-content\/uploads\/2024\/08\/IMG-20240813-WA0018-300x300.jpg\" alt=\"Logo du projet Target Malaria\" width=\"300\" height=\"300\" srcset=\"https:\/\/www.latribunedufaso.net\/wp-content\/uploads\/2024\/08\/IMG-20240813-WA0018-300x300.jpg 300w, https:\/\/www.latribunedufaso.net\/wp-content\/uploads\/2024\/08\/IMG-20240813-WA0018-150x150.jpg 150w, https:\/\/www.latribunedufaso.net\/wp-content\/uploads\/2024\/08\/IMG-20240813-WA0018.jpg 546w\" sizes=\"auto, (max-width: 300px) 100vw, 300px\" \/><\/a><figcaption id=\"caption-attachment-15274\" class=\"wp-caption-text\">Projet Target Malaria<\/figcaption><\/figure>\n<p>Dans cette m\u00eame d\u00e9claration, l\u2019ANSAL-BF a interpell\u00e9 les ministres en charge de la Sant\u00e9, de la Recherche scientifique et de l\u2019Environnement, \u00e0 soutenir, suivre et \u00e9valuer par tout moyen appropri\u00e9 le projet <em><strong>\u00ab en ce qu\u2019il constitue une approche compl\u00e9mentaire dans la lutte contre le paludisme dans notre pays \u00bb<\/strong><\/em> . Elle a \u00e9galement invit\u00e9 le D\u00e9l\u00e9gu\u00e9 g\u00e9n\u00e9ral du CNRST et le Directeur g\u00e9n\u00e9ral de l\u2019Agence nationale de bios\u00e9curit\u00e9 \u00e0 renforcer la communication en biotechnologie et en bios\u00e9curit\u00e9 autour du projet Target Malaria ainsi que des projets ayant les m\u00eames probl\u00e9matiques d\u2019organismes g\u00e9n\u00e9tiquement modifi\u00e9s afin d\u2019\u00e9clairer les populations et leur donner les justes informations.<\/p>\n<p>Target Malaria est un consortium de recherche international \u00e0 but non lucratif qui vise \u00e0 co- d\u00e9velopper et partager de nouvelles technologies g\u00e9n\u00e9tiques pour aider \u00e0 contr\u00f4ler le paludisme en Afrique.\u00a0<\/p>\n<p><strong><span style=\"font-size: 1.0625rem;\">Latribunedufaso.n<\/span><span style=\"font-size: 1.0625rem;\">et<\/span><\/strong><\/p>\n","protected":false},"excerpt":{"rendered":"<p>L\u2019Acad\u00e9mie nationale des sciences, des arts et des lettres du Burkina Faso (ANSAL-BF) appelle les populations \u00e0 se d\u00e9marquer de l\u2019amalgame entre les moustiques anoph\u00e8les, vecteur du paludisme (objet du projet Target Malaria ) et les moustiques Aedes, vecteur de la dengue.<\/p>\n","protected":false},"author":5,"featured_media":15273,"comment_status":"open","ping_status":"open","sticky":false,"template":"","format":"standard","meta":{"footnotes":""},"categories":[13,1,7],"tags":[49,71,39,72,69,70,68],"class_list":["post-15272","post","type-post","status-publish","format-standard","has-post-thumbnail","hentry","category-une","category-actu","category-sante","tag-burkina-faso","tag-lacher-de-moustiques","tag-latribunedufaso-net","tag-lutte-contre-le-paludisme","tag-moustiques","tag-moustiques-genetiquement-modifies","tag-target-malaria"],"yoast_head":"<!-- This site is optimized with the Yoast SEO plugin v27.5 - https:\/\/yoast.com\/product\/yoast-seo-wordpress\/ -->\n<title>Projet Target Malaria : L\u2019 ANSAL-BF invite les populations \u00e0 se d\u00e9marquer de l\u2019amalgame entre les diff\u00e9rents moustiques\u00a0 - La Tribune du Faso<\/title>\n<meta name=\"robots\" content=\"index, follow, max-snippet:-1, max-image-preview:large, max-video-preview:-1\" \/>\n<link rel=\"canonical\" href=\"https:\/\/www.latribunedufaso.net\/?p=15272\" \/>\n<meta property=\"og:locale\" content=\"fr_FR\" \/>\n<meta property=\"og:type\" content=\"article\" \/>\n<meta property=\"og:title\" content=\"Projet Target Malaria : L\u2019 ANSAL-BF invite les populations \u00e0 se d\u00e9marquer de l\u2019amalgame entre les diff\u00e9rents moustiques\u00a0 - La Tribune du Faso\" \/>\n<meta property=\"og:description\" content=\"L\u2019Acad\u00e9mie nationale des sciences, des arts et des lettres du Burkina Faso (ANSAL-BF) appelle les populations \u00e0 se d\u00e9marquer de l\u2019amalgame entre les moustiques anoph\u00e8les, vecteur du paludisme (objet du projet Target Malaria ) et les moustiques Aedes, vecteur de la dengue.\" \/>\n<meta property=\"og:url\" content=\"https:\/\/www.latribunedufaso.net\/?p=15272\" \/>\n<meta property=\"og:site_name\" content=\"La Tribune du Faso\" \/>\n<meta property=\"article:publisher\" content=\"https:\/\/www.facebook.com\/LatribuneduFaso\/\" \/>\n<meta property=\"article:published_time\" content=\"2024-08-13T14:27:20+00:00\" \/>\n<meta property=\"article:modified_time\" content=\"2024-08-13T14:28:35+00:00\" \/>\n<meta property=\"og:image\" content=\"https:\/\/www.latribunedufaso.net\/wp-content\/uploads\/2024\/08\/IMG-20240813-WA0019.jpg\" \/>\n\t<meta property=\"og:image:width\" content=\"713\" \/>\n\t<meta property=\"og:image:height\" content=\"459\" \/>\n\t<meta property=\"og:image:type\" content=\"image\/jpeg\" \/>\n<meta name=\"author\" content=\"Issouf Tapsoba\" \/>\n<meta name=\"twitter:label1\" content=\"\u00c9crit par\" \/>\n\t<meta name=\"twitter:data1\" content=\"Issouf Tapsoba\" \/>\n\t<meta name=\"twitter:label2\" content=\"Dur\u00e9e de lecture estim\u00e9e\" \/>\n\t<meta name=\"twitter:data2\" content=\"2 minutes\" \/>\n<script type=\"application\/ld+json\" class=\"yoast-schema-graph\">{\"@context\":\"https:\\\/\\\/schema.org\",\"@graph\":[{\"@type\":\"Article\",\"@id\":\"https:\\\/\\\/www.latribunedufaso.net\\\/?p=15272#article\",\"isPartOf\":{\"@id\":\"https:\\\/\\\/www.latribunedufaso.net\\\/?p=15272\"},\"author\":{\"name\":\"Issouf Tapsoba\",\"@id\":\"https:\\\/\\\/www.latribunedufaso.net\\\/#\\\/schema\\\/person\\\/e54e64c5778a7e72cf80a318b7a622b0\"},\"headline\":\"Projet Target Malaria : L\u2019 ANSAL-BF invite les populations \u00e0 se d\u00e9marquer de l\u2019amalgame entre les diff\u00e9rents moustiques\u00a0\",\"datePublished\":\"2024-08-13T14:27:20+00:00\",\"dateModified\":\"2024-08-13T14:28:35+00:00\",\"mainEntityOfPage\":{\"@id\":\"https:\\\/\\\/www.latribunedufaso.net\\\/?p=15272\"},\"wordCount\":408,\"commentCount\":0,\"publisher\":{\"@id\":\"https:\\\/\\\/www.latribunedufaso.net\\\/#organization\"},\"image\":{\"@id\":\"https:\\\/\\\/www.latribunedufaso.net\\\/?p=15272#primaryimage\"},\"thumbnailUrl\":\"https:\\\/\\\/www.latribunedufaso.net\\\/wp-content\\\/uploads\\\/2024\\\/08\\\/IMG-20240813-WA0019.jpg\",\"keywords\":[\"Burkina Faso\",\"l\u00e2cher de moustiques\",\"latribunedufaso.net\",\"lutte contre le paludisme\",\"moustiques\",\"moustiques g\u00e9n\u00e9tiquement modifi\u00e9s\",\"Target Malaria\"],\"articleSection\":[\"A la une\",\"Actualit\u00e9\",\"Sant\u00e9\"],\"inLanguage\":\"fr-FR\",\"potentialAction\":[{\"@type\":\"CommentAction\",\"name\":\"Comment\",\"target\":[\"https:\\\/\\\/www.latribunedufaso.net\\\/?p=15272#respond\"]}]},{\"@type\":\"WebPage\",\"@id\":\"https:\\\/\\\/www.latribunedufaso.net\\\/?p=15272\",\"url\":\"https:\\\/\\\/www.latribunedufaso.net\\\/?p=15272\",\"name\":\"Projet Target Malaria : L\u2019 ANSAL-BF invite les populations \u00e0 se d\u00e9marquer de l\u2019amalgame entre les diff\u00e9rents moustiques\u00a0 - La Tribune du Faso\",\"isPartOf\":{\"@id\":\"https:\\\/\\\/www.latribunedufaso.net\\\/#website\"},\"primaryImageOfPage\":{\"@id\":\"https:\\\/\\\/www.latribunedufaso.net\\\/?p=15272#primaryimage\"},\"image\":{\"@id\":\"https:\\\/\\\/www.latribunedufaso.net\\\/?p=15272#primaryimage\"},\"thumbnailUrl\":\"https:\\\/\\\/www.latribunedufaso.net\\\/wp-content\\\/uploads\\\/2024\\\/08\\\/IMG-20240813-WA0019.jpg\",\"datePublished\":\"2024-08-13T14:27:20+00:00\",\"dateModified\":\"2024-08-13T14:28:35+00:00\",\"breadcrumb\":{\"@id\":\"https:\\\/\\\/www.latribunedufaso.net\\\/?p=15272#breadcrumb\"},\"inLanguage\":\"fr-FR\",\"potentialAction\":[{\"@type\":\"ReadAction\",\"target\":[\"https:\\\/\\\/www.latribunedufaso.net\\\/?p=15272\"]}]},{\"@type\":\"ImageObject\",\"inLanguage\":\"fr-FR\",\"@id\":\"https:\\\/\\\/www.latribunedufaso.net\\\/?p=15272#primaryimage\",\"url\":\"https:\\\/\\\/www.latribunedufaso.net\\\/wp-content\\\/uploads\\\/2024\\\/08\\\/IMG-20240813-WA0019.jpg\",\"contentUrl\":\"https:\\\/\\\/www.latribunedufaso.net\\\/wp-content\\\/uploads\\\/2024\\\/08\\\/IMG-20240813-WA0019.jpg\",\"width\":713,\"height\":459,\"caption\":\"Image illustrative des moustiques du projet Target Malaria\"},{\"@type\":\"BreadcrumbList\",\"@id\":\"https:\\\/\\\/www.latribunedufaso.net\\\/?p=15272#breadcrumb\",\"itemListElement\":[{\"@type\":\"ListItem\",\"position\":1,\"name\":\"Accueil\",\"item\":\"https:\\\/\\\/www.latribunedufaso.net\\\/\"},{\"@type\":\"ListItem\",\"position\":2,\"name\":\"Projet Target Malaria : L\u2019 ANSAL-BF invite les populations \u00e0 se d\u00e9marquer de l\u2019amalgame entre les diff\u00e9rents moustiques\u00a0\"}]},{\"@type\":\"WebSite\",\"@id\":\"https:\\\/\\\/www.latribunedufaso.net\\\/#website\",\"url\":\"https:\\\/\\\/www.latribunedufaso.net\\\/\",\"name\":\"La Tribune du Faso\",\"description\":\"L&#039;information du monde rural en un clic\",\"publisher\":{\"@id\":\"https:\\\/\\\/www.latribunedufaso.net\\\/#organization\"},\"potentialAction\":[{\"@type\":\"SearchAction\",\"target\":{\"@type\":\"EntryPoint\",\"urlTemplate\":\"https:\\\/\\\/www.latribunedufaso.net\\\/?s={search_term_string}\"},\"query-input\":{\"@type\":\"PropertyValueSpecification\",\"valueRequired\":true,\"valueName\":\"search_term_string\"}}],\"inLanguage\":\"fr-FR\"},{\"@type\":\"Organization\",\"@id\":\"https:\\\/\\\/www.latribunedufaso.net\\\/#organization\",\"name\":\"La Tribune du Faso\",\"url\":\"https:\\\/\\\/www.latribunedufaso.net\\\/\",\"logo\":{\"@type\":\"ImageObject\",\"inLanguage\":\"fr-FR\",\"@id\":\"https:\\\/\\\/www.latribunedufaso.net\\\/#\\\/schema\\\/logo\\\/image\\\/\",\"url\":\"https:\\\/\\\/www.latribunedufaso.net\\\/wp-content\\\/uploads\\\/2020\\\/08\\\/Logo-Tribune-du-Faso-final-scaled.jpg\",\"contentUrl\":\"https:\\\/\\\/www.latribunedufaso.net\\\/wp-content\\\/uploads\\\/2020\\\/08\\\/Logo-Tribune-du-Faso-final-scaled.jpg\",\"width\":2560,\"height\":1856,\"caption\":\"La Tribune du Faso\"},\"image\":{\"@id\":\"https:\\\/\\\/www.latribunedufaso.net\\\/#\\\/schema\\\/logo\\\/image\\\/\"},\"sameAs\":[\"https:\\\/\\\/www.facebook.com\\\/LatribuneduFaso\\\/\"]},{\"@type\":\"Person\",\"@id\":\"https:\\\/\\\/www.latribunedufaso.net\\\/#\\\/schema\\\/person\\\/e54e64c5778a7e72cf80a318b7a622b0\",\"name\":\"Issouf Tapsoba\",\"image\":{\"@type\":\"ImageObject\",\"inLanguage\":\"fr-FR\",\"@id\":\"https:\\\/\\\/secure.gravatar.com\\\/avatar\\\/5e6c05150ce3230247d167f5b94d678eb05936197436d69b7921e3a95c9107ac?s=96&d=mm&r=g\",\"url\":\"https:\\\/\\\/secure.gravatar.com\\\/avatar\\\/5e6c05150ce3230247d167f5b94d678eb05936197436d69b7921e3a95c9107ac?s=96&d=mm&r=g\",\"contentUrl\":\"https:\\\/\\\/secure.gravatar.com\\\/avatar\\\/5e6c05150ce3230247d167f5b94d678eb05936197436d69b7921e3a95c9107ac?s=96&d=mm&r=g\",\"caption\":\"Issouf Tapsoba\"},\"url\":\"https:\\\/\\\/www.latribunedufaso.net\\\/?author=5\"}]}<\/script>\n<!-- \/ Yoast SEO plugin. -->","yoast_head_json":{"title":"Projet Target Malaria : L\u2019 ANSAL-BF invite les populations \u00e0 se d\u00e9marquer de l\u2019amalgame entre les diff\u00e9rents moustiques\u00a0 - La Tribune du Faso","robots":{"index":"index","follow":"follow","max-snippet":"max-snippet:-1","max-image-preview":"max-image-preview:large","max-video-preview":"max-video-preview:-1"},"canonical":"https:\/\/www.latribunedufaso.net\/?p=15272","og_locale":"fr_FR","og_type":"article","og_title":"Projet Target Malaria : L\u2019 ANSAL-BF invite les populations \u00e0 se d\u00e9marquer de l\u2019amalgame entre les diff\u00e9rents moustiques\u00a0 - La Tribune du Faso","og_description":"L\u2019Acad\u00e9mie nationale des sciences, des arts et des lettres du Burkina Faso (ANSAL-BF) appelle les populations \u00e0 se d\u00e9marquer de l\u2019amalgame entre les moustiques anoph\u00e8les, vecteur du paludisme (objet du projet Target Malaria ) et les moustiques Aedes, vecteur de la dengue.","og_url":"https:\/\/www.latribunedufaso.net\/?p=15272","og_site_name":"La Tribune du Faso","article_publisher":"https:\/\/www.facebook.com\/LatribuneduFaso\/","article_published_time":"2024-08-13T14:27:20+00:00","article_modified_time":"2024-08-13T14:28:35+00:00","og_image":[{"width":713,"height":459,"url":"https:\/\/www.latribunedufaso.net\/wp-content\/uploads\/2024\/08\/IMG-20240813-WA0019.jpg","type":"image\/jpeg"}],"author":"Issouf Tapsoba","twitter_misc":{"\u00c9crit par":"Issouf Tapsoba","Dur\u00e9e de lecture estim\u00e9e":"2 minutes"},"schema":{"@context":"https:\/\/schema.org","@graph":[{"@type":"Article","@id":"https:\/\/www.latribunedufaso.net\/?p=15272#article","isPartOf":{"@id":"https:\/\/www.latribunedufaso.net\/?p=15272"},"author":{"name":"Issouf Tapsoba","@id":"https:\/\/www.latribunedufaso.net\/#\/schema\/person\/e54e64c5778a7e72cf80a318b7a622b0"},"headline":"Projet Target Malaria : L\u2019 ANSAL-BF invite les populations \u00e0 se d\u00e9marquer de l\u2019amalgame entre les diff\u00e9rents moustiques\u00a0","datePublished":"2024-08-13T14:27:20+00:00","dateModified":"2024-08-13T14:28:35+00:00","mainEntityOfPage":{"@id":"https:\/\/www.latribunedufaso.net\/?p=15272"},"wordCount":408,"commentCount":0,"publisher":{"@id":"https:\/\/www.latribunedufaso.net\/#organization"},"image":{"@id":"https:\/\/www.latribunedufaso.net\/?p=15272#primaryimage"},"thumbnailUrl":"https:\/\/www.latribunedufaso.net\/wp-content\/uploads\/2024\/08\/IMG-20240813-WA0019.jpg","keywords":["Burkina Faso","l\u00e2cher de moustiques","latribunedufaso.net","lutte contre le paludisme","moustiques","moustiques g\u00e9n\u00e9tiquement modifi\u00e9s","Target Malaria"],"articleSection":["A la une","Actualit\u00e9","Sant\u00e9"],"inLanguage":"fr-FR","potentialAction":[{"@type":"CommentAction","name":"Comment","target":["https:\/\/www.latribunedufaso.net\/?p=15272#respond"]}]},{"@type":"WebPage","@id":"https:\/\/www.latribunedufaso.net\/?p=15272","url":"https:\/\/www.latribunedufaso.net\/?p=15272","name":"Projet Target Malaria : L\u2019 ANSAL-BF invite les populations \u00e0 se d\u00e9marquer de l\u2019amalgame entre les diff\u00e9rents moustiques\u00a0 - La Tribune du Faso","isPartOf":{"@id":"https:\/\/www.latribunedufaso.net\/#website"},"primaryImageOfPage":{"@id":"https:\/\/www.latribunedufaso.net\/?p=15272#primaryimage"},"image":{"@id":"https:\/\/www.latribunedufaso.net\/?p=15272#primaryimage"},"thumbnailUrl":"https:\/\/www.latribunedufaso.net\/wp-content\/uploads\/2024\/08\/IMG-20240813-WA0019.jpg","datePublished":"2024-08-13T14:27:20+00:00","dateModified":"2024-08-13T14:28:35+00:00","breadcrumb":{"@id":"https:\/\/www.latribunedufaso.net\/?p=15272#breadcrumb"},"inLanguage":"fr-FR","potentialAction":[{"@type":"ReadAction","target":["https:\/\/www.latribunedufaso.net\/?p=15272"]}]},{"@type":"ImageObject","inLanguage":"fr-FR","@id":"https:\/\/www.latribunedufaso.net\/?p=15272#primaryimage","url":"https:\/\/www.latribunedufaso.net\/wp-content\/uploads\/2024\/08\/IMG-20240813-WA0019.jpg","contentUrl":"https:\/\/www.latribunedufaso.net\/wp-content\/uploads\/2024\/08\/IMG-20240813-WA0019.jpg","width":713,"height":459,"caption":"Image illustrative des moustiques du projet Target Malaria"},{"@type":"BreadcrumbList","@id":"https:\/\/www.latribunedufaso.net\/?p=15272#breadcrumb","itemListElement":[{"@type":"ListItem","position":1,"name":"Accueil","item":"https:\/\/www.latribunedufaso.net\/"},{"@type":"ListItem","position":2,"name":"Projet Target Malaria : L\u2019 ANSAL-BF invite les populations \u00e0 se d\u00e9marquer de l\u2019amalgame entre les diff\u00e9rents moustiques\u00a0"}]},{"@type":"WebSite","@id":"https:\/\/www.latribunedufaso.net\/#website","url":"https:\/\/www.latribunedufaso.net\/","name":"La Tribune du Faso","description":"L&#039;information du monde rural en un clic","publisher":{"@id":"https:\/\/www.latribunedufaso.net\/#organization"},"potentialAction":[{"@type":"SearchAction","target":{"@type":"EntryPoint","urlTemplate":"https:\/\/www.latribunedufaso.net\/?s={search_term_string}"},"query-input":{"@type":"PropertyValueSpecification","valueRequired":true,"valueName":"search_term_string"}}],"inLanguage":"fr-FR"},{"@type":"Organization","@id":"https:\/\/www.latribunedufaso.net\/#organization","name":"La Tribune du Faso","url":"https:\/\/www.latribunedufaso.net\/","logo":{"@type":"ImageObject","inLanguage":"fr-FR","@id":"https:\/\/www.latribunedufaso.net\/#\/schema\/logo\/image\/","url":"https:\/\/www.latribunedufaso.net\/wp-content\/uploads\/2020\/08\/Logo-Tribune-du-Faso-final-scaled.jpg","contentUrl":"https:\/\/www.latribunedufaso.net\/wp-content\/uploads\/2020\/08\/Logo-Tribune-du-Faso-final-scaled.jpg","width":2560,"height":1856,"caption":"La Tribune du Faso"},"image":{"@id":"https:\/\/www.latribunedufaso.net\/#\/schema\/logo\/image\/"},"sameAs":["https:\/\/www.facebook.com\/LatribuneduFaso\/"]},{"@type":"Person","@id":"https:\/\/www.latribunedufaso.net\/#\/schema\/person\/e54e64c5778a7e72cf80a318b7a622b0","name":"Issouf Tapsoba","image":{"@type":"ImageObject","inLanguage":"fr-FR","@id":"https:\/\/secure.gravatar.com\/avatar\/5e6c05150ce3230247d167f5b94d678eb05936197436d69b7921e3a95c9107ac?s=96&d=mm&r=g","url":"https:\/\/secure.gravatar.com\/avatar\/5e6c05150ce3230247d167f5b94d678eb05936197436d69b7921e3a95c9107ac?s=96&d=mm&r=g","contentUrl":"https:\/\/secure.gravatar.com\/avatar\/5e6c05150ce3230247d167f5b94d678eb05936197436d69b7921e3a95c9107ac?s=96&d=mm&r=g","caption":"Issouf Tapsoba"},"url":"https:\/\/www.latribunedufaso.net\/?author=5"}]}},"_links":{"self":[{"href":"https:\/\/www.latribunedufaso.net\/index.php?rest_route=\/wp\/v2\/posts\/15272","targetHints":{"allow":["GET"]}}],"collection":[{"href":"https:\/\/www.latribunedufaso.net\/index.php?rest_route=\/wp\/v2\/posts"}],"about":[{"href":"https:\/\/www.latribunedufaso.net\/index.php?rest_route=\/wp\/v2\/types\/post"}],"author":[{"embeddable":true,"href":"https:\/\/www.latribunedufaso.net\/index.php?rest_route=\/wp\/v2\/users\/5"}],"replies":[{"embeddable":true,"href":"https:\/\/www.latribunedufaso.net\/index.php?rest_route=%2Fwp%2Fv2%2Fcomments&post=15272"}],"version-history":[{"count":3,"href":"https:\/\/www.latribunedufaso.net\/index.php?rest_route=\/wp\/v2\/posts\/15272\/revisions"}],"predecessor-version":[{"id":15277,"href":"https:\/\/www.latribunedufaso.net\/index.php?rest_route=\/wp\/v2\/posts\/15272\/revisions\/15277"}],"wp:featuredmedia":[{"embeddable":true,"href":"https:\/\/www.latribunedufaso.net\/index.php?rest_route=\/wp\/v2\/media\/15273"}],"wp:attachment":[{"href":"https:\/\/www.latribunedufaso.net\/index.php?rest_route=%2Fwp%2Fv2%2Fmedia&parent=15272"}],"wp:term":[{"taxonomy":"category","embeddable":true,"href":"https:\/\/www.latribunedufaso.net\/index.php?rest_route=%2Fwp%2Fv2%2Fcategories&post=15272"},{"taxonomy":"post_tag","embeddable":true,"href":"https:\/\/www.latribunedufaso.net\/index.php?rest_route=%2Fwp%2Fv2%2Ftags&post=15272"}],"curies":[{"name":"wp","href":"https:\/\/api.w.org\/{rel}","templated":true}]}}