{"id":15266,"date":"2024-08-11T16:00:36","date_gmt":"2024-08-11T16:00:36","guid":{"rendered":"https:\/\/www.latribunedufaso.net\/?p=15266"},"modified":"2024-08-11T16:00:36","modified_gmt":"2024-08-11T16:00:36","slug":"media-la-tribune-du-faso-renforce-les-capacites-de-sa-redaction","status":"publish","type":"post","link":"https:\/\/www.latribunedufaso.net\/?p=15266","title":{"rendered":"M\u00e9dia : La Tribune du Faso renforce les capacit\u00e9s de sa r\u00e9daction\u00a0"},"content":{"rendered":"<p><strong><span style=\"font-size: 1.0625rem;\">Les 5 et 6 ao\u00fbt 2024, le m\u00e9dia en ligne la Tribune du Faso a organis\u00e9 une formation en mobile journalisme (MOJO) et en technique de r\u00e9daction web au profit de ses journalistes.\u00a0<\/span><\/strong><br \/><!--more--><\/p>\n<p>La formation a consist\u00e9 \u00e0 renforcer les capacit\u00e9s des journalistes de la Tribune du Faso en prise de vue et montage vid\u00e9o avec le smartphone. Aussi, ont-ils renforcer leur comp\u00e9tence en techniques de r\u00e9daction web.<\/p>\n<figure id=\"attachment_15269\" aria-describedby=\"caption-attachment-15269\" style=\"width: 300px\" class=\"wp-caption alignleft\"><a href=\"https:\/\/www.latribunedufaso.net\/wp-content\/uploads\/2024\/08\/IMG_20240806_160328_816-scaled.jpg\"><img loading=\"lazy\" decoding=\"async\" class=\"size-medium wp-image-15269\" src=\"https:\/\/www.latribunedufaso.net\/wp-content\/uploads\/2024\/08\/IMG_20240806_160328_816-300x225.jpg\" alt=\"Le DP de la Tribune du Faso lors de la formation MOJO le 05 ao\u00fbt 2024\" width=\"300\" height=\"225\" srcset=\"https:\/\/www.latribunedufaso.net\/wp-content\/uploads\/2024\/08\/IMG_20240806_160328_816-300x225.jpg 300w, https:\/\/www.latribunedufaso.net\/wp-content\/uploads\/2024\/08\/IMG_20240806_160328_816-1024x768.jpg 1024w, https:\/\/www.latribunedufaso.net\/wp-content\/uploads\/2024\/08\/IMG_20240806_160328_816-768x576.jpg 768w, https:\/\/www.latribunedufaso.net\/wp-content\/uploads\/2024\/08\/IMG_20240806_160328_816-1536x1152.jpg 1536w, https:\/\/www.latribunedufaso.net\/wp-content\/uploads\/2024\/08\/IMG_20240806_160328_816-2048x1536.jpg 2048w\" sizes=\"auto, (max-width: 300px) 100vw, 300px\" \/><\/a><figcaption id=\"caption-attachment-15269\" class=\"wp-caption-text\">Le Directeur de publication de la Tribune du Faso, Marcus Kouaman &#8211; Ph. I. Tapsoba<\/figcaption><\/figure>\n<p>Cette session entre dans le cadre des activit\u00e9s de renforcement des capacit\u00e9s des collaborateurs de la Tribune du Faso, a expliqu\u00e9 le Directeur de publication, Marcus Kouaman. <span style=\"font-size: 1.0625rem;\"><em><strong>\u00ab De plus en plus, les m\u00e9dias en ligne se conforment \u00e0 un format ou il faut associer le texte aux photos et aux vid\u00e9os dans le but d\u2019avoir un contenu plus attrayant \u00bb,<\/strong><\/em> a-t-il ajout\u00e9 en indiquant que la Tribune du Faso sera d\u00e9sormais orient\u00e9 vers ce mod\u00e8le.\u00a0<\/span><\/p>\n<figure id=\"attachment_15268\" aria-describedby=\"caption-attachment-15268\" style=\"width: 300px\" class=\"wp-caption alignleft\"><a href=\"https:\/\/www.latribunedufaso.net\/wp-content\/uploads\/2024\/08\/IMG_20240806_155833_093-scaled.jpg\"><img loading=\"lazy\" decoding=\"async\" class=\"size-medium wp-image-15268\" src=\"https:\/\/www.latribunedufaso.net\/wp-content\/uploads\/2024\/08\/IMG_20240806_155833_093-300x225.jpg\" alt=\"Le formateur, Abdou Zour\u00e9 s'exprime lors de la formation MOJO le 05 ao\u00fbt 2024\" width=\"300\" height=\"225\" srcset=\"https:\/\/www.latribunedufaso.net\/wp-content\/uploads\/2024\/08\/IMG_20240806_155833_093-300x225.jpg 300w, https:\/\/www.latribunedufaso.net\/wp-content\/uploads\/2024\/08\/IMG_20240806_155833_093-1024x768.jpg 1024w, https:\/\/www.latribunedufaso.net\/wp-content\/uploads\/2024\/08\/IMG_20240806_155833_093-768x576.jpg 768w, https:\/\/www.latribunedufaso.net\/wp-content\/uploads\/2024\/08\/IMG_20240806_155833_093-1536x1152.jpg 1536w, https:\/\/www.latribunedufaso.net\/wp-content\/uploads\/2024\/08\/IMG_20240806_155833_093-2048x1536.jpg 2048w\" sizes=\"auto, (max-width: 300px) 100vw, 300px\" \/><\/a><figcaption id=\"caption-attachment-15268\" class=\"wp-caption-text\">Le formateur, Abdou Zour\u00e9 &#8211; Ph. I. Tapsoba<\/figcaption><\/figure>\n<p><em><strong>\u00ab Durant ces deux jours de formation, les participants ont \u00e9t\u00e9 \u00e0 la hauteur et dispos\u00e9s \u00e0 apprendre. Cela se verra certainement dans les prochains \u00e9crits \u00bb<\/strong><\/em>, a avou\u00e9 le formateur, Abdou Zour\u00e9. A l&rsquo;\u00e9couter, les participants ont bien assimil\u00e9 tous les modules de formation.<\/p>\n<p>Les participants ont exprim\u00e9 leur satisfaction. <em><strong>\u00ab La formation s\u2019est bien pass\u00e9e. Elle \u00e9tait vraiment int\u00e9ressante. Nous avons appris \u00e0 faire des vid\u00e9os avec le smartphone et des choses qu\u2019on ne ma\u00eetrisait pas avant \u00bb,<\/strong> <\/em>s&rsquo;est r\u00e9joui Issouf Tapsoba, journaliste \u00e0 la Tribune du Faso.<\/p>\n<figure id=\"attachment_15267\" aria-describedby=\"caption-attachment-15267\" style=\"width: 300px\" class=\"wp-caption alignleft\"><a href=\"https:\/\/www.latribunedufaso.net\/wp-content\/uploads\/2024\/08\/IMG_20240806_160740_997-scaled.jpg\"><img loading=\"lazy\" decoding=\"async\" class=\"size-medium wp-image-15267\" src=\"https:\/\/www.latribunedufaso.net\/wp-content\/uploads\/2024\/08\/IMG_20240806_160740_997-300x225.jpg\" alt=\"Tapsoba Issouf, journaliste de la tribune du Faso s'exprime sur la formation MOJO, le 05 ao\u00fbt 2024\" width=\"300\" height=\"225\" srcset=\"https:\/\/www.latribunedufaso.net\/wp-content\/uploads\/2024\/08\/IMG_20240806_160740_997-300x225.jpg 300w, https:\/\/www.latribunedufaso.net\/wp-content\/uploads\/2024\/08\/IMG_20240806_160740_997-1024x768.jpg 1024w, https:\/\/www.latribunedufaso.net\/wp-content\/uploads\/2024\/08\/IMG_20240806_160740_997-768x576.jpg 768w, https:\/\/www.latribunedufaso.net\/wp-content\/uploads\/2024\/08\/IMG_20240806_160740_997-1536x1152.jpg 1536w, https:\/\/www.latribunedufaso.net\/wp-content\/uploads\/2024\/08\/IMG_20240806_160740_997-2048x1536.jpg 2048w\" sizes=\"auto, (max-width: 300px) 100vw, 300px\" \/><\/a><figcaption id=\"caption-attachment-15267\" class=\"wp-caption-text\">Issouf Tapsoba, participant \u00e0 la formation sur le MOJO &#8211; Ph. I. Tapsoba<\/figcaption><\/figure>\n<p>Notons que cette formation n\u2019est pas une premi\u00e8re pour ce m\u00e9dia en ligne qui existe depuis 5 ans. Il est soucieux de la qualit\u00e9 de l\u2019information transmise a ses lecteurs. <span style=\"font-size: 1.0625rem;\">En rappel, la Tribune du Faso est une presse en ligne de droit burkinab\u00e8 sp\u00e9cialis\u00e9e dans la collecte, le traitement et la diffusion des information du monde rural national et international.<\/span><\/p>\n<p><strong>Ines TOUGMA\u00a0<\/strong><\/p>\n<p><strong>Latribu<span style=\"font-size: 1.0625rem;\">nedufaso.net\u00a0<\/span><\/strong><\/p>\n","protected":false},"excerpt":{"rendered":"<p>Les 5 et 6 ao\u00fbt 2024, le m\u00e9dia en ligne la Tribune du Faso a organis\u00e9 une formation en mobile journalisme (MOJO) et en technique de r\u00e9daction web au profit de ses journalistes.\u00a0<\/p>\n","protected":false},"author":5,"featured_media":15270,"comment_status":"open","ping_status":"open","sticky":false,"template":"","format":"standard","meta":{"footnotes":""},"categories":[13,1,8],"tags":[67,39],"class_list":["post-15266","post","type-post","status-publish","format-standard","has-post-thumbnail","hentry","category-une","category-actu","category-societe","tag-formation-mojo","tag-latribunedufaso-net"],"yoast_head":"<!-- This site is optimized with the Yoast SEO plugin v27.5 - https:\/\/yoast.com\/product\/yoast-seo-wordpress\/ -->\n<title>M\u00e9dia : La Tribune du Faso renforce les capacit\u00e9s de sa r\u00e9daction\u00a0 - La Tribune du Faso<\/title>\n<meta name=\"robots\" content=\"index, follow, max-snippet:-1, max-image-preview:large, max-video-preview:-1\" \/>\n<link rel=\"canonical\" href=\"https:\/\/www.latribunedufaso.net\/?p=15266\" \/>\n<meta property=\"og:locale\" content=\"fr_FR\" \/>\n<meta property=\"og:type\" content=\"article\" \/>\n<meta property=\"og:title\" content=\"M\u00e9dia : La Tribune du Faso renforce les capacit\u00e9s de sa r\u00e9daction\u00a0 - La Tribune du Faso\" \/>\n<meta property=\"og:description\" content=\"Les 5 et 6 ao\u00fbt 2024, le m\u00e9dia en ligne la Tribune du Faso a organis\u00e9 une formation en mobile journalisme (MOJO) et en technique de r\u00e9daction web au profit de ses journalistes.\u00a0\" \/>\n<meta property=\"og:url\" content=\"https:\/\/www.latribunedufaso.net\/?p=15266\" \/>\n<meta property=\"og:site_name\" content=\"La Tribune du Faso\" \/>\n<meta property=\"article:publisher\" content=\"https:\/\/www.facebook.com\/LatribuneduFaso\/\" \/>\n<meta property=\"article:published_time\" content=\"2024-08-11T16:00:36+00:00\" \/>\n<meta property=\"og:image\" content=\"https:\/\/www.latribunedufaso.net\/wp-content\/uploads\/2024\/08\/IMG_20240805_093953_662-scaled.jpg\" \/>\n\t<meta property=\"og:image:width\" content=\"2560\" \/>\n\t<meta property=\"og:image:height\" content=\"1920\" \/>\n\t<meta property=\"og:image:type\" content=\"image\/jpeg\" \/>\n<meta name=\"author\" content=\"Issouf Tapsoba\" \/>\n<meta name=\"twitter:label1\" content=\"\u00c9crit par\" \/>\n\t<meta name=\"twitter:data1\" content=\"Issouf Tapsoba\" \/>\n\t<meta name=\"twitter:label2\" content=\"Dur\u00e9e de lecture estim\u00e9e\" \/>\n\t<meta name=\"twitter:data2\" content=\"2 minutes\" \/>\n<script type=\"application\/ld+json\" class=\"yoast-schema-graph\">{\"@context\":\"https:\\\/\\\/schema.org\",\"@graph\":[{\"@type\":\"Article\",\"@id\":\"https:\\\/\\\/www.latribunedufaso.net\\\/?p=15266#article\",\"isPartOf\":{\"@id\":\"https:\\\/\\\/www.latribunedufaso.net\\\/?p=15266\"},\"author\":{\"name\":\"Issouf Tapsoba\",\"@id\":\"https:\\\/\\\/www.latribunedufaso.net\\\/#\\\/schema\\\/person\\\/e54e64c5778a7e72cf80a318b7a622b0\"},\"headline\":\"M\u00e9dia : La Tribune du Faso renforce les capacit\u00e9s de sa r\u00e9daction\u00a0\",\"datePublished\":\"2024-08-11T16:00:36+00:00\",\"mainEntityOfPage\":{\"@id\":\"https:\\\/\\\/www.latribunedufaso.net\\\/?p=15266\"},\"wordCount\":383,\"commentCount\":0,\"publisher\":{\"@id\":\"https:\\\/\\\/www.latribunedufaso.net\\\/#organization\"},\"image\":{\"@id\":\"https:\\\/\\\/www.latribunedufaso.net\\\/?p=15266#primaryimage\"},\"thumbnailUrl\":\"https:\\\/\\\/www.latribunedufaso.net\\\/wp-content\\\/uploads\\\/2024\\\/08\\\/IMG_20240805_093953_662-scaled.jpg\",\"keywords\":[\"formation MOJO\",\"latribunedufaso.net\"],\"articleSection\":[\"A la une\",\"Actualit\u00e9\",\"Soci\u00e9t\u00e9\"],\"inLanguage\":\"fr-FR\",\"potentialAction\":[{\"@type\":\"CommentAction\",\"name\":\"Comment\",\"target\":[\"https:\\\/\\\/www.latribunedufaso.net\\\/?p=15266#respond\"]}]},{\"@type\":\"WebPage\",\"@id\":\"https:\\\/\\\/www.latribunedufaso.net\\\/?p=15266\",\"url\":\"https:\\\/\\\/www.latribunedufaso.net\\\/?p=15266\",\"name\":\"M\u00e9dia : La Tribune du Faso renforce les capacit\u00e9s de sa r\u00e9daction\u00a0 - La Tribune du Faso\",\"isPartOf\":{\"@id\":\"https:\\\/\\\/www.latribunedufaso.net\\\/#website\"},\"primaryImageOfPage\":{\"@id\":\"https:\\\/\\\/www.latribunedufaso.net\\\/?p=15266#primaryimage\"},\"image\":{\"@id\":\"https:\\\/\\\/www.latribunedufaso.net\\\/?p=15266#primaryimage\"},\"thumbnailUrl\":\"https:\\\/\\\/www.latribunedufaso.net\\\/wp-content\\\/uploads\\\/2024\\\/08\\\/IMG_20240805_093953_662-scaled.jpg\",\"datePublished\":\"2024-08-11T16:00:36+00:00\",\"breadcrumb\":{\"@id\":\"https:\\\/\\\/www.latribunedufaso.net\\\/?p=15266#breadcrumb\"},\"inLanguage\":\"fr-FR\",\"potentialAction\":[{\"@type\":\"ReadAction\",\"target\":[\"https:\\\/\\\/www.latribunedufaso.net\\\/?p=15266\"]}]},{\"@type\":\"ImageObject\",\"inLanguage\":\"fr-FR\",\"@id\":\"https:\\\/\\\/www.latribunedufaso.net\\\/?p=15266#primaryimage\",\"url\":\"https:\\\/\\\/www.latribunedufaso.net\\\/wp-content\\\/uploads\\\/2024\\\/08\\\/IMG_20240805_093953_662-scaled.jpg\",\"contentUrl\":\"https:\\\/\\\/www.latribunedufaso.net\\\/wp-content\\\/uploads\\\/2024\\\/08\\\/IMG_20240805_093953_662-scaled.jpg\",\"width\":2560,\"height\":1920,\"caption\":\"Les journalistes de la Tribune du Faso ont renforc\u00e9 leur capacit\u00e9 en MOJO - Ph I. Tapsoba\"},{\"@type\":\"BreadcrumbList\",\"@id\":\"https:\\\/\\\/www.latribunedufaso.net\\\/?p=15266#breadcrumb\",\"itemListElement\":[{\"@type\":\"ListItem\",\"position\":1,\"name\":\"Accueil\",\"item\":\"https:\\\/\\\/www.latribunedufaso.net\\\/\"},{\"@type\":\"ListItem\",\"position\":2,\"name\":\"M\u00e9dia : La Tribune du Faso renforce les capacit\u00e9s de sa r\u00e9daction\u00a0\"}]},{\"@type\":\"WebSite\",\"@id\":\"https:\\\/\\\/www.latribunedufaso.net\\\/#website\",\"url\":\"https:\\\/\\\/www.latribunedufaso.net\\\/\",\"name\":\"La Tribune du Faso\",\"description\":\"L&#039;information du monde rural en un clic\",\"publisher\":{\"@id\":\"https:\\\/\\\/www.latribunedufaso.net\\\/#organization\"},\"potentialAction\":[{\"@type\":\"SearchAction\",\"target\":{\"@type\":\"EntryPoint\",\"urlTemplate\":\"https:\\\/\\\/www.latribunedufaso.net\\\/?s={search_term_string}\"},\"query-input\":{\"@type\":\"PropertyValueSpecification\",\"valueRequired\":true,\"valueName\":\"search_term_string\"}}],\"inLanguage\":\"fr-FR\"},{\"@type\":\"Organization\",\"@id\":\"https:\\\/\\\/www.latribunedufaso.net\\\/#organization\",\"name\":\"La Tribune du Faso\",\"url\":\"https:\\\/\\\/www.latribunedufaso.net\\\/\",\"logo\":{\"@type\":\"ImageObject\",\"inLanguage\":\"fr-FR\",\"@id\":\"https:\\\/\\\/www.latribunedufaso.net\\\/#\\\/schema\\\/logo\\\/image\\\/\",\"url\":\"https:\\\/\\\/www.latribunedufaso.net\\\/wp-content\\\/uploads\\\/2020\\\/08\\\/Logo-Tribune-du-Faso-final-scaled.jpg\",\"contentUrl\":\"https:\\\/\\\/www.latribunedufaso.net\\\/wp-content\\\/uploads\\\/2020\\\/08\\\/Logo-Tribune-du-Faso-final-scaled.jpg\",\"width\":2560,\"height\":1856,\"caption\":\"La Tribune du Faso\"},\"image\":{\"@id\":\"https:\\\/\\\/www.latribunedufaso.net\\\/#\\\/schema\\\/logo\\\/image\\\/\"},\"sameAs\":[\"https:\\\/\\\/www.facebook.com\\\/LatribuneduFaso\\\/\"]},{\"@type\":\"Person\",\"@id\":\"https:\\\/\\\/www.latribunedufaso.net\\\/#\\\/schema\\\/person\\\/e54e64c5778a7e72cf80a318b7a622b0\",\"name\":\"Issouf Tapsoba\",\"image\":{\"@type\":\"ImageObject\",\"inLanguage\":\"fr-FR\",\"@id\":\"https:\\\/\\\/secure.gravatar.com\\\/avatar\\\/5e6c05150ce3230247d167f5b94d678eb05936197436d69b7921e3a95c9107ac?s=96&d=mm&r=g\",\"url\":\"https:\\\/\\\/secure.gravatar.com\\\/avatar\\\/5e6c05150ce3230247d167f5b94d678eb05936197436d69b7921e3a95c9107ac?s=96&d=mm&r=g\",\"contentUrl\":\"https:\\\/\\\/secure.gravatar.com\\\/avatar\\\/5e6c05150ce3230247d167f5b94d678eb05936197436d69b7921e3a95c9107ac?s=96&d=mm&r=g\",\"caption\":\"Issouf Tapsoba\"},\"url\":\"https:\\\/\\\/www.latribunedufaso.net\\\/?author=5\"}]}<\/script>\n<!-- \/ Yoast SEO plugin. -->","yoast_head_json":{"title":"M\u00e9dia : La Tribune du Faso renforce les capacit\u00e9s de sa r\u00e9daction\u00a0 - La Tribune du Faso","robots":{"index":"index","follow":"follow","max-snippet":"max-snippet:-1","max-image-preview":"max-image-preview:large","max-video-preview":"max-video-preview:-1"},"canonical":"https:\/\/www.latribunedufaso.net\/?p=15266","og_locale":"fr_FR","og_type":"article","og_title":"M\u00e9dia : La Tribune du Faso renforce les capacit\u00e9s de sa r\u00e9daction\u00a0 - La Tribune du Faso","og_description":"Les 5 et 6 ao\u00fbt 2024, le m\u00e9dia en ligne la Tribune du Faso a organis\u00e9 une formation en mobile journalisme (MOJO) et en technique de r\u00e9daction web au profit de ses journalistes.\u00a0","og_url":"https:\/\/www.latribunedufaso.net\/?p=15266","og_site_name":"La Tribune du Faso","article_publisher":"https:\/\/www.facebook.com\/LatribuneduFaso\/","article_published_time":"2024-08-11T16:00:36+00:00","og_image":[{"width":2560,"height":1920,"url":"https:\/\/www.latribunedufaso.net\/wp-content\/uploads\/2024\/08\/IMG_20240805_093953_662-scaled.jpg","type":"image\/jpeg"}],"author":"Issouf Tapsoba","twitter_misc":{"\u00c9crit par":"Issouf Tapsoba","Dur\u00e9e de lecture estim\u00e9e":"2 minutes"},"schema":{"@context":"https:\/\/schema.org","@graph":[{"@type":"Article","@id":"https:\/\/www.latribunedufaso.net\/?p=15266#article","isPartOf":{"@id":"https:\/\/www.latribunedufaso.net\/?p=15266"},"author":{"name":"Issouf Tapsoba","@id":"https:\/\/www.latribunedufaso.net\/#\/schema\/person\/e54e64c5778a7e72cf80a318b7a622b0"},"headline":"M\u00e9dia : La Tribune du Faso renforce les capacit\u00e9s de sa r\u00e9daction\u00a0","datePublished":"2024-08-11T16:00:36+00:00","mainEntityOfPage":{"@id":"https:\/\/www.latribunedufaso.net\/?p=15266"},"wordCount":383,"commentCount":0,"publisher":{"@id":"https:\/\/www.latribunedufaso.net\/#organization"},"image":{"@id":"https:\/\/www.latribunedufaso.net\/?p=15266#primaryimage"},"thumbnailUrl":"https:\/\/www.latribunedufaso.net\/wp-content\/uploads\/2024\/08\/IMG_20240805_093953_662-scaled.jpg","keywords":["formation MOJO","latribunedufaso.net"],"articleSection":["A la une","Actualit\u00e9","Soci\u00e9t\u00e9"],"inLanguage":"fr-FR","potentialAction":[{"@type":"CommentAction","name":"Comment","target":["https:\/\/www.latribunedufaso.net\/?p=15266#respond"]}]},{"@type":"WebPage","@id":"https:\/\/www.latribunedufaso.net\/?p=15266","url":"https:\/\/www.latribunedufaso.net\/?p=15266","name":"M\u00e9dia : La Tribune du Faso renforce les capacit\u00e9s de sa r\u00e9daction\u00a0 - La Tribune du Faso","isPartOf":{"@id":"https:\/\/www.latribunedufaso.net\/#website"},"primaryImageOfPage":{"@id":"https:\/\/www.latribunedufaso.net\/?p=15266#primaryimage"},"image":{"@id":"https:\/\/www.latribunedufaso.net\/?p=15266#primaryimage"},"thumbnailUrl":"https:\/\/www.latribunedufaso.net\/wp-content\/uploads\/2024\/08\/IMG_20240805_093953_662-scaled.jpg","datePublished":"2024-08-11T16:00:36+00:00","breadcrumb":{"@id":"https:\/\/www.latribunedufaso.net\/?p=15266#breadcrumb"},"inLanguage":"fr-FR","potentialAction":[{"@type":"ReadAction","target":["https:\/\/www.latribunedufaso.net\/?p=15266"]}]},{"@type":"ImageObject","inLanguage":"fr-FR","@id":"https:\/\/www.latribunedufaso.net\/?p=15266#primaryimage","url":"https:\/\/www.latribunedufaso.net\/wp-content\/uploads\/2024\/08\/IMG_20240805_093953_662-scaled.jpg","contentUrl":"https:\/\/www.latribunedufaso.net\/wp-content\/uploads\/2024\/08\/IMG_20240805_093953_662-scaled.jpg","width":2560,"height":1920,"caption":"Les journalistes de la Tribune du Faso ont renforc\u00e9 leur capacit\u00e9 en MOJO - Ph I. Tapsoba"},{"@type":"BreadcrumbList","@id":"https:\/\/www.latribunedufaso.net\/?p=15266#breadcrumb","itemListElement":[{"@type":"ListItem","position":1,"name":"Accueil","item":"https:\/\/www.latribunedufaso.net\/"},{"@type":"ListItem","position":2,"name":"M\u00e9dia : La Tribune du Faso renforce les capacit\u00e9s de sa r\u00e9daction\u00a0"}]},{"@type":"WebSite","@id":"https:\/\/www.latribunedufaso.net\/#website","url":"https:\/\/www.latribunedufaso.net\/","name":"La Tribune du Faso","description":"L&#039;information du monde rural en un clic","publisher":{"@id":"https:\/\/www.latribunedufaso.net\/#organization"},"potentialAction":[{"@type":"SearchAction","target":{"@type":"EntryPoint","urlTemplate":"https:\/\/www.latribunedufaso.net\/?s={search_term_string}"},"query-input":{"@type":"PropertyValueSpecification","valueRequired":true,"valueName":"search_term_string"}}],"inLanguage":"fr-FR"},{"@type":"Organization","@id":"https:\/\/www.latribunedufaso.net\/#organization","name":"La Tribune du Faso","url":"https:\/\/www.latribunedufaso.net\/","logo":{"@type":"ImageObject","inLanguage":"fr-FR","@id":"https:\/\/www.latribunedufaso.net\/#\/schema\/logo\/image\/","url":"https:\/\/www.latribunedufaso.net\/wp-content\/uploads\/2020\/08\/Logo-Tribune-du-Faso-final-scaled.jpg","contentUrl":"https:\/\/www.latribunedufaso.net\/wp-content\/uploads\/2020\/08\/Logo-Tribune-du-Faso-final-scaled.jpg","width":2560,"height":1856,"caption":"La Tribune du Faso"},"image":{"@id":"https:\/\/www.latribunedufaso.net\/#\/schema\/logo\/image\/"},"sameAs":["https:\/\/www.facebook.com\/LatribuneduFaso\/"]},{"@type":"Person","@id":"https:\/\/www.latribunedufaso.net\/#\/schema\/person\/e54e64c5778a7e72cf80a318b7a622b0","name":"Issouf Tapsoba","image":{"@type":"ImageObject","inLanguage":"fr-FR","@id":"https:\/\/secure.gravatar.com\/avatar\/5e6c05150ce3230247d167f5b94d678eb05936197436d69b7921e3a95c9107ac?s=96&d=mm&r=g","url":"https:\/\/secure.gravatar.com\/avatar\/5e6c05150ce3230247d167f5b94d678eb05936197436d69b7921e3a95c9107ac?s=96&d=mm&r=g","contentUrl":"https:\/\/secure.gravatar.com\/avatar\/5e6c05150ce3230247d167f5b94d678eb05936197436d69b7921e3a95c9107ac?s=96&d=mm&r=g","caption":"Issouf Tapsoba"},"url":"https:\/\/www.latribunedufaso.net\/?author=5"}]}},"_links":{"self":[{"href":"https:\/\/www.latribunedufaso.net\/index.php?rest_route=\/wp\/v2\/posts\/15266","targetHints":{"allow":["GET"]}}],"collection":[{"href":"https:\/\/www.latribunedufaso.net\/index.php?rest_route=\/wp\/v2\/posts"}],"about":[{"href":"https:\/\/www.latribunedufaso.net\/index.php?rest_route=\/wp\/v2\/types\/post"}],"author":[{"embeddable":true,"href":"https:\/\/www.latribunedufaso.net\/index.php?rest_route=\/wp\/v2\/users\/5"}],"replies":[{"embeddable":true,"href":"https:\/\/www.latribunedufaso.net\/index.php?rest_route=%2Fwp%2Fv2%2Fcomments&post=15266"}],"version-history":[{"count":1,"href":"https:\/\/www.latribunedufaso.net\/index.php?rest_route=\/wp\/v2\/posts\/15266\/revisions"}],"predecessor-version":[{"id":15271,"href":"https:\/\/www.latribunedufaso.net\/index.php?rest_route=\/wp\/v2\/posts\/15266\/revisions\/15271"}],"wp:featuredmedia":[{"embeddable":true,"href":"https:\/\/www.latribunedufaso.net\/index.php?rest_route=\/wp\/v2\/media\/15270"}],"wp:attachment":[{"href":"https:\/\/www.latribunedufaso.net\/index.php?rest_route=%2Fwp%2Fv2%2Fmedia&parent=15266"}],"wp:term":[{"taxonomy":"category","embeddable":true,"href":"https:\/\/www.latribunedufaso.net\/index.php?rest_route=%2Fwp%2Fv2%2Fcategories&post=15266"},{"taxonomy":"post_tag","embeddable":true,"href":"https:\/\/www.latribunedufaso.net\/index.php?rest_route=%2Fwp%2Fv2%2Ftags&post=15266"}],"curies":[{"name":"wp","href":"https:\/\/api.w.org\/{rel}","templated":true}]}}