{"id":1526,"date":"2020-10-12T18:43:36","date_gmt":"2020-10-12T18:43:36","guid":{"rendered":"https:\/\/www.latribunedufaso.net\/?p=1526"},"modified":"2020-10-16T12:02:50","modified_gmt":"2020-10-16T12:02:50","slug":"4e-edition-de-la-seera-instaurer-un-cadre-dechanges-entre-les-etudiants-et-les-entreprises","status":"publish","type":"post","link":"https:\/\/www.latribunedufaso.net\/?p=1526","title":{"rendered":"4e \u00e9dition de la SEERA\u00a0: Instaurer un cadre d&rsquo;\u00e9changes entre les \u00e9tudiants et les entreprises"},"content":{"rendered":"<p><strong>La quatri\u00e8me \u00e9dition de la Semaine des \u00e9nergies et \u00e9nergies renouvelables d\u2019Afrique (SEERA) a referm\u00e9 ses portes, dans la soir\u00e9e du vendredi 9 octobre 2020, \u00e0 Ouagadougou. Durant 48 heures de travaux, les acteurs de divers horizons des \u00e9nergies se sont pench\u00e9s sur la th\u00e9matique : \u00ab Int\u00e9gration r\u00e9gionale pour une transition \u00e9nerg\u00e9tique r\u00e9ussie \u00bb. Au-del\u00e0 des recommandations formul\u00e9es lors de cette SEERA, des acteurs ont \u00e9t\u00e9 distingu\u00e9s dans plusieurs cat\u00e9gories.<\/strong><!--more--><\/p>\n<p><a href=\"https:\/\/latribunedufaso.net\/wp-content\/uploads\/2020\/10\/FB_IMG_16024994048319091.jpg\"><img loading=\"lazy\" decoding=\"async\" class=\" wp-image-1529 aligncenter\" src=\"https:\/\/latribunedufaso.net\/wp-content\/uploads\/2020\/10\/FB_IMG_16024994048319091-300x193.jpg\" alt=\"\" width=\"480\" height=\"309\" srcset=\"https:\/\/www.latribunedufaso.net\/wp-content\/uploads\/2020\/10\/FB_IMG_16024994048319091-300x193.jpg 300w, https:\/\/www.latribunedufaso.net\/wp-content\/uploads\/2020\/10\/FB_IMG_16024994048319091.jpg 720w\" sizes=\"auto, (max-width: 480px) 100vw, 480px\" \/><\/a><\/p>\n<p>Ouverte le jeudi 8 octobre 2020, la quatri\u00e8me \u00e9dition de la Semaine des \u00e9nergies et \u00e9nergies renouvelables d\u2019Afrique (SEERA), s\u2019est referm\u00e9e le lendemain, vendredi \u00a009 octobre avec en sus la satisfaction des organisateurs et des participants. En effet, selon le pr\u00e9sident du Comit\u00e9 national d\u2019organisation, Ibrahim Belem, par ailleurs Directeur g\u00e9n\u00e9ral de l\u2019Efficacit\u00e9 \u00e9nerg\u00e9tique, cette \u00e9dition a tenu toutes ses promesses. \u00ab\u00a0 Gr\u00e2ce \u00e0 la d\u00e9termination et le courage de tous les membres du comit\u00e9 d\u2019organisation que j\u2019ai eu le privil\u00e8ge de conduire, cette \u00e9dition a tenu toutes ses promesses\u00a0\u00bb, a-t-il d\u00e9clar\u00e9.<\/p>\n<p>Se r\u00e9jouissant alors de la mise en \u0153uvre effective des recommandations de l\u2019\u00e9dition pr\u00e9c\u00e9dente, il a annonc\u00e9 les recommandations de cette quatri\u00e8me \u00e9dition formul\u00e9es \u00e0 l\u2019issue des travaux. \u00a0Il s\u2019agit\u00a0: assurer le suivi des laur\u00e9ats du concours du meilleur projet d\u2019innovation\u00a0; instaurer un cadre d\u2019\u00e9changes entre les \u00e9tudiants et les entreprises\u00a0; am\u00e9liorer la repr\u00e9sentation internationale des intervenants.<\/p>\n<p><a href=\"https:\/\/latribunedufaso.net\/wp-content\/uploads\/2020\/10\/1..-scaled.jpg\"><img loading=\"lazy\" decoding=\"async\" class=\" wp-image-1531 aligncenter\" src=\"https:\/\/latribunedufaso.net\/wp-content\/uploads\/2020\/10\/1..-300x225.jpg\" alt=\"\" width=\"480\" height=\"360\" srcset=\"https:\/\/www.latribunedufaso.net\/wp-content\/uploads\/2020\/10\/1..-300x225.jpg 300w, https:\/\/www.latribunedufaso.net\/wp-content\/uploads\/2020\/10\/1..-1024x768.jpg 1024w, https:\/\/www.latribunedufaso.net\/wp-content\/uploads\/2020\/10\/1..-768x576.jpg 768w, https:\/\/www.latribunedufaso.net\/wp-content\/uploads\/2020\/10\/1..-1536x1152.jpg 1536w, https:\/\/www.latribunedufaso.net\/wp-content\/uploads\/2020\/10\/1..-2048x1536.jpg 2048w\" sizes=\"auto, (max-width: 480px) 100vw, 480px\" \/><\/a><\/p>\n<p>L\u2019autre temps fort de cette c\u00e9r\u00e9monie de cl\u00f4ture des travaux de cette SEERA 2020 a \u00e9t\u00e9 la distinction d\u2019acteurs du monde des \u00e9nergies et \u00e9nergies renouvelables. Ils ont \u00e9t\u00e9 honor\u00e9s dans plusieurs cat\u00e9gories \u00e0 savoir la cat\u00e9gorie genre, la cat\u00e9gorie Start up, la cat\u00e9gorie transition \u00e9nerg\u00e9tique, la cat\u00e9gorie projets innovants et la cat\u00e9gorie communications scientifiques. En ce qui concerne la premi\u00e8re cat\u00e9gorie cit\u00e9e, Jocelyne Tamini 1<sup>re<\/sup> jumelle,\u00a0 ing\u00e9nieure \u00e0 la Soci\u00e9t\u00e9 nationale d\u2019\u00e9lectricit\u00e9 du Burkina\u00a0 (SONABEL), est reconnue comme l\u2019amazone (1<sup>er<\/sup> prix)\u00a0; Blanche Kantiono, Directrice g\u00e9n\u00e9rale (DG) de Essakane Solar, est d\u00e9clar\u00e9e premi\u00e8re ambassadrice (2<sup>e<\/sup> prix)\u00a0; Simboro Kadidja, DG de Farafina engineering, obtient le prix de la deuxi\u00e8me ambassadrice (3<sup>e<\/sup> prix). Pour ce qui est de la seconde cat\u00e9gorie, \u00ab\u00a0Energie and service\u00a0\u00bb est d\u00e9clar\u00e9e laur\u00e9ate. Le prix de la transition \u00e9nerg\u00e9tique revient \u00e0 l\u2019Universit\u00e9 Joseph Ki-Zerbo.<\/p>\n<p>Pour la distinction au titre des Projets innovants, Boukari Ou\u00e9draogo, enseignant chercheur \u00e0 l\u2019Universit\u00e9 Norbert Zongo (UNZ) de Koudougou, est l\u2019heureux gagnant suivi respectivement de Adeline Nanema, \u00e9tudiante au 2IE et de Ivon Fran\u00e7ois et Tsolo Fack \u00e9tudiants au 2IE. Quant \u00e0 la cat\u00e9gorie communications scientifiques, sont successivement reconnus 1<sup>er<\/sup>, 2<sup>e<\/sup> et 3<sup>e<\/sup>, Roch Ayma doctorant \u00e0 2IE<sup>\u00a0<\/sup>; Mahama Kadri, \u00e9galement doctorant \u00e0 2IE et Jean Kafando, \u00e9tudiant \u00e0 l\u2019Universit\u00e9 Joseph Ki-Zerbo. Outre les distinctions cat\u00e9gorielles, des prix sp\u00e9ciaux ont de m\u00eame \u00e9t\u00e9 remis aux partenaires du minist\u00e8re et aux sponsors. Faso Energy, ABAPEE et le Pr Fr\u00e9deric Ouattara ont \u00e9t\u00e9 les r\u00e9cipiendaires desdits prix.<\/p>\n<p><a href=\"https:\/\/latribunedufaso.net\/wp-content\/uploads\/2020\/10\/2...-scaled.jpg\"><img loading=\"lazy\" decoding=\"async\" class=\" wp-image-1532 aligncenter\" src=\"https:\/\/latribunedufaso.net\/wp-content\/uploads\/2020\/10\/2...-300x225.jpg\" alt=\"\" width=\"479\" height=\"359\" srcset=\"https:\/\/www.latribunedufaso.net\/wp-content\/uploads\/2020\/10\/2...-300x225.jpg 300w, https:\/\/www.latribunedufaso.net\/wp-content\/uploads\/2020\/10\/2...-1024x768.jpg 1024w, https:\/\/www.latribunedufaso.net\/wp-content\/uploads\/2020\/10\/2...-768x576.jpg 768w, https:\/\/www.latribunedufaso.net\/wp-content\/uploads\/2020\/10\/2...-1536x1152.jpg 1536w, https:\/\/www.latribunedufaso.net\/wp-content\/uploads\/2020\/10\/2...-2048x1536.jpg 2048w\" sizes=\"auto, (max-width: 479px) 100vw, 479px\" \/><\/a><\/p>\n<p>Le ministre de l\u2019\u00e9nergie, Dr Bachir Ou\u00e9draogo, pr\u00e9sident de la c\u00e9r\u00e9monie officielle d\u2019ouverture et de cl\u00f4ture de la SEERA 2020, a tir\u00e9 une conclusion tr\u00e8s satisfaisante du d\u00e9roulement de l\u2019ensemble des activit\u00e9s. \u00ab Nous avons une grande satisfaction avec tout ce qu\u2019on a vu, notamment les communications, les innovations, et la production de document strat\u00e9gique\u00a0\u00bb, a-t-il laiss\u00e9 entendre. Il a aussi rappel\u00e9 ce que repr\u00e9sente la SEERA pour le secteur priv\u00e9, \u00ab l\u2019objectif de\u00a0la SEERA, pour le priv\u00e9, est de faire en sorte que les industries locales puissent asseoir leur h\u00e9g\u00e9monie au Burkina, en Afrique et hors du continent\u00a0\u00bb, a-t-il indiqu\u00e9.<\/p>\n<p>En rappel, la R\u00e9publique populaire de Chine a \u00e9t\u00e9 le pays invit\u00e9 d\u2019honneur de cette 4<sup>e<\/sup> \u00e9dition, qui a connu plus de 700 participants et exposants et des centaines de visiteurs.<\/p>\n<p><strong>Tiba Kassamse Ou\u00e9draogo (stagiaire)<\/strong><\/p>\n<p><strong>Latribunedufaso.net <\/strong><\/p>\n","protected":false},"excerpt":{"rendered":"<p>La quatri\u00e8me \u00e9dition de la Semaine des \u00e9nergies et \u00e9nergies renouvelables d\u2019Afrique (SEERA) a referm\u00e9 ses portes, dans la soir\u00e9e du vendredi 9 octobre 2020, \u00e0 Ouagadougou. Durant 48 heures de travaux, les acteurs de divers horizons des \u00e9nergies se sont pench\u00e9s sur la th\u00e9matique : \u00ab Int\u00e9gration r\u00e9gionale pour une transition \u00e9nerg\u00e9tique r\u00e9ussie \u00bb. Au-del\u00e0 des recommandations formul\u00e9es lors de cette SEERA, des acteurs ont \u00e9t\u00e9 distingu\u00e9s dans plusieurs cat\u00e9gories.<\/p>\n","protected":false},"author":2,"featured_media":1533,"comment_status":"open","ping_status":"open","sticky":false,"template":"","format":"standard","meta":{"footnotes":""},"categories":[1,20,8],"tags":[],"class_list":["post-1526","post","type-post","status-publish","format-standard","has-post-thumbnail","hentry","category-actu","category-energie","category-societe"],"yoast_head":"<!-- This site is optimized with the Yoast SEO plugin v27.4 - https:\/\/yoast.com\/product\/yoast-seo-wordpress\/ -->\n<title>4e \u00e9dition de la SEERA\u00a0: Instaurer un cadre d&#039;\u00e9changes entre les \u00e9tudiants et les entreprises - La Tribune du Faso<\/title>\n<meta name=\"robots\" content=\"index, follow, max-snippet:-1, max-image-preview:large, max-video-preview:-1\" \/>\n<link rel=\"canonical\" href=\"https:\/\/www.latribunedufaso.net\/?p=1526\" \/>\n<meta property=\"og:locale\" content=\"fr_FR\" \/>\n<meta property=\"og:type\" content=\"article\" \/>\n<meta property=\"og:title\" content=\"4e \u00e9dition de la SEERA\u00a0: Instaurer un cadre d&#039;\u00e9changes entre les \u00e9tudiants et les entreprises - La Tribune du Faso\" \/>\n<meta property=\"og:description\" content=\"La quatri\u00e8me \u00e9dition de la Semaine des \u00e9nergies et \u00e9nergies renouvelables d\u2019Afrique (SEERA) a referm\u00e9 ses portes, dans la soir\u00e9e du vendredi 9 octobre 2020, \u00e0 Ouagadougou. Durant 48 heures de travaux, les acteurs de divers horizons des \u00e9nergies se sont pench\u00e9s sur la th\u00e9matique : \u00ab Int\u00e9gration r\u00e9gionale pour une transition \u00e9nerg\u00e9tique r\u00e9ussie \u00bb. Au-del\u00e0 des recommandations formul\u00e9es lors de cette SEERA, des acteurs ont \u00e9t\u00e9 distingu\u00e9s dans plusieurs cat\u00e9gories.\" \/>\n<meta property=\"og:url\" content=\"https:\/\/www.latribunedufaso.net\/?p=1526\" \/>\n<meta property=\"og:site_name\" content=\"La Tribune du Faso\" \/>\n<meta property=\"article:publisher\" content=\"https:\/\/www.facebook.com\/LatribuneduFaso\/\" \/>\n<meta property=\"article:published_time\" content=\"2020-10-12T18:43:36+00:00\" \/>\n<meta property=\"article:modified_time\" content=\"2020-10-16T12:02:50+00:00\" \/>\n<meta property=\"og:image\" content=\"https:\/\/latribunedufaso.net\/wp-content\/uploads\/2020\/10\/FB_IMG_16024993880543583-1.jpg\" \/>\n\t<meta property=\"og:image:width\" content=\"720\" \/>\n\t<meta property=\"og:image:height\" content=\"480\" \/>\n\t<meta property=\"og:image:type\" content=\"image\/jpeg\" \/>\n<meta name=\"author\" content=\"Administrateur\" \/>\n<meta name=\"twitter:label1\" content=\"\u00c9crit par\" \/>\n\t<meta name=\"twitter:data1\" content=\"Administrateur\" \/>\n\t<meta name=\"twitter:label2\" content=\"Dur\u00e9e de lecture estim\u00e9e\" \/>\n\t<meta name=\"twitter:data2\" content=\"3 minutes\" \/>\n<script type=\"application\/ld+json\" class=\"yoast-schema-graph\">{\"@context\":\"https:\\\/\\\/schema.org\",\"@graph\":[{\"@type\":\"Article\",\"@id\":\"https:\\\/\\\/www.latribunedufaso.net\\\/?p=1526#article\",\"isPartOf\":{\"@id\":\"https:\\\/\\\/www.latribunedufaso.net\\\/?p=1526\"},\"author\":{\"name\":\"Administrateur\",\"@id\":\"https:\\\/\\\/www.latribunedufaso.net\\\/#\\\/schema\\\/person\\\/a380782d0605bb8aae27c40ea93b35b1\"},\"headline\":\"4e \u00e9dition de la SEERA\u00a0: Instaurer un cadre d&rsquo;\u00e9changes entre les \u00e9tudiants et les entreprises\",\"datePublished\":\"2020-10-12T18:43:36+00:00\",\"dateModified\":\"2020-10-16T12:02:50+00:00\",\"mainEntityOfPage\":{\"@id\":\"https:\\\/\\\/www.latribunedufaso.net\\\/?p=1526\"},\"wordCount\":695,\"commentCount\":0,\"publisher\":{\"@id\":\"https:\\\/\\\/www.latribunedufaso.net\\\/#organization\"},\"image\":{\"@id\":\"https:\\\/\\\/www.latribunedufaso.net\\\/?p=1526#primaryimage\"},\"thumbnailUrl\":\"https:\\\/\\\/www.latribunedufaso.net\\\/wp-content\\\/uploads\\\/2020\\\/10\\\/FB_IMG_16024993880543583-1.jpg\",\"articleSection\":[\"Actualit\u00e9\",\"Energie\",\"Soci\u00e9t\u00e9\"],\"inLanguage\":\"fr-FR\",\"potentialAction\":[{\"@type\":\"CommentAction\",\"name\":\"Comment\",\"target\":[\"https:\\\/\\\/www.latribunedufaso.net\\\/?p=1526#respond\"]}]},{\"@type\":\"WebPage\",\"@id\":\"https:\\\/\\\/www.latribunedufaso.net\\\/?p=1526\",\"url\":\"https:\\\/\\\/www.latribunedufaso.net\\\/?p=1526\",\"name\":\"4e \u00e9dition de la SEERA\u00a0: Instaurer un cadre d'\u00e9changes entre les \u00e9tudiants et les entreprises - La Tribune du Faso\",\"isPartOf\":{\"@id\":\"https:\\\/\\\/www.latribunedufaso.net\\\/#website\"},\"primaryImageOfPage\":{\"@id\":\"https:\\\/\\\/www.latribunedufaso.net\\\/?p=1526#primaryimage\"},\"image\":{\"@id\":\"https:\\\/\\\/www.latribunedufaso.net\\\/?p=1526#primaryimage\"},\"thumbnailUrl\":\"https:\\\/\\\/www.latribunedufaso.net\\\/wp-content\\\/uploads\\\/2020\\\/10\\\/FB_IMG_16024993880543583-1.jpg\",\"datePublished\":\"2020-10-12T18:43:36+00:00\",\"dateModified\":\"2020-10-16T12:02:50+00:00\",\"breadcrumb\":{\"@id\":\"https:\\\/\\\/www.latribunedufaso.net\\\/?p=1526#breadcrumb\"},\"inLanguage\":\"fr-FR\",\"potentialAction\":[{\"@type\":\"ReadAction\",\"target\":[\"https:\\\/\\\/www.latribunedufaso.net\\\/?p=1526\"]}]},{\"@type\":\"ImageObject\",\"inLanguage\":\"fr-FR\",\"@id\":\"https:\\\/\\\/www.latribunedufaso.net\\\/?p=1526#primaryimage\",\"url\":\"https:\\\/\\\/www.latribunedufaso.net\\\/wp-content\\\/uploads\\\/2020\\\/10\\\/FB_IMG_16024993880543583-1.jpg\",\"contentUrl\":\"https:\\\/\\\/www.latribunedufaso.net\\\/wp-content\\\/uploads\\\/2020\\\/10\\\/FB_IMG_16024993880543583-1.jpg\",\"width\":720,\"height\":480},{\"@type\":\"BreadcrumbList\",\"@id\":\"https:\\\/\\\/www.latribunedufaso.net\\\/?p=1526#breadcrumb\",\"itemListElement\":[{\"@type\":\"ListItem\",\"position\":1,\"name\":\"Accueil\",\"item\":\"https:\\\/\\\/www.latribunedufaso.net\\\/\"},{\"@type\":\"ListItem\",\"position\":2,\"name\":\"4e \u00e9dition de la SEERA\u00a0: Instaurer un cadre d&#8217;\u00e9changes entre les \u00e9tudiants et les entreprises\"}]},{\"@type\":\"WebSite\",\"@id\":\"https:\\\/\\\/www.latribunedufaso.net\\\/#website\",\"url\":\"https:\\\/\\\/www.latribunedufaso.net\\\/\",\"name\":\"La Tribune du Faso\",\"description\":\"L&#039;information du monde rural en un clic\",\"publisher\":{\"@id\":\"https:\\\/\\\/www.latribunedufaso.net\\\/#organization\"},\"potentialAction\":[{\"@type\":\"SearchAction\",\"target\":{\"@type\":\"EntryPoint\",\"urlTemplate\":\"https:\\\/\\\/www.latribunedufaso.net\\\/?s={search_term_string}\"},\"query-input\":{\"@type\":\"PropertyValueSpecification\",\"valueRequired\":true,\"valueName\":\"search_term_string\"}}],\"inLanguage\":\"fr-FR\"},{\"@type\":\"Organization\",\"@id\":\"https:\\\/\\\/www.latribunedufaso.net\\\/#organization\",\"name\":\"La Tribune du Faso\",\"url\":\"https:\\\/\\\/www.latribunedufaso.net\\\/\",\"logo\":{\"@type\":\"ImageObject\",\"inLanguage\":\"fr-FR\",\"@id\":\"https:\\\/\\\/www.latribunedufaso.net\\\/#\\\/schema\\\/logo\\\/image\\\/\",\"url\":\"https:\\\/\\\/www.latribunedufaso.net\\\/wp-content\\\/uploads\\\/2020\\\/08\\\/Logo-Tribune-du-Faso-final-scaled.jpg\",\"contentUrl\":\"https:\\\/\\\/www.latribunedufaso.net\\\/wp-content\\\/uploads\\\/2020\\\/08\\\/Logo-Tribune-du-Faso-final-scaled.jpg\",\"width\":2560,\"height\":1856,\"caption\":\"La Tribune du Faso\"},\"image\":{\"@id\":\"https:\\\/\\\/www.latribunedufaso.net\\\/#\\\/schema\\\/logo\\\/image\\\/\"},\"sameAs\":[\"https:\\\/\\\/www.facebook.com\\\/LatribuneduFaso\\\/\"]},{\"@type\":\"Person\",\"@id\":\"https:\\\/\\\/www.latribunedufaso.net\\\/#\\\/schema\\\/person\\\/a380782d0605bb8aae27c40ea93b35b1\",\"name\":\"Administrateur\",\"image\":{\"@type\":\"ImageObject\",\"inLanguage\":\"fr-FR\",\"@id\":\"https:\\\/\\\/secure.gravatar.com\\\/avatar\\\/e20266f97d741f0e80ba1f60283074a9b3317fd7bfb727e0d95b51dafbf854a1?s=96&d=mm&r=g\",\"url\":\"https:\\\/\\\/secure.gravatar.com\\\/avatar\\\/e20266f97d741f0e80ba1f60283074a9b3317fd7bfb727e0d95b51dafbf854a1?s=96&d=mm&r=g\",\"contentUrl\":\"https:\\\/\\\/secure.gravatar.com\\\/avatar\\\/e20266f97d741f0e80ba1f60283074a9b3317fd7bfb727e0d95b51dafbf854a1?s=96&d=mm&r=g\",\"caption\":\"Administrateur\"},\"url\":\"https:\\\/\\\/www.latribunedufaso.net\\\/?author=2\"}]}<\/script>\n<!-- \/ Yoast SEO plugin. -->","yoast_head_json":{"title":"4e \u00e9dition de la SEERA\u00a0: Instaurer un cadre d'\u00e9changes entre les \u00e9tudiants et les entreprises - La Tribune du Faso","robots":{"index":"index","follow":"follow","max-snippet":"max-snippet:-1","max-image-preview":"max-image-preview:large","max-video-preview":"max-video-preview:-1"},"canonical":"https:\/\/www.latribunedufaso.net\/?p=1526","og_locale":"fr_FR","og_type":"article","og_title":"4e \u00e9dition de la SEERA\u00a0: Instaurer un cadre d'\u00e9changes entre les \u00e9tudiants et les entreprises - La Tribune du Faso","og_description":"La quatri\u00e8me \u00e9dition de la Semaine des \u00e9nergies et \u00e9nergies renouvelables d\u2019Afrique (SEERA) a referm\u00e9 ses portes, dans la soir\u00e9e du vendredi 9 octobre 2020, \u00e0 Ouagadougou. Durant 48 heures de travaux, les acteurs de divers horizons des \u00e9nergies se sont pench\u00e9s sur la th\u00e9matique : \u00ab Int\u00e9gration r\u00e9gionale pour une transition \u00e9nerg\u00e9tique r\u00e9ussie \u00bb. Au-del\u00e0 des recommandations formul\u00e9es lors de cette SEERA, des acteurs ont \u00e9t\u00e9 distingu\u00e9s dans plusieurs cat\u00e9gories.","og_url":"https:\/\/www.latribunedufaso.net\/?p=1526","og_site_name":"La Tribune du Faso","article_publisher":"https:\/\/www.facebook.com\/LatribuneduFaso\/","article_published_time":"2020-10-12T18:43:36+00:00","article_modified_time":"2020-10-16T12:02:50+00:00","og_image":[{"width":720,"height":480,"url":"https:\/\/latribunedufaso.net\/wp-content\/uploads\/2020\/10\/FB_IMG_16024993880543583-1.jpg","type":"image\/jpeg"}],"author":"Administrateur","twitter_misc":{"\u00c9crit par":"Administrateur","Dur\u00e9e de lecture estim\u00e9e":"3 minutes"},"schema":{"@context":"https:\/\/schema.org","@graph":[{"@type":"Article","@id":"https:\/\/www.latribunedufaso.net\/?p=1526#article","isPartOf":{"@id":"https:\/\/www.latribunedufaso.net\/?p=1526"},"author":{"name":"Administrateur","@id":"https:\/\/www.latribunedufaso.net\/#\/schema\/person\/a380782d0605bb8aae27c40ea93b35b1"},"headline":"4e \u00e9dition de la SEERA\u00a0: Instaurer un cadre d&rsquo;\u00e9changes entre les \u00e9tudiants et les entreprises","datePublished":"2020-10-12T18:43:36+00:00","dateModified":"2020-10-16T12:02:50+00:00","mainEntityOfPage":{"@id":"https:\/\/www.latribunedufaso.net\/?p=1526"},"wordCount":695,"commentCount":0,"publisher":{"@id":"https:\/\/www.latribunedufaso.net\/#organization"},"image":{"@id":"https:\/\/www.latribunedufaso.net\/?p=1526#primaryimage"},"thumbnailUrl":"https:\/\/www.latribunedufaso.net\/wp-content\/uploads\/2020\/10\/FB_IMG_16024993880543583-1.jpg","articleSection":["Actualit\u00e9","Energie","Soci\u00e9t\u00e9"],"inLanguage":"fr-FR","potentialAction":[{"@type":"CommentAction","name":"Comment","target":["https:\/\/www.latribunedufaso.net\/?p=1526#respond"]}]},{"@type":"WebPage","@id":"https:\/\/www.latribunedufaso.net\/?p=1526","url":"https:\/\/www.latribunedufaso.net\/?p=1526","name":"4e \u00e9dition de la SEERA\u00a0: Instaurer un cadre d'\u00e9changes entre les \u00e9tudiants et les entreprises - La Tribune du Faso","isPartOf":{"@id":"https:\/\/www.latribunedufaso.net\/#website"},"primaryImageOfPage":{"@id":"https:\/\/www.latribunedufaso.net\/?p=1526#primaryimage"},"image":{"@id":"https:\/\/www.latribunedufaso.net\/?p=1526#primaryimage"},"thumbnailUrl":"https:\/\/www.latribunedufaso.net\/wp-content\/uploads\/2020\/10\/FB_IMG_16024993880543583-1.jpg","datePublished":"2020-10-12T18:43:36+00:00","dateModified":"2020-10-16T12:02:50+00:00","breadcrumb":{"@id":"https:\/\/www.latribunedufaso.net\/?p=1526#breadcrumb"},"inLanguage":"fr-FR","potentialAction":[{"@type":"ReadAction","target":["https:\/\/www.latribunedufaso.net\/?p=1526"]}]},{"@type":"ImageObject","inLanguage":"fr-FR","@id":"https:\/\/www.latribunedufaso.net\/?p=1526#primaryimage","url":"https:\/\/www.latribunedufaso.net\/wp-content\/uploads\/2020\/10\/FB_IMG_16024993880543583-1.jpg","contentUrl":"https:\/\/www.latribunedufaso.net\/wp-content\/uploads\/2020\/10\/FB_IMG_16024993880543583-1.jpg","width":720,"height":480},{"@type":"BreadcrumbList","@id":"https:\/\/www.latribunedufaso.net\/?p=1526#breadcrumb","itemListElement":[{"@type":"ListItem","position":1,"name":"Accueil","item":"https:\/\/www.latribunedufaso.net\/"},{"@type":"ListItem","position":2,"name":"4e \u00e9dition de la SEERA\u00a0: Instaurer un cadre d&#8217;\u00e9changes entre les \u00e9tudiants et les entreprises"}]},{"@type":"WebSite","@id":"https:\/\/www.latribunedufaso.net\/#website","url":"https:\/\/www.latribunedufaso.net\/","name":"La Tribune du Faso","description":"L&#039;information du monde rural en un clic","publisher":{"@id":"https:\/\/www.latribunedufaso.net\/#organization"},"potentialAction":[{"@type":"SearchAction","target":{"@type":"EntryPoint","urlTemplate":"https:\/\/www.latribunedufaso.net\/?s={search_term_string}"},"query-input":{"@type":"PropertyValueSpecification","valueRequired":true,"valueName":"search_term_string"}}],"inLanguage":"fr-FR"},{"@type":"Organization","@id":"https:\/\/www.latribunedufaso.net\/#organization","name":"La Tribune du Faso","url":"https:\/\/www.latribunedufaso.net\/","logo":{"@type":"ImageObject","inLanguage":"fr-FR","@id":"https:\/\/www.latribunedufaso.net\/#\/schema\/logo\/image\/","url":"https:\/\/www.latribunedufaso.net\/wp-content\/uploads\/2020\/08\/Logo-Tribune-du-Faso-final-scaled.jpg","contentUrl":"https:\/\/www.latribunedufaso.net\/wp-content\/uploads\/2020\/08\/Logo-Tribune-du-Faso-final-scaled.jpg","width":2560,"height":1856,"caption":"La Tribune du Faso"},"image":{"@id":"https:\/\/www.latribunedufaso.net\/#\/schema\/logo\/image\/"},"sameAs":["https:\/\/www.facebook.com\/LatribuneduFaso\/"]},{"@type":"Person","@id":"https:\/\/www.latribunedufaso.net\/#\/schema\/person\/a380782d0605bb8aae27c40ea93b35b1","name":"Administrateur","image":{"@type":"ImageObject","inLanguage":"fr-FR","@id":"https:\/\/secure.gravatar.com\/avatar\/e20266f97d741f0e80ba1f60283074a9b3317fd7bfb727e0d95b51dafbf854a1?s=96&d=mm&r=g","url":"https:\/\/secure.gravatar.com\/avatar\/e20266f97d741f0e80ba1f60283074a9b3317fd7bfb727e0d95b51dafbf854a1?s=96&d=mm&r=g","contentUrl":"https:\/\/secure.gravatar.com\/avatar\/e20266f97d741f0e80ba1f60283074a9b3317fd7bfb727e0d95b51dafbf854a1?s=96&d=mm&r=g","caption":"Administrateur"},"url":"https:\/\/www.latribunedufaso.net\/?author=2"}]}},"_links":{"self":[{"href":"https:\/\/www.latribunedufaso.net\/index.php?rest_route=\/wp\/v2\/posts\/1526","targetHints":{"allow":["GET"]}}],"collection":[{"href":"https:\/\/www.latribunedufaso.net\/index.php?rest_route=\/wp\/v2\/posts"}],"about":[{"href":"https:\/\/www.latribunedufaso.net\/index.php?rest_route=\/wp\/v2\/types\/post"}],"author":[{"embeddable":true,"href":"https:\/\/www.latribunedufaso.net\/index.php?rest_route=\/wp\/v2\/users\/2"}],"replies":[{"embeddable":true,"href":"https:\/\/www.latribunedufaso.net\/index.php?rest_route=%2Fwp%2Fv2%2Fcomments&post=1526"}],"version-history":[{"count":2,"href":"https:\/\/www.latribunedufaso.net\/index.php?rest_route=\/wp\/v2\/posts\/1526\/revisions"}],"predecessor-version":[{"id":1535,"href":"https:\/\/www.latribunedufaso.net\/index.php?rest_route=\/wp\/v2\/posts\/1526\/revisions\/1535"}],"wp:featuredmedia":[{"embeddable":true,"href":"https:\/\/www.latribunedufaso.net\/index.php?rest_route=\/wp\/v2\/media\/1533"}],"wp:attachment":[{"href":"https:\/\/www.latribunedufaso.net\/index.php?rest_route=%2Fwp%2Fv2%2Fmedia&parent=1526"}],"wp:term":[{"taxonomy":"category","embeddable":true,"href":"https:\/\/www.latribunedufaso.net\/index.php?rest_route=%2Fwp%2Fv2%2Fcategories&post=1526"},{"taxonomy":"post_tag","embeddable":true,"href":"https:\/\/www.latribunedufaso.net\/index.php?rest_route=%2Fwp%2Fv2%2Ftags&post=1526"}],"curies":[{"name":"wp","href":"https:\/\/api.w.org\/{rel}","templated":true}]}}