{"id":15239,"date":"2024-08-09T10:52:10","date_gmt":"2024-08-09T10:52:10","guid":{"rendered":"https:\/\/www.latribunedufaso.net\/?p=15239"},"modified":"2024-08-11T00:23:38","modified_gmt":"2024-08-11T00:23:38","slug":"evaluation-du-contrat-dobjectifs-du-ministere-en-charge-de-lenseignement-superieur-un-taux-de-39-enregistre","status":"publish","type":"post","link":"https:\/\/www.latribunedufaso.net\/?p=15239","title":{"rendered":"\u00c9valuation du contrat d\u2019objectifs du minist\u00e8re en charge de l\u2019Enseignement sup\u00e9rieur : Un taux de 39% enregistr\u00e9"},"content":{"rendered":"<p><strong><span style=\"font-size: 1.0625rem;\">Le Chef du gouvernement, Apollinaire Ky\u00e9lem de Tamb\u00e8la continue l\u2019\u00e9valuation du contrat d\u2019objectifs des diff\u00e9rents ministres. Il a accord\u00e9 une audience, le 08 ao\u00fbt 2024 \u00e0 Ouagadougou, au ministre en charge de l\u2019Enseignement sup\u00e9rieur, Adjima Thiombiano.<\/span><\/strong><br \/><!--more--><\/p>\n<p>Le d\u00e9partement en charge de l\u2019Enseignement sup\u00e9rieur a enregistr\u00e9 un taux d\u2019ex\u00e9cution du contrat d\u2019objectifs de 39% au premier semestre 2024. Il a \u00e9t\u00e9 \u00e9valu\u00e9 par le Premier ministre, Apollinaire Ky\u00e9lem de Tamb\u00e8la le 08 ao\u00fbt 2024 \u00e0 Ouagadougou.<\/p>\n<p>Il ressort de cette \u00e9valuation des points forts et des points faibles. Les points forts constituent l\u2019execution des activit\u00e9s ayant enregistr\u00e9 des taux bien appr\u00e9ciables. Il s\u2019agit notamment du fonctionnement du d\u00e9partement.<em><strong> \u00ab Par contre, les taux sont peu appr\u00e9ciables pour ce qui concerne les investissements c\u2019est-\u00e0-dire les constructions<\/strong> <\/em>\u00bb, a-t-il inform\u00e9.<\/p>\n<figure id=\"attachment_15240\" aria-describedby=\"caption-attachment-15240\" style=\"width: 300px\" class=\"wp-caption alignleft\"><a href=\"https:\/\/www.latribunedufaso.net\/wp-content\/uploads\/2024\/08\/IMG_20240808_203656_304-scaled.jpg\"><img loading=\"lazy\" decoding=\"async\" class=\"size-medium wp-image-15240\" src=\"https:\/\/www.latribunedufaso.net\/wp-content\/uploads\/2024\/08\/IMG_20240808_203656_304-300x225.jpg\" alt=\"Le ministre en charge de l'Enseignement sup\u00e9rieur apr\u00e8s l'\u00e9valuation e l'ex\u00e9cution du contrat d'objectifs le 08 ao\u00fbt 2024\" width=\"300\" height=\"225\" srcset=\"https:\/\/www.latribunedufaso.net\/wp-content\/uploads\/2024\/08\/IMG_20240808_203656_304-300x225.jpg 300w, https:\/\/www.latribunedufaso.net\/wp-content\/uploads\/2024\/08\/IMG_20240808_203656_304-1024x768.jpg 1024w, https:\/\/www.latribunedufaso.net\/wp-content\/uploads\/2024\/08\/IMG_20240808_203656_304-768x576.jpg 768w, https:\/\/www.latribunedufaso.net\/wp-content\/uploads\/2024\/08\/IMG_20240808_203656_304-1536x1152.jpg 1536w, https:\/\/www.latribunedufaso.net\/wp-content\/uploads\/2024\/08\/IMG_20240808_203656_304-2048x1536.jpg 2048w\" sizes=\"auto, (max-width: 300px) 100vw, 300px\" \/><\/a><figcaption id=\"caption-attachment-15240\" class=\"wp-caption-text\">Le ministre en charge de l&rsquo;Enseignement sup\u00e9rieur, Adjima Thiombiano &#8211; Ph. I. Tapsoba<\/figcaption><\/figure>\n<p>De bonnes perspectives d\u00e9coulent des \u00e9changes avec le Chef du gouvernement, selon le ministre Thiombiano. <em><strong>\u00ab Nous avons des motifs de satisfaction pour le reste de l\u2019ann\u00e9e \u00bb<\/strong><\/em>, a-t-il ajout\u00e9. En effet, l\u2019accent a \u00e9t\u00e9 mis sur la r\u00e9sorption du retard acad\u00e9mique.<\/p>\n<blockquote>\n<p><span style=\"color: #33cccc;\">Lire aussi: <a href=\"https:\/\/www.latribunedufaso.net\/?p=10532\">Enseignement sup\u00e9rieur : D\u00e9sormais une toge unique en Faso Danfani pour l\u2019ensemble des chercheurs et enseignants -chercheurs du Burkina Faso<\/a><\/span><\/p>\n<\/blockquote>\n<p>L\u2019ann\u00e9e universitaire s\u2019\u00e9tend normalement jusqu\u2019en fin juillet. Dans la strat\u00e9gie de r\u00e9sorption du retard, les acteurs ont accept\u00e9 se sacrifier en consacrant les vacances pour dispenser les cours. Cela permettra <em><strong>\u00ab d\u2019avoir un bon assez significatif \u00bb<\/strong><\/em> dans la r\u00e9solution de ce probl\u00e8me.<\/p>\n<p><strong>Issouf TAPSOBA <\/strong><\/p>\n<p><strong>Latribunedufaso.net<\/strong><\/p>\n","protected":false},"excerpt":{"rendered":"<p>Le Chef du gouvernement, Apollinaire Ky\u00e9lem de Tamb\u00e8la continue l\u2019\u00e9valuation du contrat d\u2019objectifs des diff\u00e9rents ministres. Il a accord\u00e9 une audience, le 08 ao\u00fbt 2024 \u00e0 Ouagadougou, au ministre en charge de l\u2019Enseignement sup\u00e9rieur, Adjima Thiombiano.<\/p>\n","protected":false},"author":5,"featured_media":15241,"comment_status":"open","ping_status":"open","sticky":false,"template":"","format":"standard","meta":{"footnotes":""},"categories":[13,1,31],"tags":[54,41,39,55],"class_list":["post-15239","post","type-post","status-publish","format-standard","has-post-thumbnail","hentry","category-une","category-actu","category-education","tag-enseignement-superieur","tag-evaluation-des-contrats-dobjectifs-des-ministeres","tag-latribunedufaso-net","tag-retard-academique"],"yoast_head":"<!-- This site is optimized with the Yoast SEO plugin v27.5 - https:\/\/yoast.com\/product\/yoast-seo-wordpress\/ -->\n<title>\u00c9valuation du contrat d\u2019objectifs du minist\u00e8re en charge de l\u2019Enseignement sup\u00e9rieur : Un taux de 39% enregistr\u00e9 - La Tribune du Faso<\/title>\n<meta name=\"robots\" content=\"index, follow, max-snippet:-1, max-image-preview:large, max-video-preview:-1\" \/>\n<link rel=\"canonical\" href=\"https:\/\/www.latribunedufaso.net\/?p=15239\" \/>\n<meta property=\"og:locale\" content=\"fr_FR\" \/>\n<meta property=\"og:type\" content=\"article\" \/>\n<meta property=\"og:title\" content=\"\u00c9valuation du contrat d\u2019objectifs du minist\u00e8re en charge de l\u2019Enseignement sup\u00e9rieur : Un taux de 39% enregistr\u00e9 - La Tribune du Faso\" \/>\n<meta property=\"og:description\" content=\"Le Chef du gouvernement, Apollinaire Ky\u00e9lem de Tamb\u00e8la continue l\u2019\u00e9valuation du contrat d\u2019objectifs des diff\u00e9rents ministres. Il a accord\u00e9 une audience, le 08 ao\u00fbt 2024 \u00e0 Ouagadougou, au ministre en charge de l\u2019Enseignement sup\u00e9rieur, Adjima Thiombiano.\" \/>\n<meta property=\"og:url\" content=\"https:\/\/www.latribunedufaso.net\/?p=15239\" \/>\n<meta property=\"og:site_name\" content=\"La Tribune du Faso\" \/>\n<meta property=\"article:publisher\" content=\"https:\/\/www.facebook.com\/LatribuneduFaso\/\" \/>\n<meta property=\"article:published_time\" content=\"2024-08-09T10:52:10+00:00\" \/>\n<meta property=\"article:modified_time\" content=\"2024-08-11T00:23:38+00:00\" \/>\n<meta property=\"og:image\" content=\"https:\/\/www.latribunedufaso.net\/wp-content\/uploads\/2024\/08\/FB_IMG_1723286903729.jpg\" \/>\n\t<meta property=\"og:image:width\" content=\"720\" \/>\n\t<meta property=\"og:image:height\" content=\"480\" \/>\n\t<meta property=\"og:image:type\" content=\"image\/jpeg\" \/>\n<meta name=\"author\" content=\"Issouf Tapsoba\" \/>\n<meta name=\"twitter:label1\" content=\"\u00c9crit par\" \/>\n\t<meta name=\"twitter:data1\" content=\"Issouf Tapsoba\" \/>\n\t<meta name=\"twitter:label2\" content=\"Dur\u00e9e de lecture estim\u00e9e\" \/>\n\t<meta name=\"twitter:data2\" content=\"1 minute\" \/>\n<script type=\"application\/ld+json\" class=\"yoast-schema-graph\">{\"@context\":\"https:\\\/\\\/schema.org\",\"@graph\":[{\"@type\":\"Article\",\"@id\":\"https:\\\/\\\/www.latribunedufaso.net\\\/?p=15239#article\",\"isPartOf\":{\"@id\":\"https:\\\/\\\/www.latribunedufaso.net\\\/?p=15239\"},\"author\":{\"name\":\"Issouf Tapsoba\",\"@id\":\"https:\\\/\\\/www.latribunedufaso.net\\\/#\\\/schema\\\/person\\\/e54e64c5778a7e72cf80a318b7a622b0\"},\"headline\":\"\u00c9valuation du contrat d\u2019objectifs du minist\u00e8re en charge de l\u2019Enseignement sup\u00e9rieur : Un taux de 39% enregistr\u00e9\",\"datePublished\":\"2024-08-09T10:52:10+00:00\",\"dateModified\":\"2024-08-11T00:23:38+00:00\",\"mainEntityOfPage\":{\"@id\":\"https:\\\/\\\/www.latribunedufaso.net\\\/?p=15239\"},\"wordCount\":307,\"commentCount\":0,\"publisher\":{\"@id\":\"https:\\\/\\\/www.latribunedufaso.net\\\/#organization\"},\"image\":{\"@id\":\"https:\\\/\\\/www.latribunedufaso.net\\\/?p=15239#primaryimage\"},\"thumbnailUrl\":\"https:\\\/\\\/www.latribunedufaso.net\\\/wp-content\\\/uploads\\\/2024\\\/08\\\/FB_IMG_1723286903729.jpg\",\"keywords\":[\"Enseignement sup\u00e9rieur\",\"Evaluation des contrats d\u2019objectifs des minist\u00e8res\",\"latribunedufaso.net\",\"Retard acad\u00e9mique\"],\"articleSection\":[\"A la une\",\"Actualit\u00e9\",\"\u00c9ducation\"],\"inLanguage\":\"fr-FR\",\"potentialAction\":[{\"@type\":\"CommentAction\",\"name\":\"Comment\",\"target\":[\"https:\\\/\\\/www.latribunedufaso.net\\\/?p=15239#respond\"]}]},{\"@type\":\"WebPage\",\"@id\":\"https:\\\/\\\/www.latribunedufaso.net\\\/?p=15239\",\"url\":\"https:\\\/\\\/www.latribunedufaso.net\\\/?p=15239\",\"name\":\"\u00c9valuation du contrat d\u2019objectifs du minist\u00e8re en charge de l\u2019Enseignement sup\u00e9rieur : Un taux de 39% enregistr\u00e9 - La Tribune du Faso\",\"isPartOf\":{\"@id\":\"https:\\\/\\\/www.latribunedufaso.net\\\/#website\"},\"primaryImageOfPage\":{\"@id\":\"https:\\\/\\\/www.latribunedufaso.net\\\/?p=15239#primaryimage\"},\"image\":{\"@id\":\"https:\\\/\\\/www.latribunedufaso.net\\\/?p=15239#primaryimage\"},\"thumbnailUrl\":\"https:\\\/\\\/www.latribunedufaso.net\\\/wp-content\\\/uploads\\\/2024\\\/08\\\/FB_IMG_1723286903729.jpg\",\"datePublished\":\"2024-08-09T10:52:10+00:00\",\"dateModified\":\"2024-08-11T00:23:38+00:00\",\"breadcrumb\":{\"@id\":\"https:\\\/\\\/www.latribunedufaso.net\\\/?p=15239#breadcrumb\"},\"inLanguage\":\"fr-FR\",\"potentialAction\":[{\"@type\":\"ReadAction\",\"target\":[\"https:\\\/\\\/www.latribunedufaso.net\\\/?p=15239\"]}]},{\"@type\":\"ImageObject\",\"inLanguage\":\"fr-FR\",\"@id\":\"https:\\\/\\\/www.latribunedufaso.net\\\/?p=15239#primaryimage\",\"url\":\"https:\\\/\\\/www.latribunedufaso.net\\\/wp-content\\\/uploads\\\/2024\\\/08\\\/FB_IMG_1723286903729.jpg\",\"contentUrl\":\"https:\\\/\\\/www.latribunedufaso.net\\\/wp-content\\\/uploads\\\/2024\\\/08\\\/FB_IMG_1723286903729.jpg\",\"width\":720,\"height\":480,\"caption\":\"Le Premier ministre, Apollinaire Ky\u00e9lem de Tamb\u00e8la, \u00e9value l'execution du contrat d'objectifs du ministre en charge de l'Enseignement sup\u00e9rieur\"},{\"@type\":\"BreadcrumbList\",\"@id\":\"https:\\\/\\\/www.latribunedufaso.net\\\/?p=15239#breadcrumb\",\"itemListElement\":[{\"@type\":\"ListItem\",\"position\":1,\"name\":\"Accueil\",\"item\":\"https:\\\/\\\/www.latribunedufaso.net\\\/\"},{\"@type\":\"ListItem\",\"position\":2,\"name\":\"\u00c9valuation du contrat d\u2019objectifs du minist\u00e8re en charge de l\u2019Enseignement sup\u00e9rieur : Un taux de 39% enregistr\u00e9\"}]},{\"@type\":\"WebSite\",\"@id\":\"https:\\\/\\\/www.latribunedufaso.net\\\/#website\",\"url\":\"https:\\\/\\\/www.latribunedufaso.net\\\/\",\"name\":\"La Tribune du Faso\",\"description\":\"L&#039;information du monde rural en un clic\",\"publisher\":{\"@id\":\"https:\\\/\\\/www.latribunedufaso.net\\\/#organization\"},\"potentialAction\":[{\"@type\":\"SearchAction\",\"target\":{\"@type\":\"EntryPoint\",\"urlTemplate\":\"https:\\\/\\\/www.latribunedufaso.net\\\/?s={search_term_string}\"},\"query-input\":{\"@type\":\"PropertyValueSpecification\",\"valueRequired\":true,\"valueName\":\"search_term_string\"}}],\"inLanguage\":\"fr-FR\"},{\"@type\":\"Organization\",\"@id\":\"https:\\\/\\\/www.latribunedufaso.net\\\/#organization\",\"name\":\"La Tribune du Faso\",\"url\":\"https:\\\/\\\/www.latribunedufaso.net\\\/\",\"logo\":{\"@type\":\"ImageObject\",\"inLanguage\":\"fr-FR\",\"@id\":\"https:\\\/\\\/www.latribunedufaso.net\\\/#\\\/schema\\\/logo\\\/image\\\/\",\"url\":\"https:\\\/\\\/www.latribunedufaso.net\\\/wp-content\\\/uploads\\\/2020\\\/08\\\/Logo-Tribune-du-Faso-final-scaled.jpg\",\"contentUrl\":\"https:\\\/\\\/www.latribunedufaso.net\\\/wp-content\\\/uploads\\\/2020\\\/08\\\/Logo-Tribune-du-Faso-final-scaled.jpg\",\"width\":2560,\"height\":1856,\"caption\":\"La Tribune du Faso\"},\"image\":{\"@id\":\"https:\\\/\\\/www.latribunedufaso.net\\\/#\\\/schema\\\/logo\\\/image\\\/\"},\"sameAs\":[\"https:\\\/\\\/www.facebook.com\\\/LatribuneduFaso\\\/\"]},{\"@type\":\"Person\",\"@id\":\"https:\\\/\\\/www.latribunedufaso.net\\\/#\\\/schema\\\/person\\\/e54e64c5778a7e72cf80a318b7a622b0\",\"name\":\"Issouf Tapsoba\",\"image\":{\"@type\":\"ImageObject\",\"inLanguage\":\"fr-FR\",\"@id\":\"https:\\\/\\\/secure.gravatar.com\\\/avatar\\\/5e6c05150ce3230247d167f5b94d678eb05936197436d69b7921e3a95c9107ac?s=96&d=mm&r=g\",\"url\":\"https:\\\/\\\/secure.gravatar.com\\\/avatar\\\/5e6c05150ce3230247d167f5b94d678eb05936197436d69b7921e3a95c9107ac?s=96&d=mm&r=g\",\"contentUrl\":\"https:\\\/\\\/secure.gravatar.com\\\/avatar\\\/5e6c05150ce3230247d167f5b94d678eb05936197436d69b7921e3a95c9107ac?s=96&d=mm&r=g\",\"caption\":\"Issouf Tapsoba\"},\"url\":\"https:\\\/\\\/www.latribunedufaso.net\\\/?author=5\"}]}<\/script>\n<!-- \/ Yoast SEO plugin. -->","yoast_head_json":{"title":"\u00c9valuation du contrat d\u2019objectifs du minist\u00e8re en charge de l\u2019Enseignement sup\u00e9rieur : Un taux de 39% enregistr\u00e9 - La Tribune du Faso","robots":{"index":"index","follow":"follow","max-snippet":"max-snippet:-1","max-image-preview":"max-image-preview:large","max-video-preview":"max-video-preview:-1"},"canonical":"https:\/\/www.latribunedufaso.net\/?p=15239","og_locale":"fr_FR","og_type":"article","og_title":"\u00c9valuation du contrat d\u2019objectifs du minist\u00e8re en charge de l\u2019Enseignement sup\u00e9rieur : Un taux de 39% enregistr\u00e9 - La Tribune du Faso","og_description":"Le Chef du gouvernement, Apollinaire Ky\u00e9lem de Tamb\u00e8la continue l\u2019\u00e9valuation du contrat d\u2019objectifs des diff\u00e9rents ministres. Il a accord\u00e9 une audience, le 08 ao\u00fbt 2024 \u00e0 Ouagadougou, au ministre en charge de l\u2019Enseignement sup\u00e9rieur, Adjima Thiombiano.","og_url":"https:\/\/www.latribunedufaso.net\/?p=15239","og_site_name":"La Tribune du Faso","article_publisher":"https:\/\/www.facebook.com\/LatribuneduFaso\/","article_published_time":"2024-08-09T10:52:10+00:00","article_modified_time":"2024-08-11T00:23:38+00:00","og_image":[{"width":720,"height":480,"url":"https:\/\/www.latribunedufaso.net\/wp-content\/uploads\/2024\/08\/FB_IMG_1723286903729.jpg","type":"image\/jpeg"}],"author":"Issouf Tapsoba","twitter_misc":{"\u00c9crit par":"Issouf Tapsoba","Dur\u00e9e de lecture estim\u00e9e":"1 minute"},"schema":{"@context":"https:\/\/schema.org","@graph":[{"@type":"Article","@id":"https:\/\/www.latribunedufaso.net\/?p=15239#article","isPartOf":{"@id":"https:\/\/www.latribunedufaso.net\/?p=15239"},"author":{"name":"Issouf Tapsoba","@id":"https:\/\/www.latribunedufaso.net\/#\/schema\/person\/e54e64c5778a7e72cf80a318b7a622b0"},"headline":"\u00c9valuation du contrat d\u2019objectifs du minist\u00e8re en charge de l\u2019Enseignement sup\u00e9rieur : Un taux de 39% enregistr\u00e9","datePublished":"2024-08-09T10:52:10+00:00","dateModified":"2024-08-11T00:23:38+00:00","mainEntityOfPage":{"@id":"https:\/\/www.latribunedufaso.net\/?p=15239"},"wordCount":307,"commentCount":0,"publisher":{"@id":"https:\/\/www.latribunedufaso.net\/#organization"},"image":{"@id":"https:\/\/www.latribunedufaso.net\/?p=15239#primaryimage"},"thumbnailUrl":"https:\/\/www.latribunedufaso.net\/wp-content\/uploads\/2024\/08\/FB_IMG_1723286903729.jpg","keywords":["Enseignement sup\u00e9rieur","Evaluation des contrats d\u2019objectifs des minist\u00e8res","latribunedufaso.net","Retard acad\u00e9mique"],"articleSection":["A la une","Actualit\u00e9","\u00c9ducation"],"inLanguage":"fr-FR","potentialAction":[{"@type":"CommentAction","name":"Comment","target":["https:\/\/www.latribunedufaso.net\/?p=15239#respond"]}]},{"@type":"WebPage","@id":"https:\/\/www.latribunedufaso.net\/?p=15239","url":"https:\/\/www.latribunedufaso.net\/?p=15239","name":"\u00c9valuation du contrat d\u2019objectifs du minist\u00e8re en charge de l\u2019Enseignement sup\u00e9rieur : Un taux de 39% enregistr\u00e9 - La Tribune du Faso","isPartOf":{"@id":"https:\/\/www.latribunedufaso.net\/#website"},"primaryImageOfPage":{"@id":"https:\/\/www.latribunedufaso.net\/?p=15239#primaryimage"},"image":{"@id":"https:\/\/www.latribunedufaso.net\/?p=15239#primaryimage"},"thumbnailUrl":"https:\/\/www.latribunedufaso.net\/wp-content\/uploads\/2024\/08\/FB_IMG_1723286903729.jpg","datePublished":"2024-08-09T10:52:10+00:00","dateModified":"2024-08-11T00:23:38+00:00","breadcrumb":{"@id":"https:\/\/www.latribunedufaso.net\/?p=15239#breadcrumb"},"inLanguage":"fr-FR","potentialAction":[{"@type":"ReadAction","target":["https:\/\/www.latribunedufaso.net\/?p=15239"]}]},{"@type":"ImageObject","inLanguage":"fr-FR","@id":"https:\/\/www.latribunedufaso.net\/?p=15239#primaryimage","url":"https:\/\/www.latribunedufaso.net\/wp-content\/uploads\/2024\/08\/FB_IMG_1723286903729.jpg","contentUrl":"https:\/\/www.latribunedufaso.net\/wp-content\/uploads\/2024\/08\/FB_IMG_1723286903729.jpg","width":720,"height":480,"caption":"Le Premier ministre, Apollinaire Ky\u00e9lem de Tamb\u00e8la, \u00e9value l'execution du contrat d'objectifs du ministre en charge de l'Enseignement sup\u00e9rieur"},{"@type":"BreadcrumbList","@id":"https:\/\/www.latribunedufaso.net\/?p=15239#breadcrumb","itemListElement":[{"@type":"ListItem","position":1,"name":"Accueil","item":"https:\/\/www.latribunedufaso.net\/"},{"@type":"ListItem","position":2,"name":"\u00c9valuation du contrat d\u2019objectifs du minist\u00e8re en charge de l\u2019Enseignement sup\u00e9rieur : Un taux de 39% enregistr\u00e9"}]},{"@type":"WebSite","@id":"https:\/\/www.latribunedufaso.net\/#website","url":"https:\/\/www.latribunedufaso.net\/","name":"La Tribune du Faso","description":"L&#039;information du monde rural en un clic","publisher":{"@id":"https:\/\/www.latribunedufaso.net\/#organization"},"potentialAction":[{"@type":"SearchAction","target":{"@type":"EntryPoint","urlTemplate":"https:\/\/www.latribunedufaso.net\/?s={search_term_string}"},"query-input":{"@type":"PropertyValueSpecification","valueRequired":true,"valueName":"search_term_string"}}],"inLanguage":"fr-FR"},{"@type":"Organization","@id":"https:\/\/www.latribunedufaso.net\/#organization","name":"La Tribune du Faso","url":"https:\/\/www.latribunedufaso.net\/","logo":{"@type":"ImageObject","inLanguage":"fr-FR","@id":"https:\/\/www.latribunedufaso.net\/#\/schema\/logo\/image\/","url":"https:\/\/www.latribunedufaso.net\/wp-content\/uploads\/2020\/08\/Logo-Tribune-du-Faso-final-scaled.jpg","contentUrl":"https:\/\/www.latribunedufaso.net\/wp-content\/uploads\/2020\/08\/Logo-Tribune-du-Faso-final-scaled.jpg","width":2560,"height":1856,"caption":"La Tribune du Faso"},"image":{"@id":"https:\/\/www.latribunedufaso.net\/#\/schema\/logo\/image\/"},"sameAs":["https:\/\/www.facebook.com\/LatribuneduFaso\/"]},{"@type":"Person","@id":"https:\/\/www.latribunedufaso.net\/#\/schema\/person\/e54e64c5778a7e72cf80a318b7a622b0","name":"Issouf Tapsoba","image":{"@type":"ImageObject","inLanguage":"fr-FR","@id":"https:\/\/secure.gravatar.com\/avatar\/5e6c05150ce3230247d167f5b94d678eb05936197436d69b7921e3a95c9107ac?s=96&d=mm&r=g","url":"https:\/\/secure.gravatar.com\/avatar\/5e6c05150ce3230247d167f5b94d678eb05936197436d69b7921e3a95c9107ac?s=96&d=mm&r=g","contentUrl":"https:\/\/secure.gravatar.com\/avatar\/5e6c05150ce3230247d167f5b94d678eb05936197436d69b7921e3a95c9107ac?s=96&d=mm&r=g","caption":"Issouf Tapsoba"},"url":"https:\/\/www.latribunedufaso.net\/?author=5"}]}},"_links":{"self":[{"href":"https:\/\/www.latribunedufaso.net\/index.php?rest_route=\/wp\/v2\/posts\/15239","targetHints":{"allow":["GET"]}}],"collection":[{"href":"https:\/\/www.latribunedufaso.net\/index.php?rest_route=\/wp\/v2\/posts"}],"about":[{"href":"https:\/\/www.latribunedufaso.net\/index.php?rest_route=\/wp\/v2\/types\/post"}],"author":[{"embeddable":true,"href":"https:\/\/www.latribunedufaso.net\/index.php?rest_route=\/wp\/v2\/users\/5"}],"replies":[{"embeddable":true,"href":"https:\/\/www.latribunedufaso.net\/index.php?rest_route=%2Fwp%2Fv2%2Fcomments&post=15239"}],"version-history":[{"count":3,"href":"https:\/\/www.latribunedufaso.net\/index.php?rest_route=\/wp\/v2\/posts\/15239\/revisions"}],"predecessor-version":[{"id":15247,"href":"https:\/\/www.latribunedufaso.net\/index.php?rest_route=\/wp\/v2\/posts\/15239\/revisions\/15247"}],"wp:featuredmedia":[{"embeddable":true,"href":"https:\/\/www.latribunedufaso.net\/index.php?rest_route=\/wp\/v2\/media\/15241"}],"wp:attachment":[{"href":"https:\/\/www.latribunedufaso.net\/index.php?rest_route=%2Fwp%2Fv2%2Fmedia&parent=15239"}],"wp:term":[{"taxonomy":"category","embeddable":true,"href":"https:\/\/www.latribunedufaso.net\/index.php?rest_route=%2Fwp%2Fv2%2Fcategories&post=15239"},{"taxonomy":"post_tag","embeddable":true,"href":"https:\/\/www.latribunedufaso.net\/index.php?rest_route=%2Fwp%2Fv2%2Ftags&post=15239"}],"curies":[{"name":"wp","href":"https:\/\/api.w.org\/{rel}","templated":true}]}}