{"id":15234,"date":"2024-08-09T10:51:07","date_gmt":"2024-08-09T10:51:07","guid":{"rendered":"https:\/\/www.latribunedufaso.net\/?p=15234"},"modified":"2024-08-10T10:10:32","modified_gmt":"2024-08-10T10:10:32","slug":"contrat-dobjectifs-du-ministere-en-charge-des-mines-un-taux-dexecution-de-6107-enregistre","status":"publish","type":"post","link":"https:\/\/www.latribunedufaso.net\/?p=15234","title":{"rendered":"Contrat d\u2019objectifs du minist\u00e8re en charge des Mines : Un taux d\u2019ex\u00e9cution de 61,07 % enregistr\u00e9"},"content":{"rendered":"<p><strong><span style=\"font-size: 1.0625rem;\">Le Premier ministre, Apollinaire Ky\u00e9lem de Tamb\u00e8la a re\u00e7u en audience, le 08 ao\u00fbt 2024 \u00e0 Ouagadougou, le ministre en charge des Mines, Yacouba Zabr\u00e9 Gouba. C\u2019est dans le cadre de l\u2019\u00e9valuation du contrat d\u2019objectifs des membres du gouvernement.<\/span><\/strong><br \/><!--more--><\/p>\n<p>L\u2019\u00e9valuation du contrat d\u2019objectifs des membres du gouvernement permet de faire un bilan semestriel des activit\u00e9s men\u00e9es. Elle permet \u00e9galement <em><strong>\u00ab de voir ce qui a \u00e9t\u00e9 fait en termes d\u2019acquis et de performance au niveau de l\u2019ex\u00e9cution des contrats d\u2019objectifs \u00bb<\/strong><\/em>, a expliqu\u00e9 le ministre Gouba. Il s\u2019est pr\u00eat\u00e9 \u00e0 l\u2019exercice le 08 ao\u00fbt 2024 \u00e0 Ouagadougou.<\/p>\n<p>Le minist\u00e8re en charge des Mines a r\u00e9alis\u00e9 un taux global d\u2019ex\u00e9cution de 61,07 % au premier trimestre 2024. Cette performance <strong>\u00ab est jug\u00e9e assez satisfaisante \u00bb<\/strong> par le ministre.<\/p>\n<figure id=\"attachment_15235\" aria-describedby=\"caption-attachment-15235\" style=\"width: 300px\" class=\"wp-caption alignleft\"><a href=\"https:\/\/www.latribunedufaso.net\/wp-content\/uploads\/2024\/08\/FB_IMG_1723284176682.jpg\"><img loading=\"lazy\" decoding=\"async\" class=\"size-medium wp-image-15235\" src=\"https:\/\/www.latribunedufaso.net\/wp-content\/uploads\/2024\/08\/FB_IMG_1723284176682-300x201.jpg\" alt=\"Le ministre en charge des Mines apr\u00e8s l'\u00e9valuation de l'ex\u00e9cution de son contrat d'objectifs le 08 ao\u00fbt 2024\" width=\"300\" height=\"201\" srcset=\"https:\/\/www.latribunedufaso.net\/wp-content\/uploads\/2024\/08\/FB_IMG_1723284176682-300x201.jpg 300w, https:\/\/www.latribunedufaso.net\/wp-content\/uploads\/2024\/08\/FB_IMG_1723284176682.jpg 720w, https:\/\/www.latribunedufaso.net\/wp-content\/uploads\/2024\/08\/FB_IMG_1723284176682-120x80.jpg 120w, https:\/\/www.latribunedufaso.net\/wp-content\/uploads\/2024\/08\/FB_IMG_1723284176682-360x240.jpg 360w, https:\/\/www.latribunedufaso.net\/wp-content\/uploads\/2024\/08\/FB_IMG_1723284176682-600x400.jpg 600w\" sizes=\"auto, (max-width: 300px) 100vw, 300px\" \/><\/a><figcaption id=\"caption-attachment-15235\" class=\"wp-caption-text\">Le ministre en charge des Mines, Yacouba Zabr\u00e9 Gouba est satisfait par la performance du minist\u00e8re &#8211; Ph. DCRP MEMC<\/figcaption><\/figure>\n<p>Cependant, de fa\u00e7on sp\u00e9cifique, 8 activit\u00e9s ont un taux inf\u00e9rieur \u00e0 30%. <em><strong>\u00ab C\u2019est des \u00e9l\u00e9ments sur lesquels nous pensons agir tr\u00e8s rapidement \u00bb<\/strong><\/em>, a-t-il rassur\u00e9. Cela permettra de relever le taux global d\u2019execution du contrat d\u2019objectif lors de la prochaine \u00e9valuation.<\/p>\n<blockquote>\n<p><strong>Quelques activit\u00e9s r\u00e9alis\u00e9es au premier semestre 2024 <\/strong><\/p>\n<\/blockquote>\n<p>Dans le domaine de l\u2019\u00e9nergie,<em><strong> \u00ab nous avons pu poursuivre le travail de renforcement et d\u2019installation des nouvelles lignes \u00bb.<\/strong><\/em> Globalement, il y a 116 Km de lignes qui ont \u00e9t\u00e9 remis \u00e0 niveau. A cela s\u2019ajoute la mise en service de 42 m\u00e9gawatts de centrale solaire, inject\u00e9s dans le R\u00e9seau national interconnect\u00e9.<\/p>\n<p>Des actions ont \u00e9galement \u00e9t\u00e9 men\u00e9es au niveau des mines \u00e0 travers la collecte de l\u2019or. <em><strong>\u00ab C\u2019est une collecte record \u00bb<\/strong><\/em>, selon le ministre Gouba. L\u2019entr\u00e9e en vigueur des nouvelles mesures a permis au minist\u00e8re de collecter 3 tonnes d\u2019or sur une pr\u00e9vision de 500 Kg.<\/p>\n<p><strong>Issouf Tapsoba <\/strong><\/p>\n<p><strong>Latribunedufaso.net<\/strong><\/p>\n","protected":false},"excerpt":{"rendered":"<p>Le Premier ministre, Apollinaire Ky\u00e9lem de Tamb\u00e8la a re\u00e7u en audience, le 08 ao\u00fbt 2024 \u00e0 Ouagadougou, le ministre en charge des Mines, Yacouba Zabr\u00e9 Gouba. C\u2019est dans le cadre de l\u2019\u00e9valuation du contrat d\u2019objectifs des membres du gouvernement.<\/p>\n","protected":false},"author":5,"featured_media":15236,"comment_status":"open","ping_status":"open","sticky":false,"template":"","format":"standard","meta":{"footnotes":""},"categories":[13,1,19],"tags":[53,41,39,52],"class_list":["post-15234","post","type-post","status-publish","format-standard","has-post-thumbnail","hentry","category-une","category-actu","category-mines-et-carrieres","tag-energie","tag-evaluation-des-contrats-dobjectifs-des-ministeres","tag-latribunedufaso-net","tag-mines-et-carrieres"],"yoast_head":"<!-- This site is optimized with the Yoast SEO plugin v27.4 - https:\/\/yoast.com\/product\/yoast-seo-wordpress\/ -->\n<title>Contrat d\u2019objectifs du minist\u00e8re en charge des Mines : Un taux d\u2019ex\u00e9cution de 61,07 % enregistr\u00e9 - La Tribune du Faso<\/title>\n<meta name=\"robots\" content=\"index, follow, max-snippet:-1, max-image-preview:large, max-video-preview:-1\" \/>\n<link rel=\"canonical\" href=\"https:\/\/www.latribunedufaso.net\/?p=15234\" \/>\n<meta property=\"og:locale\" content=\"fr_FR\" \/>\n<meta property=\"og:type\" content=\"article\" \/>\n<meta property=\"og:title\" content=\"Contrat d\u2019objectifs du minist\u00e8re en charge des Mines : Un taux d\u2019ex\u00e9cution de 61,07 % enregistr\u00e9 - La Tribune du Faso\" \/>\n<meta property=\"og:description\" content=\"Le Premier ministre, Apollinaire Ky\u00e9lem de Tamb\u00e8la a re\u00e7u en audience, le 08 ao\u00fbt 2024 \u00e0 Ouagadougou, le ministre en charge des Mines, Yacouba Zabr\u00e9 Gouba. C\u2019est dans le cadre de l\u2019\u00e9valuation du contrat d\u2019objectifs des membres du gouvernement.\" \/>\n<meta property=\"og:url\" content=\"https:\/\/www.latribunedufaso.net\/?p=15234\" \/>\n<meta property=\"og:site_name\" content=\"La Tribune du Faso\" \/>\n<meta property=\"article:publisher\" content=\"https:\/\/www.facebook.com\/LatribuneduFaso\/\" \/>\n<meta property=\"article:published_time\" content=\"2024-08-09T10:51:07+00:00\" \/>\n<meta property=\"article:modified_time\" content=\"2024-08-10T10:10:32+00:00\" \/>\n<meta property=\"og:image\" content=\"https:\/\/www.latribunedufaso.net\/wp-content\/uploads\/2024\/08\/FB_IMG_1723284168533.jpg\" \/>\n\t<meta property=\"og:image:width\" content=\"720\" \/>\n\t<meta property=\"og:image:height\" content=\"322\" \/>\n\t<meta property=\"og:image:type\" content=\"image\/jpeg\" \/>\n<meta name=\"author\" content=\"Issouf Tapsoba\" \/>\n<meta name=\"twitter:label1\" content=\"\u00c9crit par\" \/>\n\t<meta name=\"twitter:data1\" content=\"Issouf Tapsoba\" \/>\n\t<meta name=\"twitter:label2\" content=\"Dur\u00e9e de lecture estim\u00e9e\" \/>\n\t<meta name=\"twitter:data2\" content=\"2 minutes\" \/>\n<script type=\"application\/ld+json\" class=\"yoast-schema-graph\">{\"@context\":\"https:\\\/\\\/schema.org\",\"@graph\":[{\"@type\":\"Article\",\"@id\":\"https:\\\/\\\/www.latribunedufaso.net\\\/?p=15234#article\",\"isPartOf\":{\"@id\":\"https:\\\/\\\/www.latribunedufaso.net\\\/?p=15234\"},\"author\":{\"name\":\"Issouf Tapsoba\",\"@id\":\"https:\\\/\\\/www.latribunedufaso.net\\\/#\\\/schema\\\/person\\\/e54e64c5778a7e72cf80a318b7a622b0\"},\"headline\":\"Contrat d\u2019objectifs du minist\u00e8re en charge des Mines : Un taux d\u2019ex\u00e9cution de 61,07 % enregistr\u00e9\",\"datePublished\":\"2024-08-09T10:51:07+00:00\",\"dateModified\":\"2024-08-10T10:10:32+00:00\",\"mainEntityOfPage\":{\"@id\":\"https:\\\/\\\/www.latribunedufaso.net\\\/?p=15234\"},\"wordCount\":345,\"commentCount\":0,\"publisher\":{\"@id\":\"https:\\\/\\\/www.latribunedufaso.net\\\/#organization\"},\"image\":{\"@id\":\"https:\\\/\\\/www.latribunedufaso.net\\\/?p=15234#primaryimage\"},\"thumbnailUrl\":\"https:\\\/\\\/www.latribunedufaso.net\\\/wp-content\\\/uploads\\\/2024\\\/08\\\/FB_IMG_1723284168533.jpg\",\"keywords\":[\"\u00e9nergie\",\"Evaluation des contrats d\u2019objectifs des minist\u00e8res\",\"latribunedufaso.net\",\"mines et carri\u00e8res\"],\"articleSection\":[\"A la une\",\"Actualit\u00e9\",\"Mines et Carri\u00e8res\"],\"inLanguage\":\"fr-FR\",\"potentialAction\":[{\"@type\":\"CommentAction\",\"name\":\"Comment\",\"target\":[\"https:\\\/\\\/www.latribunedufaso.net\\\/?p=15234#respond\"]}]},{\"@type\":\"WebPage\",\"@id\":\"https:\\\/\\\/www.latribunedufaso.net\\\/?p=15234\",\"url\":\"https:\\\/\\\/www.latribunedufaso.net\\\/?p=15234\",\"name\":\"Contrat d\u2019objectifs du minist\u00e8re en charge des Mines : Un taux d\u2019ex\u00e9cution de 61,07 % enregistr\u00e9 - La Tribune du Faso\",\"isPartOf\":{\"@id\":\"https:\\\/\\\/www.latribunedufaso.net\\\/#website\"},\"primaryImageOfPage\":{\"@id\":\"https:\\\/\\\/www.latribunedufaso.net\\\/?p=15234#primaryimage\"},\"image\":{\"@id\":\"https:\\\/\\\/www.latribunedufaso.net\\\/?p=15234#primaryimage\"},\"thumbnailUrl\":\"https:\\\/\\\/www.latribunedufaso.net\\\/wp-content\\\/uploads\\\/2024\\\/08\\\/FB_IMG_1723284168533.jpg\",\"datePublished\":\"2024-08-09T10:51:07+00:00\",\"dateModified\":\"2024-08-10T10:10:32+00:00\",\"breadcrumb\":{\"@id\":\"https:\\\/\\\/www.latribunedufaso.net\\\/?p=15234#breadcrumb\"},\"inLanguage\":\"fr-FR\",\"potentialAction\":[{\"@type\":\"ReadAction\",\"target\":[\"https:\\\/\\\/www.latribunedufaso.net\\\/?p=15234\"]}]},{\"@type\":\"ImageObject\",\"inLanguage\":\"fr-FR\",\"@id\":\"https:\\\/\\\/www.latribunedufaso.net\\\/?p=15234#primaryimage\",\"url\":\"https:\\\/\\\/www.latribunedufaso.net\\\/wp-content\\\/uploads\\\/2024\\\/08\\\/FB_IMG_1723284168533.jpg\",\"contentUrl\":\"https:\\\/\\\/www.latribunedufaso.net\\\/wp-content\\\/uploads\\\/2024\\\/08\\\/FB_IMG_1723284168533.jpg\",\"width\":720,\"height\":322,\"caption\":\"Le Premier ministre, Apollinaire Ky\u00e9lem de Tamb\u00e8la \u00e9value l'execution du contrat d'objectifs du ministre en charge des Mines\"},{\"@type\":\"BreadcrumbList\",\"@id\":\"https:\\\/\\\/www.latribunedufaso.net\\\/?p=15234#breadcrumb\",\"itemListElement\":[{\"@type\":\"ListItem\",\"position\":1,\"name\":\"Accueil\",\"item\":\"https:\\\/\\\/www.latribunedufaso.net\\\/\"},{\"@type\":\"ListItem\",\"position\":2,\"name\":\"Contrat d\u2019objectifs du minist\u00e8re en charge des Mines : Un taux d\u2019ex\u00e9cution de 61,07 % enregistr\u00e9\"}]},{\"@type\":\"WebSite\",\"@id\":\"https:\\\/\\\/www.latribunedufaso.net\\\/#website\",\"url\":\"https:\\\/\\\/www.latribunedufaso.net\\\/\",\"name\":\"La Tribune du Faso\",\"description\":\"L&#039;information du monde rural en un clic\",\"publisher\":{\"@id\":\"https:\\\/\\\/www.latribunedufaso.net\\\/#organization\"},\"potentialAction\":[{\"@type\":\"SearchAction\",\"target\":{\"@type\":\"EntryPoint\",\"urlTemplate\":\"https:\\\/\\\/www.latribunedufaso.net\\\/?s={search_term_string}\"},\"query-input\":{\"@type\":\"PropertyValueSpecification\",\"valueRequired\":true,\"valueName\":\"search_term_string\"}}],\"inLanguage\":\"fr-FR\"},{\"@type\":\"Organization\",\"@id\":\"https:\\\/\\\/www.latribunedufaso.net\\\/#organization\",\"name\":\"La Tribune du Faso\",\"url\":\"https:\\\/\\\/www.latribunedufaso.net\\\/\",\"logo\":{\"@type\":\"ImageObject\",\"inLanguage\":\"fr-FR\",\"@id\":\"https:\\\/\\\/www.latribunedufaso.net\\\/#\\\/schema\\\/logo\\\/image\\\/\",\"url\":\"https:\\\/\\\/www.latribunedufaso.net\\\/wp-content\\\/uploads\\\/2020\\\/08\\\/Logo-Tribune-du-Faso-final-scaled.jpg\",\"contentUrl\":\"https:\\\/\\\/www.latribunedufaso.net\\\/wp-content\\\/uploads\\\/2020\\\/08\\\/Logo-Tribune-du-Faso-final-scaled.jpg\",\"width\":2560,\"height\":1856,\"caption\":\"La Tribune du Faso\"},\"image\":{\"@id\":\"https:\\\/\\\/www.latribunedufaso.net\\\/#\\\/schema\\\/logo\\\/image\\\/\"},\"sameAs\":[\"https:\\\/\\\/www.facebook.com\\\/LatribuneduFaso\\\/\"]},{\"@type\":\"Person\",\"@id\":\"https:\\\/\\\/www.latribunedufaso.net\\\/#\\\/schema\\\/person\\\/e54e64c5778a7e72cf80a318b7a622b0\",\"name\":\"Issouf Tapsoba\",\"image\":{\"@type\":\"ImageObject\",\"inLanguage\":\"fr-FR\",\"@id\":\"https:\\\/\\\/secure.gravatar.com\\\/avatar\\\/5e6c05150ce3230247d167f5b94d678eb05936197436d69b7921e3a95c9107ac?s=96&d=mm&r=g\",\"url\":\"https:\\\/\\\/secure.gravatar.com\\\/avatar\\\/5e6c05150ce3230247d167f5b94d678eb05936197436d69b7921e3a95c9107ac?s=96&d=mm&r=g\",\"contentUrl\":\"https:\\\/\\\/secure.gravatar.com\\\/avatar\\\/5e6c05150ce3230247d167f5b94d678eb05936197436d69b7921e3a95c9107ac?s=96&d=mm&r=g\",\"caption\":\"Issouf Tapsoba\"},\"url\":\"https:\\\/\\\/www.latribunedufaso.net\\\/?author=5\"}]}<\/script>\n<!-- \/ Yoast SEO plugin. -->","yoast_head_json":{"title":"Contrat d\u2019objectifs du minist\u00e8re en charge des Mines : Un taux d\u2019ex\u00e9cution de 61,07 % enregistr\u00e9 - La Tribune du Faso","robots":{"index":"index","follow":"follow","max-snippet":"max-snippet:-1","max-image-preview":"max-image-preview:large","max-video-preview":"max-video-preview:-1"},"canonical":"https:\/\/www.latribunedufaso.net\/?p=15234","og_locale":"fr_FR","og_type":"article","og_title":"Contrat d\u2019objectifs du minist\u00e8re en charge des Mines : Un taux d\u2019ex\u00e9cution de 61,07 % enregistr\u00e9 - La Tribune du Faso","og_description":"Le Premier ministre, Apollinaire Ky\u00e9lem de Tamb\u00e8la a re\u00e7u en audience, le 08 ao\u00fbt 2024 \u00e0 Ouagadougou, le ministre en charge des Mines, Yacouba Zabr\u00e9 Gouba. C\u2019est dans le cadre de l\u2019\u00e9valuation du contrat d\u2019objectifs des membres du gouvernement.","og_url":"https:\/\/www.latribunedufaso.net\/?p=15234","og_site_name":"La Tribune du Faso","article_publisher":"https:\/\/www.facebook.com\/LatribuneduFaso\/","article_published_time":"2024-08-09T10:51:07+00:00","article_modified_time":"2024-08-10T10:10:32+00:00","og_image":[{"width":720,"height":322,"url":"https:\/\/www.latribunedufaso.net\/wp-content\/uploads\/2024\/08\/FB_IMG_1723284168533.jpg","type":"image\/jpeg"}],"author":"Issouf Tapsoba","twitter_misc":{"\u00c9crit par":"Issouf Tapsoba","Dur\u00e9e de lecture estim\u00e9e":"2 minutes"},"schema":{"@context":"https:\/\/schema.org","@graph":[{"@type":"Article","@id":"https:\/\/www.latribunedufaso.net\/?p=15234#article","isPartOf":{"@id":"https:\/\/www.latribunedufaso.net\/?p=15234"},"author":{"name":"Issouf Tapsoba","@id":"https:\/\/www.latribunedufaso.net\/#\/schema\/person\/e54e64c5778a7e72cf80a318b7a622b0"},"headline":"Contrat d\u2019objectifs du minist\u00e8re en charge des Mines : Un taux d\u2019ex\u00e9cution de 61,07 % enregistr\u00e9","datePublished":"2024-08-09T10:51:07+00:00","dateModified":"2024-08-10T10:10:32+00:00","mainEntityOfPage":{"@id":"https:\/\/www.latribunedufaso.net\/?p=15234"},"wordCount":345,"commentCount":0,"publisher":{"@id":"https:\/\/www.latribunedufaso.net\/#organization"},"image":{"@id":"https:\/\/www.latribunedufaso.net\/?p=15234#primaryimage"},"thumbnailUrl":"https:\/\/www.latribunedufaso.net\/wp-content\/uploads\/2024\/08\/FB_IMG_1723284168533.jpg","keywords":["\u00e9nergie","Evaluation des contrats d\u2019objectifs des minist\u00e8res","latribunedufaso.net","mines et carri\u00e8res"],"articleSection":["A la une","Actualit\u00e9","Mines et Carri\u00e8res"],"inLanguage":"fr-FR","potentialAction":[{"@type":"CommentAction","name":"Comment","target":["https:\/\/www.latribunedufaso.net\/?p=15234#respond"]}]},{"@type":"WebPage","@id":"https:\/\/www.latribunedufaso.net\/?p=15234","url":"https:\/\/www.latribunedufaso.net\/?p=15234","name":"Contrat d\u2019objectifs du minist\u00e8re en charge des Mines : Un taux d\u2019ex\u00e9cution de 61,07 % enregistr\u00e9 - La Tribune du Faso","isPartOf":{"@id":"https:\/\/www.latribunedufaso.net\/#website"},"primaryImageOfPage":{"@id":"https:\/\/www.latribunedufaso.net\/?p=15234#primaryimage"},"image":{"@id":"https:\/\/www.latribunedufaso.net\/?p=15234#primaryimage"},"thumbnailUrl":"https:\/\/www.latribunedufaso.net\/wp-content\/uploads\/2024\/08\/FB_IMG_1723284168533.jpg","datePublished":"2024-08-09T10:51:07+00:00","dateModified":"2024-08-10T10:10:32+00:00","breadcrumb":{"@id":"https:\/\/www.latribunedufaso.net\/?p=15234#breadcrumb"},"inLanguage":"fr-FR","potentialAction":[{"@type":"ReadAction","target":["https:\/\/www.latribunedufaso.net\/?p=15234"]}]},{"@type":"ImageObject","inLanguage":"fr-FR","@id":"https:\/\/www.latribunedufaso.net\/?p=15234#primaryimage","url":"https:\/\/www.latribunedufaso.net\/wp-content\/uploads\/2024\/08\/FB_IMG_1723284168533.jpg","contentUrl":"https:\/\/www.latribunedufaso.net\/wp-content\/uploads\/2024\/08\/FB_IMG_1723284168533.jpg","width":720,"height":322,"caption":"Le Premier ministre, Apollinaire Ky\u00e9lem de Tamb\u00e8la \u00e9value l'execution du contrat d'objectifs du ministre en charge des Mines"},{"@type":"BreadcrumbList","@id":"https:\/\/www.latribunedufaso.net\/?p=15234#breadcrumb","itemListElement":[{"@type":"ListItem","position":1,"name":"Accueil","item":"https:\/\/www.latribunedufaso.net\/"},{"@type":"ListItem","position":2,"name":"Contrat d\u2019objectifs du minist\u00e8re en charge des Mines : Un taux d\u2019ex\u00e9cution de 61,07 % enregistr\u00e9"}]},{"@type":"WebSite","@id":"https:\/\/www.latribunedufaso.net\/#website","url":"https:\/\/www.latribunedufaso.net\/","name":"La Tribune du Faso","description":"L&#039;information du monde rural en un clic","publisher":{"@id":"https:\/\/www.latribunedufaso.net\/#organization"},"potentialAction":[{"@type":"SearchAction","target":{"@type":"EntryPoint","urlTemplate":"https:\/\/www.latribunedufaso.net\/?s={search_term_string}"},"query-input":{"@type":"PropertyValueSpecification","valueRequired":true,"valueName":"search_term_string"}}],"inLanguage":"fr-FR"},{"@type":"Organization","@id":"https:\/\/www.latribunedufaso.net\/#organization","name":"La Tribune du Faso","url":"https:\/\/www.latribunedufaso.net\/","logo":{"@type":"ImageObject","inLanguage":"fr-FR","@id":"https:\/\/www.latribunedufaso.net\/#\/schema\/logo\/image\/","url":"https:\/\/www.latribunedufaso.net\/wp-content\/uploads\/2020\/08\/Logo-Tribune-du-Faso-final-scaled.jpg","contentUrl":"https:\/\/www.latribunedufaso.net\/wp-content\/uploads\/2020\/08\/Logo-Tribune-du-Faso-final-scaled.jpg","width":2560,"height":1856,"caption":"La Tribune du Faso"},"image":{"@id":"https:\/\/www.latribunedufaso.net\/#\/schema\/logo\/image\/"},"sameAs":["https:\/\/www.facebook.com\/LatribuneduFaso\/"]},{"@type":"Person","@id":"https:\/\/www.latribunedufaso.net\/#\/schema\/person\/e54e64c5778a7e72cf80a318b7a622b0","name":"Issouf Tapsoba","image":{"@type":"ImageObject","inLanguage":"fr-FR","@id":"https:\/\/secure.gravatar.com\/avatar\/5e6c05150ce3230247d167f5b94d678eb05936197436d69b7921e3a95c9107ac?s=96&d=mm&r=g","url":"https:\/\/secure.gravatar.com\/avatar\/5e6c05150ce3230247d167f5b94d678eb05936197436d69b7921e3a95c9107ac?s=96&d=mm&r=g","contentUrl":"https:\/\/secure.gravatar.com\/avatar\/5e6c05150ce3230247d167f5b94d678eb05936197436d69b7921e3a95c9107ac?s=96&d=mm&r=g","caption":"Issouf Tapsoba"},"url":"https:\/\/www.latribunedufaso.net\/?author=5"}]}},"_links":{"self":[{"href":"https:\/\/www.latribunedufaso.net\/index.php?rest_route=\/wp\/v2\/posts\/15234","targetHints":{"allow":["GET"]}}],"collection":[{"href":"https:\/\/www.latribunedufaso.net\/index.php?rest_route=\/wp\/v2\/posts"}],"about":[{"href":"https:\/\/www.latribunedufaso.net\/index.php?rest_route=\/wp\/v2\/types\/post"}],"author":[{"embeddable":true,"href":"https:\/\/www.latribunedufaso.net\/index.php?rest_route=\/wp\/v2\/users\/5"}],"replies":[{"embeddable":true,"href":"https:\/\/www.latribunedufaso.net\/index.php?rest_route=%2Fwp%2Fv2%2Fcomments&post=15234"}],"version-history":[{"count":2,"href":"https:\/\/www.latribunedufaso.net\/index.php?rest_route=\/wp\/v2\/posts\/15234\/revisions"}],"predecessor-version":[{"id":15238,"href":"https:\/\/www.latribunedufaso.net\/index.php?rest_route=\/wp\/v2\/posts\/15234\/revisions\/15238"}],"wp:featuredmedia":[{"embeddable":true,"href":"https:\/\/www.latribunedufaso.net\/index.php?rest_route=\/wp\/v2\/media\/15236"}],"wp:attachment":[{"href":"https:\/\/www.latribunedufaso.net\/index.php?rest_route=%2Fwp%2Fv2%2Fmedia&parent=15234"}],"wp:term":[{"taxonomy":"category","embeddable":true,"href":"https:\/\/www.latribunedufaso.net\/index.php?rest_route=%2Fwp%2Fv2%2Fcategories&post=15234"},{"taxonomy":"post_tag","embeddable":true,"href":"https:\/\/www.latribunedufaso.net\/index.php?rest_route=%2Fwp%2Fv2%2Ftags&post=15234"}],"curies":[{"name":"wp","href":"https:\/\/api.w.org\/{rel}","templated":true}]}}