{"id":15229,"date":"2024-08-09T08:27:52","date_gmt":"2024-08-09T08:27:52","guid":{"rendered":"https:\/\/www.latribunedufaso.net\/?p=15229"},"modified":"2024-08-09T16:43:03","modified_gmt":"2024-08-09T16:43:03","slug":"ministere-en-charge-des-infrastructures-un-taux-dexecution-des-activites-de-4049-enregistre","status":"publish","type":"post","link":"https:\/\/www.latribunedufaso.net\/?p=15229","title":{"rendered":"Minist\u00e8re en charge des Infrastructures : Un taux d\u2019ex\u00e9cution des activit\u00e9s de 40,49% enregistr\u00e9"},"content":{"rendered":"<p><strong><span style=\"font-size: 1.0625rem;\">Dans le cadre de l\u2019\u00e9valuation du contrat d\u2019objectifs des ministres, le Premier ministre, Apollinaire Ky\u00e9lem de Tamb\u00e8la a re\u00e7u en audience, le 08 ao\u00fbt 2024 \u00e0 Ouagadougou, le ministre en charge des Infrastructures, Adama Luc Sorgho.<\/span><\/strong><br \/><!--more--><\/p>\n<p><em><strong>\u00ab En mati\u00e8re de performance, nous sommes \u00e0 40,49% cette ann\u00e9e contre 30,40% pour l\u2019ann\u00e9e derni\u00e8re. Le minist\u00e8re est satisfait \u00bb<\/strong><\/em>, a annonc\u00e9 le ministre des Infrastructures et du D\u00e9senclavement (MID), Adama Luc Sorgho. C\u2019est dans le cadre de l\u2019\u00e9valuation du contrat d\u2019objectiif assign\u00e9 aux ministres par le Premier ministre. Elle a eu lieu le 08 ao\u00fbt 2024 \u00e0 Ouagadougou.<\/p>\n<figure id=\"attachment_15230\" aria-describedby=\"caption-attachment-15230\" style=\"width: 300px\" class=\"wp-caption alignleft\"><a href=\"https:\/\/www.latribunedufaso.net\/wp-content\/uploads\/2024\/08\/FB_IMG_1723221430457.jpg\"><img loading=\"lazy\" decoding=\"async\" class=\"size-medium wp-image-15230\" src=\"https:\/\/www.latribunedufaso.net\/wp-content\/uploads\/2024\/08\/FB_IMG_1723221430457-300x200.jpg\" alt=\"Le ministre en charge des Infrastructures \u00e0 l'issue de l'\u00e9valuation de son contrat d'objectifs le 08 ao\u00fbt 2024\" width=\"300\" height=\"200\" srcset=\"https:\/\/www.latribunedufaso.net\/wp-content\/uploads\/2024\/08\/FB_IMG_1723221430457-300x200.jpg 300w, https:\/\/www.latribunedufaso.net\/wp-content\/uploads\/2024\/08\/FB_IMG_1723221430457-120x80.jpg 120w, https:\/\/www.latribunedufaso.net\/wp-content\/uploads\/2024\/08\/FB_IMG_1723221430457-360x240.jpg 360w, https:\/\/www.latribunedufaso.net\/wp-content\/uploads\/2024\/08\/FB_IMG_1723221430457-600x400.jpg 600w, https:\/\/www.latribunedufaso.net\/wp-content\/uploads\/2024\/08\/FB_IMG_1723221430457.jpg 720w\" sizes=\"auto, (max-width: 300px) 100vw, 300px\" \/><\/a><figcaption id=\"caption-attachment-15230\" class=\"wp-caption-text\">Le ministre en charge des Infrastructures, Adama Luc Sorgho<\/figcaption><\/figure>\n<p>Cette \u00e9valuation concerne la p\u00e9riode du premier semestre 2024. Le d\u00e9partement a \u00e9t\u00e9 confront\u00e9 \u00e0 beaucoup de difficult\u00e9s. Il s\u2019agit notamment de la mauvaise performance des entreprises. <em><strong>\u00ab Nous travaillons \u00e0 corriger cela en faisant la relecture des agr\u00e9ments \u00bb<\/strong><\/em>, a-t-il ajout\u00e9.<\/p>\n<p>Plusieurs chantiers sont en cours. Il s\u2019agit, entre autres, des travaux d\u2019\u00e9largissement de la RN 2 sur la sortie de Ouahigouya, la voirie de l\u2019avenue Mogho Naaba et l&rsquo;avenue Yennega \u00e0 Ouaga et des voiries \u00e0 Bobo Dioulasso. Le ministre Sorgho s\u2019est r\u00e9joui de l\u2019\u00e9valuation de son contrat d\u2019objectifs.<\/p>\n<blockquote>\n<p><strong>Perspectives <\/strong><\/p>\n<\/blockquote>\n<p>Le MID a plusieurs perspectives en vue. Il s\u2019agit notamment de la construction de l\u2019autoroute Ouaga-Bobo, les chemins de fer Accra-Ouaga et au niveau de l\u2019Alliance des Etats du Sahel (AES). Pour ce qui concerne le Burkina, <strong><em>\u00ab il s\u2019agit de Sikasso-Bobo et Ouaga \u00e0 la fronti\u00e8re du Niger \u00bb. <\/em><\/strong><\/p>\n<p><strong>Issouf TAPSOBA<\/strong><\/p>\n<p><strong>Latribunedufaso.net<\/strong><\/p>\n","protected":false},"excerpt":{"rendered":"<p>Dans le cadre de l\u2019\u00e9valuation du contrat d\u2019objectifs des ministres, le Premier ministre, Apollinaire Ky\u00e9lem de Tamb\u00e8la a re\u00e7u en audience, le 08 ao\u00fbt 2024 \u00e0 Ouagadougou, le ministre en charge des Infrastructures, Adama Luc Sorgho.<\/p>\n","protected":false},"author":5,"featured_media":15231,"comment_status":"open","ping_status":"open","sticky":false,"template":"","format":"standard","meta":{"footnotes":""},"categories":[13,1,8],"tags":[50,51,39],"class_list":["post-15229","post","type-post","status-publish","format-standard","has-post-thumbnail","hentry","category-une","category-actu","category-societe","tag-evaluation-contrat-dobjectif","tag-infrastructures-et-desenclavement","tag-latribunedufaso-net"],"yoast_head":"<!-- This site is optimized with the Yoast SEO plugin v27.4 - https:\/\/yoast.com\/product\/yoast-seo-wordpress\/ -->\n<title>Minist\u00e8re en charge des Infrastructures : Un taux d\u2019ex\u00e9cution des activit\u00e9s de 40,49% enregistr\u00e9 - La Tribune du Faso<\/title>\n<meta name=\"robots\" content=\"index, follow, max-snippet:-1, max-image-preview:large, max-video-preview:-1\" \/>\n<link rel=\"canonical\" href=\"https:\/\/www.latribunedufaso.net\/?p=15229\" \/>\n<meta property=\"og:locale\" content=\"fr_FR\" \/>\n<meta property=\"og:type\" content=\"article\" \/>\n<meta property=\"og:title\" content=\"Minist\u00e8re en charge des Infrastructures : Un taux d\u2019ex\u00e9cution des activit\u00e9s de 40,49% enregistr\u00e9 - La Tribune du Faso\" \/>\n<meta property=\"og:description\" content=\"Dans le cadre de l\u2019\u00e9valuation du contrat d\u2019objectifs des ministres, le Premier ministre, Apollinaire Ky\u00e9lem de Tamb\u00e8la a re\u00e7u en audience, le 08 ao\u00fbt 2024 \u00e0 Ouagadougou, le ministre en charge des Infrastructures, Adama Luc Sorgho.\" \/>\n<meta property=\"og:url\" content=\"https:\/\/www.latribunedufaso.net\/?p=15229\" \/>\n<meta property=\"og:site_name\" content=\"La Tribune du Faso\" \/>\n<meta property=\"article:publisher\" content=\"https:\/\/www.facebook.com\/LatribuneduFaso\/\" \/>\n<meta property=\"article:published_time\" content=\"2024-08-09T08:27:52+00:00\" \/>\n<meta property=\"article:modified_time\" content=\"2024-08-09T16:43:03+00:00\" \/>\n<meta property=\"og:image\" content=\"https:\/\/www.latribunedufaso.net\/wp-content\/uploads\/2024\/08\/FB_IMG_1723221423936.jpg\" \/>\n\t<meta property=\"og:image:width\" content=\"720\" \/>\n\t<meta property=\"og:image:height\" content=\"455\" \/>\n\t<meta property=\"og:image:type\" content=\"image\/jpeg\" \/>\n<meta name=\"author\" content=\"Issouf Tapsoba\" \/>\n<meta name=\"twitter:label1\" content=\"\u00c9crit par\" \/>\n\t<meta name=\"twitter:data1\" content=\"Issouf Tapsoba\" \/>\n\t<meta name=\"twitter:label2\" content=\"Dur\u00e9e de lecture estim\u00e9e\" \/>\n\t<meta name=\"twitter:data2\" content=\"1 minute\" \/>\n<script type=\"application\/ld+json\" class=\"yoast-schema-graph\">{\"@context\":\"https:\\\/\\\/schema.org\",\"@graph\":[{\"@type\":\"Article\",\"@id\":\"https:\\\/\\\/www.latribunedufaso.net\\\/?p=15229#article\",\"isPartOf\":{\"@id\":\"https:\\\/\\\/www.latribunedufaso.net\\\/?p=15229\"},\"author\":{\"name\":\"Issouf Tapsoba\",\"@id\":\"https:\\\/\\\/www.latribunedufaso.net\\\/#\\\/schema\\\/person\\\/e54e64c5778a7e72cf80a318b7a622b0\"},\"headline\":\"Minist\u00e8re en charge des Infrastructures : Un taux d\u2019ex\u00e9cution des activit\u00e9s de 40,49% enregistr\u00e9\",\"datePublished\":\"2024-08-09T08:27:52+00:00\",\"dateModified\":\"2024-08-09T16:43:03+00:00\",\"mainEntityOfPage\":{\"@id\":\"https:\\\/\\\/www.latribunedufaso.net\\\/?p=15229\"},\"wordCount\":287,\"commentCount\":0,\"publisher\":{\"@id\":\"https:\\\/\\\/www.latribunedufaso.net\\\/#organization\"},\"image\":{\"@id\":\"https:\\\/\\\/www.latribunedufaso.net\\\/?p=15229#primaryimage\"},\"thumbnailUrl\":\"https:\\\/\\\/www.latribunedufaso.net\\\/wp-content\\\/uploads\\\/2024\\\/08\\\/FB_IMG_1723221423936.jpg\",\"keywords\":[\"Evaluation contrat d\u2019objectif\",\"infrastructures et d\u00e9senclavement\",\"latribunedufaso.net\"],\"articleSection\":[\"A la une\",\"Actualit\u00e9\",\"Soci\u00e9t\u00e9\"],\"inLanguage\":\"fr-FR\",\"potentialAction\":[{\"@type\":\"CommentAction\",\"name\":\"Comment\",\"target\":[\"https:\\\/\\\/www.latribunedufaso.net\\\/?p=15229#respond\"]}]},{\"@type\":\"WebPage\",\"@id\":\"https:\\\/\\\/www.latribunedufaso.net\\\/?p=15229\",\"url\":\"https:\\\/\\\/www.latribunedufaso.net\\\/?p=15229\",\"name\":\"Minist\u00e8re en charge des Infrastructures : Un taux d\u2019ex\u00e9cution des activit\u00e9s de 40,49% enregistr\u00e9 - La Tribune du Faso\",\"isPartOf\":{\"@id\":\"https:\\\/\\\/www.latribunedufaso.net\\\/#website\"},\"primaryImageOfPage\":{\"@id\":\"https:\\\/\\\/www.latribunedufaso.net\\\/?p=15229#primaryimage\"},\"image\":{\"@id\":\"https:\\\/\\\/www.latribunedufaso.net\\\/?p=15229#primaryimage\"},\"thumbnailUrl\":\"https:\\\/\\\/www.latribunedufaso.net\\\/wp-content\\\/uploads\\\/2024\\\/08\\\/FB_IMG_1723221423936.jpg\",\"datePublished\":\"2024-08-09T08:27:52+00:00\",\"dateModified\":\"2024-08-09T16:43:03+00:00\",\"breadcrumb\":{\"@id\":\"https:\\\/\\\/www.latribunedufaso.net\\\/?p=15229#breadcrumb\"},\"inLanguage\":\"fr-FR\",\"potentialAction\":[{\"@type\":\"ReadAction\",\"target\":[\"https:\\\/\\\/www.latribunedufaso.net\\\/?p=15229\"]}]},{\"@type\":\"ImageObject\",\"inLanguage\":\"fr-FR\",\"@id\":\"https:\\\/\\\/www.latribunedufaso.net\\\/?p=15229#primaryimage\",\"url\":\"https:\\\/\\\/www.latribunedufaso.net\\\/wp-content\\\/uploads\\\/2024\\\/08\\\/FB_IMG_1723221423936.jpg\",\"contentUrl\":\"https:\\\/\\\/www.latribunedufaso.net\\\/wp-content\\\/uploads\\\/2024\\\/08\\\/FB_IMG_1723221423936.jpg\",\"width\":720,\"height\":455,\"caption\":\"\u00c9valuation du contrat d'objectifs du minist\u00e8re en charge des Infrastructures par le PM, le 08 ao\u00fbt 2024\"},{\"@type\":\"BreadcrumbList\",\"@id\":\"https:\\\/\\\/www.latribunedufaso.net\\\/?p=15229#breadcrumb\",\"itemListElement\":[{\"@type\":\"ListItem\",\"position\":1,\"name\":\"Accueil\",\"item\":\"https:\\\/\\\/www.latribunedufaso.net\\\/\"},{\"@type\":\"ListItem\",\"position\":2,\"name\":\"Minist\u00e8re en charge des Infrastructures : Un taux d\u2019ex\u00e9cution des activit\u00e9s de 40,49% enregistr\u00e9\"}]},{\"@type\":\"WebSite\",\"@id\":\"https:\\\/\\\/www.latribunedufaso.net\\\/#website\",\"url\":\"https:\\\/\\\/www.latribunedufaso.net\\\/\",\"name\":\"La Tribune du Faso\",\"description\":\"L&#039;information du monde rural en un clic\",\"publisher\":{\"@id\":\"https:\\\/\\\/www.latribunedufaso.net\\\/#organization\"},\"potentialAction\":[{\"@type\":\"SearchAction\",\"target\":{\"@type\":\"EntryPoint\",\"urlTemplate\":\"https:\\\/\\\/www.latribunedufaso.net\\\/?s={search_term_string}\"},\"query-input\":{\"@type\":\"PropertyValueSpecification\",\"valueRequired\":true,\"valueName\":\"search_term_string\"}}],\"inLanguage\":\"fr-FR\"},{\"@type\":\"Organization\",\"@id\":\"https:\\\/\\\/www.latribunedufaso.net\\\/#organization\",\"name\":\"La Tribune du Faso\",\"url\":\"https:\\\/\\\/www.latribunedufaso.net\\\/\",\"logo\":{\"@type\":\"ImageObject\",\"inLanguage\":\"fr-FR\",\"@id\":\"https:\\\/\\\/www.latribunedufaso.net\\\/#\\\/schema\\\/logo\\\/image\\\/\",\"url\":\"https:\\\/\\\/www.latribunedufaso.net\\\/wp-content\\\/uploads\\\/2020\\\/08\\\/Logo-Tribune-du-Faso-final-scaled.jpg\",\"contentUrl\":\"https:\\\/\\\/www.latribunedufaso.net\\\/wp-content\\\/uploads\\\/2020\\\/08\\\/Logo-Tribune-du-Faso-final-scaled.jpg\",\"width\":2560,\"height\":1856,\"caption\":\"La Tribune du Faso\"},\"image\":{\"@id\":\"https:\\\/\\\/www.latribunedufaso.net\\\/#\\\/schema\\\/logo\\\/image\\\/\"},\"sameAs\":[\"https:\\\/\\\/www.facebook.com\\\/LatribuneduFaso\\\/\"]},{\"@type\":\"Person\",\"@id\":\"https:\\\/\\\/www.latribunedufaso.net\\\/#\\\/schema\\\/person\\\/e54e64c5778a7e72cf80a318b7a622b0\",\"name\":\"Issouf Tapsoba\",\"image\":{\"@type\":\"ImageObject\",\"inLanguage\":\"fr-FR\",\"@id\":\"https:\\\/\\\/secure.gravatar.com\\\/avatar\\\/5e6c05150ce3230247d167f5b94d678eb05936197436d69b7921e3a95c9107ac?s=96&d=mm&r=g\",\"url\":\"https:\\\/\\\/secure.gravatar.com\\\/avatar\\\/5e6c05150ce3230247d167f5b94d678eb05936197436d69b7921e3a95c9107ac?s=96&d=mm&r=g\",\"contentUrl\":\"https:\\\/\\\/secure.gravatar.com\\\/avatar\\\/5e6c05150ce3230247d167f5b94d678eb05936197436d69b7921e3a95c9107ac?s=96&d=mm&r=g\",\"caption\":\"Issouf Tapsoba\"},\"url\":\"https:\\\/\\\/www.latribunedufaso.net\\\/?author=5\"}]}<\/script>\n<!-- \/ Yoast SEO plugin. -->","yoast_head_json":{"title":"Minist\u00e8re en charge des Infrastructures : Un taux d\u2019ex\u00e9cution des activit\u00e9s de 40,49% enregistr\u00e9 - La Tribune du Faso","robots":{"index":"index","follow":"follow","max-snippet":"max-snippet:-1","max-image-preview":"max-image-preview:large","max-video-preview":"max-video-preview:-1"},"canonical":"https:\/\/www.latribunedufaso.net\/?p=15229","og_locale":"fr_FR","og_type":"article","og_title":"Minist\u00e8re en charge des Infrastructures : Un taux d\u2019ex\u00e9cution des activit\u00e9s de 40,49% enregistr\u00e9 - La Tribune du Faso","og_description":"Dans le cadre de l\u2019\u00e9valuation du contrat d\u2019objectifs des ministres, le Premier ministre, Apollinaire Ky\u00e9lem de Tamb\u00e8la a re\u00e7u en audience, le 08 ao\u00fbt 2024 \u00e0 Ouagadougou, le ministre en charge des Infrastructures, Adama Luc Sorgho.","og_url":"https:\/\/www.latribunedufaso.net\/?p=15229","og_site_name":"La Tribune du Faso","article_publisher":"https:\/\/www.facebook.com\/LatribuneduFaso\/","article_published_time":"2024-08-09T08:27:52+00:00","article_modified_time":"2024-08-09T16:43:03+00:00","og_image":[{"width":720,"height":455,"url":"https:\/\/www.latribunedufaso.net\/wp-content\/uploads\/2024\/08\/FB_IMG_1723221423936.jpg","type":"image\/jpeg"}],"author":"Issouf Tapsoba","twitter_misc":{"\u00c9crit par":"Issouf Tapsoba","Dur\u00e9e de lecture estim\u00e9e":"1 minute"},"schema":{"@context":"https:\/\/schema.org","@graph":[{"@type":"Article","@id":"https:\/\/www.latribunedufaso.net\/?p=15229#article","isPartOf":{"@id":"https:\/\/www.latribunedufaso.net\/?p=15229"},"author":{"name":"Issouf Tapsoba","@id":"https:\/\/www.latribunedufaso.net\/#\/schema\/person\/e54e64c5778a7e72cf80a318b7a622b0"},"headline":"Minist\u00e8re en charge des Infrastructures : Un taux d\u2019ex\u00e9cution des activit\u00e9s de 40,49% enregistr\u00e9","datePublished":"2024-08-09T08:27:52+00:00","dateModified":"2024-08-09T16:43:03+00:00","mainEntityOfPage":{"@id":"https:\/\/www.latribunedufaso.net\/?p=15229"},"wordCount":287,"commentCount":0,"publisher":{"@id":"https:\/\/www.latribunedufaso.net\/#organization"},"image":{"@id":"https:\/\/www.latribunedufaso.net\/?p=15229#primaryimage"},"thumbnailUrl":"https:\/\/www.latribunedufaso.net\/wp-content\/uploads\/2024\/08\/FB_IMG_1723221423936.jpg","keywords":["Evaluation contrat d\u2019objectif","infrastructures et d\u00e9senclavement","latribunedufaso.net"],"articleSection":["A la une","Actualit\u00e9","Soci\u00e9t\u00e9"],"inLanguage":"fr-FR","potentialAction":[{"@type":"CommentAction","name":"Comment","target":["https:\/\/www.latribunedufaso.net\/?p=15229#respond"]}]},{"@type":"WebPage","@id":"https:\/\/www.latribunedufaso.net\/?p=15229","url":"https:\/\/www.latribunedufaso.net\/?p=15229","name":"Minist\u00e8re en charge des Infrastructures : Un taux d\u2019ex\u00e9cution des activit\u00e9s de 40,49% enregistr\u00e9 - La Tribune du Faso","isPartOf":{"@id":"https:\/\/www.latribunedufaso.net\/#website"},"primaryImageOfPage":{"@id":"https:\/\/www.latribunedufaso.net\/?p=15229#primaryimage"},"image":{"@id":"https:\/\/www.latribunedufaso.net\/?p=15229#primaryimage"},"thumbnailUrl":"https:\/\/www.latribunedufaso.net\/wp-content\/uploads\/2024\/08\/FB_IMG_1723221423936.jpg","datePublished":"2024-08-09T08:27:52+00:00","dateModified":"2024-08-09T16:43:03+00:00","breadcrumb":{"@id":"https:\/\/www.latribunedufaso.net\/?p=15229#breadcrumb"},"inLanguage":"fr-FR","potentialAction":[{"@type":"ReadAction","target":["https:\/\/www.latribunedufaso.net\/?p=15229"]}]},{"@type":"ImageObject","inLanguage":"fr-FR","@id":"https:\/\/www.latribunedufaso.net\/?p=15229#primaryimage","url":"https:\/\/www.latribunedufaso.net\/wp-content\/uploads\/2024\/08\/FB_IMG_1723221423936.jpg","contentUrl":"https:\/\/www.latribunedufaso.net\/wp-content\/uploads\/2024\/08\/FB_IMG_1723221423936.jpg","width":720,"height":455,"caption":"\u00c9valuation du contrat d'objectifs du minist\u00e8re en charge des Infrastructures par le PM, le 08 ao\u00fbt 2024"},{"@type":"BreadcrumbList","@id":"https:\/\/www.latribunedufaso.net\/?p=15229#breadcrumb","itemListElement":[{"@type":"ListItem","position":1,"name":"Accueil","item":"https:\/\/www.latribunedufaso.net\/"},{"@type":"ListItem","position":2,"name":"Minist\u00e8re en charge des Infrastructures : Un taux d\u2019ex\u00e9cution des activit\u00e9s de 40,49% enregistr\u00e9"}]},{"@type":"WebSite","@id":"https:\/\/www.latribunedufaso.net\/#website","url":"https:\/\/www.latribunedufaso.net\/","name":"La Tribune du Faso","description":"L&#039;information du monde rural en un clic","publisher":{"@id":"https:\/\/www.latribunedufaso.net\/#organization"},"potentialAction":[{"@type":"SearchAction","target":{"@type":"EntryPoint","urlTemplate":"https:\/\/www.latribunedufaso.net\/?s={search_term_string}"},"query-input":{"@type":"PropertyValueSpecification","valueRequired":true,"valueName":"search_term_string"}}],"inLanguage":"fr-FR"},{"@type":"Organization","@id":"https:\/\/www.latribunedufaso.net\/#organization","name":"La Tribune du Faso","url":"https:\/\/www.latribunedufaso.net\/","logo":{"@type":"ImageObject","inLanguage":"fr-FR","@id":"https:\/\/www.latribunedufaso.net\/#\/schema\/logo\/image\/","url":"https:\/\/www.latribunedufaso.net\/wp-content\/uploads\/2020\/08\/Logo-Tribune-du-Faso-final-scaled.jpg","contentUrl":"https:\/\/www.latribunedufaso.net\/wp-content\/uploads\/2020\/08\/Logo-Tribune-du-Faso-final-scaled.jpg","width":2560,"height":1856,"caption":"La Tribune du Faso"},"image":{"@id":"https:\/\/www.latribunedufaso.net\/#\/schema\/logo\/image\/"},"sameAs":["https:\/\/www.facebook.com\/LatribuneduFaso\/"]},{"@type":"Person","@id":"https:\/\/www.latribunedufaso.net\/#\/schema\/person\/e54e64c5778a7e72cf80a318b7a622b0","name":"Issouf Tapsoba","image":{"@type":"ImageObject","inLanguage":"fr-FR","@id":"https:\/\/secure.gravatar.com\/avatar\/5e6c05150ce3230247d167f5b94d678eb05936197436d69b7921e3a95c9107ac?s=96&d=mm&r=g","url":"https:\/\/secure.gravatar.com\/avatar\/5e6c05150ce3230247d167f5b94d678eb05936197436d69b7921e3a95c9107ac?s=96&d=mm&r=g","contentUrl":"https:\/\/secure.gravatar.com\/avatar\/5e6c05150ce3230247d167f5b94d678eb05936197436d69b7921e3a95c9107ac?s=96&d=mm&r=g","caption":"Issouf Tapsoba"},"url":"https:\/\/www.latribunedufaso.net\/?author=5"}]}},"_links":{"self":[{"href":"https:\/\/www.latribunedufaso.net\/index.php?rest_route=\/wp\/v2\/posts\/15229","targetHints":{"allow":["GET"]}}],"collection":[{"href":"https:\/\/www.latribunedufaso.net\/index.php?rest_route=\/wp\/v2\/posts"}],"about":[{"href":"https:\/\/www.latribunedufaso.net\/index.php?rest_route=\/wp\/v2\/types\/post"}],"author":[{"embeddable":true,"href":"https:\/\/www.latribunedufaso.net\/index.php?rest_route=\/wp\/v2\/users\/5"}],"replies":[{"embeddable":true,"href":"https:\/\/www.latribunedufaso.net\/index.php?rest_route=%2Fwp%2Fv2%2Fcomments&post=15229"}],"version-history":[{"count":1,"href":"https:\/\/www.latribunedufaso.net\/index.php?rest_route=\/wp\/v2\/posts\/15229\/revisions"}],"predecessor-version":[{"id":15232,"href":"https:\/\/www.latribunedufaso.net\/index.php?rest_route=\/wp\/v2\/posts\/15229\/revisions\/15232"}],"wp:featuredmedia":[{"embeddable":true,"href":"https:\/\/www.latribunedufaso.net\/index.php?rest_route=\/wp\/v2\/media\/15231"}],"wp:attachment":[{"href":"https:\/\/www.latribunedufaso.net\/index.php?rest_route=%2Fwp%2Fv2%2Fmedia&parent=15229"}],"wp:term":[{"taxonomy":"category","embeddable":true,"href":"https:\/\/www.latribunedufaso.net\/index.php?rest_route=%2Fwp%2Fv2%2Fcategories&post=15229"},{"taxonomy":"post_tag","embeddable":true,"href":"https:\/\/www.latribunedufaso.net\/index.php?rest_route=%2Fwp%2Fv2%2Ftags&post=15229"}],"curies":[{"name":"wp","href":"https:\/\/api.w.org\/{rel}","templated":true}]}}