{"id":15211,"date":"2024-08-08T12:11:21","date_gmt":"2024-08-08T12:11:21","guid":{"rendered":"https:\/\/www.latribunedufaso.net\/?p=15211"},"modified":"2024-08-09T13:30:44","modified_gmt":"2024-08-09T13:30:44","slug":"evaluation-des-contrats-dobjectifs-des-ministeres-44-et-65-enregistres-pour-les-departements-en-charge-de-lenvironnement-et-de-lenseignement-de-base","status":"publish","type":"post","link":"https:\/\/www.latribunedufaso.net\/?p=15211","title":{"rendered":"Evaluation des contrats d\u2019objectifs des minist\u00e8res : 44% et 65% enregistr\u00e9s pour les d\u00e9partements en charge de l\u2019Environnement et de l\u2019Enseignement de base"},"content":{"rendered":"<p><span style=\"font-size: 1.0625rem;\">Le 08 ao\u00fbt 2024 \u00e0 Ouagadougou, le Premier ministre, Me Apollinaire Ky\u00e9l\u00e8m de Tamb\u00e8la a \u00e9valu\u00e9 les contrats d\u2019objectifs des diff\u00e9rents membres du gouvernement au premier semestre de l\u2019ann\u00e9e 2024.<\/span><\/p>\n<blockquote>\n<p><strong>Minist\u00e8re de l\u2019Environnement, de l\u2019<\/strong><strong style=\"font-size: 1.0625rem;\">Eau et de l\u2019assainissement\u00a0<\/strong><\/p>\n<\/blockquote>\n<p>Le ministre en charge de l\u2019Environnement, Roger Baro s\u2019en sort avec un taux de 44,87% sur une cible attendue de 50%.<\/p>\n<figure id=\"attachment_15213\" aria-describedby=\"caption-attachment-15213\" style=\"width: 300px\" class=\"wp-caption alignleft\"><a href=\"https:\/\/www.latribunedufaso.net\/wp-content\/uploads\/2024\/08\/IMG-20240809-WA0088.jpg\"><img loading=\"lazy\" decoding=\"async\" class=\"size-medium wp-image-15213\" src=\"https:\/\/www.latribunedufaso.net\/wp-content\/uploads\/2024\/08\/IMG-20240809-WA0088-300x222.jpg\" alt=\"Interview du ministre en charge de l'Environnement, \u00e9valuation contrat d'objectifs, le 08 ao\u00fbt 2024\" width=\"300\" height=\"222\" srcset=\"https:\/\/www.latribunedufaso.net\/wp-content\/uploads\/2024\/08\/IMG-20240809-WA0088-300x222.jpg 300w, https:\/\/www.latribunedufaso.net\/wp-content\/uploads\/2024\/08\/IMG-20240809-WA0088-1024x757.jpg 1024w, https:\/\/www.latribunedufaso.net\/wp-content\/uploads\/2024\/08\/IMG-20240809-WA0088-768x568.jpg 768w, https:\/\/www.latribunedufaso.net\/wp-content\/uploads\/2024\/08\/IMG-20240809-WA0088.jpg 1280w\" sizes=\"auto, (max-width: 300px) 100vw, 300px\" \/><\/a><figcaption id=\"caption-attachment-15213\" class=\"wp-caption-text\">Le ministre de l\u2019Environnement, de l\u2019Eau et de l\u2019Assainissement, Roger Baro<\/figcaption><\/figure>\n<p>Au titre des actions r\u00e9alis\u00e9es le minist\u00e8re a contribu\u00e9 \u00e0 donner l\u2019eau \u00e0 plus de 300 000 personnes dont 20 000 personnes dans les zones de d\u00e9part et les zones d\u2019accueil et de retour des personnes d\u00e9plac\u00e9es internes. Sur la question de l\u2019assainissement, plus de 101 000 latrines ont \u00e9t\u00e9s mises en place dont 14 000 dans les zones de d\u00e9part et de retour des personnes d\u00e9plac\u00e9es internes.\u00a0<\/p>\n<p>\u00ab Parlant des domaines qualitatifs de l\u2019environnement, le minist\u00e8re a contribu\u00e9 \u00e0 l\u2019inspection de plus de 150 \u00e9tablissements class\u00e9s pour la <a href=\"https:\/\/www.latribunedufaso.net\/?cat=5\">protection de l\u2019environnement<\/a>\u00a0 et les installations radiologiques \u00bb, a indiqu\u00e9 le ministre Baro. Par ailleurs, il a insist\u00e9 sur la prise en compte de la protection de l&rsquo;environnement dans le domaine de l\u2019\u00e9nergie nucl\u00e9aire.<\/p>\n<blockquote>\n<p><strong>Le minist\u00e8re de l\u2019Enseignement de base, de l\u2019Alphab\u00e9tisation et de la Promotion des langues<\/strong><\/p>\n<\/blockquote>\n<p>Le ministre en charge de l\u2019Enseignement de base a indiqu\u00e9 avoir atteint un taux d\u2019ex\u00e9cution \u00e0 mis parcours de plus 65%.\u00a0<\/p>\n<figure id=\"attachment_15214\" aria-describedby=\"caption-attachment-15214\" style=\"width: 300px\" class=\"wp-caption alignleft\"><a href=\"https:\/\/www.latribunedufaso.net\/wp-content\/uploads\/2024\/08\/IMG-20240809-WA0090.jpg\"><img loading=\"lazy\" decoding=\"async\" class=\"size-medium wp-image-15214\" src=\"https:\/\/www.latribunedufaso.net\/wp-content\/uploads\/2024\/08\/IMG-20240809-WA0090-300x200.jpg\" alt=\"Ministre de l'Enseignement de base, Sosth\u00e8ne Dingara lors de l'\u00e9valuation du contrat d'objectifs le 08 ao\u00fbt 2024\" width=\"300\" height=\"200\" srcset=\"https:\/\/www.latribunedufaso.net\/wp-content\/uploads\/2024\/08\/IMG-20240809-WA0090-300x200.jpg 300w, https:\/\/www.latribunedufaso.net\/wp-content\/uploads\/2024\/08\/IMG-20240809-WA0090-768x512.jpg 768w, https:\/\/www.latribunedufaso.net\/wp-content\/uploads\/2024\/08\/IMG-20240809-WA0090-840x560.jpg 840w, https:\/\/www.latribunedufaso.net\/wp-content\/uploads\/2024\/08\/IMG-20240809-WA0090-120x80.jpg 120w, https:\/\/www.latribunedufaso.net\/wp-content\/uploads\/2024\/08\/IMG-20240809-WA0090-360x240.jpg 360w, https:\/\/www.latribunedufaso.net\/wp-content\/uploads\/2024\/08\/IMG-20240809-WA0090-600x400.jpg 600w, https:\/\/www.latribunedufaso.net\/wp-content\/uploads\/2024\/08\/IMG-20240809-WA0090.jpg 1024w\" sizes=\"auto, (max-width: 300px) 100vw, 300px\" \/><\/a><figcaption id=\"caption-attachment-15214\" class=\"wp-caption-text\">Le ministre en charge de l&rsquo;Enseignement de base, Sosth\u00e8ne Dingara<\/figcaption><\/figure>\n<p>Les objectifs pour le premier semestre de l\u2019ann\u00e9e 2024 de ce minist\u00e8re sont d\u00e9clin\u00e9s comme suit:<\/p>\n<p>-Un objectif relatif \u00e0 l\u2019accompagnement des \u00e9l\u00e8ves et des apprenants des zones \u00e0 fort d\u00e9fit s\u00e9curitaire ;<\/p>\n<p>-Un objectif sur la r\u00e9forme du syst\u00e8me \u00e9ducatif par l\u2019int\u00e9gration de l\u2019initiation de m\u00e9tier, l\u2019int\u00e9gration d\u2019un certain nombre de valeurs et d\u2019impulsion civique ;<\/p>\n<p>-La construction des infrastructures scolaires ;<\/p>\n<p>-La promotion des langues nationales.<\/p>\n<p>A l\u2019instar de tout des ces diff\u00e9rents objectifs, le ministre Sosth\u00e8ne Dingara n\u2019a pas manqu\u00e9 de rappeler que <a href=\"https:\/\/www.latribunedufaso.net\/?cat=31\">l\u2019organisation des examens et concours<\/a>\u00a0 a \u00e9t\u00e9 un d\u00e9fi majeur du minist\u00e8re qu\u2019il ont pu relever avec brio.<\/p>\n<p><strong>Ines TOUGMA<\/strong><\/p>\n<p><strong>Latri<span style=\"font-size: 1.0625rem;\">bunedufaso.net\u00a0<\/span><\/strong><\/p>\n","protected":false},"excerpt":{"rendered":"<p>Le 08 ao\u00fbt 2024 \u00e0 Ouagadougou, le Premier ministre, Me Apollinaire Ky\u00e9l\u00e8m de Tamb\u00e8la a \u00e9valu\u00e9 les contrats d\u2019objectifs des diff\u00e9rents membres du gouvernement au premier semestre de l\u2019ann\u00e9e 2024. Minist\u00e8re de l\u2019Environnement, de l\u2019Eau et de l\u2019assainissement\u00a0 Le ministre en charge de l\u2019Environnement, Roger Baro s\u2019en sort avec un taux de 44,87% sur une cible attendue de 50%. Au titre des actions r\u00e9alis\u00e9es le minist\u00e8re a contribu\u00e9 \u00e0 donner l\u2019eau \u00e0 plus de 300 000 personnes dont 20 000 personnes dans les zones de d\u00e9part et les zones d\u2019accueil et de retour des personnes d\u00e9plac\u00e9es internes. Sur la question de l\u2019assainissement, plus de 101 000 latrines ont \u00e9t\u00e9s mises en place dont 14 000 dans les zones de d\u00e9part et de retour des personnes d\u00e9plac\u00e9es internes.\u00a0 \u00ab Parlant des domaines qualitatifs de l\u2019environnement, le minist\u00e8re a contribu\u00e9 \u00e0 l\u2019inspection de plus de 150 \u00e9tablissements class\u00e9s pour la protection de l\u2019environnement\u00a0 et les installations radiologiques \u00bb, a indiqu\u00e9 le ministre Baro. Par ailleurs, il a insist\u00e9 sur la prise en compte de la protection de l&rsquo;environnement dans le domaine de l\u2019\u00e9nergie nucl\u00e9aire. Le minist\u00e8re de l\u2019Enseignement de base, de l\u2019Alphab\u00e9tisation et de la Promotion des langues Le ministre en charge de l\u2019Enseignement de base a indiqu\u00e9 avoir atteint un taux d\u2019ex\u00e9cution \u00e0 mis parcours de plus 65%.\u00a0 Les objectifs pour le premier semestre de l\u2019ann\u00e9e 2024 de ce minist\u00e8re sont d\u00e9clin\u00e9s comme suit: -Un objectif relatif \u00e0 l\u2019accompagnement des \u00e9l\u00e8ves et des apprenants des zones \u00e0 fort d\u00e9fit s\u00e9curitaire ; -Un objectif sur la r\u00e9forme du syst\u00e8me \u00e9ducatif par l\u2019int\u00e9gration de l\u2019initiation de m\u00e9tier, l\u2019int\u00e9gration d\u2019un certain nombre de valeurs et d\u2019impulsion civique ; -La construction des infrastructures scolaires ; -La promotion des langues nationales. A l\u2019instar de tout des ces diff\u00e9rents objectifs, le ministre Sosth\u00e8ne Dingara n\u2019a pas manqu\u00e9 de rappeler que l\u2019organisation des examens et concours\u00a0 a \u00e9t\u00e9 un d\u00e9fi majeur du minist\u00e8re qu\u2019il ont pu relever avec brio. Ines TOUGMA Latribunedufaso.net\u00a0<\/p>\n","protected":false},"author":5,"featured_media":15212,"comment_status":"open","ping_status":"open","sticky":false,"template":"","format":"standard","meta":{"footnotes":""},"categories":[13,1,31,5],"tags":[42,40,41,39],"class_list":["post-15211","post","type-post","status-publish","format-standard","has-post-thumbnail","hentry","category-une","category-actu","category-education","category-envir","tag-enseignement-de-base","tag-environnement","tag-evaluation-des-contrats-dobjectifs-des-ministeres","tag-latribunedufaso-net"],"yoast_head":"<!-- This site is optimized with the Yoast SEO plugin v27.4 - https:\/\/yoast.com\/product\/yoast-seo-wordpress\/ -->\n<title>Evaluation des contrats d\u2019objectifs des minist\u00e8res : 44% et 65% enregistr\u00e9s pour les d\u00e9partements en charge de l\u2019Environnement et de l\u2019Enseignement de base - La Tribune du Faso<\/title>\n<meta name=\"robots\" content=\"index, follow, max-snippet:-1, max-image-preview:large, max-video-preview:-1\" \/>\n<link rel=\"canonical\" href=\"https:\/\/www.latribunedufaso.net\/?p=15211\" \/>\n<meta property=\"og:locale\" content=\"fr_FR\" \/>\n<meta property=\"og:type\" content=\"article\" \/>\n<meta property=\"og:title\" content=\"Evaluation des contrats d\u2019objectifs des minist\u00e8res : 44% et 65% enregistr\u00e9s pour les d\u00e9partements en charge de l\u2019Environnement et de l\u2019Enseignement de base - La Tribune du Faso\" \/>\n<meta property=\"og:description\" content=\"Le 08 ao\u00fbt 2024 \u00e0 Ouagadougou, le Premier ministre, Me Apollinaire Ky\u00e9l\u00e8m de Tamb\u00e8la a \u00e9valu\u00e9 les contrats d\u2019objectifs des diff\u00e9rents membres du gouvernement au premier semestre de l\u2019ann\u00e9e 2024. Minist\u00e8re de l\u2019Environnement, de l\u2019Eau et de l\u2019assainissement\u00a0 Le ministre en charge de l\u2019Environnement, Roger Baro s\u2019en sort avec un taux de 44,87% sur une cible attendue de 50%. Au titre des actions r\u00e9alis\u00e9es le minist\u00e8re a contribu\u00e9 \u00e0 donner l\u2019eau \u00e0 plus de 300 000 personnes dont 20 000 personnes dans les zones de d\u00e9part et les zones d\u2019accueil et de retour des personnes d\u00e9plac\u00e9es internes. Sur la question de l\u2019assainissement, plus de 101 000 latrines ont \u00e9t\u00e9s mises en place dont 14 000 dans les zones de d\u00e9part et de retour des personnes d\u00e9plac\u00e9es internes.\u00a0 \u00ab Parlant des domaines qualitatifs de l\u2019environnement, le minist\u00e8re a contribu\u00e9 \u00e0 l\u2019inspection de plus de 150 \u00e9tablissements class\u00e9s pour la protection de l\u2019environnement\u00a0 et les installations radiologiques \u00bb, a indiqu\u00e9 le ministre Baro. Par ailleurs, il a insist\u00e9 sur la prise en compte de la protection de l&rsquo;environnement dans le domaine de l\u2019\u00e9nergie nucl\u00e9aire. Le minist\u00e8re de l\u2019Enseignement de base, de l\u2019Alphab\u00e9tisation et de la Promotion des langues Le ministre en charge de l\u2019Enseignement de base a indiqu\u00e9 avoir atteint un taux d\u2019ex\u00e9cution \u00e0 mis parcours de plus 65%.\u00a0 Les objectifs pour le premier semestre de l\u2019ann\u00e9e 2024 de ce minist\u00e8re sont d\u00e9clin\u00e9s comme suit: -Un objectif relatif \u00e0 l\u2019accompagnement des \u00e9l\u00e8ves et des apprenants des zones \u00e0 fort d\u00e9fit s\u00e9curitaire ; -Un objectif sur la r\u00e9forme du syst\u00e8me \u00e9ducatif par l\u2019int\u00e9gration de l\u2019initiation de m\u00e9tier, l\u2019int\u00e9gration d\u2019un certain nombre de valeurs et d\u2019impulsion civique ; -La construction des infrastructures scolaires ; -La promotion des langues nationales. A l\u2019instar de tout des ces diff\u00e9rents objectifs, le ministre Sosth\u00e8ne Dingara n\u2019a pas manqu\u00e9 de rappeler que l\u2019organisation des examens et concours\u00a0 a \u00e9t\u00e9 un d\u00e9fi majeur du minist\u00e8re qu\u2019il ont pu relever avec brio. Ines TOUGMA Latribunedufaso.net\u00a0\" \/>\n<meta property=\"og:url\" content=\"https:\/\/www.latribunedufaso.net\/?p=15211\" \/>\n<meta property=\"og:site_name\" content=\"La Tribune du Faso\" \/>\n<meta property=\"article:publisher\" content=\"https:\/\/www.facebook.com\/LatribuneduFaso\/\" \/>\n<meta property=\"article:published_time\" content=\"2024-08-08T12:11:21+00:00\" \/>\n<meta property=\"article:modified_time\" content=\"2024-08-09T13:30:44+00:00\" \/>\n<meta property=\"og:image\" content=\"https:\/\/www.latribunedufaso.net\/wp-content\/uploads\/2024\/08\/img_1723207365128_1.jpg\" \/>\n\t<meta property=\"og:image:width\" content=\"866\" \/>\n\t<meta property=\"og:image:height\" content=\"772\" \/>\n\t<meta property=\"og:image:type\" content=\"image\/jpeg\" \/>\n<meta name=\"author\" content=\"Issouf Tapsoba\" \/>\n<meta name=\"twitter:label1\" content=\"\u00c9crit par\" \/>\n\t<meta name=\"twitter:data1\" content=\"Issouf Tapsoba\" \/>\n\t<meta name=\"twitter:label2\" content=\"Dur\u00e9e de lecture estim\u00e9e\" \/>\n\t<meta name=\"twitter:data2\" content=\"2 minutes\" \/>\n<script type=\"application\/ld+json\" class=\"yoast-schema-graph\">{\"@context\":\"https:\\\/\\\/schema.org\",\"@graph\":[{\"@type\":\"Article\",\"@id\":\"https:\\\/\\\/www.latribunedufaso.net\\\/?p=15211#article\",\"isPartOf\":{\"@id\":\"https:\\\/\\\/www.latribunedufaso.net\\\/?p=15211\"},\"author\":{\"name\":\"Issouf Tapsoba\",\"@id\":\"https:\\\/\\\/www.latribunedufaso.net\\\/#\\\/schema\\\/person\\\/e54e64c5778a7e72cf80a318b7a622b0\"},\"headline\":\"Evaluation des contrats d\u2019objectifs des minist\u00e8res : 44% et 65% enregistr\u00e9s pour les d\u00e9partements en charge de l\u2019Environnement et de l\u2019Enseignement de base\",\"datePublished\":\"2024-08-08T12:11:21+00:00\",\"dateModified\":\"2024-08-09T13:30:44+00:00\",\"mainEntityOfPage\":{\"@id\":\"https:\\\/\\\/www.latribunedufaso.net\\\/?p=15211\"},\"wordCount\":432,\"commentCount\":0,\"publisher\":{\"@id\":\"https:\\\/\\\/www.latribunedufaso.net\\\/#organization\"},\"image\":{\"@id\":\"https:\\\/\\\/www.latribunedufaso.net\\\/?p=15211#primaryimage\"},\"thumbnailUrl\":\"https:\\\/\\\/www.latribunedufaso.net\\\/wp-content\\\/uploads\\\/2024\\\/08\\\/img_1723207365128_1.jpg\",\"keywords\":[\"enseignement de base\",\"environnement\",\"Evaluation des contrats d\u2019objectifs des minist\u00e8res\",\"latribunedufaso.net\"],\"articleSection\":[\"A la une\",\"Actualit\u00e9\",\"\u00c9ducation\",\"Environnement\"],\"inLanguage\":\"fr-FR\",\"potentialAction\":[{\"@type\":\"CommentAction\",\"name\":\"Comment\",\"target\":[\"https:\\\/\\\/www.latribunedufaso.net\\\/?p=15211#respond\"]}]},{\"@type\":\"WebPage\",\"@id\":\"https:\\\/\\\/www.latribunedufaso.net\\\/?p=15211\",\"url\":\"https:\\\/\\\/www.latribunedufaso.net\\\/?p=15211\",\"name\":\"Evaluation des contrats d\u2019objectifs des minist\u00e8res : 44% et 65% enregistr\u00e9s pour les d\u00e9partements en charge de l\u2019Environnement et de l\u2019Enseignement de base - La Tribune du Faso\",\"isPartOf\":{\"@id\":\"https:\\\/\\\/www.latribunedufaso.net\\\/#website\"},\"primaryImageOfPage\":{\"@id\":\"https:\\\/\\\/www.latribunedufaso.net\\\/?p=15211#primaryimage\"},\"image\":{\"@id\":\"https:\\\/\\\/www.latribunedufaso.net\\\/?p=15211#primaryimage\"},\"thumbnailUrl\":\"https:\\\/\\\/www.latribunedufaso.net\\\/wp-content\\\/uploads\\\/2024\\\/08\\\/img_1723207365128_1.jpg\",\"datePublished\":\"2024-08-08T12:11:21+00:00\",\"dateModified\":\"2024-08-09T13:30:44+00:00\",\"breadcrumb\":{\"@id\":\"https:\\\/\\\/www.latribunedufaso.net\\\/?p=15211#breadcrumb\"},\"inLanguage\":\"fr-FR\",\"potentialAction\":[{\"@type\":\"ReadAction\",\"target\":[\"https:\\\/\\\/www.latribunedufaso.net\\\/?p=15211\"]}]},{\"@type\":\"ImageObject\",\"inLanguage\":\"fr-FR\",\"@id\":\"https:\\\/\\\/www.latribunedufaso.net\\\/?p=15211#primaryimage\",\"url\":\"https:\\\/\\\/www.latribunedufaso.net\\\/wp-content\\\/uploads\\\/2024\\\/08\\\/img_1723207365128_1.jpg\",\"contentUrl\":\"https:\\\/\\\/www.latribunedufaso.net\\\/wp-content\\\/uploads\\\/2024\\\/08\\\/img_1723207365128_1.jpg\",\"width\":866,\"height\":772},{\"@type\":\"BreadcrumbList\",\"@id\":\"https:\\\/\\\/www.latribunedufaso.net\\\/?p=15211#breadcrumb\",\"itemListElement\":[{\"@type\":\"ListItem\",\"position\":1,\"name\":\"Accueil\",\"item\":\"https:\\\/\\\/www.latribunedufaso.net\\\/\"},{\"@type\":\"ListItem\",\"position\":2,\"name\":\"Evaluation des contrats d\u2019objectifs des minist\u00e8res : 44% et 65% enregistr\u00e9s pour les d\u00e9partements en charge de l\u2019Environnement et de l\u2019Enseignement de base\"}]},{\"@type\":\"WebSite\",\"@id\":\"https:\\\/\\\/www.latribunedufaso.net\\\/#website\",\"url\":\"https:\\\/\\\/www.latribunedufaso.net\\\/\",\"name\":\"La Tribune du Faso\",\"description\":\"L&#039;information du monde rural en un clic\",\"publisher\":{\"@id\":\"https:\\\/\\\/www.latribunedufaso.net\\\/#organization\"},\"potentialAction\":[{\"@type\":\"SearchAction\",\"target\":{\"@type\":\"EntryPoint\",\"urlTemplate\":\"https:\\\/\\\/www.latribunedufaso.net\\\/?s={search_term_string}\"},\"query-input\":{\"@type\":\"PropertyValueSpecification\",\"valueRequired\":true,\"valueName\":\"search_term_string\"}}],\"inLanguage\":\"fr-FR\"},{\"@type\":\"Organization\",\"@id\":\"https:\\\/\\\/www.latribunedufaso.net\\\/#organization\",\"name\":\"La Tribune du Faso\",\"url\":\"https:\\\/\\\/www.latribunedufaso.net\\\/\",\"logo\":{\"@type\":\"ImageObject\",\"inLanguage\":\"fr-FR\",\"@id\":\"https:\\\/\\\/www.latribunedufaso.net\\\/#\\\/schema\\\/logo\\\/image\\\/\",\"url\":\"https:\\\/\\\/www.latribunedufaso.net\\\/wp-content\\\/uploads\\\/2020\\\/08\\\/Logo-Tribune-du-Faso-final-scaled.jpg\",\"contentUrl\":\"https:\\\/\\\/www.latribunedufaso.net\\\/wp-content\\\/uploads\\\/2020\\\/08\\\/Logo-Tribune-du-Faso-final-scaled.jpg\",\"width\":2560,\"height\":1856,\"caption\":\"La Tribune du Faso\"},\"image\":{\"@id\":\"https:\\\/\\\/www.latribunedufaso.net\\\/#\\\/schema\\\/logo\\\/image\\\/\"},\"sameAs\":[\"https:\\\/\\\/www.facebook.com\\\/LatribuneduFaso\\\/\"]},{\"@type\":\"Person\",\"@id\":\"https:\\\/\\\/www.latribunedufaso.net\\\/#\\\/schema\\\/person\\\/e54e64c5778a7e72cf80a318b7a622b0\",\"name\":\"Issouf Tapsoba\",\"image\":{\"@type\":\"ImageObject\",\"inLanguage\":\"fr-FR\",\"@id\":\"https:\\\/\\\/secure.gravatar.com\\\/avatar\\\/5e6c05150ce3230247d167f5b94d678eb05936197436d69b7921e3a95c9107ac?s=96&d=mm&r=g\",\"url\":\"https:\\\/\\\/secure.gravatar.com\\\/avatar\\\/5e6c05150ce3230247d167f5b94d678eb05936197436d69b7921e3a95c9107ac?s=96&d=mm&r=g\",\"contentUrl\":\"https:\\\/\\\/secure.gravatar.com\\\/avatar\\\/5e6c05150ce3230247d167f5b94d678eb05936197436d69b7921e3a95c9107ac?s=96&d=mm&r=g\",\"caption\":\"Issouf Tapsoba\"},\"url\":\"https:\\\/\\\/www.latribunedufaso.net\\\/?author=5\"}]}<\/script>\n<!-- \/ Yoast SEO plugin. -->","yoast_head_json":{"title":"Evaluation des contrats d\u2019objectifs des minist\u00e8res : 44% et 65% enregistr\u00e9s pour les d\u00e9partements en charge de l\u2019Environnement et de l\u2019Enseignement de base - La Tribune du Faso","robots":{"index":"index","follow":"follow","max-snippet":"max-snippet:-1","max-image-preview":"max-image-preview:large","max-video-preview":"max-video-preview:-1"},"canonical":"https:\/\/www.latribunedufaso.net\/?p=15211","og_locale":"fr_FR","og_type":"article","og_title":"Evaluation des contrats d\u2019objectifs des minist\u00e8res : 44% et 65% enregistr\u00e9s pour les d\u00e9partements en charge de l\u2019Environnement et de l\u2019Enseignement de base - La Tribune du Faso","og_description":"Le 08 ao\u00fbt 2024 \u00e0 Ouagadougou, le Premier ministre, Me Apollinaire Ky\u00e9l\u00e8m de Tamb\u00e8la a \u00e9valu\u00e9 les contrats d\u2019objectifs des diff\u00e9rents membres du gouvernement au premier semestre de l\u2019ann\u00e9e 2024. Minist\u00e8re de l\u2019Environnement, de l\u2019Eau et de l\u2019assainissement\u00a0 Le ministre en charge de l\u2019Environnement, Roger Baro s\u2019en sort avec un taux de 44,87% sur une cible attendue de 50%. Au titre des actions r\u00e9alis\u00e9es le minist\u00e8re a contribu\u00e9 \u00e0 donner l\u2019eau \u00e0 plus de 300 000 personnes dont 20 000 personnes dans les zones de d\u00e9part et les zones d\u2019accueil et de retour des personnes d\u00e9plac\u00e9es internes. Sur la question de l\u2019assainissement, plus de 101 000 latrines ont \u00e9t\u00e9s mises en place dont 14 000 dans les zones de d\u00e9part et de retour des personnes d\u00e9plac\u00e9es internes.\u00a0 \u00ab Parlant des domaines qualitatifs de l\u2019environnement, le minist\u00e8re a contribu\u00e9 \u00e0 l\u2019inspection de plus de 150 \u00e9tablissements class\u00e9s pour la protection de l\u2019environnement\u00a0 et les installations radiologiques \u00bb, a indiqu\u00e9 le ministre Baro. Par ailleurs, il a insist\u00e9 sur la prise en compte de la protection de l&rsquo;environnement dans le domaine de l\u2019\u00e9nergie nucl\u00e9aire. Le minist\u00e8re de l\u2019Enseignement de base, de l\u2019Alphab\u00e9tisation et de la Promotion des langues Le ministre en charge de l\u2019Enseignement de base a indiqu\u00e9 avoir atteint un taux d\u2019ex\u00e9cution \u00e0 mis parcours de plus 65%.\u00a0 Les objectifs pour le premier semestre de l\u2019ann\u00e9e 2024 de ce minist\u00e8re sont d\u00e9clin\u00e9s comme suit: -Un objectif relatif \u00e0 l\u2019accompagnement des \u00e9l\u00e8ves et des apprenants des zones \u00e0 fort d\u00e9fit s\u00e9curitaire ; -Un objectif sur la r\u00e9forme du syst\u00e8me \u00e9ducatif par l\u2019int\u00e9gration de l\u2019initiation de m\u00e9tier, l\u2019int\u00e9gration d\u2019un certain nombre de valeurs et d\u2019impulsion civique ; -La construction des infrastructures scolaires ; -La promotion des langues nationales. A l\u2019instar de tout des ces diff\u00e9rents objectifs, le ministre Sosth\u00e8ne Dingara n\u2019a pas manqu\u00e9 de rappeler que l\u2019organisation des examens et concours\u00a0 a \u00e9t\u00e9 un d\u00e9fi majeur du minist\u00e8re qu\u2019il ont pu relever avec brio. Ines TOUGMA Latribunedufaso.net\u00a0","og_url":"https:\/\/www.latribunedufaso.net\/?p=15211","og_site_name":"La Tribune du Faso","article_publisher":"https:\/\/www.facebook.com\/LatribuneduFaso\/","article_published_time":"2024-08-08T12:11:21+00:00","article_modified_time":"2024-08-09T13:30:44+00:00","og_image":[{"width":866,"height":772,"url":"https:\/\/www.latribunedufaso.net\/wp-content\/uploads\/2024\/08\/img_1723207365128_1.jpg","type":"image\/jpeg"}],"author":"Issouf Tapsoba","twitter_misc":{"\u00c9crit par":"Issouf Tapsoba","Dur\u00e9e de lecture estim\u00e9e":"2 minutes"},"schema":{"@context":"https:\/\/schema.org","@graph":[{"@type":"Article","@id":"https:\/\/www.latribunedufaso.net\/?p=15211#article","isPartOf":{"@id":"https:\/\/www.latribunedufaso.net\/?p=15211"},"author":{"name":"Issouf Tapsoba","@id":"https:\/\/www.latribunedufaso.net\/#\/schema\/person\/e54e64c5778a7e72cf80a318b7a622b0"},"headline":"Evaluation des contrats d\u2019objectifs des minist\u00e8res : 44% et 65% enregistr\u00e9s pour les d\u00e9partements en charge de l\u2019Environnement et de l\u2019Enseignement de base","datePublished":"2024-08-08T12:11:21+00:00","dateModified":"2024-08-09T13:30:44+00:00","mainEntityOfPage":{"@id":"https:\/\/www.latribunedufaso.net\/?p=15211"},"wordCount":432,"commentCount":0,"publisher":{"@id":"https:\/\/www.latribunedufaso.net\/#organization"},"image":{"@id":"https:\/\/www.latribunedufaso.net\/?p=15211#primaryimage"},"thumbnailUrl":"https:\/\/www.latribunedufaso.net\/wp-content\/uploads\/2024\/08\/img_1723207365128_1.jpg","keywords":["enseignement de base","environnement","Evaluation des contrats d\u2019objectifs des minist\u00e8res","latribunedufaso.net"],"articleSection":["A la une","Actualit\u00e9","\u00c9ducation","Environnement"],"inLanguage":"fr-FR","potentialAction":[{"@type":"CommentAction","name":"Comment","target":["https:\/\/www.latribunedufaso.net\/?p=15211#respond"]}]},{"@type":"WebPage","@id":"https:\/\/www.latribunedufaso.net\/?p=15211","url":"https:\/\/www.latribunedufaso.net\/?p=15211","name":"Evaluation des contrats d\u2019objectifs des minist\u00e8res : 44% et 65% enregistr\u00e9s pour les d\u00e9partements en charge de l\u2019Environnement et de l\u2019Enseignement de base - La Tribune du Faso","isPartOf":{"@id":"https:\/\/www.latribunedufaso.net\/#website"},"primaryImageOfPage":{"@id":"https:\/\/www.latribunedufaso.net\/?p=15211#primaryimage"},"image":{"@id":"https:\/\/www.latribunedufaso.net\/?p=15211#primaryimage"},"thumbnailUrl":"https:\/\/www.latribunedufaso.net\/wp-content\/uploads\/2024\/08\/img_1723207365128_1.jpg","datePublished":"2024-08-08T12:11:21+00:00","dateModified":"2024-08-09T13:30:44+00:00","breadcrumb":{"@id":"https:\/\/www.latribunedufaso.net\/?p=15211#breadcrumb"},"inLanguage":"fr-FR","potentialAction":[{"@type":"ReadAction","target":["https:\/\/www.latribunedufaso.net\/?p=15211"]}]},{"@type":"ImageObject","inLanguage":"fr-FR","@id":"https:\/\/www.latribunedufaso.net\/?p=15211#primaryimage","url":"https:\/\/www.latribunedufaso.net\/wp-content\/uploads\/2024\/08\/img_1723207365128_1.jpg","contentUrl":"https:\/\/www.latribunedufaso.net\/wp-content\/uploads\/2024\/08\/img_1723207365128_1.jpg","width":866,"height":772},{"@type":"BreadcrumbList","@id":"https:\/\/www.latribunedufaso.net\/?p=15211#breadcrumb","itemListElement":[{"@type":"ListItem","position":1,"name":"Accueil","item":"https:\/\/www.latribunedufaso.net\/"},{"@type":"ListItem","position":2,"name":"Evaluation des contrats d\u2019objectifs des minist\u00e8res : 44% et 65% enregistr\u00e9s pour les d\u00e9partements en charge de l\u2019Environnement et de l\u2019Enseignement de base"}]},{"@type":"WebSite","@id":"https:\/\/www.latribunedufaso.net\/#website","url":"https:\/\/www.latribunedufaso.net\/","name":"La Tribune du Faso","description":"L&#039;information du monde rural en un clic","publisher":{"@id":"https:\/\/www.latribunedufaso.net\/#organization"},"potentialAction":[{"@type":"SearchAction","target":{"@type":"EntryPoint","urlTemplate":"https:\/\/www.latribunedufaso.net\/?s={search_term_string}"},"query-input":{"@type":"PropertyValueSpecification","valueRequired":true,"valueName":"search_term_string"}}],"inLanguage":"fr-FR"},{"@type":"Organization","@id":"https:\/\/www.latribunedufaso.net\/#organization","name":"La Tribune du Faso","url":"https:\/\/www.latribunedufaso.net\/","logo":{"@type":"ImageObject","inLanguage":"fr-FR","@id":"https:\/\/www.latribunedufaso.net\/#\/schema\/logo\/image\/","url":"https:\/\/www.latribunedufaso.net\/wp-content\/uploads\/2020\/08\/Logo-Tribune-du-Faso-final-scaled.jpg","contentUrl":"https:\/\/www.latribunedufaso.net\/wp-content\/uploads\/2020\/08\/Logo-Tribune-du-Faso-final-scaled.jpg","width":2560,"height":1856,"caption":"La Tribune du Faso"},"image":{"@id":"https:\/\/www.latribunedufaso.net\/#\/schema\/logo\/image\/"},"sameAs":["https:\/\/www.facebook.com\/LatribuneduFaso\/"]},{"@type":"Person","@id":"https:\/\/www.latribunedufaso.net\/#\/schema\/person\/e54e64c5778a7e72cf80a318b7a622b0","name":"Issouf Tapsoba","image":{"@type":"ImageObject","inLanguage":"fr-FR","@id":"https:\/\/secure.gravatar.com\/avatar\/5e6c05150ce3230247d167f5b94d678eb05936197436d69b7921e3a95c9107ac?s=96&d=mm&r=g","url":"https:\/\/secure.gravatar.com\/avatar\/5e6c05150ce3230247d167f5b94d678eb05936197436d69b7921e3a95c9107ac?s=96&d=mm&r=g","contentUrl":"https:\/\/secure.gravatar.com\/avatar\/5e6c05150ce3230247d167f5b94d678eb05936197436d69b7921e3a95c9107ac?s=96&d=mm&r=g","caption":"Issouf Tapsoba"},"url":"https:\/\/www.latribunedufaso.net\/?author=5"}]}},"_links":{"self":[{"href":"https:\/\/www.latribunedufaso.net\/index.php?rest_route=\/wp\/v2\/posts\/15211","targetHints":{"allow":["GET"]}}],"collection":[{"href":"https:\/\/www.latribunedufaso.net\/index.php?rest_route=\/wp\/v2\/posts"}],"about":[{"href":"https:\/\/www.latribunedufaso.net\/index.php?rest_route=\/wp\/v2\/types\/post"}],"author":[{"embeddable":true,"href":"https:\/\/www.latribunedufaso.net\/index.php?rest_route=\/wp\/v2\/users\/5"}],"replies":[{"embeddable":true,"href":"https:\/\/www.latribunedufaso.net\/index.php?rest_route=%2Fwp%2Fv2%2Fcomments&post=15211"}],"version-history":[{"count":2,"href":"https:\/\/www.latribunedufaso.net\/index.php?rest_route=\/wp\/v2\/posts\/15211\/revisions"}],"predecessor-version":[{"id":15217,"href":"https:\/\/www.latribunedufaso.net\/index.php?rest_route=\/wp\/v2\/posts\/15211\/revisions\/15217"}],"wp:featuredmedia":[{"embeddable":true,"href":"https:\/\/www.latribunedufaso.net\/index.php?rest_route=\/wp\/v2\/media\/15212"}],"wp:attachment":[{"href":"https:\/\/www.latribunedufaso.net\/index.php?rest_route=%2Fwp%2Fv2%2Fmedia&parent=15211"}],"wp:term":[{"taxonomy":"category","embeddable":true,"href":"https:\/\/www.latribunedufaso.net\/index.php?rest_route=%2Fwp%2Fv2%2Fcategories&post=15211"},{"taxonomy":"post_tag","embeddable":true,"href":"https:\/\/www.latribunedufaso.net\/index.php?rest_route=%2Fwp%2Fv2%2Ftags&post=15211"}],"curies":[{"name":"wp","href":"https:\/\/api.w.org\/{rel}","templated":true}]}}