{"id":15204,"date":"2024-08-07T17:11:47","date_gmt":"2024-08-07T17:11:47","guid":{"rendered":"https:\/\/www.latribunedufaso.net\/?p=15204"},"modified":"2024-08-08T14:31:35","modified_gmt":"2024-08-08T14:31:35","slug":"burkina-prevention-des-risques-biotechnologiques-les-acteurs-sapproprient-le-reglement-de-lespace-cedeao","status":"publish","type":"post","link":"https:\/\/www.latribunedufaso.net\/?p=15204","title":{"rendered":"Burkina\/pr\u00e9vention des risques biotechnologiques : Les acteurs s\u2019approprient le R\u00e8glement de l\u2019espace CEDEAO"},"content":{"rendered":"<p><strong><span style=\"font-size: 1.0625rem;\">L\u2019Agence nationale de bios\u00e9curit\u00e9 (ANB) a organis\u00e9 le 07 ao\u00fbt 2024 \u00e0 Ouagadougou, un atelier de vulgarisation du R\u00e8glement r\u00e9gional relatif \u00e0 la pr\u00e9vention des risques biotechnologiques dans l\u2019espace CEDEAO, UEMOA et CILSS. Ce texte va r\u00e9glementer les Organismes vivants modifi\u00e9s (OVM) et ses produits d\u00e9riv\u00e9s.<\/span><\/strong><br \/><!--more--><\/p>\n<p>Cet atelier a connu la participation des acteurs intervenants dans le domaine de pr\u00e9vention des risques biotechnologiques (OVM). Il s\u2019agit notamment des biologistes, des chercheurs et des organisations de la soci\u00e9t\u00e9 civile. C\u2019est une activit\u00e9 organis\u00e9e par ANB le 07 ao\u00fbt 2024 \u00e0 Ouagadougou.<\/p>\n<figure id=\"attachment_15207\" aria-describedby=\"caption-attachment-15207\" style=\"width: 300px\" class=\"wp-caption alignleft\"><a href=\"https:\/\/www.latribunedufaso.net\/wp-content\/uploads\/2024\/08\/IMG_20240807_094034_891-scaled.jpg\"><img loading=\"lazy\" decoding=\"async\" class=\"size-medium wp-image-15207\" src=\"https:\/\/www.latribunedufaso.net\/wp-content\/uploads\/2024\/08\/IMG_20240807_094034_891-300x225.jpg\" alt=\"Le CT du MESRI a pr\u00e9sid\u00e9 l\u2019atelier de l\u2019ANB sur la vulgarisation r\u00e8glement OVM le 07 ao\u00fbt 2024\" width=\"300\" height=\"225\" srcset=\"https:\/\/www.latribunedufaso.net\/wp-content\/uploads\/2024\/08\/IMG_20240807_094034_891-300x225.jpg 300w, https:\/\/www.latribunedufaso.net\/wp-content\/uploads\/2024\/08\/IMG_20240807_094034_891-1024x768.jpg 1024w, https:\/\/www.latribunedufaso.net\/wp-content\/uploads\/2024\/08\/IMG_20240807_094034_891-768x576.jpg 768w, https:\/\/www.latribunedufaso.net\/wp-content\/uploads\/2024\/08\/IMG_20240807_094034_891-1536x1152.jpg 1536w, https:\/\/www.latribunedufaso.net\/wp-content\/uploads\/2024\/08\/IMG_20240807_094034_891-2048x1536.jpg 2048w\" sizes=\"auto, (max-width: 300px) 100vw, 300px\" \/><\/a><figcaption id=\"caption-attachment-15207\" class=\"wp-caption-text\">Le Conseiller technique du minist\u00e8re en charge de la Recherche et de l\u2019Innovation, Alain Ou\u00e9draogo -Ph. I. Tapsoba<\/figcaption><\/figure>\n<p>Elle est plac\u00e9e sous la pr\u00e9sidence du Conseiller technique du minist\u00e8re en charge de la <a href=\"https:\/\/www.latribunedufaso.net\/?p=161\">Recherche et de l\u2019Innovation<\/a>, Alain Ou\u00e9draogo. \u00ab L\u2019objectif vis\u00e9 par cette activit\u00e9 est de vous informer sur le contenu du R\u00e8glement C\/REG. 04\/09\/2020 relatif \u00e0 la pr\u00e9vention des risques biotechnologiques dans l\u2019espace CEDEA\u039f \u00bb, s\u2019est-il adress\u00e9 aux participants.<\/p>\n<figure id=\"attachment_15205\" aria-describedby=\"caption-attachment-15205\" style=\"width: 300px\" class=\"wp-caption alignleft\"><a href=\"https:\/\/www.latribunedufaso.net\/wp-content\/uploads\/2024\/08\/IMG_20240807_090757_297-scaled.jpg\"><img loading=\"lazy\" decoding=\"async\" class=\"size-medium wp-image-15205\" src=\"https:\/\/www.latribunedufaso.net\/wp-content\/uploads\/2024\/08\/IMG_20240807_090757_297-300x225.jpg\" alt=\"Le DG de l\u2019ANB lors de l\u2019atelier de vulgarisation du r\u00e8glement OVM le 07 ao\u00fbt 2024\" width=\"300\" height=\"225\" srcset=\"https:\/\/www.latribunedufaso.net\/wp-content\/uploads\/2024\/08\/IMG_20240807_090757_297-300x225.jpg 300w, https:\/\/www.latribunedufaso.net\/wp-content\/uploads\/2024\/08\/IMG_20240807_090757_297-1024x768.jpg 1024w, https:\/\/www.latribunedufaso.net\/wp-content\/uploads\/2024\/08\/IMG_20240807_090757_297-768x576.jpg 768w, https:\/\/www.latribunedufaso.net\/wp-content\/uploads\/2024\/08\/IMG_20240807_090757_297-1536x1152.jpg 1536w, https:\/\/www.latribunedufaso.net\/wp-content\/uploads\/2024\/08\/IMG_20240807_090757_297-2048x1536.jpg 2048w\" sizes=\"auto, (max-width: 300px) 100vw, 300px\" \/><\/a><figcaption id=\"caption-attachment-15205\" class=\"wp-caption-text\">Le DG de l\u2019ANB, Koussao Som\u00e9 -Ph. I. Tapsoba<\/figcaption><\/figure>\n<p>\u00ab Son adoption permettra au <a href=\"https:\/\/www.latribunedufaso.net\/?p=180\">Burkina Faso<\/a> d\u2019inclure la prise en compte des biorisques et des produits d\u00e9riv\u00e9s issus des OVM \u00e0 l\u2019\u00e9chelle nationale \u00bb, selon le Directeur g\u00e9n\u00e9ral de l\u2019ANB, Koussao Som\u00e9. En plus, le R\u00e8glement C\/REG. 04\/09\/2020 permettra de r\u00e9glementer les technologies \u00e9mergentes. Il comblera ainsi les insuffisances de la loi nationale qui ne prenait pas en compte les produits d\u00e9riv\u00e9s des OVM.<\/p>\n<blockquote>\n<p><span style=\"color: #008000;\">Lire aussi : <a href=\"https:\/\/www.latribunedufaso.net\/?p=7454\" style=\"color: #008000;\">Vulgarisation des recherches scientifiques : Des journalistes \u00e0 l\u2019\u00e9cole de la biologie mol\u00e9culaire<\/a><\/span><\/p>\n<\/blockquote>\n<p>Le R\u00e8glement C\/REG. 04\/09\/2020 relatif \u00e0 la pr\u00e9vention des risques biotechnologiques dans l\u2019espace CEDEA\u039f s\u2019applique \u00e9galement dans l\u2019espace UEMOA et CILSS. En effet, les 3 institutions ont sign\u00e9 un accord de coop\u00e9ration. Il permet \u00e0 chaque Etat membre de l\u2019une des institutions d\u2019appliquer le texte (R\u00e8glement C\/REG. 04\/09\/2020).<\/p>\n<figure id=\"attachment_15206\" aria-describedby=\"caption-attachment-15206\" style=\"width: 300px\" class=\"wp-caption alignleft\"><a href=\"https:\/\/www.latribunedufaso.net\/wp-content\/uploads\/2024\/08\/IMG_20240807_093127_381-scaled.jpg\"><img loading=\"lazy\" decoding=\"async\" class=\"size-medium wp-image-15206\" src=\"https:\/\/www.latribunedufaso.net\/wp-content\/uploads\/2024\/08\/IMG_20240807_093127_381-300x225.jpg\" alt=\"Les acteurs intervenants de pr\u00e9vention de risques biotechnologiques lors d\u2019un atelier de vulgarisation du r\u00e8glement OVM le 07 ao\u00fbt 2024\" width=\"300\" height=\"225\" srcset=\"https:\/\/www.latribunedufaso.net\/wp-content\/uploads\/2024\/08\/IMG_20240807_093127_381-300x225.jpg 300w, https:\/\/www.latribunedufaso.net\/wp-content\/uploads\/2024\/08\/IMG_20240807_093127_381-1024x768.jpg 1024w, https:\/\/www.latribunedufaso.net\/wp-content\/uploads\/2024\/08\/IMG_20240807_093127_381-768x576.jpg 768w, https:\/\/www.latribunedufaso.net\/wp-content\/uploads\/2024\/08\/IMG_20240807_093127_381-1536x1152.jpg 1536w, https:\/\/www.latribunedufaso.net\/wp-content\/uploads\/2024\/08\/IMG_20240807_093127_381-2048x1536.jpg 2048w\" sizes=\"auto, (max-width: 300px) 100vw, 300px\" \/><\/a><figcaption id=\"caption-attachment-15206\" class=\"wp-caption-text\">Les participants se sont appropri\u00e9s le R\u00e8glement C\/REG. 04\/09\/2020 relatif \u00e0 la pr\u00e9vention des risques biotechnologiques dans l\u2019espace CEDEA\u039f -Ph. I. Tapsoba<\/figcaption><\/figure>\n<p>Dix sept pays sont concern\u00e9s. Le R\u00e8glement C\/REG. 04\/09\/2020 comprends 11 titres, 16 chapitres et 74 articles. Pour sa mise en \u0153uvre effective, 16 r\u00e8glements d\u2019execution sont en cours d\u2019adoption.<\/p>\n<p><strong>Issouf TAPSOBA <\/strong><\/p>\n<p><strong>Latribunedufaso.net<\/strong><\/p>\n","protected":false},"excerpt":{"rendered":"<p>L\u2019Agence nationale de bios\u00e9curit\u00e9 (ANB) a organis\u00e9 le 07 ao\u00fbt 2024 \u00e0 Ouagadougou, un atelier de vulgarisation du R\u00e8glement r\u00e9gional relatif \u00e0 la pr\u00e9vention des risques biotechnologiques dans l\u2019espace CEDEAO, UEMOA et CILSS. Ce texte va r\u00e9glementer les Organismes vivants modifi\u00e9s (OVM) et ses produits d\u00e9riv\u00e9s.<\/p>\n","protected":false},"author":5,"featured_media":15208,"comment_status":"open","ping_status":"open","sticky":false,"template":"","format":"standard","meta":{"footnotes":""},"categories":[13,1,8],"tags":[36,38,39,34,33,35,37],"class_list":["post-15204","post","type-post","status-publish","format-standard","has-post-thumbnail","hentry","category-une","category-actu","category-societe","tag-cedeao","tag-cilss","tag-latribunedufaso-net","tag-ovm","tag-prevention-de-risques-biotechnologiques","tag-reglement-c-reg-04-09-2020","tag-uemoa"],"yoast_head":"<!-- This site is optimized with the Yoast SEO plugin v27.4 - https:\/\/yoast.com\/product\/yoast-seo-wordpress\/ -->\n<title>Burkina\/pr\u00e9vention des risques biotechnologiques : Les acteurs s\u2019approprient le R\u00e8glement de l\u2019espace CEDEAO - La Tribune du Faso<\/title>\n<meta name=\"robots\" content=\"index, follow, max-snippet:-1, max-image-preview:large, max-video-preview:-1\" \/>\n<link rel=\"canonical\" href=\"https:\/\/www.latribunedufaso.net\/?p=15204\" \/>\n<meta property=\"og:locale\" content=\"fr_FR\" \/>\n<meta property=\"og:type\" content=\"article\" \/>\n<meta property=\"og:title\" content=\"Burkina\/pr\u00e9vention des risques biotechnologiques : Les acteurs s\u2019approprient le R\u00e8glement de l\u2019espace CEDEAO - La Tribune du Faso\" \/>\n<meta property=\"og:description\" content=\"L\u2019Agence nationale de bios\u00e9curit\u00e9 (ANB) a organis\u00e9 le 07 ao\u00fbt 2024 \u00e0 Ouagadougou, un atelier de vulgarisation du R\u00e8glement r\u00e9gional relatif \u00e0 la pr\u00e9vention des risques biotechnologiques dans l\u2019espace CEDEAO, UEMOA et CILSS. Ce texte va r\u00e9glementer les Organismes vivants modifi\u00e9s (OVM) et ses produits d\u00e9riv\u00e9s.\" \/>\n<meta property=\"og:url\" content=\"https:\/\/www.latribunedufaso.net\/?p=15204\" \/>\n<meta property=\"og:site_name\" content=\"La Tribune du Faso\" \/>\n<meta property=\"article:publisher\" content=\"https:\/\/www.facebook.com\/LatribuneduFaso\/\" \/>\n<meta property=\"article:published_time\" content=\"2024-08-07T17:11:47+00:00\" \/>\n<meta property=\"article:modified_time\" content=\"2024-08-08T14:31:35+00:00\" \/>\n<meta property=\"og:image\" content=\"https:\/\/www.latribunedufaso.net\/wp-content\/uploads\/2024\/08\/IMG_20240807_104732_842-scaled.jpg\" \/>\n\t<meta property=\"og:image:width\" content=\"2560\" \/>\n\t<meta property=\"og:image:height\" content=\"1920\" \/>\n\t<meta property=\"og:image:type\" content=\"image\/jpeg\" \/>\n<meta name=\"author\" content=\"Issouf Tapsoba\" \/>\n<meta name=\"twitter:label1\" content=\"\u00c9crit par\" \/>\n\t<meta name=\"twitter:data1\" content=\"Issouf Tapsoba\" \/>\n\t<meta name=\"twitter:label2\" content=\"Dur\u00e9e de lecture estim\u00e9e\" \/>\n\t<meta name=\"twitter:data2\" content=\"2 minutes\" \/>\n<script type=\"application\/ld+json\" class=\"yoast-schema-graph\">{\"@context\":\"https:\\\/\\\/schema.org\",\"@graph\":[{\"@type\":\"Article\",\"@id\":\"https:\\\/\\\/www.latribunedufaso.net\\\/?p=15204#article\",\"isPartOf\":{\"@id\":\"https:\\\/\\\/www.latribunedufaso.net\\\/?p=15204\"},\"author\":{\"name\":\"Issouf Tapsoba\",\"@id\":\"https:\\\/\\\/www.latribunedufaso.net\\\/#\\\/schema\\\/person\\\/e54e64c5778a7e72cf80a318b7a622b0\"},\"headline\":\"Burkina\\\/pr\u00e9vention des risques biotechnologiques : Les acteurs s\u2019approprient le R\u00e8glement de l\u2019espace CEDEAO\",\"datePublished\":\"2024-08-07T17:11:47+00:00\",\"dateModified\":\"2024-08-08T14:31:35+00:00\",\"mainEntityOfPage\":{\"@id\":\"https:\\\/\\\/www.latribunedufaso.net\\\/?p=15204\"},\"wordCount\":431,\"commentCount\":0,\"publisher\":{\"@id\":\"https:\\\/\\\/www.latribunedufaso.net\\\/#organization\"},\"image\":{\"@id\":\"https:\\\/\\\/www.latribunedufaso.net\\\/?p=15204#primaryimage\"},\"thumbnailUrl\":\"https:\\\/\\\/www.latribunedufaso.net\\\/wp-content\\\/uploads\\\/2024\\\/08\\\/IMG_20240807_104732_842-scaled.jpg\",\"keywords\":[\"CEDEAO\",\"CILSS\",\"latribunedufaso.net\",\"OVM\",\"pr\u00e9vention de risques biotechnologiques\",\"R\u00e8glement C\\\/REG. 04\\\/09\\\/2020\",\"UEMOA\"],\"articleSection\":[\"A la une\",\"Actualit\u00e9\",\"Soci\u00e9t\u00e9\"],\"inLanguage\":\"fr-FR\",\"potentialAction\":[{\"@type\":\"CommentAction\",\"name\":\"Comment\",\"target\":[\"https:\\\/\\\/www.latribunedufaso.net\\\/?p=15204#respond\"]}]},{\"@type\":\"WebPage\",\"@id\":\"https:\\\/\\\/www.latribunedufaso.net\\\/?p=15204\",\"url\":\"https:\\\/\\\/www.latribunedufaso.net\\\/?p=15204\",\"name\":\"Burkina\\\/pr\u00e9vention des risques biotechnologiques : Les acteurs s\u2019approprient le R\u00e8glement de l\u2019espace CEDEAO - La Tribune du Faso\",\"isPartOf\":{\"@id\":\"https:\\\/\\\/www.latribunedufaso.net\\\/#website\"},\"primaryImageOfPage\":{\"@id\":\"https:\\\/\\\/www.latribunedufaso.net\\\/?p=15204#primaryimage\"},\"image\":{\"@id\":\"https:\\\/\\\/www.latribunedufaso.net\\\/?p=15204#primaryimage\"},\"thumbnailUrl\":\"https:\\\/\\\/www.latribunedufaso.net\\\/wp-content\\\/uploads\\\/2024\\\/08\\\/IMG_20240807_104732_842-scaled.jpg\",\"datePublished\":\"2024-08-07T17:11:47+00:00\",\"dateModified\":\"2024-08-08T14:31:35+00:00\",\"breadcrumb\":{\"@id\":\"https:\\\/\\\/www.latribunedufaso.net\\\/?p=15204#breadcrumb\"},\"inLanguage\":\"fr-FR\",\"potentialAction\":[{\"@type\":\"ReadAction\",\"target\":[\"https:\\\/\\\/www.latribunedufaso.net\\\/?p=15204\"]}]},{\"@type\":\"ImageObject\",\"inLanguage\":\"fr-FR\",\"@id\":\"https:\\\/\\\/www.latribunedufaso.net\\\/?p=15204#primaryimage\",\"url\":\"https:\\\/\\\/www.latribunedufaso.net\\\/wp-content\\\/uploads\\\/2024\\\/08\\\/IMG_20240807_104732_842-scaled.jpg\",\"contentUrl\":\"https:\\\/\\\/www.latribunedufaso.net\\\/wp-content\\\/uploads\\\/2024\\\/08\\\/IMG_20240807_104732_842-scaled.jpg\",\"width\":2560,\"height\":1920},{\"@type\":\"BreadcrumbList\",\"@id\":\"https:\\\/\\\/www.latribunedufaso.net\\\/?p=15204#breadcrumb\",\"itemListElement\":[{\"@type\":\"ListItem\",\"position\":1,\"name\":\"Accueil\",\"item\":\"https:\\\/\\\/www.latribunedufaso.net\\\/\"},{\"@type\":\"ListItem\",\"position\":2,\"name\":\"Burkina\\\/pr\u00e9vention des risques biotechnologiques : Les acteurs s\u2019approprient le R\u00e8glement de l\u2019espace CEDEAO\"}]},{\"@type\":\"WebSite\",\"@id\":\"https:\\\/\\\/www.latribunedufaso.net\\\/#website\",\"url\":\"https:\\\/\\\/www.latribunedufaso.net\\\/\",\"name\":\"La Tribune du Faso\",\"description\":\"L&#039;information du monde rural en un clic\",\"publisher\":{\"@id\":\"https:\\\/\\\/www.latribunedufaso.net\\\/#organization\"},\"potentialAction\":[{\"@type\":\"SearchAction\",\"target\":{\"@type\":\"EntryPoint\",\"urlTemplate\":\"https:\\\/\\\/www.latribunedufaso.net\\\/?s={search_term_string}\"},\"query-input\":{\"@type\":\"PropertyValueSpecification\",\"valueRequired\":true,\"valueName\":\"search_term_string\"}}],\"inLanguage\":\"fr-FR\"},{\"@type\":\"Organization\",\"@id\":\"https:\\\/\\\/www.latribunedufaso.net\\\/#organization\",\"name\":\"La Tribune du Faso\",\"url\":\"https:\\\/\\\/www.latribunedufaso.net\\\/\",\"logo\":{\"@type\":\"ImageObject\",\"inLanguage\":\"fr-FR\",\"@id\":\"https:\\\/\\\/www.latribunedufaso.net\\\/#\\\/schema\\\/logo\\\/image\\\/\",\"url\":\"https:\\\/\\\/www.latribunedufaso.net\\\/wp-content\\\/uploads\\\/2020\\\/08\\\/Logo-Tribune-du-Faso-final-scaled.jpg\",\"contentUrl\":\"https:\\\/\\\/www.latribunedufaso.net\\\/wp-content\\\/uploads\\\/2020\\\/08\\\/Logo-Tribune-du-Faso-final-scaled.jpg\",\"width\":2560,\"height\":1856,\"caption\":\"La Tribune du Faso\"},\"image\":{\"@id\":\"https:\\\/\\\/www.latribunedufaso.net\\\/#\\\/schema\\\/logo\\\/image\\\/\"},\"sameAs\":[\"https:\\\/\\\/www.facebook.com\\\/LatribuneduFaso\\\/\"]},{\"@type\":\"Person\",\"@id\":\"https:\\\/\\\/www.latribunedufaso.net\\\/#\\\/schema\\\/person\\\/e54e64c5778a7e72cf80a318b7a622b0\",\"name\":\"Issouf Tapsoba\",\"image\":{\"@type\":\"ImageObject\",\"inLanguage\":\"fr-FR\",\"@id\":\"https:\\\/\\\/secure.gravatar.com\\\/avatar\\\/5e6c05150ce3230247d167f5b94d678eb05936197436d69b7921e3a95c9107ac?s=96&d=mm&r=g\",\"url\":\"https:\\\/\\\/secure.gravatar.com\\\/avatar\\\/5e6c05150ce3230247d167f5b94d678eb05936197436d69b7921e3a95c9107ac?s=96&d=mm&r=g\",\"contentUrl\":\"https:\\\/\\\/secure.gravatar.com\\\/avatar\\\/5e6c05150ce3230247d167f5b94d678eb05936197436d69b7921e3a95c9107ac?s=96&d=mm&r=g\",\"caption\":\"Issouf Tapsoba\"},\"url\":\"https:\\\/\\\/www.latribunedufaso.net\\\/?author=5\"}]}<\/script>\n<!-- \/ Yoast SEO plugin. -->","yoast_head_json":{"title":"Burkina\/pr\u00e9vention des risques biotechnologiques : Les acteurs s\u2019approprient le R\u00e8glement de l\u2019espace CEDEAO - La Tribune du Faso","robots":{"index":"index","follow":"follow","max-snippet":"max-snippet:-1","max-image-preview":"max-image-preview:large","max-video-preview":"max-video-preview:-1"},"canonical":"https:\/\/www.latribunedufaso.net\/?p=15204","og_locale":"fr_FR","og_type":"article","og_title":"Burkina\/pr\u00e9vention des risques biotechnologiques : Les acteurs s\u2019approprient le R\u00e8glement de l\u2019espace CEDEAO - La Tribune du Faso","og_description":"L\u2019Agence nationale de bios\u00e9curit\u00e9 (ANB) a organis\u00e9 le 07 ao\u00fbt 2024 \u00e0 Ouagadougou, un atelier de vulgarisation du R\u00e8glement r\u00e9gional relatif \u00e0 la pr\u00e9vention des risques biotechnologiques dans l\u2019espace CEDEAO, UEMOA et CILSS. Ce texte va r\u00e9glementer les Organismes vivants modifi\u00e9s (OVM) et ses produits d\u00e9riv\u00e9s.","og_url":"https:\/\/www.latribunedufaso.net\/?p=15204","og_site_name":"La Tribune du Faso","article_publisher":"https:\/\/www.facebook.com\/LatribuneduFaso\/","article_published_time":"2024-08-07T17:11:47+00:00","article_modified_time":"2024-08-08T14:31:35+00:00","og_image":[{"width":2560,"height":1920,"url":"https:\/\/www.latribunedufaso.net\/wp-content\/uploads\/2024\/08\/IMG_20240807_104732_842-scaled.jpg","type":"image\/jpeg"}],"author":"Issouf Tapsoba","twitter_misc":{"\u00c9crit par":"Issouf Tapsoba","Dur\u00e9e de lecture estim\u00e9e":"2 minutes"},"schema":{"@context":"https:\/\/schema.org","@graph":[{"@type":"Article","@id":"https:\/\/www.latribunedufaso.net\/?p=15204#article","isPartOf":{"@id":"https:\/\/www.latribunedufaso.net\/?p=15204"},"author":{"name":"Issouf Tapsoba","@id":"https:\/\/www.latribunedufaso.net\/#\/schema\/person\/e54e64c5778a7e72cf80a318b7a622b0"},"headline":"Burkina\/pr\u00e9vention des risques biotechnologiques : Les acteurs s\u2019approprient le R\u00e8glement de l\u2019espace CEDEAO","datePublished":"2024-08-07T17:11:47+00:00","dateModified":"2024-08-08T14:31:35+00:00","mainEntityOfPage":{"@id":"https:\/\/www.latribunedufaso.net\/?p=15204"},"wordCount":431,"commentCount":0,"publisher":{"@id":"https:\/\/www.latribunedufaso.net\/#organization"},"image":{"@id":"https:\/\/www.latribunedufaso.net\/?p=15204#primaryimage"},"thumbnailUrl":"https:\/\/www.latribunedufaso.net\/wp-content\/uploads\/2024\/08\/IMG_20240807_104732_842-scaled.jpg","keywords":["CEDEAO","CILSS","latribunedufaso.net","OVM","pr\u00e9vention de risques biotechnologiques","R\u00e8glement C\/REG. 04\/09\/2020","UEMOA"],"articleSection":["A la une","Actualit\u00e9","Soci\u00e9t\u00e9"],"inLanguage":"fr-FR","potentialAction":[{"@type":"CommentAction","name":"Comment","target":["https:\/\/www.latribunedufaso.net\/?p=15204#respond"]}]},{"@type":"WebPage","@id":"https:\/\/www.latribunedufaso.net\/?p=15204","url":"https:\/\/www.latribunedufaso.net\/?p=15204","name":"Burkina\/pr\u00e9vention des risques biotechnologiques : Les acteurs s\u2019approprient le R\u00e8glement de l\u2019espace CEDEAO - La Tribune du Faso","isPartOf":{"@id":"https:\/\/www.latribunedufaso.net\/#website"},"primaryImageOfPage":{"@id":"https:\/\/www.latribunedufaso.net\/?p=15204#primaryimage"},"image":{"@id":"https:\/\/www.latribunedufaso.net\/?p=15204#primaryimage"},"thumbnailUrl":"https:\/\/www.latribunedufaso.net\/wp-content\/uploads\/2024\/08\/IMG_20240807_104732_842-scaled.jpg","datePublished":"2024-08-07T17:11:47+00:00","dateModified":"2024-08-08T14:31:35+00:00","breadcrumb":{"@id":"https:\/\/www.latribunedufaso.net\/?p=15204#breadcrumb"},"inLanguage":"fr-FR","potentialAction":[{"@type":"ReadAction","target":["https:\/\/www.latribunedufaso.net\/?p=15204"]}]},{"@type":"ImageObject","inLanguage":"fr-FR","@id":"https:\/\/www.latribunedufaso.net\/?p=15204#primaryimage","url":"https:\/\/www.latribunedufaso.net\/wp-content\/uploads\/2024\/08\/IMG_20240807_104732_842-scaled.jpg","contentUrl":"https:\/\/www.latribunedufaso.net\/wp-content\/uploads\/2024\/08\/IMG_20240807_104732_842-scaled.jpg","width":2560,"height":1920},{"@type":"BreadcrumbList","@id":"https:\/\/www.latribunedufaso.net\/?p=15204#breadcrumb","itemListElement":[{"@type":"ListItem","position":1,"name":"Accueil","item":"https:\/\/www.latribunedufaso.net\/"},{"@type":"ListItem","position":2,"name":"Burkina\/pr\u00e9vention des risques biotechnologiques : Les acteurs s\u2019approprient le R\u00e8glement de l\u2019espace CEDEAO"}]},{"@type":"WebSite","@id":"https:\/\/www.latribunedufaso.net\/#website","url":"https:\/\/www.latribunedufaso.net\/","name":"La Tribune du Faso","description":"L&#039;information du monde rural en un clic","publisher":{"@id":"https:\/\/www.latribunedufaso.net\/#organization"},"potentialAction":[{"@type":"SearchAction","target":{"@type":"EntryPoint","urlTemplate":"https:\/\/www.latribunedufaso.net\/?s={search_term_string}"},"query-input":{"@type":"PropertyValueSpecification","valueRequired":true,"valueName":"search_term_string"}}],"inLanguage":"fr-FR"},{"@type":"Organization","@id":"https:\/\/www.latribunedufaso.net\/#organization","name":"La Tribune du Faso","url":"https:\/\/www.latribunedufaso.net\/","logo":{"@type":"ImageObject","inLanguage":"fr-FR","@id":"https:\/\/www.latribunedufaso.net\/#\/schema\/logo\/image\/","url":"https:\/\/www.latribunedufaso.net\/wp-content\/uploads\/2020\/08\/Logo-Tribune-du-Faso-final-scaled.jpg","contentUrl":"https:\/\/www.latribunedufaso.net\/wp-content\/uploads\/2020\/08\/Logo-Tribune-du-Faso-final-scaled.jpg","width":2560,"height":1856,"caption":"La Tribune du Faso"},"image":{"@id":"https:\/\/www.latribunedufaso.net\/#\/schema\/logo\/image\/"},"sameAs":["https:\/\/www.facebook.com\/LatribuneduFaso\/"]},{"@type":"Person","@id":"https:\/\/www.latribunedufaso.net\/#\/schema\/person\/e54e64c5778a7e72cf80a318b7a622b0","name":"Issouf Tapsoba","image":{"@type":"ImageObject","inLanguage":"fr-FR","@id":"https:\/\/secure.gravatar.com\/avatar\/5e6c05150ce3230247d167f5b94d678eb05936197436d69b7921e3a95c9107ac?s=96&d=mm&r=g","url":"https:\/\/secure.gravatar.com\/avatar\/5e6c05150ce3230247d167f5b94d678eb05936197436d69b7921e3a95c9107ac?s=96&d=mm&r=g","contentUrl":"https:\/\/secure.gravatar.com\/avatar\/5e6c05150ce3230247d167f5b94d678eb05936197436d69b7921e3a95c9107ac?s=96&d=mm&r=g","caption":"Issouf Tapsoba"},"url":"https:\/\/www.latribunedufaso.net\/?author=5"}]}},"_links":{"self":[{"href":"https:\/\/www.latribunedufaso.net\/index.php?rest_route=\/wp\/v2\/posts\/15204","targetHints":{"allow":["GET"]}}],"collection":[{"href":"https:\/\/www.latribunedufaso.net\/index.php?rest_route=\/wp\/v2\/posts"}],"about":[{"href":"https:\/\/www.latribunedufaso.net\/index.php?rest_route=\/wp\/v2\/types\/post"}],"author":[{"embeddable":true,"href":"https:\/\/www.latribunedufaso.net\/index.php?rest_route=\/wp\/v2\/users\/5"}],"replies":[{"embeddable":true,"href":"https:\/\/www.latribunedufaso.net\/index.php?rest_route=%2Fwp%2Fv2%2Fcomments&post=15204"}],"version-history":[{"count":2,"href":"https:\/\/www.latribunedufaso.net\/index.php?rest_route=\/wp\/v2\/posts\/15204\/revisions"}],"predecessor-version":[{"id":15210,"href":"https:\/\/www.latribunedufaso.net\/index.php?rest_route=\/wp\/v2\/posts\/15204\/revisions\/15210"}],"wp:featuredmedia":[{"embeddable":true,"href":"https:\/\/www.latribunedufaso.net\/index.php?rest_route=\/wp\/v2\/media\/15208"}],"wp:attachment":[{"href":"https:\/\/www.latribunedufaso.net\/index.php?rest_route=%2Fwp%2Fv2%2Fmedia&parent=15204"}],"wp:term":[{"taxonomy":"category","embeddable":true,"href":"https:\/\/www.latribunedufaso.net\/index.php?rest_route=%2Fwp%2Fv2%2Fcategories&post=15204"},{"taxonomy":"post_tag","embeddable":true,"href":"https:\/\/www.latribunedufaso.net\/index.php?rest_route=%2Fwp%2Fv2%2Ftags&post=15204"}],"curies":[{"name":"wp","href":"https:\/\/api.w.org\/{rel}","templated":true}]}}