{"id":15046,"date":"2024-07-29T18:02:43","date_gmt":"2024-07-29T18:02:43","guid":{"rendered":"https:\/\/www.latribunedufaso.net\/?p=15046"},"modified":"2024-07-29T18:02:43","modified_gmt":"2024-07-29T18:02:43","slug":"10eme-edition-de-la-journee-de-reboisement-les-forces-de-securite-interieure-sengagent-pour-un-developpement-endogene","status":"publish","type":"post","link":"https:\/\/www.latribunedufaso.net\/?p=15046","title":{"rendered":"10eme \u00e9dition de la Journ\u00e9e de reboisement : Les forces de s\u00e9curit\u00e9 int\u00e9rieure s\u2019engagent pour un d\u00e9veloppement endog\u00e8ne\u00a0"},"content":{"rendered":"<p><strong><span style=\"font-size: 1.0625rem;\">Le samedi 27 juillet 2024, les Forces de S\u00e9curit\u00e9 Int\u00e9rieure (FSI) du Burkina Faso constitu\u00e9es de la Police Nationale, des Eaux et For\u00eats, des Douanes, de la Garde de S\u00e9curit\u00e9 P\u00e9nitentiaire et de la Police Municipale ont tenu le pari de la 10e \u00e9dition de la journ\u00e9e de reboisement. C\u2019\u00e9tait sur le site de l\u2019Administration P\u00e9nitentiaire \u00e0 Sourgoubila, localit\u00e9 situ\u00e9e dans la r\u00e9gion du Plateau Central.<\/span><\/strong><br \/><!--more--><\/p>\n<p><a href=\"https:\/\/www.latribunedufaso.net\/wp-content\/uploads\/2024\/07\/FB_IMG_1722275836052.jpg\"><img loading=\"lazy\" decoding=\"async\" class=\"size-medium wp-image-15049 alignleft\" src=\"https:\/\/www.latribunedufaso.net\/wp-content\/uploads\/2024\/07\/FB_IMG_1722275836052-300x200.jpg\" alt=\"\" width=\"300\" height=\"200\" srcset=\"https:\/\/www.latribunedufaso.net\/wp-content\/uploads\/2024\/07\/FB_IMG_1722275836052-300x200.jpg 300w, https:\/\/www.latribunedufaso.net\/wp-content\/uploads\/2024\/07\/FB_IMG_1722275836052-120x80.jpg 120w, https:\/\/www.latribunedufaso.net\/wp-content\/uploads\/2024\/07\/FB_IMG_1722275836052-360x240.jpg 360w, https:\/\/www.latribunedufaso.net\/wp-content\/uploads\/2024\/07\/FB_IMG_1722275836052-600x400.jpg 600w, https:\/\/www.latribunedufaso.net\/wp-content\/uploads\/2024\/07\/FB_IMG_1722275836052.jpg 720w\" sizes=\"auto, (max-width: 300px) 100vw, 300px\" \/><\/a>Cette 10e \u00e9dition, organis\u00e9e par l\u2019Administration P\u00e9nitentiaire, \u00e9tait plac\u00e9e sous la pr\u00e9sidence de Me Edasso Rodrigue BAYALA, Ministre de la Justice et des Droits Humains, Charg\u00e9 des Relations avec les Institutions, Garde des Sceaux, du parrainage de Ismael SOMBIE, Ministre de l\u2019Agriculture, des Ressources Animales et Halieutiques, du Co-parrainage de Azaratou SONDO\/NIGNAN, Directrice G\u00e9n\u00e9rale de la Fa\u00eeti\u00e8re des Caisses Populaires du Burkina (FCPB). Elle a \u00e9galement connu la pr\u00e9sence effective des Directeurs G\u00e9n\u00e9raux des FSI, des autorit\u00e9s administratives, coutumi\u00e8res et religieuses ainsi que les populations de Sourgoubila sorties nombreuses pour soutenir l\u2019activit\u00e9.\u00a0<\/p>\n<p><a href=\"https:\/\/www.latribunedufaso.net\/wp-content\/uploads\/2024\/07\/FB_IMG_1722275823974.jpg\"><img loading=\"lazy\" decoding=\"async\" class=\"size-medium wp-image-15053 alignleft\" src=\"https:\/\/www.latribunedufaso.net\/wp-content\/uploads\/2024\/07\/FB_IMG_1722275823974-300x200.jpg\" alt=\"\" width=\"300\" height=\"200\" srcset=\"https:\/\/www.latribunedufaso.net\/wp-content\/uploads\/2024\/07\/FB_IMG_1722275823974-300x200.jpg 300w, https:\/\/www.latribunedufaso.net\/wp-content\/uploads\/2024\/07\/FB_IMG_1722275823974-120x80.jpg 120w, https:\/\/www.latribunedufaso.net\/wp-content\/uploads\/2024\/07\/FB_IMG_1722275823974-360x240.jpg 360w, https:\/\/www.latribunedufaso.net\/wp-content\/uploads\/2024\/07\/FB_IMG_1722275823974-600x400.jpg 600w, https:\/\/www.latribunedufaso.net\/wp-content\/uploads\/2024\/07\/FB_IMG_1722275823974.jpg 720w\" sizes=\"auto, (max-width: 300px) 100vw, 300px\" \/><\/a>Plac\u00e9e sous le th\u00e8me : \u00ab Arbre, capital de r\u00e9silience et contribution des Forces de S\u00e9curit\u00e9 Int\u00e9rieure pour un d\u00e9veloppement endog\u00e8ne \u00bb, la c\u00e9r\u00e9monie \u00e9tait ponctu\u00e9e de discours, de plantation, de la passation du flambeau, couronn\u00e9e par une photo de famille.<\/p>\n<p>Le Directeur G\u00e9n\u00e9ral de l\u2019Administration P\u00e9nitentiaire, l\u2019Inspecteur de S\u00e9curit\u00e9 P\u00e9nitentiaire Divisionnaire Sabila SAWADOGO a, au nom de l\u2019Administration P\u00e9nitentiaire, exprim\u00e9 sa reconnaissance et sa gratitude au Ministre de la Justice, Garde des Sceaux, aux parrains, \u00e0 l\u2019ensemble des FSI et \u00e0 toutes les forces vives de Sourgoubila qui ont permis la r\u00e9ussite de la c\u00e9r\u00e9monie.<\/p>\n<p><a href=\"https:\/\/www.latribunedufaso.net\/wp-content\/uploads\/2024\/07\/FB_IMG_1722275826236.jpg\"><img loading=\"lazy\" decoding=\"async\" class=\"size-medium wp-image-15052 alignleft\" src=\"https:\/\/www.latribunedufaso.net\/wp-content\/uploads\/2024\/07\/FB_IMG_1722275826236-300x200.jpg\" alt=\"\" width=\"300\" height=\"200\" srcset=\"https:\/\/www.latribunedufaso.net\/wp-content\/uploads\/2024\/07\/FB_IMG_1722275826236-300x200.jpg 300w, https:\/\/www.latribunedufaso.net\/wp-content\/uploads\/2024\/07\/FB_IMG_1722275826236-120x80.jpg 120w, https:\/\/www.latribunedufaso.net\/wp-content\/uploads\/2024\/07\/FB_IMG_1722275826236-360x240.jpg 360w, https:\/\/www.latribunedufaso.net\/wp-content\/uploads\/2024\/07\/FB_IMG_1722275826236-600x400.jpg 600w, https:\/\/www.latribunedufaso.net\/wp-content\/uploads\/2024\/07\/FB_IMG_1722275826236.jpg 720w\" sizes=\"auto, (max-width: 300px) 100vw, 300px\" \/><\/a>Selon le Directeur G\u00e9n\u00e9ral, le choix du site de Sourgoubila n\u2019est pas fortuit : \u00ab il vise \u00e0 terme la cr\u00e9ation d\u2019un centre p\u00e9nitentiaire de production agricole pour favoriser la r\u00e9insertion socio-professionnelle des d\u00e9tenus conform\u00e9ment \u00e0 la vision du gouvernement \u00bb.<\/p>\n<p>C\u2019est au total 350 plants compos\u00e9s essentiellement d\u2019esp\u00e8ces, notamment l\u2019Adansonia digitata couramment appel\u00e9 baobab, qui ont \u00e9t\u00e9 mis sous terre pour le grand bonheur des d\u00e9tenus et de la population.<\/p>\n<p><a href=\"https:\/\/www.latribunedufaso.net\/wp-content\/uploads\/2024\/07\/FB_IMG_1722275828274.jpg\"><img loading=\"lazy\" decoding=\"async\" class=\"size-medium wp-image-15051 alignleft\" src=\"https:\/\/www.latribunedufaso.net\/wp-content\/uploads\/2024\/07\/FB_IMG_1722275828274-300x200.jpg\" alt=\"\" width=\"300\" height=\"200\" srcset=\"https:\/\/www.latribunedufaso.net\/wp-content\/uploads\/2024\/07\/FB_IMG_1722275828274-300x200.jpg 300w, https:\/\/www.latribunedufaso.net\/wp-content\/uploads\/2024\/07\/FB_IMG_1722275828274-120x80.jpg 120w, https:\/\/www.latribunedufaso.net\/wp-content\/uploads\/2024\/07\/FB_IMG_1722275828274-360x240.jpg 360w, https:\/\/www.latribunedufaso.net\/wp-content\/uploads\/2024\/07\/FB_IMG_1722275828274-600x400.jpg 600w, https:\/\/www.latribunedufaso.net\/wp-content\/uploads\/2024\/07\/FB_IMG_1722275828274.jpg 720w\" sizes=\"auto, (max-width: 300px) 100vw, 300px\" \/><\/a>C\u2019est sur une bonne note de satisfaction que la c\u00e9r\u00e9monie de la journ\u00e9e de reboisement des Forces de S\u00e9curit\u00e9 Int\u00e9rieure, \u00e9dition 2024, a pris fin avec la transmission du flambeau au corps paramilitaire des Eaux et For\u00eats pour la prochaine \u00e9dition pr\u00e9vue en 2025.<\/p>\n<p><strong>Latribunedufaso.net\u00a0<\/strong><\/p>\n<p><strong>Source : Polic<span style=\"font-size: 1.0625rem;\">e Nationale<a href=\"https:\/\/www.latribunedufaso.net\/wp-content\/uploads\/2024\/07\/FB_IMG_1722275831368.jpg\"><img loading=\"lazy\" decoding=\"async\" class=\"size-medium wp-image-15050 alignleft\" src=\"https:\/\/www.latribunedufaso.net\/wp-content\/uploads\/2024\/07\/FB_IMG_1722275831368-300x200.jpg\" alt=\"\" width=\"300\" height=\"200\" srcset=\"https:\/\/www.latribunedufaso.net\/wp-content\/uploads\/2024\/07\/FB_IMG_1722275831368-300x200.jpg 300w, https:\/\/www.latribunedufaso.net\/wp-content\/uploads\/2024\/07\/FB_IMG_1722275831368-120x80.jpg 120w, https:\/\/www.latribunedufaso.net\/wp-content\/uploads\/2024\/07\/FB_IMG_1722275831368-360x240.jpg 360w, https:\/\/www.latribunedufaso.net\/wp-content\/uploads\/2024\/07\/FB_IMG_1722275831368-600x400.jpg 600w, https:\/\/www.latribunedufaso.net\/wp-content\/uploads\/2024\/07\/FB_IMG_1722275831368.jpg 720w\" sizes=\"auto, (max-width: 300px) 100vw, 300px\" \/><\/a><a href=\"https:\/\/www.latribunedufaso.net\/wp-content\/uploads\/2024\/07\/FB_IMG_1722275895533.jpg\"><img loading=\"lazy\" decoding=\"async\" class=\"size-medium wp-image-15047 alignleft\" src=\"https:\/\/www.latribunedufaso.net\/wp-content\/uploads\/2024\/07\/FB_IMG_1722275895533-300x200.jpg\" alt=\"\" width=\"300\" height=\"200\" srcset=\"https:\/\/www.latribunedufaso.net\/wp-content\/uploads\/2024\/07\/FB_IMG_1722275895533-300x200.jpg 300w, https:\/\/www.latribunedufaso.net\/wp-content\/uploads\/2024\/07\/FB_IMG_1722275895533-120x80.jpg 120w, https:\/\/www.latribunedufaso.net\/wp-content\/uploads\/2024\/07\/FB_IMG_1722275895533-360x240.jpg 360w, https:\/\/www.latribunedufaso.net\/wp-content\/uploads\/2024\/07\/FB_IMG_1722275895533-600x400.jpg 600w, https:\/\/www.latribunedufaso.net\/wp-content\/uploads\/2024\/07\/FB_IMG_1722275895533.jpg 720w\" sizes=\"auto, (max-width: 300px) 100vw, 300px\" \/><\/a> <\/span><\/strong><\/p>\n","protected":false},"excerpt":{"rendered":"<p>Le samedi 27 juillet 2024, les Forces de S\u00e9curit\u00e9 Int\u00e9rieure (FSI) du Burkina Faso constitu\u00e9es de la Police Nationale, des Eaux et For\u00eats, des Douanes, de la Garde de S\u00e9curit\u00e9 P\u00e9nitentiaire et de la Police Municipale ont tenu le pari de la 10e \u00e9dition de la journ\u00e9e de reboisement. C\u2019\u00e9tait sur le site de l\u2019Administration P\u00e9nitentiaire \u00e0 Sourgoubila, localit\u00e9 situ\u00e9e dans la r\u00e9gion du Plateau Central.<\/p>\n","protected":false},"author":5,"featured_media":15048,"comment_status":"open","ping_status":"open","sticky":false,"template":"","format":"standard","meta":{"footnotes":""},"categories":[13,1,5],"tags":[],"class_list":["post-15046","post","type-post","status-publish","format-standard","has-post-thumbnail","hentry","category-une","category-actu","category-envir"],"yoast_head":"<!-- This site is optimized with the Yoast SEO plugin v27.5 - https:\/\/yoast.com\/product\/yoast-seo-wordpress\/ -->\n<title>10eme \u00e9dition de la Journ\u00e9e de reboisement : Les forces de s\u00e9curit\u00e9 int\u00e9rieure s\u2019engagent pour un d\u00e9veloppement endog\u00e8ne\u00a0 - La Tribune du Faso<\/title>\n<meta name=\"robots\" content=\"index, follow, max-snippet:-1, max-image-preview:large, max-video-preview:-1\" \/>\n<link rel=\"canonical\" href=\"https:\/\/www.latribunedufaso.net\/?p=15046\" \/>\n<meta property=\"og:locale\" content=\"fr_FR\" \/>\n<meta property=\"og:type\" content=\"article\" \/>\n<meta property=\"og:title\" content=\"10eme \u00e9dition de la Journ\u00e9e de reboisement : Les forces de s\u00e9curit\u00e9 int\u00e9rieure s\u2019engagent pour un d\u00e9veloppement endog\u00e8ne\u00a0 - La Tribune du Faso\" \/>\n<meta property=\"og:description\" content=\"Le samedi 27 juillet 2024, les Forces de S\u00e9curit\u00e9 Int\u00e9rieure (FSI) du Burkina Faso constitu\u00e9es de la Police Nationale, des Eaux et For\u00eats, des Douanes, de la Garde de S\u00e9curit\u00e9 P\u00e9nitentiaire et de la Police Municipale ont tenu le pari de la 10e \u00e9dition de la journ\u00e9e de reboisement. C\u2019\u00e9tait sur le site de l\u2019Administration P\u00e9nitentiaire \u00e0 Sourgoubila, localit\u00e9 situ\u00e9e dans la r\u00e9gion du Plateau Central.\" \/>\n<meta property=\"og:url\" content=\"https:\/\/www.latribunedufaso.net\/?p=15046\" \/>\n<meta property=\"og:site_name\" content=\"La Tribune du Faso\" \/>\n<meta property=\"article:publisher\" content=\"https:\/\/www.facebook.com\/LatribuneduFaso\/\" \/>\n<meta property=\"article:published_time\" content=\"2024-07-29T18:02:43+00:00\" \/>\n<meta property=\"og:image\" content=\"https:\/\/www.latribunedufaso.net\/wp-content\/uploads\/2024\/07\/FB_IMG_1722275861878.jpg\" \/>\n\t<meta property=\"og:image:width\" content=\"720\" \/>\n\t<meta property=\"og:image:height\" content=\"480\" \/>\n\t<meta property=\"og:image:type\" content=\"image\/jpeg\" \/>\n<meta name=\"author\" content=\"Issouf Tapsoba\" \/>\n<meta name=\"twitter:label1\" content=\"\u00c9crit par\" \/>\n\t<meta name=\"twitter:data1\" content=\"Issouf Tapsoba\" \/>\n\t<meta name=\"twitter:label2\" content=\"Dur\u00e9e de lecture estim\u00e9e\" \/>\n\t<meta name=\"twitter:data2\" content=\"2 minutes\" \/>\n<script type=\"application\/ld+json\" class=\"yoast-schema-graph\">{\"@context\":\"https:\\\/\\\/schema.org\",\"@graph\":[{\"@type\":\"Article\",\"@id\":\"https:\\\/\\\/www.latribunedufaso.net\\\/?p=15046#article\",\"isPartOf\":{\"@id\":\"https:\\\/\\\/www.latribunedufaso.net\\\/?p=15046\"},\"author\":{\"name\":\"Issouf Tapsoba\",\"@id\":\"https:\\\/\\\/www.latribunedufaso.net\\\/#\\\/schema\\\/person\\\/e54e64c5778a7e72cf80a318b7a622b0\"},\"headline\":\"10eme \u00e9dition de la Journ\u00e9e de reboisement : Les forces de s\u00e9curit\u00e9 int\u00e9rieure s\u2019engagent pour un d\u00e9veloppement endog\u00e8ne\u00a0\",\"datePublished\":\"2024-07-29T18:02:43+00:00\",\"mainEntityOfPage\":{\"@id\":\"https:\\\/\\\/www.latribunedufaso.net\\\/?p=15046\"},\"wordCount\":457,\"commentCount\":0,\"publisher\":{\"@id\":\"https:\\\/\\\/www.latribunedufaso.net\\\/#organization\"},\"image\":{\"@id\":\"https:\\\/\\\/www.latribunedufaso.net\\\/?p=15046#primaryimage\"},\"thumbnailUrl\":\"https:\\\/\\\/www.latribunedufaso.net\\\/wp-content\\\/uploads\\\/2024\\\/07\\\/FB_IMG_1722275861878.jpg\",\"articleSection\":[\"A la une\",\"Actualit\u00e9\",\"Environnement\"],\"inLanguage\":\"fr-FR\",\"potentialAction\":[{\"@type\":\"CommentAction\",\"name\":\"Comment\",\"target\":[\"https:\\\/\\\/www.latribunedufaso.net\\\/?p=15046#respond\"]}]},{\"@type\":\"WebPage\",\"@id\":\"https:\\\/\\\/www.latribunedufaso.net\\\/?p=15046\",\"url\":\"https:\\\/\\\/www.latribunedufaso.net\\\/?p=15046\",\"name\":\"10eme \u00e9dition de la Journ\u00e9e de reboisement : Les forces de s\u00e9curit\u00e9 int\u00e9rieure s\u2019engagent pour un d\u00e9veloppement endog\u00e8ne\u00a0 - La Tribune du Faso\",\"isPartOf\":{\"@id\":\"https:\\\/\\\/www.latribunedufaso.net\\\/#website\"},\"primaryImageOfPage\":{\"@id\":\"https:\\\/\\\/www.latribunedufaso.net\\\/?p=15046#primaryimage\"},\"image\":{\"@id\":\"https:\\\/\\\/www.latribunedufaso.net\\\/?p=15046#primaryimage\"},\"thumbnailUrl\":\"https:\\\/\\\/www.latribunedufaso.net\\\/wp-content\\\/uploads\\\/2024\\\/07\\\/FB_IMG_1722275861878.jpg\",\"datePublished\":\"2024-07-29T18:02:43+00:00\",\"breadcrumb\":{\"@id\":\"https:\\\/\\\/www.latribunedufaso.net\\\/?p=15046#breadcrumb\"},\"inLanguage\":\"fr-FR\",\"potentialAction\":[{\"@type\":\"ReadAction\",\"target\":[\"https:\\\/\\\/www.latribunedufaso.net\\\/?p=15046\"]}]},{\"@type\":\"ImageObject\",\"inLanguage\":\"fr-FR\",\"@id\":\"https:\\\/\\\/www.latribunedufaso.net\\\/?p=15046#primaryimage\",\"url\":\"https:\\\/\\\/www.latribunedufaso.net\\\/wp-content\\\/uploads\\\/2024\\\/07\\\/FB_IMG_1722275861878.jpg\",\"contentUrl\":\"https:\\\/\\\/www.latribunedufaso.net\\\/wp-content\\\/uploads\\\/2024\\\/07\\\/FB_IMG_1722275861878.jpg\",\"width\":720,\"height\":480},{\"@type\":\"BreadcrumbList\",\"@id\":\"https:\\\/\\\/www.latribunedufaso.net\\\/?p=15046#breadcrumb\",\"itemListElement\":[{\"@type\":\"ListItem\",\"position\":1,\"name\":\"Accueil\",\"item\":\"https:\\\/\\\/www.latribunedufaso.net\\\/\"},{\"@type\":\"ListItem\",\"position\":2,\"name\":\"10eme \u00e9dition de la Journ\u00e9e de reboisement : Les forces de s\u00e9curit\u00e9 int\u00e9rieure s\u2019engagent pour un d\u00e9veloppement endog\u00e8ne\u00a0\"}]},{\"@type\":\"WebSite\",\"@id\":\"https:\\\/\\\/www.latribunedufaso.net\\\/#website\",\"url\":\"https:\\\/\\\/www.latribunedufaso.net\\\/\",\"name\":\"La Tribune du Faso\",\"description\":\"L&#039;information du monde rural en un clic\",\"publisher\":{\"@id\":\"https:\\\/\\\/www.latribunedufaso.net\\\/#organization\"},\"potentialAction\":[{\"@type\":\"SearchAction\",\"target\":{\"@type\":\"EntryPoint\",\"urlTemplate\":\"https:\\\/\\\/www.latribunedufaso.net\\\/?s={search_term_string}\"},\"query-input\":{\"@type\":\"PropertyValueSpecification\",\"valueRequired\":true,\"valueName\":\"search_term_string\"}}],\"inLanguage\":\"fr-FR\"},{\"@type\":\"Organization\",\"@id\":\"https:\\\/\\\/www.latribunedufaso.net\\\/#organization\",\"name\":\"La Tribune du Faso\",\"url\":\"https:\\\/\\\/www.latribunedufaso.net\\\/\",\"logo\":{\"@type\":\"ImageObject\",\"inLanguage\":\"fr-FR\",\"@id\":\"https:\\\/\\\/www.latribunedufaso.net\\\/#\\\/schema\\\/logo\\\/image\\\/\",\"url\":\"https:\\\/\\\/www.latribunedufaso.net\\\/wp-content\\\/uploads\\\/2020\\\/08\\\/Logo-Tribune-du-Faso-final-scaled.jpg\",\"contentUrl\":\"https:\\\/\\\/www.latribunedufaso.net\\\/wp-content\\\/uploads\\\/2020\\\/08\\\/Logo-Tribune-du-Faso-final-scaled.jpg\",\"width\":2560,\"height\":1856,\"caption\":\"La Tribune du Faso\"},\"image\":{\"@id\":\"https:\\\/\\\/www.latribunedufaso.net\\\/#\\\/schema\\\/logo\\\/image\\\/\"},\"sameAs\":[\"https:\\\/\\\/www.facebook.com\\\/LatribuneduFaso\\\/\"]},{\"@type\":\"Person\",\"@id\":\"https:\\\/\\\/www.latribunedufaso.net\\\/#\\\/schema\\\/person\\\/e54e64c5778a7e72cf80a318b7a622b0\",\"name\":\"Issouf Tapsoba\",\"image\":{\"@type\":\"ImageObject\",\"inLanguage\":\"fr-FR\",\"@id\":\"https:\\\/\\\/secure.gravatar.com\\\/avatar\\\/5e6c05150ce3230247d167f5b94d678eb05936197436d69b7921e3a95c9107ac?s=96&d=mm&r=g\",\"url\":\"https:\\\/\\\/secure.gravatar.com\\\/avatar\\\/5e6c05150ce3230247d167f5b94d678eb05936197436d69b7921e3a95c9107ac?s=96&d=mm&r=g\",\"contentUrl\":\"https:\\\/\\\/secure.gravatar.com\\\/avatar\\\/5e6c05150ce3230247d167f5b94d678eb05936197436d69b7921e3a95c9107ac?s=96&d=mm&r=g\",\"caption\":\"Issouf Tapsoba\"},\"url\":\"https:\\\/\\\/www.latribunedufaso.net\\\/?author=5\"}]}<\/script>\n<!-- \/ Yoast SEO plugin. -->","yoast_head_json":{"title":"10eme \u00e9dition de la Journ\u00e9e de reboisement : Les forces de s\u00e9curit\u00e9 int\u00e9rieure s\u2019engagent pour un d\u00e9veloppement endog\u00e8ne\u00a0 - La Tribune du Faso","robots":{"index":"index","follow":"follow","max-snippet":"max-snippet:-1","max-image-preview":"max-image-preview:large","max-video-preview":"max-video-preview:-1"},"canonical":"https:\/\/www.latribunedufaso.net\/?p=15046","og_locale":"fr_FR","og_type":"article","og_title":"10eme \u00e9dition de la Journ\u00e9e de reboisement : Les forces de s\u00e9curit\u00e9 int\u00e9rieure s\u2019engagent pour un d\u00e9veloppement endog\u00e8ne\u00a0 - La Tribune du Faso","og_description":"Le samedi 27 juillet 2024, les Forces de S\u00e9curit\u00e9 Int\u00e9rieure (FSI) du Burkina Faso constitu\u00e9es de la Police Nationale, des Eaux et For\u00eats, des Douanes, de la Garde de S\u00e9curit\u00e9 P\u00e9nitentiaire et de la Police Municipale ont tenu le pari de la 10e \u00e9dition de la journ\u00e9e de reboisement. C\u2019\u00e9tait sur le site de l\u2019Administration P\u00e9nitentiaire \u00e0 Sourgoubila, localit\u00e9 situ\u00e9e dans la r\u00e9gion du Plateau Central.","og_url":"https:\/\/www.latribunedufaso.net\/?p=15046","og_site_name":"La Tribune du Faso","article_publisher":"https:\/\/www.facebook.com\/LatribuneduFaso\/","article_published_time":"2024-07-29T18:02:43+00:00","og_image":[{"width":720,"height":480,"url":"https:\/\/www.latribunedufaso.net\/wp-content\/uploads\/2024\/07\/FB_IMG_1722275861878.jpg","type":"image\/jpeg"}],"author":"Issouf Tapsoba","twitter_misc":{"\u00c9crit par":"Issouf Tapsoba","Dur\u00e9e de lecture estim\u00e9e":"2 minutes"},"schema":{"@context":"https:\/\/schema.org","@graph":[{"@type":"Article","@id":"https:\/\/www.latribunedufaso.net\/?p=15046#article","isPartOf":{"@id":"https:\/\/www.latribunedufaso.net\/?p=15046"},"author":{"name":"Issouf Tapsoba","@id":"https:\/\/www.latribunedufaso.net\/#\/schema\/person\/e54e64c5778a7e72cf80a318b7a622b0"},"headline":"10eme \u00e9dition de la Journ\u00e9e de reboisement : Les forces de s\u00e9curit\u00e9 int\u00e9rieure s\u2019engagent pour un d\u00e9veloppement endog\u00e8ne\u00a0","datePublished":"2024-07-29T18:02:43+00:00","mainEntityOfPage":{"@id":"https:\/\/www.latribunedufaso.net\/?p=15046"},"wordCount":457,"commentCount":0,"publisher":{"@id":"https:\/\/www.latribunedufaso.net\/#organization"},"image":{"@id":"https:\/\/www.latribunedufaso.net\/?p=15046#primaryimage"},"thumbnailUrl":"https:\/\/www.latribunedufaso.net\/wp-content\/uploads\/2024\/07\/FB_IMG_1722275861878.jpg","articleSection":["A la une","Actualit\u00e9","Environnement"],"inLanguage":"fr-FR","potentialAction":[{"@type":"CommentAction","name":"Comment","target":["https:\/\/www.latribunedufaso.net\/?p=15046#respond"]}]},{"@type":"WebPage","@id":"https:\/\/www.latribunedufaso.net\/?p=15046","url":"https:\/\/www.latribunedufaso.net\/?p=15046","name":"10eme \u00e9dition de la Journ\u00e9e de reboisement : Les forces de s\u00e9curit\u00e9 int\u00e9rieure s\u2019engagent pour un d\u00e9veloppement endog\u00e8ne\u00a0 - La Tribune du Faso","isPartOf":{"@id":"https:\/\/www.latribunedufaso.net\/#website"},"primaryImageOfPage":{"@id":"https:\/\/www.latribunedufaso.net\/?p=15046#primaryimage"},"image":{"@id":"https:\/\/www.latribunedufaso.net\/?p=15046#primaryimage"},"thumbnailUrl":"https:\/\/www.latribunedufaso.net\/wp-content\/uploads\/2024\/07\/FB_IMG_1722275861878.jpg","datePublished":"2024-07-29T18:02:43+00:00","breadcrumb":{"@id":"https:\/\/www.latribunedufaso.net\/?p=15046#breadcrumb"},"inLanguage":"fr-FR","potentialAction":[{"@type":"ReadAction","target":["https:\/\/www.latribunedufaso.net\/?p=15046"]}]},{"@type":"ImageObject","inLanguage":"fr-FR","@id":"https:\/\/www.latribunedufaso.net\/?p=15046#primaryimage","url":"https:\/\/www.latribunedufaso.net\/wp-content\/uploads\/2024\/07\/FB_IMG_1722275861878.jpg","contentUrl":"https:\/\/www.latribunedufaso.net\/wp-content\/uploads\/2024\/07\/FB_IMG_1722275861878.jpg","width":720,"height":480},{"@type":"BreadcrumbList","@id":"https:\/\/www.latribunedufaso.net\/?p=15046#breadcrumb","itemListElement":[{"@type":"ListItem","position":1,"name":"Accueil","item":"https:\/\/www.latribunedufaso.net\/"},{"@type":"ListItem","position":2,"name":"10eme \u00e9dition de la Journ\u00e9e de reboisement : Les forces de s\u00e9curit\u00e9 int\u00e9rieure s\u2019engagent pour un d\u00e9veloppement endog\u00e8ne\u00a0"}]},{"@type":"WebSite","@id":"https:\/\/www.latribunedufaso.net\/#website","url":"https:\/\/www.latribunedufaso.net\/","name":"La Tribune du Faso","description":"L&#039;information du monde rural en un clic","publisher":{"@id":"https:\/\/www.latribunedufaso.net\/#organization"},"potentialAction":[{"@type":"SearchAction","target":{"@type":"EntryPoint","urlTemplate":"https:\/\/www.latribunedufaso.net\/?s={search_term_string}"},"query-input":{"@type":"PropertyValueSpecification","valueRequired":true,"valueName":"search_term_string"}}],"inLanguage":"fr-FR"},{"@type":"Organization","@id":"https:\/\/www.latribunedufaso.net\/#organization","name":"La Tribune du Faso","url":"https:\/\/www.latribunedufaso.net\/","logo":{"@type":"ImageObject","inLanguage":"fr-FR","@id":"https:\/\/www.latribunedufaso.net\/#\/schema\/logo\/image\/","url":"https:\/\/www.latribunedufaso.net\/wp-content\/uploads\/2020\/08\/Logo-Tribune-du-Faso-final-scaled.jpg","contentUrl":"https:\/\/www.latribunedufaso.net\/wp-content\/uploads\/2020\/08\/Logo-Tribune-du-Faso-final-scaled.jpg","width":2560,"height":1856,"caption":"La Tribune du Faso"},"image":{"@id":"https:\/\/www.latribunedufaso.net\/#\/schema\/logo\/image\/"},"sameAs":["https:\/\/www.facebook.com\/LatribuneduFaso\/"]},{"@type":"Person","@id":"https:\/\/www.latribunedufaso.net\/#\/schema\/person\/e54e64c5778a7e72cf80a318b7a622b0","name":"Issouf Tapsoba","image":{"@type":"ImageObject","inLanguage":"fr-FR","@id":"https:\/\/secure.gravatar.com\/avatar\/5e6c05150ce3230247d167f5b94d678eb05936197436d69b7921e3a95c9107ac?s=96&d=mm&r=g","url":"https:\/\/secure.gravatar.com\/avatar\/5e6c05150ce3230247d167f5b94d678eb05936197436d69b7921e3a95c9107ac?s=96&d=mm&r=g","contentUrl":"https:\/\/secure.gravatar.com\/avatar\/5e6c05150ce3230247d167f5b94d678eb05936197436d69b7921e3a95c9107ac?s=96&d=mm&r=g","caption":"Issouf Tapsoba"},"url":"https:\/\/www.latribunedufaso.net\/?author=5"}]}},"_links":{"self":[{"href":"https:\/\/www.latribunedufaso.net\/index.php?rest_route=\/wp\/v2\/posts\/15046","targetHints":{"allow":["GET"]}}],"collection":[{"href":"https:\/\/www.latribunedufaso.net\/index.php?rest_route=\/wp\/v2\/posts"}],"about":[{"href":"https:\/\/www.latribunedufaso.net\/index.php?rest_route=\/wp\/v2\/types\/post"}],"author":[{"embeddable":true,"href":"https:\/\/www.latribunedufaso.net\/index.php?rest_route=\/wp\/v2\/users\/5"}],"replies":[{"embeddable":true,"href":"https:\/\/www.latribunedufaso.net\/index.php?rest_route=%2Fwp%2Fv2%2Fcomments&post=15046"}],"version-history":[{"count":1,"href":"https:\/\/www.latribunedufaso.net\/index.php?rest_route=\/wp\/v2\/posts\/15046\/revisions"}],"predecessor-version":[{"id":15054,"href":"https:\/\/www.latribunedufaso.net\/index.php?rest_route=\/wp\/v2\/posts\/15046\/revisions\/15054"}],"wp:featuredmedia":[{"embeddable":true,"href":"https:\/\/www.latribunedufaso.net\/index.php?rest_route=\/wp\/v2\/media\/15048"}],"wp:attachment":[{"href":"https:\/\/www.latribunedufaso.net\/index.php?rest_route=%2Fwp%2Fv2%2Fmedia&parent=15046"}],"wp:term":[{"taxonomy":"category","embeddable":true,"href":"https:\/\/www.latribunedufaso.net\/index.php?rest_route=%2Fwp%2Fv2%2Fcategories&post=15046"},{"taxonomy":"post_tag","embeddable":true,"href":"https:\/\/www.latribunedufaso.net\/index.php?rest_route=%2Fwp%2Fv2%2Ftags&post=15046"}],"curies":[{"name":"wp","href":"https:\/\/api.w.org\/{rel}","templated":true}]}}