{"id":14962,"date":"2024-07-24T11:04:21","date_gmt":"2024-07-24T11:04:21","guid":{"rendered":"https:\/\/www.latribunedufaso.net\/?p=14962"},"modified":"2024-07-24T11:04:21","modified_gmt":"2024-07-24T11:04:21","slug":"digitalisation-des-services-de-sante-les-ministres-en-charge-de-la-sante-et-de-la-transition-digitale-en-concertation","status":"publish","type":"post","link":"https:\/\/www.latribunedufaso.net\/?p=14962","title":{"rendered":"Digitalisation des services de sant\u00e9 : Les ministres en charge de la Sant\u00e9 et de la Transition digitale en concertation\u00a0"},"content":{"rendered":"<p><strong><span style=\"font-size: 1.0625rem;\">Le mardi 23 juillet 2024 \u00e0 Ouagadougou, le ministre de la Sant\u00e9 et de l\u2019Hygi\u00e8ne publique, Dr Robert Kargougou a eu une s\u00e9ance de travail avec la ministre de la Transition digitale, des Postes et des Communications \u00e9lectroniques, Dr Aminata Zerbo\/Saban\u00e9, sur la digitalisation du syst\u00e8me de sant\u00e9 au Burkina Faso.\u00a0<\/span><\/strong><!--more--><\/p>\n<p>Cette concertation interminist\u00e9rielle a \u00e9t\u00e9 l\u2019occasion pour les deux ministres d\u2019examiner les priorit\u00e9s de d\u00e9mat\u00e9rialisation au niveau de la sant\u00e9 et aussi d\u2019examiner les d\u00e9fis afin d\u2019avoir une feuille de route sur laquelle tous les acteurs vont s\u2019engager pour pouvoir atteindre les objectifs.<\/p>\n<p>En effet, \u00e0 \u00e9couter la ministre Dr Aminata Zerbo\/Saban\u00e9, cette rencontre s\u2019inscrit dans le cadre de l\u2019acc\u00e9l\u00e9ration de la d\u00e9mat\u00e9rialisation des proc\u00e9dures et services de l\u2019administration afin de les rendre plus performants et productifs. Cette d\u00e9mat\u00e9rialisation va pouvoir, selon elle, rapprocher les populations de l\u2019administration et de les soulager dans leurs d\u00e9marches administratives.<\/p>\n<p><a href=\"https:\/\/www.latribunedufaso.net\/wp-content\/uploads\/2024\/07\/FB_IMG_1721818859986.jpg\"><img loading=\"lazy\" decoding=\"async\" class=\"size-medium wp-image-14964 alignleft\" src=\"https:\/\/www.latribunedufaso.net\/wp-content\/uploads\/2024\/07\/FB_IMG_1721818859986-300x200.jpg\" alt=\"\" width=\"300\" height=\"200\" srcset=\"https:\/\/www.latribunedufaso.net\/wp-content\/uploads\/2024\/07\/FB_IMG_1721818859986-300x200.jpg 300w, https:\/\/www.latribunedufaso.net\/wp-content\/uploads\/2024\/07\/FB_IMG_1721818859986-120x80.jpg 120w, https:\/\/www.latribunedufaso.net\/wp-content\/uploads\/2024\/07\/FB_IMG_1721818859986-360x240.jpg 360w, https:\/\/www.latribunedufaso.net\/wp-content\/uploads\/2024\/07\/FB_IMG_1721818859986-600x400.jpg 600w, https:\/\/www.latribunedufaso.net\/wp-content\/uploads\/2024\/07\/FB_IMG_1721818859986.jpg 720w\" sizes=\"auto, (max-width: 300px) 100vw, 300px\" \/><\/a>Pour le premier responsable du d\u00e9partement de la Sant\u00e9, Dr Robert Kargougou, il y a un besoin r\u00e9el de renforcer la d\u00e9mat\u00e9rialisation des proc\u00e9dures administratives du syst\u00e8me de sant\u00e9. Il a \u00e9galement pr\u00e9cis\u00e9 que c\u2019est une gageure que sa coll\u00e8gue en charge de la Transition digitale est venue s\u2019impr\u00e9gner du niveau de d\u00e9mat\u00e9rialisation du syst\u00e8me de sant\u00e9.<\/p>\n<p><a href=\"https:\/\/www.latribunedufaso.net\/wp-content\/uploads\/2024\/07\/FB_IMG_1721818856038.jpg\"><img loading=\"lazy\" decoding=\"async\" class=\"size-medium wp-image-14965 alignleft\" src=\"https:\/\/www.latribunedufaso.net\/wp-content\/uploads\/2024\/07\/FB_IMG_1721818856038-300x200.jpg\" alt=\"\" width=\"300\" height=\"200\" srcset=\"https:\/\/www.latribunedufaso.net\/wp-content\/uploads\/2024\/07\/FB_IMG_1721818856038-300x200.jpg 300w, https:\/\/www.latribunedufaso.net\/wp-content\/uploads\/2024\/07\/FB_IMG_1721818856038-120x80.jpg 120w, https:\/\/www.latribunedufaso.net\/wp-content\/uploads\/2024\/07\/FB_IMG_1721818856038-360x240.jpg 360w, https:\/\/www.latribunedufaso.net\/wp-content\/uploads\/2024\/07\/FB_IMG_1721818856038-600x400.jpg 600w, https:\/\/www.latribunedufaso.net\/wp-content\/uploads\/2024\/07\/FB_IMG_1721818856038.jpg 720w\" sizes=\"auto, (max-width: 300px) 100vw, 300px\" \/><\/a>A l&rsquo;issue de cette Rencontre, Dr Aminata Zerbo\/Sabane a indiqu\u00e9 que cette s\u00e9ance de travail, \u00ab tr\u00e8s fructueuse \u00bb avec l\u2019\u00e9quipe de la Sant\u00e9, a permis de conna\u00eetre les diff\u00e9rents projets de d\u00e9mat\u00e9rialisation au minist\u00e8re de la Sant\u00e9 et de l\u2019Hygi\u00e8ne publique.<\/p>\n<p><strong>Latribunedufaso.net<\/strong><\/p>\n<p><strong>Source : DCRP<span style=\"font-size: 1.0625rem;\">-MSHP\u00a0<\/span><\/strong><\/p>\n","protected":false},"excerpt":{"rendered":"<p>Le mardi 23 juillet 2024 \u00e0 Ouagadougou, le ministre de la Sant\u00e9 et de l\u2019Hygi\u00e8ne publique, Dr Robert Kargougou a eu une s\u00e9ance de travail avec la ministre de la Transition digitale, des Postes et des Communications \u00e9lectroniques, Dr Aminata Zerbo\/Saban\u00e9, sur la digitalisation du syst\u00e8me de sant\u00e9 au Burkina Faso.\u00a0<\/p>\n","protected":false},"author":5,"featured_media":14963,"comment_status":"open","ping_status":"open","sticky":false,"template":"","format":"standard","meta":{"footnotes":""},"categories":[13,1,7],"tags":[],"class_list":["post-14962","post","type-post","status-publish","format-standard","has-post-thumbnail","hentry","category-une","category-actu","category-sante"],"yoast_head":"<!-- This site is optimized with the Yoast SEO plugin v27.5 - https:\/\/yoast.com\/product\/yoast-seo-wordpress\/ -->\n<title>Digitalisation des services de sant\u00e9 : Les ministres en charge de la Sant\u00e9 et de la Transition digitale en concertation\u00a0 - La Tribune du Faso<\/title>\n<meta name=\"robots\" content=\"index, follow, max-snippet:-1, max-image-preview:large, max-video-preview:-1\" \/>\n<link rel=\"canonical\" href=\"https:\/\/www.latribunedufaso.net\/?p=14962\" \/>\n<meta property=\"og:locale\" content=\"fr_FR\" \/>\n<meta property=\"og:type\" content=\"article\" \/>\n<meta property=\"og:title\" content=\"Digitalisation des services de sant\u00e9 : Les ministres en charge de la Sant\u00e9 et de la Transition digitale en concertation\u00a0 - La Tribune du Faso\" \/>\n<meta property=\"og:description\" content=\"Le mardi 23 juillet 2024 \u00e0 Ouagadougou, le ministre de la Sant\u00e9 et de l\u2019Hygi\u00e8ne publique, Dr Robert Kargougou a eu une s\u00e9ance de travail avec la ministre de la Transition digitale, des Postes et des Communications \u00e9lectroniques, Dr Aminata Zerbo\/Saban\u00e9, sur la digitalisation du syst\u00e8me de sant\u00e9 au Burkina Faso.\u00a0\" \/>\n<meta property=\"og:url\" content=\"https:\/\/www.latribunedufaso.net\/?p=14962\" \/>\n<meta property=\"og:site_name\" content=\"La Tribune du Faso\" \/>\n<meta property=\"article:publisher\" content=\"https:\/\/www.facebook.com\/LatribuneduFaso\/\" \/>\n<meta property=\"article:published_time\" content=\"2024-07-24T11:04:21+00:00\" \/>\n<meta property=\"og:image\" content=\"https:\/\/www.latribunedufaso.net\/wp-content\/uploads\/2024\/07\/FB_IMG_1721818867280.jpg\" \/>\n\t<meta property=\"og:image:width\" content=\"720\" \/>\n\t<meta property=\"og:image:height\" content=\"480\" \/>\n\t<meta property=\"og:image:type\" content=\"image\/jpeg\" \/>\n<meta name=\"author\" content=\"Issouf Tapsoba\" \/>\n<meta name=\"twitter:label1\" content=\"\u00c9crit par\" \/>\n\t<meta name=\"twitter:data1\" content=\"Issouf Tapsoba\" \/>\n\t<meta name=\"twitter:label2\" content=\"Dur\u00e9e de lecture estim\u00e9e\" \/>\n\t<meta name=\"twitter:data2\" content=\"1 minute\" \/>\n<script type=\"application\/ld+json\" class=\"yoast-schema-graph\">{\"@context\":\"https:\\\/\\\/schema.org\",\"@graph\":[{\"@type\":\"Article\",\"@id\":\"https:\\\/\\\/www.latribunedufaso.net\\\/?p=14962#article\",\"isPartOf\":{\"@id\":\"https:\\\/\\\/www.latribunedufaso.net\\\/?p=14962\"},\"author\":{\"name\":\"Issouf Tapsoba\",\"@id\":\"https:\\\/\\\/www.latribunedufaso.net\\\/#\\\/schema\\\/person\\\/e54e64c5778a7e72cf80a318b7a622b0\"},\"headline\":\"Digitalisation des services de sant\u00e9 : Les ministres en charge de la Sant\u00e9 et de la Transition digitale en concertation\u00a0\",\"datePublished\":\"2024-07-24T11:04:21+00:00\",\"mainEntityOfPage\":{\"@id\":\"https:\\\/\\\/www.latribunedufaso.net\\\/?p=14962\"},\"wordCount\":317,\"commentCount\":0,\"publisher\":{\"@id\":\"https:\\\/\\\/www.latribunedufaso.net\\\/#organization\"},\"image\":{\"@id\":\"https:\\\/\\\/www.latribunedufaso.net\\\/?p=14962#primaryimage\"},\"thumbnailUrl\":\"https:\\\/\\\/www.latribunedufaso.net\\\/wp-content\\\/uploads\\\/2024\\\/07\\\/FB_IMG_1721818867280.jpg\",\"articleSection\":[\"A la une\",\"Actualit\u00e9\",\"Sant\u00e9\"],\"inLanguage\":\"fr-FR\",\"potentialAction\":[{\"@type\":\"CommentAction\",\"name\":\"Comment\",\"target\":[\"https:\\\/\\\/www.latribunedufaso.net\\\/?p=14962#respond\"]}]},{\"@type\":\"WebPage\",\"@id\":\"https:\\\/\\\/www.latribunedufaso.net\\\/?p=14962\",\"url\":\"https:\\\/\\\/www.latribunedufaso.net\\\/?p=14962\",\"name\":\"Digitalisation des services de sant\u00e9 : Les ministres en charge de la Sant\u00e9 et de la Transition digitale en concertation\u00a0 - La Tribune du Faso\",\"isPartOf\":{\"@id\":\"https:\\\/\\\/www.latribunedufaso.net\\\/#website\"},\"primaryImageOfPage\":{\"@id\":\"https:\\\/\\\/www.latribunedufaso.net\\\/?p=14962#primaryimage\"},\"image\":{\"@id\":\"https:\\\/\\\/www.latribunedufaso.net\\\/?p=14962#primaryimage\"},\"thumbnailUrl\":\"https:\\\/\\\/www.latribunedufaso.net\\\/wp-content\\\/uploads\\\/2024\\\/07\\\/FB_IMG_1721818867280.jpg\",\"datePublished\":\"2024-07-24T11:04:21+00:00\",\"breadcrumb\":{\"@id\":\"https:\\\/\\\/www.latribunedufaso.net\\\/?p=14962#breadcrumb\"},\"inLanguage\":\"fr-FR\",\"potentialAction\":[{\"@type\":\"ReadAction\",\"target\":[\"https:\\\/\\\/www.latribunedufaso.net\\\/?p=14962\"]}]},{\"@type\":\"ImageObject\",\"inLanguage\":\"fr-FR\",\"@id\":\"https:\\\/\\\/www.latribunedufaso.net\\\/?p=14962#primaryimage\",\"url\":\"https:\\\/\\\/www.latribunedufaso.net\\\/wp-content\\\/uploads\\\/2024\\\/07\\\/FB_IMG_1721818867280.jpg\",\"contentUrl\":\"https:\\\/\\\/www.latribunedufaso.net\\\/wp-content\\\/uploads\\\/2024\\\/07\\\/FB_IMG_1721818867280.jpg\",\"width\":720,\"height\":480},{\"@type\":\"BreadcrumbList\",\"@id\":\"https:\\\/\\\/www.latribunedufaso.net\\\/?p=14962#breadcrumb\",\"itemListElement\":[{\"@type\":\"ListItem\",\"position\":1,\"name\":\"Accueil\",\"item\":\"https:\\\/\\\/www.latribunedufaso.net\\\/\"},{\"@type\":\"ListItem\",\"position\":2,\"name\":\"Digitalisation des services de sant\u00e9 : Les ministres en charge de la Sant\u00e9 et de la Transition digitale en concertation\u00a0\"}]},{\"@type\":\"WebSite\",\"@id\":\"https:\\\/\\\/www.latribunedufaso.net\\\/#website\",\"url\":\"https:\\\/\\\/www.latribunedufaso.net\\\/\",\"name\":\"La Tribune du Faso\",\"description\":\"L&#039;information du monde rural en un clic\",\"publisher\":{\"@id\":\"https:\\\/\\\/www.latribunedufaso.net\\\/#organization\"},\"potentialAction\":[{\"@type\":\"SearchAction\",\"target\":{\"@type\":\"EntryPoint\",\"urlTemplate\":\"https:\\\/\\\/www.latribunedufaso.net\\\/?s={search_term_string}\"},\"query-input\":{\"@type\":\"PropertyValueSpecification\",\"valueRequired\":true,\"valueName\":\"search_term_string\"}}],\"inLanguage\":\"fr-FR\"},{\"@type\":\"Organization\",\"@id\":\"https:\\\/\\\/www.latribunedufaso.net\\\/#organization\",\"name\":\"La Tribune du Faso\",\"url\":\"https:\\\/\\\/www.latribunedufaso.net\\\/\",\"logo\":{\"@type\":\"ImageObject\",\"inLanguage\":\"fr-FR\",\"@id\":\"https:\\\/\\\/www.latribunedufaso.net\\\/#\\\/schema\\\/logo\\\/image\\\/\",\"url\":\"https:\\\/\\\/www.latribunedufaso.net\\\/wp-content\\\/uploads\\\/2020\\\/08\\\/Logo-Tribune-du-Faso-final-scaled.jpg\",\"contentUrl\":\"https:\\\/\\\/www.latribunedufaso.net\\\/wp-content\\\/uploads\\\/2020\\\/08\\\/Logo-Tribune-du-Faso-final-scaled.jpg\",\"width\":2560,\"height\":1856,\"caption\":\"La Tribune du Faso\"},\"image\":{\"@id\":\"https:\\\/\\\/www.latribunedufaso.net\\\/#\\\/schema\\\/logo\\\/image\\\/\"},\"sameAs\":[\"https:\\\/\\\/www.facebook.com\\\/LatribuneduFaso\\\/\"]},{\"@type\":\"Person\",\"@id\":\"https:\\\/\\\/www.latribunedufaso.net\\\/#\\\/schema\\\/person\\\/e54e64c5778a7e72cf80a318b7a622b0\",\"name\":\"Issouf Tapsoba\",\"image\":{\"@type\":\"ImageObject\",\"inLanguage\":\"fr-FR\",\"@id\":\"https:\\\/\\\/secure.gravatar.com\\\/avatar\\\/5e6c05150ce3230247d167f5b94d678eb05936197436d69b7921e3a95c9107ac?s=96&d=mm&r=g\",\"url\":\"https:\\\/\\\/secure.gravatar.com\\\/avatar\\\/5e6c05150ce3230247d167f5b94d678eb05936197436d69b7921e3a95c9107ac?s=96&d=mm&r=g\",\"contentUrl\":\"https:\\\/\\\/secure.gravatar.com\\\/avatar\\\/5e6c05150ce3230247d167f5b94d678eb05936197436d69b7921e3a95c9107ac?s=96&d=mm&r=g\",\"caption\":\"Issouf Tapsoba\"},\"url\":\"https:\\\/\\\/www.latribunedufaso.net\\\/?author=5\"}]}<\/script>\n<!-- \/ Yoast SEO plugin. -->","yoast_head_json":{"title":"Digitalisation des services de sant\u00e9 : Les ministres en charge de la Sant\u00e9 et de la Transition digitale en concertation\u00a0 - La Tribune du Faso","robots":{"index":"index","follow":"follow","max-snippet":"max-snippet:-1","max-image-preview":"max-image-preview:large","max-video-preview":"max-video-preview:-1"},"canonical":"https:\/\/www.latribunedufaso.net\/?p=14962","og_locale":"fr_FR","og_type":"article","og_title":"Digitalisation des services de sant\u00e9 : Les ministres en charge de la Sant\u00e9 et de la Transition digitale en concertation\u00a0 - La Tribune du Faso","og_description":"Le mardi 23 juillet 2024 \u00e0 Ouagadougou, le ministre de la Sant\u00e9 et de l\u2019Hygi\u00e8ne publique, Dr Robert Kargougou a eu une s\u00e9ance de travail avec la ministre de la Transition digitale, des Postes et des Communications \u00e9lectroniques, Dr Aminata Zerbo\/Saban\u00e9, sur la digitalisation du syst\u00e8me de sant\u00e9 au Burkina Faso.\u00a0","og_url":"https:\/\/www.latribunedufaso.net\/?p=14962","og_site_name":"La Tribune du Faso","article_publisher":"https:\/\/www.facebook.com\/LatribuneduFaso\/","article_published_time":"2024-07-24T11:04:21+00:00","og_image":[{"width":720,"height":480,"url":"https:\/\/www.latribunedufaso.net\/wp-content\/uploads\/2024\/07\/FB_IMG_1721818867280.jpg","type":"image\/jpeg"}],"author":"Issouf Tapsoba","twitter_misc":{"\u00c9crit par":"Issouf Tapsoba","Dur\u00e9e de lecture estim\u00e9e":"1 minute"},"schema":{"@context":"https:\/\/schema.org","@graph":[{"@type":"Article","@id":"https:\/\/www.latribunedufaso.net\/?p=14962#article","isPartOf":{"@id":"https:\/\/www.latribunedufaso.net\/?p=14962"},"author":{"name":"Issouf Tapsoba","@id":"https:\/\/www.latribunedufaso.net\/#\/schema\/person\/e54e64c5778a7e72cf80a318b7a622b0"},"headline":"Digitalisation des services de sant\u00e9 : Les ministres en charge de la Sant\u00e9 et de la Transition digitale en concertation\u00a0","datePublished":"2024-07-24T11:04:21+00:00","mainEntityOfPage":{"@id":"https:\/\/www.latribunedufaso.net\/?p=14962"},"wordCount":317,"commentCount":0,"publisher":{"@id":"https:\/\/www.latribunedufaso.net\/#organization"},"image":{"@id":"https:\/\/www.latribunedufaso.net\/?p=14962#primaryimage"},"thumbnailUrl":"https:\/\/www.latribunedufaso.net\/wp-content\/uploads\/2024\/07\/FB_IMG_1721818867280.jpg","articleSection":["A la une","Actualit\u00e9","Sant\u00e9"],"inLanguage":"fr-FR","potentialAction":[{"@type":"CommentAction","name":"Comment","target":["https:\/\/www.latribunedufaso.net\/?p=14962#respond"]}]},{"@type":"WebPage","@id":"https:\/\/www.latribunedufaso.net\/?p=14962","url":"https:\/\/www.latribunedufaso.net\/?p=14962","name":"Digitalisation des services de sant\u00e9 : Les ministres en charge de la Sant\u00e9 et de la Transition digitale en concertation\u00a0 - La Tribune du Faso","isPartOf":{"@id":"https:\/\/www.latribunedufaso.net\/#website"},"primaryImageOfPage":{"@id":"https:\/\/www.latribunedufaso.net\/?p=14962#primaryimage"},"image":{"@id":"https:\/\/www.latribunedufaso.net\/?p=14962#primaryimage"},"thumbnailUrl":"https:\/\/www.latribunedufaso.net\/wp-content\/uploads\/2024\/07\/FB_IMG_1721818867280.jpg","datePublished":"2024-07-24T11:04:21+00:00","breadcrumb":{"@id":"https:\/\/www.latribunedufaso.net\/?p=14962#breadcrumb"},"inLanguage":"fr-FR","potentialAction":[{"@type":"ReadAction","target":["https:\/\/www.latribunedufaso.net\/?p=14962"]}]},{"@type":"ImageObject","inLanguage":"fr-FR","@id":"https:\/\/www.latribunedufaso.net\/?p=14962#primaryimage","url":"https:\/\/www.latribunedufaso.net\/wp-content\/uploads\/2024\/07\/FB_IMG_1721818867280.jpg","contentUrl":"https:\/\/www.latribunedufaso.net\/wp-content\/uploads\/2024\/07\/FB_IMG_1721818867280.jpg","width":720,"height":480},{"@type":"BreadcrumbList","@id":"https:\/\/www.latribunedufaso.net\/?p=14962#breadcrumb","itemListElement":[{"@type":"ListItem","position":1,"name":"Accueil","item":"https:\/\/www.latribunedufaso.net\/"},{"@type":"ListItem","position":2,"name":"Digitalisation des services de sant\u00e9 : Les ministres en charge de la Sant\u00e9 et de la Transition digitale en concertation\u00a0"}]},{"@type":"WebSite","@id":"https:\/\/www.latribunedufaso.net\/#website","url":"https:\/\/www.latribunedufaso.net\/","name":"La Tribune du Faso","description":"L&#039;information du monde rural en un clic","publisher":{"@id":"https:\/\/www.latribunedufaso.net\/#organization"},"potentialAction":[{"@type":"SearchAction","target":{"@type":"EntryPoint","urlTemplate":"https:\/\/www.latribunedufaso.net\/?s={search_term_string}"},"query-input":{"@type":"PropertyValueSpecification","valueRequired":true,"valueName":"search_term_string"}}],"inLanguage":"fr-FR"},{"@type":"Organization","@id":"https:\/\/www.latribunedufaso.net\/#organization","name":"La Tribune du Faso","url":"https:\/\/www.latribunedufaso.net\/","logo":{"@type":"ImageObject","inLanguage":"fr-FR","@id":"https:\/\/www.latribunedufaso.net\/#\/schema\/logo\/image\/","url":"https:\/\/www.latribunedufaso.net\/wp-content\/uploads\/2020\/08\/Logo-Tribune-du-Faso-final-scaled.jpg","contentUrl":"https:\/\/www.latribunedufaso.net\/wp-content\/uploads\/2020\/08\/Logo-Tribune-du-Faso-final-scaled.jpg","width":2560,"height":1856,"caption":"La Tribune du Faso"},"image":{"@id":"https:\/\/www.latribunedufaso.net\/#\/schema\/logo\/image\/"},"sameAs":["https:\/\/www.facebook.com\/LatribuneduFaso\/"]},{"@type":"Person","@id":"https:\/\/www.latribunedufaso.net\/#\/schema\/person\/e54e64c5778a7e72cf80a318b7a622b0","name":"Issouf Tapsoba","image":{"@type":"ImageObject","inLanguage":"fr-FR","@id":"https:\/\/secure.gravatar.com\/avatar\/5e6c05150ce3230247d167f5b94d678eb05936197436d69b7921e3a95c9107ac?s=96&d=mm&r=g","url":"https:\/\/secure.gravatar.com\/avatar\/5e6c05150ce3230247d167f5b94d678eb05936197436d69b7921e3a95c9107ac?s=96&d=mm&r=g","contentUrl":"https:\/\/secure.gravatar.com\/avatar\/5e6c05150ce3230247d167f5b94d678eb05936197436d69b7921e3a95c9107ac?s=96&d=mm&r=g","caption":"Issouf Tapsoba"},"url":"https:\/\/www.latribunedufaso.net\/?author=5"}]}},"_links":{"self":[{"href":"https:\/\/www.latribunedufaso.net\/index.php?rest_route=\/wp\/v2\/posts\/14962","targetHints":{"allow":["GET"]}}],"collection":[{"href":"https:\/\/www.latribunedufaso.net\/index.php?rest_route=\/wp\/v2\/posts"}],"about":[{"href":"https:\/\/www.latribunedufaso.net\/index.php?rest_route=\/wp\/v2\/types\/post"}],"author":[{"embeddable":true,"href":"https:\/\/www.latribunedufaso.net\/index.php?rest_route=\/wp\/v2\/users\/5"}],"replies":[{"embeddable":true,"href":"https:\/\/www.latribunedufaso.net\/index.php?rest_route=%2Fwp%2Fv2%2Fcomments&post=14962"}],"version-history":[{"count":1,"href":"https:\/\/www.latribunedufaso.net\/index.php?rest_route=\/wp\/v2\/posts\/14962\/revisions"}],"predecessor-version":[{"id":14966,"href":"https:\/\/www.latribunedufaso.net\/index.php?rest_route=\/wp\/v2\/posts\/14962\/revisions\/14966"}],"wp:featuredmedia":[{"embeddable":true,"href":"https:\/\/www.latribunedufaso.net\/index.php?rest_route=\/wp\/v2\/media\/14963"}],"wp:attachment":[{"href":"https:\/\/www.latribunedufaso.net\/index.php?rest_route=%2Fwp%2Fv2%2Fmedia&parent=14962"}],"wp:term":[{"taxonomy":"category","embeddable":true,"href":"https:\/\/www.latribunedufaso.net\/index.php?rest_route=%2Fwp%2Fv2%2Fcategories&post=14962"},{"taxonomy":"post_tag","embeddable":true,"href":"https:\/\/www.latribunedufaso.net\/index.php?rest_route=%2Fwp%2Fv2%2Ftags&post=14962"}],"curies":[{"name":"wp","href":"https:\/\/api.w.org\/{rel}","templated":true}]}}