{"id":14866,"date":"2024-07-17T11:20:34","date_gmt":"2024-07-17T11:20:34","guid":{"rendered":"https:\/\/www.latribunedufaso.net\/?p=14866"},"modified":"2024-07-17T11:20:34","modified_gmt":"2024-07-17T11:20:34","slug":"interdiction-de-fumer-dans-les-lieux-publics-au-burkina-les-acteurs-elaborent-des-outils-de-communication","status":"publish","type":"post","link":"https:\/\/www.latribunedufaso.net\/?p=14866","title":{"rendered":"Interdiction de fumer dans les lieux publics au Burkina : Les acteurs \u00e9laborent des outils de communication\u00a0"},"content":{"rendered":"<p><strong><span style=\"font-size: 1.0625rem;\">La Direction de la promotion et de l\u2019\u00e9ducation pour la sant\u00e9 (DPES) du minist\u00e8re de la Sant\u00e9 et de l&rsquo;Hygi\u00e8ne Publique tient du lundi 15 au vendredi 19 juillet 2024 \u00e0 Koudougou un atelier de r\u00e9vision des outils de communication sur l\u2019interdiction de fumer dans les lieux publics et les transports en commun au Burkina Faso.<\/span><\/strong><br \/><!--more--><\/p>\n<p>Organis\u00e9 avec le soutien <span style=\"font-size: 1.0625rem;\">de l\u2019OMS, ce<\/span><span style=\"font-size: 1.0625rem;\">t atelier vise \u00e0 \u00e9laborer des contenus th\u00e9oriques et des outils de communication.\u00a0<\/span><\/p>\n<p><a href=\"https:\/\/www.latribunedufaso.net\/wp-content\/uploads\/2024\/07\/FB_IMG_1721215080466.jpg\"><img loading=\"lazy\" decoding=\"async\" class=\"size-medium wp-image-14869 alignleft\" src=\"https:\/\/www.latribunedufaso.net\/wp-content\/uploads\/2024\/07\/FB_IMG_1721215080466-300x133.jpg\" alt=\"\" width=\"300\" height=\"133\" srcset=\"https:\/\/www.latribunedufaso.net\/wp-content\/uploads\/2024\/07\/FB_IMG_1721215080466-300x133.jpg 300w, https:\/\/www.latribunedufaso.net\/wp-content\/uploads\/2024\/07\/FB_IMG_1721215080466.jpg 720w\" sizes=\"auto, (max-width: 300px) 100vw, 300px\" \/><\/a>Ainsi, au cours des travaux, les participants qui sont entre autres des repr\u00e9sentants de d\u00e9partements minist\u00e9riels, notamment des minist\u00e8re de la Sant\u00e9 et de l\u2019Hygi\u00e8ne publique, du Commerce, des Transports ainsi que de la D\u00e9l\u00e9gation sp\u00e9ciale de la commune de Ouagadougou, des associations de lutte contre le tabac, des personnes ressources et de l\u2019Organisation mondiale de la Sant\u00e9, vont proposer les types de support de communication appropri\u00e9s, \u00e9laborer le contenu des messages, identifier les caract\u00e9ristiques et les canaux de diffusion ad\u00e9quats.<\/p>\n<p><a href=\"https:\/\/www.latribunedufaso.net\/wp-content\/uploads\/2024\/07\/FB_IMG_1721215062151.jpg\"><img loading=\"lazy\" decoding=\"async\" class=\"size-medium wp-image-14870 alignleft\" src=\"https:\/\/www.latribunedufaso.net\/wp-content\/uploads\/2024\/07\/FB_IMG_1721215062151-300x133.jpg\" alt=\"\" width=\"300\" height=\"133\" srcset=\"https:\/\/www.latribunedufaso.net\/wp-content\/uploads\/2024\/07\/FB_IMG_1721215062151-300x133.jpg 300w, https:\/\/www.latribunedufaso.net\/wp-content\/uploads\/2024\/07\/FB_IMG_1721215062151.jpg 720w\" sizes=\"auto, (max-width: 300px) 100vw, 300px\" \/><\/a>Le charg\u00e9 de mission au MSHP, Dr Narcisse Nar\u00e9, pour sa part, a rappel\u00e9 le contexte et l\u2019importance des travaux de l\u2019atelier. A l\u2019\u00e9couter, l\u2019application du d\u00e9cret \u00e9labor\u00e9 par le Burkina Faso, relatif \u00e0 l\u2019interdiction de fumer dans les lieux publics et les transports en commun conna\u00eet des insuffisances. \u00ab C\u2019est pourquoi les travaux de cet atelier permettront de combler ces insuffisance en vue de prot\u00e9ger les populations des effets de la fum\u00e9e du tabac au Burkina Faso \u00bb, soutient-il .<\/p>\n<p>Par la suite, Dr Narcisse Nar\u00e9 a invit\u00e9 les participants \u00e0 \u00eatre assidus et \u00e0 contribuer de mani\u00e8re active aux travaux. Il a \u00e9galement emis le souhait qu\u2019au sortir de l\u2019atelier, les objectifs soient atteints pour une protection optimale des populations contre les effets n\u00e9fastes du tabac.<\/p>\n<p><a href=\"https:\/\/www.latribunedufaso.net\/wp-content\/uploads\/2024\/07\/FB_IMG_1721215053171.jpg\"><img loading=\"lazy\" decoding=\"async\" class=\"size-medium wp-image-14867 alignleft\" src=\"https:\/\/www.latribunedufaso.net\/wp-content\/uploads\/2024\/07\/FB_IMG_1721215053171-300x133.jpg\" alt=\"\" width=\"300\" height=\"133\" srcset=\"https:\/\/www.latribunedufaso.net\/wp-content\/uploads\/2024\/07\/FB_IMG_1721215053171-300x133.jpg 300w, https:\/\/www.latribunedufaso.net\/wp-content\/uploads\/2024\/07\/FB_IMG_1721215053171.jpg 720w\" sizes=\"auto, (max-width: 300px) 100vw, 300px\" \/><\/a>Le Burkina Faso, faut-il le souligner, a postul\u00e9 et obtenu l\u2019accompagnement de Management Science of health (MSH) pour la r\u00e9vision des outils de communication.<\/p>\n<p><strong><span style=\"font-size: 1.0625rem;\">Latribunedufaso.net\u00a0<\/span><\/strong><\/p>\n<p><strong>Source : D<span style=\"font-size: 1.0625rem;\">CRP-MSHP<\/span><\/strong><\/p>\n","protected":false},"excerpt":{"rendered":"<p>La Direction de la promotion et de l\u2019\u00e9ducation pour la sant\u00e9 (DPES) du minist\u00e8re de la Sant\u00e9 et de l&rsquo;Hygi\u00e8ne Publique tient du lundi 15 au vendredi 19 juillet 2024 \u00e0 Koudougou un atelier de r\u00e9vision des outils de communication sur l\u2019interdiction de fumer dans les lieux publics et les transports en commun au Burkina Faso.<\/p>\n","protected":false},"author":5,"featured_media":14868,"comment_status":"open","ping_status":"open","sticky":false,"template":"","format":"standard","meta":{"footnotes":""},"categories":[13,1,7],"tags":[],"class_list":["post-14866","post","type-post","status-publish","format-standard","has-post-thumbnail","hentry","category-une","category-actu","category-sante"],"yoast_head":"<!-- This site is optimized with the Yoast SEO plugin v27.4 - https:\/\/yoast.com\/product\/yoast-seo-wordpress\/ -->\n<title>Interdiction de fumer dans les lieux publics au Burkina : Les acteurs \u00e9laborent des outils de communication\u00a0 - La Tribune du Faso<\/title>\n<meta name=\"robots\" content=\"index, follow, max-snippet:-1, max-image-preview:large, max-video-preview:-1\" \/>\n<link rel=\"canonical\" href=\"https:\/\/www.latribunedufaso.net\/?p=14866\" \/>\n<meta property=\"og:locale\" content=\"fr_FR\" \/>\n<meta property=\"og:type\" content=\"article\" \/>\n<meta property=\"og:title\" content=\"Interdiction de fumer dans les lieux publics au Burkina : Les acteurs \u00e9laborent des outils de communication\u00a0 - La Tribune du Faso\" \/>\n<meta property=\"og:description\" content=\"La Direction de la promotion et de l\u2019\u00e9ducation pour la sant\u00e9 (DPES) du minist\u00e8re de la Sant\u00e9 et de l&rsquo;Hygi\u00e8ne Publique tient du lundi 15 au vendredi 19 juillet 2024 \u00e0 Koudougou un atelier de r\u00e9vision des outils de communication sur l\u2019interdiction de fumer dans les lieux publics et les transports en commun au Burkina Faso.\" \/>\n<meta property=\"og:url\" content=\"https:\/\/www.latribunedufaso.net\/?p=14866\" \/>\n<meta property=\"og:site_name\" content=\"La Tribune du Faso\" \/>\n<meta property=\"article:publisher\" content=\"https:\/\/www.facebook.com\/LatribuneduFaso\/\" \/>\n<meta property=\"article:published_time\" content=\"2024-07-17T11:20:34+00:00\" \/>\n<meta property=\"og:image\" content=\"https:\/\/www.latribunedufaso.net\/wp-content\/uploads\/2024\/07\/FB_IMG_1721215069861.jpg\" \/>\n\t<meta property=\"og:image:width\" content=\"720\" \/>\n\t<meta property=\"og:image:height\" content=\"319\" \/>\n\t<meta property=\"og:image:type\" content=\"image\/jpeg\" \/>\n<meta name=\"author\" content=\"Issouf Tapsoba\" \/>\n<meta name=\"twitter:label1\" content=\"\u00c9crit par\" \/>\n\t<meta name=\"twitter:data1\" content=\"Issouf Tapsoba\" \/>\n\t<meta name=\"twitter:label2\" content=\"Dur\u00e9e de lecture estim\u00e9e\" \/>\n\t<meta name=\"twitter:data2\" content=\"2 minutes\" \/>\n<script type=\"application\/ld+json\" class=\"yoast-schema-graph\">{\"@context\":\"https:\\\/\\\/schema.org\",\"@graph\":[{\"@type\":\"Article\",\"@id\":\"https:\\\/\\\/www.latribunedufaso.net\\\/?p=14866#article\",\"isPartOf\":{\"@id\":\"https:\\\/\\\/www.latribunedufaso.net\\\/?p=14866\"},\"author\":{\"name\":\"Issouf Tapsoba\",\"@id\":\"https:\\\/\\\/www.latribunedufaso.net\\\/#\\\/schema\\\/person\\\/e54e64c5778a7e72cf80a318b7a622b0\"},\"headline\":\"Interdiction de fumer dans les lieux publics au Burkina : Les acteurs \u00e9laborent des outils de communication\u00a0\",\"datePublished\":\"2024-07-17T11:20:34+00:00\",\"mainEntityOfPage\":{\"@id\":\"https:\\\/\\\/www.latribunedufaso.net\\\/?p=14866\"},\"wordCount\":355,\"commentCount\":0,\"publisher\":{\"@id\":\"https:\\\/\\\/www.latribunedufaso.net\\\/#organization\"},\"image\":{\"@id\":\"https:\\\/\\\/www.latribunedufaso.net\\\/?p=14866#primaryimage\"},\"thumbnailUrl\":\"https:\\\/\\\/www.latribunedufaso.net\\\/wp-content\\\/uploads\\\/2024\\\/07\\\/FB_IMG_1721215069861.jpg\",\"articleSection\":[\"A la une\",\"Actualit\u00e9\",\"Sant\u00e9\"],\"inLanguage\":\"fr-FR\",\"potentialAction\":[{\"@type\":\"CommentAction\",\"name\":\"Comment\",\"target\":[\"https:\\\/\\\/www.latribunedufaso.net\\\/?p=14866#respond\"]}]},{\"@type\":\"WebPage\",\"@id\":\"https:\\\/\\\/www.latribunedufaso.net\\\/?p=14866\",\"url\":\"https:\\\/\\\/www.latribunedufaso.net\\\/?p=14866\",\"name\":\"Interdiction de fumer dans les lieux publics au Burkina : Les acteurs \u00e9laborent des outils de communication\u00a0 - La Tribune du Faso\",\"isPartOf\":{\"@id\":\"https:\\\/\\\/www.latribunedufaso.net\\\/#website\"},\"primaryImageOfPage\":{\"@id\":\"https:\\\/\\\/www.latribunedufaso.net\\\/?p=14866#primaryimage\"},\"image\":{\"@id\":\"https:\\\/\\\/www.latribunedufaso.net\\\/?p=14866#primaryimage\"},\"thumbnailUrl\":\"https:\\\/\\\/www.latribunedufaso.net\\\/wp-content\\\/uploads\\\/2024\\\/07\\\/FB_IMG_1721215069861.jpg\",\"datePublished\":\"2024-07-17T11:20:34+00:00\",\"breadcrumb\":{\"@id\":\"https:\\\/\\\/www.latribunedufaso.net\\\/?p=14866#breadcrumb\"},\"inLanguage\":\"fr-FR\",\"potentialAction\":[{\"@type\":\"ReadAction\",\"target\":[\"https:\\\/\\\/www.latribunedufaso.net\\\/?p=14866\"]}]},{\"@type\":\"ImageObject\",\"inLanguage\":\"fr-FR\",\"@id\":\"https:\\\/\\\/www.latribunedufaso.net\\\/?p=14866#primaryimage\",\"url\":\"https:\\\/\\\/www.latribunedufaso.net\\\/wp-content\\\/uploads\\\/2024\\\/07\\\/FB_IMG_1721215069861.jpg\",\"contentUrl\":\"https:\\\/\\\/www.latribunedufaso.net\\\/wp-content\\\/uploads\\\/2024\\\/07\\\/FB_IMG_1721215069861.jpg\",\"width\":720,\"height\":319},{\"@type\":\"BreadcrumbList\",\"@id\":\"https:\\\/\\\/www.latribunedufaso.net\\\/?p=14866#breadcrumb\",\"itemListElement\":[{\"@type\":\"ListItem\",\"position\":1,\"name\":\"Accueil\",\"item\":\"https:\\\/\\\/www.latribunedufaso.net\\\/\"},{\"@type\":\"ListItem\",\"position\":2,\"name\":\"Interdiction de fumer dans les lieux publics au Burkina : Les acteurs \u00e9laborent des outils de communication\u00a0\"}]},{\"@type\":\"WebSite\",\"@id\":\"https:\\\/\\\/www.latribunedufaso.net\\\/#website\",\"url\":\"https:\\\/\\\/www.latribunedufaso.net\\\/\",\"name\":\"La Tribune du Faso\",\"description\":\"L&#039;information du monde rural en un clic\",\"publisher\":{\"@id\":\"https:\\\/\\\/www.latribunedufaso.net\\\/#organization\"},\"potentialAction\":[{\"@type\":\"SearchAction\",\"target\":{\"@type\":\"EntryPoint\",\"urlTemplate\":\"https:\\\/\\\/www.latribunedufaso.net\\\/?s={search_term_string}\"},\"query-input\":{\"@type\":\"PropertyValueSpecification\",\"valueRequired\":true,\"valueName\":\"search_term_string\"}}],\"inLanguage\":\"fr-FR\"},{\"@type\":\"Organization\",\"@id\":\"https:\\\/\\\/www.latribunedufaso.net\\\/#organization\",\"name\":\"La Tribune du Faso\",\"url\":\"https:\\\/\\\/www.latribunedufaso.net\\\/\",\"logo\":{\"@type\":\"ImageObject\",\"inLanguage\":\"fr-FR\",\"@id\":\"https:\\\/\\\/www.latribunedufaso.net\\\/#\\\/schema\\\/logo\\\/image\\\/\",\"url\":\"https:\\\/\\\/www.latribunedufaso.net\\\/wp-content\\\/uploads\\\/2020\\\/08\\\/Logo-Tribune-du-Faso-final-scaled.jpg\",\"contentUrl\":\"https:\\\/\\\/www.latribunedufaso.net\\\/wp-content\\\/uploads\\\/2020\\\/08\\\/Logo-Tribune-du-Faso-final-scaled.jpg\",\"width\":2560,\"height\":1856,\"caption\":\"La Tribune du Faso\"},\"image\":{\"@id\":\"https:\\\/\\\/www.latribunedufaso.net\\\/#\\\/schema\\\/logo\\\/image\\\/\"},\"sameAs\":[\"https:\\\/\\\/www.facebook.com\\\/LatribuneduFaso\\\/\"]},{\"@type\":\"Person\",\"@id\":\"https:\\\/\\\/www.latribunedufaso.net\\\/#\\\/schema\\\/person\\\/e54e64c5778a7e72cf80a318b7a622b0\",\"name\":\"Issouf Tapsoba\",\"image\":{\"@type\":\"ImageObject\",\"inLanguage\":\"fr-FR\",\"@id\":\"https:\\\/\\\/secure.gravatar.com\\\/avatar\\\/5e6c05150ce3230247d167f5b94d678eb05936197436d69b7921e3a95c9107ac?s=96&d=mm&r=g\",\"url\":\"https:\\\/\\\/secure.gravatar.com\\\/avatar\\\/5e6c05150ce3230247d167f5b94d678eb05936197436d69b7921e3a95c9107ac?s=96&d=mm&r=g\",\"contentUrl\":\"https:\\\/\\\/secure.gravatar.com\\\/avatar\\\/5e6c05150ce3230247d167f5b94d678eb05936197436d69b7921e3a95c9107ac?s=96&d=mm&r=g\",\"caption\":\"Issouf Tapsoba\"},\"url\":\"https:\\\/\\\/www.latribunedufaso.net\\\/?author=5\"}]}<\/script>\n<!-- \/ Yoast SEO plugin. -->","yoast_head_json":{"title":"Interdiction de fumer dans les lieux publics au Burkina : Les acteurs \u00e9laborent des outils de communication\u00a0 - La Tribune du Faso","robots":{"index":"index","follow":"follow","max-snippet":"max-snippet:-1","max-image-preview":"max-image-preview:large","max-video-preview":"max-video-preview:-1"},"canonical":"https:\/\/www.latribunedufaso.net\/?p=14866","og_locale":"fr_FR","og_type":"article","og_title":"Interdiction de fumer dans les lieux publics au Burkina : Les acteurs \u00e9laborent des outils de communication\u00a0 - La Tribune du Faso","og_description":"La Direction de la promotion et de l\u2019\u00e9ducation pour la sant\u00e9 (DPES) du minist\u00e8re de la Sant\u00e9 et de l&rsquo;Hygi\u00e8ne Publique tient du lundi 15 au vendredi 19 juillet 2024 \u00e0 Koudougou un atelier de r\u00e9vision des outils de communication sur l\u2019interdiction de fumer dans les lieux publics et les transports en commun au Burkina Faso.","og_url":"https:\/\/www.latribunedufaso.net\/?p=14866","og_site_name":"La Tribune du Faso","article_publisher":"https:\/\/www.facebook.com\/LatribuneduFaso\/","article_published_time":"2024-07-17T11:20:34+00:00","og_image":[{"width":720,"height":319,"url":"https:\/\/www.latribunedufaso.net\/wp-content\/uploads\/2024\/07\/FB_IMG_1721215069861.jpg","type":"image\/jpeg"}],"author":"Issouf Tapsoba","twitter_misc":{"\u00c9crit par":"Issouf Tapsoba","Dur\u00e9e de lecture estim\u00e9e":"2 minutes"},"schema":{"@context":"https:\/\/schema.org","@graph":[{"@type":"Article","@id":"https:\/\/www.latribunedufaso.net\/?p=14866#article","isPartOf":{"@id":"https:\/\/www.latribunedufaso.net\/?p=14866"},"author":{"name":"Issouf Tapsoba","@id":"https:\/\/www.latribunedufaso.net\/#\/schema\/person\/e54e64c5778a7e72cf80a318b7a622b0"},"headline":"Interdiction de fumer dans les lieux publics au Burkina : Les acteurs \u00e9laborent des outils de communication\u00a0","datePublished":"2024-07-17T11:20:34+00:00","mainEntityOfPage":{"@id":"https:\/\/www.latribunedufaso.net\/?p=14866"},"wordCount":355,"commentCount":0,"publisher":{"@id":"https:\/\/www.latribunedufaso.net\/#organization"},"image":{"@id":"https:\/\/www.latribunedufaso.net\/?p=14866#primaryimage"},"thumbnailUrl":"https:\/\/www.latribunedufaso.net\/wp-content\/uploads\/2024\/07\/FB_IMG_1721215069861.jpg","articleSection":["A la une","Actualit\u00e9","Sant\u00e9"],"inLanguage":"fr-FR","potentialAction":[{"@type":"CommentAction","name":"Comment","target":["https:\/\/www.latribunedufaso.net\/?p=14866#respond"]}]},{"@type":"WebPage","@id":"https:\/\/www.latribunedufaso.net\/?p=14866","url":"https:\/\/www.latribunedufaso.net\/?p=14866","name":"Interdiction de fumer dans les lieux publics au Burkina : Les acteurs \u00e9laborent des outils de communication\u00a0 - La Tribune du Faso","isPartOf":{"@id":"https:\/\/www.latribunedufaso.net\/#website"},"primaryImageOfPage":{"@id":"https:\/\/www.latribunedufaso.net\/?p=14866#primaryimage"},"image":{"@id":"https:\/\/www.latribunedufaso.net\/?p=14866#primaryimage"},"thumbnailUrl":"https:\/\/www.latribunedufaso.net\/wp-content\/uploads\/2024\/07\/FB_IMG_1721215069861.jpg","datePublished":"2024-07-17T11:20:34+00:00","breadcrumb":{"@id":"https:\/\/www.latribunedufaso.net\/?p=14866#breadcrumb"},"inLanguage":"fr-FR","potentialAction":[{"@type":"ReadAction","target":["https:\/\/www.latribunedufaso.net\/?p=14866"]}]},{"@type":"ImageObject","inLanguage":"fr-FR","@id":"https:\/\/www.latribunedufaso.net\/?p=14866#primaryimage","url":"https:\/\/www.latribunedufaso.net\/wp-content\/uploads\/2024\/07\/FB_IMG_1721215069861.jpg","contentUrl":"https:\/\/www.latribunedufaso.net\/wp-content\/uploads\/2024\/07\/FB_IMG_1721215069861.jpg","width":720,"height":319},{"@type":"BreadcrumbList","@id":"https:\/\/www.latribunedufaso.net\/?p=14866#breadcrumb","itemListElement":[{"@type":"ListItem","position":1,"name":"Accueil","item":"https:\/\/www.latribunedufaso.net\/"},{"@type":"ListItem","position":2,"name":"Interdiction de fumer dans les lieux publics au Burkina : Les acteurs \u00e9laborent des outils de communication\u00a0"}]},{"@type":"WebSite","@id":"https:\/\/www.latribunedufaso.net\/#website","url":"https:\/\/www.latribunedufaso.net\/","name":"La Tribune du Faso","description":"L&#039;information du monde rural en un clic","publisher":{"@id":"https:\/\/www.latribunedufaso.net\/#organization"},"potentialAction":[{"@type":"SearchAction","target":{"@type":"EntryPoint","urlTemplate":"https:\/\/www.latribunedufaso.net\/?s={search_term_string}"},"query-input":{"@type":"PropertyValueSpecification","valueRequired":true,"valueName":"search_term_string"}}],"inLanguage":"fr-FR"},{"@type":"Organization","@id":"https:\/\/www.latribunedufaso.net\/#organization","name":"La Tribune du Faso","url":"https:\/\/www.latribunedufaso.net\/","logo":{"@type":"ImageObject","inLanguage":"fr-FR","@id":"https:\/\/www.latribunedufaso.net\/#\/schema\/logo\/image\/","url":"https:\/\/www.latribunedufaso.net\/wp-content\/uploads\/2020\/08\/Logo-Tribune-du-Faso-final-scaled.jpg","contentUrl":"https:\/\/www.latribunedufaso.net\/wp-content\/uploads\/2020\/08\/Logo-Tribune-du-Faso-final-scaled.jpg","width":2560,"height":1856,"caption":"La Tribune du Faso"},"image":{"@id":"https:\/\/www.latribunedufaso.net\/#\/schema\/logo\/image\/"},"sameAs":["https:\/\/www.facebook.com\/LatribuneduFaso\/"]},{"@type":"Person","@id":"https:\/\/www.latribunedufaso.net\/#\/schema\/person\/e54e64c5778a7e72cf80a318b7a622b0","name":"Issouf Tapsoba","image":{"@type":"ImageObject","inLanguage":"fr-FR","@id":"https:\/\/secure.gravatar.com\/avatar\/5e6c05150ce3230247d167f5b94d678eb05936197436d69b7921e3a95c9107ac?s=96&d=mm&r=g","url":"https:\/\/secure.gravatar.com\/avatar\/5e6c05150ce3230247d167f5b94d678eb05936197436d69b7921e3a95c9107ac?s=96&d=mm&r=g","contentUrl":"https:\/\/secure.gravatar.com\/avatar\/5e6c05150ce3230247d167f5b94d678eb05936197436d69b7921e3a95c9107ac?s=96&d=mm&r=g","caption":"Issouf Tapsoba"},"url":"https:\/\/www.latribunedufaso.net\/?author=5"}]}},"_links":{"self":[{"href":"https:\/\/www.latribunedufaso.net\/index.php?rest_route=\/wp\/v2\/posts\/14866","targetHints":{"allow":["GET"]}}],"collection":[{"href":"https:\/\/www.latribunedufaso.net\/index.php?rest_route=\/wp\/v2\/posts"}],"about":[{"href":"https:\/\/www.latribunedufaso.net\/index.php?rest_route=\/wp\/v2\/types\/post"}],"author":[{"embeddable":true,"href":"https:\/\/www.latribunedufaso.net\/index.php?rest_route=\/wp\/v2\/users\/5"}],"replies":[{"embeddable":true,"href":"https:\/\/www.latribunedufaso.net\/index.php?rest_route=%2Fwp%2Fv2%2Fcomments&post=14866"}],"version-history":[{"count":1,"href":"https:\/\/www.latribunedufaso.net\/index.php?rest_route=\/wp\/v2\/posts\/14866\/revisions"}],"predecessor-version":[{"id":14871,"href":"https:\/\/www.latribunedufaso.net\/index.php?rest_route=\/wp\/v2\/posts\/14866\/revisions\/14871"}],"wp:featuredmedia":[{"embeddable":true,"href":"https:\/\/www.latribunedufaso.net\/index.php?rest_route=\/wp\/v2\/media\/14868"}],"wp:attachment":[{"href":"https:\/\/www.latribunedufaso.net\/index.php?rest_route=%2Fwp%2Fv2%2Fmedia&parent=14866"}],"wp:term":[{"taxonomy":"category","embeddable":true,"href":"https:\/\/www.latribunedufaso.net\/index.php?rest_route=%2Fwp%2Fv2%2Fcategories&post=14866"},{"taxonomy":"post_tag","embeddable":true,"href":"https:\/\/www.latribunedufaso.net\/index.php?rest_route=%2Fwp%2Fv2%2Ftags&post=14866"}],"curies":[{"name":"wp","href":"https:\/\/api.w.org\/{rel}","templated":true}]}}