{"id":14789,"date":"2024-07-12T14:11:14","date_gmt":"2024-07-12T14:11:14","guid":{"rendered":"https:\/\/www.latribunedufaso.net\/?p=14789"},"modified":"2024-07-12T14:11:14","modified_gmt":"2024-07-12T14:11:14","slug":"conseil-superieur-de-la-magistrature-des-personnalites-non-magistrats-font-leur-entree-dans-lunivers-judiciaire","status":"publish","type":"post","link":"https:\/\/www.latribunedufaso.net\/?p=14789","title":{"rendered":"Conseil sup\u00e9rieur de la Magistrature : Des personnalit\u00e9s non-magistrats font leur entr\u00e9e dans l\u2019univers judiciaire\u00a0"},"content":{"rendered":"<p><strong style=\"font-size: 1.0625rem;\">Le vendredi 12 juillet 2024 \u00e0 Ouagadougou, a eu lieu l\u2019audience solennelle de prestation de serment des membres du Conseil sup\u00e9rieur de la magistrature.<\/strong><\/p>\n<p><!--more--><\/p>\n<p>Ces membres, plus d\u2019une trentaine, ont \u00e9t\u00e9 d\u00e9sign\u00e9s ou \u00e9lus au Conseil sup\u00e9rieur de la magistrature. Ainsi, ils auront pour mission d\u2019une part d\u2019assister le pr\u00e9sident du Faso dans son r\u00f4le de garantir l\u2019ind\u00e9pendance du pouvoir judiciaire et d\u2019autre part, de d\u00e9cider des nominations et affectations des magistrats du si\u00e8ge.<\/p>\n<p><a href=\"https:\/\/www.latribunedufaso.net\/wp-content\/uploads\/2024\/07\/IMG-20240712-WA0028.jpg\"><img loading=\"lazy\" decoding=\"async\" class=\"size-medium wp-image-14793 alignleft\" src=\"https:\/\/www.latribunedufaso.net\/wp-content\/uploads\/2024\/07\/IMG-20240712-WA0028-300x225.jpg\" alt=\"\" width=\"300\" height=\"225\" srcset=\"https:\/\/www.latribunedufaso.net\/wp-content\/uploads\/2024\/07\/IMG-20240712-WA0028-300x225.jpg 300w, https:\/\/www.latribunedufaso.net\/wp-content\/uploads\/2024\/07\/IMG-20240712-WA0028-1024x768.jpg 1024w, https:\/\/www.latribunedufaso.net\/wp-content\/uploads\/2024\/07\/IMG-20240712-WA0028-768x576.jpg 768w, https:\/\/www.latribunedufaso.net\/wp-content\/uploads\/2024\/07\/IMG-20240712-WA0028.jpg 1280w\" sizes=\"auto, (max-width: 300px) 100vw, 300px\" \/><\/a>Pour le pr\u00e9sident du Conseil constitutionnel, Me Barth\u00e9l\u00e9my K\u00e9r\u00e9, les imp\u00e9trants ont \u00e9t\u00e9 choisis pour leur comp\u00e9tence, int\u00e9grit\u00e9 et engagement envers les valeurs fondamentales de la justice. A l\u2019\u00e9couter, leur pr\u00e9sence apporte un regard neuf et ind\u00e9pendant sur les questions judiciaires, contribuant ainsi \u00e0 renforcer la transparence et la l\u00e9gitimit\u00e9 des d\u00e9lib\u00e9rations.\u00a0\u00a0<\/p>\n<p>\u00ab Le serment que vous venez de pr\u00eater est une promesse solennelle de servir la Justice avec impartialit\u00e9 et probit\u00e9. Vous serez appel\u00e9s \u00e0 prendre des d\u00e9cisions importantes, parfois difficiles, qui auront un impact significatif sur la carri\u00e8re des magistrats et \u00e0 donner des avis sur le fonctionnement de la justice en g\u00e9n\u00e9ral. C\u2019est une mission noble et exigeante, et je suis convaincu que vous l\u2019accomplirez avec honneur et d\u00e9vouement \u00bb, a laiss\u00e9 entendre Me Barth\u00e9l\u00e9my K\u00e9r\u00e9, s\u2019adressant aux imp\u00e9trants.\u00a0<\/p>\n<p><a href=\"https:\/\/www.latribunedufaso.net\/wp-content\/uploads\/2024\/07\/IMG-20240712-WA0031.jpg\"><img loading=\"lazy\" decoding=\"async\" class=\"size-medium wp-image-14794 alignleft\" src=\"https:\/\/www.latribunedufaso.net\/wp-content\/uploads\/2024\/07\/IMG-20240712-WA0031-300x225.jpg\" alt=\"\" width=\"300\" height=\"225\" srcset=\"https:\/\/www.latribunedufaso.net\/wp-content\/uploads\/2024\/07\/IMG-20240712-WA0031-300x225.jpg 300w, https:\/\/www.latribunedufaso.net\/wp-content\/uploads\/2024\/07\/IMG-20240712-WA0031-1024x768.jpg 1024w, https:\/\/www.latribunedufaso.net\/wp-content\/uploads\/2024\/07\/IMG-20240712-WA0031-768x576.jpg 768w, https:\/\/www.latribunedufaso.net\/wp-content\/uploads\/2024\/07\/IMG-20240712-WA0031.jpg 1280w\" sizes=\"auto, (max-width: 300px) 100vw, 300px\" \/><\/a>Ces nouveaux membres du CSM semblent avoir compris leur r\u00f4le. Selon un des leurs, Charlemagne Abissy, leur r\u00f4le est une mission d\u2019\u00e9quilibre. \u00ab Notre r\u00f4le c\u2019est d\u2019accompagner les professionnels de la justice dans leur mission, c\u2019est-\u00e0-dire, porter un regard citoyen dans ce milieu qui semble un peu ferm\u00e9, semble \u00eatre une tour d\u2019ivoire. En plus, nous devons permettre que les magistrats notamment puissent comprendre aussi le retour des citoyens et que nous, avec le regard que nous avons selon nos comp\u00e9tences diverses, que nous puissions apporter nos conseils \u00e0 cette institution qui est centrale pour l\u2019\u00e9quilibre de la soci\u00e9t\u00e9 \u00bb, a-t-il d\u00e9clar\u00e9.<\/p>\n<p><a href=\"https:\/\/www.latribunedufaso.net\/wp-content\/uploads\/2024\/07\/IMG-20240712-WA0027.jpg\"><img loading=\"lazy\" decoding=\"async\" class=\"size-medium wp-image-14792 alignleft\" src=\"https:\/\/www.latribunedufaso.net\/wp-content\/uploads\/2024\/07\/IMG-20240712-WA0027-300x225.jpg\" alt=\"\" width=\"300\" height=\"225\" srcset=\"https:\/\/www.latribunedufaso.net\/wp-content\/uploads\/2024\/07\/IMG-20240712-WA0027-300x225.jpg 300w, https:\/\/www.latribunedufaso.net\/wp-content\/uploads\/2024\/07\/IMG-20240712-WA0027-1024x768.jpg 1024w, https:\/\/www.latribunedufaso.net\/wp-content\/uploads\/2024\/07\/IMG-20240712-WA0027-768x576.jpg 768w, https:\/\/www.latribunedufaso.net\/wp-content\/uploads\/2024\/07\/IMG-20240712-WA0027.jpg 1280w\" sizes=\"auto, (max-width: 300px) 100vw, 300px\" \/><\/a>En rappel, c\u2019est depuis la r\u00e9vision constitutionnelle du 30 d\u00e9cembre 2023 que le CSM comprend non seulement des magistrats mais \u00e9galement des personnes ext\u00e9rieures. En effet, le Pacte national pour le renouveau de la justice adopt\u00e9 le 28 mars 2015 par les participants aux \u00e9tat g\u00e9n\u00e9raux de la justice avait appel\u00e9 \u00e0 une r\u00e9forme du CSM qui doit permettre \u00e0 des personnalit\u00e9s autres que les magistrats d\u2019\u00eatre membres <span style=\"font-size: 1.0625rem;\">\u00bb.<\/span><\/p>\n<p><strong>Nabintou Ouattara\u00a0<\/strong><\/p>\n<p><strong><span style=\"font-size: 1.0625rem;\">Latribunedufaso.n<\/span><span style=\"font-size: 1.0625rem;\">et <a href=\"https:\/\/www.latribunedufaso.net\/wp-content\/uploads\/2024\/07\/IMG-20240712-WA0025.jpg\"><img loading=\"lazy\" decoding=\"async\" class=\"size-medium wp-image-14790 alignleft\" src=\"https:\/\/www.latribunedufaso.net\/wp-content\/uploads\/2024\/07\/IMG-20240712-WA0025-300x225.jpg\" alt=\"\" width=\"300\" height=\"225\" srcset=\"https:\/\/www.latribunedufaso.net\/wp-content\/uploads\/2024\/07\/IMG-20240712-WA0025-300x225.jpg 300w, https:\/\/www.latribunedufaso.net\/wp-content\/uploads\/2024\/07\/IMG-20240712-WA0025-1024x768.jpg 1024w, https:\/\/www.latribunedufaso.net\/wp-content\/uploads\/2024\/07\/IMG-20240712-WA0025-768x576.jpg 768w, https:\/\/www.latribunedufaso.net\/wp-content\/uploads\/2024\/07\/IMG-20240712-WA0025.jpg 1280w\" sizes=\"auto, (max-width: 300px) 100vw, 300px\" \/><\/a><\/span><\/strong><\/p>\n","protected":false},"excerpt":{"rendered":"<p>Le vendredi 12 juillet 2024 \u00e0 Ouagadougou, a eu lieu l\u2019audience solennelle de prestation de serment des membres du Conseil sup\u00e9rieur de la magistrature.<\/p>\n","protected":false},"author":5,"featured_media":14791,"comment_status":"open","ping_status":"open","sticky":false,"template":"","format":"standard","meta":{"footnotes":""},"categories":[13,1,8],"tags":[],"class_list":["post-14789","post","type-post","status-publish","format-standard","has-post-thumbnail","hentry","category-une","category-actu","category-societe"],"yoast_head":"<!-- This site is optimized with the Yoast SEO plugin v27.5 - https:\/\/yoast.com\/product\/yoast-seo-wordpress\/ -->\n<title>Conseil sup\u00e9rieur de la Magistrature : Des personnalit\u00e9s non-magistrats font leur entr\u00e9e dans l\u2019univers judiciaire\u00a0 - La Tribune du Faso<\/title>\n<meta name=\"robots\" content=\"index, follow, max-snippet:-1, max-image-preview:large, max-video-preview:-1\" \/>\n<link rel=\"canonical\" href=\"https:\/\/www.latribunedufaso.net\/?p=14789\" \/>\n<meta property=\"og:locale\" content=\"fr_FR\" \/>\n<meta property=\"og:type\" content=\"article\" \/>\n<meta property=\"og:title\" content=\"Conseil sup\u00e9rieur de la Magistrature : Des personnalit\u00e9s non-magistrats font leur entr\u00e9e dans l\u2019univers judiciaire\u00a0 - La Tribune du Faso\" \/>\n<meta property=\"og:description\" content=\"Le vendredi 12 juillet 2024 \u00e0 Ouagadougou, a eu lieu l\u2019audience solennelle de prestation de serment des membres du Conseil sup\u00e9rieur de la magistrature.\" \/>\n<meta property=\"og:url\" content=\"https:\/\/www.latribunedufaso.net\/?p=14789\" \/>\n<meta property=\"og:site_name\" content=\"La Tribune du Faso\" \/>\n<meta property=\"article:publisher\" content=\"https:\/\/www.facebook.com\/LatribuneduFaso\/\" \/>\n<meta property=\"article:published_time\" content=\"2024-07-12T14:11:14+00:00\" \/>\n<meta property=\"og:image\" content=\"https:\/\/www.latribunedufaso.net\/wp-content\/uploads\/2024\/07\/IMG-20240712-WA0026.jpg\" \/>\n\t<meta property=\"og:image:width\" content=\"1280\" \/>\n\t<meta property=\"og:image:height\" content=\"960\" \/>\n\t<meta property=\"og:image:type\" content=\"image\/jpeg\" \/>\n<meta name=\"author\" content=\"Issouf Tapsoba\" \/>\n<meta name=\"twitter:label1\" content=\"\u00c9crit par\" \/>\n\t<meta name=\"twitter:data1\" content=\"Issouf Tapsoba\" \/>\n\t<meta name=\"twitter:label2\" content=\"Dur\u00e9e de lecture estim\u00e9e\" \/>\n\t<meta name=\"twitter:data2\" content=\"2 minutes\" \/>\n<script type=\"application\/ld+json\" class=\"yoast-schema-graph\">{\"@context\":\"https:\\\/\\\/schema.org\",\"@graph\":[{\"@type\":\"Article\",\"@id\":\"https:\\\/\\\/www.latribunedufaso.net\\\/?p=14789#article\",\"isPartOf\":{\"@id\":\"https:\\\/\\\/www.latribunedufaso.net\\\/?p=14789\"},\"author\":{\"name\":\"Issouf Tapsoba\",\"@id\":\"https:\\\/\\\/www.latribunedufaso.net\\\/#\\\/schema\\\/person\\\/e54e64c5778a7e72cf80a318b7a622b0\"},\"headline\":\"Conseil sup\u00e9rieur de la Magistrature : Des personnalit\u00e9s non-magistrats font leur entr\u00e9e dans l\u2019univers judiciaire\u00a0\",\"datePublished\":\"2024-07-12T14:11:14+00:00\",\"mainEntityOfPage\":{\"@id\":\"https:\\\/\\\/www.latribunedufaso.net\\\/?p=14789\"},\"wordCount\":446,\"commentCount\":0,\"publisher\":{\"@id\":\"https:\\\/\\\/www.latribunedufaso.net\\\/#organization\"},\"image\":{\"@id\":\"https:\\\/\\\/www.latribunedufaso.net\\\/?p=14789#primaryimage\"},\"thumbnailUrl\":\"https:\\\/\\\/www.latribunedufaso.net\\\/wp-content\\\/uploads\\\/2024\\\/07\\\/IMG-20240712-WA0026.jpg\",\"articleSection\":[\"A la une\",\"Actualit\u00e9\",\"Soci\u00e9t\u00e9\"],\"inLanguage\":\"fr-FR\",\"potentialAction\":[{\"@type\":\"CommentAction\",\"name\":\"Comment\",\"target\":[\"https:\\\/\\\/www.latribunedufaso.net\\\/?p=14789#respond\"]}]},{\"@type\":\"WebPage\",\"@id\":\"https:\\\/\\\/www.latribunedufaso.net\\\/?p=14789\",\"url\":\"https:\\\/\\\/www.latribunedufaso.net\\\/?p=14789\",\"name\":\"Conseil sup\u00e9rieur de la Magistrature : Des personnalit\u00e9s non-magistrats font leur entr\u00e9e dans l\u2019univers judiciaire\u00a0 - La Tribune du Faso\",\"isPartOf\":{\"@id\":\"https:\\\/\\\/www.latribunedufaso.net\\\/#website\"},\"primaryImageOfPage\":{\"@id\":\"https:\\\/\\\/www.latribunedufaso.net\\\/?p=14789#primaryimage\"},\"image\":{\"@id\":\"https:\\\/\\\/www.latribunedufaso.net\\\/?p=14789#primaryimage\"},\"thumbnailUrl\":\"https:\\\/\\\/www.latribunedufaso.net\\\/wp-content\\\/uploads\\\/2024\\\/07\\\/IMG-20240712-WA0026.jpg\",\"datePublished\":\"2024-07-12T14:11:14+00:00\",\"breadcrumb\":{\"@id\":\"https:\\\/\\\/www.latribunedufaso.net\\\/?p=14789#breadcrumb\"},\"inLanguage\":\"fr-FR\",\"potentialAction\":[{\"@type\":\"ReadAction\",\"target\":[\"https:\\\/\\\/www.latribunedufaso.net\\\/?p=14789\"]}]},{\"@type\":\"ImageObject\",\"inLanguage\":\"fr-FR\",\"@id\":\"https:\\\/\\\/www.latribunedufaso.net\\\/?p=14789#primaryimage\",\"url\":\"https:\\\/\\\/www.latribunedufaso.net\\\/wp-content\\\/uploads\\\/2024\\\/07\\\/IMG-20240712-WA0026.jpg\",\"contentUrl\":\"https:\\\/\\\/www.latribunedufaso.net\\\/wp-content\\\/uploads\\\/2024\\\/07\\\/IMG-20240712-WA0026.jpg\",\"width\":1280,\"height\":960},{\"@type\":\"BreadcrumbList\",\"@id\":\"https:\\\/\\\/www.latribunedufaso.net\\\/?p=14789#breadcrumb\",\"itemListElement\":[{\"@type\":\"ListItem\",\"position\":1,\"name\":\"Accueil\",\"item\":\"https:\\\/\\\/www.latribunedufaso.net\\\/\"},{\"@type\":\"ListItem\",\"position\":2,\"name\":\"Conseil sup\u00e9rieur de la Magistrature : Des personnalit\u00e9s non-magistrats font leur entr\u00e9e dans l\u2019univers judiciaire\u00a0\"}]},{\"@type\":\"WebSite\",\"@id\":\"https:\\\/\\\/www.latribunedufaso.net\\\/#website\",\"url\":\"https:\\\/\\\/www.latribunedufaso.net\\\/\",\"name\":\"La Tribune du Faso\",\"description\":\"L&#039;information du monde rural en un clic\",\"publisher\":{\"@id\":\"https:\\\/\\\/www.latribunedufaso.net\\\/#organization\"},\"potentialAction\":[{\"@type\":\"SearchAction\",\"target\":{\"@type\":\"EntryPoint\",\"urlTemplate\":\"https:\\\/\\\/www.latribunedufaso.net\\\/?s={search_term_string}\"},\"query-input\":{\"@type\":\"PropertyValueSpecification\",\"valueRequired\":true,\"valueName\":\"search_term_string\"}}],\"inLanguage\":\"fr-FR\"},{\"@type\":\"Organization\",\"@id\":\"https:\\\/\\\/www.latribunedufaso.net\\\/#organization\",\"name\":\"La Tribune du Faso\",\"url\":\"https:\\\/\\\/www.latribunedufaso.net\\\/\",\"logo\":{\"@type\":\"ImageObject\",\"inLanguage\":\"fr-FR\",\"@id\":\"https:\\\/\\\/www.latribunedufaso.net\\\/#\\\/schema\\\/logo\\\/image\\\/\",\"url\":\"https:\\\/\\\/www.latribunedufaso.net\\\/wp-content\\\/uploads\\\/2020\\\/08\\\/Logo-Tribune-du-Faso-final-scaled.jpg\",\"contentUrl\":\"https:\\\/\\\/www.latribunedufaso.net\\\/wp-content\\\/uploads\\\/2020\\\/08\\\/Logo-Tribune-du-Faso-final-scaled.jpg\",\"width\":2560,\"height\":1856,\"caption\":\"La Tribune du Faso\"},\"image\":{\"@id\":\"https:\\\/\\\/www.latribunedufaso.net\\\/#\\\/schema\\\/logo\\\/image\\\/\"},\"sameAs\":[\"https:\\\/\\\/www.facebook.com\\\/LatribuneduFaso\\\/\"]},{\"@type\":\"Person\",\"@id\":\"https:\\\/\\\/www.latribunedufaso.net\\\/#\\\/schema\\\/person\\\/e54e64c5778a7e72cf80a318b7a622b0\",\"name\":\"Issouf Tapsoba\",\"image\":{\"@type\":\"ImageObject\",\"inLanguage\":\"fr-FR\",\"@id\":\"https:\\\/\\\/secure.gravatar.com\\\/avatar\\\/5e6c05150ce3230247d167f5b94d678eb05936197436d69b7921e3a95c9107ac?s=96&d=mm&r=g\",\"url\":\"https:\\\/\\\/secure.gravatar.com\\\/avatar\\\/5e6c05150ce3230247d167f5b94d678eb05936197436d69b7921e3a95c9107ac?s=96&d=mm&r=g\",\"contentUrl\":\"https:\\\/\\\/secure.gravatar.com\\\/avatar\\\/5e6c05150ce3230247d167f5b94d678eb05936197436d69b7921e3a95c9107ac?s=96&d=mm&r=g\",\"caption\":\"Issouf Tapsoba\"},\"url\":\"https:\\\/\\\/www.latribunedufaso.net\\\/?author=5\"}]}<\/script>\n<!-- \/ Yoast SEO plugin. -->","yoast_head_json":{"title":"Conseil sup\u00e9rieur de la Magistrature : Des personnalit\u00e9s non-magistrats font leur entr\u00e9e dans l\u2019univers judiciaire\u00a0 - La Tribune du Faso","robots":{"index":"index","follow":"follow","max-snippet":"max-snippet:-1","max-image-preview":"max-image-preview:large","max-video-preview":"max-video-preview:-1"},"canonical":"https:\/\/www.latribunedufaso.net\/?p=14789","og_locale":"fr_FR","og_type":"article","og_title":"Conseil sup\u00e9rieur de la Magistrature : Des personnalit\u00e9s non-magistrats font leur entr\u00e9e dans l\u2019univers judiciaire\u00a0 - La Tribune du Faso","og_description":"Le vendredi 12 juillet 2024 \u00e0 Ouagadougou, a eu lieu l\u2019audience solennelle de prestation de serment des membres du Conseil sup\u00e9rieur de la magistrature.","og_url":"https:\/\/www.latribunedufaso.net\/?p=14789","og_site_name":"La Tribune du Faso","article_publisher":"https:\/\/www.facebook.com\/LatribuneduFaso\/","article_published_time":"2024-07-12T14:11:14+00:00","og_image":[{"width":1280,"height":960,"url":"https:\/\/www.latribunedufaso.net\/wp-content\/uploads\/2024\/07\/IMG-20240712-WA0026.jpg","type":"image\/jpeg"}],"author":"Issouf Tapsoba","twitter_misc":{"\u00c9crit par":"Issouf Tapsoba","Dur\u00e9e de lecture estim\u00e9e":"2 minutes"},"schema":{"@context":"https:\/\/schema.org","@graph":[{"@type":"Article","@id":"https:\/\/www.latribunedufaso.net\/?p=14789#article","isPartOf":{"@id":"https:\/\/www.latribunedufaso.net\/?p=14789"},"author":{"name":"Issouf Tapsoba","@id":"https:\/\/www.latribunedufaso.net\/#\/schema\/person\/e54e64c5778a7e72cf80a318b7a622b0"},"headline":"Conseil sup\u00e9rieur de la Magistrature : Des personnalit\u00e9s non-magistrats font leur entr\u00e9e dans l\u2019univers judiciaire\u00a0","datePublished":"2024-07-12T14:11:14+00:00","mainEntityOfPage":{"@id":"https:\/\/www.latribunedufaso.net\/?p=14789"},"wordCount":446,"commentCount":0,"publisher":{"@id":"https:\/\/www.latribunedufaso.net\/#organization"},"image":{"@id":"https:\/\/www.latribunedufaso.net\/?p=14789#primaryimage"},"thumbnailUrl":"https:\/\/www.latribunedufaso.net\/wp-content\/uploads\/2024\/07\/IMG-20240712-WA0026.jpg","articleSection":["A la une","Actualit\u00e9","Soci\u00e9t\u00e9"],"inLanguage":"fr-FR","potentialAction":[{"@type":"CommentAction","name":"Comment","target":["https:\/\/www.latribunedufaso.net\/?p=14789#respond"]}]},{"@type":"WebPage","@id":"https:\/\/www.latribunedufaso.net\/?p=14789","url":"https:\/\/www.latribunedufaso.net\/?p=14789","name":"Conseil sup\u00e9rieur de la Magistrature : Des personnalit\u00e9s non-magistrats font leur entr\u00e9e dans l\u2019univers judiciaire\u00a0 - La Tribune du Faso","isPartOf":{"@id":"https:\/\/www.latribunedufaso.net\/#website"},"primaryImageOfPage":{"@id":"https:\/\/www.latribunedufaso.net\/?p=14789#primaryimage"},"image":{"@id":"https:\/\/www.latribunedufaso.net\/?p=14789#primaryimage"},"thumbnailUrl":"https:\/\/www.latribunedufaso.net\/wp-content\/uploads\/2024\/07\/IMG-20240712-WA0026.jpg","datePublished":"2024-07-12T14:11:14+00:00","breadcrumb":{"@id":"https:\/\/www.latribunedufaso.net\/?p=14789#breadcrumb"},"inLanguage":"fr-FR","potentialAction":[{"@type":"ReadAction","target":["https:\/\/www.latribunedufaso.net\/?p=14789"]}]},{"@type":"ImageObject","inLanguage":"fr-FR","@id":"https:\/\/www.latribunedufaso.net\/?p=14789#primaryimage","url":"https:\/\/www.latribunedufaso.net\/wp-content\/uploads\/2024\/07\/IMG-20240712-WA0026.jpg","contentUrl":"https:\/\/www.latribunedufaso.net\/wp-content\/uploads\/2024\/07\/IMG-20240712-WA0026.jpg","width":1280,"height":960},{"@type":"BreadcrumbList","@id":"https:\/\/www.latribunedufaso.net\/?p=14789#breadcrumb","itemListElement":[{"@type":"ListItem","position":1,"name":"Accueil","item":"https:\/\/www.latribunedufaso.net\/"},{"@type":"ListItem","position":2,"name":"Conseil sup\u00e9rieur de la Magistrature : Des personnalit\u00e9s non-magistrats font leur entr\u00e9e dans l\u2019univers judiciaire\u00a0"}]},{"@type":"WebSite","@id":"https:\/\/www.latribunedufaso.net\/#website","url":"https:\/\/www.latribunedufaso.net\/","name":"La Tribune du Faso","description":"L&#039;information du monde rural en un clic","publisher":{"@id":"https:\/\/www.latribunedufaso.net\/#organization"},"potentialAction":[{"@type":"SearchAction","target":{"@type":"EntryPoint","urlTemplate":"https:\/\/www.latribunedufaso.net\/?s={search_term_string}"},"query-input":{"@type":"PropertyValueSpecification","valueRequired":true,"valueName":"search_term_string"}}],"inLanguage":"fr-FR"},{"@type":"Organization","@id":"https:\/\/www.latribunedufaso.net\/#organization","name":"La Tribune du Faso","url":"https:\/\/www.latribunedufaso.net\/","logo":{"@type":"ImageObject","inLanguage":"fr-FR","@id":"https:\/\/www.latribunedufaso.net\/#\/schema\/logo\/image\/","url":"https:\/\/www.latribunedufaso.net\/wp-content\/uploads\/2020\/08\/Logo-Tribune-du-Faso-final-scaled.jpg","contentUrl":"https:\/\/www.latribunedufaso.net\/wp-content\/uploads\/2020\/08\/Logo-Tribune-du-Faso-final-scaled.jpg","width":2560,"height":1856,"caption":"La Tribune du Faso"},"image":{"@id":"https:\/\/www.latribunedufaso.net\/#\/schema\/logo\/image\/"},"sameAs":["https:\/\/www.facebook.com\/LatribuneduFaso\/"]},{"@type":"Person","@id":"https:\/\/www.latribunedufaso.net\/#\/schema\/person\/e54e64c5778a7e72cf80a318b7a622b0","name":"Issouf Tapsoba","image":{"@type":"ImageObject","inLanguage":"fr-FR","@id":"https:\/\/secure.gravatar.com\/avatar\/5e6c05150ce3230247d167f5b94d678eb05936197436d69b7921e3a95c9107ac?s=96&d=mm&r=g","url":"https:\/\/secure.gravatar.com\/avatar\/5e6c05150ce3230247d167f5b94d678eb05936197436d69b7921e3a95c9107ac?s=96&d=mm&r=g","contentUrl":"https:\/\/secure.gravatar.com\/avatar\/5e6c05150ce3230247d167f5b94d678eb05936197436d69b7921e3a95c9107ac?s=96&d=mm&r=g","caption":"Issouf Tapsoba"},"url":"https:\/\/www.latribunedufaso.net\/?author=5"}]}},"_links":{"self":[{"href":"https:\/\/www.latribunedufaso.net\/index.php?rest_route=\/wp\/v2\/posts\/14789","targetHints":{"allow":["GET"]}}],"collection":[{"href":"https:\/\/www.latribunedufaso.net\/index.php?rest_route=\/wp\/v2\/posts"}],"about":[{"href":"https:\/\/www.latribunedufaso.net\/index.php?rest_route=\/wp\/v2\/types\/post"}],"author":[{"embeddable":true,"href":"https:\/\/www.latribunedufaso.net\/index.php?rest_route=\/wp\/v2\/users\/5"}],"replies":[{"embeddable":true,"href":"https:\/\/www.latribunedufaso.net\/index.php?rest_route=%2Fwp%2Fv2%2Fcomments&post=14789"}],"version-history":[{"count":1,"href":"https:\/\/www.latribunedufaso.net\/index.php?rest_route=\/wp\/v2\/posts\/14789\/revisions"}],"predecessor-version":[{"id":14795,"href":"https:\/\/www.latribunedufaso.net\/index.php?rest_route=\/wp\/v2\/posts\/14789\/revisions\/14795"}],"wp:featuredmedia":[{"embeddable":true,"href":"https:\/\/www.latribunedufaso.net\/index.php?rest_route=\/wp\/v2\/media\/14791"}],"wp:attachment":[{"href":"https:\/\/www.latribunedufaso.net\/index.php?rest_route=%2Fwp%2Fv2%2Fmedia&parent=14789"}],"wp:term":[{"taxonomy":"category","embeddable":true,"href":"https:\/\/www.latribunedufaso.net\/index.php?rest_route=%2Fwp%2Fv2%2Fcategories&post=14789"},{"taxonomy":"post_tag","embeddable":true,"href":"https:\/\/www.latribunedufaso.net\/index.php?rest_route=%2Fwp%2Fv2%2Ftags&post=14789"}],"curies":[{"name":"wp","href":"https:\/\/api.w.org\/{rel}","templated":true}]}}