{"id":14724,"date":"2024-07-09T16:58:56","date_gmt":"2024-07-09T16:58:56","guid":{"rendered":"https:\/\/www.latribunedufaso.net\/?p=14724"},"modified":"2024-07-09T16:58:56","modified_gmt":"2024-07-09T16:58:56","slug":"session-ordinaire-du-cnppc-2024-les-acteurs-examinent-letat-de-la-mise-en-place-des-poles-de-croissance-et-perspectives","status":"publish","type":"post","link":"https:\/\/www.latribunedufaso.net\/?p=14724","title":{"rendered":"Session ordinaire du CNPPC 2024 : Les acteurs examinent l\u2019\u00e9tat de la mise en place des p\u00f4les de croissance et perspectives\u00a0"},"content":{"rendered":"<p><strong style=\"font-size: 1.0625rem;\">Le mardi 9 juillet 2024 \u00e0 Ouagadougou, le Premier ministre Apollinaire Joachimson Ky\u00e9lem, a pr\u00e9sid\u00e9 la session ordinaire 2024 du comit\u00e9 national de pilotage des p\u00f4les de croissance (CNPPC).<\/strong><\/p>\n<p><!--more--><\/p>\n<p>Organis\u00e9e par le minist\u00e8re de l\u2019Economie des Finances et de la Prospective, cette session est plac\u00e9e sous le th\u00e8me : \u00bb D\u00e9velopper une strat\u00e9gie de mobilisation des ressources financi\u00e8res pour le financement p\u00e9renne et endog\u00e8ne des p\u00f4les de croissance en vue d\u2019accroitre la souverainet\u00e9 nationale \u00bb .<\/p>\n<p><a href=\"https:\/\/www.latribunedufaso.net\/wp-content\/uploads\/2024\/07\/IMG-20240709-WA0021.jpg\"><img loading=\"lazy\" decoding=\"async\" class=\"size-medium wp-image-14726 alignleft\" src=\"https:\/\/www.latribunedufaso.net\/wp-content\/uploads\/2024\/07\/IMG-20240709-WA0021-300x225.jpg\" alt=\"\" width=\"300\" height=\"225\" srcset=\"https:\/\/www.latribunedufaso.net\/wp-content\/uploads\/2024\/07\/IMG-20240709-WA0021-300x225.jpg 300w, https:\/\/www.latribunedufaso.net\/wp-content\/uploads\/2024\/07\/IMG-20240709-WA0021-1024x768.jpg 1024w, https:\/\/www.latribunedufaso.net\/wp-content\/uploads\/2024\/07\/IMG-20240709-WA0021-768x576.jpg 768w, https:\/\/www.latribunedufaso.net\/wp-content\/uploads\/2024\/07\/IMG-20240709-WA0021.jpg 1280w\" sizes=\"auto, (max-width: 300px) 100vw, 300px\" \/><\/a>Le discours du Premier ministre a \u00e9t\u00e9 lu par le ministre de l\u2019Economie Dr Aboubacar Nacanabo. A l\u2019\u00e9couter, cette session a permis de faire le point de la mise en \u0153uvre de toutes les actions entreprises aux niveaux des p\u00f4les de croissance, d\u2019identifier les difficult\u00e9s et de faire des recommandations.<\/p>\n<p>\u00ab A l\u2019issu des \u00e9changes il ressort qu\u2019au niveau des p\u00f4les de croissances, il y en a o\u00f9 beaucoup d\u2019efforts sont fournis et des r\u00e9sultats tangibles r\u00e9alis\u00e9s. C\u2019est le cas du p\u00f4le de croissance de Bagr\u00e9, qui est le premier p\u00f4le de croissance mis en \u0153uvre depuis 2011. Il y a \u00e9galement celui de Samandeni qui commence \u00e0 faire de la production \u00bb, a-t-il expliqu\u00e9.\u00a0<\/p>\n<p>Pour lui, malgr\u00e9 les difficult\u00e9s rencontr\u00e9es, les r\u00e9sultats rassurent que les p\u00f4les de croissance vont contribuer au d\u00e9veloppement \u00e9conomique et social du Burkina Faso. Il a ainsi invit\u00e9 les acteurs du secteur priv\u00e9, les banques etc \u00e0 venir y investir parce que ce sont des opportunit\u00e9s d\u2019affaire et que cela va permettre au secteur priv\u00e9 de se d\u00e9velopper, de cr\u00e9er des emplois et d\u2019accompagner l\u2019Etat dans ses actions de d\u00e9veloppement.\u00a0<\/p>\n<p><a href=\"https:\/\/www.latribunedufaso.net\/wp-content\/uploads\/2024\/07\/IMG-20240709-WA0022.jpg\"><img loading=\"lazy\" decoding=\"async\" class=\"size-medium wp-image-14725 alignleft\" src=\"https:\/\/www.latribunedufaso.net\/wp-content\/uploads\/2024\/07\/IMG-20240709-WA0022-300x225.jpg\" alt=\"\" width=\"300\" height=\"225\" srcset=\"https:\/\/www.latribunedufaso.net\/wp-content\/uploads\/2024\/07\/IMG-20240709-WA0022-300x225.jpg 300w, https:\/\/www.latribunedufaso.net\/wp-content\/uploads\/2024\/07\/IMG-20240709-WA0022-1024x768.jpg 1024w, https:\/\/www.latribunedufaso.net\/wp-content\/uploads\/2024\/07\/IMG-20240709-WA0022-768x576.jpg 768w, https:\/\/www.latribunedufaso.net\/wp-content\/uploads\/2024\/07\/IMG-20240709-WA0022.jpg 1280w\" sizes=\"auto, (max-width: 300px) 100vw, 300px\" \/><\/a>En effet, les p\u00f4les de croissances rencontrent plusieurs difficult\u00e9s parmis lesquelles, l\u2019impact de la crise s\u00e9curitaire, la faiblesse des financements accord\u00e9s aux P\u00f4les de croissance (PC), la probl\u00e9matique de la commercialisation de la production des PC, les lourdeurs administratives en lien avec les march\u00e9s publics etc.<\/p>\n<p>Par la suite, le ministre Dr Aboubakar Nacanabo a invit\u00e9 les participants \u00e0 des \u00e9changes francs et fructueux. \u00ab Je vous encourage \u00e0 poursuivre dans cette dynamique car c\u2019est seulement par la mobilisation citoyenne et la synergie d\u2019actions \u00e0 tous les niveaux, que nous poserons les bases d\u2019une croissance \u00e9conomique forte, soutenue, de qualit\u00e9, inclusive et r\u00e9siliente \u00bb, a-t-il laiss\u00e9 entendre.<\/p>\n<p>En rappel, il existe 11 sites de p\u00f4les de croissance sur toute l\u2019\u00e9tendue du Burkina Faso. Pour l\u2019ann\u00e9e 2023, sur les 4 r\u00e9solutions et 7 recommandations prises, le taux global de mise en \u0153uvre est de 56,75%.<\/p>\n<p><strong>Nabintou Ouattara\u00a0<\/strong><\/p>\n<p><strong>Latribunedufas<span style=\"font-size: 1.0625rem;\">o.net<\/span><\/strong><\/p>\n","protected":false},"excerpt":{"rendered":"<p>Le mardi 9 juillet 2024 \u00e0 Ouagadougou, le Premier ministre Apollinaire Joachimson Ky\u00e9lem, a pr\u00e9sid\u00e9 la session ordinaire 2024 du comit\u00e9 national de pilotage des p\u00f4les de croissance (CNPPC).<\/p>\n","protected":false},"author":5,"featured_media":14727,"comment_status":"open","ping_status":"open","sticky":false,"template":"","format":"standard","meta":{"footnotes":""},"categories":[13,1,3],"tags":[],"class_list":["post-14724","post","type-post","status-publish","format-standard","has-post-thumbnail","hentry","category-une","category-actu","category-agri"],"yoast_head":"<!-- This site is optimized with the Yoast SEO plugin v27.5 - https:\/\/yoast.com\/product\/yoast-seo-wordpress\/ -->\n<title>Session ordinaire du CNPPC 2024 : Les acteurs examinent l\u2019\u00e9tat de la mise en place des p\u00f4les de croissance et perspectives\u00a0 - La Tribune du Faso<\/title>\n<meta name=\"robots\" content=\"index, follow, max-snippet:-1, max-image-preview:large, max-video-preview:-1\" \/>\n<link rel=\"canonical\" href=\"https:\/\/www.latribunedufaso.net\/?p=14724\" \/>\n<meta property=\"og:locale\" content=\"fr_FR\" \/>\n<meta property=\"og:type\" content=\"article\" \/>\n<meta property=\"og:title\" content=\"Session ordinaire du CNPPC 2024 : Les acteurs examinent l\u2019\u00e9tat de la mise en place des p\u00f4les de croissance et perspectives\u00a0 - La Tribune du Faso\" \/>\n<meta property=\"og:description\" content=\"Le mardi 9 juillet 2024 \u00e0 Ouagadougou, le Premier ministre Apollinaire Joachimson Ky\u00e9lem, a pr\u00e9sid\u00e9 la session ordinaire 2024 du comit\u00e9 national de pilotage des p\u00f4les de croissance (CNPPC).\" \/>\n<meta property=\"og:url\" content=\"https:\/\/www.latribunedufaso.net\/?p=14724\" \/>\n<meta property=\"og:site_name\" content=\"La Tribune du Faso\" \/>\n<meta property=\"article:publisher\" content=\"https:\/\/www.facebook.com\/LatribuneduFaso\/\" \/>\n<meta property=\"article:published_time\" content=\"2024-07-09T16:58:56+00:00\" \/>\n<meta property=\"og:image\" content=\"https:\/\/www.latribunedufaso.net\/wp-content\/uploads\/2024\/07\/IMG-20240709-WA0020.jpg\" \/>\n\t<meta property=\"og:image:width\" content=\"1280\" \/>\n\t<meta property=\"og:image:height\" content=\"960\" \/>\n\t<meta property=\"og:image:type\" content=\"image\/jpeg\" \/>\n<meta name=\"author\" content=\"Issouf Tapsoba\" \/>\n<meta name=\"twitter:label1\" content=\"\u00c9crit par\" \/>\n\t<meta name=\"twitter:data1\" content=\"Issouf Tapsoba\" \/>\n\t<meta name=\"twitter:label2\" content=\"Dur\u00e9e de lecture estim\u00e9e\" \/>\n\t<meta name=\"twitter:data2\" content=\"2 minutes\" \/>\n<script type=\"application\/ld+json\" class=\"yoast-schema-graph\">{\"@context\":\"https:\\\/\\\/schema.org\",\"@graph\":[{\"@type\":\"Article\",\"@id\":\"https:\\\/\\\/www.latribunedufaso.net\\\/?p=14724#article\",\"isPartOf\":{\"@id\":\"https:\\\/\\\/www.latribunedufaso.net\\\/?p=14724\"},\"author\":{\"name\":\"Issouf Tapsoba\",\"@id\":\"https:\\\/\\\/www.latribunedufaso.net\\\/#\\\/schema\\\/person\\\/e54e64c5778a7e72cf80a318b7a622b0\"},\"headline\":\"Session ordinaire du CNPPC 2024 : Les acteurs examinent l\u2019\u00e9tat de la mise en place des p\u00f4les de croissance et perspectives\u00a0\",\"datePublished\":\"2024-07-09T16:58:56+00:00\",\"mainEntityOfPage\":{\"@id\":\"https:\\\/\\\/www.latribunedufaso.net\\\/?p=14724\"},\"wordCount\":466,\"commentCount\":0,\"publisher\":{\"@id\":\"https:\\\/\\\/www.latribunedufaso.net\\\/#organization\"},\"image\":{\"@id\":\"https:\\\/\\\/www.latribunedufaso.net\\\/?p=14724#primaryimage\"},\"thumbnailUrl\":\"https:\\\/\\\/www.latribunedufaso.net\\\/wp-content\\\/uploads\\\/2024\\\/07\\\/IMG-20240709-WA0020.jpg\",\"articleSection\":[\"A la une\",\"Actualit\u00e9\",\"Agriculture\"],\"inLanguage\":\"fr-FR\",\"potentialAction\":[{\"@type\":\"CommentAction\",\"name\":\"Comment\",\"target\":[\"https:\\\/\\\/www.latribunedufaso.net\\\/?p=14724#respond\"]}]},{\"@type\":\"WebPage\",\"@id\":\"https:\\\/\\\/www.latribunedufaso.net\\\/?p=14724\",\"url\":\"https:\\\/\\\/www.latribunedufaso.net\\\/?p=14724\",\"name\":\"Session ordinaire du CNPPC 2024 : Les acteurs examinent l\u2019\u00e9tat de la mise en place des p\u00f4les de croissance et perspectives\u00a0 - La Tribune du Faso\",\"isPartOf\":{\"@id\":\"https:\\\/\\\/www.latribunedufaso.net\\\/#website\"},\"primaryImageOfPage\":{\"@id\":\"https:\\\/\\\/www.latribunedufaso.net\\\/?p=14724#primaryimage\"},\"image\":{\"@id\":\"https:\\\/\\\/www.latribunedufaso.net\\\/?p=14724#primaryimage\"},\"thumbnailUrl\":\"https:\\\/\\\/www.latribunedufaso.net\\\/wp-content\\\/uploads\\\/2024\\\/07\\\/IMG-20240709-WA0020.jpg\",\"datePublished\":\"2024-07-09T16:58:56+00:00\",\"breadcrumb\":{\"@id\":\"https:\\\/\\\/www.latribunedufaso.net\\\/?p=14724#breadcrumb\"},\"inLanguage\":\"fr-FR\",\"potentialAction\":[{\"@type\":\"ReadAction\",\"target\":[\"https:\\\/\\\/www.latribunedufaso.net\\\/?p=14724\"]}]},{\"@type\":\"ImageObject\",\"inLanguage\":\"fr-FR\",\"@id\":\"https:\\\/\\\/www.latribunedufaso.net\\\/?p=14724#primaryimage\",\"url\":\"https:\\\/\\\/www.latribunedufaso.net\\\/wp-content\\\/uploads\\\/2024\\\/07\\\/IMG-20240709-WA0020.jpg\",\"contentUrl\":\"https:\\\/\\\/www.latribunedufaso.net\\\/wp-content\\\/uploads\\\/2024\\\/07\\\/IMG-20240709-WA0020.jpg\",\"width\":1280,\"height\":960},{\"@type\":\"BreadcrumbList\",\"@id\":\"https:\\\/\\\/www.latribunedufaso.net\\\/?p=14724#breadcrumb\",\"itemListElement\":[{\"@type\":\"ListItem\",\"position\":1,\"name\":\"Accueil\",\"item\":\"https:\\\/\\\/www.latribunedufaso.net\\\/\"},{\"@type\":\"ListItem\",\"position\":2,\"name\":\"Session ordinaire du CNPPC 2024 : Les acteurs examinent l\u2019\u00e9tat de la mise en place des p\u00f4les de croissance et perspectives\u00a0\"}]},{\"@type\":\"WebSite\",\"@id\":\"https:\\\/\\\/www.latribunedufaso.net\\\/#website\",\"url\":\"https:\\\/\\\/www.latribunedufaso.net\\\/\",\"name\":\"La Tribune du Faso\",\"description\":\"L&#039;information du monde rural en un clic\",\"publisher\":{\"@id\":\"https:\\\/\\\/www.latribunedufaso.net\\\/#organization\"},\"potentialAction\":[{\"@type\":\"SearchAction\",\"target\":{\"@type\":\"EntryPoint\",\"urlTemplate\":\"https:\\\/\\\/www.latribunedufaso.net\\\/?s={search_term_string}\"},\"query-input\":{\"@type\":\"PropertyValueSpecification\",\"valueRequired\":true,\"valueName\":\"search_term_string\"}}],\"inLanguage\":\"fr-FR\"},{\"@type\":\"Organization\",\"@id\":\"https:\\\/\\\/www.latribunedufaso.net\\\/#organization\",\"name\":\"La Tribune du Faso\",\"url\":\"https:\\\/\\\/www.latribunedufaso.net\\\/\",\"logo\":{\"@type\":\"ImageObject\",\"inLanguage\":\"fr-FR\",\"@id\":\"https:\\\/\\\/www.latribunedufaso.net\\\/#\\\/schema\\\/logo\\\/image\\\/\",\"url\":\"https:\\\/\\\/www.latribunedufaso.net\\\/wp-content\\\/uploads\\\/2020\\\/08\\\/Logo-Tribune-du-Faso-final-scaled.jpg\",\"contentUrl\":\"https:\\\/\\\/www.latribunedufaso.net\\\/wp-content\\\/uploads\\\/2020\\\/08\\\/Logo-Tribune-du-Faso-final-scaled.jpg\",\"width\":2560,\"height\":1856,\"caption\":\"La Tribune du Faso\"},\"image\":{\"@id\":\"https:\\\/\\\/www.latribunedufaso.net\\\/#\\\/schema\\\/logo\\\/image\\\/\"},\"sameAs\":[\"https:\\\/\\\/www.facebook.com\\\/LatribuneduFaso\\\/\"]},{\"@type\":\"Person\",\"@id\":\"https:\\\/\\\/www.latribunedufaso.net\\\/#\\\/schema\\\/person\\\/e54e64c5778a7e72cf80a318b7a622b0\",\"name\":\"Issouf Tapsoba\",\"image\":{\"@type\":\"ImageObject\",\"inLanguage\":\"fr-FR\",\"@id\":\"https:\\\/\\\/secure.gravatar.com\\\/avatar\\\/5e6c05150ce3230247d167f5b94d678eb05936197436d69b7921e3a95c9107ac?s=96&d=mm&r=g\",\"url\":\"https:\\\/\\\/secure.gravatar.com\\\/avatar\\\/5e6c05150ce3230247d167f5b94d678eb05936197436d69b7921e3a95c9107ac?s=96&d=mm&r=g\",\"contentUrl\":\"https:\\\/\\\/secure.gravatar.com\\\/avatar\\\/5e6c05150ce3230247d167f5b94d678eb05936197436d69b7921e3a95c9107ac?s=96&d=mm&r=g\",\"caption\":\"Issouf Tapsoba\"},\"url\":\"https:\\\/\\\/www.latribunedufaso.net\\\/?author=5\"}]}<\/script>\n<!-- \/ Yoast SEO plugin. -->","yoast_head_json":{"title":"Session ordinaire du CNPPC 2024 : Les acteurs examinent l\u2019\u00e9tat de la mise en place des p\u00f4les de croissance et perspectives\u00a0 - La Tribune du Faso","robots":{"index":"index","follow":"follow","max-snippet":"max-snippet:-1","max-image-preview":"max-image-preview:large","max-video-preview":"max-video-preview:-1"},"canonical":"https:\/\/www.latribunedufaso.net\/?p=14724","og_locale":"fr_FR","og_type":"article","og_title":"Session ordinaire du CNPPC 2024 : Les acteurs examinent l\u2019\u00e9tat de la mise en place des p\u00f4les de croissance et perspectives\u00a0 - La Tribune du Faso","og_description":"Le mardi 9 juillet 2024 \u00e0 Ouagadougou, le Premier ministre Apollinaire Joachimson Ky\u00e9lem, a pr\u00e9sid\u00e9 la session ordinaire 2024 du comit\u00e9 national de pilotage des p\u00f4les de croissance (CNPPC).","og_url":"https:\/\/www.latribunedufaso.net\/?p=14724","og_site_name":"La Tribune du Faso","article_publisher":"https:\/\/www.facebook.com\/LatribuneduFaso\/","article_published_time":"2024-07-09T16:58:56+00:00","og_image":[{"width":1280,"height":960,"url":"https:\/\/www.latribunedufaso.net\/wp-content\/uploads\/2024\/07\/IMG-20240709-WA0020.jpg","type":"image\/jpeg"}],"author":"Issouf Tapsoba","twitter_misc":{"\u00c9crit par":"Issouf Tapsoba","Dur\u00e9e de lecture estim\u00e9e":"2 minutes"},"schema":{"@context":"https:\/\/schema.org","@graph":[{"@type":"Article","@id":"https:\/\/www.latribunedufaso.net\/?p=14724#article","isPartOf":{"@id":"https:\/\/www.latribunedufaso.net\/?p=14724"},"author":{"name":"Issouf Tapsoba","@id":"https:\/\/www.latribunedufaso.net\/#\/schema\/person\/e54e64c5778a7e72cf80a318b7a622b0"},"headline":"Session ordinaire du CNPPC 2024 : Les acteurs examinent l\u2019\u00e9tat de la mise en place des p\u00f4les de croissance et perspectives\u00a0","datePublished":"2024-07-09T16:58:56+00:00","mainEntityOfPage":{"@id":"https:\/\/www.latribunedufaso.net\/?p=14724"},"wordCount":466,"commentCount":0,"publisher":{"@id":"https:\/\/www.latribunedufaso.net\/#organization"},"image":{"@id":"https:\/\/www.latribunedufaso.net\/?p=14724#primaryimage"},"thumbnailUrl":"https:\/\/www.latribunedufaso.net\/wp-content\/uploads\/2024\/07\/IMG-20240709-WA0020.jpg","articleSection":["A la une","Actualit\u00e9","Agriculture"],"inLanguage":"fr-FR","potentialAction":[{"@type":"CommentAction","name":"Comment","target":["https:\/\/www.latribunedufaso.net\/?p=14724#respond"]}]},{"@type":"WebPage","@id":"https:\/\/www.latribunedufaso.net\/?p=14724","url":"https:\/\/www.latribunedufaso.net\/?p=14724","name":"Session ordinaire du CNPPC 2024 : Les acteurs examinent l\u2019\u00e9tat de la mise en place des p\u00f4les de croissance et perspectives\u00a0 - La Tribune du Faso","isPartOf":{"@id":"https:\/\/www.latribunedufaso.net\/#website"},"primaryImageOfPage":{"@id":"https:\/\/www.latribunedufaso.net\/?p=14724#primaryimage"},"image":{"@id":"https:\/\/www.latribunedufaso.net\/?p=14724#primaryimage"},"thumbnailUrl":"https:\/\/www.latribunedufaso.net\/wp-content\/uploads\/2024\/07\/IMG-20240709-WA0020.jpg","datePublished":"2024-07-09T16:58:56+00:00","breadcrumb":{"@id":"https:\/\/www.latribunedufaso.net\/?p=14724#breadcrumb"},"inLanguage":"fr-FR","potentialAction":[{"@type":"ReadAction","target":["https:\/\/www.latribunedufaso.net\/?p=14724"]}]},{"@type":"ImageObject","inLanguage":"fr-FR","@id":"https:\/\/www.latribunedufaso.net\/?p=14724#primaryimage","url":"https:\/\/www.latribunedufaso.net\/wp-content\/uploads\/2024\/07\/IMG-20240709-WA0020.jpg","contentUrl":"https:\/\/www.latribunedufaso.net\/wp-content\/uploads\/2024\/07\/IMG-20240709-WA0020.jpg","width":1280,"height":960},{"@type":"BreadcrumbList","@id":"https:\/\/www.latribunedufaso.net\/?p=14724#breadcrumb","itemListElement":[{"@type":"ListItem","position":1,"name":"Accueil","item":"https:\/\/www.latribunedufaso.net\/"},{"@type":"ListItem","position":2,"name":"Session ordinaire du CNPPC 2024 : Les acteurs examinent l\u2019\u00e9tat de la mise en place des p\u00f4les de croissance et perspectives\u00a0"}]},{"@type":"WebSite","@id":"https:\/\/www.latribunedufaso.net\/#website","url":"https:\/\/www.latribunedufaso.net\/","name":"La Tribune du Faso","description":"L&#039;information du monde rural en un clic","publisher":{"@id":"https:\/\/www.latribunedufaso.net\/#organization"},"potentialAction":[{"@type":"SearchAction","target":{"@type":"EntryPoint","urlTemplate":"https:\/\/www.latribunedufaso.net\/?s={search_term_string}"},"query-input":{"@type":"PropertyValueSpecification","valueRequired":true,"valueName":"search_term_string"}}],"inLanguage":"fr-FR"},{"@type":"Organization","@id":"https:\/\/www.latribunedufaso.net\/#organization","name":"La Tribune du Faso","url":"https:\/\/www.latribunedufaso.net\/","logo":{"@type":"ImageObject","inLanguage":"fr-FR","@id":"https:\/\/www.latribunedufaso.net\/#\/schema\/logo\/image\/","url":"https:\/\/www.latribunedufaso.net\/wp-content\/uploads\/2020\/08\/Logo-Tribune-du-Faso-final-scaled.jpg","contentUrl":"https:\/\/www.latribunedufaso.net\/wp-content\/uploads\/2020\/08\/Logo-Tribune-du-Faso-final-scaled.jpg","width":2560,"height":1856,"caption":"La Tribune du Faso"},"image":{"@id":"https:\/\/www.latribunedufaso.net\/#\/schema\/logo\/image\/"},"sameAs":["https:\/\/www.facebook.com\/LatribuneduFaso\/"]},{"@type":"Person","@id":"https:\/\/www.latribunedufaso.net\/#\/schema\/person\/e54e64c5778a7e72cf80a318b7a622b0","name":"Issouf Tapsoba","image":{"@type":"ImageObject","inLanguage":"fr-FR","@id":"https:\/\/secure.gravatar.com\/avatar\/5e6c05150ce3230247d167f5b94d678eb05936197436d69b7921e3a95c9107ac?s=96&d=mm&r=g","url":"https:\/\/secure.gravatar.com\/avatar\/5e6c05150ce3230247d167f5b94d678eb05936197436d69b7921e3a95c9107ac?s=96&d=mm&r=g","contentUrl":"https:\/\/secure.gravatar.com\/avatar\/5e6c05150ce3230247d167f5b94d678eb05936197436d69b7921e3a95c9107ac?s=96&d=mm&r=g","caption":"Issouf Tapsoba"},"url":"https:\/\/www.latribunedufaso.net\/?author=5"}]}},"_links":{"self":[{"href":"https:\/\/www.latribunedufaso.net\/index.php?rest_route=\/wp\/v2\/posts\/14724","targetHints":{"allow":["GET"]}}],"collection":[{"href":"https:\/\/www.latribunedufaso.net\/index.php?rest_route=\/wp\/v2\/posts"}],"about":[{"href":"https:\/\/www.latribunedufaso.net\/index.php?rest_route=\/wp\/v2\/types\/post"}],"author":[{"embeddable":true,"href":"https:\/\/www.latribunedufaso.net\/index.php?rest_route=\/wp\/v2\/users\/5"}],"replies":[{"embeddable":true,"href":"https:\/\/www.latribunedufaso.net\/index.php?rest_route=%2Fwp%2Fv2%2Fcomments&post=14724"}],"version-history":[{"count":1,"href":"https:\/\/www.latribunedufaso.net\/index.php?rest_route=\/wp\/v2\/posts\/14724\/revisions"}],"predecessor-version":[{"id":14728,"href":"https:\/\/www.latribunedufaso.net\/index.php?rest_route=\/wp\/v2\/posts\/14724\/revisions\/14728"}],"wp:featuredmedia":[{"embeddable":true,"href":"https:\/\/www.latribunedufaso.net\/index.php?rest_route=\/wp\/v2\/media\/14727"}],"wp:attachment":[{"href":"https:\/\/www.latribunedufaso.net\/index.php?rest_route=%2Fwp%2Fv2%2Fmedia&parent=14724"}],"wp:term":[{"taxonomy":"category","embeddable":true,"href":"https:\/\/www.latribunedufaso.net\/index.php?rest_route=%2Fwp%2Fv2%2Fcategories&post=14724"},{"taxonomy":"post_tag","embeddable":true,"href":"https:\/\/www.latribunedufaso.net\/index.php?rest_route=%2Fwp%2Fv2%2Ftags&post=14724"}],"curies":[{"name":"wp","href":"https:\/\/api.w.org\/{rel}","templated":true}]}}