{"id":14690,"date":"2024-07-05T16:51:55","date_gmt":"2024-07-05T16:51:55","guid":{"rendered":"https:\/\/www.latribunedufaso.net\/?p=14690"},"modified":"2024-07-05T16:51:55","modified_gmt":"2024-07-05T16:51:55","slug":"cite-de-la-renaissance-le-ministre-en-charge-de-lurbanisme-mikailou-sidibe-pose-la-premiere-pierre","status":"publish","type":"post","link":"https:\/\/www.latribunedufaso.net\/?p=14690","title":{"rendered":"\u00ab Cit\u00e9 de la renaissance \u00bb : Le ministre en charge de l\u2019Urbanisme, Mika\u00eflou Sidib\u00e9 pose la premi\u00e8re pierre\u00a0"},"content":{"rendered":"<p><strong><span style=\"font-size: 1.0625rem;\">Le Centre de gestion des cit\u00e9s (CEGECI) a organis\u00e9, ce vendredi 05 juillet 2024 \u00e0 Ouagadougou, la c\u00e9r\u00e9monie officielle de lancement du projet \u00ab Cit\u00e9 de la Renaissance \u00bb. Ladite c\u00e9r\u00e9monie a \u00e9t\u00e9 plac\u00e9e sous le patronage du ministre de l\u2019Urbanisme, des Affaires Fonci\u00e8res et de l\u2019Habitat, Mika\u00eflou Sidib\u00e9.<\/span><\/strong><br \/><!--more--><\/p>\n<p>Sur cette cit\u00e9, situ\u00e9e dans le quartier Bassinko, il s\u2019agira de la construction d\u2019immeubles de type R+3, R+4 et R+5 le long du rond-point central de Bassinko. Ces immeubles abriteront des appartements (au nombre de 504 au total), des zones commerciales et des espaces r\u00e9cr\u00e9atifs.<\/p>\n<p><a href=\"https:\/\/www.latribunedufaso.net\/wp-content\/uploads\/2024\/07\/IMG-20240705-WA0044.jpg\"><img loading=\"lazy\" decoding=\"async\" class=\"size-medium wp-image-14694 alignleft\" src=\"https:\/\/www.latribunedufaso.net\/wp-content\/uploads\/2024\/07\/IMG-20240705-WA0044-300x226.jpg\" alt=\"\" width=\"300\" height=\"226\" srcset=\"https:\/\/www.latribunedufaso.net\/wp-content\/uploads\/2024\/07\/IMG-20240705-WA0044-300x226.jpg 300w, https:\/\/www.latribunedufaso.net\/wp-content\/uploads\/2024\/07\/IMG-20240705-WA0044-768x578.jpg 768w, https:\/\/www.latribunedufaso.net\/wp-content\/uploads\/2024\/07\/IMG-20240705-WA0044.jpg 1020w\" sizes=\"auto, (max-width: 300px) 100vw, 300px\" \/><\/a>De plus, il est pr\u00e9vu la construction de 300 logements \u00e9conomiques de types F2 (une chambre + un salon+ une cuisine et une toilette internes+ 2 terrasses), F3 (deux chambres + un salon + deux toilettes internes + une cuisine internes + deux terrasses) et F4 (trois chambres + un salon + une cuisine interne + deux toilettes internes) sous forme de villas pavillonnaires.<\/p>\n<p>D\u2019un co\u00fbt global d\u2019environ 28 milliards de FCFA \u00ab pour l\u2019instant \u00bb, la Cit\u00e9 est pr\u00e9vue se b\u00e2tir sur une superficie de 75 hectares. Rendez-vous est donn\u00e9 d\u2019ici fin 2024 pour les premiers logements.<\/p>\n<p>En ce qui concerne l\u2019acquisition, tout Burkinab\u00e8 (de l\u2019int\u00e9rieur et de la diaspora) peut souscrire pour un logement \u00e0 la Cit\u00e9 de la Renaissance. Les co\u00fbts de cession sont de 14 millions 500 mille FCFA pour les villas de type F2, 18 millions 900 mille F CFA pour les F3 et de 29 millions 900 FCFA pour les F5. \u00ab \u00c0 la souscription, nous demandons 30% et le reste du paiement se fait sur 5 ans \u00bb, a pr\u00e9cis\u00e9 la Directrice g\u00e9n\u00e9rale du CEGECI, Martine Gon Tali.<\/p>\n<p><a href=\"https:\/\/www.latribunedufaso.net\/wp-content\/uploads\/2024\/07\/IMG-20240705-WA0047.jpg\"><img loading=\"lazy\" decoding=\"async\" class=\"size-medium wp-image-14693 alignleft\" src=\"https:\/\/www.latribunedufaso.net\/wp-content\/uploads\/2024\/07\/IMG-20240705-WA0047-300x226.jpg\" alt=\"\" width=\"300\" height=\"226\" srcset=\"https:\/\/www.latribunedufaso.net\/wp-content\/uploads\/2024\/07\/IMG-20240705-WA0047-300x226.jpg 300w, https:\/\/www.latribunedufaso.net\/wp-content\/uploads\/2024\/07\/IMG-20240705-WA0047-768x578.jpg 768w, https:\/\/www.latribunedufaso.net\/wp-content\/uploads\/2024\/07\/IMG-20240705-WA0047.jpg 1020w\" sizes=\"auto, (max-width: 300px) 100vw, 300px\" \/><\/a>Selon le ministre Mika\u00eflou Sidib\u00e9, le projet de Cit\u00e9 de la Renaissance est un pilier du programme \u00ab Burkina Faso deenw kaa soow \u00bb qui vise \u00e0 construire 50 000 logements \u00e0 l\u2019horizon 2028. \u00ab Il faut dire que ce projet s\u2019inscrit dans la forte volont\u00e9 du gouvernement de pouvoir mettre \u00e0 la disposition des citoyens des logements d\u00e9cents. Donc \u00e7a fait partie de la politique du minist\u00e8re qui ambitionne les ann\u00e9es \u00e0 venir, s\u2019appuyer sur les promoteurs publics de l\u2019\u00c9tat que sont le CEGECI et la SONATUR, mais \u00e9galement avec l\u2019accompagnement du priv\u00e9 pour pouvoir produire en masse des logements pour permettre aux burkinab\u00e8 de pouvoir se loger d\u00e9cemment\u2026. \u00bb, a-t-il expliqu\u00e9.<\/p>\n<p><a href=\"https:\/\/www.latribunedufaso.net\/wp-content\/uploads\/2024\/07\/IMG-20240705-WA0050.jpg\"><img loading=\"lazy\" decoding=\"async\" class=\"size-medium wp-image-14691 alignleft\" src=\"https:\/\/www.latribunedufaso.net\/wp-content\/uploads\/2024\/07\/IMG-20240705-WA0050-300x225.jpg\" alt=\"\" width=\"300\" height=\"225\" srcset=\"https:\/\/www.latribunedufaso.net\/wp-content\/uploads\/2024\/07\/IMG-20240705-WA0050-300x225.jpg 300w, https:\/\/www.latribunedufaso.net\/wp-content\/uploads\/2024\/07\/IMG-20240705-WA0050-1024x768.jpg 1024w, https:\/\/www.latribunedufaso.net\/wp-content\/uploads\/2024\/07\/IMG-20240705-WA0050-768x576.jpg 768w, https:\/\/www.latribunedufaso.net\/wp-content\/uploads\/2024\/07\/IMG-20240705-WA0050.jpg 1080w\" sizes=\"auto, (max-width: 300px) 100vw, 300px\" \/><\/a>A entendre le ministre, des instructions ont \u00e9t\u00e9 donn\u00e9es au CEGECI de travailler avec l\u2019Office national de l\u2019eau et de l\u2019assainissement (ONEA) et la Soci\u00e9t\u00e9 nationale d\u2019\u00e9lectricit\u00e9 du Burkina Faso (SONABEL) pour que d\u00e8s que les logements sont disponibles, que la viabilisation puisse suivre. \u00ab Nous allons suivre cela de pr\u00e8s\u2026 \u00bb, a-t-il rassur\u00e9.<\/p>\n<p><strong>Rosana Astride Kiendrebeogo\u00a0<\/strong><\/p>\n<p><strong>Latribunedufaso.ne<span style=\"font-size: 1.0625rem;\">t<\/span><\/strong><\/p>\n","protected":false},"excerpt":{"rendered":"<p>Le Centre de gestion des cit\u00e9s (CEGECI) a organis\u00e9, ce vendredi 05 juillet 2024 \u00e0 Ouagadougou, la c\u00e9r\u00e9monie officielle de lancement du projet \u00ab Cit\u00e9 de la Renaissance \u00bb. Ladite c\u00e9r\u00e9monie a \u00e9t\u00e9 plac\u00e9e sous le patronage du ministre de l\u2019Urbanisme, des Affaires Fonci\u00e8res et de l\u2019Habitat, Mika\u00eflou Sidib\u00e9.<\/p>\n","protected":false},"author":5,"featured_media":14692,"comment_status":"open","ping_status":"open","sticky":false,"template":"","format":"standard","meta":{"footnotes":""},"categories":[13,1,8],"tags":[],"class_list":["post-14690","post","type-post","status-publish","format-standard","has-post-thumbnail","hentry","category-une","category-actu","category-societe"],"yoast_head":"<!-- This site is optimized with the Yoast SEO plugin v27.5 - https:\/\/yoast.com\/product\/yoast-seo-wordpress\/ -->\n<title>\u00ab Cit\u00e9 de la renaissance \u00bb : Le ministre en charge de l\u2019Urbanisme, Mika\u00eflou Sidib\u00e9 pose la premi\u00e8re pierre\u00a0 - La Tribune du Faso<\/title>\n<meta name=\"robots\" content=\"index, follow, max-snippet:-1, max-image-preview:large, max-video-preview:-1\" \/>\n<link rel=\"canonical\" href=\"https:\/\/www.latribunedufaso.net\/?p=14690\" \/>\n<meta property=\"og:locale\" content=\"fr_FR\" \/>\n<meta property=\"og:type\" content=\"article\" \/>\n<meta property=\"og:title\" content=\"\u00ab Cit\u00e9 de la renaissance \u00bb : Le ministre en charge de l\u2019Urbanisme, Mika\u00eflou Sidib\u00e9 pose la premi\u00e8re pierre\u00a0 - La Tribune du Faso\" \/>\n<meta property=\"og:description\" content=\"Le Centre de gestion des cit\u00e9s (CEGECI) a organis\u00e9, ce vendredi 05 juillet 2024 \u00e0 Ouagadougou, la c\u00e9r\u00e9monie officielle de lancement du projet \u00ab Cit\u00e9 de la Renaissance \u00bb. Ladite c\u00e9r\u00e9monie a \u00e9t\u00e9 plac\u00e9e sous le patronage du ministre de l\u2019Urbanisme, des Affaires Fonci\u00e8res et de l\u2019Habitat, Mika\u00eflou Sidib\u00e9.\" \/>\n<meta property=\"og:url\" content=\"https:\/\/www.latribunedufaso.net\/?p=14690\" \/>\n<meta property=\"og:site_name\" content=\"La Tribune du Faso\" \/>\n<meta property=\"article:publisher\" content=\"https:\/\/www.facebook.com\/LatribuneduFaso\/\" \/>\n<meta property=\"article:published_time\" content=\"2024-07-05T16:51:55+00:00\" \/>\n<meta property=\"og:image\" content=\"https:\/\/www.latribunedufaso.net\/wp-content\/uploads\/2024\/07\/IMG-20240705-WA0048.jpg\" \/>\n\t<meta property=\"og:image:width\" content=\"1020\" \/>\n\t<meta property=\"og:image:height\" content=\"768\" \/>\n\t<meta property=\"og:image:type\" content=\"image\/jpeg\" \/>\n<meta name=\"author\" content=\"Issouf Tapsoba\" \/>\n<meta name=\"twitter:label1\" content=\"\u00c9crit par\" \/>\n\t<meta name=\"twitter:data1\" content=\"Issouf Tapsoba\" \/>\n\t<meta name=\"twitter:label2\" content=\"Dur\u00e9e de lecture estim\u00e9e\" \/>\n\t<meta name=\"twitter:data2\" content=\"2 minutes\" \/>\n<script type=\"application\/ld+json\" class=\"yoast-schema-graph\">{\"@context\":\"https:\\\/\\\/schema.org\",\"@graph\":[{\"@type\":\"Article\",\"@id\":\"https:\\\/\\\/www.latribunedufaso.net\\\/?p=14690#article\",\"isPartOf\":{\"@id\":\"https:\\\/\\\/www.latribunedufaso.net\\\/?p=14690\"},\"author\":{\"name\":\"Issouf Tapsoba\",\"@id\":\"https:\\\/\\\/www.latribunedufaso.net\\\/#\\\/schema\\\/person\\\/e54e64c5778a7e72cf80a318b7a622b0\"},\"headline\":\"\u00ab Cit\u00e9 de la renaissance \u00bb : Le ministre en charge de l\u2019Urbanisme, Mika\u00eflou Sidib\u00e9 pose la premi\u00e8re pierre\u00a0\",\"datePublished\":\"2024-07-05T16:51:55+00:00\",\"mainEntityOfPage\":{\"@id\":\"https:\\\/\\\/www.latribunedufaso.net\\\/?p=14690\"},\"wordCount\":472,\"commentCount\":0,\"publisher\":{\"@id\":\"https:\\\/\\\/www.latribunedufaso.net\\\/#organization\"},\"image\":{\"@id\":\"https:\\\/\\\/www.latribunedufaso.net\\\/?p=14690#primaryimage\"},\"thumbnailUrl\":\"https:\\\/\\\/www.latribunedufaso.net\\\/wp-content\\\/uploads\\\/2024\\\/07\\\/IMG-20240705-WA0048.jpg\",\"articleSection\":[\"A la une\",\"Actualit\u00e9\",\"Soci\u00e9t\u00e9\"],\"inLanguage\":\"fr-FR\",\"potentialAction\":[{\"@type\":\"CommentAction\",\"name\":\"Comment\",\"target\":[\"https:\\\/\\\/www.latribunedufaso.net\\\/?p=14690#respond\"]}]},{\"@type\":\"WebPage\",\"@id\":\"https:\\\/\\\/www.latribunedufaso.net\\\/?p=14690\",\"url\":\"https:\\\/\\\/www.latribunedufaso.net\\\/?p=14690\",\"name\":\"\u00ab Cit\u00e9 de la renaissance \u00bb : Le ministre en charge de l\u2019Urbanisme, Mika\u00eflou Sidib\u00e9 pose la premi\u00e8re pierre\u00a0 - La Tribune du Faso\",\"isPartOf\":{\"@id\":\"https:\\\/\\\/www.latribunedufaso.net\\\/#website\"},\"primaryImageOfPage\":{\"@id\":\"https:\\\/\\\/www.latribunedufaso.net\\\/?p=14690#primaryimage\"},\"image\":{\"@id\":\"https:\\\/\\\/www.latribunedufaso.net\\\/?p=14690#primaryimage\"},\"thumbnailUrl\":\"https:\\\/\\\/www.latribunedufaso.net\\\/wp-content\\\/uploads\\\/2024\\\/07\\\/IMG-20240705-WA0048.jpg\",\"datePublished\":\"2024-07-05T16:51:55+00:00\",\"breadcrumb\":{\"@id\":\"https:\\\/\\\/www.latribunedufaso.net\\\/?p=14690#breadcrumb\"},\"inLanguage\":\"fr-FR\",\"potentialAction\":[{\"@type\":\"ReadAction\",\"target\":[\"https:\\\/\\\/www.latribunedufaso.net\\\/?p=14690\"]}]},{\"@type\":\"ImageObject\",\"inLanguage\":\"fr-FR\",\"@id\":\"https:\\\/\\\/www.latribunedufaso.net\\\/?p=14690#primaryimage\",\"url\":\"https:\\\/\\\/www.latribunedufaso.net\\\/wp-content\\\/uploads\\\/2024\\\/07\\\/IMG-20240705-WA0048.jpg\",\"contentUrl\":\"https:\\\/\\\/www.latribunedufaso.net\\\/wp-content\\\/uploads\\\/2024\\\/07\\\/IMG-20240705-WA0048.jpg\",\"width\":1020,\"height\":768},{\"@type\":\"BreadcrumbList\",\"@id\":\"https:\\\/\\\/www.latribunedufaso.net\\\/?p=14690#breadcrumb\",\"itemListElement\":[{\"@type\":\"ListItem\",\"position\":1,\"name\":\"Accueil\",\"item\":\"https:\\\/\\\/www.latribunedufaso.net\\\/\"},{\"@type\":\"ListItem\",\"position\":2,\"name\":\"\u00ab Cit\u00e9 de la renaissance \u00bb : Le ministre en charge de l\u2019Urbanisme, Mika\u00eflou Sidib\u00e9 pose la premi\u00e8re pierre\u00a0\"}]},{\"@type\":\"WebSite\",\"@id\":\"https:\\\/\\\/www.latribunedufaso.net\\\/#website\",\"url\":\"https:\\\/\\\/www.latribunedufaso.net\\\/\",\"name\":\"La Tribune du Faso\",\"description\":\"L&#039;information du monde rural en un clic\",\"publisher\":{\"@id\":\"https:\\\/\\\/www.latribunedufaso.net\\\/#organization\"},\"potentialAction\":[{\"@type\":\"SearchAction\",\"target\":{\"@type\":\"EntryPoint\",\"urlTemplate\":\"https:\\\/\\\/www.latribunedufaso.net\\\/?s={search_term_string}\"},\"query-input\":{\"@type\":\"PropertyValueSpecification\",\"valueRequired\":true,\"valueName\":\"search_term_string\"}}],\"inLanguage\":\"fr-FR\"},{\"@type\":\"Organization\",\"@id\":\"https:\\\/\\\/www.latribunedufaso.net\\\/#organization\",\"name\":\"La Tribune du Faso\",\"url\":\"https:\\\/\\\/www.latribunedufaso.net\\\/\",\"logo\":{\"@type\":\"ImageObject\",\"inLanguage\":\"fr-FR\",\"@id\":\"https:\\\/\\\/www.latribunedufaso.net\\\/#\\\/schema\\\/logo\\\/image\\\/\",\"url\":\"https:\\\/\\\/www.latribunedufaso.net\\\/wp-content\\\/uploads\\\/2020\\\/08\\\/Logo-Tribune-du-Faso-final-scaled.jpg\",\"contentUrl\":\"https:\\\/\\\/www.latribunedufaso.net\\\/wp-content\\\/uploads\\\/2020\\\/08\\\/Logo-Tribune-du-Faso-final-scaled.jpg\",\"width\":2560,\"height\":1856,\"caption\":\"La Tribune du Faso\"},\"image\":{\"@id\":\"https:\\\/\\\/www.latribunedufaso.net\\\/#\\\/schema\\\/logo\\\/image\\\/\"},\"sameAs\":[\"https:\\\/\\\/www.facebook.com\\\/LatribuneduFaso\\\/\"]},{\"@type\":\"Person\",\"@id\":\"https:\\\/\\\/www.latribunedufaso.net\\\/#\\\/schema\\\/person\\\/e54e64c5778a7e72cf80a318b7a622b0\",\"name\":\"Issouf Tapsoba\",\"image\":{\"@type\":\"ImageObject\",\"inLanguage\":\"fr-FR\",\"@id\":\"https:\\\/\\\/secure.gravatar.com\\\/avatar\\\/5e6c05150ce3230247d167f5b94d678eb05936197436d69b7921e3a95c9107ac?s=96&d=mm&r=g\",\"url\":\"https:\\\/\\\/secure.gravatar.com\\\/avatar\\\/5e6c05150ce3230247d167f5b94d678eb05936197436d69b7921e3a95c9107ac?s=96&d=mm&r=g\",\"contentUrl\":\"https:\\\/\\\/secure.gravatar.com\\\/avatar\\\/5e6c05150ce3230247d167f5b94d678eb05936197436d69b7921e3a95c9107ac?s=96&d=mm&r=g\",\"caption\":\"Issouf Tapsoba\"},\"url\":\"https:\\\/\\\/www.latribunedufaso.net\\\/?author=5\"}]}<\/script>\n<!-- \/ Yoast SEO plugin. -->","yoast_head_json":{"title":"\u00ab Cit\u00e9 de la renaissance \u00bb : Le ministre en charge de l\u2019Urbanisme, Mika\u00eflou Sidib\u00e9 pose la premi\u00e8re pierre\u00a0 - La Tribune du Faso","robots":{"index":"index","follow":"follow","max-snippet":"max-snippet:-1","max-image-preview":"max-image-preview:large","max-video-preview":"max-video-preview:-1"},"canonical":"https:\/\/www.latribunedufaso.net\/?p=14690","og_locale":"fr_FR","og_type":"article","og_title":"\u00ab Cit\u00e9 de la renaissance \u00bb : Le ministre en charge de l\u2019Urbanisme, Mika\u00eflou Sidib\u00e9 pose la premi\u00e8re pierre\u00a0 - La Tribune du Faso","og_description":"Le Centre de gestion des cit\u00e9s (CEGECI) a organis\u00e9, ce vendredi 05 juillet 2024 \u00e0 Ouagadougou, la c\u00e9r\u00e9monie officielle de lancement du projet \u00ab Cit\u00e9 de la Renaissance \u00bb. Ladite c\u00e9r\u00e9monie a \u00e9t\u00e9 plac\u00e9e sous le patronage du ministre de l\u2019Urbanisme, des Affaires Fonci\u00e8res et de l\u2019Habitat, Mika\u00eflou Sidib\u00e9.","og_url":"https:\/\/www.latribunedufaso.net\/?p=14690","og_site_name":"La Tribune du Faso","article_publisher":"https:\/\/www.facebook.com\/LatribuneduFaso\/","article_published_time":"2024-07-05T16:51:55+00:00","og_image":[{"width":1020,"height":768,"url":"https:\/\/www.latribunedufaso.net\/wp-content\/uploads\/2024\/07\/IMG-20240705-WA0048.jpg","type":"image\/jpeg"}],"author":"Issouf Tapsoba","twitter_misc":{"\u00c9crit par":"Issouf Tapsoba","Dur\u00e9e de lecture estim\u00e9e":"2 minutes"},"schema":{"@context":"https:\/\/schema.org","@graph":[{"@type":"Article","@id":"https:\/\/www.latribunedufaso.net\/?p=14690#article","isPartOf":{"@id":"https:\/\/www.latribunedufaso.net\/?p=14690"},"author":{"name":"Issouf Tapsoba","@id":"https:\/\/www.latribunedufaso.net\/#\/schema\/person\/e54e64c5778a7e72cf80a318b7a622b0"},"headline":"\u00ab Cit\u00e9 de la renaissance \u00bb : Le ministre en charge de l\u2019Urbanisme, Mika\u00eflou Sidib\u00e9 pose la premi\u00e8re pierre\u00a0","datePublished":"2024-07-05T16:51:55+00:00","mainEntityOfPage":{"@id":"https:\/\/www.latribunedufaso.net\/?p=14690"},"wordCount":472,"commentCount":0,"publisher":{"@id":"https:\/\/www.latribunedufaso.net\/#organization"},"image":{"@id":"https:\/\/www.latribunedufaso.net\/?p=14690#primaryimage"},"thumbnailUrl":"https:\/\/www.latribunedufaso.net\/wp-content\/uploads\/2024\/07\/IMG-20240705-WA0048.jpg","articleSection":["A la une","Actualit\u00e9","Soci\u00e9t\u00e9"],"inLanguage":"fr-FR","potentialAction":[{"@type":"CommentAction","name":"Comment","target":["https:\/\/www.latribunedufaso.net\/?p=14690#respond"]}]},{"@type":"WebPage","@id":"https:\/\/www.latribunedufaso.net\/?p=14690","url":"https:\/\/www.latribunedufaso.net\/?p=14690","name":"\u00ab Cit\u00e9 de la renaissance \u00bb : Le ministre en charge de l\u2019Urbanisme, Mika\u00eflou Sidib\u00e9 pose la premi\u00e8re pierre\u00a0 - La Tribune du Faso","isPartOf":{"@id":"https:\/\/www.latribunedufaso.net\/#website"},"primaryImageOfPage":{"@id":"https:\/\/www.latribunedufaso.net\/?p=14690#primaryimage"},"image":{"@id":"https:\/\/www.latribunedufaso.net\/?p=14690#primaryimage"},"thumbnailUrl":"https:\/\/www.latribunedufaso.net\/wp-content\/uploads\/2024\/07\/IMG-20240705-WA0048.jpg","datePublished":"2024-07-05T16:51:55+00:00","breadcrumb":{"@id":"https:\/\/www.latribunedufaso.net\/?p=14690#breadcrumb"},"inLanguage":"fr-FR","potentialAction":[{"@type":"ReadAction","target":["https:\/\/www.latribunedufaso.net\/?p=14690"]}]},{"@type":"ImageObject","inLanguage":"fr-FR","@id":"https:\/\/www.latribunedufaso.net\/?p=14690#primaryimage","url":"https:\/\/www.latribunedufaso.net\/wp-content\/uploads\/2024\/07\/IMG-20240705-WA0048.jpg","contentUrl":"https:\/\/www.latribunedufaso.net\/wp-content\/uploads\/2024\/07\/IMG-20240705-WA0048.jpg","width":1020,"height":768},{"@type":"BreadcrumbList","@id":"https:\/\/www.latribunedufaso.net\/?p=14690#breadcrumb","itemListElement":[{"@type":"ListItem","position":1,"name":"Accueil","item":"https:\/\/www.latribunedufaso.net\/"},{"@type":"ListItem","position":2,"name":"\u00ab Cit\u00e9 de la renaissance \u00bb : Le ministre en charge de l\u2019Urbanisme, Mika\u00eflou Sidib\u00e9 pose la premi\u00e8re pierre\u00a0"}]},{"@type":"WebSite","@id":"https:\/\/www.latribunedufaso.net\/#website","url":"https:\/\/www.latribunedufaso.net\/","name":"La Tribune du Faso","description":"L&#039;information du monde rural en un clic","publisher":{"@id":"https:\/\/www.latribunedufaso.net\/#organization"},"potentialAction":[{"@type":"SearchAction","target":{"@type":"EntryPoint","urlTemplate":"https:\/\/www.latribunedufaso.net\/?s={search_term_string}"},"query-input":{"@type":"PropertyValueSpecification","valueRequired":true,"valueName":"search_term_string"}}],"inLanguage":"fr-FR"},{"@type":"Organization","@id":"https:\/\/www.latribunedufaso.net\/#organization","name":"La Tribune du Faso","url":"https:\/\/www.latribunedufaso.net\/","logo":{"@type":"ImageObject","inLanguage":"fr-FR","@id":"https:\/\/www.latribunedufaso.net\/#\/schema\/logo\/image\/","url":"https:\/\/www.latribunedufaso.net\/wp-content\/uploads\/2020\/08\/Logo-Tribune-du-Faso-final-scaled.jpg","contentUrl":"https:\/\/www.latribunedufaso.net\/wp-content\/uploads\/2020\/08\/Logo-Tribune-du-Faso-final-scaled.jpg","width":2560,"height":1856,"caption":"La Tribune du Faso"},"image":{"@id":"https:\/\/www.latribunedufaso.net\/#\/schema\/logo\/image\/"},"sameAs":["https:\/\/www.facebook.com\/LatribuneduFaso\/"]},{"@type":"Person","@id":"https:\/\/www.latribunedufaso.net\/#\/schema\/person\/e54e64c5778a7e72cf80a318b7a622b0","name":"Issouf Tapsoba","image":{"@type":"ImageObject","inLanguage":"fr-FR","@id":"https:\/\/secure.gravatar.com\/avatar\/5e6c05150ce3230247d167f5b94d678eb05936197436d69b7921e3a95c9107ac?s=96&d=mm&r=g","url":"https:\/\/secure.gravatar.com\/avatar\/5e6c05150ce3230247d167f5b94d678eb05936197436d69b7921e3a95c9107ac?s=96&d=mm&r=g","contentUrl":"https:\/\/secure.gravatar.com\/avatar\/5e6c05150ce3230247d167f5b94d678eb05936197436d69b7921e3a95c9107ac?s=96&d=mm&r=g","caption":"Issouf Tapsoba"},"url":"https:\/\/www.latribunedufaso.net\/?author=5"}]}},"_links":{"self":[{"href":"https:\/\/www.latribunedufaso.net\/index.php?rest_route=\/wp\/v2\/posts\/14690","targetHints":{"allow":["GET"]}}],"collection":[{"href":"https:\/\/www.latribunedufaso.net\/index.php?rest_route=\/wp\/v2\/posts"}],"about":[{"href":"https:\/\/www.latribunedufaso.net\/index.php?rest_route=\/wp\/v2\/types\/post"}],"author":[{"embeddable":true,"href":"https:\/\/www.latribunedufaso.net\/index.php?rest_route=\/wp\/v2\/users\/5"}],"replies":[{"embeddable":true,"href":"https:\/\/www.latribunedufaso.net\/index.php?rest_route=%2Fwp%2Fv2%2Fcomments&post=14690"}],"version-history":[{"count":1,"href":"https:\/\/www.latribunedufaso.net\/index.php?rest_route=\/wp\/v2\/posts\/14690\/revisions"}],"predecessor-version":[{"id":14695,"href":"https:\/\/www.latribunedufaso.net\/index.php?rest_route=\/wp\/v2\/posts\/14690\/revisions\/14695"}],"wp:featuredmedia":[{"embeddable":true,"href":"https:\/\/www.latribunedufaso.net\/index.php?rest_route=\/wp\/v2\/media\/14692"}],"wp:attachment":[{"href":"https:\/\/www.latribunedufaso.net\/index.php?rest_route=%2Fwp%2Fv2%2Fmedia&parent=14690"}],"wp:term":[{"taxonomy":"category","embeddable":true,"href":"https:\/\/www.latribunedufaso.net\/index.php?rest_route=%2Fwp%2Fv2%2Fcategories&post=14690"},{"taxonomy":"post_tag","embeddable":true,"href":"https:\/\/www.latribunedufaso.net\/index.php?rest_route=%2Fwp%2Fv2%2Ftags&post=14690"}],"curies":[{"name":"wp","href":"https:\/\/api.w.org\/{rel}","templated":true}]}}