{"id":14674,"date":"2024-07-04T19:22:14","date_gmt":"2024-07-04T19:22:14","guid":{"rendered":"https:\/\/www.latribunedufaso.net\/?p=14674"},"modified":"2024-07-05T12:22:31","modified_gmt":"2024-07-05T12:22:31","slug":"sport-pour-tous-le-ministere-de-la-fonction-publique-tient-sa-premiere-seance","status":"publish","type":"post","link":"https:\/\/www.latribunedufaso.net\/?p=14674","title":{"rendered":"Sport pour tous : Le minist\u00e8re de la Fonction Publique tient sa premi\u00e8re s\u00e9ance"},"content":{"rendered":"<p><strong style=\"font-size: 1.0625rem;\">Le minist\u00e8re de la Fonction publique, du Travail et de la Protection sociale (MFPTPS) \u00e0 travers sa cellule de sport a organis\u00e9, ce jeudi 04 juillet 2024 \u00e0 Ouagadougou, une s\u00e9ance d\u2019a\u00e9robic. Cette activit\u00e9 a r\u00e9uni l\u2019ensemble des travailleurs dudit minist\u00e8re. Cela, sous la coupe de leur premier responsable, le ministre d\u2019\u00c9tat, Bassolma Bazi\u00e9.<\/strong><\/p>\n<p><!--more--><\/p>\n<p>La pr\u00e9sente s\u00e9ance d\u2019a\u00e9robic s\u2019inscrit dans le cadre de la relance du sport de masse, qui \u00e9tait pratiqu\u00e9 sous la r\u00e9volution. Elle est pr\u00e9vue pour se tenir tous les premiers jeudis du mois au sein des diff\u00e9rents minist\u00e8res.<\/p>\n<p><a href=\"https:\/\/www.latribunedufaso.net\/wp-content\/uploads\/2024\/07\/IMG-20240705-WA0023.jpg\"><img loading=\"lazy\" decoding=\"async\" class=\"size-medium wp-image-14677 alignleft\" src=\"https:\/\/www.latribunedufaso.net\/wp-content\/uploads\/2024\/07\/IMG-20240705-WA0023-300x225.jpg\" alt=\"\" width=\"300\" height=\"225\" srcset=\"https:\/\/www.latribunedufaso.net\/wp-content\/uploads\/2024\/07\/IMG-20240705-WA0023-300x225.jpg 300w, https:\/\/www.latribunedufaso.net\/wp-content\/uploads\/2024\/07\/IMG-20240705-WA0023-1024x768.jpg 1024w, https:\/\/www.latribunedufaso.net\/wp-content\/uploads\/2024\/07\/IMG-20240705-WA0023-768x576.jpg 768w, https:\/\/www.latribunedufaso.net\/wp-content\/uploads\/2024\/07\/IMG-20240705-WA0023.jpg 1080w\" sizes=\"auto, (max-width: 300px) 100vw, 300px\" \/><\/a>Dans son allocution, le ministre Bassolma Bazi\u00e9 a invit\u00e9 l\u2019ensemble de ses collaborateurs \u00e0 se retrouver les jours de rendez-vous pour pratiquer ce sport, qui, selon lui, est convivial familial et permet \u00ab v\u00e9ritablement \u00bb de renforcer les liens, les relations sociales.<\/p>\n<p>\u00ab Ce qu\u2019on souhaite au sein d\u2019une population, c\u2019est d\u2019avoir un esprit sain dans un corps sain. Et encore, c\u2019est d\u2019actualit\u00e9 aujourd\u2019hui, parce qu\u2019avec les difficult\u00e9s que connaissent notre pays, il est bien qu\u2019on ait des hommes et des femmes, certes, techniquement comp\u00e9tents, intellectuellement bons, mais qui sont aussi capables au plan physique de faire face \u00e0 tout d\u00e9fi.<\/p>\n<p><a href=\"https:\/\/www.latribunedufaso.net\/wp-content\/uploads\/2024\/07\/IMG-20240705-WA0024.jpg\"><img loading=\"lazy\" decoding=\"async\" class=\"size-medium wp-image-14676 alignleft\" src=\"https:\/\/www.latribunedufaso.net\/wp-content\/uploads\/2024\/07\/IMG-20240705-WA0024-300x226.jpg\" alt=\"\" width=\"300\" height=\"226\" srcset=\"https:\/\/www.latribunedufaso.net\/wp-content\/uploads\/2024\/07\/IMG-20240705-WA0024-300x226.jpg 300w, https:\/\/www.latribunedufaso.net\/wp-content\/uploads\/2024\/07\/IMG-20240705-WA0024-768x578.jpg 768w, https:\/\/www.latribunedufaso.net\/wp-content\/uploads\/2024\/07\/IMG-20240705-WA0024.jpg 1020w\" sizes=\"auto, (max-width: 300px) 100vw, 300px\" \/><\/a>Nous avons dit que nous avons l\u2019ambition \u00e9galement de faire en sorte que tous les Burkinab\u00e8 suivent la formation militaire. Suivre cette formation, c\u2019est \u00eatre capable de se d\u00e9fendre \u00e0 tout point de vue dans n\u2019importe quelle situation. On ne peut avoir ces capacit\u00e9s qu\u2019\u00e0 travers le sport. Mais comme on le dit, on ne pr\u00e9pare pas son chiot le jour de la chasse. Il faut bien s&rsquo;appr\u00eater bien avant. Voil\u00e0 pourquoi je dis que cette initiative est tr\u00e8s belle \u00bb, a-t-il indiqu\u00e9.<\/p>\n<p><a href=\"https:\/\/www.latribunedufaso.net\/wp-content\/uploads\/2024\/07\/IMG-20240705-WA0021.jpg\"><img loading=\"lazy\" decoding=\"async\" class=\"size-medium wp-image-14679 alignleft\" src=\"https:\/\/www.latribunedufaso.net\/wp-content\/uploads\/2024\/07\/IMG-20240705-WA0021-300x226.jpg\" alt=\"\" width=\"300\" height=\"226\" srcset=\"https:\/\/www.latribunedufaso.net\/wp-content\/uploads\/2024\/07\/IMG-20240705-WA0021-300x226.jpg 300w, https:\/\/www.latribunedufaso.net\/wp-content\/uploads\/2024\/07\/IMG-20240705-WA0021-1024x770.jpg 1024w, https:\/\/www.latribunedufaso.net\/wp-content\/uploads\/2024\/07\/IMG-20240705-WA0021-768x578.jpg 768w, https:\/\/www.latribunedufaso.net\/wp-content\/uploads\/2024\/07\/IMG-20240705-WA0021.jpg 1280w\" sizes=\"auto, (max-width: 300px) 100vw, 300px\" \/><\/a>\u00ab C\u2019est comme le ministre l\u2019a dit. On peut \u00eatre appel\u00e9 \u00e0 tout moment sur n\u2019importe quel terrain pour faire quelque chose au nom de l\u2019int\u00e9r\u00eat g\u00e9n\u00e9ral et l\u00e0, il faut \u00eatre physiquement aussi tenable pour y arriver \u00bb, a soutenu le Directeur g\u00e9n\u00e9ral de l\u2019ENAM, Yacob Yarabatioula, parrain de l\u2019activit\u00e9.<\/p>\n<p><a href=\"https:\/\/www.latribunedufaso.net\/wp-content\/uploads\/2024\/07\/IMG-20240705-WA0022.jpg\"><img loading=\"lazy\" decoding=\"async\" class=\"size-medium wp-image-14678 alignleft\" src=\"https:\/\/www.latribunedufaso.net\/wp-content\/uploads\/2024\/07\/IMG-20240705-WA0022-300x226.jpg\" alt=\"\" width=\"300\" height=\"226\" srcset=\"https:\/\/www.latribunedufaso.net\/wp-content\/uploads\/2024\/07\/IMG-20240705-WA0022-300x226.jpg 300w, https:\/\/www.latribunedufaso.net\/wp-content\/uploads\/2024\/07\/IMG-20240705-WA0022-1024x770.jpg 1024w, https:\/\/www.latribunedufaso.net\/wp-content\/uploads\/2024\/07\/IMG-20240705-WA0022-768x578.jpg 768w, https:\/\/www.latribunedufaso.net\/wp-content\/uploads\/2024\/07\/IMG-20240705-WA0022.jpg 1280w\" sizes=\"auto, (max-width: 300px) 100vw, 300px\" \/><\/a>A entendre le coordonnateur de la cellule sport du MFPTPS, Moumouni Tiemtor\u00e9, au-del\u00e0 des premiers jeudis du mois, il y a \u00e9galement des s\u00e9ances d\u2019a\u00e9robic tous les jeudis soir \u00e0 partir de 16h.<\/p>\n<p><strong>Rosana Astride Kiendrebeogo\u00a0<\/strong><\/p>\n<p><strong>Latribunedufaso.net<a href=\"https:\/\/www.latribunedufaso.net\/wp-content\/uploads\/2024\/07\/IMG-20240705-WA0024.jpg\"><img loading=\"lazy\" decoding=\"async\" class=\"size-medium wp-image-14676 alignleft\" src=\"https:\/\/www.latribunedufaso.net\/wp-content\/uploads\/2024\/07\/IMG-20240705-WA0024-300x226.jpg\" alt=\"\" width=\"300\" height=\"226\" srcset=\"https:\/\/www.latribunedufaso.net\/wp-content\/uploads\/2024\/07\/IMG-20240705-WA0024-300x226.jpg 300w, https:\/\/www.latribunedufaso.net\/wp-content\/uploads\/2024\/07\/IMG-20240705-WA0024-768x578.jpg 768w, https:\/\/www.latribunedufaso.net\/wp-content\/uploads\/2024\/07\/IMG-20240705-WA0024.jpg 1020w\" sizes=\"auto, (max-width: 300px) 100vw, 300px\" \/><\/a><\/strong><\/p>\n","protected":false},"excerpt":{"rendered":"<p>Le minist\u00e8re de la Fonction publique, du Travail et de la Protection sociale (MFPTPS) \u00e0 travers sa cellule de sport a organis\u00e9, ce jeudi 04 juillet 2024 \u00e0 Ouagadougou, une s\u00e9ance d\u2019a\u00e9robic. Cette activit\u00e9 a r\u00e9uni l\u2019ensemble des travailleurs dudit minist\u00e8re. Cela, sous la coupe de leur premier responsable, le ministre d\u2019\u00c9tat, Bassolma Bazi\u00e9.<\/p>\n","protected":false},"author":5,"featured_media":14675,"comment_status":"open","ping_status":"open","sticky":false,"template":"","format":"standard","meta":{"footnotes":""},"categories":[13,1,8],"tags":[],"class_list":["post-14674","post","type-post","status-publish","format-standard","has-post-thumbnail","hentry","category-une","category-actu","category-societe"],"yoast_head":"<!-- This site is optimized with the Yoast SEO plugin v27.5 - https:\/\/yoast.com\/product\/yoast-seo-wordpress\/ -->\n<title>Sport pour tous : Le minist\u00e8re de la Fonction Publique tient sa premi\u00e8re s\u00e9ance - La Tribune du Faso<\/title>\n<meta name=\"robots\" content=\"index, follow, max-snippet:-1, max-image-preview:large, max-video-preview:-1\" \/>\n<link rel=\"canonical\" href=\"https:\/\/www.latribunedufaso.net\/?p=14674\" \/>\n<meta property=\"og:locale\" content=\"fr_FR\" \/>\n<meta property=\"og:type\" content=\"article\" \/>\n<meta property=\"og:title\" content=\"Sport pour tous : Le minist\u00e8re de la Fonction Publique tient sa premi\u00e8re s\u00e9ance - La Tribune du Faso\" \/>\n<meta property=\"og:description\" content=\"Le minist\u00e8re de la Fonction publique, du Travail et de la Protection sociale (MFPTPS) \u00e0 travers sa cellule de sport a organis\u00e9, ce jeudi 04 juillet 2024 \u00e0 Ouagadougou, une s\u00e9ance d\u2019a\u00e9robic. Cette activit\u00e9 a r\u00e9uni l\u2019ensemble des travailleurs dudit minist\u00e8re. Cela, sous la coupe de leur premier responsable, le ministre d\u2019\u00c9tat, Bassolma Bazi\u00e9.\" \/>\n<meta property=\"og:url\" content=\"https:\/\/www.latribunedufaso.net\/?p=14674\" \/>\n<meta property=\"og:site_name\" content=\"La Tribune du Faso\" \/>\n<meta property=\"article:publisher\" content=\"https:\/\/www.facebook.com\/LatribuneduFaso\/\" \/>\n<meta property=\"article:published_time\" content=\"2024-07-04T19:22:14+00:00\" \/>\n<meta property=\"article:modified_time\" content=\"2024-07-05T12:22:31+00:00\" \/>\n<meta property=\"og:image\" content=\"https:\/\/www.latribunedufaso.net\/wp-content\/uploads\/2024\/07\/IMG-20240705-WA0025.jpg\" \/>\n\t<meta property=\"og:image:width\" content=\"1020\" \/>\n\t<meta property=\"og:image:height\" content=\"768\" \/>\n\t<meta property=\"og:image:type\" content=\"image\/jpeg\" \/>\n<meta name=\"author\" content=\"Issouf Tapsoba\" \/>\n<meta name=\"twitter:label1\" content=\"\u00c9crit par\" \/>\n\t<meta name=\"twitter:data1\" content=\"Issouf Tapsoba\" \/>\n\t<meta name=\"twitter:label2\" content=\"Dur\u00e9e de lecture estim\u00e9e\" \/>\n\t<meta name=\"twitter:data2\" content=\"2 minutes\" \/>\n<script type=\"application\/ld+json\" class=\"yoast-schema-graph\">{\"@context\":\"https:\\\/\\\/schema.org\",\"@graph\":[{\"@type\":\"Article\",\"@id\":\"https:\\\/\\\/www.latribunedufaso.net\\\/?p=14674#article\",\"isPartOf\":{\"@id\":\"https:\\\/\\\/www.latribunedufaso.net\\\/?p=14674\"},\"author\":{\"name\":\"Issouf Tapsoba\",\"@id\":\"https:\\\/\\\/www.latribunedufaso.net\\\/#\\\/schema\\\/person\\\/e54e64c5778a7e72cf80a318b7a622b0\"},\"headline\":\"Sport pour tous : Le minist\u00e8re de la Fonction Publique tient sa premi\u00e8re s\u00e9ance\",\"datePublished\":\"2024-07-04T19:22:14+00:00\",\"dateModified\":\"2024-07-05T12:22:31+00:00\",\"mainEntityOfPage\":{\"@id\":\"https:\\\/\\\/www.latribunedufaso.net\\\/?p=14674\"},\"wordCount\":421,\"commentCount\":0,\"publisher\":{\"@id\":\"https:\\\/\\\/www.latribunedufaso.net\\\/#organization\"},\"image\":{\"@id\":\"https:\\\/\\\/www.latribunedufaso.net\\\/?p=14674#primaryimage\"},\"thumbnailUrl\":\"https:\\\/\\\/www.latribunedufaso.net\\\/wp-content\\\/uploads\\\/2024\\\/07\\\/IMG-20240705-WA0025.jpg\",\"articleSection\":[\"A la une\",\"Actualit\u00e9\",\"Soci\u00e9t\u00e9\"],\"inLanguage\":\"fr-FR\",\"potentialAction\":[{\"@type\":\"CommentAction\",\"name\":\"Comment\",\"target\":[\"https:\\\/\\\/www.latribunedufaso.net\\\/?p=14674#respond\"]}]},{\"@type\":\"WebPage\",\"@id\":\"https:\\\/\\\/www.latribunedufaso.net\\\/?p=14674\",\"url\":\"https:\\\/\\\/www.latribunedufaso.net\\\/?p=14674\",\"name\":\"Sport pour tous : Le minist\u00e8re de la Fonction Publique tient sa premi\u00e8re s\u00e9ance - La Tribune du Faso\",\"isPartOf\":{\"@id\":\"https:\\\/\\\/www.latribunedufaso.net\\\/#website\"},\"primaryImageOfPage\":{\"@id\":\"https:\\\/\\\/www.latribunedufaso.net\\\/?p=14674#primaryimage\"},\"image\":{\"@id\":\"https:\\\/\\\/www.latribunedufaso.net\\\/?p=14674#primaryimage\"},\"thumbnailUrl\":\"https:\\\/\\\/www.latribunedufaso.net\\\/wp-content\\\/uploads\\\/2024\\\/07\\\/IMG-20240705-WA0025.jpg\",\"datePublished\":\"2024-07-04T19:22:14+00:00\",\"dateModified\":\"2024-07-05T12:22:31+00:00\",\"breadcrumb\":{\"@id\":\"https:\\\/\\\/www.latribunedufaso.net\\\/?p=14674#breadcrumb\"},\"inLanguage\":\"fr-FR\",\"potentialAction\":[{\"@type\":\"ReadAction\",\"target\":[\"https:\\\/\\\/www.latribunedufaso.net\\\/?p=14674\"]}]},{\"@type\":\"ImageObject\",\"inLanguage\":\"fr-FR\",\"@id\":\"https:\\\/\\\/www.latribunedufaso.net\\\/?p=14674#primaryimage\",\"url\":\"https:\\\/\\\/www.latribunedufaso.net\\\/wp-content\\\/uploads\\\/2024\\\/07\\\/IMG-20240705-WA0025.jpg\",\"contentUrl\":\"https:\\\/\\\/www.latribunedufaso.net\\\/wp-content\\\/uploads\\\/2024\\\/07\\\/IMG-20240705-WA0025.jpg\",\"width\":1020,\"height\":768},{\"@type\":\"BreadcrumbList\",\"@id\":\"https:\\\/\\\/www.latribunedufaso.net\\\/?p=14674#breadcrumb\",\"itemListElement\":[{\"@type\":\"ListItem\",\"position\":1,\"name\":\"Accueil\",\"item\":\"https:\\\/\\\/www.latribunedufaso.net\\\/\"},{\"@type\":\"ListItem\",\"position\":2,\"name\":\"Sport pour tous : Le minist\u00e8re de la Fonction Publique tient sa premi\u00e8re s\u00e9ance\"}]},{\"@type\":\"WebSite\",\"@id\":\"https:\\\/\\\/www.latribunedufaso.net\\\/#website\",\"url\":\"https:\\\/\\\/www.latribunedufaso.net\\\/\",\"name\":\"La Tribune du Faso\",\"description\":\"L&#039;information du monde rural en un clic\",\"publisher\":{\"@id\":\"https:\\\/\\\/www.latribunedufaso.net\\\/#organization\"},\"potentialAction\":[{\"@type\":\"SearchAction\",\"target\":{\"@type\":\"EntryPoint\",\"urlTemplate\":\"https:\\\/\\\/www.latribunedufaso.net\\\/?s={search_term_string}\"},\"query-input\":{\"@type\":\"PropertyValueSpecification\",\"valueRequired\":true,\"valueName\":\"search_term_string\"}}],\"inLanguage\":\"fr-FR\"},{\"@type\":\"Organization\",\"@id\":\"https:\\\/\\\/www.latribunedufaso.net\\\/#organization\",\"name\":\"La Tribune du Faso\",\"url\":\"https:\\\/\\\/www.latribunedufaso.net\\\/\",\"logo\":{\"@type\":\"ImageObject\",\"inLanguage\":\"fr-FR\",\"@id\":\"https:\\\/\\\/www.latribunedufaso.net\\\/#\\\/schema\\\/logo\\\/image\\\/\",\"url\":\"https:\\\/\\\/www.latribunedufaso.net\\\/wp-content\\\/uploads\\\/2020\\\/08\\\/Logo-Tribune-du-Faso-final-scaled.jpg\",\"contentUrl\":\"https:\\\/\\\/www.latribunedufaso.net\\\/wp-content\\\/uploads\\\/2020\\\/08\\\/Logo-Tribune-du-Faso-final-scaled.jpg\",\"width\":2560,\"height\":1856,\"caption\":\"La Tribune du Faso\"},\"image\":{\"@id\":\"https:\\\/\\\/www.latribunedufaso.net\\\/#\\\/schema\\\/logo\\\/image\\\/\"},\"sameAs\":[\"https:\\\/\\\/www.facebook.com\\\/LatribuneduFaso\\\/\"]},{\"@type\":\"Person\",\"@id\":\"https:\\\/\\\/www.latribunedufaso.net\\\/#\\\/schema\\\/person\\\/e54e64c5778a7e72cf80a318b7a622b0\",\"name\":\"Issouf Tapsoba\",\"image\":{\"@type\":\"ImageObject\",\"inLanguage\":\"fr-FR\",\"@id\":\"https:\\\/\\\/secure.gravatar.com\\\/avatar\\\/5e6c05150ce3230247d167f5b94d678eb05936197436d69b7921e3a95c9107ac?s=96&d=mm&r=g\",\"url\":\"https:\\\/\\\/secure.gravatar.com\\\/avatar\\\/5e6c05150ce3230247d167f5b94d678eb05936197436d69b7921e3a95c9107ac?s=96&d=mm&r=g\",\"contentUrl\":\"https:\\\/\\\/secure.gravatar.com\\\/avatar\\\/5e6c05150ce3230247d167f5b94d678eb05936197436d69b7921e3a95c9107ac?s=96&d=mm&r=g\",\"caption\":\"Issouf Tapsoba\"},\"url\":\"https:\\\/\\\/www.latribunedufaso.net\\\/?author=5\"}]}<\/script>\n<!-- \/ Yoast SEO plugin. -->","yoast_head_json":{"title":"Sport pour tous : Le minist\u00e8re de la Fonction Publique tient sa premi\u00e8re s\u00e9ance - La Tribune du Faso","robots":{"index":"index","follow":"follow","max-snippet":"max-snippet:-1","max-image-preview":"max-image-preview:large","max-video-preview":"max-video-preview:-1"},"canonical":"https:\/\/www.latribunedufaso.net\/?p=14674","og_locale":"fr_FR","og_type":"article","og_title":"Sport pour tous : Le minist\u00e8re de la Fonction Publique tient sa premi\u00e8re s\u00e9ance - La Tribune du Faso","og_description":"Le minist\u00e8re de la Fonction publique, du Travail et de la Protection sociale (MFPTPS) \u00e0 travers sa cellule de sport a organis\u00e9, ce jeudi 04 juillet 2024 \u00e0 Ouagadougou, une s\u00e9ance d\u2019a\u00e9robic. Cette activit\u00e9 a r\u00e9uni l\u2019ensemble des travailleurs dudit minist\u00e8re. Cela, sous la coupe de leur premier responsable, le ministre d\u2019\u00c9tat, Bassolma Bazi\u00e9.","og_url":"https:\/\/www.latribunedufaso.net\/?p=14674","og_site_name":"La Tribune du Faso","article_publisher":"https:\/\/www.facebook.com\/LatribuneduFaso\/","article_published_time":"2024-07-04T19:22:14+00:00","article_modified_time":"2024-07-05T12:22:31+00:00","og_image":[{"width":1020,"height":768,"url":"https:\/\/www.latribunedufaso.net\/wp-content\/uploads\/2024\/07\/IMG-20240705-WA0025.jpg","type":"image\/jpeg"}],"author":"Issouf Tapsoba","twitter_misc":{"\u00c9crit par":"Issouf Tapsoba","Dur\u00e9e de lecture estim\u00e9e":"2 minutes"},"schema":{"@context":"https:\/\/schema.org","@graph":[{"@type":"Article","@id":"https:\/\/www.latribunedufaso.net\/?p=14674#article","isPartOf":{"@id":"https:\/\/www.latribunedufaso.net\/?p=14674"},"author":{"name":"Issouf Tapsoba","@id":"https:\/\/www.latribunedufaso.net\/#\/schema\/person\/e54e64c5778a7e72cf80a318b7a622b0"},"headline":"Sport pour tous : Le minist\u00e8re de la Fonction Publique tient sa premi\u00e8re s\u00e9ance","datePublished":"2024-07-04T19:22:14+00:00","dateModified":"2024-07-05T12:22:31+00:00","mainEntityOfPage":{"@id":"https:\/\/www.latribunedufaso.net\/?p=14674"},"wordCount":421,"commentCount":0,"publisher":{"@id":"https:\/\/www.latribunedufaso.net\/#organization"},"image":{"@id":"https:\/\/www.latribunedufaso.net\/?p=14674#primaryimage"},"thumbnailUrl":"https:\/\/www.latribunedufaso.net\/wp-content\/uploads\/2024\/07\/IMG-20240705-WA0025.jpg","articleSection":["A la une","Actualit\u00e9","Soci\u00e9t\u00e9"],"inLanguage":"fr-FR","potentialAction":[{"@type":"CommentAction","name":"Comment","target":["https:\/\/www.latribunedufaso.net\/?p=14674#respond"]}]},{"@type":"WebPage","@id":"https:\/\/www.latribunedufaso.net\/?p=14674","url":"https:\/\/www.latribunedufaso.net\/?p=14674","name":"Sport pour tous : Le minist\u00e8re de la Fonction Publique tient sa premi\u00e8re s\u00e9ance - La Tribune du Faso","isPartOf":{"@id":"https:\/\/www.latribunedufaso.net\/#website"},"primaryImageOfPage":{"@id":"https:\/\/www.latribunedufaso.net\/?p=14674#primaryimage"},"image":{"@id":"https:\/\/www.latribunedufaso.net\/?p=14674#primaryimage"},"thumbnailUrl":"https:\/\/www.latribunedufaso.net\/wp-content\/uploads\/2024\/07\/IMG-20240705-WA0025.jpg","datePublished":"2024-07-04T19:22:14+00:00","dateModified":"2024-07-05T12:22:31+00:00","breadcrumb":{"@id":"https:\/\/www.latribunedufaso.net\/?p=14674#breadcrumb"},"inLanguage":"fr-FR","potentialAction":[{"@type":"ReadAction","target":["https:\/\/www.latribunedufaso.net\/?p=14674"]}]},{"@type":"ImageObject","inLanguage":"fr-FR","@id":"https:\/\/www.latribunedufaso.net\/?p=14674#primaryimage","url":"https:\/\/www.latribunedufaso.net\/wp-content\/uploads\/2024\/07\/IMG-20240705-WA0025.jpg","contentUrl":"https:\/\/www.latribunedufaso.net\/wp-content\/uploads\/2024\/07\/IMG-20240705-WA0025.jpg","width":1020,"height":768},{"@type":"BreadcrumbList","@id":"https:\/\/www.latribunedufaso.net\/?p=14674#breadcrumb","itemListElement":[{"@type":"ListItem","position":1,"name":"Accueil","item":"https:\/\/www.latribunedufaso.net\/"},{"@type":"ListItem","position":2,"name":"Sport pour tous : Le minist\u00e8re de la Fonction Publique tient sa premi\u00e8re s\u00e9ance"}]},{"@type":"WebSite","@id":"https:\/\/www.latribunedufaso.net\/#website","url":"https:\/\/www.latribunedufaso.net\/","name":"La Tribune du Faso","description":"L&#039;information du monde rural en un clic","publisher":{"@id":"https:\/\/www.latribunedufaso.net\/#organization"},"potentialAction":[{"@type":"SearchAction","target":{"@type":"EntryPoint","urlTemplate":"https:\/\/www.latribunedufaso.net\/?s={search_term_string}"},"query-input":{"@type":"PropertyValueSpecification","valueRequired":true,"valueName":"search_term_string"}}],"inLanguage":"fr-FR"},{"@type":"Organization","@id":"https:\/\/www.latribunedufaso.net\/#organization","name":"La Tribune du Faso","url":"https:\/\/www.latribunedufaso.net\/","logo":{"@type":"ImageObject","inLanguage":"fr-FR","@id":"https:\/\/www.latribunedufaso.net\/#\/schema\/logo\/image\/","url":"https:\/\/www.latribunedufaso.net\/wp-content\/uploads\/2020\/08\/Logo-Tribune-du-Faso-final-scaled.jpg","contentUrl":"https:\/\/www.latribunedufaso.net\/wp-content\/uploads\/2020\/08\/Logo-Tribune-du-Faso-final-scaled.jpg","width":2560,"height":1856,"caption":"La Tribune du Faso"},"image":{"@id":"https:\/\/www.latribunedufaso.net\/#\/schema\/logo\/image\/"},"sameAs":["https:\/\/www.facebook.com\/LatribuneduFaso\/"]},{"@type":"Person","@id":"https:\/\/www.latribunedufaso.net\/#\/schema\/person\/e54e64c5778a7e72cf80a318b7a622b0","name":"Issouf Tapsoba","image":{"@type":"ImageObject","inLanguage":"fr-FR","@id":"https:\/\/secure.gravatar.com\/avatar\/5e6c05150ce3230247d167f5b94d678eb05936197436d69b7921e3a95c9107ac?s=96&d=mm&r=g","url":"https:\/\/secure.gravatar.com\/avatar\/5e6c05150ce3230247d167f5b94d678eb05936197436d69b7921e3a95c9107ac?s=96&d=mm&r=g","contentUrl":"https:\/\/secure.gravatar.com\/avatar\/5e6c05150ce3230247d167f5b94d678eb05936197436d69b7921e3a95c9107ac?s=96&d=mm&r=g","caption":"Issouf Tapsoba"},"url":"https:\/\/www.latribunedufaso.net\/?author=5"}]}},"_links":{"self":[{"href":"https:\/\/www.latribunedufaso.net\/index.php?rest_route=\/wp\/v2\/posts\/14674","targetHints":{"allow":["GET"]}}],"collection":[{"href":"https:\/\/www.latribunedufaso.net\/index.php?rest_route=\/wp\/v2\/posts"}],"about":[{"href":"https:\/\/www.latribunedufaso.net\/index.php?rest_route=\/wp\/v2\/types\/post"}],"author":[{"embeddable":true,"href":"https:\/\/www.latribunedufaso.net\/index.php?rest_route=\/wp\/v2\/users\/5"}],"replies":[{"embeddable":true,"href":"https:\/\/www.latribunedufaso.net\/index.php?rest_route=%2Fwp%2Fv2%2Fcomments&post=14674"}],"version-history":[{"count":1,"href":"https:\/\/www.latribunedufaso.net\/index.php?rest_route=\/wp\/v2\/posts\/14674\/revisions"}],"predecessor-version":[{"id":14680,"href":"https:\/\/www.latribunedufaso.net\/index.php?rest_route=\/wp\/v2\/posts\/14674\/revisions\/14680"}],"wp:featuredmedia":[{"embeddable":true,"href":"https:\/\/www.latribunedufaso.net\/index.php?rest_route=\/wp\/v2\/media\/14675"}],"wp:attachment":[{"href":"https:\/\/www.latribunedufaso.net\/index.php?rest_route=%2Fwp%2Fv2%2Fmedia&parent=14674"}],"wp:term":[{"taxonomy":"category","embeddable":true,"href":"https:\/\/www.latribunedufaso.net\/index.php?rest_route=%2Fwp%2Fv2%2Fcategories&post=14674"},{"taxonomy":"post_tag","embeddable":true,"href":"https:\/\/www.latribunedufaso.net\/index.php?rest_route=%2Fwp%2Fv2%2Ftags&post=14674"}],"curies":[{"name":"wp","href":"https:\/\/api.w.org\/{rel}","templated":true}]}}