{"id":14645,"date":"2024-06-11T23:21:11","date_gmt":"2024-06-11T23:21:11","guid":{"rendered":"https:\/\/www.latribunedufaso.net\/?p=14645"},"modified":"2024-07-03T19:26:34","modified_gmt":"2024-07-03T19:26:34","slug":"exploitation-artisanale-de-lor-le-projet-or-outille-les-collectivites","status":"publish","type":"post","link":"https:\/\/www.latribunedufaso.net\/?p=14645","title":{"rendered":"Exploitation artisanale de l\u2019or\u00a0: Le projet OR outille les collectivit\u00e9s"},"content":{"rendered":"<p style=\"text-align: justify;\"><strong>Du 6 au 7 juin 2024, le projet Or a r\u00e9uni \u00e0 Ziniar\u00e9, des acteurs des collectivit\u00e9s des r\u00e9gions du Plateau Central et du Centre-Ouest.<\/strong><!--more--><\/p>\n<p style=\"text-align: justify;\">L\u2019objectif de cet atelier est de favoriser une bonne compr\u00e9hension et appropriation des m\u00e9canismes et outils de gouvernance locale inclusive et durable de la Mine Artisanale et \u00e0 Petite Echelle (MAPE) par les acteurs cl\u00e9s des collectivit\u00e9s territoriales, en vue de faciliter\/d\u2019impulser sa prise en compte dans les politiques locales de d\u00e9veloppement.<\/p>\n<p style=\"text-align: justify;\">Durant 48 heures, les participants des communes de Absouya, Meguet, Mogt\u00e9do, Zam (r\u00e9gion du Plateau Central) et de R\u00e9o (r\u00e9gion du Centre-ouest), ont vu leur capacit\u00e9 renforc\u00e9es sur le cadre juridique et r\u00e9glementaire de la gouvernance local du secteur de la MAPE ; les sp\u00e9cificit\u00e9s du secteur ; les acteurs et leurs r\u00f4les ; les m\u00e9canismes et les outils de la gouvernance locale administrative de la MAPE ; les m\u00e9canismes et les outils de gouvernance locale technique et environnementale de la MAPE ; les m\u00e9canismes et les outils de gouvernance locale \u00e9conomique de la MAPE; les m\u00e9canismes et les outils de gouvernance locale de l\u2019information et de la communication dans le secteur de la MAPE.<\/p>\n<p style=\"text-align: justify;\">En rappel, le projet OR est financ\u00e9 par la Coop\u00e9ration Suisse (DDC) et mis en \u0153uvre par le Consortium Caritas Suisse, Artisanal Gold Council Burkina Faso et Solidar Suisse. L\u2019objectif global du Projet est \ud835\ude26\ud835\ude39\ud835\ude31\ud835\ude2d\ud835\ude30\ud835\ude2a\ud835\ude35\ud835\ude22\ud835\ude35\ud835\ude2a\ud835\ude30\ud835\ude2f \ud835\ude33\ud835\ude26\ud835\ude34\ud835\ude31\ud835\ude30\ud835\ude2f\ud835\ude34\ud835\ude22\ud835\ude23\ud835\ude2d\ud835\ude26 \ud835\ude25\ud835\ude26 \ud835\ude2d\u2019\ud835\ude30\ud835\ude33 \ud835\ude26\ud835\ude34\ud835\ude35 \ud835\ude26\u0301\ud835\ude35\ud835\ude22\ud835\ude23\ud835\ude2d\ud835\ude2a\ud835\ude26 \ud835\ude25\ud835\ude22\ud835\ude2f\ud835\ude34 \ud835\ude2d\ud835\ude26\ud835\ude34 \ud835\ude34\ud835\ude2a\ud835\ude35\ud835\ude26\ud835\ude34 \ud835\ude2e\ud835\ude2a\ud835\ude2f\ud835\ude2a\ud835\ude26\ud835\ude33\ud835\ude34 \ud835\ude22\ud835\ude33\ud835\ude35\ud835\ude2a\ud835\ude34\ud835\ude22\ud835\ude2f\ud835\ude22\ud835\ude36\ud835\ude39 \ud835\ude25\ud835\ude36 \ud835\ude09\ud835\ude36\ud835\ude33\ud835\ude2c\ud835\ude2a\ud835\ude2f\ud835\ude22 \ud835\ude0d\ud835\ude22\ud835\ude34\ud835\ude30 \ud835\ude26\ud835\ude35 \ud835\ude2d\ud835\ude26\ud835\ude34 \ud835\ude22\ud835\ude24\ud835\ude35\ud835\ude26\ud835\ude36\ud835\ude33\ud835\ude34 \ud835\ude25\ud835\ude26 \ud835\ude2d\ud835\ude22 \ud835\ude24\ud835\ude29\ud835\ude22\ud835\ude2a\u0302\ud835\ude2f\ud835\ude26 \ud835\ude25\ud835\ude26 \ud835\ude31\ud835\ude33\ud835\ude30\ud835\ude25\ud835\ude36\ud835\ude24\ud835\ude35\ud835\ude2a\ud835\ude30\ud835\ude2f \ud835\ude22\ud835\ude36\ud835\ude33\ud835\ude2a\ud835\ude27\ud835\ude26\u0300\ud835\ude33\ud835\ude26 \ud835\ude22\ud835\ude33\ud835\ude35\ud835\ude2a\ud835\ude34\ud835\ude22\ud835\ude2f\ud835\ude22\ud835\ude2d\ud835\ude26 \ud835\ude31\ud835\ude33\ud835\ude30\ud835\ude27\ud835\ude2a\ud835\ude35\ud835\ude26\ud835\ude2f\ud835\ude35 \ud835\ude25\ud835\ude26 \ud835\ude2e\ud835\ude26\ud835\ude2a\ud835\ude2d\ud835\ude2d\ud835\ude26\ud835\ude36\ud835\ude33\ud835\ude34 \ud835\ude34\ud835\ude26\ud835\ude33\ud835\ude37\ud835\ude2a\ud835\ude24\ud835\ude26\ud835\ude34 \ud835\ude26\ud835\ude35 \ud835\ude24\ud835\ude30\ud835\ude2f\ud835\ude25\ud835\ude2a\ud835\ude35\ud835\ude2a\ud835\ude30\ud835\ude2f\ud835\ude34 \ud835\ude25\ud835\ude26 \ud835\ude35\ud835\ude33\ud835\ude22\ud835\ude37\ud835\ude22\ud835\ude2a\ud835\ude2d, \ud835\ude24\ud835\ude30\ud835\ude2f\ud835\ude35\ud835\ude33\ud835\ude2a\ud835\ude23\ud835\ude36\ud835\ude26\ud835\ude2f\ud835\ude35 \ud835\ude22\ud835\ude36 \ud835\ude25\ud835\ude26\u0301\ud835\ude37\ud835\ude26\ud835\ude2d\ud835\ude30\ud835\ude31\ud835\ude31\ud835\ude26\ud835\ude2e\ud835\ude26\ud835\ude2f\ud835\ude35 \ud835\ude2d\ud835\ude30\ud835\ude24\ud835\ude22\ud835\ude2d \ud835\ude26\ud835\ude35 \ud835\ude33\ud835\ude26\u0301\ud835\ude25\ud835\ude36\ud835\ude2a\ud835\ude34\ud835\ude26\ud835\ude2f\ud835\ude35 \ud835\ude2d\ud835\ude26\ud835\ude34 \ud835\ude26\ud835\ude27\ud835\ude27\ud835\ude26\ud835\ude35\ud835\ude34 \ud835\ude2f\ud835\ude26\u0301\ud835\ude28\ud835\ude22\ud835\ude35\ud835\ude2a\ud835\ude27\ud835\ude34 \ud835\ude25\ud835\ude36 \ud835\ude34\ud835\ude26\ud835\ude24\ud835\ude35\ud835\ude26\ud835\ude36\ud835\ude33.<\/p>\n<p style=\"text-align: justify;\"><strong>Marcus Kouaman (<a href=\"mailto:kmagju@gmail.com\">kmagju@gmail.com<\/a>)<\/strong><\/p>\n<p style=\"text-align: justify;\"><strong>Latribunedufaso.net<\/strong><\/p>\n<p style=\"text-align: justify;\">Source: Solidar Suisse Burkina<\/p>\n<p style=\"text-align: justify;\">\u00a0<\/p>\n<p style=\"text-align: justify;\">\u00a0<\/p>\n","protected":false},"excerpt":{"rendered":"<p>Du 6 au 7 juin 2024, le projet Or a r\u00e9uni \u00e0 Ziniar\u00e9, des acteurs des collectivit\u00e9s des r\u00e9gions du Plateau Central et du Centre-Ouest.<\/p>\n","protected":false},"author":2,"featured_media":14646,"comment_status":"open","ping_status":"open","sticky":false,"template":"","format":"standard","meta":{"footnotes":""},"categories":[13,1,19],"tags":[],"class_list":["post-14645","post","type-post","status-publish","format-standard","has-post-thumbnail","hentry","category-une","category-actu","category-mines-et-carrieres"],"yoast_head":"<!-- This site is optimized with the Yoast SEO plugin v27.4 - https:\/\/yoast.com\/product\/yoast-seo-wordpress\/ -->\n<title>Exploitation artisanale de l\u2019or\u00a0: Le projet OR outille les collectivit\u00e9s - La Tribune du Faso<\/title>\n<meta name=\"robots\" content=\"index, follow, max-snippet:-1, max-image-preview:large, max-video-preview:-1\" \/>\n<link rel=\"canonical\" href=\"https:\/\/www.latribunedufaso.net\/?p=14645\" \/>\n<meta property=\"og:locale\" content=\"fr_FR\" \/>\n<meta property=\"og:type\" content=\"article\" \/>\n<meta property=\"og:title\" content=\"Exploitation artisanale de l\u2019or\u00a0: Le projet OR outille les collectivit\u00e9s - La Tribune du Faso\" \/>\n<meta property=\"og:description\" content=\"Du 6 au 7 juin 2024, le projet Or a r\u00e9uni \u00e0 Ziniar\u00e9, des acteurs des collectivit\u00e9s des r\u00e9gions du Plateau Central et du Centre-Ouest.\" \/>\n<meta property=\"og:url\" content=\"https:\/\/www.latribunedufaso.net\/?p=14645\" \/>\n<meta property=\"og:site_name\" content=\"La Tribune du Faso\" \/>\n<meta property=\"article:publisher\" content=\"https:\/\/www.facebook.com\/LatribuneduFaso\/\" \/>\n<meta property=\"article:published_time\" content=\"2024-06-11T23:21:11+00:00\" \/>\n<meta property=\"article:modified_time\" content=\"2024-07-03T19:26:34+00:00\" \/>\n<meta property=\"og:image\" content=\"https:\/\/www.latribunedufaso.net\/wp-content\/uploads\/2024\/07\/448171956_856237276541073_7216291489661173196_n.jpg\" \/>\n\t<meta property=\"og:image:width\" content=\"2048\" \/>\n\t<meta property=\"og:image:height\" content=\"1365\" \/>\n\t<meta property=\"og:image:type\" content=\"image\/jpeg\" \/>\n<meta name=\"author\" content=\"Administrateur\" \/>\n<meta name=\"twitter:label1\" content=\"\u00c9crit par\" \/>\n\t<meta name=\"twitter:data1\" content=\"Administrateur\" \/>\n\t<meta name=\"twitter:label2\" content=\"Dur\u00e9e de lecture estim\u00e9e\" \/>\n\t<meta name=\"twitter:data2\" content=\"1 minute\" \/>\n<script type=\"application\/ld+json\" class=\"yoast-schema-graph\">{\"@context\":\"https:\\\/\\\/schema.org\",\"@graph\":[{\"@type\":\"Article\",\"@id\":\"https:\\\/\\\/www.latribunedufaso.net\\\/?p=14645#article\",\"isPartOf\":{\"@id\":\"https:\\\/\\\/www.latribunedufaso.net\\\/?p=14645\"},\"author\":{\"name\":\"Administrateur\",\"@id\":\"https:\\\/\\\/www.latribunedufaso.net\\\/#\\\/schema\\\/person\\\/a380782d0605bb8aae27c40ea93b35b1\"},\"headline\":\"Exploitation artisanale de l\u2019or\u00a0: Le projet OR outille les collectivit\u00e9s\",\"datePublished\":\"2024-06-11T23:21:11+00:00\",\"dateModified\":\"2024-07-03T19:26:34+00:00\",\"mainEntityOfPage\":{\"@id\":\"https:\\\/\\\/www.latribunedufaso.net\\\/?p=14645\"},\"wordCount\":265,\"commentCount\":0,\"publisher\":{\"@id\":\"https:\\\/\\\/www.latribunedufaso.net\\\/#organization\"},\"image\":{\"@id\":\"https:\\\/\\\/www.latribunedufaso.net\\\/?p=14645#primaryimage\"},\"thumbnailUrl\":\"https:\\\/\\\/www.latribunedufaso.net\\\/wp-content\\\/uploads\\\/2024\\\/07\\\/448171956_856237276541073_7216291489661173196_n.jpg\",\"articleSection\":[\"A la une\",\"Actualit\u00e9\",\"Mines et Carri\u00e8res\"],\"inLanguage\":\"fr-FR\",\"potentialAction\":[{\"@type\":\"CommentAction\",\"name\":\"Comment\",\"target\":[\"https:\\\/\\\/www.latribunedufaso.net\\\/?p=14645#respond\"]}]},{\"@type\":\"WebPage\",\"@id\":\"https:\\\/\\\/www.latribunedufaso.net\\\/?p=14645\",\"url\":\"https:\\\/\\\/www.latribunedufaso.net\\\/?p=14645\",\"name\":\"Exploitation artisanale de l\u2019or\u00a0: Le projet OR outille les collectivit\u00e9s - La Tribune du Faso\",\"isPartOf\":{\"@id\":\"https:\\\/\\\/www.latribunedufaso.net\\\/#website\"},\"primaryImageOfPage\":{\"@id\":\"https:\\\/\\\/www.latribunedufaso.net\\\/?p=14645#primaryimage\"},\"image\":{\"@id\":\"https:\\\/\\\/www.latribunedufaso.net\\\/?p=14645#primaryimage\"},\"thumbnailUrl\":\"https:\\\/\\\/www.latribunedufaso.net\\\/wp-content\\\/uploads\\\/2024\\\/07\\\/448171956_856237276541073_7216291489661173196_n.jpg\",\"datePublished\":\"2024-06-11T23:21:11+00:00\",\"dateModified\":\"2024-07-03T19:26:34+00:00\",\"breadcrumb\":{\"@id\":\"https:\\\/\\\/www.latribunedufaso.net\\\/?p=14645#breadcrumb\"},\"inLanguage\":\"fr-FR\",\"potentialAction\":[{\"@type\":\"ReadAction\",\"target\":[\"https:\\\/\\\/www.latribunedufaso.net\\\/?p=14645\"]}]},{\"@type\":\"ImageObject\",\"inLanguage\":\"fr-FR\",\"@id\":\"https:\\\/\\\/www.latribunedufaso.net\\\/?p=14645#primaryimage\",\"url\":\"https:\\\/\\\/www.latribunedufaso.net\\\/wp-content\\\/uploads\\\/2024\\\/07\\\/448171956_856237276541073_7216291489661173196_n.jpg\",\"contentUrl\":\"https:\\\/\\\/www.latribunedufaso.net\\\/wp-content\\\/uploads\\\/2024\\\/07\\\/448171956_856237276541073_7216291489661173196_n.jpg\",\"width\":2048,\"height\":1365},{\"@type\":\"BreadcrumbList\",\"@id\":\"https:\\\/\\\/www.latribunedufaso.net\\\/?p=14645#breadcrumb\",\"itemListElement\":[{\"@type\":\"ListItem\",\"position\":1,\"name\":\"Accueil\",\"item\":\"https:\\\/\\\/www.latribunedufaso.net\\\/\"},{\"@type\":\"ListItem\",\"position\":2,\"name\":\"Exploitation artisanale de l\u2019or\u00a0: Le projet OR outille les collectivit\u00e9s\"}]},{\"@type\":\"WebSite\",\"@id\":\"https:\\\/\\\/www.latribunedufaso.net\\\/#website\",\"url\":\"https:\\\/\\\/www.latribunedufaso.net\\\/\",\"name\":\"La Tribune du Faso\",\"description\":\"L&#039;information du monde rural en un clic\",\"publisher\":{\"@id\":\"https:\\\/\\\/www.latribunedufaso.net\\\/#organization\"},\"potentialAction\":[{\"@type\":\"SearchAction\",\"target\":{\"@type\":\"EntryPoint\",\"urlTemplate\":\"https:\\\/\\\/www.latribunedufaso.net\\\/?s={search_term_string}\"},\"query-input\":{\"@type\":\"PropertyValueSpecification\",\"valueRequired\":true,\"valueName\":\"search_term_string\"}}],\"inLanguage\":\"fr-FR\"},{\"@type\":\"Organization\",\"@id\":\"https:\\\/\\\/www.latribunedufaso.net\\\/#organization\",\"name\":\"La Tribune du Faso\",\"url\":\"https:\\\/\\\/www.latribunedufaso.net\\\/\",\"logo\":{\"@type\":\"ImageObject\",\"inLanguage\":\"fr-FR\",\"@id\":\"https:\\\/\\\/www.latribunedufaso.net\\\/#\\\/schema\\\/logo\\\/image\\\/\",\"url\":\"https:\\\/\\\/www.latribunedufaso.net\\\/wp-content\\\/uploads\\\/2020\\\/08\\\/Logo-Tribune-du-Faso-final-scaled.jpg\",\"contentUrl\":\"https:\\\/\\\/www.latribunedufaso.net\\\/wp-content\\\/uploads\\\/2020\\\/08\\\/Logo-Tribune-du-Faso-final-scaled.jpg\",\"width\":2560,\"height\":1856,\"caption\":\"La Tribune du Faso\"},\"image\":{\"@id\":\"https:\\\/\\\/www.latribunedufaso.net\\\/#\\\/schema\\\/logo\\\/image\\\/\"},\"sameAs\":[\"https:\\\/\\\/www.facebook.com\\\/LatribuneduFaso\\\/\"]},{\"@type\":\"Person\",\"@id\":\"https:\\\/\\\/www.latribunedufaso.net\\\/#\\\/schema\\\/person\\\/a380782d0605bb8aae27c40ea93b35b1\",\"name\":\"Administrateur\",\"image\":{\"@type\":\"ImageObject\",\"inLanguage\":\"fr-FR\",\"@id\":\"https:\\\/\\\/secure.gravatar.com\\\/avatar\\\/e20266f97d741f0e80ba1f60283074a9b3317fd7bfb727e0d95b51dafbf854a1?s=96&d=mm&r=g\",\"url\":\"https:\\\/\\\/secure.gravatar.com\\\/avatar\\\/e20266f97d741f0e80ba1f60283074a9b3317fd7bfb727e0d95b51dafbf854a1?s=96&d=mm&r=g\",\"contentUrl\":\"https:\\\/\\\/secure.gravatar.com\\\/avatar\\\/e20266f97d741f0e80ba1f60283074a9b3317fd7bfb727e0d95b51dafbf854a1?s=96&d=mm&r=g\",\"caption\":\"Administrateur\"},\"url\":\"https:\\\/\\\/www.latribunedufaso.net\\\/?author=2\"}]}<\/script>\n<!-- \/ Yoast SEO plugin. -->","yoast_head_json":{"title":"Exploitation artisanale de l\u2019or\u00a0: Le projet OR outille les collectivit\u00e9s - La Tribune du Faso","robots":{"index":"index","follow":"follow","max-snippet":"max-snippet:-1","max-image-preview":"max-image-preview:large","max-video-preview":"max-video-preview:-1"},"canonical":"https:\/\/www.latribunedufaso.net\/?p=14645","og_locale":"fr_FR","og_type":"article","og_title":"Exploitation artisanale de l\u2019or\u00a0: Le projet OR outille les collectivit\u00e9s - La Tribune du Faso","og_description":"Du 6 au 7 juin 2024, le projet Or a r\u00e9uni \u00e0 Ziniar\u00e9, des acteurs des collectivit\u00e9s des r\u00e9gions du Plateau Central et du Centre-Ouest.","og_url":"https:\/\/www.latribunedufaso.net\/?p=14645","og_site_name":"La Tribune du Faso","article_publisher":"https:\/\/www.facebook.com\/LatribuneduFaso\/","article_published_time":"2024-06-11T23:21:11+00:00","article_modified_time":"2024-07-03T19:26:34+00:00","og_image":[{"width":2048,"height":1365,"url":"https:\/\/www.latribunedufaso.net\/wp-content\/uploads\/2024\/07\/448171956_856237276541073_7216291489661173196_n.jpg","type":"image\/jpeg"}],"author":"Administrateur","twitter_misc":{"\u00c9crit par":"Administrateur","Dur\u00e9e de lecture estim\u00e9e":"1 minute"},"schema":{"@context":"https:\/\/schema.org","@graph":[{"@type":"Article","@id":"https:\/\/www.latribunedufaso.net\/?p=14645#article","isPartOf":{"@id":"https:\/\/www.latribunedufaso.net\/?p=14645"},"author":{"name":"Administrateur","@id":"https:\/\/www.latribunedufaso.net\/#\/schema\/person\/a380782d0605bb8aae27c40ea93b35b1"},"headline":"Exploitation artisanale de l\u2019or\u00a0: Le projet OR outille les collectivit\u00e9s","datePublished":"2024-06-11T23:21:11+00:00","dateModified":"2024-07-03T19:26:34+00:00","mainEntityOfPage":{"@id":"https:\/\/www.latribunedufaso.net\/?p=14645"},"wordCount":265,"commentCount":0,"publisher":{"@id":"https:\/\/www.latribunedufaso.net\/#organization"},"image":{"@id":"https:\/\/www.latribunedufaso.net\/?p=14645#primaryimage"},"thumbnailUrl":"https:\/\/www.latribunedufaso.net\/wp-content\/uploads\/2024\/07\/448171956_856237276541073_7216291489661173196_n.jpg","articleSection":["A la une","Actualit\u00e9","Mines et Carri\u00e8res"],"inLanguage":"fr-FR","potentialAction":[{"@type":"CommentAction","name":"Comment","target":["https:\/\/www.latribunedufaso.net\/?p=14645#respond"]}]},{"@type":"WebPage","@id":"https:\/\/www.latribunedufaso.net\/?p=14645","url":"https:\/\/www.latribunedufaso.net\/?p=14645","name":"Exploitation artisanale de l\u2019or\u00a0: Le projet OR outille les collectivit\u00e9s - La Tribune du Faso","isPartOf":{"@id":"https:\/\/www.latribunedufaso.net\/#website"},"primaryImageOfPage":{"@id":"https:\/\/www.latribunedufaso.net\/?p=14645#primaryimage"},"image":{"@id":"https:\/\/www.latribunedufaso.net\/?p=14645#primaryimage"},"thumbnailUrl":"https:\/\/www.latribunedufaso.net\/wp-content\/uploads\/2024\/07\/448171956_856237276541073_7216291489661173196_n.jpg","datePublished":"2024-06-11T23:21:11+00:00","dateModified":"2024-07-03T19:26:34+00:00","breadcrumb":{"@id":"https:\/\/www.latribunedufaso.net\/?p=14645#breadcrumb"},"inLanguage":"fr-FR","potentialAction":[{"@type":"ReadAction","target":["https:\/\/www.latribunedufaso.net\/?p=14645"]}]},{"@type":"ImageObject","inLanguage":"fr-FR","@id":"https:\/\/www.latribunedufaso.net\/?p=14645#primaryimage","url":"https:\/\/www.latribunedufaso.net\/wp-content\/uploads\/2024\/07\/448171956_856237276541073_7216291489661173196_n.jpg","contentUrl":"https:\/\/www.latribunedufaso.net\/wp-content\/uploads\/2024\/07\/448171956_856237276541073_7216291489661173196_n.jpg","width":2048,"height":1365},{"@type":"BreadcrumbList","@id":"https:\/\/www.latribunedufaso.net\/?p=14645#breadcrumb","itemListElement":[{"@type":"ListItem","position":1,"name":"Accueil","item":"https:\/\/www.latribunedufaso.net\/"},{"@type":"ListItem","position":2,"name":"Exploitation artisanale de l\u2019or\u00a0: Le projet OR outille les collectivit\u00e9s"}]},{"@type":"WebSite","@id":"https:\/\/www.latribunedufaso.net\/#website","url":"https:\/\/www.latribunedufaso.net\/","name":"La Tribune du Faso","description":"L&#039;information du monde rural en un clic","publisher":{"@id":"https:\/\/www.latribunedufaso.net\/#organization"},"potentialAction":[{"@type":"SearchAction","target":{"@type":"EntryPoint","urlTemplate":"https:\/\/www.latribunedufaso.net\/?s={search_term_string}"},"query-input":{"@type":"PropertyValueSpecification","valueRequired":true,"valueName":"search_term_string"}}],"inLanguage":"fr-FR"},{"@type":"Organization","@id":"https:\/\/www.latribunedufaso.net\/#organization","name":"La Tribune du Faso","url":"https:\/\/www.latribunedufaso.net\/","logo":{"@type":"ImageObject","inLanguage":"fr-FR","@id":"https:\/\/www.latribunedufaso.net\/#\/schema\/logo\/image\/","url":"https:\/\/www.latribunedufaso.net\/wp-content\/uploads\/2020\/08\/Logo-Tribune-du-Faso-final-scaled.jpg","contentUrl":"https:\/\/www.latribunedufaso.net\/wp-content\/uploads\/2020\/08\/Logo-Tribune-du-Faso-final-scaled.jpg","width":2560,"height":1856,"caption":"La Tribune du Faso"},"image":{"@id":"https:\/\/www.latribunedufaso.net\/#\/schema\/logo\/image\/"},"sameAs":["https:\/\/www.facebook.com\/LatribuneduFaso\/"]},{"@type":"Person","@id":"https:\/\/www.latribunedufaso.net\/#\/schema\/person\/a380782d0605bb8aae27c40ea93b35b1","name":"Administrateur","image":{"@type":"ImageObject","inLanguage":"fr-FR","@id":"https:\/\/secure.gravatar.com\/avatar\/e20266f97d741f0e80ba1f60283074a9b3317fd7bfb727e0d95b51dafbf854a1?s=96&d=mm&r=g","url":"https:\/\/secure.gravatar.com\/avatar\/e20266f97d741f0e80ba1f60283074a9b3317fd7bfb727e0d95b51dafbf854a1?s=96&d=mm&r=g","contentUrl":"https:\/\/secure.gravatar.com\/avatar\/e20266f97d741f0e80ba1f60283074a9b3317fd7bfb727e0d95b51dafbf854a1?s=96&d=mm&r=g","caption":"Administrateur"},"url":"https:\/\/www.latribunedufaso.net\/?author=2"}]}},"_links":{"self":[{"href":"https:\/\/www.latribunedufaso.net\/index.php?rest_route=\/wp\/v2\/posts\/14645","targetHints":{"allow":["GET"]}}],"collection":[{"href":"https:\/\/www.latribunedufaso.net\/index.php?rest_route=\/wp\/v2\/posts"}],"about":[{"href":"https:\/\/www.latribunedufaso.net\/index.php?rest_route=\/wp\/v2\/types\/post"}],"author":[{"embeddable":true,"href":"https:\/\/www.latribunedufaso.net\/index.php?rest_route=\/wp\/v2\/users\/2"}],"replies":[{"embeddable":true,"href":"https:\/\/www.latribunedufaso.net\/index.php?rest_route=%2Fwp%2Fv2%2Fcomments&post=14645"}],"version-history":[{"count":1,"href":"https:\/\/www.latribunedufaso.net\/index.php?rest_route=\/wp\/v2\/posts\/14645\/revisions"}],"predecessor-version":[{"id":14647,"href":"https:\/\/www.latribunedufaso.net\/index.php?rest_route=\/wp\/v2\/posts\/14645\/revisions\/14647"}],"wp:featuredmedia":[{"embeddable":true,"href":"https:\/\/www.latribunedufaso.net\/index.php?rest_route=\/wp\/v2\/media\/14646"}],"wp:attachment":[{"href":"https:\/\/www.latribunedufaso.net\/index.php?rest_route=%2Fwp%2Fv2%2Fmedia&parent=14645"}],"wp:term":[{"taxonomy":"category","embeddable":true,"href":"https:\/\/www.latribunedufaso.net\/index.php?rest_route=%2Fwp%2Fv2%2Fcategories&post=14645"},{"taxonomy":"post_tag","embeddable":true,"href":"https:\/\/www.latribunedufaso.net\/index.php?rest_route=%2Fwp%2Fv2%2Ftags&post=14645"}],"curies":[{"name":"wp","href":"https:\/\/api.w.org\/{rel}","templated":true}]}}