{"id":14592,"date":"2024-07-01T08:40:00","date_gmt":"2024-07-01T08:40:00","guid":{"rendered":"https:\/\/www.latribunedufaso.net\/?p=14592"},"modified":"2024-07-01T08:40:00","modified_gmt":"2024-07-01T08:40:00","slug":"eglise-catholique-msr-julien-kabore-nomme-nonce-apostolique-au-ghana","status":"publish","type":"post","link":"https:\/\/www.latribunedufaso.net\/?p=14592","title":{"rendered":"\u00c9glise catholique : Msr Julien Kabor\u00e9 nomm\u00e9 Nonce Apostolique au Ghana\u00a0"},"content":{"rendered":"<p><span style=\"font-size: 1.0625rem;\">Dans un communiqu\u00e9 en date du samedi 29 juin 2024, le Pape Fran\u00e7ois, a nomm\u00e9 Mgr Julien Kabor\u00e9, Nonce Apostolique au Ghana.\u00a0<\/span><\/p>\n<p>Mgr Julien Kabor\u00e9 a \u00e9t\u00e9, par la m\u00eame occasion, nomm\u00e9 Archev\u00eaque titulaire de Milevum (Alg\u00e9rie) et il sera ordonn\u00e9 \u00e9v\u00eaque \u00e0 une date ult\u00e9rieure.<\/p>\n<p>En rappel, premier eccl\u00e9siastique burkinab\u00e8 nomm\u00e9 \u00e0 la charge de Nonce Apostolique, Mgr Julien est titulaire d\u2019une licence en th\u00e9ologie dogmatique et d\u2019un doctorat en droit canonique. Il a commenc\u00e9 le service diplomatique du Saint-Si\u00e8ge le 1er juillet 2004 et a exerc\u00e9 ses fonctions dans les nonciatures apostoliques au Kenya, en Papouasie-Nouvelle-Guin\u00e9e et aux \u00celes Salomon, au Costa-Rica, en R\u00e9publique de Cor\u00e9e, en Mongolie, en Croatie, \u00e0 Trinidad et Tobago, aux Philippines et en Irlande. Mgr Julien KABOR\u00c9 parle couramment l\u2019italien, l\u2019anglais, le fran\u00e7ais et l\u2019espagnol, avec une connaissance du swahili, du cor\u00e9en, du croate et du tagalog.<\/p>\n<p>La Conf\u00e9rence \u00c9piscopale Burkina-Niger a par ailleurs pr\u00e9sent\u00e9 d\u2019ores et d\u00e9j\u00e0 ses vives f\u00e9licitations au Nonce \u00e9lu.<\/p>\n<p><strong><span style=\"font-size: 1.0625rem;\">Latribunedufaso.net<\/span><\/strong><\/p>\n","protected":false},"excerpt":{"rendered":"<p>Dans un communiqu\u00e9 en date du samedi 29 juin 2024, le Pape Fran\u00e7ois, a nomm\u00e9 Mgr Julien Kabor\u00e9, Nonce Apostolique au Ghana.\u00a0 Mgr Julien Kabor\u00e9 a \u00e9t\u00e9, par la m\u00eame occasion, nomm\u00e9 Archev\u00eaque titulaire de Milevum (Alg\u00e9rie) et il sera ordonn\u00e9 \u00e9v\u00eaque \u00e0 une date ult\u00e9rieure. En rappel, premier eccl\u00e9siastique burkinab\u00e8 nomm\u00e9 \u00e0 la charge de Nonce Apostolique, Mgr Julien est titulaire d\u2019une licence en th\u00e9ologie dogmatique et d\u2019un doctorat en droit canonique. Il a commenc\u00e9 le service diplomatique du Saint-Si\u00e8ge le 1er juillet 2004 et a exerc\u00e9 ses fonctions dans les nonciatures apostoliques au Kenya, en Papouasie-Nouvelle-Guin\u00e9e et aux \u00celes Salomon, au Costa-Rica, en R\u00e9publique de Cor\u00e9e, en Mongolie, en Croatie, \u00e0 Trinidad et Tobago, aux Philippines et en Irlande. Mgr Julien KABOR\u00c9 parle couramment l\u2019italien, l\u2019anglais, le fran\u00e7ais et l\u2019espagnol, avec une connaissance du swahili, du cor\u00e9en, du croate et du tagalog. La Conf\u00e9rence \u00c9piscopale Burkina-Niger a par ailleurs pr\u00e9sent\u00e9 d\u2019ores et d\u00e9j\u00e0 ses vives f\u00e9licitations au Nonce \u00e9lu. Latribunedufaso.net<\/p>\n","protected":false},"author":5,"featured_media":14593,"comment_status":"open","ping_status":"open","sticky":false,"template":"","format":"standard","meta":{"footnotes":""},"categories":[13,1,8],"tags":[],"class_list":["post-14592","post","type-post","status-publish","format-standard","has-post-thumbnail","hentry","category-une","category-actu","category-societe"],"yoast_head":"<!-- This site is optimized with the Yoast SEO plugin v27.5 - https:\/\/yoast.com\/product\/yoast-seo-wordpress\/ -->\n<title>\u00c9glise catholique : Msr Julien Kabor\u00e9 nomm\u00e9 Nonce Apostolique au Ghana\u00a0 - La Tribune du Faso<\/title>\n<meta name=\"robots\" content=\"index, follow, max-snippet:-1, max-image-preview:large, max-video-preview:-1\" \/>\n<link rel=\"canonical\" href=\"https:\/\/www.latribunedufaso.net\/?p=14592\" \/>\n<meta property=\"og:locale\" content=\"fr_FR\" \/>\n<meta property=\"og:type\" content=\"article\" \/>\n<meta property=\"og:title\" content=\"\u00c9glise catholique : Msr Julien Kabor\u00e9 nomm\u00e9 Nonce Apostolique au Ghana\u00a0 - La Tribune du Faso\" \/>\n<meta property=\"og:description\" content=\"Dans un communiqu\u00e9 en date du samedi 29 juin 2024, le Pape Fran\u00e7ois, a nomm\u00e9 Mgr Julien Kabor\u00e9, Nonce Apostolique au Ghana.\u00a0 Mgr Julien Kabor\u00e9 a \u00e9t\u00e9, par la m\u00eame occasion, nomm\u00e9 Archev\u00eaque titulaire de Milevum (Alg\u00e9rie) et il sera ordonn\u00e9 \u00e9v\u00eaque \u00e0 une date ult\u00e9rieure. En rappel, premier eccl\u00e9siastique burkinab\u00e8 nomm\u00e9 \u00e0 la charge de Nonce Apostolique, Mgr Julien est titulaire d\u2019une licence en th\u00e9ologie dogmatique et d\u2019un doctorat en droit canonique. Il a commenc\u00e9 le service diplomatique du Saint-Si\u00e8ge le 1er juillet 2004 et a exerc\u00e9 ses fonctions dans les nonciatures apostoliques au Kenya, en Papouasie-Nouvelle-Guin\u00e9e et aux \u00celes Salomon, au Costa-Rica, en R\u00e9publique de Cor\u00e9e, en Mongolie, en Croatie, \u00e0 Trinidad et Tobago, aux Philippines et en Irlande. Mgr Julien KABOR\u00c9 parle couramment l\u2019italien, l\u2019anglais, le fran\u00e7ais et l\u2019espagnol, avec une connaissance du swahili, du cor\u00e9en, du croate et du tagalog. La Conf\u00e9rence \u00c9piscopale Burkina-Niger a par ailleurs pr\u00e9sent\u00e9 d\u2019ores et d\u00e9j\u00e0 ses vives f\u00e9licitations au Nonce \u00e9lu. Latribunedufaso.net\" \/>\n<meta property=\"og:url\" content=\"https:\/\/www.latribunedufaso.net\/?p=14592\" \/>\n<meta property=\"og:site_name\" content=\"La Tribune du Faso\" \/>\n<meta property=\"article:publisher\" content=\"https:\/\/www.facebook.com\/LatribuneduFaso\/\" \/>\n<meta property=\"article:published_time\" content=\"2024-07-01T08:40:00+00:00\" \/>\n<meta property=\"og:image\" content=\"https:\/\/www.latribunedufaso.net\/wp-content\/uploads\/2024\/07\/IMG_202407183_083602771.jpeg\" \/>\n\t<meta property=\"og:image:width\" content=\"1600\" \/>\n\t<meta property=\"og:image:height\" content=\"1066\" \/>\n\t<meta property=\"og:image:type\" content=\"image\/jpeg\" \/>\n<meta name=\"author\" content=\"Issouf Tapsoba\" \/>\n<meta name=\"twitter:label1\" content=\"\u00c9crit par\" \/>\n\t<meta name=\"twitter:data1\" content=\"Issouf Tapsoba\" \/>\n\t<meta name=\"twitter:label2\" content=\"Dur\u00e9e de lecture estim\u00e9e\" \/>\n\t<meta name=\"twitter:data2\" content=\"1 minute\" \/>\n<script type=\"application\/ld+json\" class=\"yoast-schema-graph\">{\"@context\":\"https:\\\/\\\/schema.org\",\"@graph\":[{\"@type\":\"Article\",\"@id\":\"https:\\\/\\\/www.latribunedufaso.net\\\/?p=14592#article\",\"isPartOf\":{\"@id\":\"https:\\\/\\\/www.latribunedufaso.net\\\/?p=14592\"},\"author\":{\"name\":\"Issouf Tapsoba\",\"@id\":\"https:\\\/\\\/www.latribunedufaso.net\\\/#\\\/schema\\\/person\\\/e54e64c5778a7e72cf80a318b7a622b0\"},\"headline\":\"\u00c9glise catholique : Msr Julien Kabor\u00e9 nomm\u00e9 Nonce Apostolique au Ghana\u00a0\",\"datePublished\":\"2024-07-01T08:40:00+00:00\",\"mainEntityOfPage\":{\"@id\":\"https:\\\/\\\/www.latribunedufaso.net\\\/?p=14592\"},\"wordCount\":191,\"commentCount\":0,\"publisher\":{\"@id\":\"https:\\\/\\\/www.latribunedufaso.net\\\/#organization\"},\"image\":{\"@id\":\"https:\\\/\\\/www.latribunedufaso.net\\\/?p=14592#primaryimage\"},\"thumbnailUrl\":\"https:\\\/\\\/www.latribunedufaso.net\\\/wp-content\\\/uploads\\\/2024\\\/07\\\/IMG_202407183_083602771.jpeg\",\"articleSection\":[\"A la une\",\"Actualit\u00e9\",\"Soci\u00e9t\u00e9\"],\"inLanguage\":\"fr-FR\",\"potentialAction\":[{\"@type\":\"CommentAction\",\"name\":\"Comment\",\"target\":[\"https:\\\/\\\/www.latribunedufaso.net\\\/?p=14592#respond\"]}]},{\"@type\":\"WebPage\",\"@id\":\"https:\\\/\\\/www.latribunedufaso.net\\\/?p=14592\",\"url\":\"https:\\\/\\\/www.latribunedufaso.net\\\/?p=14592\",\"name\":\"\u00c9glise catholique : Msr Julien Kabor\u00e9 nomm\u00e9 Nonce Apostolique au Ghana\u00a0 - La Tribune du Faso\",\"isPartOf\":{\"@id\":\"https:\\\/\\\/www.latribunedufaso.net\\\/#website\"},\"primaryImageOfPage\":{\"@id\":\"https:\\\/\\\/www.latribunedufaso.net\\\/?p=14592#primaryimage\"},\"image\":{\"@id\":\"https:\\\/\\\/www.latribunedufaso.net\\\/?p=14592#primaryimage\"},\"thumbnailUrl\":\"https:\\\/\\\/www.latribunedufaso.net\\\/wp-content\\\/uploads\\\/2024\\\/07\\\/IMG_202407183_083602771.jpeg\",\"datePublished\":\"2024-07-01T08:40:00+00:00\",\"breadcrumb\":{\"@id\":\"https:\\\/\\\/www.latribunedufaso.net\\\/?p=14592#breadcrumb\"},\"inLanguage\":\"fr-FR\",\"potentialAction\":[{\"@type\":\"ReadAction\",\"target\":[\"https:\\\/\\\/www.latribunedufaso.net\\\/?p=14592\"]}]},{\"@type\":\"ImageObject\",\"inLanguage\":\"fr-FR\",\"@id\":\"https:\\\/\\\/www.latribunedufaso.net\\\/?p=14592#primaryimage\",\"url\":\"https:\\\/\\\/www.latribunedufaso.net\\\/wp-content\\\/uploads\\\/2024\\\/07\\\/IMG_202407183_083602771.jpeg\",\"contentUrl\":\"https:\\\/\\\/www.latribunedufaso.net\\\/wp-content\\\/uploads\\\/2024\\\/07\\\/IMG_202407183_083602771.jpeg\",\"width\":1600,\"height\":1066},{\"@type\":\"BreadcrumbList\",\"@id\":\"https:\\\/\\\/www.latribunedufaso.net\\\/?p=14592#breadcrumb\",\"itemListElement\":[{\"@type\":\"ListItem\",\"position\":1,\"name\":\"Accueil\",\"item\":\"https:\\\/\\\/www.latribunedufaso.net\\\/\"},{\"@type\":\"ListItem\",\"position\":2,\"name\":\"\u00c9glise catholique : Msr Julien Kabor\u00e9 nomm\u00e9 Nonce Apostolique au Ghana\u00a0\"}]},{\"@type\":\"WebSite\",\"@id\":\"https:\\\/\\\/www.latribunedufaso.net\\\/#website\",\"url\":\"https:\\\/\\\/www.latribunedufaso.net\\\/\",\"name\":\"La Tribune du Faso\",\"description\":\"L&#039;information du monde rural en un clic\",\"publisher\":{\"@id\":\"https:\\\/\\\/www.latribunedufaso.net\\\/#organization\"},\"potentialAction\":[{\"@type\":\"SearchAction\",\"target\":{\"@type\":\"EntryPoint\",\"urlTemplate\":\"https:\\\/\\\/www.latribunedufaso.net\\\/?s={search_term_string}\"},\"query-input\":{\"@type\":\"PropertyValueSpecification\",\"valueRequired\":true,\"valueName\":\"search_term_string\"}}],\"inLanguage\":\"fr-FR\"},{\"@type\":\"Organization\",\"@id\":\"https:\\\/\\\/www.latribunedufaso.net\\\/#organization\",\"name\":\"La Tribune du Faso\",\"url\":\"https:\\\/\\\/www.latribunedufaso.net\\\/\",\"logo\":{\"@type\":\"ImageObject\",\"inLanguage\":\"fr-FR\",\"@id\":\"https:\\\/\\\/www.latribunedufaso.net\\\/#\\\/schema\\\/logo\\\/image\\\/\",\"url\":\"https:\\\/\\\/www.latribunedufaso.net\\\/wp-content\\\/uploads\\\/2020\\\/08\\\/Logo-Tribune-du-Faso-final-scaled.jpg\",\"contentUrl\":\"https:\\\/\\\/www.latribunedufaso.net\\\/wp-content\\\/uploads\\\/2020\\\/08\\\/Logo-Tribune-du-Faso-final-scaled.jpg\",\"width\":2560,\"height\":1856,\"caption\":\"La Tribune du Faso\"},\"image\":{\"@id\":\"https:\\\/\\\/www.latribunedufaso.net\\\/#\\\/schema\\\/logo\\\/image\\\/\"},\"sameAs\":[\"https:\\\/\\\/www.facebook.com\\\/LatribuneduFaso\\\/\"]},{\"@type\":\"Person\",\"@id\":\"https:\\\/\\\/www.latribunedufaso.net\\\/#\\\/schema\\\/person\\\/e54e64c5778a7e72cf80a318b7a622b0\",\"name\":\"Issouf Tapsoba\",\"image\":{\"@type\":\"ImageObject\",\"inLanguage\":\"fr-FR\",\"@id\":\"https:\\\/\\\/secure.gravatar.com\\\/avatar\\\/5e6c05150ce3230247d167f5b94d678eb05936197436d69b7921e3a95c9107ac?s=96&d=mm&r=g\",\"url\":\"https:\\\/\\\/secure.gravatar.com\\\/avatar\\\/5e6c05150ce3230247d167f5b94d678eb05936197436d69b7921e3a95c9107ac?s=96&d=mm&r=g\",\"contentUrl\":\"https:\\\/\\\/secure.gravatar.com\\\/avatar\\\/5e6c05150ce3230247d167f5b94d678eb05936197436d69b7921e3a95c9107ac?s=96&d=mm&r=g\",\"caption\":\"Issouf Tapsoba\"},\"url\":\"https:\\\/\\\/www.latribunedufaso.net\\\/?author=5\"}]}<\/script>\n<!-- \/ Yoast SEO plugin. -->","yoast_head_json":{"title":"\u00c9glise catholique : Msr Julien Kabor\u00e9 nomm\u00e9 Nonce Apostolique au Ghana\u00a0 - La Tribune du Faso","robots":{"index":"index","follow":"follow","max-snippet":"max-snippet:-1","max-image-preview":"max-image-preview:large","max-video-preview":"max-video-preview:-1"},"canonical":"https:\/\/www.latribunedufaso.net\/?p=14592","og_locale":"fr_FR","og_type":"article","og_title":"\u00c9glise catholique : Msr Julien Kabor\u00e9 nomm\u00e9 Nonce Apostolique au Ghana\u00a0 - La Tribune du Faso","og_description":"Dans un communiqu\u00e9 en date du samedi 29 juin 2024, le Pape Fran\u00e7ois, a nomm\u00e9 Mgr Julien Kabor\u00e9, Nonce Apostolique au Ghana.\u00a0 Mgr Julien Kabor\u00e9 a \u00e9t\u00e9, par la m\u00eame occasion, nomm\u00e9 Archev\u00eaque titulaire de Milevum (Alg\u00e9rie) et il sera ordonn\u00e9 \u00e9v\u00eaque \u00e0 une date ult\u00e9rieure. En rappel, premier eccl\u00e9siastique burkinab\u00e8 nomm\u00e9 \u00e0 la charge de Nonce Apostolique, Mgr Julien est titulaire d\u2019une licence en th\u00e9ologie dogmatique et d\u2019un doctorat en droit canonique. Il a commenc\u00e9 le service diplomatique du Saint-Si\u00e8ge le 1er juillet 2004 et a exerc\u00e9 ses fonctions dans les nonciatures apostoliques au Kenya, en Papouasie-Nouvelle-Guin\u00e9e et aux \u00celes Salomon, au Costa-Rica, en R\u00e9publique de Cor\u00e9e, en Mongolie, en Croatie, \u00e0 Trinidad et Tobago, aux Philippines et en Irlande. Mgr Julien KABOR\u00c9 parle couramment l\u2019italien, l\u2019anglais, le fran\u00e7ais et l\u2019espagnol, avec une connaissance du swahili, du cor\u00e9en, du croate et du tagalog. La Conf\u00e9rence \u00c9piscopale Burkina-Niger a par ailleurs pr\u00e9sent\u00e9 d\u2019ores et d\u00e9j\u00e0 ses vives f\u00e9licitations au Nonce \u00e9lu. Latribunedufaso.net","og_url":"https:\/\/www.latribunedufaso.net\/?p=14592","og_site_name":"La Tribune du Faso","article_publisher":"https:\/\/www.facebook.com\/LatribuneduFaso\/","article_published_time":"2024-07-01T08:40:00+00:00","og_image":[{"width":1600,"height":1066,"url":"https:\/\/www.latribunedufaso.net\/wp-content\/uploads\/2024\/07\/IMG_202407183_083602771.jpeg","type":"image\/jpeg"}],"author":"Issouf Tapsoba","twitter_misc":{"\u00c9crit par":"Issouf Tapsoba","Dur\u00e9e de lecture estim\u00e9e":"1 minute"},"schema":{"@context":"https:\/\/schema.org","@graph":[{"@type":"Article","@id":"https:\/\/www.latribunedufaso.net\/?p=14592#article","isPartOf":{"@id":"https:\/\/www.latribunedufaso.net\/?p=14592"},"author":{"name":"Issouf Tapsoba","@id":"https:\/\/www.latribunedufaso.net\/#\/schema\/person\/e54e64c5778a7e72cf80a318b7a622b0"},"headline":"\u00c9glise catholique : Msr Julien Kabor\u00e9 nomm\u00e9 Nonce Apostolique au Ghana\u00a0","datePublished":"2024-07-01T08:40:00+00:00","mainEntityOfPage":{"@id":"https:\/\/www.latribunedufaso.net\/?p=14592"},"wordCount":191,"commentCount":0,"publisher":{"@id":"https:\/\/www.latribunedufaso.net\/#organization"},"image":{"@id":"https:\/\/www.latribunedufaso.net\/?p=14592#primaryimage"},"thumbnailUrl":"https:\/\/www.latribunedufaso.net\/wp-content\/uploads\/2024\/07\/IMG_202407183_083602771.jpeg","articleSection":["A la une","Actualit\u00e9","Soci\u00e9t\u00e9"],"inLanguage":"fr-FR","potentialAction":[{"@type":"CommentAction","name":"Comment","target":["https:\/\/www.latribunedufaso.net\/?p=14592#respond"]}]},{"@type":"WebPage","@id":"https:\/\/www.latribunedufaso.net\/?p=14592","url":"https:\/\/www.latribunedufaso.net\/?p=14592","name":"\u00c9glise catholique : Msr Julien Kabor\u00e9 nomm\u00e9 Nonce Apostolique au Ghana\u00a0 - La Tribune du Faso","isPartOf":{"@id":"https:\/\/www.latribunedufaso.net\/#website"},"primaryImageOfPage":{"@id":"https:\/\/www.latribunedufaso.net\/?p=14592#primaryimage"},"image":{"@id":"https:\/\/www.latribunedufaso.net\/?p=14592#primaryimage"},"thumbnailUrl":"https:\/\/www.latribunedufaso.net\/wp-content\/uploads\/2024\/07\/IMG_202407183_083602771.jpeg","datePublished":"2024-07-01T08:40:00+00:00","breadcrumb":{"@id":"https:\/\/www.latribunedufaso.net\/?p=14592#breadcrumb"},"inLanguage":"fr-FR","potentialAction":[{"@type":"ReadAction","target":["https:\/\/www.latribunedufaso.net\/?p=14592"]}]},{"@type":"ImageObject","inLanguage":"fr-FR","@id":"https:\/\/www.latribunedufaso.net\/?p=14592#primaryimage","url":"https:\/\/www.latribunedufaso.net\/wp-content\/uploads\/2024\/07\/IMG_202407183_083602771.jpeg","contentUrl":"https:\/\/www.latribunedufaso.net\/wp-content\/uploads\/2024\/07\/IMG_202407183_083602771.jpeg","width":1600,"height":1066},{"@type":"BreadcrumbList","@id":"https:\/\/www.latribunedufaso.net\/?p=14592#breadcrumb","itemListElement":[{"@type":"ListItem","position":1,"name":"Accueil","item":"https:\/\/www.latribunedufaso.net\/"},{"@type":"ListItem","position":2,"name":"\u00c9glise catholique : Msr Julien Kabor\u00e9 nomm\u00e9 Nonce Apostolique au Ghana\u00a0"}]},{"@type":"WebSite","@id":"https:\/\/www.latribunedufaso.net\/#website","url":"https:\/\/www.latribunedufaso.net\/","name":"La Tribune du Faso","description":"L&#039;information du monde rural en un clic","publisher":{"@id":"https:\/\/www.latribunedufaso.net\/#organization"},"potentialAction":[{"@type":"SearchAction","target":{"@type":"EntryPoint","urlTemplate":"https:\/\/www.latribunedufaso.net\/?s={search_term_string}"},"query-input":{"@type":"PropertyValueSpecification","valueRequired":true,"valueName":"search_term_string"}}],"inLanguage":"fr-FR"},{"@type":"Organization","@id":"https:\/\/www.latribunedufaso.net\/#organization","name":"La Tribune du Faso","url":"https:\/\/www.latribunedufaso.net\/","logo":{"@type":"ImageObject","inLanguage":"fr-FR","@id":"https:\/\/www.latribunedufaso.net\/#\/schema\/logo\/image\/","url":"https:\/\/www.latribunedufaso.net\/wp-content\/uploads\/2020\/08\/Logo-Tribune-du-Faso-final-scaled.jpg","contentUrl":"https:\/\/www.latribunedufaso.net\/wp-content\/uploads\/2020\/08\/Logo-Tribune-du-Faso-final-scaled.jpg","width":2560,"height":1856,"caption":"La Tribune du Faso"},"image":{"@id":"https:\/\/www.latribunedufaso.net\/#\/schema\/logo\/image\/"},"sameAs":["https:\/\/www.facebook.com\/LatribuneduFaso\/"]},{"@type":"Person","@id":"https:\/\/www.latribunedufaso.net\/#\/schema\/person\/e54e64c5778a7e72cf80a318b7a622b0","name":"Issouf Tapsoba","image":{"@type":"ImageObject","inLanguage":"fr-FR","@id":"https:\/\/secure.gravatar.com\/avatar\/5e6c05150ce3230247d167f5b94d678eb05936197436d69b7921e3a95c9107ac?s=96&d=mm&r=g","url":"https:\/\/secure.gravatar.com\/avatar\/5e6c05150ce3230247d167f5b94d678eb05936197436d69b7921e3a95c9107ac?s=96&d=mm&r=g","contentUrl":"https:\/\/secure.gravatar.com\/avatar\/5e6c05150ce3230247d167f5b94d678eb05936197436d69b7921e3a95c9107ac?s=96&d=mm&r=g","caption":"Issouf Tapsoba"},"url":"https:\/\/www.latribunedufaso.net\/?author=5"}]}},"_links":{"self":[{"href":"https:\/\/www.latribunedufaso.net\/index.php?rest_route=\/wp\/v2\/posts\/14592","targetHints":{"allow":["GET"]}}],"collection":[{"href":"https:\/\/www.latribunedufaso.net\/index.php?rest_route=\/wp\/v2\/posts"}],"about":[{"href":"https:\/\/www.latribunedufaso.net\/index.php?rest_route=\/wp\/v2\/types\/post"}],"author":[{"embeddable":true,"href":"https:\/\/www.latribunedufaso.net\/index.php?rest_route=\/wp\/v2\/users\/5"}],"replies":[{"embeddable":true,"href":"https:\/\/www.latribunedufaso.net\/index.php?rest_route=%2Fwp%2Fv2%2Fcomments&post=14592"}],"version-history":[{"count":1,"href":"https:\/\/www.latribunedufaso.net\/index.php?rest_route=\/wp\/v2\/posts\/14592\/revisions"}],"predecessor-version":[{"id":14594,"href":"https:\/\/www.latribunedufaso.net\/index.php?rest_route=\/wp\/v2\/posts\/14592\/revisions\/14594"}],"wp:featuredmedia":[{"embeddable":true,"href":"https:\/\/www.latribunedufaso.net\/index.php?rest_route=\/wp\/v2\/media\/14593"}],"wp:attachment":[{"href":"https:\/\/www.latribunedufaso.net\/index.php?rest_route=%2Fwp%2Fv2%2Fmedia&parent=14592"}],"wp:term":[{"taxonomy":"category","embeddable":true,"href":"https:\/\/www.latribunedufaso.net\/index.php?rest_route=%2Fwp%2Fv2%2Fcategories&post=14592"},{"taxonomy":"post_tag","embeddable":true,"href":"https:\/\/www.latribunedufaso.net\/index.php?rest_route=%2Fwp%2Fv2%2Ftags&post=14592"}],"curies":[{"name":"wp","href":"https:\/\/api.w.org\/{rel}","templated":true}]}}