{"id":14521,"date":"2024-06-27T08:05:02","date_gmt":"2024-06-27T08:05:02","guid":{"rendered":"https:\/\/www.latribunedufaso.net\/?p=14521"},"modified":"2024-06-27T17:09:05","modified_gmt":"2024-06-27T17:09:05","slug":"journee-mondiale-des-micros-petites-et-moyennes-entreprises-la-declaration-du-ministre-du-developpement-industriel-du-commerce-de-lartisanat-et-des-petites-et-moyennes-entreprises","status":"publish","type":"post","link":"https:\/\/www.latribunedufaso.net\/?p=14521","title":{"rendered":"Journ\u00e9e mondiale des micros, petites et moyennes entreprises\u00a0: la d\u00e9claration du Ministre du D\u00e9veloppement industriel, du Commerce, de l\u2019Artisanat et des Petites et Moyennes Entreprises"},"content":{"rendered":"<p style=\"text-align: justify;\"><strong style=\"font-size: 1.0625rem;\">(Ouagadougou, le 27 Juin 2024<span style=\"font-size: 1.0625rem;\">L) Le 27 juin de chaque ann\u00e9e est consacr\u00e9 \u00e0 la c\u00e9l\u00e9bration de la Journ\u00e9e Mondiale des Micros, Petites et Moyennes Entreprises (JM-MPME).<\/span><\/strong><br \/><!--more--><\/p>\n<p style=\"text-align: justify;\">Cette journ\u00e9e qui a \u00e9t\u00e9 institu\u00e9e par l\u2019Assembl\u00e9e G\u00e9n\u00e9rale de l\u2019Organisation des Nations Unies (ONU), le 06 avril 2017, a pour objectif principal de sensibiliser l\u2019opinion publique sur l\u2019importance des Micros, Petites et Moyennes Entreprises (MPME) dans la concr\u00e9tisation des Objectifs de D\u00e9veloppement Durable d\u2019une part, et d\u2019autre part, de r\u00e9fl\u00e9chir aux d\u00e9fis \u00e0 relever et aux perspectives de croissance des MPME.<\/p>\n<p style=\"text-align: justify;\">Elle constitue une occasion de reconnaissance de l\u2019impact des MPME et de c\u00e9l\u00e9bration des femmes et des hommes qui les cr\u00e9ent et les dirigent.<br \/>Les MPME sont, par excellence, l\u2019un des piliers du d\u00e9veloppement \u00e9conomique plus inclusif et plus durable de nos \u00e9conomies. Leur contribution est fort appr\u00e9ciable dans la valorisation et la transformation des mati\u00e8res premi\u00e8res locales, \u00e0 travers la cr\u00e9ation d\u2019une plus-value n\u00e9cessaire pour un meilleur positionnement sur les march\u00e9s nationaux et internationaux.<\/p>\n<p style=\"text-align: justify;\">Au Burkina Faso, les MPME constituent plus de 90% du tissu \u00e9conomique et ont une contribution \u00e0 la formation du Produit Int\u00e9rieur Brut (PIB) de l\u2019ordre de 40%. Aussi, comme dans la majorit\u00e9 des pays du monde, les Micros, Petites et Moyennes Entreprises sont-elles en premi\u00e8re ligne pour l\u2019am\u00e9lioration des conditions de vie des populations et constituent un filet de s\u00e9curit\u00e9 en mati\u00e8re d\u2019inclusion.<\/p>\n<p style=\"text-align: justify;\">C\u2019est au regard de l\u2019importance de la contribution de ces MPME au d\u00e9veloppement socio-\u00e9conomique durable du Burkina Faso qu\u2019elles sont au c\u0153ur de l\u2019action Gouvernementale.<br \/>Ainsi le Plan d\u2019Actions pour la Stabilisation et le D\u00e9veloppement (PASD) de la transition r\u00e9affirme le r\u00f4le des MPME dans la transformation structurelle de l\u2019\u00e9conomie et l\u2019imp\u00e9rieuse n\u00e9cessit\u00e9 de soutenir leur r\u00e9silience dans le contexte qui est le n\u00f4tre.<\/p>\n<p style=\"text-align: justify;\">Le th\u00e8me retenu cette ann\u00e9e pour la c\u00e9l\u00e9bration de la JM-MPME au Burkina Faso est : \u00ab Offensive agropastorale et halieutique : contribution des PME pour un Burkina Faso sans faim. \u00bb<\/p>\n<p style=\"text-align: justify;\">En effet, ces derni\u00e8res ann\u00e9es, les PME font face \u00e0 de multiples crises notamment s\u00e9curitaire et \u00e9conomique. Ces crises d\u2019origines internationales et nationales leur ont occasionn\u00e9 de nombreuses difficult\u00e9s ; les obligeant \u00e0 d\u00e9velopper des initiatives pour renforcer leurs capacit\u00e9s de r\u00e9silience.<br \/>C\u2019est pourquoi, pour soutenir les actions de d\u00e9veloppement de l\u2019\u00e9conomie nationale, \u00ab l\u2019offensive agropastorale et halieutique 2023-2025 \u00bb qui entre dans le cadre de l\u2019initiative pr\u00e9sidentielle pour la production agricole a \u00e9t\u00e9 adopt\u00e9e le 31 mai 2023 en Conseil des Ministres. Elle vise \u00e0 permettre au Burkina Faso d\u2019assurer sa souverainet\u00e9 alimentaire et la cr\u00e9ation d\u2019au moins 100 000 emplois d\u00e9cents dans le secteur agropastoral pour les jeunes, les personnes d\u00e9plac\u00e9es internes (PDI) et les volontaires pour la d\u00e9fense de la patrie (VDP).<\/p>\n<p style=\"text-align: justify;\">Le th\u00e8me retenu cette ann\u00e9e permet de r\u00e9fl\u00e9chir sur les actions que les MPME peuvent entreprendre pour contribuer \u00e0 l\u2019atteinte de la vision du Pr\u00e9sident du Faso.<\/p>\n<p style=\"text-align: justify;\">Plusieurs initiatives des pouvoirs publics contribuent \u00e0 cr\u00e9er un environnement favorable \u00e0 la cr\u00e9ation et la p\u00e9rennisation des MPME. Dans cette dynamique, la loi d\u2019orientation de promotion des PME n\u00b0015-2017\/AN du 27 avril 2017, ainsi que le d\u00e9cret portant adoption de la charte des PME n\u00b02017-1165\/PRES\/PM\/MCIA\/MATD\/MINEFID du 27 novembre 2017 ; ont pr\u00e9vu des dispositions avantageuses sur le plan de la fiscalit\u00e9, de l\u2019acc\u00e8s \u00e0 la commande publique, de l\u2019acc\u00e8s au financement et au foncier.<\/p>\n<p style=\"text-align: justify;\">En plus de ces dispositions, le gouvernement burkinab\u00e8 a adopt\u00e9 la loi n\u00b0010-2023\/ALT du 18 juillet 2023 portant institution de mesures d\u2019incitations fiscales et douani\u00e8res au profit des Petites et Moyennes Entreprises au titre des exercices 2023-2025.<\/p>\n<p style=\"text-align: justify;\">Gr\u00e2ce \u00e0 cette nouvelle loi, pour l\u2019acquisition ou le renouvellement du mat\u00e9riel de production, les microentreprises et les petites entreprises des secteurs de la production de biens et de la transformation, b\u00e9n\u00e9ficient de l\u2019exon\u00e9ration totale de la Taxe sur la Valeur Ajout\u00e9e (TVA), des droits et taxes \u00e0 l\u2019importation ; \u00e0 l&rsquo;exclusion des pr\u00e9l\u00e8vements communautaires et des taxes pour service rendu.<\/p>\n<p style=\"text-align: justify;\">Pour l&rsquo;importation de v\u00e9hicules de transport de marchandises et de v\u00e9hicules utilitaires de moins de dix (10) ans d&rsquo;\u00e2ge, les PME des secteurs de la production de biens, de la transformation et du transport b\u00e9n\u00e9ficient de l&rsquo;exon\u00e9ration totale de la TVA, des droits et taxes \u00e0 l&rsquo;importation ; \u00e0 l&rsquo;exclusion des pr\u00e9l\u00e8vements communautaires et des taxes pour service rendu.<\/p>\n<p style=\"text-align: justify;\">Les p\u00e9pini\u00e8res d\u2019entreprises et les incubateurs b\u00e9n\u00e9ficient \u00e9galement de l\u2019exon\u00e9ration de la TVA sur les mat\u00e9riaux et services destin\u00e9s \u00e0 la r\u00e9alisation ou \u00e0 l\u2019acquisition des locaux desdits p\u00e9pini\u00e8res et incubateurs, de l\u2019exon\u00e9ration de la TVA pour les acquisitions sur le march\u00e9 local de mat\u00e9riels informatiques, de machines \u00e0 copier et de mobiliers de bureau fabriqu\u00e9s localement.<\/p>\n<p style=\"text-align: justify;\">Les petites entreprises nouvellement cr\u00e9\u00e9es sont exon\u00e9r\u00e9es du Minimum forfaitaire de perception (MFP) au titre des deux premiers exercices d\u2019exploitation.<\/p>\n<p style=\"text-align: justify;\">L\u2019ensemble de toutes ces mesures viennent prouver \u00e0 souhait l\u2019engagement des Autorit\u00e9s burkinab\u00e8 \u00e0 continuer \u00e0 soutenir le secteur priv\u00e9, cr\u00e9ateur d\u2019emplois et de richesses. <br \/>Par cons\u00e9quent, j\u2019invite les acteurs des MPME et l\u2019ensemble de l\u2019\u00e9cosyst\u00e8me entrepreneurial \u00e0 saisir l\u2019opportunit\u00e9 que leur offre l\u2019offensive agropastorale et halieutique pour contribuer au d\u00e9veloppement durable et \u00e0 la souverainet\u00e9 du Burkina Faso.<br \/>Vive les Micros, Petites, et Moyennes Entreprises !<\/p>\n<p style=\"text-align: justify;\">Bonne c\u00e9l\u00e9bration de la journ\u00e9e mondiale des MPME \u00e0 toutes et \u00e0 tous !<br \/>Dieu b\u00e9nisse le Burkina Faso !<\/p>\n<p style=\"text-align: justify;\"><strong>Serge Gnaniodem PODA<\/strong><br \/><strong>Ministre du D\u00e9veloppement Industriel,<\/strong><br \/><strong>du Commerce, de l\u2019Artisanat<\/strong><br \/><strong>et des Petites et Moyennes Entreprises<\/strong><\/p>\n","protected":false},"excerpt":{"rendered":"<p>(Ouagadougou, le 27 Juin 2024L) Le 27 juin de chaque ann\u00e9e est consacr\u00e9 \u00e0 la c\u00e9l\u00e9bration de la Journ\u00e9e Mondiale des Micros, Petites et Moyennes Entreprises (JM-MPME).<\/p>\n","protected":false},"author":2,"featured_media":14522,"comment_status":"open","ping_status":"open","sticky":false,"template":"","format":"standard","meta":{"footnotes":""},"categories":[13,1,10],"tags":[],"class_list":["post-14521","post","type-post","status-publish","format-standard","has-post-thumbnail","hentry","category-une","category-actu","category-eco"],"yoast_head":"<!-- This site is optimized with the Yoast SEO plugin v27.5 - https:\/\/yoast.com\/product\/yoast-seo-wordpress\/ -->\n<title>Journ\u00e9e mondiale des micros, petites et moyennes entreprises\u00a0: la d\u00e9claration du Ministre du D\u00e9veloppement industriel, du Commerce, de l\u2019Artisanat et des Petites et Moyennes Entreprises - La Tribune du Faso<\/title>\n<meta name=\"robots\" content=\"index, follow, max-snippet:-1, max-image-preview:large, max-video-preview:-1\" \/>\n<link rel=\"canonical\" href=\"https:\/\/www.latribunedufaso.net\/?p=14521\" \/>\n<meta property=\"og:locale\" content=\"fr_FR\" \/>\n<meta property=\"og:type\" content=\"article\" \/>\n<meta property=\"og:title\" content=\"Journ\u00e9e mondiale des micros, petites et moyennes entreprises\u00a0: la d\u00e9claration du Ministre du D\u00e9veloppement industriel, du Commerce, de l\u2019Artisanat et des Petites et Moyennes Entreprises - La Tribune du Faso\" \/>\n<meta property=\"og:description\" content=\"(Ouagadougou, le 27 Juin 2024L) Le 27 juin de chaque ann\u00e9e est consacr\u00e9 \u00e0 la c\u00e9l\u00e9bration de la Journ\u00e9e Mondiale des Micros, Petites et Moyennes Entreprises (JM-MPME).\" \/>\n<meta property=\"og:url\" content=\"https:\/\/www.latribunedufaso.net\/?p=14521\" \/>\n<meta property=\"og:site_name\" content=\"La Tribune du Faso\" \/>\n<meta property=\"article:publisher\" content=\"https:\/\/www.facebook.com\/LatribuneduFaso\/\" \/>\n<meta property=\"article:published_time\" content=\"2024-06-27T08:05:02+00:00\" \/>\n<meta property=\"article:modified_time\" content=\"2024-06-27T17:09:05+00:00\" \/>\n<meta property=\"og:image\" content=\"https:\/\/www.latribunedufaso.net\/wp-content\/uploads\/2024\/06\/IMG-20240626-WA0000.jpg\" \/>\n\t<meta property=\"og:image:width\" content=\"877\" \/>\n\t<meta property=\"og:image:height\" content=\"1080\" \/>\n\t<meta property=\"og:image:type\" content=\"image\/jpeg\" \/>\n<meta name=\"author\" content=\"Administrateur\" \/>\n<meta name=\"twitter:label1\" content=\"\u00c9crit par\" \/>\n\t<meta name=\"twitter:data1\" content=\"Administrateur\" \/>\n\t<meta name=\"twitter:label2\" content=\"Dur\u00e9e de lecture estim\u00e9e\" \/>\n\t<meta name=\"twitter:data2\" content=\"5 minutes\" \/>\n<script type=\"application\/ld+json\" class=\"yoast-schema-graph\">{\"@context\":\"https:\\\/\\\/schema.org\",\"@graph\":[{\"@type\":\"Article\",\"@id\":\"https:\\\/\\\/www.latribunedufaso.net\\\/?p=14521#article\",\"isPartOf\":{\"@id\":\"https:\\\/\\\/www.latribunedufaso.net\\\/?p=14521\"},\"author\":{\"name\":\"Administrateur\",\"@id\":\"https:\\\/\\\/www.latribunedufaso.net\\\/#\\\/schema\\\/person\\\/a380782d0605bb8aae27c40ea93b35b1\"},\"headline\":\"Journ\u00e9e mondiale des micros, petites et moyennes entreprises\u00a0: la d\u00e9claration du Ministre du D\u00e9veloppement industriel, du Commerce, de l\u2019Artisanat et des Petites et Moyennes Entreprises\",\"datePublished\":\"2024-06-27T08:05:02+00:00\",\"dateModified\":\"2024-06-27T17:09:05+00:00\",\"mainEntityOfPage\":{\"@id\":\"https:\\\/\\\/www.latribunedufaso.net\\\/?p=14521\"},\"wordCount\":1038,\"commentCount\":0,\"publisher\":{\"@id\":\"https:\\\/\\\/www.latribunedufaso.net\\\/#organization\"},\"image\":{\"@id\":\"https:\\\/\\\/www.latribunedufaso.net\\\/?p=14521#primaryimage\"},\"thumbnailUrl\":\"https:\\\/\\\/www.latribunedufaso.net\\\/wp-content\\\/uploads\\\/2024\\\/06\\\/IMG-20240626-WA0000.jpg\",\"articleSection\":[\"A la une\",\"Actualit\u00e9\",\"Economie\"],\"inLanguage\":\"fr-FR\",\"potentialAction\":[{\"@type\":\"CommentAction\",\"name\":\"Comment\",\"target\":[\"https:\\\/\\\/www.latribunedufaso.net\\\/?p=14521#respond\"]}]},{\"@type\":\"WebPage\",\"@id\":\"https:\\\/\\\/www.latribunedufaso.net\\\/?p=14521\",\"url\":\"https:\\\/\\\/www.latribunedufaso.net\\\/?p=14521\",\"name\":\"Journ\u00e9e mondiale des micros, petites et moyennes entreprises\u00a0: la d\u00e9claration du Ministre du D\u00e9veloppement industriel, du Commerce, de l\u2019Artisanat et des Petites et Moyennes Entreprises - La Tribune du Faso\",\"isPartOf\":{\"@id\":\"https:\\\/\\\/www.latribunedufaso.net\\\/#website\"},\"primaryImageOfPage\":{\"@id\":\"https:\\\/\\\/www.latribunedufaso.net\\\/?p=14521#primaryimage\"},\"image\":{\"@id\":\"https:\\\/\\\/www.latribunedufaso.net\\\/?p=14521#primaryimage\"},\"thumbnailUrl\":\"https:\\\/\\\/www.latribunedufaso.net\\\/wp-content\\\/uploads\\\/2024\\\/06\\\/IMG-20240626-WA0000.jpg\",\"datePublished\":\"2024-06-27T08:05:02+00:00\",\"dateModified\":\"2024-06-27T17:09:05+00:00\",\"breadcrumb\":{\"@id\":\"https:\\\/\\\/www.latribunedufaso.net\\\/?p=14521#breadcrumb\"},\"inLanguage\":\"fr-FR\",\"potentialAction\":[{\"@type\":\"ReadAction\",\"target\":[\"https:\\\/\\\/www.latribunedufaso.net\\\/?p=14521\"]}]},{\"@type\":\"ImageObject\",\"inLanguage\":\"fr-FR\",\"@id\":\"https:\\\/\\\/www.latribunedufaso.net\\\/?p=14521#primaryimage\",\"url\":\"https:\\\/\\\/www.latribunedufaso.net\\\/wp-content\\\/uploads\\\/2024\\\/06\\\/IMG-20240626-WA0000.jpg\",\"contentUrl\":\"https:\\\/\\\/www.latribunedufaso.net\\\/wp-content\\\/uploads\\\/2024\\\/06\\\/IMG-20240626-WA0000.jpg\",\"width\":877,\"height\":1080},{\"@type\":\"BreadcrumbList\",\"@id\":\"https:\\\/\\\/www.latribunedufaso.net\\\/?p=14521#breadcrumb\",\"itemListElement\":[{\"@type\":\"ListItem\",\"position\":1,\"name\":\"Accueil\",\"item\":\"https:\\\/\\\/www.latribunedufaso.net\\\/\"},{\"@type\":\"ListItem\",\"position\":2,\"name\":\"Journ\u00e9e mondiale des micros, petites et moyennes entreprises\u00a0: la d\u00e9claration du Ministre du D\u00e9veloppement industriel, du Commerce, de l\u2019Artisanat et des Petites et Moyennes Entreprises\"}]},{\"@type\":\"WebSite\",\"@id\":\"https:\\\/\\\/www.latribunedufaso.net\\\/#website\",\"url\":\"https:\\\/\\\/www.latribunedufaso.net\\\/\",\"name\":\"La Tribune du Faso\",\"description\":\"L&#039;information du monde rural en un clic\",\"publisher\":{\"@id\":\"https:\\\/\\\/www.latribunedufaso.net\\\/#organization\"},\"potentialAction\":[{\"@type\":\"SearchAction\",\"target\":{\"@type\":\"EntryPoint\",\"urlTemplate\":\"https:\\\/\\\/www.latribunedufaso.net\\\/?s={search_term_string}\"},\"query-input\":{\"@type\":\"PropertyValueSpecification\",\"valueRequired\":true,\"valueName\":\"search_term_string\"}}],\"inLanguage\":\"fr-FR\"},{\"@type\":\"Organization\",\"@id\":\"https:\\\/\\\/www.latribunedufaso.net\\\/#organization\",\"name\":\"La Tribune du Faso\",\"url\":\"https:\\\/\\\/www.latribunedufaso.net\\\/\",\"logo\":{\"@type\":\"ImageObject\",\"inLanguage\":\"fr-FR\",\"@id\":\"https:\\\/\\\/www.latribunedufaso.net\\\/#\\\/schema\\\/logo\\\/image\\\/\",\"url\":\"https:\\\/\\\/www.latribunedufaso.net\\\/wp-content\\\/uploads\\\/2020\\\/08\\\/Logo-Tribune-du-Faso-final-scaled.jpg\",\"contentUrl\":\"https:\\\/\\\/www.latribunedufaso.net\\\/wp-content\\\/uploads\\\/2020\\\/08\\\/Logo-Tribune-du-Faso-final-scaled.jpg\",\"width\":2560,\"height\":1856,\"caption\":\"La Tribune du Faso\"},\"image\":{\"@id\":\"https:\\\/\\\/www.latribunedufaso.net\\\/#\\\/schema\\\/logo\\\/image\\\/\"},\"sameAs\":[\"https:\\\/\\\/www.facebook.com\\\/LatribuneduFaso\\\/\"]},{\"@type\":\"Person\",\"@id\":\"https:\\\/\\\/www.latribunedufaso.net\\\/#\\\/schema\\\/person\\\/a380782d0605bb8aae27c40ea93b35b1\",\"name\":\"Administrateur\",\"image\":{\"@type\":\"ImageObject\",\"inLanguage\":\"fr-FR\",\"@id\":\"https:\\\/\\\/secure.gravatar.com\\\/avatar\\\/e20266f97d741f0e80ba1f60283074a9b3317fd7bfb727e0d95b51dafbf854a1?s=96&d=mm&r=g\",\"url\":\"https:\\\/\\\/secure.gravatar.com\\\/avatar\\\/e20266f97d741f0e80ba1f60283074a9b3317fd7bfb727e0d95b51dafbf854a1?s=96&d=mm&r=g\",\"contentUrl\":\"https:\\\/\\\/secure.gravatar.com\\\/avatar\\\/e20266f97d741f0e80ba1f60283074a9b3317fd7bfb727e0d95b51dafbf854a1?s=96&d=mm&r=g\",\"caption\":\"Administrateur\"},\"url\":\"https:\\\/\\\/www.latribunedufaso.net\\\/?author=2\"}]}<\/script>\n<!-- \/ Yoast SEO plugin. -->","yoast_head_json":{"title":"Journ\u00e9e mondiale des micros, petites et moyennes entreprises\u00a0: la d\u00e9claration du Ministre du D\u00e9veloppement industriel, du Commerce, de l\u2019Artisanat et des Petites et Moyennes Entreprises - La Tribune du Faso","robots":{"index":"index","follow":"follow","max-snippet":"max-snippet:-1","max-image-preview":"max-image-preview:large","max-video-preview":"max-video-preview:-1"},"canonical":"https:\/\/www.latribunedufaso.net\/?p=14521","og_locale":"fr_FR","og_type":"article","og_title":"Journ\u00e9e mondiale des micros, petites et moyennes entreprises\u00a0: la d\u00e9claration du Ministre du D\u00e9veloppement industriel, du Commerce, de l\u2019Artisanat et des Petites et Moyennes Entreprises - La Tribune du Faso","og_description":"(Ouagadougou, le 27 Juin 2024L) Le 27 juin de chaque ann\u00e9e est consacr\u00e9 \u00e0 la c\u00e9l\u00e9bration de la Journ\u00e9e Mondiale des Micros, Petites et Moyennes Entreprises (JM-MPME).","og_url":"https:\/\/www.latribunedufaso.net\/?p=14521","og_site_name":"La Tribune du Faso","article_publisher":"https:\/\/www.facebook.com\/LatribuneduFaso\/","article_published_time":"2024-06-27T08:05:02+00:00","article_modified_time":"2024-06-27T17:09:05+00:00","og_image":[{"width":877,"height":1080,"url":"https:\/\/www.latribunedufaso.net\/wp-content\/uploads\/2024\/06\/IMG-20240626-WA0000.jpg","type":"image\/jpeg"}],"author":"Administrateur","twitter_misc":{"\u00c9crit par":"Administrateur","Dur\u00e9e de lecture estim\u00e9e":"5 minutes"},"schema":{"@context":"https:\/\/schema.org","@graph":[{"@type":"Article","@id":"https:\/\/www.latribunedufaso.net\/?p=14521#article","isPartOf":{"@id":"https:\/\/www.latribunedufaso.net\/?p=14521"},"author":{"name":"Administrateur","@id":"https:\/\/www.latribunedufaso.net\/#\/schema\/person\/a380782d0605bb8aae27c40ea93b35b1"},"headline":"Journ\u00e9e mondiale des micros, petites et moyennes entreprises\u00a0: la d\u00e9claration du Ministre du D\u00e9veloppement industriel, du Commerce, de l\u2019Artisanat et des Petites et Moyennes Entreprises","datePublished":"2024-06-27T08:05:02+00:00","dateModified":"2024-06-27T17:09:05+00:00","mainEntityOfPage":{"@id":"https:\/\/www.latribunedufaso.net\/?p=14521"},"wordCount":1038,"commentCount":0,"publisher":{"@id":"https:\/\/www.latribunedufaso.net\/#organization"},"image":{"@id":"https:\/\/www.latribunedufaso.net\/?p=14521#primaryimage"},"thumbnailUrl":"https:\/\/www.latribunedufaso.net\/wp-content\/uploads\/2024\/06\/IMG-20240626-WA0000.jpg","articleSection":["A la une","Actualit\u00e9","Economie"],"inLanguage":"fr-FR","potentialAction":[{"@type":"CommentAction","name":"Comment","target":["https:\/\/www.latribunedufaso.net\/?p=14521#respond"]}]},{"@type":"WebPage","@id":"https:\/\/www.latribunedufaso.net\/?p=14521","url":"https:\/\/www.latribunedufaso.net\/?p=14521","name":"Journ\u00e9e mondiale des micros, petites et moyennes entreprises\u00a0: la d\u00e9claration du Ministre du D\u00e9veloppement industriel, du Commerce, de l\u2019Artisanat et des Petites et Moyennes Entreprises - La Tribune du Faso","isPartOf":{"@id":"https:\/\/www.latribunedufaso.net\/#website"},"primaryImageOfPage":{"@id":"https:\/\/www.latribunedufaso.net\/?p=14521#primaryimage"},"image":{"@id":"https:\/\/www.latribunedufaso.net\/?p=14521#primaryimage"},"thumbnailUrl":"https:\/\/www.latribunedufaso.net\/wp-content\/uploads\/2024\/06\/IMG-20240626-WA0000.jpg","datePublished":"2024-06-27T08:05:02+00:00","dateModified":"2024-06-27T17:09:05+00:00","breadcrumb":{"@id":"https:\/\/www.latribunedufaso.net\/?p=14521#breadcrumb"},"inLanguage":"fr-FR","potentialAction":[{"@type":"ReadAction","target":["https:\/\/www.latribunedufaso.net\/?p=14521"]}]},{"@type":"ImageObject","inLanguage":"fr-FR","@id":"https:\/\/www.latribunedufaso.net\/?p=14521#primaryimage","url":"https:\/\/www.latribunedufaso.net\/wp-content\/uploads\/2024\/06\/IMG-20240626-WA0000.jpg","contentUrl":"https:\/\/www.latribunedufaso.net\/wp-content\/uploads\/2024\/06\/IMG-20240626-WA0000.jpg","width":877,"height":1080},{"@type":"BreadcrumbList","@id":"https:\/\/www.latribunedufaso.net\/?p=14521#breadcrumb","itemListElement":[{"@type":"ListItem","position":1,"name":"Accueil","item":"https:\/\/www.latribunedufaso.net\/"},{"@type":"ListItem","position":2,"name":"Journ\u00e9e mondiale des micros, petites et moyennes entreprises\u00a0: la d\u00e9claration du Ministre du D\u00e9veloppement industriel, du Commerce, de l\u2019Artisanat et des Petites et Moyennes Entreprises"}]},{"@type":"WebSite","@id":"https:\/\/www.latribunedufaso.net\/#website","url":"https:\/\/www.latribunedufaso.net\/","name":"La Tribune du Faso","description":"L&#039;information du monde rural en un clic","publisher":{"@id":"https:\/\/www.latribunedufaso.net\/#organization"},"potentialAction":[{"@type":"SearchAction","target":{"@type":"EntryPoint","urlTemplate":"https:\/\/www.latribunedufaso.net\/?s={search_term_string}"},"query-input":{"@type":"PropertyValueSpecification","valueRequired":true,"valueName":"search_term_string"}}],"inLanguage":"fr-FR"},{"@type":"Organization","@id":"https:\/\/www.latribunedufaso.net\/#organization","name":"La Tribune du Faso","url":"https:\/\/www.latribunedufaso.net\/","logo":{"@type":"ImageObject","inLanguage":"fr-FR","@id":"https:\/\/www.latribunedufaso.net\/#\/schema\/logo\/image\/","url":"https:\/\/www.latribunedufaso.net\/wp-content\/uploads\/2020\/08\/Logo-Tribune-du-Faso-final-scaled.jpg","contentUrl":"https:\/\/www.latribunedufaso.net\/wp-content\/uploads\/2020\/08\/Logo-Tribune-du-Faso-final-scaled.jpg","width":2560,"height":1856,"caption":"La Tribune du Faso"},"image":{"@id":"https:\/\/www.latribunedufaso.net\/#\/schema\/logo\/image\/"},"sameAs":["https:\/\/www.facebook.com\/LatribuneduFaso\/"]},{"@type":"Person","@id":"https:\/\/www.latribunedufaso.net\/#\/schema\/person\/a380782d0605bb8aae27c40ea93b35b1","name":"Administrateur","image":{"@type":"ImageObject","inLanguage":"fr-FR","@id":"https:\/\/secure.gravatar.com\/avatar\/e20266f97d741f0e80ba1f60283074a9b3317fd7bfb727e0d95b51dafbf854a1?s=96&d=mm&r=g","url":"https:\/\/secure.gravatar.com\/avatar\/e20266f97d741f0e80ba1f60283074a9b3317fd7bfb727e0d95b51dafbf854a1?s=96&d=mm&r=g","contentUrl":"https:\/\/secure.gravatar.com\/avatar\/e20266f97d741f0e80ba1f60283074a9b3317fd7bfb727e0d95b51dafbf854a1?s=96&d=mm&r=g","caption":"Administrateur"},"url":"https:\/\/www.latribunedufaso.net\/?author=2"}]}},"_links":{"self":[{"href":"https:\/\/www.latribunedufaso.net\/index.php?rest_route=\/wp\/v2\/posts\/14521","targetHints":{"allow":["GET"]}}],"collection":[{"href":"https:\/\/www.latribunedufaso.net\/index.php?rest_route=\/wp\/v2\/posts"}],"about":[{"href":"https:\/\/www.latribunedufaso.net\/index.php?rest_route=\/wp\/v2\/types\/post"}],"author":[{"embeddable":true,"href":"https:\/\/www.latribunedufaso.net\/index.php?rest_route=\/wp\/v2\/users\/2"}],"replies":[{"embeddable":true,"href":"https:\/\/www.latribunedufaso.net\/index.php?rest_route=%2Fwp%2Fv2%2Fcomments&post=14521"}],"version-history":[{"count":1,"href":"https:\/\/www.latribunedufaso.net\/index.php?rest_route=\/wp\/v2\/posts\/14521\/revisions"}],"predecessor-version":[{"id":14523,"href":"https:\/\/www.latribunedufaso.net\/index.php?rest_route=\/wp\/v2\/posts\/14521\/revisions\/14523"}],"wp:featuredmedia":[{"embeddable":true,"href":"https:\/\/www.latribunedufaso.net\/index.php?rest_route=\/wp\/v2\/media\/14522"}],"wp:attachment":[{"href":"https:\/\/www.latribunedufaso.net\/index.php?rest_route=%2Fwp%2Fv2%2Fmedia&parent=14521"}],"wp:term":[{"taxonomy":"category","embeddable":true,"href":"https:\/\/www.latribunedufaso.net\/index.php?rest_route=%2Fwp%2Fv2%2Fcategories&post=14521"},{"taxonomy":"post_tag","embeddable":true,"href":"https:\/\/www.latribunedufaso.net\/index.php?rest_route=%2Fwp%2Fv2%2Ftags&post=14521"}],"curies":[{"name":"wp","href":"https:\/\/api.w.org\/{rel}","templated":true}]}}