{"id":14426,"date":"2024-06-20T16:39:26","date_gmt":"2024-06-20T16:39:26","guid":{"rendered":"https:\/\/www.latribunedufaso.net\/?p=14426"},"modified":"2024-06-21T18:46:56","modified_gmt":"2024-06-21T18:46:56","slug":"assemblee-generale-des-experts-agrees-du-burkina-le-renouvellement-des-instances-de-lapen-a-lordre-du-jour","status":"publish","type":"post","link":"https:\/\/www.latribunedufaso.net\/?p=14426","title":{"rendered":"Assembl\u00e9e g\u00e9n\u00e9rale des experts agr\u00e9\u00e9s du Burkina : Le renouvellement des instances de l\u2019APEN \u00e0 l\u2019ordre du jour"},"content":{"rendered":"<p><strong><span style=\"font-size: 1.0625rem;\">Le jeudi 20 juin 2024 \u00e0 Ouagadougou, s\u2019est ouverte la 3\u00e8me session ordinaire de l\u2019ann\u00e9e 2024 de l\u2019Assembl\u00e9e g\u00e9n\u00e9rale des experts agr\u00e9\u00e9s du Burkina.<\/span><\/strong><br \/><!--more--><\/p>\n<p>Pour le pr\u00e9sident de l\u2019AG des experts agr\u00e9\u00e9s, Noufou Gnampa, ce cadre statutaire est pour les experts, ce que l\u2019Assembl\u00e9e nationale repr\u00e9sente pour les d\u00e9put\u00e9s.<\/p>\n<p>L\u2019Assembl\u00e9e g\u00e9n\u00e9rale des experts agr\u00e9\u00e9s est l\u2019instance supr\u00eame d\u2019orientation et de d\u00e9cision en vue d\u2019une meilleure gestion de l\u2019expertise nationale. Elle constitue \u00e9galement une instance privil\u00e9gi\u00e9e pour \u00e9changer sur des questions relatives \u00e0 l\u2019expertise nationale et passer en revue les grandes r\u00e9alisations de l\u2019Agence de promotion de l\u2019expertise nationale (APEN).<\/p>\n<p>Ainsi, la pr\u00e9sente Assembl\u00e9e G\u00e9n\u00e9rale a pour objectif de permettre aux experts agr\u00e9\u00e9s d\u2019examiner les rapports annuels de gestion de l\u2019APEN, de discuter de l\u2019organisation du forum des experts agr\u00e9\u00e9s et du renouvellement des instances de l\u2019APEN dont les mandants sont arriv\u00e9s \u00e0 \u00e9ch\u00e9ance.\u00a0<\/p>\n<p><a href=\"https:\/\/www.latribunedufaso.net\/wp-content\/uploads\/2024\/06\/IMG-20240621-WA0027.jpg\"><img loading=\"lazy\" decoding=\"async\" class=\"size-medium wp-image-14429 alignleft\" src=\"https:\/\/www.latribunedufaso.net\/wp-content\/uploads\/2024\/06\/IMG-20240621-WA0027-300x225.jpg\" alt=\"\" width=\"300\" height=\"225\" srcset=\"https:\/\/www.latribunedufaso.net\/wp-content\/uploads\/2024\/06\/IMG-20240621-WA0027-300x225.jpg 300w, https:\/\/www.latribunedufaso.net\/wp-content\/uploads\/2024\/06\/IMG-20240621-WA0027-768x576.jpg 768w, https:\/\/www.latribunedufaso.net\/wp-content\/uploads\/2024\/06\/IMG-20240621-WA0027.jpg 1020w\" sizes=\"auto, (max-width: 300px) 100vw, 300px\" \/><\/a>En effet, selon le pr\u00e9sident de l\u2019APEN, Noufou Gnampa, conform\u00e9ment aux dispositions du d\u00e9cret 2013-208 du 02 avril 2013 qui r\u00e9git le fonctionnement de l\u2019APEN jusqu\u2019\u00e0 l\u2019adoption des nouveaux statuts, les mandats des instances dirigeantes de l\u2019APEN, \u00e0 savoir, le Conseil d\u2019Administration de l\u2019APEN et celui du Pr\u00e9sident de l\u2019AG sont arriv\u00e9s \u00e0 \u00e9ch\u00e9ance et n\u00e9cessitent d\u2019\u00eatre renouvel\u00e9s conform\u00e9ment aux dispositions des articles 7 et 8 du d\u00e9cret susmentionn\u00e9.<\/p>\n<p>De fa\u00e7on sp\u00e9cifique, il s\u2019agit pour l\u2019Assembl\u00e9e de passer en revue les points tels que l\u2019examen et l&rsquo;approbation du rapport de gestion du Conseil d\u2019Administration \u00e0 l\u2019Assembl\u00e9e G\u00e9n\u00e9rale Ordinaire sur les comptes clos le 31\/12\/2023, la pr\u00e9sentation des rapports g\u00e9n\u00e9ral et sp\u00e9cial du commissaire aux comptes \u00e0 l\u2019Assembl\u00e9e G\u00e9n\u00e9rale sur l\u2019exercice clos le 31\/12\/2023, l\u2019adoption des comptes et l&rsquo;affectation du r\u00e9sultat de l\u2019exercice clos le 31 d\u00e9cembre 2023 etc.<\/p>\n<p><a href=\"https:\/\/www.latribunedufaso.net\/wp-content\/uploads\/2024\/06\/IMG-20240621-WA0029.jpg\"><img loading=\"lazy\" decoding=\"async\" class=\"size-medium wp-image-14430 alignleft\" src=\"https:\/\/www.latribunedufaso.net\/wp-content\/uploads\/2024\/06\/IMG-20240621-WA0029-300x225.jpg\" alt=\"\" width=\"300\" height=\"225\" srcset=\"https:\/\/www.latribunedufaso.net\/wp-content\/uploads\/2024\/06\/IMG-20240621-WA0029-300x225.jpg 300w, https:\/\/www.latribunedufaso.net\/wp-content\/uploads\/2024\/06\/IMG-20240621-WA0029-768x576.jpg 768w, https:\/\/www.latribunedufaso.net\/wp-content\/uploads\/2024\/06\/IMG-20240621-WA0029.jpg 1020w\" sizes=\"auto, (max-width: 300px) 100vw, 300px\" \/><\/a>En rappel, selon les dispositions de l\u2019article 7 du d\u00e9cret n\u00b02013-208\/PRES\/PM\/MICA\/MEF du 02 avril 2013 portant attributions, organisation et fonctionnement de l\u2019APEN, l\u2019Assembl\u00e9e G\u00e9n\u00e9rale des experts est l\u2019organe de d\u00e9lib\u00e9ration de l\u2019agence. A ce titre, elle a entre autres attributions de d\u00e9finir les grandes orientations de la politique de l\u2019agence, d\u2019appr\u00e9cier le programme et le rapport annuels de l\u2019agence, d\u00e9lib\u00e9rer sur toutes les questions relatives aux activit\u00e9s de l\u2019agence qui lui seront soumises par le Conseil d\u2019Administration.<\/p>\n<p><strong>Nabintou Ouattara\u00a0<\/strong><\/p>\n<p><strong><span style=\"font-size: 1.0625rem;\">Latribun<\/span><span style=\"font-size: 1.0625rem;\">edufaso.net<a href=\"https:\/\/www.latribunedufaso.net\/wp-content\/uploads\/2024\/06\/IMG-20240621-WA0031.jpg\"><img loading=\"lazy\" decoding=\"async\" class=\"size-medium wp-image-14427 alignleft\" src=\"https:\/\/www.latribunedufaso.net\/wp-content\/uploads\/2024\/06\/IMG-20240621-WA0031-300x225.jpg\" alt=\"\" width=\"300\" height=\"225\" srcset=\"https:\/\/www.latribunedufaso.net\/wp-content\/uploads\/2024\/06\/IMG-20240621-WA0031-300x225.jpg 300w, https:\/\/www.latribunedufaso.net\/wp-content\/uploads\/2024\/06\/IMG-20240621-WA0031-768x576.jpg 768w, https:\/\/www.latribunedufaso.net\/wp-content\/uploads\/2024\/06\/IMG-20240621-WA0031.jpg 1020w\" sizes=\"auto, (max-width: 300px) 100vw, 300px\" \/><\/a><\/span><\/strong><\/p>\n","protected":false},"excerpt":{"rendered":"<p>Le jeudi 20 juin 2024 \u00e0 Ouagadougou, s\u2019est ouverte la 3\u00e8me session ordinaire de l\u2019ann\u00e9e 2024 de l\u2019Assembl\u00e9e g\u00e9n\u00e9rale des experts agr\u00e9\u00e9s du Burkina.<\/p>\n","protected":false},"author":5,"featured_media":14428,"comment_status":"open","ping_status":"open","sticky":false,"template":"","format":"standard","meta":{"footnotes":""},"categories":[13,1,8],"tags":[],"class_list":["post-14426","post","type-post","status-publish","format-standard","has-post-thumbnail","hentry","category-une","category-actu","category-societe"],"yoast_head":"<!-- This site is optimized with the Yoast SEO plugin v27.5 - https:\/\/yoast.com\/product\/yoast-seo-wordpress\/ -->\n<title>Assembl\u00e9e g\u00e9n\u00e9rale des experts agr\u00e9\u00e9s du Burkina : Le renouvellement des instances de l\u2019APEN \u00e0 l\u2019ordre du jour - La Tribune du Faso<\/title>\n<meta name=\"robots\" content=\"index, follow, max-snippet:-1, max-image-preview:large, max-video-preview:-1\" \/>\n<link rel=\"canonical\" href=\"https:\/\/www.latribunedufaso.net\/?p=14426\" \/>\n<meta property=\"og:locale\" content=\"fr_FR\" \/>\n<meta property=\"og:type\" content=\"article\" \/>\n<meta property=\"og:title\" content=\"Assembl\u00e9e g\u00e9n\u00e9rale des experts agr\u00e9\u00e9s du Burkina : Le renouvellement des instances de l\u2019APEN \u00e0 l\u2019ordre du jour - La Tribune du Faso\" \/>\n<meta property=\"og:description\" content=\"Le jeudi 20 juin 2024 \u00e0 Ouagadougou, s\u2019est ouverte la 3\u00e8me session ordinaire de l\u2019ann\u00e9e 2024 de l\u2019Assembl\u00e9e g\u00e9n\u00e9rale des experts agr\u00e9\u00e9s du Burkina.\" \/>\n<meta property=\"og:url\" content=\"https:\/\/www.latribunedufaso.net\/?p=14426\" \/>\n<meta property=\"og:site_name\" content=\"La Tribune du Faso\" \/>\n<meta property=\"article:publisher\" content=\"https:\/\/www.facebook.com\/LatribuneduFaso\/\" \/>\n<meta property=\"article:published_time\" content=\"2024-06-20T16:39:26+00:00\" \/>\n<meta property=\"article:modified_time\" content=\"2024-06-21T18:46:56+00:00\" \/>\n<meta property=\"og:image\" content=\"https:\/\/www.latribunedufaso.net\/wp-content\/uploads\/2024\/06\/IMG-20240621-WA0028.jpg\" \/>\n\t<meta property=\"og:image:width\" content=\"1020\" \/>\n\t<meta property=\"og:image:height\" content=\"765\" \/>\n\t<meta property=\"og:image:type\" content=\"image\/jpeg\" \/>\n<meta name=\"author\" content=\"Issouf Tapsoba\" \/>\n<meta name=\"twitter:label1\" content=\"\u00c9crit par\" \/>\n\t<meta name=\"twitter:data1\" content=\"Issouf Tapsoba\" \/>\n\t<meta name=\"twitter:label2\" content=\"Dur\u00e9e de lecture estim\u00e9e\" \/>\n\t<meta name=\"twitter:data2\" content=\"2 minutes\" \/>\n<script type=\"application\/ld+json\" class=\"yoast-schema-graph\">{\"@context\":\"https:\\\/\\\/schema.org\",\"@graph\":[{\"@type\":\"Article\",\"@id\":\"https:\\\/\\\/www.latribunedufaso.net\\\/?p=14426#article\",\"isPartOf\":{\"@id\":\"https:\\\/\\\/www.latribunedufaso.net\\\/?p=14426\"},\"author\":{\"name\":\"Issouf Tapsoba\",\"@id\":\"https:\\\/\\\/www.latribunedufaso.net\\\/#\\\/schema\\\/person\\\/e54e64c5778a7e72cf80a318b7a622b0\"},\"headline\":\"Assembl\u00e9e g\u00e9n\u00e9rale des experts agr\u00e9\u00e9s du Burkina : Le renouvellement des instances de l\u2019APEN \u00e0 l\u2019ordre du jour\",\"datePublished\":\"2024-06-20T16:39:26+00:00\",\"dateModified\":\"2024-06-21T18:46:56+00:00\",\"mainEntityOfPage\":{\"@id\":\"https:\\\/\\\/www.latribunedufaso.net\\\/?p=14426\"},\"wordCount\":480,\"commentCount\":0,\"publisher\":{\"@id\":\"https:\\\/\\\/www.latribunedufaso.net\\\/#organization\"},\"image\":{\"@id\":\"https:\\\/\\\/www.latribunedufaso.net\\\/?p=14426#primaryimage\"},\"thumbnailUrl\":\"https:\\\/\\\/www.latribunedufaso.net\\\/wp-content\\\/uploads\\\/2024\\\/06\\\/IMG-20240621-WA0028.jpg\",\"articleSection\":[\"A la une\",\"Actualit\u00e9\",\"Soci\u00e9t\u00e9\"],\"inLanguage\":\"fr-FR\",\"potentialAction\":[{\"@type\":\"CommentAction\",\"name\":\"Comment\",\"target\":[\"https:\\\/\\\/www.latribunedufaso.net\\\/?p=14426#respond\"]}]},{\"@type\":\"WebPage\",\"@id\":\"https:\\\/\\\/www.latribunedufaso.net\\\/?p=14426\",\"url\":\"https:\\\/\\\/www.latribunedufaso.net\\\/?p=14426\",\"name\":\"Assembl\u00e9e g\u00e9n\u00e9rale des experts agr\u00e9\u00e9s du Burkina : Le renouvellement des instances de l\u2019APEN \u00e0 l\u2019ordre du jour - La Tribune du Faso\",\"isPartOf\":{\"@id\":\"https:\\\/\\\/www.latribunedufaso.net\\\/#website\"},\"primaryImageOfPage\":{\"@id\":\"https:\\\/\\\/www.latribunedufaso.net\\\/?p=14426#primaryimage\"},\"image\":{\"@id\":\"https:\\\/\\\/www.latribunedufaso.net\\\/?p=14426#primaryimage\"},\"thumbnailUrl\":\"https:\\\/\\\/www.latribunedufaso.net\\\/wp-content\\\/uploads\\\/2024\\\/06\\\/IMG-20240621-WA0028.jpg\",\"datePublished\":\"2024-06-20T16:39:26+00:00\",\"dateModified\":\"2024-06-21T18:46:56+00:00\",\"breadcrumb\":{\"@id\":\"https:\\\/\\\/www.latribunedufaso.net\\\/?p=14426#breadcrumb\"},\"inLanguage\":\"fr-FR\",\"potentialAction\":[{\"@type\":\"ReadAction\",\"target\":[\"https:\\\/\\\/www.latribunedufaso.net\\\/?p=14426\"]}]},{\"@type\":\"ImageObject\",\"inLanguage\":\"fr-FR\",\"@id\":\"https:\\\/\\\/www.latribunedufaso.net\\\/?p=14426#primaryimage\",\"url\":\"https:\\\/\\\/www.latribunedufaso.net\\\/wp-content\\\/uploads\\\/2024\\\/06\\\/IMG-20240621-WA0028.jpg\",\"contentUrl\":\"https:\\\/\\\/www.latribunedufaso.net\\\/wp-content\\\/uploads\\\/2024\\\/06\\\/IMG-20240621-WA0028.jpg\",\"width\":1020,\"height\":765},{\"@type\":\"BreadcrumbList\",\"@id\":\"https:\\\/\\\/www.latribunedufaso.net\\\/?p=14426#breadcrumb\",\"itemListElement\":[{\"@type\":\"ListItem\",\"position\":1,\"name\":\"Accueil\",\"item\":\"https:\\\/\\\/www.latribunedufaso.net\\\/\"},{\"@type\":\"ListItem\",\"position\":2,\"name\":\"Assembl\u00e9e g\u00e9n\u00e9rale des experts agr\u00e9\u00e9s du Burkina : Le renouvellement des instances de l\u2019APEN \u00e0 l\u2019ordre du jour\"}]},{\"@type\":\"WebSite\",\"@id\":\"https:\\\/\\\/www.latribunedufaso.net\\\/#website\",\"url\":\"https:\\\/\\\/www.latribunedufaso.net\\\/\",\"name\":\"La Tribune du Faso\",\"description\":\"L&#039;information du monde rural en un clic\",\"publisher\":{\"@id\":\"https:\\\/\\\/www.latribunedufaso.net\\\/#organization\"},\"potentialAction\":[{\"@type\":\"SearchAction\",\"target\":{\"@type\":\"EntryPoint\",\"urlTemplate\":\"https:\\\/\\\/www.latribunedufaso.net\\\/?s={search_term_string}\"},\"query-input\":{\"@type\":\"PropertyValueSpecification\",\"valueRequired\":true,\"valueName\":\"search_term_string\"}}],\"inLanguage\":\"fr-FR\"},{\"@type\":\"Organization\",\"@id\":\"https:\\\/\\\/www.latribunedufaso.net\\\/#organization\",\"name\":\"La Tribune du Faso\",\"url\":\"https:\\\/\\\/www.latribunedufaso.net\\\/\",\"logo\":{\"@type\":\"ImageObject\",\"inLanguage\":\"fr-FR\",\"@id\":\"https:\\\/\\\/www.latribunedufaso.net\\\/#\\\/schema\\\/logo\\\/image\\\/\",\"url\":\"https:\\\/\\\/www.latribunedufaso.net\\\/wp-content\\\/uploads\\\/2020\\\/08\\\/Logo-Tribune-du-Faso-final-scaled.jpg\",\"contentUrl\":\"https:\\\/\\\/www.latribunedufaso.net\\\/wp-content\\\/uploads\\\/2020\\\/08\\\/Logo-Tribune-du-Faso-final-scaled.jpg\",\"width\":2560,\"height\":1856,\"caption\":\"La Tribune du Faso\"},\"image\":{\"@id\":\"https:\\\/\\\/www.latribunedufaso.net\\\/#\\\/schema\\\/logo\\\/image\\\/\"},\"sameAs\":[\"https:\\\/\\\/www.facebook.com\\\/LatribuneduFaso\\\/\"]},{\"@type\":\"Person\",\"@id\":\"https:\\\/\\\/www.latribunedufaso.net\\\/#\\\/schema\\\/person\\\/e54e64c5778a7e72cf80a318b7a622b0\",\"name\":\"Issouf Tapsoba\",\"image\":{\"@type\":\"ImageObject\",\"inLanguage\":\"fr-FR\",\"@id\":\"https:\\\/\\\/secure.gravatar.com\\\/avatar\\\/5e6c05150ce3230247d167f5b94d678eb05936197436d69b7921e3a95c9107ac?s=96&d=mm&r=g\",\"url\":\"https:\\\/\\\/secure.gravatar.com\\\/avatar\\\/5e6c05150ce3230247d167f5b94d678eb05936197436d69b7921e3a95c9107ac?s=96&d=mm&r=g\",\"contentUrl\":\"https:\\\/\\\/secure.gravatar.com\\\/avatar\\\/5e6c05150ce3230247d167f5b94d678eb05936197436d69b7921e3a95c9107ac?s=96&d=mm&r=g\",\"caption\":\"Issouf Tapsoba\"},\"url\":\"https:\\\/\\\/www.latribunedufaso.net\\\/?author=5\"}]}<\/script>\n<!-- \/ Yoast SEO plugin. -->","yoast_head_json":{"title":"Assembl\u00e9e g\u00e9n\u00e9rale des experts agr\u00e9\u00e9s du Burkina : Le renouvellement des instances de l\u2019APEN \u00e0 l\u2019ordre du jour - La Tribune du Faso","robots":{"index":"index","follow":"follow","max-snippet":"max-snippet:-1","max-image-preview":"max-image-preview:large","max-video-preview":"max-video-preview:-1"},"canonical":"https:\/\/www.latribunedufaso.net\/?p=14426","og_locale":"fr_FR","og_type":"article","og_title":"Assembl\u00e9e g\u00e9n\u00e9rale des experts agr\u00e9\u00e9s du Burkina : Le renouvellement des instances de l\u2019APEN \u00e0 l\u2019ordre du jour - La Tribune du Faso","og_description":"Le jeudi 20 juin 2024 \u00e0 Ouagadougou, s\u2019est ouverte la 3\u00e8me session ordinaire de l\u2019ann\u00e9e 2024 de l\u2019Assembl\u00e9e g\u00e9n\u00e9rale des experts agr\u00e9\u00e9s du Burkina.","og_url":"https:\/\/www.latribunedufaso.net\/?p=14426","og_site_name":"La Tribune du Faso","article_publisher":"https:\/\/www.facebook.com\/LatribuneduFaso\/","article_published_time":"2024-06-20T16:39:26+00:00","article_modified_time":"2024-06-21T18:46:56+00:00","og_image":[{"width":1020,"height":765,"url":"https:\/\/www.latribunedufaso.net\/wp-content\/uploads\/2024\/06\/IMG-20240621-WA0028.jpg","type":"image\/jpeg"}],"author":"Issouf Tapsoba","twitter_misc":{"\u00c9crit par":"Issouf Tapsoba","Dur\u00e9e de lecture estim\u00e9e":"2 minutes"},"schema":{"@context":"https:\/\/schema.org","@graph":[{"@type":"Article","@id":"https:\/\/www.latribunedufaso.net\/?p=14426#article","isPartOf":{"@id":"https:\/\/www.latribunedufaso.net\/?p=14426"},"author":{"name":"Issouf Tapsoba","@id":"https:\/\/www.latribunedufaso.net\/#\/schema\/person\/e54e64c5778a7e72cf80a318b7a622b0"},"headline":"Assembl\u00e9e g\u00e9n\u00e9rale des experts agr\u00e9\u00e9s du Burkina : Le renouvellement des instances de l\u2019APEN \u00e0 l\u2019ordre du jour","datePublished":"2024-06-20T16:39:26+00:00","dateModified":"2024-06-21T18:46:56+00:00","mainEntityOfPage":{"@id":"https:\/\/www.latribunedufaso.net\/?p=14426"},"wordCount":480,"commentCount":0,"publisher":{"@id":"https:\/\/www.latribunedufaso.net\/#organization"},"image":{"@id":"https:\/\/www.latribunedufaso.net\/?p=14426#primaryimage"},"thumbnailUrl":"https:\/\/www.latribunedufaso.net\/wp-content\/uploads\/2024\/06\/IMG-20240621-WA0028.jpg","articleSection":["A la une","Actualit\u00e9","Soci\u00e9t\u00e9"],"inLanguage":"fr-FR","potentialAction":[{"@type":"CommentAction","name":"Comment","target":["https:\/\/www.latribunedufaso.net\/?p=14426#respond"]}]},{"@type":"WebPage","@id":"https:\/\/www.latribunedufaso.net\/?p=14426","url":"https:\/\/www.latribunedufaso.net\/?p=14426","name":"Assembl\u00e9e g\u00e9n\u00e9rale des experts agr\u00e9\u00e9s du Burkina : Le renouvellement des instances de l\u2019APEN \u00e0 l\u2019ordre du jour - La Tribune du Faso","isPartOf":{"@id":"https:\/\/www.latribunedufaso.net\/#website"},"primaryImageOfPage":{"@id":"https:\/\/www.latribunedufaso.net\/?p=14426#primaryimage"},"image":{"@id":"https:\/\/www.latribunedufaso.net\/?p=14426#primaryimage"},"thumbnailUrl":"https:\/\/www.latribunedufaso.net\/wp-content\/uploads\/2024\/06\/IMG-20240621-WA0028.jpg","datePublished":"2024-06-20T16:39:26+00:00","dateModified":"2024-06-21T18:46:56+00:00","breadcrumb":{"@id":"https:\/\/www.latribunedufaso.net\/?p=14426#breadcrumb"},"inLanguage":"fr-FR","potentialAction":[{"@type":"ReadAction","target":["https:\/\/www.latribunedufaso.net\/?p=14426"]}]},{"@type":"ImageObject","inLanguage":"fr-FR","@id":"https:\/\/www.latribunedufaso.net\/?p=14426#primaryimage","url":"https:\/\/www.latribunedufaso.net\/wp-content\/uploads\/2024\/06\/IMG-20240621-WA0028.jpg","contentUrl":"https:\/\/www.latribunedufaso.net\/wp-content\/uploads\/2024\/06\/IMG-20240621-WA0028.jpg","width":1020,"height":765},{"@type":"BreadcrumbList","@id":"https:\/\/www.latribunedufaso.net\/?p=14426#breadcrumb","itemListElement":[{"@type":"ListItem","position":1,"name":"Accueil","item":"https:\/\/www.latribunedufaso.net\/"},{"@type":"ListItem","position":2,"name":"Assembl\u00e9e g\u00e9n\u00e9rale des experts agr\u00e9\u00e9s du Burkina : Le renouvellement des instances de l\u2019APEN \u00e0 l\u2019ordre du jour"}]},{"@type":"WebSite","@id":"https:\/\/www.latribunedufaso.net\/#website","url":"https:\/\/www.latribunedufaso.net\/","name":"La Tribune du Faso","description":"L&#039;information du monde rural en un clic","publisher":{"@id":"https:\/\/www.latribunedufaso.net\/#organization"},"potentialAction":[{"@type":"SearchAction","target":{"@type":"EntryPoint","urlTemplate":"https:\/\/www.latribunedufaso.net\/?s={search_term_string}"},"query-input":{"@type":"PropertyValueSpecification","valueRequired":true,"valueName":"search_term_string"}}],"inLanguage":"fr-FR"},{"@type":"Organization","@id":"https:\/\/www.latribunedufaso.net\/#organization","name":"La Tribune du Faso","url":"https:\/\/www.latribunedufaso.net\/","logo":{"@type":"ImageObject","inLanguage":"fr-FR","@id":"https:\/\/www.latribunedufaso.net\/#\/schema\/logo\/image\/","url":"https:\/\/www.latribunedufaso.net\/wp-content\/uploads\/2020\/08\/Logo-Tribune-du-Faso-final-scaled.jpg","contentUrl":"https:\/\/www.latribunedufaso.net\/wp-content\/uploads\/2020\/08\/Logo-Tribune-du-Faso-final-scaled.jpg","width":2560,"height":1856,"caption":"La Tribune du Faso"},"image":{"@id":"https:\/\/www.latribunedufaso.net\/#\/schema\/logo\/image\/"},"sameAs":["https:\/\/www.facebook.com\/LatribuneduFaso\/"]},{"@type":"Person","@id":"https:\/\/www.latribunedufaso.net\/#\/schema\/person\/e54e64c5778a7e72cf80a318b7a622b0","name":"Issouf Tapsoba","image":{"@type":"ImageObject","inLanguage":"fr-FR","@id":"https:\/\/secure.gravatar.com\/avatar\/5e6c05150ce3230247d167f5b94d678eb05936197436d69b7921e3a95c9107ac?s=96&d=mm&r=g","url":"https:\/\/secure.gravatar.com\/avatar\/5e6c05150ce3230247d167f5b94d678eb05936197436d69b7921e3a95c9107ac?s=96&d=mm&r=g","contentUrl":"https:\/\/secure.gravatar.com\/avatar\/5e6c05150ce3230247d167f5b94d678eb05936197436d69b7921e3a95c9107ac?s=96&d=mm&r=g","caption":"Issouf Tapsoba"},"url":"https:\/\/www.latribunedufaso.net\/?author=5"}]}},"_links":{"self":[{"href":"https:\/\/www.latribunedufaso.net\/index.php?rest_route=\/wp\/v2\/posts\/14426","targetHints":{"allow":["GET"]}}],"collection":[{"href":"https:\/\/www.latribunedufaso.net\/index.php?rest_route=\/wp\/v2\/posts"}],"about":[{"href":"https:\/\/www.latribunedufaso.net\/index.php?rest_route=\/wp\/v2\/types\/post"}],"author":[{"embeddable":true,"href":"https:\/\/www.latribunedufaso.net\/index.php?rest_route=\/wp\/v2\/users\/5"}],"replies":[{"embeddable":true,"href":"https:\/\/www.latribunedufaso.net\/index.php?rest_route=%2Fwp%2Fv2%2Fcomments&post=14426"}],"version-history":[{"count":1,"href":"https:\/\/www.latribunedufaso.net\/index.php?rest_route=\/wp\/v2\/posts\/14426\/revisions"}],"predecessor-version":[{"id":14431,"href":"https:\/\/www.latribunedufaso.net\/index.php?rest_route=\/wp\/v2\/posts\/14426\/revisions\/14431"}],"wp:featuredmedia":[{"embeddable":true,"href":"https:\/\/www.latribunedufaso.net\/index.php?rest_route=\/wp\/v2\/media\/14428"}],"wp:attachment":[{"href":"https:\/\/www.latribunedufaso.net\/index.php?rest_route=%2Fwp%2Fv2%2Fmedia&parent=14426"}],"wp:term":[{"taxonomy":"category","embeddable":true,"href":"https:\/\/www.latribunedufaso.net\/index.php?rest_route=%2Fwp%2Fv2%2Fcategories&post=14426"},{"taxonomy":"post_tag","embeddable":true,"href":"https:\/\/www.latribunedufaso.net\/index.php?rest_route=%2Fwp%2Fv2%2Ftags&post=14426"}],"curies":[{"name":"wp","href":"https:\/\/api.w.org\/{rel}","templated":true}]}}