{"id":14376,"date":"2024-06-19T10:45:38","date_gmt":"2024-06-19T10:45:38","guid":{"rendered":"https:\/\/www.latribunedufaso.net\/?p=14376"},"modified":"2024-06-19T10:45:38","modified_gmt":"2024-06-19T10:45:38","slug":"journee-mondiale-de-lutte-contre-la-drepanocytose-le-ministre-de-la-sante-invite-les-populations-a-privilegier-les-mesures-preventives","status":"publish","type":"post","link":"https:\/\/www.latribunedufaso.net\/?p=14376","title":{"rendered":"Journ\u00e9e mondiale de lutte contre la dr\u00e9panocytose : Le ministre de la Sant\u00e9 invite les populations \u00e0 privil\u00e9gier les mesures pr\u00e9ventives"},"content":{"rendered":"<p><strong><span style=\"font-size: 1.0625rem;\">Ce mercredi 19 juin 2024, le Burkina Faso comm\u00e9more la journ\u00e9e mondiale de lutte contre la dr\u00e9panocytose. A l&rsquo;occasion, le ministre de la Sant\u00e9 et de l&rsquo;Hygi\u00e8ne Publique, Dr Robert Kargougou a adress\u00e9 un message \u00e0 l&rsquo;endroit des acteurs engag\u00e9s contre a lutte de cette maladie et aux populations. <\/span><span style=\"font-size: 1.0625rem;\">Le th\u00e8me de cette \u00e9dition est :\u00ab Intensifier l\u2019int\u00e9gration de la lutte contre la dr\u00e9panocytose dans les soins de sant\u00e9 primaires, ensemble on peut le faire \u00bb.\u00a0<\/span><\/strong><\/p>\n<p>L\u2019objectif de cette journ\u00e9e est de faire le point sur les efforts de prise en charge de la dr\u00e9panocytose, sensibiliser \u00e0 la pr\u00e9vention et attirer l\u2019attention des m\u00e9dias de mani\u00e8re \u00e0 mieux faire conna\u00eetre la dr\u00e9panocytose.<\/p>\n<p>En effet, la dr\u00e9panocytose est la maladie g\u00e9n\u00e9tique la plus r\u00e9pandue dans le monde. Des g\u00e8nes \u00e0 l\u2019origine d\u2019h\u00e9moglobinopathies se retrouvent chez 5 % environ de la population mondiale. Plus de 155 pays sont concern\u00e9s sur les cinq (05) continents.\u00a0<\/p>\n<p>Chaque ann\u00e9e, quelques 300 000 enfants naissent avec une anomalie majeure de l\u2019h\u00e9moglobine et l\u2019on recense plus de 200 000 cas de dr\u00e9panocytose en Afrique. La pr\u00e9valence du trait dr\u00e9panocytaire selon l\u2019Organisation mondiale de la Sant\u00e9 (OM) se situe entre 10% et 40% dans certains pays africains subsahariens avec plus de 55 millions de porteurs du g\u00e8ne S.\u00a0\u00a0<\/p>\n<p>Ainsi, au Burkina Faso, la dr\u00e9panocytose constitue un probl\u00e8me de sant\u00e9 publique \u00e0 l\u2019instar des autres pays d\u2019Afrique subsaharienne. C\u2019est une maladie grave qui touche un grand nombre de familles. Les enfants de moins de 5 ans payent le plus lourd tribut ; la majorit\u00e9 des enfants atteints de la forme la plus s\u00e9v\u00e8re SS de la maladie meurent avant l\u2019\u00e2ge de 5 ans, le plus souvent d\u2019une infection ou d\u2019une an\u00e9mie grave ; ceux qui survivent restent vuln\u00e9rables aux pouss\u00e9es de la maladie et aux complications.<\/p>\n<p>En d\u00e9pit des actions men\u00e9es dans la lutte contre la dr\u00e9panocytose au Burkina Faso, le ministre d\u00e9plore que l\u2019\u00e9tude men\u00e9e de 2015 \u00e0 2019 par SAWADOGO et col. R\u00e9v\u00e8le une incidence de 1,9%. Celle des h\u00e9moglobinopathies (SS, SC, CC) \u00e9tait de 2,9%. L\u2019enqu\u00eate de pr\u00e9valence r\u00e9alis\u00e9e par le Minist\u00e8re de la Sant\u00e9 et de l\u2019Hygi\u00e8ne publique en 2020 notait une pr\u00e9valence de 4,63.<\/p>\n<p>Au Burkina Faso, le test de diagnostic est disponible dans les centres m\u00e9dicaux et h\u00f4pitaux. La prise en charge de la dr\u00e9panocytose se fait aux diff\u00e9rents niveaux de soins.\u00a0<\/p>\n<p>La maladie n\u2019est pas encore gu\u00e9rissable. Mais en dehors des exceptionnels cas de greffe de moelle, des mesures de lutte ax\u00e9es sur la pr\u00e9vention, le traitement et le soutien peuvent \u00eatre mis en place \u00e0 tous les niveaux, et permettre d\u2019am\u00e9liorer aussi bien la qualit\u00e9 de la vie que l\u2019esp\u00e9rance de vie des personnes souffrant de dr\u00e9panocytose.\u00a0<\/p>\n<p>Aussi pour une meilleure lutte contre la dr\u00e9panocytose, les mesures pr\u00e9ventives doivent \u00eatre privil\u00e9gi\u00e9es. Il s\u2019agit, notamment de la pr\u00e9vention primaire par le d\u00e9pistage pour un choix \u00e9clair\u00e9 des couples avant le mariage. En outre, pour une pr\u00e9vention des crises, les dr\u00e9panocytaires doivent \u00e9viter les facteurs d\u00e9clenchants que sont le froid, l\u2019effort physique intense et prolong\u00e9, la haute altitude, la fi\u00e8vre, la d\u00e9shydratation, etc. Ils doivent \u00e9galement se faire suivre dans les structures de prise en charge pour une meilleure pr\u00e9vention des complications c\u00e9r\u00e9brales, neurologiques, spl\u00e9niques, osseuses, oculaires, r\u00e9nales et cutan\u00e9es.<\/p>\n<p><strong>Latribunedufaso.net<\/strong><\/p>\n<p><strong><span style=\"font-size: 1.0625rem;\">Source : MSHP\u00a0 \u00a0 \u00a0\u00a0<\/span><\/strong><\/p>\n","protected":false},"excerpt":{"rendered":"<p>Ce mercredi 19 juin 2024, le Burkina Faso comm\u00e9more la journ\u00e9e mondiale de lutte contre la dr\u00e9panocytose. A l&rsquo;occasion, le ministre de la Sant\u00e9 et de l&rsquo;Hygi\u00e8ne Publique, Dr Robert Kargougou a adress\u00e9 un message \u00e0 l&rsquo;endroit des acteurs engag\u00e9s contre a lutte de cette maladie et aux populations. Le th\u00e8me de cette \u00e9dition est :\u00ab Intensifier l\u2019int\u00e9gration de la lutte contre la dr\u00e9panocytose dans les soins de sant\u00e9 primaires, ensemble on peut le faire \u00bb.\u00a0 L\u2019objectif de cette journ\u00e9e est de faire le point sur les efforts de prise en charge de la dr\u00e9panocytose, sensibiliser \u00e0 la pr\u00e9vention et attirer l\u2019attention des m\u00e9dias de mani\u00e8re \u00e0 mieux faire conna\u00eetre la dr\u00e9panocytose. En effet, la dr\u00e9panocytose est la maladie g\u00e9n\u00e9tique la plus r\u00e9pandue dans le monde. Des g\u00e8nes \u00e0 l\u2019origine d\u2019h\u00e9moglobinopathies se retrouvent chez 5 % environ de la population mondiale. Plus de 155 pays sont concern\u00e9s sur les cinq (05) continents.\u00a0 Chaque ann\u00e9e, quelques 300 000 enfants naissent avec une anomalie majeure de l\u2019h\u00e9moglobine et l\u2019on recense plus de 200 000 cas de dr\u00e9panocytose en Afrique. La pr\u00e9valence du trait dr\u00e9panocytaire selon l\u2019Organisation mondiale de la Sant\u00e9 (OM) se situe entre 10% et 40% dans certains pays africains subsahariens avec plus de 55 millions de porteurs du g\u00e8ne S.\u00a0\u00a0 Ainsi, au Burkina Faso, la dr\u00e9panocytose constitue un probl\u00e8me de sant\u00e9 publique \u00e0 l\u2019instar des autres pays d\u2019Afrique subsaharienne. C\u2019est une maladie grave qui touche un grand nombre de familles. Les enfants de moins de 5 ans payent le plus lourd tribut ; la majorit\u00e9 des enfants atteints de la forme la plus s\u00e9v\u00e8re SS de la maladie meurent avant l\u2019\u00e2ge de 5 ans, le plus souvent d\u2019une infection ou d\u2019une an\u00e9mie grave ; ceux qui survivent restent vuln\u00e9rables aux pouss\u00e9es de la maladie et aux complications. En d\u00e9pit des actions men\u00e9es dans la lutte contre la dr\u00e9panocytose au Burkina Faso, le ministre d\u00e9plore que l\u2019\u00e9tude men\u00e9e de 2015 \u00e0 2019 par SAWADOGO et col. R\u00e9v\u00e8le une incidence de 1,9%. Celle des h\u00e9moglobinopathies (SS, SC, CC) \u00e9tait de 2,9%. L\u2019enqu\u00eate de pr\u00e9valence r\u00e9alis\u00e9e par le Minist\u00e8re de la Sant\u00e9 et de l\u2019Hygi\u00e8ne publique en 2020 notait une pr\u00e9valence de 4,63. Au Burkina Faso, le test de diagnostic est disponible dans les centres m\u00e9dicaux et h\u00f4pitaux. La prise en charge de la dr\u00e9panocytose se fait aux diff\u00e9rents niveaux de soins.\u00a0 La maladie n\u2019est pas encore gu\u00e9rissable. Mais en dehors des exceptionnels cas de greffe de moelle, des mesures de lutte ax\u00e9es sur la pr\u00e9vention, le traitement et le soutien peuvent \u00eatre mis en place \u00e0 tous les niveaux, et permettre d\u2019am\u00e9liorer aussi bien la qualit\u00e9 de la vie que l\u2019esp\u00e9rance de vie des personnes souffrant de dr\u00e9panocytose.\u00a0 Aussi pour une meilleure lutte contre la dr\u00e9panocytose, les mesures pr\u00e9ventives doivent \u00eatre privil\u00e9gi\u00e9es. Il s\u2019agit, notamment de la pr\u00e9vention primaire par le d\u00e9pistage pour un choix \u00e9clair\u00e9 des couples avant le mariage. En outre, pour une pr\u00e9vention des crises, les dr\u00e9panocytaires doivent \u00e9viter les facteurs d\u00e9clenchants que sont le froid, l\u2019effort physique intense et prolong\u00e9, la haute altitude, la fi\u00e8vre, la d\u00e9shydratation, etc. Ils doivent \u00e9galement se faire suivre dans les structures de prise en charge pour une meilleure pr\u00e9vention des complications c\u00e9r\u00e9brales, neurologiques, spl\u00e9niques, osseuses, oculaires, r\u00e9nales et cutan\u00e9es. Latribunedufaso.net Source : MSHP\u00a0 \u00a0 \u00a0\u00a0<\/p>\n","protected":false},"author":5,"featured_media":14377,"comment_status":"open","ping_status":"open","sticky":false,"template":"","format":"standard","meta":{"footnotes":""},"categories":[13,1,7],"tags":[],"class_list":["post-14376","post","type-post","status-publish","format-standard","has-post-thumbnail","hentry","category-une","category-actu","category-sante"],"yoast_head":"<!-- This site is optimized with the Yoast SEO plugin v27.5 - https:\/\/yoast.com\/product\/yoast-seo-wordpress\/ -->\n<title>Journ\u00e9e mondiale de lutte contre la dr\u00e9panocytose : Le ministre de la Sant\u00e9 invite les populations \u00e0 privil\u00e9gier les mesures pr\u00e9ventives - La Tribune du Faso<\/title>\n<meta name=\"robots\" content=\"index, follow, max-snippet:-1, max-image-preview:large, max-video-preview:-1\" \/>\n<link rel=\"canonical\" href=\"https:\/\/www.latribunedufaso.net\/?p=14376\" \/>\n<meta property=\"og:locale\" content=\"fr_FR\" \/>\n<meta property=\"og:type\" content=\"article\" \/>\n<meta property=\"og:title\" content=\"Journ\u00e9e mondiale de lutte contre la dr\u00e9panocytose : Le ministre de la Sant\u00e9 invite les populations \u00e0 privil\u00e9gier les mesures pr\u00e9ventives - La Tribune du Faso\" \/>\n<meta property=\"og:description\" content=\"Ce mercredi 19 juin 2024, le Burkina Faso comm\u00e9more la journ\u00e9e mondiale de lutte contre la dr\u00e9panocytose. A l&rsquo;occasion, le ministre de la Sant\u00e9 et de l&rsquo;Hygi\u00e8ne Publique, Dr Robert Kargougou a adress\u00e9 un message \u00e0 l&rsquo;endroit des acteurs engag\u00e9s contre a lutte de cette maladie et aux populations. Le th\u00e8me de cette \u00e9dition est :\u00ab Intensifier l\u2019int\u00e9gration de la lutte contre la dr\u00e9panocytose dans les soins de sant\u00e9 primaires, ensemble on peut le faire \u00bb.\u00a0 L\u2019objectif de cette journ\u00e9e est de faire le point sur les efforts de prise en charge de la dr\u00e9panocytose, sensibiliser \u00e0 la pr\u00e9vention et attirer l\u2019attention des m\u00e9dias de mani\u00e8re \u00e0 mieux faire conna\u00eetre la dr\u00e9panocytose. En effet, la dr\u00e9panocytose est la maladie g\u00e9n\u00e9tique la plus r\u00e9pandue dans le monde. Des g\u00e8nes \u00e0 l\u2019origine d\u2019h\u00e9moglobinopathies se retrouvent chez 5 % environ de la population mondiale. Plus de 155 pays sont concern\u00e9s sur les cinq (05) continents.\u00a0 Chaque ann\u00e9e, quelques 300 000 enfants naissent avec une anomalie majeure de l\u2019h\u00e9moglobine et l\u2019on recense plus de 200 000 cas de dr\u00e9panocytose en Afrique. La pr\u00e9valence du trait dr\u00e9panocytaire selon l\u2019Organisation mondiale de la Sant\u00e9 (OM) se situe entre 10% et 40% dans certains pays africains subsahariens avec plus de 55 millions de porteurs du g\u00e8ne S.\u00a0\u00a0 Ainsi, au Burkina Faso, la dr\u00e9panocytose constitue un probl\u00e8me de sant\u00e9 publique \u00e0 l\u2019instar des autres pays d\u2019Afrique subsaharienne. C\u2019est une maladie grave qui touche un grand nombre de familles. Les enfants de moins de 5 ans payent le plus lourd tribut ; la majorit\u00e9 des enfants atteints de la forme la plus s\u00e9v\u00e8re SS de la maladie meurent avant l\u2019\u00e2ge de 5 ans, le plus souvent d\u2019une infection ou d\u2019une an\u00e9mie grave ; ceux qui survivent restent vuln\u00e9rables aux pouss\u00e9es de la maladie et aux complications. En d\u00e9pit des actions men\u00e9es dans la lutte contre la dr\u00e9panocytose au Burkina Faso, le ministre d\u00e9plore que l\u2019\u00e9tude men\u00e9e de 2015 \u00e0 2019 par SAWADOGO et col. R\u00e9v\u00e8le une incidence de 1,9%. Celle des h\u00e9moglobinopathies (SS, SC, CC) \u00e9tait de 2,9%. L\u2019enqu\u00eate de pr\u00e9valence r\u00e9alis\u00e9e par le Minist\u00e8re de la Sant\u00e9 et de l\u2019Hygi\u00e8ne publique en 2020 notait une pr\u00e9valence de 4,63. Au Burkina Faso, le test de diagnostic est disponible dans les centres m\u00e9dicaux et h\u00f4pitaux. La prise en charge de la dr\u00e9panocytose se fait aux diff\u00e9rents niveaux de soins.\u00a0 La maladie n\u2019est pas encore gu\u00e9rissable. Mais en dehors des exceptionnels cas de greffe de moelle, des mesures de lutte ax\u00e9es sur la pr\u00e9vention, le traitement et le soutien peuvent \u00eatre mis en place \u00e0 tous les niveaux, et permettre d\u2019am\u00e9liorer aussi bien la qualit\u00e9 de la vie que l\u2019esp\u00e9rance de vie des personnes souffrant de dr\u00e9panocytose.\u00a0 Aussi pour une meilleure lutte contre la dr\u00e9panocytose, les mesures pr\u00e9ventives doivent \u00eatre privil\u00e9gi\u00e9es. Il s\u2019agit, notamment de la pr\u00e9vention primaire par le d\u00e9pistage pour un choix \u00e9clair\u00e9 des couples avant le mariage. En outre, pour une pr\u00e9vention des crises, les dr\u00e9panocytaires doivent \u00e9viter les facteurs d\u00e9clenchants que sont le froid, l\u2019effort physique intense et prolong\u00e9, la haute altitude, la fi\u00e8vre, la d\u00e9shydratation, etc. Ils doivent \u00e9galement se faire suivre dans les structures de prise en charge pour une meilleure pr\u00e9vention des complications c\u00e9r\u00e9brales, neurologiques, spl\u00e9niques, osseuses, oculaires, r\u00e9nales et cutan\u00e9es. Latribunedufaso.net Source : MSHP\u00a0 \u00a0 \u00a0\u00a0\" \/>\n<meta property=\"og:url\" content=\"https:\/\/www.latribunedufaso.net\/?p=14376\" \/>\n<meta property=\"og:site_name\" content=\"La Tribune du Faso\" \/>\n<meta property=\"article:publisher\" content=\"https:\/\/www.facebook.com\/LatribuneduFaso\/\" \/>\n<meta property=\"article:published_time\" content=\"2024-06-19T10:45:38+00:00\" \/>\n<meta property=\"og:image\" content=\"https:\/\/www.latribunedufaso.net\/wp-content\/uploads\/2024\/06\/FB_IMG_1718793877159.jpg\" \/>\n\t<meta property=\"og:image:width\" content=\"720\" \/>\n\t<meta property=\"og:image:height\" content=\"900\" \/>\n\t<meta property=\"og:image:type\" content=\"image\/jpeg\" \/>\n<meta name=\"author\" content=\"Issouf Tapsoba\" \/>\n<meta name=\"twitter:label1\" content=\"\u00c9crit par\" \/>\n\t<meta name=\"twitter:data1\" content=\"Issouf Tapsoba\" \/>\n\t<meta name=\"twitter:label2\" content=\"Dur\u00e9e de lecture estim\u00e9e\" \/>\n\t<meta name=\"twitter:data2\" content=\"3 minutes\" \/>\n<script type=\"application\/ld+json\" class=\"yoast-schema-graph\">{\"@context\":\"https:\\\/\\\/schema.org\",\"@graph\":[{\"@type\":\"Article\",\"@id\":\"https:\\\/\\\/www.latribunedufaso.net\\\/?p=14376#article\",\"isPartOf\":{\"@id\":\"https:\\\/\\\/www.latribunedufaso.net\\\/?p=14376\"},\"author\":{\"name\":\"Issouf Tapsoba\",\"@id\":\"https:\\\/\\\/www.latribunedufaso.net\\\/#\\\/schema\\\/person\\\/e54e64c5778a7e72cf80a318b7a622b0\"},\"headline\":\"Journ\u00e9e mondiale de lutte contre la dr\u00e9panocytose : Le ministre de la Sant\u00e9 invite les populations \u00e0 privil\u00e9gier les mesures pr\u00e9ventives\",\"datePublished\":\"2024-06-19T10:45:38+00:00\",\"mainEntityOfPage\":{\"@id\":\"https:\\\/\\\/www.latribunedufaso.net\\\/?p=14376\"},\"wordCount\":634,\"commentCount\":0,\"publisher\":{\"@id\":\"https:\\\/\\\/www.latribunedufaso.net\\\/#organization\"},\"image\":{\"@id\":\"https:\\\/\\\/www.latribunedufaso.net\\\/?p=14376#primaryimage\"},\"thumbnailUrl\":\"https:\\\/\\\/www.latribunedufaso.net\\\/wp-content\\\/uploads\\\/2024\\\/06\\\/FB_IMG_1718793877159.jpg\",\"articleSection\":[\"A la une\",\"Actualit\u00e9\",\"Sant\u00e9\"],\"inLanguage\":\"fr-FR\",\"potentialAction\":[{\"@type\":\"CommentAction\",\"name\":\"Comment\",\"target\":[\"https:\\\/\\\/www.latribunedufaso.net\\\/?p=14376#respond\"]}]},{\"@type\":\"WebPage\",\"@id\":\"https:\\\/\\\/www.latribunedufaso.net\\\/?p=14376\",\"url\":\"https:\\\/\\\/www.latribunedufaso.net\\\/?p=14376\",\"name\":\"Journ\u00e9e mondiale de lutte contre la dr\u00e9panocytose : Le ministre de la Sant\u00e9 invite les populations \u00e0 privil\u00e9gier les mesures pr\u00e9ventives - La Tribune du Faso\",\"isPartOf\":{\"@id\":\"https:\\\/\\\/www.latribunedufaso.net\\\/#website\"},\"primaryImageOfPage\":{\"@id\":\"https:\\\/\\\/www.latribunedufaso.net\\\/?p=14376#primaryimage\"},\"image\":{\"@id\":\"https:\\\/\\\/www.latribunedufaso.net\\\/?p=14376#primaryimage\"},\"thumbnailUrl\":\"https:\\\/\\\/www.latribunedufaso.net\\\/wp-content\\\/uploads\\\/2024\\\/06\\\/FB_IMG_1718793877159.jpg\",\"datePublished\":\"2024-06-19T10:45:38+00:00\",\"breadcrumb\":{\"@id\":\"https:\\\/\\\/www.latribunedufaso.net\\\/?p=14376#breadcrumb\"},\"inLanguage\":\"fr-FR\",\"potentialAction\":[{\"@type\":\"ReadAction\",\"target\":[\"https:\\\/\\\/www.latribunedufaso.net\\\/?p=14376\"]}]},{\"@type\":\"ImageObject\",\"inLanguage\":\"fr-FR\",\"@id\":\"https:\\\/\\\/www.latribunedufaso.net\\\/?p=14376#primaryimage\",\"url\":\"https:\\\/\\\/www.latribunedufaso.net\\\/wp-content\\\/uploads\\\/2024\\\/06\\\/FB_IMG_1718793877159.jpg\",\"contentUrl\":\"https:\\\/\\\/www.latribunedufaso.net\\\/wp-content\\\/uploads\\\/2024\\\/06\\\/FB_IMG_1718793877159.jpg\",\"width\":720,\"height\":900},{\"@type\":\"BreadcrumbList\",\"@id\":\"https:\\\/\\\/www.latribunedufaso.net\\\/?p=14376#breadcrumb\",\"itemListElement\":[{\"@type\":\"ListItem\",\"position\":1,\"name\":\"Accueil\",\"item\":\"https:\\\/\\\/www.latribunedufaso.net\\\/\"},{\"@type\":\"ListItem\",\"position\":2,\"name\":\"Journ\u00e9e mondiale de lutte contre la dr\u00e9panocytose : Le ministre de la Sant\u00e9 invite les populations \u00e0 privil\u00e9gier les mesures pr\u00e9ventives\"}]},{\"@type\":\"WebSite\",\"@id\":\"https:\\\/\\\/www.latribunedufaso.net\\\/#website\",\"url\":\"https:\\\/\\\/www.latribunedufaso.net\\\/\",\"name\":\"La Tribune du Faso\",\"description\":\"L&#039;information du monde rural en un clic\",\"publisher\":{\"@id\":\"https:\\\/\\\/www.latribunedufaso.net\\\/#organization\"},\"potentialAction\":[{\"@type\":\"SearchAction\",\"target\":{\"@type\":\"EntryPoint\",\"urlTemplate\":\"https:\\\/\\\/www.latribunedufaso.net\\\/?s={search_term_string}\"},\"query-input\":{\"@type\":\"PropertyValueSpecification\",\"valueRequired\":true,\"valueName\":\"search_term_string\"}}],\"inLanguage\":\"fr-FR\"},{\"@type\":\"Organization\",\"@id\":\"https:\\\/\\\/www.latribunedufaso.net\\\/#organization\",\"name\":\"La Tribune du Faso\",\"url\":\"https:\\\/\\\/www.latribunedufaso.net\\\/\",\"logo\":{\"@type\":\"ImageObject\",\"inLanguage\":\"fr-FR\",\"@id\":\"https:\\\/\\\/www.latribunedufaso.net\\\/#\\\/schema\\\/logo\\\/image\\\/\",\"url\":\"https:\\\/\\\/www.latribunedufaso.net\\\/wp-content\\\/uploads\\\/2020\\\/08\\\/Logo-Tribune-du-Faso-final-scaled.jpg\",\"contentUrl\":\"https:\\\/\\\/www.latribunedufaso.net\\\/wp-content\\\/uploads\\\/2020\\\/08\\\/Logo-Tribune-du-Faso-final-scaled.jpg\",\"width\":2560,\"height\":1856,\"caption\":\"La Tribune du Faso\"},\"image\":{\"@id\":\"https:\\\/\\\/www.latribunedufaso.net\\\/#\\\/schema\\\/logo\\\/image\\\/\"},\"sameAs\":[\"https:\\\/\\\/www.facebook.com\\\/LatribuneduFaso\\\/\"]},{\"@type\":\"Person\",\"@id\":\"https:\\\/\\\/www.latribunedufaso.net\\\/#\\\/schema\\\/person\\\/e54e64c5778a7e72cf80a318b7a622b0\",\"name\":\"Issouf Tapsoba\",\"image\":{\"@type\":\"ImageObject\",\"inLanguage\":\"fr-FR\",\"@id\":\"https:\\\/\\\/secure.gravatar.com\\\/avatar\\\/5e6c05150ce3230247d167f5b94d678eb05936197436d69b7921e3a95c9107ac?s=96&d=mm&r=g\",\"url\":\"https:\\\/\\\/secure.gravatar.com\\\/avatar\\\/5e6c05150ce3230247d167f5b94d678eb05936197436d69b7921e3a95c9107ac?s=96&d=mm&r=g\",\"contentUrl\":\"https:\\\/\\\/secure.gravatar.com\\\/avatar\\\/5e6c05150ce3230247d167f5b94d678eb05936197436d69b7921e3a95c9107ac?s=96&d=mm&r=g\",\"caption\":\"Issouf Tapsoba\"},\"url\":\"https:\\\/\\\/www.latribunedufaso.net\\\/?author=5\"}]}<\/script>\n<!-- \/ Yoast SEO plugin. -->","yoast_head_json":{"title":"Journ\u00e9e mondiale de lutte contre la dr\u00e9panocytose : Le ministre de la Sant\u00e9 invite les populations \u00e0 privil\u00e9gier les mesures pr\u00e9ventives - La Tribune du Faso","robots":{"index":"index","follow":"follow","max-snippet":"max-snippet:-1","max-image-preview":"max-image-preview:large","max-video-preview":"max-video-preview:-1"},"canonical":"https:\/\/www.latribunedufaso.net\/?p=14376","og_locale":"fr_FR","og_type":"article","og_title":"Journ\u00e9e mondiale de lutte contre la dr\u00e9panocytose : Le ministre de la Sant\u00e9 invite les populations \u00e0 privil\u00e9gier les mesures pr\u00e9ventives - La Tribune du Faso","og_description":"Ce mercredi 19 juin 2024, le Burkina Faso comm\u00e9more la journ\u00e9e mondiale de lutte contre la dr\u00e9panocytose. A l&rsquo;occasion, le ministre de la Sant\u00e9 et de l&rsquo;Hygi\u00e8ne Publique, Dr Robert Kargougou a adress\u00e9 un message \u00e0 l&rsquo;endroit des acteurs engag\u00e9s contre a lutte de cette maladie et aux populations. Le th\u00e8me de cette \u00e9dition est :\u00ab Intensifier l\u2019int\u00e9gration de la lutte contre la dr\u00e9panocytose dans les soins de sant\u00e9 primaires, ensemble on peut le faire \u00bb.\u00a0 L\u2019objectif de cette journ\u00e9e est de faire le point sur les efforts de prise en charge de la dr\u00e9panocytose, sensibiliser \u00e0 la pr\u00e9vention et attirer l\u2019attention des m\u00e9dias de mani\u00e8re \u00e0 mieux faire conna\u00eetre la dr\u00e9panocytose. En effet, la dr\u00e9panocytose est la maladie g\u00e9n\u00e9tique la plus r\u00e9pandue dans le monde. Des g\u00e8nes \u00e0 l\u2019origine d\u2019h\u00e9moglobinopathies se retrouvent chez 5 % environ de la population mondiale. Plus de 155 pays sont concern\u00e9s sur les cinq (05) continents.\u00a0 Chaque ann\u00e9e, quelques 300 000 enfants naissent avec une anomalie majeure de l\u2019h\u00e9moglobine et l\u2019on recense plus de 200 000 cas de dr\u00e9panocytose en Afrique. La pr\u00e9valence du trait dr\u00e9panocytaire selon l\u2019Organisation mondiale de la Sant\u00e9 (OM) se situe entre 10% et 40% dans certains pays africains subsahariens avec plus de 55 millions de porteurs du g\u00e8ne S.\u00a0\u00a0 Ainsi, au Burkina Faso, la dr\u00e9panocytose constitue un probl\u00e8me de sant\u00e9 publique \u00e0 l\u2019instar des autres pays d\u2019Afrique subsaharienne. C\u2019est une maladie grave qui touche un grand nombre de familles. Les enfants de moins de 5 ans payent le plus lourd tribut ; la majorit\u00e9 des enfants atteints de la forme la plus s\u00e9v\u00e8re SS de la maladie meurent avant l\u2019\u00e2ge de 5 ans, le plus souvent d\u2019une infection ou d\u2019une an\u00e9mie grave ; ceux qui survivent restent vuln\u00e9rables aux pouss\u00e9es de la maladie et aux complications. En d\u00e9pit des actions men\u00e9es dans la lutte contre la dr\u00e9panocytose au Burkina Faso, le ministre d\u00e9plore que l\u2019\u00e9tude men\u00e9e de 2015 \u00e0 2019 par SAWADOGO et col. R\u00e9v\u00e8le une incidence de 1,9%. Celle des h\u00e9moglobinopathies (SS, SC, CC) \u00e9tait de 2,9%. L\u2019enqu\u00eate de pr\u00e9valence r\u00e9alis\u00e9e par le Minist\u00e8re de la Sant\u00e9 et de l\u2019Hygi\u00e8ne publique en 2020 notait une pr\u00e9valence de 4,63. Au Burkina Faso, le test de diagnostic est disponible dans les centres m\u00e9dicaux et h\u00f4pitaux. La prise en charge de la dr\u00e9panocytose se fait aux diff\u00e9rents niveaux de soins.\u00a0 La maladie n\u2019est pas encore gu\u00e9rissable. Mais en dehors des exceptionnels cas de greffe de moelle, des mesures de lutte ax\u00e9es sur la pr\u00e9vention, le traitement et le soutien peuvent \u00eatre mis en place \u00e0 tous les niveaux, et permettre d\u2019am\u00e9liorer aussi bien la qualit\u00e9 de la vie que l\u2019esp\u00e9rance de vie des personnes souffrant de dr\u00e9panocytose.\u00a0 Aussi pour une meilleure lutte contre la dr\u00e9panocytose, les mesures pr\u00e9ventives doivent \u00eatre privil\u00e9gi\u00e9es. Il s\u2019agit, notamment de la pr\u00e9vention primaire par le d\u00e9pistage pour un choix \u00e9clair\u00e9 des couples avant le mariage. En outre, pour une pr\u00e9vention des crises, les dr\u00e9panocytaires doivent \u00e9viter les facteurs d\u00e9clenchants que sont le froid, l\u2019effort physique intense et prolong\u00e9, la haute altitude, la fi\u00e8vre, la d\u00e9shydratation, etc. Ils doivent \u00e9galement se faire suivre dans les structures de prise en charge pour une meilleure pr\u00e9vention des complications c\u00e9r\u00e9brales, neurologiques, spl\u00e9niques, osseuses, oculaires, r\u00e9nales et cutan\u00e9es. Latribunedufaso.net Source : MSHP\u00a0 \u00a0 \u00a0\u00a0","og_url":"https:\/\/www.latribunedufaso.net\/?p=14376","og_site_name":"La Tribune du Faso","article_publisher":"https:\/\/www.facebook.com\/LatribuneduFaso\/","article_published_time":"2024-06-19T10:45:38+00:00","og_image":[{"width":720,"height":900,"url":"https:\/\/www.latribunedufaso.net\/wp-content\/uploads\/2024\/06\/FB_IMG_1718793877159.jpg","type":"image\/jpeg"}],"author":"Issouf Tapsoba","twitter_misc":{"\u00c9crit par":"Issouf Tapsoba","Dur\u00e9e de lecture estim\u00e9e":"3 minutes"},"schema":{"@context":"https:\/\/schema.org","@graph":[{"@type":"Article","@id":"https:\/\/www.latribunedufaso.net\/?p=14376#article","isPartOf":{"@id":"https:\/\/www.latribunedufaso.net\/?p=14376"},"author":{"name":"Issouf Tapsoba","@id":"https:\/\/www.latribunedufaso.net\/#\/schema\/person\/e54e64c5778a7e72cf80a318b7a622b0"},"headline":"Journ\u00e9e mondiale de lutte contre la dr\u00e9panocytose : Le ministre de la Sant\u00e9 invite les populations \u00e0 privil\u00e9gier les mesures pr\u00e9ventives","datePublished":"2024-06-19T10:45:38+00:00","mainEntityOfPage":{"@id":"https:\/\/www.latribunedufaso.net\/?p=14376"},"wordCount":634,"commentCount":0,"publisher":{"@id":"https:\/\/www.latribunedufaso.net\/#organization"},"image":{"@id":"https:\/\/www.latribunedufaso.net\/?p=14376#primaryimage"},"thumbnailUrl":"https:\/\/www.latribunedufaso.net\/wp-content\/uploads\/2024\/06\/FB_IMG_1718793877159.jpg","articleSection":["A la une","Actualit\u00e9","Sant\u00e9"],"inLanguage":"fr-FR","potentialAction":[{"@type":"CommentAction","name":"Comment","target":["https:\/\/www.latribunedufaso.net\/?p=14376#respond"]}]},{"@type":"WebPage","@id":"https:\/\/www.latribunedufaso.net\/?p=14376","url":"https:\/\/www.latribunedufaso.net\/?p=14376","name":"Journ\u00e9e mondiale de lutte contre la dr\u00e9panocytose : Le ministre de la Sant\u00e9 invite les populations \u00e0 privil\u00e9gier les mesures pr\u00e9ventives - La Tribune du Faso","isPartOf":{"@id":"https:\/\/www.latribunedufaso.net\/#website"},"primaryImageOfPage":{"@id":"https:\/\/www.latribunedufaso.net\/?p=14376#primaryimage"},"image":{"@id":"https:\/\/www.latribunedufaso.net\/?p=14376#primaryimage"},"thumbnailUrl":"https:\/\/www.latribunedufaso.net\/wp-content\/uploads\/2024\/06\/FB_IMG_1718793877159.jpg","datePublished":"2024-06-19T10:45:38+00:00","breadcrumb":{"@id":"https:\/\/www.latribunedufaso.net\/?p=14376#breadcrumb"},"inLanguage":"fr-FR","potentialAction":[{"@type":"ReadAction","target":["https:\/\/www.latribunedufaso.net\/?p=14376"]}]},{"@type":"ImageObject","inLanguage":"fr-FR","@id":"https:\/\/www.latribunedufaso.net\/?p=14376#primaryimage","url":"https:\/\/www.latribunedufaso.net\/wp-content\/uploads\/2024\/06\/FB_IMG_1718793877159.jpg","contentUrl":"https:\/\/www.latribunedufaso.net\/wp-content\/uploads\/2024\/06\/FB_IMG_1718793877159.jpg","width":720,"height":900},{"@type":"BreadcrumbList","@id":"https:\/\/www.latribunedufaso.net\/?p=14376#breadcrumb","itemListElement":[{"@type":"ListItem","position":1,"name":"Accueil","item":"https:\/\/www.latribunedufaso.net\/"},{"@type":"ListItem","position":2,"name":"Journ\u00e9e mondiale de lutte contre la dr\u00e9panocytose : Le ministre de la Sant\u00e9 invite les populations \u00e0 privil\u00e9gier les mesures pr\u00e9ventives"}]},{"@type":"WebSite","@id":"https:\/\/www.latribunedufaso.net\/#website","url":"https:\/\/www.latribunedufaso.net\/","name":"La Tribune du Faso","description":"L&#039;information du monde rural en un clic","publisher":{"@id":"https:\/\/www.latribunedufaso.net\/#organization"},"potentialAction":[{"@type":"SearchAction","target":{"@type":"EntryPoint","urlTemplate":"https:\/\/www.latribunedufaso.net\/?s={search_term_string}"},"query-input":{"@type":"PropertyValueSpecification","valueRequired":true,"valueName":"search_term_string"}}],"inLanguage":"fr-FR"},{"@type":"Organization","@id":"https:\/\/www.latribunedufaso.net\/#organization","name":"La Tribune du Faso","url":"https:\/\/www.latribunedufaso.net\/","logo":{"@type":"ImageObject","inLanguage":"fr-FR","@id":"https:\/\/www.latribunedufaso.net\/#\/schema\/logo\/image\/","url":"https:\/\/www.latribunedufaso.net\/wp-content\/uploads\/2020\/08\/Logo-Tribune-du-Faso-final-scaled.jpg","contentUrl":"https:\/\/www.latribunedufaso.net\/wp-content\/uploads\/2020\/08\/Logo-Tribune-du-Faso-final-scaled.jpg","width":2560,"height":1856,"caption":"La Tribune du Faso"},"image":{"@id":"https:\/\/www.latribunedufaso.net\/#\/schema\/logo\/image\/"},"sameAs":["https:\/\/www.facebook.com\/LatribuneduFaso\/"]},{"@type":"Person","@id":"https:\/\/www.latribunedufaso.net\/#\/schema\/person\/e54e64c5778a7e72cf80a318b7a622b0","name":"Issouf Tapsoba","image":{"@type":"ImageObject","inLanguage":"fr-FR","@id":"https:\/\/secure.gravatar.com\/avatar\/5e6c05150ce3230247d167f5b94d678eb05936197436d69b7921e3a95c9107ac?s=96&d=mm&r=g","url":"https:\/\/secure.gravatar.com\/avatar\/5e6c05150ce3230247d167f5b94d678eb05936197436d69b7921e3a95c9107ac?s=96&d=mm&r=g","contentUrl":"https:\/\/secure.gravatar.com\/avatar\/5e6c05150ce3230247d167f5b94d678eb05936197436d69b7921e3a95c9107ac?s=96&d=mm&r=g","caption":"Issouf Tapsoba"},"url":"https:\/\/www.latribunedufaso.net\/?author=5"}]}},"_links":{"self":[{"href":"https:\/\/www.latribunedufaso.net\/index.php?rest_route=\/wp\/v2\/posts\/14376","targetHints":{"allow":["GET"]}}],"collection":[{"href":"https:\/\/www.latribunedufaso.net\/index.php?rest_route=\/wp\/v2\/posts"}],"about":[{"href":"https:\/\/www.latribunedufaso.net\/index.php?rest_route=\/wp\/v2\/types\/post"}],"author":[{"embeddable":true,"href":"https:\/\/www.latribunedufaso.net\/index.php?rest_route=\/wp\/v2\/users\/5"}],"replies":[{"embeddable":true,"href":"https:\/\/www.latribunedufaso.net\/index.php?rest_route=%2Fwp%2Fv2%2Fcomments&post=14376"}],"version-history":[{"count":2,"href":"https:\/\/www.latribunedufaso.net\/index.php?rest_route=\/wp\/v2\/posts\/14376\/revisions"}],"predecessor-version":[{"id":14379,"href":"https:\/\/www.latribunedufaso.net\/index.php?rest_route=\/wp\/v2\/posts\/14376\/revisions\/14379"}],"wp:featuredmedia":[{"embeddable":true,"href":"https:\/\/www.latribunedufaso.net\/index.php?rest_route=\/wp\/v2\/media\/14377"}],"wp:attachment":[{"href":"https:\/\/www.latribunedufaso.net\/index.php?rest_route=%2Fwp%2Fv2%2Fmedia&parent=14376"}],"wp:term":[{"taxonomy":"category","embeddable":true,"href":"https:\/\/www.latribunedufaso.net\/index.php?rest_route=%2Fwp%2Fv2%2Fcategories&post=14376"},{"taxonomy":"post_tag","embeddable":true,"href":"https:\/\/www.latribunedufaso.net\/index.php?rest_route=%2Fwp%2Fv2%2Ftags&post=14376"}],"curies":[{"name":"wp","href":"https:\/\/api.w.org\/{rel}","templated":true}]}}