{"id":14350,"date":"2024-06-17T09:38:21","date_gmt":"2024-06-17T09:38:21","guid":{"rendered":"https:\/\/www.latribunedufaso.net\/?p=14350"},"modified":"2024-06-17T09:38:21","modified_gmt":"2024-06-17T09:38:21","slug":"education-la-strategie-nationale-pour-leducation-durgence-en-reecriture","status":"publish","type":"post","link":"https:\/\/www.latribunedufaso.net\/?p=14350","title":{"rendered":"\u00c9ducation : La strat\u00e9gie nationale pour l\u2019\u00e9ducation d\u2019urgence en r\u00e9\u00e9criture\u00a0"},"content":{"rendered":"<p><strong><span style=\"font-size: 1.0625rem;\">La Strat\u00e9gie nationale pour l\u2019\u00e9ducation en situation d\u2019urgence (SN-ESU) en vigueur depuis 2019 est arriv\u00e9e \u00e0 \u00e9ch\u00e9ance. Sa r\u00e9\u00e9criture va permettre de revoir les approches existantes afin de faire face aux d\u00e9fis persistants depuis son entr\u00e9e en vigueur.<\/span><\/strong><br \/><!--more--><\/p>\n<p>Par ailleurs la SN-ESU met l\u2019accent sur l\u2019am\u00e9lioration de l\u2019acc\u00e8s \u00e0 une \u00e9ducation de qualit\u00e9 dans des environnements souvent instables.\u00a0<\/p>\n<p><a href=\"https:\/\/www.latribunedufaso.net\/wp-content\/uploads\/2024\/06\/FB_IMG_1718617027731.jpg\"><img loading=\"lazy\" decoding=\"async\" class=\"size-medium wp-image-14352 alignleft\" src=\"https:\/\/www.latribunedufaso.net\/wp-content\/uploads\/2024\/06\/FB_IMG_1718617027731-300x188.jpg\" alt=\"\" width=\"300\" height=\"188\" srcset=\"https:\/\/www.latribunedufaso.net\/wp-content\/uploads\/2024\/06\/FB_IMG_1718617027731-300x188.jpg 300w, https:\/\/www.latribunedufaso.net\/wp-content\/uploads\/2024\/06\/FB_IMG_1718617027731.jpg 720w\" sizes=\"auto, (max-width: 300px) 100vw, 300px\" \/><\/a>Ainsi, la session va permettre une \u00e9valuation approfondie des progr\u00e8s r\u00e9alis\u00e9s, identifiant les forces, les faiblesses, les opportunit\u00e9s et les menaces qui influencent la mise en \u0153uvre de ces initiatives.<\/p>\n<p>Dans sa mise en \u0153uvre, la SN-ESU fait face \u00e0 quatre d\u00e9fis principaux \u00e0 relever. Il s\u2019agit notamment de la s\u00e9curit\u00e9 totale des acteurs et des structures \u00e9ducatives, la continuit\u00e9 de l\u2019\u00e9ducation dans les zones affect\u00e9es par les crises, la coordination efficace des interventions d\u2019urgence et le financement durable de l\u2019ESU.\u00a0<\/p>\n<p><a href=\"https:\/\/www.latribunedufaso.net\/wp-content\/uploads\/2024\/06\/FB_IMG_1718617030138.jpg\"><img loading=\"lazy\" decoding=\"async\" class=\"size-medium wp-image-14351 alignleft\" src=\"https:\/\/www.latribunedufaso.net\/wp-content\/uploads\/2024\/06\/FB_IMG_1718617030138-300x166.jpg\" alt=\"\" width=\"300\" height=\"166\" srcset=\"https:\/\/www.latribunedufaso.net\/wp-content\/uploads\/2024\/06\/FB_IMG_1718617030138-300x166.jpg 300w, https:\/\/www.latribunedufaso.net\/wp-content\/uploads\/2024\/06\/FB_IMG_1718617030138.jpg 720w\" sizes=\"auto, (max-width: 300px) 100vw, 300px\" \/><\/a>En outre, l\u2019\u00e9quipe de r\u00e9daction devra, en plus de prendre en compte les orientations politiques r\u00e9centes en mati\u00e8re d\u2019\u00e9ducation, int\u00e9grer les besoins urgents. L\u2019impact attendu \u00e9tant de cr\u00e9er un environnement d\u2019apprentissage s\u00fbr et prot\u00e9g\u00e9, garantissant ainsi un avenir \u00e9ducatif stable m\u00eame dans les contextes les plus difficiles.\u00a0 \u00a0 \u00a0\u00a0<\/p>\n<p><strong>Latribunedufaso.net\u00a0<\/strong><\/p>\n<p><strong>Source : DCRP\/<span style=\"font-size: 1.0625rem;\">MENAPLN<\/span><\/strong><\/p>\n","protected":false},"excerpt":{"rendered":"<p>La Strat\u00e9gie nationale pour l\u2019\u00e9ducation en situation d\u2019urgence (SN-ESU) en vigueur depuis 2019 est arriv\u00e9e \u00e0 \u00e9ch\u00e9ance. Sa r\u00e9\u00e9criture va permettre de revoir les approches existantes afin de faire face aux d\u00e9fis persistants depuis son entr\u00e9e en vigueur.<\/p>\n","protected":false},"author":5,"featured_media":14353,"comment_status":"open","ping_status":"open","sticky":false,"template":"","format":"standard","meta":{"footnotes":""},"categories":[13,1,31],"tags":[],"class_list":["post-14350","post","type-post","status-publish","format-standard","has-post-thumbnail","hentry","category-une","category-actu","category-education"],"yoast_head":"<!-- This site is optimized with the Yoast SEO plugin v27.4 - https:\/\/yoast.com\/product\/yoast-seo-wordpress\/ -->\n<title>\u00c9ducation : La strat\u00e9gie nationale pour l\u2019\u00e9ducation d\u2019urgence en r\u00e9\u00e9criture\u00a0 - La Tribune du Faso<\/title>\n<meta name=\"robots\" content=\"index, follow, max-snippet:-1, max-image-preview:large, max-video-preview:-1\" \/>\n<link rel=\"canonical\" href=\"https:\/\/www.latribunedufaso.net\/?p=14350\" \/>\n<meta property=\"og:locale\" content=\"fr_FR\" \/>\n<meta property=\"og:type\" content=\"article\" \/>\n<meta property=\"og:title\" content=\"\u00c9ducation : La strat\u00e9gie nationale pour l\u2019\u00e9ducation d\u2019urgence en r\u00e9\u00e9criture\u00a0 - La Tribune du Faso\" \/>\n<meta property=\"og:description\" content=\"La Strat\u00e9gie nationale pour l\u2019\u00e9ducation en situation d\u2019urgence (SN-ESU) en vigueur depuis 2019 est arriv\u00e9e \u00e0 \u00e9ch\u00e9ance. Sa r\u00e9\u00e9criture va permettre de revoir les approches existantes afin de faire face aux d\u00e9fis persistants depuis son entr\u00e9e en vigueur.\" \/>\n<meta property=\"og:url\" content=\"https:\/\/www.latribunedufaso.net\/?p=14350\" \/>\n<meta property=\"og:site_name\" content=\"La Tribune du Faso\" \/>\n<meta property=\"article:publisher\" content=\"https:\/\/www.facebook.com\/LatribuneduFaso\/\" \/>\n<meta property=\"article:published_time\" content=\"2024-06-17T09:38:21+00:00\" \/>\n<meta property=\"og:image\" content=\"https:\/\/www.latribunedufaso.net\/wp-content\/uploads\/2024\/06\/FB_IMG_1718617024959.jpg\" \/>\n\t<meta property=\"og:image:width\" content=\"720\" \/>\n\t<meta property=\"og:image:height\" content=\"474\" \/>\n\t<meta property=\"og:image:type\" content=\"image\/jpeg\" \/>\n<meta name=\"author\" content=\"Issouf Tapsoba\" \/>\n<meta name=\"twitter:label1\" content=\"\u00c9crit par\" \/>\n\t<meta name=\"twitter:data1\" content=\"Issouf Tapsoba\" \/>\n\t<meta name=\"twitter:label2\" content=\"Dur\u00e9e de lecture estim\u00e9e\" \/>\n\t<meta name=\"twitter:data2\" content=\"1 minute\" \/>\n<script type=\"application\/ld+json\" class=\"yoast-schema-graph\">{\"@context\":\"https:\\\/\\\/schema.org\",\"@graph\":[{\"@type\":\"Article\",\"@id\":\"https:\\\/\\\/www.latribunedufaso.net\\\/?p=14350#article\",\"isPartOf\":{\"@id\":\"https:\\\/\\\/www.latribunedufaso.net\\\/?p=14350\"},\"author\":{\"name\":\"Issouf Tapsoba\",\"@id\":\"https:\\\/\\\/www.latribunedufaso.net\\\/#\\\/schema\\\/person\\\/e54e64c5778a7e72cf80a318b7a622b0\"},\"headline\":\"\u00c9ducation : La strat\u00e9gie nationale pour l\u2019\u00e9ducation d\u2019urgence en r\u00e9\u00e9criture\u00a0\",\"datePublished\":\"2024-06-17T09:38:21+00:00\",\"mainEntityOfPage\":{\"@id\":\"https:\\\/\\\/www.latribunedufaso.net\\\/?p=14350\"},\"wordCount\":235,\"commentCount\":0,\"publisher\":{\"@id\":\"https:\\\/\\\/www.latribunedufaso.net\\\/#organization\"},\"image\":{\"@id\":\"https:\\\/\\\/www.latribunedufaso.net\\\/?p=14350#primaryimage\"},\"thumbnailUrl\":\"https:\\\/\\\/www.latribunedufaso.net\\\/wp-content\\\/uploads\\\/2024\\\/06\\\/FB_IMG_1718617024959.jpg\",\"articleSection\":[\"A la une\",\"Actualit\u00e9\",\"\u00c9ducation\"],\"inLanguage\":\"fr-FR\",\"potentialAction\":[{\"@type\":\"CommentAction\",\"name\":\"Comment\",\"target\":[\"https:\\\/\\\/www.latribunedufaso.net\\\/?p=14350#respond\"]}]},{\"@type\":\"WebPage\",\"@id\":\"https:\\\/\\\/www.latribunedufaso.net\\\/?p=14350\",\"url\":\"https:\\\/\\\/www.latribunedufaso.net\\\/?p=14350\",\"name\":\"\u00c9ducation : La strat\u00e9gie nationale pour l\u2019\u00e9ducation d\u2019urgence en r\u00e9\u00e9criture\u00a0 - La Tribune du Faso\",\"isPartOf\":{\"@id\":\"https:\\\/\\\/www.latribunedufaso.net\\\/#website\"},\"primaryImageOfPage\":{\"@id\":\"https:\\\/\\\/www.latribunedufaso.net\\\/?p=14350#primaryimage\"},\"image\":{\"@id\":\"https:\\\/\\\/www.latribunedufaso.net\\\/?p=14350#primaryimage\"},\"thumbnailUrl\":\"https:\\\/\\\/www.latribunedufaso.net\\\/wp-content\\\/uploads\\\/2024\\\/06\\\/FB_IMG_1718617024959.jpg\",\"datePublished\":\"2024-06-17T09:38:21+00:00\",\"breadcrumb\":{\"@id\":\"https:\\\/\\\/www.latribunedufaso.net\\\/?p=14350#breadcrumb\"},\"inLanguage\":\"fr-FR\",\"potentialAction\":[{\"@type\":\"ReadAction\",\"target\":[\"https:\\\/\\\/www.latribunedufaso.net\\\/?p=14350\"]}]},{\"@type\":\"ImageObject\",\"inLanguage\":\"fr-FR\",\"@id\":\"https:\\\/\\\/www.latribunedufaso.net\\\/?p=14350#primaryimage\",\"url\":\"https:\\\/\\\/www.latribunedufaso.net\\\/wp-content\\\/uploads\\\/2024\\\/06\\\/FB_IMG_1718617024959.jpg\",\"contentUrl\":\"https:\\\/\\\/www.latribunedufaso.net\\\/wp-content\\\/uploads\\\/2024\\\/06\\\/FB_IMG_1718617024959.jpg\",\"width\":720,\"height\":474},{\"@type\":\"BreadcrumbList\",\"@id\":\"https:\\\/\\\/www.latribunedufaso.net\\\/?p=14350#breadcrumb\",\"itemListElement\":[{\"@type\":\"ListItem\",\"position\":1,\"name\":\"Accueil\",\"item\":\"https:\\\/\\\/www.latribunedufaso.net\\\/\"},{\"@type\":\"ListItem\",\"position\":2,\"name\":\"\u00c9ducation : La strat\u00e9gie nationale pour l\u2019\u00e9ducation d\u2019urgence en r\u00e9\u00e9criture\u00a0\"}]},{\"@type\":\"WebSite\",\"@id\":\"https:\\\/\\\/www.latribunedufaso.net\\\/#website\",\"url\":\"https:\\\/\\\/www.latribunedufaso.net\\\/\",\"name\":\"La Tribune du Faso\",\"description\":\"L&#039;information du monde rural en un clic\",\"publisher\":{\"@id\":\"https:\\\/\\\/www.latribunedufaso.net\\\/#organization\"},\"potentialAction\":[{\"@type\":\"SearchAction\",\"target\":{\"@type\":\"EntryPoint\",\"urlTemplate\":\"https:\\\/\\\/www.latribunedufaso.net\\\/?s={search_term_string}\"},\"query-input\":{\"@type\":\"PropertyValueSpecification\",\"valueRequired\":true,\"valueName\":\"search_term_string\"}}],\"inLanguage\":\"fr-FR\"},{\"@type\":\"Organization\",\"@id\":\"https:\\\/\\\/www.latribunedufaso.net\\\/#organization\",\"name\":\"La Tribune du Faso\",\"url\":\"https:\\\/\\\/www.latribunedufaso.net\\\/\",\"logo\":{\"@type\":\"ImageObject\",\"inLanguage\":\"fr-FR\",\"@id\":\"https:\\\/\\\/www.latribunedufaso.net\\\/#\\\/schema\\\/logo\\\/image\\\/\",\"url\":\"https:\\\/\\\/www.latribunedufaso.net\\\/wp-content\\\/uploads\\\/2020\\\/08\\\/Logo-Tribune-du-Faso-final-scaled.jpg\",\"contentUrl\":\"https:\\\/\\\/www.latribunedufaso.net\\\/wp-content\\\/uploads\\\/2020\\\/08\\\/Logo-Tribune-du-Faso-final-scaled.jpg\",\"width\":2560,\"height\":1856,\"caption\":\"La Tribune du Faso\"},\"image\":{\"@id\":\"https:\\\/\\\/www.latribunedufaso.net\\\/#\\\/schema\\\/logo\\\/image\\\/\"},\"sameAs\":[\"https:\\\/\\\/www.facebook.com\\\/LatribuneduFaso\\\/\"]},{\"@type\":\"Person\",\"@id\":\"https:\\\/\\\/www.latribunedufaso.net\\\/#\\\/schema\\\/person\\\/e54e64c5778a7e72cf80a318b7a622b0\",\"name\":\"Issouf Tapsoba\",\"image\":{\"@type\":\"ImageObject\",\"inLanguage\":\"fr-FR\",\"@id\":\"https:\\\/\\\/secure.gravatar.com\\\/avatar\\\/5e6c05150ce3230247d167f5b94d678eb05936197436d69b7921e3a95c9107ac?s=96&d=mm&r=g\",\"url\":\"https:\\\/\\\/secure.gravatar.com\\\/avatar\\\/5e6c05150ce3230247d167f5b94d678eb05936197436d69b7921e3a95c9107ac?s=96&d=mm&r=g\",\"contentUrl\":\"https:\\\/\\\/secure.gravatar.com\\\/avatar\\\/5e6c05150ce3230247d167f5b94d678eb05936197436d69b7921e3a95c9107ac?s=96&d=mm&r=g\",\"caption\":\"Issouf Tapsoba\"},\"url\":\"https:\\\/\\\/www.latribunedufaso.net\\\/?author=5\"}]}<\/script>\n<!-- \/ Yoast SEO plugin. -->","yoast_head_json":{"title":"\u00c9ducation : La strat\u00e9gie nationale pour l\u2019\u00e9ducation d\u2019urgence en r\u00e9\u00e9criture\u00a0 - La Tribune du Faso","robots":{"index":"index","follow":"follow","max-snippet":"max-snippet:-1","max-image-preview":"max-image-preview:large","max-video-preview":"max-video-preview:-1"},"canonical":"https:\/\/www.latribunedufaso.net\/?p=14350","og_locale":"fr_FR","og_type":"article","og_title":"\u00c9ducation : La strat\u00e9gie nationale pour l\u2019\u00e9ducation d\u2019urgence en r\u00e9\u00e9criture\u00a0 - La Tribune du Faso","og_description":"La Strat\u00e9gie nationale pour l\u2019\u00e9ducation en situation d\u2019urgence (SN-ESU) en vigueur depuis 2019 est arriv\u00e9e \u00e0 \u00e9ch\u00e9ance. Sa r\u00e9\u00e9criture va permettre de revoir les approches existantes afin de faire face aux d\u00e9fis persistants depuis son entr\u00e9e en vigueur.","og_url":"https:\/\/www.latribunedufaso.net\/?p=14350","og_site_name":"La Tribune du Faso","article_publisher":"https:\/\/www.facebook.com\/LatribuneduFaso\/","article_published_time":"2024-06-17T09:38:21+00:00","og_image":[{"width":720,"height":474,"url":"https:\/\/www.latribunedufaso.net\/wp-content\/uploads\/2024\/06\/FB_IMG_1718617024959.jpg","type":"image\/jpeg"}],"author":"Issouf Tapsoba","twitter_misc":{"\u00c9crit par":"Issouf Tapsoba","Dur\u00e9e de lecture estim\u00e9e":"1 minute"},"schema":{"@context":"https:\/\/schema.org","@graph":[{"@type":"Article","@id":"https:\/\/www.latribunedufaso.net\/?p=14350#article","isPartOf":{"@id":"https:\/\/www.latribunedufaso.net\/?p=14350"},"author":{"name":"Issouf Tapsoba","@id":"https:\/\/www.latribunedufaso.net\/#\/schema\/person\/e54e64c5778a7e72cf80a318b7a622b0"},"headline":"\u00c9ducation : La strat\u00e9gie nationale pour l\u2019\u00e9ducation d\u2019urgence en r\u00e9\u00e9criture\u00a0","datePublished":"2024-06-17T09:38:21+00:00","mainEntityOfPage":{"@id":"https:\/\/www.latribunedufaso.net\/?p=14350"},"wordCount":235,"commentCount":0,"publisher":{"@id":"https:\/\/www.latribunedufaso.net\/#organization"},"image":{"@id":"https:\/\/www.latribunedufaso.net\/?p=14350#primaryimage"},"thumbnailUrl":"https:\/\/www.latribunedufaso.net\/wp-content\/uploads\/2024\/06\/FB_IMG_1718617024959.jpg","articleSection":["A la une","Actualit\u00e9","\u00c9ducation"],"inLanguage":"fr-FR","potentialAction":[{"@type":"CommentAction","name":"Comment","target":["https:\/\/www.latribunedufaso.net\/?p=14350#respond"]}]},{"@type":"WebPage","@id":"https:\/\/www.latribunedufaso.net\/?p=14350","url":"https:\/\/www.latribunedufaso.net\/?p=14350","name":"\u00c9ducation : La strat\u00e9gie nationale pour l\u2019\u00e9ducation d\u2019urgence en r\u00e9\u00e9criture\u00a0 - La Tribune du Faso","isPartOf":{"@id":"https:\/\/www.latribunedufaso.net\/#website"},"primaryImageOfPage":{"@id":"https:\/\/www.latribunedufaso.net\/?p=14350#primaryimage"},"image":{"@id":"https:\/\/www.latribunedufaso.net\/?p=14350#primaryimage"},"thumbnailUrl":"https:\/\/www.latribunedufaso.net\/wp-content\/uploads\/2024\/06\/FB_IMG_1718617024959.jpg","datePublished":"2024-06-17T09:38:21+00:00","breadcrumb":{"@id":"https:\/\/www.latribunedufaso.net\/?p=14350#breadcrumb"},"inLanguage":"fr-FR","potentialAction":[{"@type":"ReadAction","target":["https:\/\/www.latribunedufaso.net\/?p=14350"]}]},{"@type":"ImageObject","inLanguage":"fr-FR","@id":"https:\/\/www.latribunedufaso.net\/?p=14350#primaryimage","url":"https:\/\/www.latribunedufaso.net\/wp-content\/uploads\/2024\/06\/FB_IMG_1718617024959.jpg","contentUrl":"https:\/\/www.latribunedufaso.net\/wp-content\/uploads\/2024\/06\/FB_IMG_1718617024959.jpg","width":720,"height":474},{"@type":"BreadcrumbList","@id":"https:\/\/www.latribunedufaso.net\/?p=14350#breadcrumb","itemListElement":[{"@type":"ListItem","position":1,"name":"Accueil","item":"https:\/\/www.latribunedufaso.net\/"},{"@type":"ListItem","position":2,"name":"\u00c9ducation : La strat\u00e9gie nationale pour l\u2019\u00e9ducation d\u2019urgence en r\u00e9\u00e9criture\u00a0"}]},{"@type":"WebSite","@id":"https:\/\/www.latribunedufaso.net\/#website","url":"https:\/\/www.latribunedufaso.net\/","name":"La Tribune du Faso","description":"L&#039;information du monde rural en un clic","publisher":{"@id":"https:\/\/www.latribunedufaso.net\/#organization"},"potentialAction":[{"@type":"SearchAction","target":{"@type":"EntryPoint","urlTemplate":"https:\/\/www.latribunedufaso.net\/?s={search_term_string}"},"query-input":{"@type":"PropertyValueSpecification","valueRequired":true,"valueName":"search_term_string"}}],"inLanguage":"fr-FR"},{"@type":"Organization","@id":"https:\/\/www.latribunedufaso.net\/#organization","name":"La Tribune du Faso","url":"https:\/\/www.latribunedufaso.net\/","logo":{"@type":"ImageObject","inLanguage":"fr-FR","@id":"https:\/\/www.latribunedufaso.net\/#\/schema\/logo\/image\/","url":"https:\/\/www.latribunedufaso.net\/wp-content\/uploads\/2020\/08\/Logo-Tribune-du-Faso-final-scaled.jpg","contentUrl":"https:\/\/www.latribunedufaso.net\/wp-content\/uploads\/2020\/08\/Logo-Tribune-du-Faso-final-scaled.jpg","width":2560,"height":1856,"caption":"La Tribune du Faso"},"image":{"@id":"https:\/\/www.latribunedufaso.net\/#\/schema\/logo\/image\/"},"sameAs":["https:\/\/www.facebook.com\/LatribuneduFaso\/"]},{"@type":"Person","@id":"https:\/\/www.latribunedufaso.net\/#\/schema\/person\/e54e64c5778a7e72cf80a318b7a622b0","name":"Issouf Tapsoba","image":{"@type":"ImageObject","inLanguage":"fr-FR","@id":"https:\/\/secure.gravatar.com\/avatar\/5e6c05150ce3230247d167f5b94d678eb05936197436d69b7921e3a95c9107ac?s=96&d=mm&r=g","url":"https:\/\/secure.gravatar.com\/avatar\/5e6c05150ce3230247d167f5b94d678eb05936197436d69b7921e3a95c9107ac?s=96&d=mm&r=g","contentUrl":"https:\/\/secure.gravatar.com\/avatar\/5e6c05150ce3230247d167f5b94d678eb05936197436d69b7921e3a95c9107ac?s=96&d=mm&r=g","caption":"Issouf Tapsoba"},"url":"https:\/\/www.latribunedufaso.net\/?author=5"}]}},"_links":{"self":[{"href":"https:\/\/www.latribunedufaso.net\/index.php?rest_route=\/wp\/v2\/posts\/14350","targetHints":{"allow":["GET"]}}],"collection":[{"href":"https:\/\/www.latribunedufaso.net\/index.php?rest_route=\/wp\/v2\/posts"}],"about":[{"href":"https:\/\/www.latribunedufaso.net\/index.php?rest_route=\/wp\/v2\/types\/post"}],"author":[{"embeddable":true,"href":"https:\/\/www.latribunedufaso.net\/index.php?rest_route=\/wp\/v2\/users\/5"}],"replies":[{"embeddable":true,"href":"https:\/\/www.latribunedufaso.net\/index.php?rest_route=%2Fwp%2Fv2%2Fcomments&post=14350"}],"version-history":[{"count":1,"href":"https:\/\/www.latribunedufaso.net\/index.php?rest_route=\/wp\/v2\/posts\/14350\/revisions"}],"predecessor-version":[{"id":14354,"href":"https:\/\/www.latribunedufaso.net\/index.php?rest_route=\/wp\/v2\/posts\/14350\/revisions\/14354"}],"wp:featuredmedia":[{"embeddable":true,"href":"https:\/\/www.latribunedufaso.net\/index.php?rest_route=\/wp\/v2\/media\/14353"}],"wp:attachment":[{"href":"https:\/\/www.latribunedufaso.net\/index.php?rest_route=%2Fwp%2Fv2%2Fmedia&parent=14350"}],"wp:term":[{"taxonomy":"category","embeddable":true,"href":"https:\/\/www.latribunedufaso.net\/index.php?rest_route=%2Fwp%2Fv2%2Fcategories&post=14350"},{"taxonomy":"post_tag","embeddable":true,"href":"https:\/\/www.latribunedufaso.net\/index.php?rest_route=%2Fwp%2Fv2%2Ftags&post=14350"}],"curies":[{"name":"wp","href":"https:\/\/api.w.org\/{rel}","templated":true}]}}