{"id":14244,"date":"2024-06-12T15:21:52","date_gmt":"2024-06-12T15:21:52","guid":{"rendered":"https:\/\/www.latribunedufaso.net\/?p=14244"},"modified":"2024-06-12T15:21:52","modified_gmt":"2024-06-12T15:21:52","slug":"1ere-session-ordinaire-2024-du-ctc-ip-les-acteurs-font-le-bilan-de-2023-et-examinent-les-perspectives-de-2024","status":"publish","type":"post","link":"https:\/\/www.latribunedufaso.net\/?p=14244","title":{"rendered":"1\u00e8re session ordinaire 2024 du CTC-IP : Les acteurs font le bilan de 2023 et examinent les perspectives de 2024"},"content":{"rendered":"<p><strong style=\"font-size: 1.0625rem;\">Le mercredi 12 juin 2024 \u00e0 Ouagadougou, a eu lieu la premi\u00e8re session ordinaire de l\u2019ann\u00e9e 2024 du Cadre technique de concertation de l\u2019initiative pr\u00e9sidentielle \u00ab assurer \u00e0 chaque enfant en \u00e2ge scolaire au moins un repas \u00e9quilibr\u00e9 par jour \u00bb (CTC-IP).<\/strong><\/p>\n<p><!--more--><\/p>\n<p>Pr\u00e9sid\u00e9 par le Secr\u00e9taire g\u00e9n\u00e9ral de la primature, Abdoul Salam Gampin\u00e9, par ailleurs pr\u00e9sident du cadre technique de concertation de l\u2019Initiative Pr\u00e9sidentielle, le CTC-IP est une initiative multisectorielle couvrant la p\u00e9riode 2021-2025 et qui se traduit comme un engagement du chef de l\u2019Etat \u00e0 am\u00e9liorer la situation alimentaire et nutritionnelle chez les enfants en \u00e2ge scolaire ainsi que les revenus des m\u00e9nages en situation de pr\u00e9carit\u00e9.<\/p>\n<figure id=\"attachment_14247\" aria-describedby=\"caption-attachment-14247\" style=\"width: 300px\" class=\"wp-caption alignleft\"><a href=\"https:\/\/www.latribunedufaso.net\/wp-content\/uploads\/2024\/06\/IMG-20240612-WA0065.jpg\"><img loading=\"lazy\" decoding=\"async\" class=\"size-medium wp-image-14247\" src=\"https:\/\/www.latribunedufaso.net\/wp-content\/uploads\/2024\/06\/IMG-20240612-WA0065-300x225.jpg\" alt=\"\" width=\"300\" height=\"225\" srcset=\"https:\/\/www.latribunedufaso.net\/wp-content\/uploads\/2024\/06\/IMG-20240612-WA0065-300x225.jpg 300w, https:\/\/www.latribunedufaso.net\/wp-content\/uploads\/2024\/06\/IMG-20240612-WA0065-1024x768.jpg 1024w, https:\/\/www.latribunedufaso.net\/wp-content\/uploads\/2024\/06\/IMG-20240612-WA0065-768x576.jpg 768w, https:\/\/www.latribunedufaso.net\/wp-content\/uploads\/2024\/06\/IMG-20240612-WA0065.jpg 1280w\" sizes=\"auto, (max-width: 300px) 100vw, 300px\" \/><\/a><figcaption id=\"caption-attachment-14247\" class=\"wp-caption-text\">Le pr\u00e9sident du cadre technique de concertation de l&rsquo;Initiative Pr\u00e9sidentielle, Abdoul Salam Gampin\u00e9<\/figcaption><\/figure>\n<p>Aussi, l\u2019initiative vise \u00e0 am\u00e9liorer entre autres, la disponibilit\u00e9 des denr\u00e9es alimentaires et leur v\u00e9ritable insertion dans les march\u00e9s d\u2019approvisionnement des cantines scolaires ; l\u2019\u00e9tat nutritionnel des enfants en \u00e2ge scolaire ; les revenus des m\u00e9nages vuln\u00e9rables et la gouvernance des cantines scolaires.<\/p>\n<figure id=\"attachment_14248\" aria-describedby=\"caption-attachment-14248\" style=\"width: 300px\" class=\"wp-caption alignleft\"><a href=\"https:\/\/www.latribunedufaso.net\/wp-content\/uploads\/2024\/06\/IMG-20240612-WA0064.jpg\"><img loading=\"lazy\" decoding=\"async\" class=\"size-medium wp-image-14248\" src=\"https:\/\/www.latribunedufaso.net\/wp-content\/uploads\/2024\/06\/IMG-20240612-WA0064-300x225.jpg\" alt=\"\" width=\"300\" height=\"225\" srcset=\"https:\/\/www.latribunedufaso.net\/wp-content\/uploads\/2024\/06\/IMG-20240612-WA0064-300x225.jpg 300w, https:\/\/www.latribunedufaso.net\/wp-content\/uploads\/2024\/06\/IMG-20240612-WA0064-1024x768.jpg 1024w, https:\/\/www.latribunedufaso.net\/wp-content\/uploads\/2024\/06\/IMG-20240612-WA0064-768x576.jpg 768w, https:\/\/www.latribunedufaso.net\/wp-content\/uploads\/2024\/06\/IMG-20240612-WA0064.jpg 1280w\" sizes=\"auto, (max-width: 300px) 100vw, 300px\" \/><\/a><figcaption id=\"caption-attachment-14248\" class=\"wp-caption-text\">La secr\u00e9taire permanente de l&rsquo;initiative, Dr Alice Gis\u00e8le Sidib\u00e9<\/figcaption><\/figure>\n<p>Pour la Secr\u00e9taire permanente de l\u2019initiative, Dr Alice Gis\u00e8le Sidib\u00e9, l\u2019initiative qui est port\u00e9e \u00e0 ce jour par environ 14 minist\u00e8res avance \u00e0 travers ses diff\u00e9rents points focaux. \u00ab Il y a des zones dans lesquelles les \u00e9l\u00e8ves n\u2019avaient pas ce privil\u00e8ge de manger \u00e0 l\u2019\u00e9cole et ils mangent aujourd\u2019hui gr\u00e2ce \u00e0 l\u2019aspect endog\u00e9n\u00e9\u00eft\u00e9 de l\u2019initiative qui a suscit\u00e9 une prise de conscience des parents dans plusieurs localit\u00e9s du Burkina qui, eux-m\u00eames, assurent l\u2019alimentation des enfants \u00bb, a-t-elle expliqu\u00e9.<\/p>\n<p>Le pr\u00e9sident de ladite session, Abdoul Salam Gampin\u00e9, par ailleurs pr\u00e9sident du cadre technique de concertation de l\u2019Initiative Pr\u00e9sidentielle, a pr\u00e9cis\u00e9 dans son discours, que les actions men\u00e9es en vue de l\u2019aspect d&rsquo;endog\u00e9n\u00e9\u00efsation de l\u2019initiative ne signifient pas qu\u2019elle n\u2019aura plus besoins des partenaires techniques et financiers \u00bb. Elles vont plut\u00f4t, soutient-il, faire en sorte que \u00ab nous puissions compter sur nous-m\u00eame et l\u2019apport des partenaires techniques et financiers vient en appui \u00bb.<\/p>\n<p>L\u2019examen des diff\u00e9rents points de l\u2019ordre du jour se d\u00e9roulera en pl\u00e9ni\u00e8re et l\u2019animation se fera \u00e0 travers 4 communications suivies d\u2019\u00e9changes.<\/p>\n<figure id=\"attachment_14249\" aria-describedby=\"caption-attachment-14249\" style=\"width: 300px\" class=\"wp-caption alignleft\"><a href=\"https:\/\/www.latribunedufaso.net\/wp-content\/uploads\/2024\/06\/IMG-20240612-WA0063.jpg\"><img loading=\"lazy\" decoding=\"async\" class=\"size-medium wp-image-14249\" src=\"https:\/\/www.latribunedufaso.net\/wp-content\/uploads\/2024\/06\/IMG-20240612-WA0063-300x225.jpg\" alt=\"\" width=\"300\" height=\"225\" srcset=\"https:\/\/www.latribunedufaso.net\/wp-content\/uploads\/2024\/06\/IMG-20240612-WA0063-300x225.jpg 300w, https:\/\/www.latribunedufaso.net\/wp-content\/uploads\/2024\/06\/IMG-20240612-WA0063-1024x768.jpg 1024w, https:\/\/www.latribunedufaso.net\/wp-content\/uploads\/2024\/06\/IMG-20240612-WA0063-768x576.jpg 768w, https:\/\/www.latribunedufaso.net\/wp-content\/uploads\/2024\/06\/IMG-20240612-WA0063.jpg 1280w\" sizes=\"auto, (max-width: 300px) 100vw, 300px\" \/><\/a><figcaption id=\"caption-attachment-14249\" class=\"wp-caption-text\">Le Repr\u00e9sentant des PTF, Antonio Salort-Pons<\/figcaption><\/figure>\n<p>Ainsi, en plus de l\u2019objectif g\u00e9n\u00e9ral qu\u2019est faire le bilan de 2023 et examiner les perspectives de 2024, la session se d\u00e9roulera d\u2019abord autour des communications sur la mise en \u0153uvre des recommandations de la session du CTC et des orientations du COS. Ensuite, il s\u2019agira d\u2019examiner l\u2019\u00e9tat de mise en \u0153uvre de la feuille de route de l\u2019Initiative pr\u00e9sidentielle au 31 d\u00e9cembre 2023 et de la feuille de route 2024 de l\u2019IP. Enfin, les participants au CTC-IP devront formuler des recommandations pour une bonne ex\u00e9cution de l\u2019Initiative.<\/p>\n<p>Les Nations Unies, \u00e0 travers le Programme alimentaire mondial (PAM), soutiennent l\u2019initiative pr\u00e9sidentielle. A \u00e9couter, le directeur adjoint pour les op\u00e9rations au PAM, Antonio Salort-Pons, les USA collaborent avec l\u2019Initiative Pr\u00e9sidentielle en s\u2019assurant que la production agricole, la formation des agriculteurs et enseignants soient des priorit\u00e9s pour permettre \u00e0 chaque enfant d\u2019avoir au moins un repas \u00e9quilibr\u00e9.<\/p>\n<p><a href=\"https:\/\/www.latribunedufaso.net\/wp-content\/uploads\/2024\/06\/IMG-20240612-WA0068.jpg\"><img loading=\"lazy\" decoding=\"async\" class=\"size-medium wp-image-14250 alignleft\" src=\"https:\/\/www.latribunedufaso.net\/wp-content\/uploads\/2024\/06\/IMG-20240612-WA0068-300x225.jpg\" alt=\"\" width=\"300\" height=\"225\" srcset=\"https:\/\/www.latribunedufaso.net\/wp-content\/uploads\/2024\/06\/IMG-20240612-WA0068-300x225.jpg 300w, https:\/\/www.latribunedufaso.net\/wp-content\/uploads\/2024\/06\/IMG-20240612-WA0068-1024x768.jpg 1024w, https:\/\/www.latribunedufaso.net\/wp-content\/uploads\/2024\/06\/IMG-20240612-WA0068-768x576.jpg 768w, https:\/\/www.latribunedufaso.net\/wp-content\/uploads\/2024\/06\/IMG-20240612-WA0068.jpg 1280w\" sizes=\"auto, (max-width: 300px) 100vw, 300px\" \/><\/a>A l&rsquo;issue de cette rencontre, le pr\u00e9sident de ladite session, Abdoul Salam Gampin\u00e9 a par ailleurs f\u00e9licit\u00e9 la SP, Dr Alice Gis\u00e8le Sidib\u00e9 pour son \u00ab leadership et dynamisme \u00bb et \u00e0 travers elle toute l\u2019\u00e9quipe pour le travail \u00ab formidable \u00bb qui a \u00e9t\u00e9 fait parce que depuis sa prise de fonction, ils sont au four et au moulin pour que les objectifs de l\u2019initiative soient atteints.<\/p>\n<p>De plus, il a au nom du chef de l\u2019Etat et du Premier Ministre, remerci\u00e9 les partenaires techniques et financiers qui les accompagnent dans la mise en \u0153uvre de l\u2019initiative. \u00ab J\u2019\u00e9mets le v\u0153ux que le document sur lequel va porter les travaux soit examin\u00e9 avec la plus haute attention \u00bb, a-t-il conclu.<\/p>\n<p><a href=\"https:\/\/www.latribunedufaso.net\/wp-content\/uploads\/2024\/06\/IMG-20240612-WA0066.jpg\"><img loading=\"lazy\" decoding=\"async\" class=\"size-medium wp-image-14246 alignleft\" src=\"https:\/\/www.latribunedufaso.net\/wp-content\/uploads\/2024\/06\/IMG-20240612-WA0066-300x225.jpg\" alt=\"\" width=\"300\" height=\"225\" srcset=\"https:\/\/www.latribunedufaso.net\/wp-content\/uploads\/2024\/06\/IMG-20240612-WA0066-300x225.jpg 300w, https:\/\/www.latribunedufaso.net\/wp-content\/uploads\/2024\/06\/IMG-20240612-WA0066-1024x768.jpg 1024w, https:\/\/www.latribunedufaso.net\/wp-content\/uploads\/2024\/06\/IMG-20240612-WA0066-768x576.jpg 768w, https:\/\/www.latribunedufaso.net\/wp-content\/uploads\/2024\/06\/IMG-20240612-WA0066.jpg 1280w\" sizes=\"auto, (max-width: 300px) 100vw, 300px\" \/><\/a>Faut-il le rappeler, des organes de gouvernance ont \u00e9t\u00e9 mis en \u0153uvre pour op\u00e9rationnaliser l\u2019initiative pr\u00e9sidentielle. Ce sont : le Conseil d\u2019Orientation Strat\u00e9gique (COS), le Cadre Technique de Concertation (CTC) et le Secr\u00e9tariat Permanent de l\u2019Initiative Pr\u00e9sidentielle (SP-IP) appuy\u00e9 par des points focaux au niveau minist\u00e9riel.<\/p>\n<p><strong>Nabintou Ouattara\u00a0<\/strong><\/p>\n<p><strong><span style=\"font-size: 1.0625rem;\">Latribunedufaso.net<\/span><\/strong><\/p>\n","protected":false},"excerpt":{"rendered":"<p>Le mercredi 12 juin 2024 \u00e0 Ouagadougou, a eu lieu la premi\u00e8re session ordinaire de l\u2019ann\u00e9e 2024 du Cadre technique de concertation de l\u2019initiative pr\u00e9sidentielle \u00ab assurer \u00e0 chaque enfant en \u00e2ge scolaire au moins un repas \u00e9quilibr\u00e9 par jour \u00bb (CTC-IP).<\/p>\n","protected":false},"author":5,"featured_media":14245,"comment_status":"open","ping_status":"open","sticky":false,"template":"","format":"standard","meta":{"footnotes":""},"categories":[13,1,8],"tags":[],"class_list":["post-14244","post","type-post","status-publish","format-standard","has-post-thumbnail","hentry","category-une","category-actu","category-societe"],"yoast_head":"<!-- This site is optimized with the Yoast SEO plugin v27.4 - https:\/\/yoast.com\/product\/yoast-seo-wordpress\/ -->\n<title>1\u00e8re session ordinaire 2024 du CTC-IP : Les acteurs font le bilan de 2023 et examinent les perspectives de 2024 - La Tribune du Faso<\/title>\n<meta name=\"robots\" content=\"index, follow, max-snippet:-1, max-image-preview:large, max-video-preview:-1\" \/>\n<link rel=\"canonical\" href=\"https:\/\/www.latribunedufaso.net\/?p=14244\" \/>\n<meta property=\"og:locale\" content=\"fr_FR\" \/>\n<meta property=\"og:type\" content=\"article\" \/>\n<meta property=\"og:title\" content=\"1\u00e8re session ordinaire 2024 du CTC-IP : Les acteurs font le bilan de 2023 et examinent les perspectives de 2024 - La Tribune du Faso\" \/>\n<meta property=\"og:description\" content=\"Le mercredi 12 juin 2024 \u00e0 Ouagadougou, a eu lieu la premi\u00e8re session ordinaire de l\u2019ann\u00e9e 2024 du Cadre technique de concertation de l\u2019initiative pr\u00e9sidentielle \u00ab assurer \u00e0 chaque enfant en \u00e2ge scolaire au moins un repas \u00e9quilibr\u00e9 par jour \u00bb (CTC-IP).\" \/>\n<meta property=\"og:url\" content=\"https:\/\/www.latribunedufaso.net\/?p=14244\" \/>\n<meta property=\"og:site_name\" content=\"La Tribune du Faso\" \/>\n<meta property=\"article:publisher\" content=\"https:\/\/www.facebook.com\/LatribuneduFaso\/\" \/>\n<meta property=\"article:published_time\" content=\"2024-06-12T15:21:52+00:00\" \/>\n<meta property=\"og:image\" content=\"https:\/\/www.latribunedufaso.net\/wp-content\/uploads\/2024\/06\/IMG-20240612-WA0067.jpg\" \/>\n\t<meta property=\"og:image:width\" content=\"1280\" \/>\n\t<meta property=\"og:image:height\" content=\"960\" \/>\n\t<meta property=\"og:image:type\" content=\"image\/jpeg\" \/>\n<meta name=\"author\" content=\"Issouf Tapsoba\" \/>\n<meta name=\"twitter:label1\" content=\"\u00c9crit par\" \/>\n\t<meta name=\"twitter:data1\" content=\"Issouf Tapsoba\" \/>\n\t<meta name=\"twitter:label2\" content=\"Dur\u00e9e de lecture estim\u00e9e\" \/>\n\t<meta name=\"twitter:data2\" content=\"4 minutes\" \/>\n<script type=\"application\/ld+json\" class=\"yoast-schema-graph\">{\"@context\":\"https:\\\/\\\/schema.org\",\"@graph\":[{\"@type\":\"Article\",\"@id\":\"https:\\\/\\\/www.latribunedufaso.net\\\/?p=14244#article\",\"isPartOf\":{\"@id\":\"https:\\\/\\\/www.latribunedufaso.net\\\/?p=14244\"},\"author\":{\"name\":\"Issouf Tapsoba\",\"@id\":\"https:\\\/\\\/www.latribunedufaso.net\\\/#\\\/schema\\\/person\\\/e54e64c5778a7e72cf80a318b7a622b0\"},\"headline\":\"1\u00e8re session ordinaire 2024 du CTC-IP : Les acteurs font le bilan de 2023 et examinent les perspectives de 2024\",\"datePublished\":\"2024-06-12T15:21:52+00:00\",\"mainEntityOfPage\":{\"@id\":\"https:\\\/\\\/www.latribunedufaso.net\\\/?p=14244\"},\"wordCount\":787,\"commentCount\":0,\"publisher\":{\"@id\":\"https:\\\/\\\/www.latribunedufaso.net\\\/#organization\"},\"image\":{\"@id\":\"https:\\\/\\\/www.latribunedufaso.net\\\/?p=14244#primaryimage\"},\"thumbnailUrl\":\"https:\\\/\\\/www.latribunedufaso.net\\\/wp-content\\\/uploads\\\/2024\\\/06\\\/IMG-20240612-WA0067.jpg\",\"articleSection\":[\"A la une\",\"Actualit\u00e9\",\"Soci\u00e9t\u00e9\"],\"inLanguage\":\"fr-FR\",\"potentialAction\":[{\"@type\":\"CommentAction\",\"name\":\"Comment\",\"target\":[\"https:\\\/\\\/www.latribunedufaso.net\\\/?p=14244#respond\"]}]},{\"@type\":\"WebPage\",\"@id\":\"https:\\\/\\\/www.latribunedufaso.net\\\/?p=14244\",\"url\":\"https:\\\/\\\/www.latribunedufaso.net\\\/?p=14244\",\"name\":\"1\u00e8re session ordinaire 2024 du CTC-IP : Les acteurs font le bilan de 2023 et examinent les perspectives de 2024 - La Tribune du Faso\",\"isPartOf\":{\"@id\":\"https:\\\/\\\/www.latribunedufaso.net\\\/#website\"},\"primaryImageOfPage\":{\"@id\":\"https:\\\/\\\/www.latribunedufaso.net\\\/?p=14244#primaryimage\"},\"image\":{\"@id\":\"https:\\\/\\\/www.latribunedufaso.net\\\/?p=14244#primaryimage\"},\"thumbnailUrl\":\"https:\\\/\\\/www.latribunedufaso.net\\\/wp-content\\\/uploads\\\/2024\\\/06\\\/IMG-20240612-WA0067.jpg\",\"datePublished\":\"2024-06-12T15:21:52+00:00\",\"breadcrumb\":{\"@id\":\"https:\\\/\\\/www.latribunedufaso.net\\\/?p=14244#breadcrumb\"},\"inLanguage\":\"fr-FR\",\"potentialAction\":[{\"@type\":\"ReadAction\",\"target\":[\"https:\\\/\\\/www.latribunedufaso.net\\\/?p=14244\"]}]},{\"@type\":\"ImageObject\",\"inLanguage\":\"fr-FR\",\"@id\":\"https:\\\/\\\/www.latribunedufaso.net\\\/?p=14244#primaryimage\",\"url\":\"https:\\\/\\\/www.latribunedufaso.net\\\/wp-content\\\/uploads\\\/2024\\\/06\\\/IMG-20240612-WA0067.jpg\",\"contentUrl\":\"https:\\\/\\\/www.latribunedufaso.net\\\/wp-content\\\/uploads\\\/2024\\\/06\\\/IMG-20240612-WA0067.jpg\",\"width\":1280,\"height\":960},{\"@type\":\"BreadcrumbList\",\"@id\":\"https:\\\/\\\/www.latribunedufaso.net\\\/?p=14244#breadcrumb\",\"itemListElement\":[{\"@type\":\"ListItem\",\"position\":1,\"name\":\"Accueil\",\"item\":\"https:\\\/\\\/www.latribunedufaso.net\\\/\"},{\"@type\":\"ListItem\",\"position\":2,\"name\":\"1\u00e8re session ordinaire 2024 du CTC-IP : Les acteurs font le bilan de 2023 et examinent les perspectives de 2024\"}]},{\"@type\":\"WebSite\",\"@id\":\"https:\\\/\\\/www.latribunedufaso.net\\\/#website\",\"url\":\"https:\\\/\\\/www.latribunedufaso.net\\\/\",\"name\":\"La Tribune du Faso\",\"description\":\"L&#039;information du monde rural en un clic\",\"publisher\":{\"@id\":\"https:\\\/\\\/www.latribunedufaso.net\\\/#organization\"},\"potentialAction\":[{\"@type\":\"SearchAction\",\"target\":{\"@type\":\"EntryPoint\",\"urlTemplate\":\"https:\\\/\\\/www.latribunedufaso.net\\\/?s={search_term_string}\"},\"query-input\":{\"@type\":\"PropertyValueSpecification\",\"valueRequired\":true,\"valueName\":\"search_term_string\"}}],\"inLanguage\":\"fr-FR\"},{\"@type\":\"Organization\",\"@id\":\"https:\\\/\\\/www.latribunedufaso.net\\\/#organization\",\"name\":\"La Tribune du Faso\",\"url\":\"https:\\\/\\\/www.latribunedufaso.net\\\/\",\"logo\":{\"@type\":\"ImageObject\",\"inLanguage\":\"fr-FR\",\"@id\":\"https:\\\/\\\/www.latribunedufaso.net\\\/#\\\/schema\\\/logo\\\/image\\\/\",\"url\":\"https:\\\/\\\/www.latribunedufaso.net\\\/wp-content\\\/uploads\\\/2020\\\/08\\\/Logo-Tribune-du-Faso-final-scaled.jpg\",\"contentUrl\":\"https:\\\/\\\/www.latribunedufaso.net\\\/wp-content\\\/uploads\\\/2020\\\/08\\\/Logo-Tribune-du-Faso-final-scaled.jpg\",\"width\":2560,\"height\":1856,\"caption\":\"La Tribune du Faso\"},\"image\":{\"@id\":\"https:\\\/\\\/www.latribunedufaso.net\\\/#\\\/schema\\\/logo\\\/image\\\/\"},\"sameAs\":[\"https:\\\/\\\/www.facebook.com\\\/LatribuneduFaso\\\/\"]},{\"@type\":\"Person\",\"@id\":\"https:\\\/\\\/www.latribunedufaso.net\\\/#\\\/schema\\\/person\\\/e54e64c5778a7e72cf80a318b7a622b0\",\"name\":\"Issouf Tapsoba\",\"image\":{\"@type\":\"ImageObject\",\"inLanguage\":\"fr-FR\",\"@id\":\"https:\\\/\\\/secure.gravatar.com\\\/avatar\\\/5e6c05150ce3230247d167f5b94d678eb05936197436d69b7921e3a95c9107ac?s=96&d=mm&r=g\",\"url\":\"https:\\\/\\\/secure.gravatar.com\\\/avatar\\\/5e6c05150ce3230247d167f5b94d678eb05936197436d69b7921e3a95c9107ac?s=96&d=mm&r=g\",\"contentUrl\":\"https:\\\/\\\/secure.gravatar.com\\\/avatar\\\/5e6c05150ce3230247d167f5b94d678eb05936197436d69b7921e3a95c9107ac?s=96&d=mm&r=g\",\"caption\":\"Issouf Tapsoba\"},\"url\":\"https:\\\/\\\/www.latribunedufaso.net\\\/?author=5\"}]}<\/script>\n<!-- \/ Yoast SEO plugin. -->","yoast_head_json":{"title":"1\u00e8re session ordinaire 2024 du CTC-IP : Les acteurs font le bilan de 2023 et examinent les perspectives de 2024 - La Tribune du Faso","robots":{"index":"index","follow":"follow","max-snippet":"max-snippet:-1","max-image-preview":"max-image-preview:large","max-video-preview":"max-video-preview:-1"},"canonical":"https:\/\/www.latribunedufaso.net\/?p=14244","og_locale":"fr_FR","og_type":"article","og_title":"1\u00e8re session ordinaire 2024 du CTC-IP : Les acteurs font le bilan de 2023 et examinent les perspectives de 2024 - La Tribune du Faso","og_description":"Le mercredi 12 juin 2024 \u00e0 Ouagadougou, a eu lieu la premi\u00e8re session ordinaire de l\u2019ann\u00e9e 2024 du Cadre technique de concertation de l\u2019initiative pr\u00e9sidentielle \u00ab assurer \u00e0 chaque enfant en \u00e2ge scolaire au moins un repas \u00e9quilibr\u00e9 par jour \u00bb (CTC-IP).","og_url":"https:\/\/www.latribunedufaso.net\/?p=14244","og_site_name":"La Tribune du Faso","article_publisher":"https:\/\/www.facebook.com\/LatribuneduFaso\/","article_published_time":"2024-06-12T15:21:52+00:00","og_image":[{"width":1280,"height":960,"url":"https:\/\/www.latribunedufaso.net\/wp-content\/uploads\/2024\/06\/IMG-20240612-WA0067.jpg","type":"image\/jpeg"}],"author":"Issouf Tapsoba","twitter_misc":{"\u00c9crit par":"Issouf Tapsoba","Dur\u00e9e de lecture estim\u00e9e":"4 minutes"},"schema":{"@context":"https:\/\/schema.org","@graph":[{"@type":"Article","@id":"https:\/\/www.latribunedufaso.net\/?p=14244#article","isPartOf":{"@id":"https:\/\/www.latribunedufaso.net\/?p=14244"},"author":{"name":"Issouf Tapsoba","@id":"https:\/\/www.latribunedufaso.net\/#\/schema\/person\/e54e64c5778a7e72cf80a318b7a622b0"},"headline":"1\u00e8re session ordinaire 2024 du CTC-IP : Les acteurs font le bilan de 2023 et examinent les perspectives de 2024","datePublished":"2024-06-12T15:21:52+00:00","mainEntityOfPage":{"@id":"https:\/\/www.latribunedufaso.net\/?p=14244"},"wordCount":787,"commentCount":0,"publisher":{"@id":"https:\/\/www.latribunedufaso.net\/#organization"},"image":{"@id":"https:\/\/www.latribunedufaso.net\/?p=14244#primaryimage"},"thumbnailUrl":"https:\/\/www.latribunedufaso.net\/wp-content\/uploads\/2024\/06\/IMG-20240612-WA0067.jpg","articleSection":["A la une","Actualit\u00e9","Soci\u00e9t\u00e9"],"inLanguage":"fr-FR","potentialAction":[{"@type":"CommentAction","name":"Comment","target":["https:\/\/www.latribunedufaso.net\/?p=14244#respond"]}]},{"@type":"WebPage","@id":"https:\/\/www.latribunedufaso.net\/?p=14244","url":"https:\/\/www.latribunedufaso.net\/?p=14244","name":"1\u00e8re session ordinaire 2024 du CTC-IP : Les acteurs font le bilan de 2023 et examinent les perspectives de 2024 - La Tribune du Faso","isPartOf":{"@id":"https:\/\/www.latribunedufaso.net\/#website"},"primaryImageOfPage":{"@id":"https:\/\/www.latribunedufaso.net\/?p=14244#primaryimage"},"image":{"@id":"https:\/\/www.latribunedufaso.net\/?p=14244#primaryimage"},"thumbnailUrl":"https:\/\/www.latribunedufaso.net\/wp-content\/uploads\/2024\/06\/IMG-20240612-WA0067.jpg","datePublished":"2024-06-12T15:21:52+00:00","breadcrumb":{"@id":"https:\/\/www.latribunedufaso.net\/?p=14244#breadcrumb"},"inLanguage":"fr-FR","potentialAction":[{"@type":"ReadAction","target":["https:\/\/www.latribunedufaso.net\/?p=14244"]}]},{"@type":"ImageObject","inLanguage":"fr-FR","@id":"https:\/\/www.latribunedufaso.net\/?p=14244#primaryimage","url":"https:\/\/www.latribunedufaso.net\/wp-content\/uploads\/2024\/06\/IMG-20240612-WA0067.jpg","contentUrl":"https:\/\/www.latribunedufaso.net\/wp-content\/uploads\/2024\/06\/IMG-20240612-WA0067.jpg","width":1280,"height":960},{"@type":"BreadcrumbList","@id":"https:\/\/www.latribunedufaso.net\/?p=14244#breadcrumb","itemListElement":[{"@type":"ListItem","position":1,"name":"Accueil","item":"https:\/\/www.latribunedufaso.net\/"},{"@type":"ListItem","position":2,"name":"1\u00e8re session ordinaire 2024 du CTC-IP : Les acteurs font le bilan de 2023 et examinent les perspectives de 2024"}]},{"@type":"WebSite","@id":"https:\/\/www.latribunedufaso.net\/#website","url":"https:\/\/www.latribunedufaso.net\/","name":"La Tribune du Faso","description":"L&#039;information du monde rural en un clic","publisher":{"@id":"https:\/\/www.latribunedufaso.net\/#organization"},"potentialAction":[{"@type":"SearchAction","target":{"@type":"EntryPoint","urlTemplate":"https:\/\/www.latribunedufaso.net\/?s={search_term_string}"},"query-input":{"@type":"PropertyValueSpecification","valueRequired":true,"valueName":"search_term_string"}}],"inLanguage":"fr-FR"},{"@type":"Organization","@id":"https:\/\/www.latribunedufaso.net\/#organization","name":"La Tribune du Faso","url":"https:\/\/www.latribunedufaso.net\/","logo":{"@type":"ImageObject","inLanguage":"fr-FR","@id":"https:\/\/www.latribunedufaso.net\/#\/schema\/logo\/image\/","url":"https:\/\/www.latribunedufaso.net\/wp-content\/uploads\/2020\/08\/Logo-Tribune-du-Faso-final-scaled.jpg","contentUrl":"https:\/\/www.latribunedufaso.net\/wp-content\/uploads\/2020\/08\/Logo-Tribune-du-Faso-final-scaled.jpg","width":2560,"height":1856,"caption":"La Tribune du Faso"},"image":{"@id":"https:\/\/www.latribunedufaso.net\/#\/schema\/logo\/image\/"},"sameAs":["https:\/\/www.facebook.com\/LatribuneduFaso\/"]},{"@type":"Person","@id":"https:\/\/www.latribunedufaso.net\/#\/schema\/person\/e54e64c5778a7e72cf80a318b7a622b0","name":"Issouf Tapsoba","image":{"@type":"ImageObject","inLanguage":"fr-FR","@id":"https:\/\/secure.gravatar.com\/avatar\/5e6c05150ce3230247d167f5b94d678eb05936197436d69b7921e3a95c9107ac?s=96&d=mm&r=g","url":"https:\/\/secure.gravatar.com\/avatar\/5e6c05150ce3230247d167f5b94d678eb05936197436d69b7921e3a95c9107ac?s=96&d=mm&r=g","contentUrl":"https:\/\/secure.gravatar.com\/avatar\/5e6c05150ce3230247d167f5b94d678eb05936197436d69b7921e3a95c9107ac?s=96&d=mm&r=g","caption":"Issouf Tapsoba"},"url":"https:\/\/www.latribunedufaso.net\/?author=5"}]}},"_links":{"self":[{"href":"https:\/\/www.latribunedufaso.net\/index.php?rest_route=\/wp\/v2\/posts\/14244","targetHints":{"allow":["GET"]}}],"collection":[{"href":"https:\/\/www.latribunedufaso.net\/index.php?rest_route=\/wp\/v2\/posts"}],"about":[{"href":"https:\/\/www.latribunedufaso.net\/index.php?rest_route=\/wp\/v2\/types\/post"}],"author":[{"embeddable":true,"href":"https:\/\/www.latribunedufaso.net\/index.php?rest_route=\/wp\/v2\/users\/5"}],"replies":[{"embeddable":true,"href":"https:\/\/www.latribunedufaso.net\/index.php?rest_route=%2Fwp%2Fv2%2Fcomments&post=14244"}],"version-history":[{"count":2,"href":"https:\/\/www.latribunedufaso.net\/index.php?rest_route=\/wp\/v2\/posts\/14244\/revisions"}],"predecessor-version":[{"id":14253,"href":"https:\/\/www.latribunedufaso.net\/index.php?rest_route=\/wp\/v2\/posts\/14244\/revisions\/14253"}],"wp:featuredmedia":[{"embeddable":true,"href":"https:\/\/www.latribunedufaso.net\/index.php?rest_route=\/wp\/v2\/media\/14245"}],"wp:attachment":[{"href":"https:\/\/www.latribunedufaso.net\/index.php?rest_route=%2Fwp%2Fv2%2Fmedia&parent=14244"}],"wp:term":[{"taxonomy":"category","embeddable":true,"href":"https:\/\/www.latribunedufaso.net\/index.php?rest_route=%2Fwp%2Fv2%2Fcategories&post=14244"},{"taxonomy":"post_tag","embeddable":true,"href":"https:\/\/www.latribunedufaso.net\/index.php?rest_route=%2Fwp%2Fv2%2Ftags&post=14244"}],"curies":[{"name":"wp","href":"https:\/\/api.w.org\/{rel}","templated":true}]}}