{"id":14229,"date":"2024-06-12T14:50:36","date_gmt":"2024-06-12T14:50:36","guid":{"rendered":"https:\/\/www.latribunedufaso.net\/?p=14229"},"modified":"2024-06-12T14:50:36","modified_gmt":"2024-06-12T14:50:36","slug":"lutte-contre-le-paludisme-et-la-dengue-la-campagne-nationale-de-destruction-des-gites-larvaires-officiellement-lancee","status":"publish","type":"post","link":"https:\/\/www.latribunedufaso.net\/?p=14229","title":{"rendered":"Lutte contre le paludisme et la dengue : La Campagne nationale de destruction des g\u00eetes larvaires officiellement lanc\u00e9e"},"content":{"rendered":"<p><strong><span style=\"font-size: 1.0625rem;\">Le Mardi 11 juin 2024, \u00e0 Ouagadougou, le ministre de la Sant\u00e9 et de l\u2019Hygi\u00e8ne publique, Dr Robert Kargougou a officiellement lanc\u00e9 les activit\u00e9s de lutte anti-larvaire par les Volontaires nationaux (VN) et Agents de sant\u00e9 \u00e0 base communautaire (ASBC).\u00a0<\/span><\/strong><br \/><!--more--><\/p>\n<p><a href=\"https:\/\/www.latribunedufaso.net\/wp-content\/uploads\/2024\/06\/FB_IMG_1718203649963.jpg\"><img loading=\"lazy\" decoding=\"async\" class=\"size-medium wp-image-14231 alignleft\" src=\"https:\/\/www.latribunedufaso.net\/wp-content\/uploads\/2024\/06\/FB_IMG_1718203649963-300x169.jpg\" alt=\"\" width=\"300\" height=\"169\" srcset=\"https:\/\/www.latribunedufaso.net\/wp-content\/uploads\/2024\/06\/FB_IMG_1718203649963-300x169.jpg 300w, https:\/\/www.latribunedufaso.net\/wp-content\/uploads\/2024\/06\/FB_IMG_1718203649963.jpg 720w\" sizes=\"auto, (max-width: 300px) 100vw, 300px\" \/><\/a>Il \u00e9tait en compagnie du ministre des Sports, de la Jeunesse et de l&rsquo;Emploi, Aboubacar Savadogo, du ministre de l&rsquo;Environnement, de l&rsquo;Eau et de l&rsquo;Assainissement, Roger Baro et du ministre d\u00e9l\u00e9gu\u00e9 charg\u00e9 des Ressources animales, Amadou Dicko.<\/p>\n<p>Cette initiative appel\u00e9e \u00ab One Health \u00bb ou \u00ab une seule sant\u00e9 \u00bb vise essentiellement \u00e0 am\u00e9liorer la pr\u00e9paration et la r\u00e9ponse \u00e0 une \u00e9ventuelle \u00e9pid\u00e9mie de dengue au Burkina Faso en 2024.<\/p>\n<p><a href=\"https:\/\/www.latribunedufaso.net\/wp-content\/uploads\/2024\/06\/FB_IMG_1718203636147.jpg\"><img loading=\"lazy\" decoding=\"async\" class=\"size-medium wp-image-14233 alignleft\" src=\"https:\/\/www.latribunedufaso.net\/wp-content\/uploads\/2024\/06\/FB_IMG_1718203636147-300x169.jpg\" alt=\"\" width=\"300\" height=\"169\" srcset=\"https:\/\/www.latribunedufaso.net\/wp-content\/uploads\/2024\/06\/FB_IMG_1718203636147-300x169.jpg 300w, https:\/\/www.latribunedufaso.net\/wp-content\/uploads\/2024\/06\/FB_IMG_1718203636147.jpg 720w\" sizes=\"auto, (max-width: 300px) 100vw, 300px\" \/><\/a>Selon le ministre Baro, pour changer une situation, il faut agir. C\u2019est dans cette logique que le gouvernement, sous le leadership du Pr\u00e9sident du Faso, chef de l\u2019\u00c9tat, le Capitaine Ibrahim Traor\u00e9, compte agir sur plusieurs plans pour qu\u2019en 2024 la situation puisse changer.\u00a0<\/p>\n<p>Et l&rsquo;un des plans pour cette lutte, c\u2019est de d\u00e9truire ce qui est \u00e0 l\u2019origine, c\u2019est-\u00e0-dire, les moustiques \u00e0 travers la pulv\u00e9risation intra domiciliaire et dans l\u2019espace.\u00a0<\/p>\n<p><a href=\"https:\/\/www.latribunedufaso.net\/wp-content\/uploads\/2024\/06\/FB_IMG_1718203642720.jpg\"><img loading=\"lazy\" decoding=\"async\" class=\"size-medium wp-image-14232 alignleft\" src=\"https:\/\/www.latribunedufaso.net\/wp-content\/uploads\/2024\/06\/FB_IMG_1718203642720-300x169.jpg\" alt=\"\" width=\"300\" height=\"169\" srcset=\"https:\/\/www.latribunedufaso.net\/wp-content\/uploads\/2024\/06\/FB_IMG_1718203642720-300x169.jpg 300w, https:\/\/www.latribunedufaso.net\/wp-content\/uploads\/2024\/06\/FB_IMG_1718203642720.jpg 720w\" sizes=\"auto, (max-width: 300px) 100vw, 300px\" \/><\/a>\u00ab Vous avez souvenance de l\u2019\u00e9pid\u00e9mie de la dengue l\u2019ann\u00e9e derni\u00e8re, nous avons tir\u00e9 des le\u00e7ons. Vous avez \u00e9galement suivi avec nous dans les domiciles. Les propri\u00e9taires de domicile ont ouvert leurs domiciles, Ils ont \u00e9t\u00e9 r\u00e9ceptifs \u00e0 cette approche, ce qui est tr\u00e8s bien et qui rentre en ligne de compte de l\u2019approche que nous appelons l\u2019approche One Health. Nous allons travailler pour assainir notre cadre de vie et au bonheur des populations \u00bb, a-t-il indiqu\u00e9.<\/p>\n<p>La Lutte anti larvaire (LAL) est un pan de la lutte anti-vectorielle qui consiste \u00e0 traiter ou \u00e0 d\u00e9truire les plans d\u2019eau stagnante qui sont des lieux de ponte des moustiques. C\u2019est l\u2019ensemble des mesures prises afin d\u2019emp\u00eacher la larve (stade aquatique) de devenir moustique.\u00a0<\/p>\n<p><a href=\"https:\/\/www.latribunedufaso.net\/wp-content\/uploads\/2024\/06\/FB_IMG_1718203662692.jpg\"><img loading=\"lazy\" decoding=\"async\" class=\"size-medium wp-image-14230 alignleft\" src=\"https:\/\/www.latribunedufaso.net\/wp-content\/uploads\/2024\/06\/FB_IMG_1718203662692-300x169.jpg\" alt=\"\" width=\"300\" height=\"169\" srcset=\"https:\/\/www.latribunedufaso.net\/wp-content\/uploads\/2024\/06\/FB_IMG_1718203662692-300x169.jpg 300w, https:\/\/www.latribunedufaso.net\/wp-content\/uploads\/2024\/06\/FB_IMG_1718203662692.jpg 720w\" sizes=\"auto, (max-width: 300px) 100vw, 300px\" \/><\/a>Ce lancement marque officiellement la relance des activit\u00e9s pour l\u2019ann\u00e9e 2024 pour lutter contre la dengue sur tout l\u2019\u00e9tendue du territoire national.<\/p>\n<p><strong>Latribunedufaso.net\u00a0<\/strong><\/p>\n<p><strong>Sourc<span style=\"font-size: 1.0625rem;\">e : MEEA<\/span><\/strong><\/p>\n","protected":false},"excerpt":{"rendered":"<p>Le Mardi 11 juin 2024, \u00e0 Ouagadougou, le ministre de la Sant\u00e9 et de l\u2019Hygi\u00e8ne publique, Dr Robert Kargougou a officiellement lanc\u00e9 les activit\u00e9s de lutte anti-larvaire par les Volontaires nationaux (VN) et Agents de sant\u00e9 \u00e0 base communautaire (ASBC).\u00a0<\/p>\n","protected":false},"author":5,"featured_media":14234,"comment_status":"open","ping_status":"open","sticky":false,"template":"","format":"standard","meta":{"footnotes":""},"categories":[13,1,23],"tags":[],"class_list":["post-14229","post","type-post","status-publish","format-standard","has-post-thumbnail","hentry","category-une","category-actu","category-eau-et-assainissement"],"yoast_head":"<!-- This site is optimized with the Yoast SEO plugin v27.5 - https:\/\/yoast.com\/product\/yoast-seo-wordpress\/ -->\n<title>Lutte contre le paludisme et la dengue : La Campagne nationale de destruction des g\u00eetes larvaires officiellement lanc\u00e9e - La Tribune du Faso<\/title>\n<meta name=\"robots\" content=\"index, follow, max-snippet:-1, max-image-preview:large, max-video-preview:-1\" \/>\n<link rel=\"canonical\" href=\"https:\/\/www.latribunedufaso.net\/?p=14229\" \/>\n<meta property=\"og:locale\" content=\"fr_FR\" \/>\n<meta property=\"og:type\" content=\"article\" \/>\n<meta property=\"og:title\" content=\"Lutte contre le paludisme et la dengue : La Campagne nationale de destruction des g\u00eetes larvaires officiellement lanc\u00e9e - La Tribune du Faso\" \/>\n<meta property=\"og:description\" content=\"Le Mardi 11 juin 2024, \u00e0 Ouagadougou, le ministre de la Sant\u00e9 et de l\u2019Hygi\u00e8ne publique, Dr Robert Kargougou a officiellement lanc\u00e9 les activit\u00e9s de lutte anti-larvaire par les Volontaires nationaux (VN) et Agents de sant\u00e9 \u00e0 base communautaire (ASBC).\u00a0\" \/>\n<meta property=\"og:url\" content=\"https:\/\/www.latribunedufaso.net\/?p=14229\" \/>\n<meta property=\"og:site_name\" content=\"La Tribune du Faso\" \/>\n<meta property=\"article:publisher\" content=\"https:\/\/www.facebook.com\/LatribuneduFaso\/\" \/>\n<meta property=\"article:published_time\" content=\"2024-06-12T14:50:36+00:00\" \/>\n<meta property=\"og:image\" content=\"https:\/\/www.latribunedufaso.net\/wp-content\/uploads\/2024\/06\/FB_IMG_1718203618667.jpg\" \/>\n\t<meta property=\"og:image:width\" content=\"720\" \/>\n\t<meta property=\"og:image:height\" content=\"405\" \/>\n\t<meta property=\"og:image:type\" content=\"image\/jpeg\" \/>\n<meta name=\"author\" content=\"Issouf Tapsoba\" \/>\n<meta name=\"twitter:label1\" content=\"\u00c9crit par\" \/>\n\t<meta name=\"twitter:data1\" content=\"Issouf Tapsoba\" \/>\n\t<meta name=\"twitter:label2\" content=\"Dur\u00e9e de lecture estim\u00e9e\" \/>\n\t<meta name=\"twitter:data2\" content=\"2 minutes\" \/>\n<script type=\"application\/ld+json\" class=\"yoast-schema-graph\">{\"@context\":\"https:\\\/\\\/schema.org\",\"@graph\":[{\"@type\":\"Article\",\"@id\":\"https:\\\/\\\/www.latribunedufaso.net\\\/?p=14229#article\",\"isPartOf\":{\"@id\":\"https:\\\/\\\/www.latribunedufaso.net\\\/?p=14229\"},\"author\":{\"name\":\"Issouf Tapsoba\",\"@id\":\"https:\\\/\\\/www.latribunedufaso.net\\\/#\\\/schema\\\/person\\\/e54e64c5778a7e72cf80a318b7a622b0\"},\"headline\":\"Lutte contre le paludisme et la dengue : La Campagne nationale de destruction des g\u00eetes larvaires officiellement lanc\u00e9e\",\"datePublished\":\"2024-06-12T14:50:36+00:00\",\"mainEntityOfPage\":{\"@id\":\"https:\\\/\\\/www.latribunedufaso.net\\\/?p=14229\"},\"wordCount\":375,\"commentCount\":0,\"publisher\":{\"@id\":\"https:\\\/\\\/www.latribunedufaso.net\\\/#organization\"},\"image\":{\"@id\":\"https:\\\/\\\/www.latribunedufaso.net\\\/?p=14229#primaryimage\"},\"thumbnailUrl\":\"https:\\\/\\\/www.latribunedufaso.net\\\/wp-content\\\/uploads\\\/2024\\\/06\\\/FB_IMG_1718203618667.jpg\",\"articleSection\":[\"A la une\",\"Actualit\u00e9\",\"Eau et assainissement\"],\"inLanguage\":\"fr-FR\",\"potentialAction\":[{\"@type\":\"CommentAction\",\"name\":\"Comment\",\"target\":[\"https:\\\/\\\/www.latribunedufaso.net\\\/?p=14229#respond\"]}]},{\"@type\":\"WebPage\",\"@id\":\"https:\\\/\\\/www.latribunedufaso.net\\\/?p=14229\",\"url\":\"https:\\\/\\\/www.latribunedufaso.net\\\/?p=14229\",\"name\":\"Lutte contre le paludisme et la dengue : La Campagne nationale de destruction des g\u00eetes larvaires officiellement lanc\u00e9e - La Tribune du Faso\",\"isPartOf\":{\"@id\":\"https:\\\/\\\/www.latribunedufaso.net\\\/#website\"},\"primaryImageOfPage\":{\"@id\":\"https:\\\/\\\/www.latribunedufaso.net\\\/?p=14229#primaryimage\"},\"image\":{\"@id\":\"https:\\\/\\\/www.latribunedufaso.net\\\/?p=14229#primaryimage\"},\"thumbnailUrl\":\"https:\\\/\\\/www.latribunedufaso.net\\\/wp-content\\\/uploads\\\/2024\\\/06\\\/FB_IMG_1718203618667.jpg\",\"datePublished\":\"2024-06-12T14:50:36+00:00\",\"breadcrumb\":{\"@id\":\"https:\\\/\\\/www.latribunedufaso.net\\\/?p=14229#breadcrumb\"},\"inLanguage\":\"fr-FR\",\"potentialAction\":[{\"@type\":\"ReadAction\",\"target\":[\"https:\\\/\\\/www.latribunedufaso.net\\\/?p=14229\"]}]},{\"@type\":\"ImageObject\",\"inLanguage\":\"fr-FR\",\"@id\":\"https:\\\/\\\/www.latribunedufaso.net\\\/?p=14229#primaryimage\",\"url\":\"https:\\\/\\\/www.latribunedufaso.net\\\/wp-content\\\/uploads\\\/2024\\\/06\\\/FB_IMG_1718203618667.jpg\",\"contentUrl\":\"https:\\\/\\\/www.latribunedufaso.net\\\/wp-content\\\/uploads\\\/2024\\\/06\\\/FB_IMG_1718203618667.jpg\",\"width\":720,\"height\":405},{\"@type\":\"BreadcrumbList\",\"@id\":\"https:\\\/\\\/www.latribunedufaso.net\\\/?p=14229#breadcrumb\",\"itemListElement\":[{\"@type\":\"ListItem\",\"position\":1,\"name\":\"Accueil\",\"item\":\"https:\\\/\\\/www.latribunedufaso.net\\\/\"},{\"@type\":\"ListItem\",\"position\":2,\"name\":\"Lutte contre le paludisme et la dengue : La Campagne nationale de destruction des g\u00eetes larvaires officiellement lanc\u00e9e\"}]},{\"@type\":\"WebSite\",\"@id\":\"https:\\\/\\\/www.latribunedufaso.net\\\/#website\",\"url\":\"https:\\\/\\\/www.latribunedufaso.net\\\/\",\"name\":\"La Tribune du Faso\",\"description\":\"L&#039;information du monde rural en un clic\",\"publisher\":{\"@id\":\"https:\\\/\\\/www.latribunedufaso.net\\\/#organization\"},\"potentialAction\":[{\"@type\":\"SearchAction\",\"target\":{\"@type\":\"EntryPoint\",\"urlTemplate\":\"https:\\\/\\\/www.latribunedufaso.net\\\/?s={search_term_string}\"},\"query-input\":{\"@type\":\"PropertyValueSpecification\",\"valueRequired\":true,\"valueName\":\"search_term_string\"}}],\"inLanguage\":\"fr-FR\"},{\"@type\":\"Organization\",\"@id\":\"https:\\\/\\\/www.latribunedufaso.net\\\/#organization\",\"name\":\"La Tribune du Faso\",\"url\":\"https:\\\/\\\/www.latribunedufaso.net\\\/\",\"logo\":{\"@type\":\"ImageObject\",\"inLanguage\":\"fr-FR\",\"@id\":\"https:\\\/\\\/www.latribunedufaso.net\\\/#\\\/schema\\\/logo\\\/image\\\/\",\"url\":\"https:\\\/\\\/www.latribunedufaso.net\\\/wp-content\\\/uploads\\\/2020\\\/08\\\/Logo-Tribune-du-Faso-final-scaled.jpg\",\"contentUrl\":\"https:\\\/\\\/www.latribunedufaso.net\\\/wp-content\\\/uploads\\\/2020\\\/08\\\/Logo-Tribune-du-Faso-final-scaled.jpg\",\"width\":2560,\"height\":1856,\"caption\":\"La Tribune du Faso\"},\"image\":{\"@id\":\"https:\\\/\\\/www.latribunedufaso.net\\\/#\\\/schema\\\/logo\\\/image\\\/\"},\"sameAs\":[\"https:\\\/\\\/www.facebook.com\\\/LatribuneduFaso\\\/\"]},{\"@type\":\"Person\",\"@id\":\"https:\\\/\\\/www.latribunedufaso.net\\\/#\\\/schema\\\/person\\\/e54e64c5778a7e72cf80a318b7a622b0\",\"name\":\"Issouf Tapsoba\",\"image\":{\"@type\":\"ImageObject\",\"inLanguage\":\"fr-FR\",\"@id\":\"https:\\\/\\\/secure.gravatar.com\\\/avatar\\\/5e6c05150ce3230247d167f5b94d678eb05936197436d69b7921e3a95c9107ac?s=96&d=mm&r=g\",\"url\":\"https:\\\/\\\/secure.gravatar.com\\\/avatar\\\/5e6c05150ce3230247d167f5b94d678eb05936197436d69b7921e3a95c9107ac?s=96&d=mm&r=g\",\"contentUrl\":\"https:\\\/\\\/secure.gravatar.com\\\/avatar\\\/5e6c05150ce3230247d167f5b94d678eb05936197436d69b7921e3a95c9107ac?s=96&d=mm&r=g\",\"caption\":\"Issouf Tapsoba\"},\"url\":\"https:\\\/\\\/www.latribunedufaso.net\\\/?author=5\"}]}<\/script>\n<!-- \/ Yoast SEO plugin. -->","yoast_head_json":{"title":"Lutte contre le paludisme et la dengue : La Campagne nationale de destruction des g\u00eetes larvaires officiellement lanc\u00e9e - La Tribune du Faso","robots":{"index":"index","follow":"follow","max-snippet":"max-snippet:-1","max-image-preview":"max-image-preview:large","max-video-preview":"max-video-preview:-1"},"canonical":"https:\/\/www.latribunedufaso.net\/?p=14229","og_locale":"fr_FR","og_type":"article","og_title":"Lutte contre le paludisme et la dengue : La Campagne nationale de destruction des g\u00eetes larvaires officiellement lanc\u00e9e - La Tribune du Faso","og_description":"Le Mardi 11 juin 2024, \u00e0 Ouagadougou, le ministre de la Sant\u00e9 et de l\u2019Hygi\u00e8ne publique, Dr Robert Kargougou a officiellement lanc\u00e9 les activit\u00e9s de lutte anti-larvaire par les Volontaires nationaux (VN) et Agents de sant\u00e9 \u00e0 base communautaire (ASBC).\u00a0","og_url":"https:\/\/www.latribunedufaso.net\/?p=14229","og_site_name":"La Tribune du Faso","article_publisher":"https:\/\/www.facebook.com\/LatribuneduFaso\/","article_published_time":"2024-06-12T14:50:36+00:00","og_image":[{"width":720,"height":405,"url":"https:\/\/www.latribunedufaso.net\/wp-content\/uploads\/2024\/06\/FB_IMG_1718203618667.jpg","type":"image\/jpeg"}],"author":"Issouf Tapsoba","twitter_misc":{"\u00c9crit par":"Issouf Tapsoba","Dur\u00e9e de lecture estim\u00e9e":"2 minutes"},"schema":{"@context":"https:\/\/schema.org","@graph":[{"@type":"Article","@id":"https:\/\/www.latribunedufaso.net\/?p=14229#article","isPartOf":{"@id":"https:\/\/www.latribunedufaso.net\/?p=14229"},"author":{"name":"Issouf Tapsoba","@id":"https:\/\/www.latribunedufaso.net\/#\/schema\/person\/e54e64c5778a7e72cf80a318b7a622b0"},"headline":"Lutte contre le paludisme et la dengue : La Campagne nationale de destruction des g\u00eetes larvaires officiellement lanc\u00e9e","datePublished":"2024-06-12T14:50:36+00:00","mainEntityOfPage":{"@id":"https:\/\/www.latribunedufaso.net\/?p=14229"},"wordCount":375,"commentCount":0,"publisher":{"@id":"https:\/\/www.latribunedufaso.net\/#organization"},"image":{"@id":"https:\/\/www.latribunedufaso.net\/?p=14229#primaryimage"},"thumbnailUrl":"https:\/\/www.latribunedufaso.net\/wp-content\/uploads\/2024\/06\/FB_IMG_1718203618667.jpg","articleSection":["A la une","Actualit\u00e9","Eau et assainissement"],"inLanguage":"fr-FR","potentialAction":[{"@type":"CommentAction","name":"Comment","target":["https:\/\/www.latribunedufaso.net\/?p=14229#respond"]}]},{"@type":"WebPage","@id":"https:\/\/www.latribunedufaso.net\/?p=14229","url":"https:\/\/www.latribunedufaso.net\/?p=14229","name":"Lutte contre le paludisme et la dengue : La Campagne nationale de destruction des g\u00eetes larvaires officiellement lanc\u00e9e - La Tribune du Faso","isPartOf":{"@id":"https:\/\/www.latribunedufaso.net\/#website"},"primaryImageOfPage":{"@id":"https:\/\/www.latribunedufaso.net\/?p=14229#primaryimage"},"image":{"@id":"https:\/\/www.latribunedufaso.net\/?p=14229#primaryimage"},"thumbnailUrl":"https:\/\/www.latribunedufaso.net\/wp-content\/uploads\/2024\/06\/FB_IMG_1718203618667.jpg","datePublished":"2024-06-12T14:50:36+00:00","breadcrumb":{"@id":"https:\/\/www.latribunedufaso.net\/?p=14229#breadcrumb"},"inLanguage":"fr-FR","potentialAction":[{"@type":"ReadAction","target":["https:\/\/www.latribunedufaso.net\/?p=14229"]}]},{"@type":"ImageObject","inLanguage":"fr-FR","@id":"https:\/\/www.latribunedufaso.net\/?p=14229#primaryimage","url":"https:\/\/www.latribunedufaso.net\/wp-content\/uploads\/2024\/06\/FB_IMG_1718203618667.jpg","contentUrl":"https:\/\/www.latribunedufaso.net\/wp-content\/uploads\/2024\/06\/FB_IMG_1718203618667.jpg","width":720,"height":405},{"@type":"BreadcrumbList","@id":"https:\/\/www.latribunedufaso.net\/?p=14229#breadcrumb","itemListElement":[{"@type":"ListItem","position":1,"name":"Accueil","item":"https:\/\/www.latribunedufaso.net\/"},{"@type":"ListItem","position":2,"name":"Lutte contre le paludisme et la dengue : La Campagne nationale de destruction des g\u00eetes larvaires officiellement lanc\u00e9e"}]},{"@type":"WebSite","@id":"https:\/\/www.latribunedufaso.net\/#website","url":"https:\/\/www.latribunedufaso.net\/","name":"La Tribune du Faso","description":"L&#039;information du monde rural en un clic","publisher":{"@id":"https:\/\/www.latribunedufaso.net\/#organization"},"potentialAction":[{"@type":"SearchAction","target":{"@type":"EntryPoint","urlTemplate":"https:\/\/www.latribunedufaso.net\/?s={search_term_string}"},"query-input":{"@type":"PropertyValueSpecification","valueRequired":true,"valueName":"search_term_string"}}],"inLanguage":"fr-FR"},{"@type":"Organization","@id":"https:\/\/www.latribunedufaso.net\/#organization","name":"La Tribune du Faso","url":"https:\/\/www.latribunedufaso.net\/","logo":{"@type":"ImageObject","inLanguage":"fr-FR","@id":"https:\/\/www.latribunedufaso.net\/#\/schema\/logo\/image\/","url":"https:\/\/www.latribunedufaso.net\/wp-content\/uploads\/2020\/08\/Logo-Tribune-du-Faso-final-scaled.jpg","contentUrl":"https:\/\/www.latribunedufaso.net\/wp-content\/uploads\/2020\/08\/Logo-Tribune-du-Faso-final-scaled.jpg","width":2560,"height":1856,"caption":"La Tribune du Faso"},"image":{"@id":"https:\/\/www.latribunedufaso.net\/#\/schema\/logo\/image\/"},"sameAs":["https:\/\/www.facebook.com\/LatribuneduFaso\/"]},{"@type":"Person","@id":"https:\/\/www.latribunedufaso.net\/#\/schema\/person\/e54e64c5778a7e72cf80a318b7a622b0","name":"Issouf Tapsoba","image":{"@type":"ImageObject","inLanguage":"fr-FR","@id":"https:\/\/secure.gravatar.com\/avatar\/5e6c05150ce3230247d167f5b94d678eb05936197436d69b7921e3a95c9107ac?s=96&d=mm&r=g","url":"https:\/\/secure.gravatar.com\/avatar\/5e6c05150ce3230247d167f5b94d678eb05936197436d69b7921e3a95c9107ac?s=96&d=mm&r=g","contentUrl":"https:\/\/secure.gravatar.com\/avatar\/5e6c05150ce3230247d167f5b94d678eb05936197436d69b7921e3a95c9107ac?s=96&d=mm&r=g","caption":"Issouf Tapsoba"},"url":"https:\/\/www.latribunedufaso.net\/?author=5"}]}},"_links":{"self":[{"href":"https:\/\/www.latribunedufaso.net\/index.php?rest_route=\/wp\/v2\/posts\/14229","targetHints":{"allow":["GET"]}}],"collection":[{"href":"https:\/\/www.latribunedufaso.net\/index.php?rest_route=\/wp\/v2\/posts"}],"about":[{"href":"https:\/\/www.latribunedufaso.net\/index.php?rest_route=\/wp\/v2\/types\/post"}],"author":[{"embeddable":true,"href":"https:\/\/www.latribunedufaso.net\/index.php?rest_route=\/wp\/v2\/users\/5"}],"replies":[{"embeddable":true,"href":"https:\/\/www.latribunedufaso.net\/index.php?rest_route=%2Fwp%2Fv2%2Fcomments&post=14229"}],"version-history":[{"count":1,"href":"https:\/\/www.latribunedufaso.net\/index.php?rest_route=\/wp\/v2\/posts\/14229\/revisions"}],"predecessor-version":[{"id":14235,"href":"https:\/\/www.latribunedufaso.net\/index.php?rest_route=\/wp\/v2\/posts\/14229\/revisions\/14235"}],"wp:featuredmedia":[{"embeddable":true,"href":"https:\/\/www.latribunedufaso.net\/index.php?rest_route=\/wp\/v2\/media\/14234"}],"wp:attachment":[{"href":"https:\/\/www.latribunedufaso.net\/index.php?rest_route=%2Fwp%2Fv2%2Fmedia&parent=14229"}],"wp:term":[{"taxonomy":"category","embeddable":true,"href":"https:\/\/www.latribunedufaso.net\/index.php?rest_route=%2Fwp%2Fv2%2Fcategories&post=14229"},{"taxonomy":"post_tag","embeddable":true,"href":"https:\/\/www.latribunedufaso.net\/index.php?rest_route=%2Fwp%2Fv2%2Ftags&post=14229"}],"curies":[{"name":"wp","href":"https:\/\/api.w.org\/{rel}","templated":true}]}}