{"id":14133,"date":"2024-06-06T12:34:06","date_gmt":"2024-06-06T12:34:06","guid":{"rendered":"https:\/\/www.latribunedufaso.net\/?p=14133"},"modified":"2024-06-07T12:35:04","modified_gmt":"2024-06-07T12:35:04","slug":"fugo-2024-les-secteurs-de-lenvironnement-et-de-la-mobilite-dans-le-grand-ouaga-au-coeur-des-debats","status":"publish","type":"post","link":"https:\/\/www.latribunedufaso.net\/?p=14133","title":{"rendered":"FUGO 2024 : Les secteurs de l\u2019environnement et de la mobilit\u00e9 dans le grand Ouaga au c\u0153ur des d\u00e9bats\u00a0"},"content":{"rendered":"<p><strong><span style=\"font-size: 1.0625rem;\">Ce jeudi 6 juin 2024 \u00e0 Ouagadougou, a eu lieu la c\u00e9r\u00e9monie officielle d\u2019ouverture de la 3\u00e8me \u00e9dition du Forum urbain de la communaut\u00e9 des communes du Grand Ouaga (FUGO). <\/span><span style=\"font-size: 1.0625rem;\">Plac\u00e9 sous le patronage du Premier ministre Apollinaire Joachimson Ky\u00e9lem de Tamb\u00e8la, ce forum vise \u00e0 favoriser le dialogue inter communal pour relever les d\u00e9fis de d\u00e9veloppement durable dans la r\u00e9gion du Centre.\u00a0<\/span><\/strong><br \/><!--more--><\/p>\n<p>Le discours du Premier ministre a \u00e9t\u00e9 lu par le Directeur de cabinet du minist\u00e8re de l\u2019Administration Territoriale, de la D\u00e9centralisation et de la S\u00e9curit\u00e9 sociale, repr\u00e9sentant son ministre Emile Zerbo.\u00a0<\/p>\n<p>Ce Forum se tient du 5 au 7 juin \u00e0 Ouagadougou, sous le th\u00e8me : \u00ab Mobilit\u00e9 urbaine et environnement dans le grand Ouaga : D\u00e9fis, enjeux et perspectives \u00bb.<\/p>\n<p>Ce th\u00e8me, selon le Pr\u00e9sident de la d\u00e9l\u00e9gation sp\u00e9ciale de la Commune de Ouagadougou, Maurice Konat\u00e9, est d\u2019une importance cruciale. En effet, soutient-il, \u00ab la mobilit\u00e9 urbaine est non seulement un moteur de d\u00e9veloppement \u00e9conomique, mais aussi un vecteur essentiel de coh\u00e9sion sociale et d\u2019\u00e9quit\u00e9 territoriale. L\u2019environnement, quant \u00e0 lui, est le garant de la durabilit\u00e9 de notre d\u00e9veloppement et de la qualit\u00e9 de vie de nos citoyens \u00bb.<\/p>\n<figure id=\"attachment_14136\" aria-describedby=\"caption-attachment-14136\" style=\"width: 300px\" class=\"wp-caption alignleft\"><a href=\"https:\/\/www.latribunedufaso.net\/wp-content\/uploads\/2024\/06\/IMG-20240607-WA0008.jpg\"><img loading=\"lazy\" decoding=\"async\" class=\"size-medium wp-image-14136\" src=\"https:\/\/www.latribunedufaso.net\/wp-content\/uploads\/2024\/06\/IMG-20240607-WA0008-300x169.jpg\" alt=\"\" width=\"300\" height=\"169\" srcset=\"https:\/\/www.latribunedufaso.net\/wp-content\/uploads\/2024\/06\/IMG-20240607-WA0008-300x169.jpg 300w, https:\/\/www.latribunedufaso.net\/wp-content\/uploads\/2024\/06\/IMG-20240607-WA0008-1024x576.jpg 1024w, https:\/\/www.latribunedufaso.net\/wp-content\/uploads\/2024\/06\/IMG-20240607-WA0008-768x432.jpg 768w, https:\/\/www.latribunedufaso.net\/wp-content\/uploads\/2024\/06\/IMG-20240607-WA0008.jpg 1280w\" sizes=\"auto, (max-width: 300px) 100vw, 300px\" \/><\/a><figcaption id=\"caption-attachment-14136\" class=\"wp-caption-text\">Le Pr\u00e9sident de la d\u00e9l\u00e9gation sp\u00e9ciale de la Commune de Ouagadougou, Maurice Konat\u00e9<\/figcaption><\/figure>\n<p>Ainsi, durant 72h, les acteurs du grand Ouaga, compos\u00e9 de 9 communes plus celle de Ouagadougou, et les d\u00e9l\u00e9gations venues des autres pays d\u2019Afriques et des diff\u00e9rentes r\u00e9gions du Burkina, auront des pr\u00e9sentations de projets et strat\u00e9gies intercommunaux, des ateliers th\u00e9matiques, des panels, des dialogues intercommunaux et des ateliers techniques sur les strat\u00e9gies environnementales et de mobilit\u00e9 au programme.<\/p>\n<p>A \u00e9couter Maurice Konat\u00e9, les ateliers th\u00e9matiques et panels qui seront anim\u00e9s durant les 72h, aborderont des questions strat\u00e9giques telles que la gestion des d\u00e9chets, l\u2019assainissement pluvial, la mobilisation des financements, et bien d\u2019autres. Chaque th\u00e9matique repr\u00e9sentant donc, selon ses propos, un pilier essentiel pour b\u00e2tir un Grand Ouaga r\u00e9silient, inclusif et prosp\u00e8re.<\/p>\n<p><a href=\"https:\/\/www.latribunedufaso.net\/wp-content\/uploads\/2024\/06\/IMG-20240607-WA0011.jpg\"><img loading=\"lazy\" decoding=\"async\" class=\"size-medium wp-image-14134 alignleft\" src=\"https:\/\/www.latribunedufaso.net\/wp-content\/uploads\/2024\/06\/IMG-20240607-WA0011-300x225.jpg\" alt=\"\" width=\"300\" height=\"225\" srcset=\"https:\/\/www.latribunedufaso.net\/wp-content\/uploads\/2024\/06\/IMG-20240607-WA0011-300x225.jpg 300w, https:\/\/www.latribunedufaso.net\/wp-content\/uploads\/2024\/06\/IMG-20240607-WA0011-1024x768.jpg 1024w, https:\/\/www.latribunedufaso.net\/wp-content\/uploads\/2024\/06\/IMG-20240607-WA0011-768x576.jpg 768w, https:\/\/www.latribunedufaso.net\/wp-content\/uploads\/2024\/06\/IMG-20240607-WA0011.jpg 1280w\" sizes=\"auto, (max-width: 300px) 100vw, 300px\" \/><\/a>Dans son discours lu par le directeur de cabinet du ministre de l\u2019Administration territoriale, Bertrand To\u00e9, le Premier ministre a exhort\u00e9 les participants \u00e0<span style=\"font-size: 1.0625rem;\">\u00a0\u00ab aborder ces sessions avec la d\u00e9termination de ceux qui savent que l\u2019avenir de nos villes, et celui de nos enfants, d\u00e9pend de notre capacit\u00e9 \u00e0 travailler ensemble, \u00e0 innover et \u00e0 agir avec courage et pers\u00e9v\u00e9rance \u00bb. <\/span><\/p>\n<p><span style=\"font-size: 1.0625rem;\">Pour lui, l\u2019heure n\u2019est plus \u00e0 la r\u00e9flexion isol\u00e9e, mais \u00e0 l\u2019action concert\u00e9e. Ainsi, il a invit\u00e9 les participants \u00e0 \u00eatre les artisans d\u2019un changement durable, en int\u00e9grant les dimensions sociales, \u00e9conomiques et environnementales dans toutes nos initiatives et \u00e0 faire en sorte que, ces trois jours se traduisent en plans d\u2019action concrets et r\u00e9alisables.\u00a0<\/span><\/p>\n<p>Pour finir, Maurice Konat\u00e9 a remerci\u00e9 les parrains, la m\u00e9tropole de Lyon, l\u2019intercommunalit\u00e9 du grand Bamako, l\u2019ensemble des partenaires du Grand Ouaga et les participants pour leur engagement et leur pr\u00e9sence.<\/p>\n<p>Les diff\u00e9rents partenaires du Grand Ouaga, quant \u00e0 eux, ont r\u00e9it\u00e9r\u00e9 leur volont\u00e9 \u00e0 soutenir les acteurs du Grand Ouaga dans la r\u00e9alisation de leu projet.<\/p>\n<p><strong>Nabintou Ouattara\u00a0<\/strong><\/p>\n<p><strong><span style=\"font-size: 1.0625rem;\">Latribu<\/span><span style=\"font-size: 1.0625rem;\">nedufaso.net <a href=\"https:\/\/www.latribunedufaso.net\/wp-content\/uploads\/2024\/06\/IMG-20240607-WA0006.jpg\"><img loading=\"lazy\" decoding=\"async\" class=\"size-medium wp-image-14137 alignleft\" src=\"https:\/\/www.latribunedufaso.net\/wp-content\/uploads\/2024\/06\/IMG-20240607-WA0006-300x225.jpg\" alt=\"\" width=\"300\" height=\"225\" srcset=\"https:\/\/www.latribunedufaso.net\/wp-content\/uploads\/2024\/06\/IMG-20240607-WA0006-300x225.jpg 300w, https:\/\/www.latribunedufaso.net\/wp-content\/uploads\/2024\/06\/IMG-20240607-WA0006-1024x768.jpg 1024w, https:\/\/www.latribunedufaso.net\/wp-content\/uploads\/2024\/06\/IMG-20240607-WA0006-768x576.jpg 768w, https:\/\/www.latribunedufaso.net\/wp-content\/uploads\/2024\/06\/IMG-20240607-WA0006.jpg 1280w\" sizes=\"auto, (max-width: 300px) 100vw, 300px\" \/><\/a><\/span><\/strong><\/p>\n","protected":false},"excerpt":{"rendered":"<p>Ce jeudi 6 juin 2024 \u00e0 Ouagadougou, a eu lieu la c\u00e9r\u00e9monie officielle d\u2019ouverture de la 3\u00e8me \u00e9dition du Forum urbain de la communaut\u00e9 des communes du Grand Ouaga (FUGO). Plac\u00e9 sous le patronage du Premier ministre Apollinaire Joachimson Ky\u00e9lem de Tamb\u00e8la, ce forum vise \u00e0 favoriser le dialogue inter communal pour relever les d\u00e9fis de d\u00e9veloppement durable dans la r\u00e9gion du Centre.\u00a0<\/p>\n","protected":false},"author":5,"featured_media":14135,"comment_status":"open","ping_status":"open","sticky":false,"template":"","format":"standard","meta":{"footnotes":""},"categories":[13,1,8],"tags":[],"class_list":["post-14133","post","type-post","status-publish","format-standard","has-post-thumbnail","hentry","category-une","category-actu","category-societe"],"yoast_head":"<!-- This site is optimized with the Yoast SEO plugin v27.5 - https:\/\/yoast.com\/product\/yoast-seo-wordpress\/ -->\n<title>FUGO 2024 : Les secteurs de l\u2019environnement et de la mobilit\u00e9 dans le grand Ouaga au c\u0153ur des d\u00e9bats\u00a0 - La Tribune du Faso<\/title>\n<meta name=\"robots\" content=\"index, follow, max-snippet:-1, max-image-preview:large, max-video-preview:-1\" \/>\n<link rel=\"canonical\" href=\"https:\/\/www.latribunedufaso.net\/?p=14133\" \/>\n<meta property=\"og:locale\" content=\"fr_FR\" \/>\n<meta property=\"og:type\" content=\"article\" \/>\n<meta property=\"og:title\" content=\"FUGO 2024 : Les secteurs de l\u2019environnement et de la mobilit\u00e9 dans le grand Ouaga au c\u0153ur des d\u00e9bats\u00a0 - La Tribune du Faso\" \/>\n<meta property=\"og:description\" content=\"Ce jeudi 6 juin 2024 \u00e0 Ouagadougou, a eu lieu la c\u00e9r\u00e9monie officielle d\u2019ouverture de la 3\u00e8me \u00e9dition du Forum urbain de la communaut\u00e9 des communes du Grand Ouaga (FUGO). Plac\u00e9 sous le patronage du Premier ministre Apollinaire Joachimson Ky\u00e9lem de Tamb\u00e8la, ce forum vise \u00e0 favoriser le dialogue inter communal pour relever les d\u00e9fis de d\u00e9veloppement durable dans la r\u00e9gion du Centre.\u00a0\" \/>\n<meta property=\"og:url\" content=\"https:\/\/www.latribunedufaso.net\/?p=14133\" \/>\n<meta property=\"og:site_name\" content=\"La Tribune du Faso\" \/>\n<meta property=\"article:publisher\" content=\"https:\/\/www.facebook.com\/LatribuneduFaso\/\" \/>\n<meta property=\"article:published_time\" content=\"2024-06-06T12:34:06+00:00\" \/>\n<meta property=\"article:modified_time\" content=\"2024-06-07T12:35:04+00:00\" \/>\n<meta property=\"og:image\" content=\"https:\/\/www.latribunedufaso.net\/wp-content\/uploads\/2024\/06\/IMG-20240607-WA0009.jpg\" \/>\n\t<meta property=\"og:image:width\" content=\"1280\" \/>\n\t<meta property=\"og:image:height\" content=\"960\" \/>\n\t<meta property=\"og:image:type\" content=\"image\/jpeg\" \/>\n<meta name=\"author\" content=\"Issouf Tapsoba\" \/>\n<meta name=\"twitter:label1\" content=\"\u00c9crit par\" \/>\n\t<meta name=\"twitter:data1\" content=\"Issouf Tapsoba\" \/>\n\t<meta name=\"twitter:label2\" content=\"Dur\u00e9e de lecture estim\u00e9e\" \/>\n\t<meta name=\"twitter:data2\" content=\"3 minutes\" \/>\n<script type=\"application\/ld+json\" class=\"yoast-schema-graph\">{\"@context\":\"https:\\\/\\\/schema.org\",\"@graph\":[{\"@type\":\"Article\",\"@id\":\"https:\\\/\\\/www.latribunedufaso.net\\\/?p=14133#article\",\"isPartOf\":{\"@id\":\"https:\\\/\\\/www.latribunedufaso.net\\\/?p=14133\"},\"author\":{\"name\":\"Issouf Tapsoba\",\"@id\":\"https:\\\/\\\/www.latribunedufaso.net\\\/#\\\/schema\\\/person\\\/e54e64c5778a7e72cf80a318b7a622b0\"},\"headline\":\"FUGO 2024 : Les secteurs de l\u2019environnement et de la mobilit\u00e9 dans le grand Ouaga au c\u0153ur des d\u00e9bats\u00a0\",\"datePublished\":\"2024-06-06T12:34:06+00:00\",\"dateModified\":\"2024-06-07T12:35:04+00:00\",\"mainEntityOfPage\":{\"@id\":\"https:\\\/\\\/www.latribunedufaso.net\\\/?p=14133\"},\"wordCount\":571,\"commentCount\":0,\"publisher\":{\"@id\":\"https:\\\/\\\/www.latribunedufaso.net\\\/#organization\"},\"image\":{\"@id\":\"https:\\\/\\\/www.latribunedufaso.net\\\/?p=14133#primaryimage\"},\"thumbnailUrl\":\"https:\\\/\\\/www.latribunedufaso.net\\\/wp-content\\\/uploads\\\/2024\\\/06\\\/IMG-20240607-WA0009.jpg\",\"articleSection\":[\"A la une\",\"Actualit\u00e9\",\"Soci\u00e9t\u00e9\"],\"inLanguage\":\"fr-FR\",\"potentialAction\":[{\"@type\":\"CommentAction\",\"name\":\"Comment\",\"target\":[\"https:\\\/\\\/www.latribunedufaso.net\\\/?p=14133#respond\"]}]},{\"@type\":\"WebPage\",\"@id\":\"https:\\\/\\\/www.latribunedufaso.net\\\/?p=14133\",\"url\":\"https:\\\/\\\/www.latribunedufaso.net\\\/?p=14133\",\"name\":\"FUGO 2024 : Les secteurs de l\u2019environnement et de la mobilit\u00e9 dans le grand Ouaga au c\u0153ur des d\u00e9bats\u00a0 - La Tribune du Faso\",\"isPartOf\":{\"@id\":\"https:\\\/\\\/www.latribunedufaso.net\\\/#website\"},\"primaryImageOfPage\":{\"@id\":\"https:\\\/\\\/www.latribunedufaso.net\\\/?p=14133#primaryimage\"},\"image\":{\"@id\":\"https:\\\/\\\/www.latribunedufaso.net\\\/?p=14133#primaryimage\"},\"thumbnailUrl\":\"https:\\\/\\\/www.latribunedufaso.net\\\/wp-content\\\/uploads\\\/2024\\\/06\\\/IMG-20240607-WA0009.jpg\",\"datePublished\":\"2024-06-06T12:34:06+00:00\",\"dateModified\":\"2024-06-07T12:35:04+00:00\",\"breadcrumb\":{\"@id\":\"https:\\\/\\\/www.latribunedufaso.net\\\/?p=14133#breadcrumb\"},\"inLanguage\":\"fr-FR\",\"potentialAction\":[{\"@type\":\"ReadAction\",\"target\":[\"https:\\\/\\\/www.latribunedufaso.net\\\/?p=14133\"]}]},{\"@type\":\"ImageObject\",\"inLanguage\":\"fr-FR\",\"@id\":\"https:\\\/\\\/www.latribunedufaso.net\\\/?p=14133#primaryimage\",\"url\":\"https:\\\/\\\/www.latribunedufaso.net\\\/wp-content\\\/uploads\\\/2024\\\/06\\\/IMG-20240607-WA0009.jpg\",\"contentUrl\":\"https:\\\/\\\/www.latribunedufaso.net\\\/wp-content\\\/uploads\\\/2024\\\/06\\\/IMG-20240607-WA0009.jpg\",\"width\":1280,\"height\":960},{\"@type\":\"BreadcrumbList\",\"@id\":\"https:\\\/\\\/www.latribunedufaso.net\\\/?p=14133#breadcrumb\",\"itemListElement\":[{\"@type\":\"ListItem\",\"position\":1,\"name\":\"Accueil\",\"item\":\"https:\\\/\\\/www.latribunedufaso.net\\\/\"},{\"@type\":\"ListItem\",\"position\":2,\"name\":\"FUGO 2024 : Les secteurs de l\u2019environnement et de la mobilit\u00e9 dans le grand Ouaga au c\u0153ur des d\u00e9bats\u00a0\"}]},{\"@type\":\"WebSite\",\"@id\":\"https:\\\/\\\/www.latribunedufaso.net\\\/#website\",\"url\":\"https:\\\/\\\/www.latribunedufaso.net\\\/\",\"name\":\"La Tribune du Faso\",\"description\":\"L&#039;information du monde rural en un clic\",\"publisher\":{\"@id\":\"https:\\\/\\\/www.latribunedufaso.net\\\/#organization\"},\"potentialAction\":[{\"@type\":\"SearchAction\",\"target\":{\"@type\":\"EntryPoint\",\"urlTemplate\":\"https:\\\/\\\/www.latribunedufaso.net\\\/?s={search_term_string}\"},\"query-input\":{\"@type\":\"PropertyValueSpecification\",\"valueRequired\":true,\"valueName\":\"search_term_string\"}}],\"inLanguage\":\"fr-FR\"},{\"@type\":\"Organization\",\"@id\":\"https:\\\/\\\/www.latribunedufaso.net\\\/#organization\",\"name\":\"La Tribune du Faso\",\"url\":\"https:\\\/\\\/www.latribunedufaso.net\\\/\",\"logo\":{\"@type\":\"ImageObject\",\"inLanguage\":\"fr-FR\",\"@id\":\"https:\\\/\\\/www.latribunedufaso.net\\\/#\\\/schema\\\/logo\\\/image\\\/\",\"url\":\"https:\\\/\\\/www.latribunedufaso.net\\\/wp-content\\\/uploads\\\/2020\\\/08\\\/Logo-Tribune-du-Faso-final-scaled.jpg\",\"contentUrl\":\"https:\\\/\\\/www.latribunedufaso.net\\\/wp-content\\\/uploads\\\/2020\\\/08\\\/Logo-Tribune-du-Faso-final-scaled.jpg\",\"width\":2560,\"height\":1856,\"caption\":\"La Tribune du Faso\"},\"image\":{\"@id\":\"https:\\\/\\\/www.latribunedufaso.net\\\/#\\\/schema\\\/logo\\\/image\\\/\"},\"sameAs\":[\"https:\\\/\\\/www.facebook.com\\\/LatribuneduFaso\\\/\"]},{\"@type\":\"Person\",\"@id\":\"https:\\\/\\\/www.latribunedufaso.net\\\/#\\\/schema\\\/person\\\/e54e64c5778a7e72cf80a318b7a622b0\",\"name\":\"Issouf Tapsoba\",\"image\":{\"@type\":\"ImageObject\",\"inLanguage\":\"fr-FR\",\"@id\":\"https:\\\/\\\/secure.gravatar.com\\\/avatar\\\/5e6c05150ce3230247d167f5b94d678eb05936197436d69b7921e3a95c9107ac?s=96&d=mm&r=g\",\"url\":\"https:\\\/\\\/secure.gravatar.com\\\/avatar\\\/5e6c05150ce3230247d167f5b94d678eb05936197436d69b7921e3a95c9107ac?s=96&d=mm&r=g\",\"contentUrl\":\"https:\\\/\\\/secure.gravatar.com\\\/avatar\\\/5e6c05150ce3230247d167f5b94d678eb05936197436d69b7921e3a95c9107ac?s=96&d=mm&r=g\",\"caption\":\"Issouf Tapsoba\"},\"url\":\"https:\\\/\\\/www.latribunedufaso.net\\\/?author=5\"}]}<\/script>\n<!-- \/ Yoast SEO plugin. -->","yoast_head_json":{"title":"FUGO 2024 : Les secteurs de l\u2019environnement et de la mobilit\u00e9 dans le grand Ouaga au c\u0153ur des d\u00e9bats\u00a0 - La Tribune du Faso","robots":{"index":"index","follow":"follow","max-snippet":"max-snippet:-1","max-image-preview":"max-image-preview:large","max-video-preview":"max-video-preview:-1"},"canonical":"https:\/\/www.latribunedufaso.net\/?p=14133","og_locale":"fr_FR","og_type":"article","og_title":"FUGO 2024 : Les secteurs de l\u2019environnement et de la mobilit\u00e9 dans le grand Ouaga au c\u0153ur des d\u00e9bats\u00a0 - La Tribune du Faso","og_description":"Ce jeudi 6 juin 2024 \u00e0 Ouagadougou, a eu lieu la c\u00e9r\u00e9monie officielle d\u2019ouverture de la 3\u00e8me \u00e9dition du Forum urbain de la communaut\u00e9 des communes du Grand Ouaga (FUGO). Plac\u00e9 sous le patronage du Premier ministre Apollinaire Joachimson Ky\u00e9lem de Tamb\u00e8la, ce forum vise \u00e0 favoriser le dialogue inter communal pour relever les d\u00e9fis de d\u00e9veloppement durable dans la r\u00e9gion du Centre.\u00a0","og_url":"https:\/\/www.latribunedufaso.net\/?p=14133","og_site_name":"La Tribune du Faso","article_publisher":"https:\/\/www.facebook.com\/LatribuneduFaso\/","article_published_time":"2024-06-06T12:34:06+00:00","article_modified_time":"2024-06-07T12:35:04+00:00","og_image":[{"width":1280,"height":960,"url":"https:\/\/www.latribunedufaso.net\/wp-content\/uploads\/2024\/06\/IMG-20240607-WA0009.jpg","type":"image\/jpeg"}],"author":"Issouf Tapsoba","twitter_misc":{"\u00c9crit par":"Issouf Tapsoba","Dur\u00e9e de lecture estim\u00e9e":"3 minutes"},"schema":{"@context":"https:\/\/schema.org","@graph":[{"@type":"Article","@id":"https:\/\/www.latribunedufaso.net\/?p=14133#article","isPartOf":{"@id":"https:\/\/www.latribunedufaso.net\/?p=14133"},"author":{"name":"Issouf Tapsoba","@id":"https:\/\/www.latribunedufaso.net\/#\/schema\/person\/e54e64c5778a7e72cf80a318b7a622b0"},"headline":"FUGO 2024 : Les secteurs de l\u2019environnement et de la mobilit\u00e9 dans le grand Ouaga au c\u0153ur des d\u00e9bats\u00a0","datePublished":"2024-06-06T12:34:06+00:00","dateModified":"2024-06-07T12:35:04+00:00","mainEntityOfPage":{"@id":"https:\/\/www.latribunedufaso.net\/?p=14133"},"wordCount":571,"commentCount":0,"publisher":{"@id":"https:\/\/www.latribunedufaso.net\/#organization"},"image":{"@id":"https:\/\/www.latribunedufaso.net\/?p=14133#primaryimage"},"thumbnailUrl":"https:\/\/www.latribunedufaso.net\/wp-content\/uploads\/2024\/06\/IMG-20240607-WA0009.jpg","articleSection":["A la une","Actualit\u00e9","Soci\u00e9t\u00e9"],"inLanguage":"fr-FR","potentialAction":[{"@type":"CommentAction","name":"Comment","target":["https:\/\/www.latribunedufaso.net\/?p=14133#respond"]}]},{"@type":"WebPage","@id":"https:\/\/www.latribunedufaso.net\/?p=14133","url":"https:\/\/www.latribunedufaso.net\/?p=14133","name":"FUGO 2024 : Les secteurs de l\u2019environnement et de la mobilit\u00e9 dans le grand Ouaga au c\u0153ur des d\u00e9bats\u00a0 - La Tribune du Faso","isPartOf":{"@id":"https:\/\/www.latribunedufaso.net\/#website"},"primaryImageOfPage":{"@id":"https:\/\/www.latribunedufaso.net\/?p=14133#primaryimage"},"image":{"@id":"https:\/\/www.latribunedufaso.net\/?p=14133#primaryimage"},"thumbnailUrl":"https:\/\/www.latribunedufaso.net\/wp-content\/uploads\/2024\/06\/IMG-20240607-WA0009.jpg","datePublished":"2024-06-06T12:34:06+00:00","dateModified":"2024-06-07T12:35:04+00:00","breadcrumb":{"@id":"https:\/\/www.latribunedufaso.net\/?p=14133#breadcrumb"},"inLanguage":"fr-FR","potentialAction":[{"@type":"ReadAction","target":["https:\/\/www.latribunedufaso.net\/?p=14133"]}]},{"@type":"ImageObject","inLanguage":"fr-FR","@id":"https:\/\/www.latribunedufaso.net\/?p=14133#primaryimage","url":"https:\/\/www.latribunedufaso.net\/wp-content\/uploads\/2024\/06\/IMG-20240607-WA0009.jpg","contentUrl":"https:\/\/www.latribunedufaso.net\/wp-content\/uploads\/2024\/06\/IMG-20240607-WA0009.jpg","width":1280,"height":960},{"@type":"BreadcrumbList","@id":"https:\/\/www.latribunedufaso.net\/?p=14133#breadcrumb","itemListElement":[{"@type":"ListItem","position":1,"name":"Accueil","item":"https:\/\/www.latribunedufaso.net\/"},{"@type":"ListItem","position":2,"name":"FUGO 2024 : Les secteurs de l\u2019environnement et de la mobilit\u00e9 dans le grand Ouaga au c\u0153ur des d\u00e9bats\u00a0"}]},{"@type":"WebSite","@id":"https:\/\/www.latribunedufaso.net\/#website","url":"https:\/\/www.latribunedufaso.net\/","name":"La Tribune du Faso","description":"L&#039;information du monde rural en un clic","publisher":{"@id":"https:\/\/www.latribunedufaso.net\/#organization"},"potentialAction":[{"@type":"SearchAction","target":{"@type":"EntryPoint","urlTemplate":"https:\/\/www.latribunedufaso.net\/?s={search_term_string}"},"query-input":{"@type":"PropertyValueSpecification","valueRequired":true,"valueName":"search_term_string"}}],"inLanguage":"fr-FR"},{"@type":"Organization","@id":"https:\/\/www.latribunedufaso.net\/#organization","name":"La Tribune du Faso","url":"https:\/\/www.latribunedufaso.net\/","logo":{"@type":"ImageObject","inLanguage":"fr-FR","@id":"https:\/\/www.latribunedufaso.net\/#\/schema\/logo\/image\/","url":"https:\/\/www.latribunedufaso.net\/wp-content\/uploads\/2020\/08\/Logo-Tribune-du-Faso-final-scaled.jpg","contentUrl":"https:\/\/www.latribunedufaso.net\/wp-content\/uploads\/2020\/08\/Logo-Tribune-du-Faso-final-scaled.jpg","width":2560,"height":1856,"caption":"La Tribune du Faso"},"image":{"@id":"https:\/\/www.latribunedufaso.net\/#\/schema\/logo\/image\/"},"sameAs":["https:\/\/www.facebook.com\/LatribuneduFaso\/"]},{"@type":"Person","@id":"https:\/\/www.latribunedufaso.net\/#\/schema\/person\/e54e64c5778a7e72cf80a318b7a622b0","name":"Issouf Tapsoba","image":{"@type":"ImageObject","inLanguage":"fr-FR","@id":"https:\/\/secure.gravatar.com\/avatar\/5e6c05150ce3230247d167f5b94d678eb05936197436d69b7921e3a95c9107ac?s=96&d=mm&r=g","url":"https:\/\/secure.gravatar.com\/avatar\/5e6c05150ce3230247d167f5b94d678eb05936197436d69b7921e3a95c9107ac?s=96&d=mm&r=g","contentUrl":"https:\/\/secure.gravatar.com\/avatar\/5e6c05150ce3230247d167f5b94d678eb05936197436d69b7921e3a95c9107ac?s=96&d=mm&r=g","caption":"Issouf Tapsoba"},"url":"https:\/\/www.latribunedufaso.net\/?author=5"}]}},"_links":{"self":[{"href":"https:\/\/www.latribunedufaso.net\/index.php?rest_route=\/wp\/v2\/posts\/14133","targetHints":{"allow":["GET"]}}],"collection":[{"href":"https:\/\/www.latribunedufaso.net\/index.php?rest_route=\/wp\/v2\/posts"}],"about":[{"href":"https:\/\/www.latribunedufaso.net\/index.php?rest_route=\/wp\/v2\/types\/post"}],"author":[{"embeddable":true,"href":"https:\/\/www.latribunedufaso.net\/index.php?rest_route=\/wp\/v2\/users\/5"}],"replies":[{"embeddable":true,"href":"https:\/\/www.latribunedufaso.net\/index.php?rest_route=%2Fwp%2Fv2%2Fcomments&post=14133"}],"version-history":[{"count":1,"href":"https:\/\/www.latribunedufaso.net\/index.php?rest_route=\/wp\/v2\/posts\/14133\/revisions"}],"predecessor-version":[{"id":14140,"href":"https:\/\/www.latribunedufaso.net\/index.php?rest_route=\/wp\/v2\/posts\/14133\/revisions\/14140"}],"wp:featuredmedia":[{"embeddable":true,"href":"https:\/\/www.latribunedufaso.net\/index.php?rest_route=\/wp\/v2\/media\/14135"}],"wp:attachment":[{"href":"https:\/\/www.latribunedufaso.net\/index.php?rest_route=%2Fwp%2Fv2%2Fmedia&parent=14133"}],"wp:term":[{"taxonomy":"category","embeddable":true,"href":"https:\/\/www.latribunedufaso.net\/index.php?rest_route=%2Fwp%2Fv2%2Fcategories&post=14133"},{"taxonomy":"post_tag","embeddable":true,"href":"https:\/\/www.latribunedufaso.net\/index.php?rest_route=%2Fwp%2Fv2%2Ftags&post=14133"}],"curies":[{"name":"wp","href":"https:\/\/api.w.org\/{rel}","templated":true}]}}