{"id":14106,"date":"2023-04-29T22:31:57","date_gmt":"2023-04-29T22:31:57","guid":{"rendered":"https:\/\/www.latribunedufaso.net\/?p=14106"},"modified":"2024-06-05T18:33:49","modified_gmt":"2024-06-05T18:33:49","slug":"snc-2023-le-chef-de-letat-recoit-une-delegation-des-operateurs-economiques","status":"publish","type":"post","link":"https:\/\/www.latribunedufaso.net\/?p=14106","title":{"rendered":"SNC 2023 : Le Chef de l&rsquo;Etat re\u00e7oit une d\u00e9l\u00e9gation des op\u00e9rateurs \u00e9conomiques"},"content":{"rendered":"<div class=\"x11i5rnm xat24cr x1mh8g0r x1vvkbs xtlvy1s x126k92a\">\n<div dir=\"auto\">(Bobo-Dioulasso, 29 avril 2023). Le Pr\u00e9sident de la Transition, Chef de l\u2019Etat, le Capitaine Ibrahim TRAORE a re\u00e7u, en audience ce samedi apr\u00e8s-midi, une d\u00e9l\u00e9gation des op\u00e9rateurs \u00e9conomiques pr\u00e9sents \u00e0 Bobo-Dioulasso dans le cadre de la Semaine nationale de la culture (SNC).<\/div>\n<\/div>\n<div class=\"x11i5rnm xat24cr x1mh8g0r x1vvkbs xtlvy1s x126k92a\">\n<div dir=\"auto\">Les acteurs \u00e9conomiques du Burkina Faso ont t\u00e9moign\u00e9 leur soutien au Pr\u00e9sident de la Transition et lui ont traduit leur gratitude pour la confiance plac\u00e9e en eux.<\/div>\n<\/div>\n<div class=\"x11i5rnm xat24cr x1mh8g0r x1vvkbs xtlvy1s x126k92a\">\n<div dir=\"auto\">\u00ab Nous lui avons t\u00e9moign\u00e9 la satisfaction de l\u2019ensemble de la classe \u00e9conomique du Burkina Faso et la reconnaissance des op\u00e9rateurs \u00e9conomiques pour le choix port\u00e9 sur le secteur priv\u00e9 burkinab\u00e8 pour parrainer cette \u00e9dition \u00bb, a indiqu\u00e9 le porte-parole de la d\u00e9l\u00e9gation, Al Hassane SIENOU, Pr\u00e9sident de la chambre de commerce des Hauts-Bassins et parrain de la 20e \u00e9dition de la Semaine nationale de la culture.<\/div>\n<\/div>\n<div class=\"x11i5rnm xat24cr x1mh8g0r x1vvkbs xtlvy1s x126k92a\">\n<div dir=\"auto\">Il a soulign\u00e9 que le Chef de l\u2019Etat a rassur\u00e9 la d\u00e9l\u00e9gation sur la situation que traverse le Burkina Faso. \u00ab Nous sommes sortis tous confiants aujourd\u2019hui ; et nous avons un r\u00f4le, celui de continuer d\u2019administrer nos entreprises, de continuer de manager pour que l\u2019\u00e9conomie de notre pays vive \u00bb, a soutenu Monsieur SIENOU.<\/div>\n<\/div>\n<div class=\"x11i5rnm xat24cr x1mh8g0r x1vvkbs xtlvy1s x126k92a\">\n<div dir=\"auto\">Le parrain a aussi indiqu\u00e9 que le Chef de l\u2019Etat a compris l\u2019importance de la classe \u00e9conomique dans le pays et l\u2019importance de l\u2019\u00e9conomie face \u00e0 la guerre.<\/div>\n<\/div>\n<div class=\"x11i5rnm xat24cr x1mh8g0r x1vvkbs xtlvy1s x126k92a\">\n<div dir=\"auto\">Direction de la communication de la Pr\u00e9sidence du Faso<\/div>\n<\/div>\n","protected":false},"excerpt":{"rendered":"<p>(Bobo-Dioulasso, 29 avril 2023). Le Pr\u00e9sident de la Transition, Chef de l\u2019Etat, le Capitaine Ibrahim TRAORE a re\u00e7u, en audience ce samedi apr\u00e8s-midi, une d\u00e9l\u00e9gation des op\u00e9rateurs \u00e9conomiques pr\u00e9sents \u00e0 Bobo-Dioulasso dans le cadre de la Semaine nationale de la culture (SNC). Les acteurs \u00e9conomiques du Burkina Faso ont t\u00e9moign\u00e9 leur soutien au Pr\u00e9sident de la Transition et lui ont traduit leur gratitude pour la confiance plac\u00e9e en eux. \u00ab Nous lui avons t\u00e9moign\u00e9 la satisfaction de l\u2019ensemble de la classe \u00e9conomique du Burkina Faso et la reconnaissance des op\u00e9rateurs \u00e9conomiques pour le choix port\u00e9 sur le secteur priv\u00e9 burkinab\u00e8 pour parrainer cette \u00e9dition \u00bb, a indiqu\u00e9 le porte-parole de la d\u00e9l\u00e9gation, Al Hassane SIENOU, Pr\u00e9sident de la chambre de commerce des Hauts-Bassins et parrain de la 20e \u00e9dition de la Semaine nationale de la culture. Il a soulign\u00e9 que le Chef de l\u2019Etat a rassur\u00e9 la d\u00e9l\u00e9gation sur la situation que traverse le Burkina Faso. \u00ab Nous sommes sortis tous confiants aujourd\u2019hui ; et nous avons un r\u00f4le, celui de continuer d\u2019administrer nos entreprises, de continuer de manager pour que l\u2019\u00e9conomie de notre pays vive \u00bb, a soutenu Monsieur SIENOU. Le parrain a aussi indiqu\u00e9 que le Chef de l\u2019Etat a compris l\u2019importance de la classe \u00e9conomique dans le pays et l\u2019importance de l\u2019\u00e9conomie face \u00e0 la guerre. Direction de la communication de la Pr\u00e9sidence du Faso<\/p>\n","protected":false},"author":2,"featured_media":14107,"comment_status":"open","ping_status":"open","sticky":false,"template":"","format":"standard","meta":{"footnotes":""},"categories":[1],"tags":[],"class_list":["post-14106","post","type-post","status-publish","format-standard","has-post-thumbnail","hentry","category-actu"],"yoast_head":"<!-- This site is optimized with the Yoast SEO plugin v27.5 - https:\/\/yoast.com\/product\/yoast-seo-wordpress\/ -->\n<title>SNC 2023 : Le Chef de l&#039;Etat re\u00e7oit une d\u00e9l\u00e9gation des op\u00e9rateurs \u00e9conomiques - La Tribune du Faso<\/title>\n<meta name=\"robots\" content=\"index, follow, max-snippet:-1, max-image-preview:large, max-video-preview:-1\" \/>\n<link rel=\"canonical\" href=\"https:\/\/www.latribunedufaso.net\/?p=14106\" \/>\n<meta property=\"og:locale\" content=\"fr_FR\" \/>\n<meta property=\"og:type\" content=\"article\" \/>\n<meta property=\"og:title\" content=\"SNC 2023 : Le Chef de l&#039;Etat re\u00e7oit une d\u00e9l\u00e9gation des op\u00e9rateurs \u00e9conomiques - La Tribune du Faso\" \/>\n<meta property=\"og:description\" content=\"(Bobo-Dioulasso, 29 avril 2023). Le Pr\u00e9sident de la Transition, Chef de l\u2019Etat, le Capitaine Ibrahim TRAORE a re\u00e7u, en audience ce samedi apr\u00e8s-midi, une d\u00e9l\u00e9gation des op\u00e9rateurs \u00e9conomiques pr\u00e9sents \u00e0 Bobo-Dioulasso dans le cadre de la Semaine nationale de la culture (SNC). Les acteurs \u00e9conomiques du Burkina Faso ont t\u00e9moign\u00e9 leur soutien au Pr\u00e9sident de la Transition et lui ont traduit leur gratitude pour la confiance plac\u00e9e en eux. \u00ab Nous lui avons t\u00e9moign\u00e9 la satisfaction de l\u2019ensemble de la classe \u00e9conomique du Burkina Faso et la reconnaissance des op\u00e9rateurs \u00e9conomiques pour le choix port\u00e9 sur le secteur priv\u00e9 burkinab\u00e8 pour parrainer cette \u00e9dition \u00bb, a indiqu\u00e9 le porte-parole de la d\u00e9l\u00e9gation, Al Hassane SIENOU, Pr\u00e9sident de la chambre de commerce des Hauts-Bassins et parrain de la 20e \u00e9dition de la Semaine nationale de la culture. Il a soulign\u00e9 que le Chef de l\u2019Etat a rassur\u00e9 la d\u00e9l\u00e9gation sur la situation que traverse le Burkina Faso. \u00ab Nous sommes sortis tous confiants aujourd\u2019hui ; et nous avons un r\u00f4le, celui de continuer d\u2019administrer nos entreprises, de continuer de manager pour que l\u2019\u00e9conomie de notre pays vive \u00bb, a soutenu Monsieur SIENOU. Le parrain a aussi indiqu\u00e9 que le Chef de l\u2019Etat a compris l\u2019importance de la classe \u00e9conomique dans le pays et l\u2019importance de l\u2019\u00e9conomie face \u00e0 la guerre. Direction de la communication de la Pr\u00e9sidence du Faso\" \/>\n<meta property=\"og:url\" content=\"https:\/\/www.latribunedufaso.net\/?p=14106\" \/>\n<meta property=\"og:site_name\" content=\"La Tribune du Faso\" \/>\n<meta property=\"article:publisher\" content=\"https:\/\/www.facebook.com\/LatribuneduFaso\/\" \/>\n<meta property=\"article:published_time\" content=\"2023-04-29T22:31:57+00:00\" \/>\n<meta property=\"article:modified_time\" content=\"2024-06-05T18:33:49+00:00\" \/>\n<meta property=\"og:image\" content=\"https:\/\/www.latribunedufaso.net\/wp-content\/uploads\/2024\/06\/343998780_770543231464648_204655039682979127_n-1600x800-1.jpg\" \/>\n\t<meta property=\"og:image:width\" content=\"1600\" \/>\n\t<meta property=\"og:image:height\" content=\"800\" \/>\n\t<meta property=\"og:image:type\" content=\"image\/jpeg\" \/>\n<meta name=\"author\" content=\"Administrateur\" \/>\n<meta name=\"twitter:label1\" content=\"\u00c9crit par\" \/>\n\t<meta name=\"twitter:data1\" content=\"Administrateur\" \/>\n\t<meta name=\"twitter:label2\" content=\"Dur\u00e9e de lecture estim\u00e9e\" \/>\n\t<meta name=\"twitter:data2\" content=\"1 minute\" \/>\n<script type=\"application\/ld+json\" class=\"yoast-schema-graph\">{\"@context\":\"https:\\\/\\\/schema.org\",\"@graph\":[{\"@type\":\"Article\",\"@id\":\"https:\\\/\\\/www.latribunedufaso.net\\\/?p=14106#article\",\"isPartOf\":{\"@id\":\"https:\\\/\\\/www.latribunedufaso.net\\\/?p=14106\"},\"author\":{\"name\":\"Administrateur\",\"@id\":\"https:\\\/\\\/www.latribunedufaso.net\\\/#\\\/schema\\\/person\\\/a380782d0605bb8aae27c40ea93b35b1\"},\"headline\":\"SNC 2023 : Le Chef de l&rsquo;Etat re\u00e7oit une d\u00e9l\u00e9gation des op\u00e9rateurs \u00e9conomiques\",\"datePublished\":\"2023-04-29T22:31:57+00:00\",\"dateModified\":\"2024-06-05T18:33:49+00:00\",\"mainEntityOfPage\":{\"@id\":\"https:\\\/\\\/www.latribunedufaso.net\\\/?p=14106\"},\"wordCount\":264,\"commentCount\":0,\"publisher\":{\"@id\":\"https:\\\/\\\/www.latribunedufaso.net\\\/#organization\"},\"image\":{\"@id\":\"https:\\\/\\\/www.latribunedufaso.net\\\/?p=14106#primaryimage\"},\"thumbnailUrl\":\"https:\\\/\\\/www.latribunedufaso.net\\\/wp-content\\\/uploads\\\/2024\\\/06\\\/343998780_770543231464648_204655039682979127_n-1600x800-1.jpg\",\"articleSection\":[\"Actualit\u00e9\"],\"inLanguage\":\"fr-FR\",\"potentialAction\":[{\"@type\":\"CommentAction\",\"name\":\"Comment\",\"target\":[\"https:\\\/\\\/www.latribunedufaso.net\\\/?p=14106#respond\"]}]},{\"@type\":\"WebPage\",\"@id\":\"https:\\\/\\\/www.latribunedufaso.net\\\/?p=14106\",\"url\":\"https:\\\/\\\/www.latribunedufaso.net\\\/?p=14106\",\"name\":\"SNC 2023 : Le Chef de l'Etat re\u00e7oit une d\u00e9l\u00e9gation des op\u00e9rateurs \u00e9conomiques - La Tribune du Faso\",\"isPartOf\":{\"@id\":\"https:\\\/\\\/www.latribunedufaso.net\\\/#website\"},\"primaryImageOfPage\":{\"@id\":\"https:\\\/\\\/www.latribunedufaso.net\\\/?p=14106#primaryimage\"},\"image\":{\"@id\":\"https:\\\/\\\/www.latribunedufaso.net\\\/?p=14106#primaryimage\"},\"thumbnailUrl\":\"https:\\\/\\\/www.latribunedufaso.net\\\/wp-content\\\/uploads\\\/2024\\\/06\\\/343998780_770543231464648_204655039682979127_n-1600x800-1.jpg\",\"datePublished\":\"2023-04-29T22:31:57+00:00\",\"dateModified\":\"2024-06-05T18:33:49+00:00\",\"breadcrumb\":{\"@id\":\"https:\\\/\\\/www.latribunedufaso.net\\\/?p=14106#breadcrumb\"},\"inLanguage\":\"fr-FR\",\"potentialAction\":[{\"@type\":\"ReadAction\",\"target\":[\"https:\\\/\\\/www.latribunedufaso.net\\\/?p=14106\"]}]},{\"@type\":\"ImageObject\",\"inLanguage\":\"fr-FR\",\"@id\":\"https:\\\/\\\/www.latribunedufaso.net\\\/?p=14106#primaryimage\",\"url\":\"https:\\\/\\\/www.latribunedufaso.net\\\/wp-content\\\/uploads\\\/2024\\\/06\\\/343998780_770543231464648_204655039682979127_n-1600x800-1.jpg\",\"contentUrl\":\"https:\\\/\\\/www.latribunedufaso.net\\\/wp-content\\\/uploads\\\/2024\\\/06\\\/343998780_770543231464648_204655039682979127_n-1600x800-1.jpg\",\"width\":1600,\"height\":800},{\"@type\":\"BreadcrumbList\",\"@id\":\"https:\\\/\\\/www.latribunedufaso.net\\\/?p=14106#breadcrumb\",\"itemListElement\":[{\"@type\":\"ListItem\",\"position\":1,\"name\":\"Accueil\",\"item\":\"https:\\\/\\\/www.latribunedufaso.net\\\/\"},{\"@type\":\"ListItem\",\"position\":2,\"name\":\"SNC 2023 : Le Chef de l&rsquo;Etat re\u00e7oit une d\u00e9l\u00e9gation des op\u00e9rateurs \u00e9conomiques\"}]},{\"@type\":\"WebSite\",\"@id\":\"https:\\\/\\\/www.latribunedufaso.net\\\/#website\",\"url\":\"https:\\\/\\\/www.latribunedufaso.net\\\/\",\"name\":\"La Tribune du Faso\",\"description\":\"L&#039;information du monde rural en un clic\",\"publisher\":{\"@id\":\"https:\\\/\\\/www.latribunedufaso.net\\\/#organization\"},\"potentialAction\":[{\"@type\":\"SearchAction\",\"target\":{\"@type\":\"EntryPoint\",\"urlTemplate\":\"https:\\\/\\\/www.latribunedufaso.net\\\/?s={search_term_string}\"},\"query-input\":{\"@type\":\"PropertyValueSpecification\",\"valueRequired\":true,\"valueName\":\"search_term_string\"}}],\"inLanguage\":\"fr-FR\"},{\"@type\":\"Organization\",\"@id\":\"https:\\\/\\\/www.latribunedufaso.net\\\/#organization\",\"name\":\"La Tribune du Faso\",\"url\":\"https:\\\/\\\/www.latribunedufaso.net\\\/\",\"logo\":{\"@type\":\"ImageObject\",\"inLanguage\":\"fr-FR\",\"@id\":\"https:\\\/\\\/www.latribunedufaso.net\\\/#\\\/schema\\\/logo\\\/image\\\/\",\"url\":\"https:\\\/\\\/www.latribunedufaso.net\\\/wp-content\\\/uploads\\\/2020\\\/08\\\/Logo-Tribune-du-Faso-final-scaled.jpg\",\"contentUrl\":\"https:\\\/\\\/www.latribunedufaso.net\\\/wp-content\\\/uploads\\\/2020\\\/08\\\/Logo-Tribune-du-Faso-final-scaled.jpg\",\"width\":2560,\"height\":1856,\"caption\":\"La Tribune du Faso\"},\"image\":{\"@id\":\"https:\\\/\\\/www.latribunedufaso.net\\\/#\\\/schema\\\/logo\\\/image\\\/\"},\"sameAs\":[\"https:\\\/\\\/www.facebook.com\\\/LatribuneduFaso\\\/\"]},{\"@type\":\"Person\",\"@id\":\"https:\\\/\\\/www.latribunedufaso.net\\\/#\\\/schema\\\/person\\\/a380782d0605bb8aae27c40ea93b35b1\",\"name\":\"Administrateur\",\"image\":{\"@type\":\"ImageObject\",\"inLanguage\":\"fr-FR\",\"@id\":\"https:\\\/\\\/secure.gravatar.com\\\/avatar\\\/e20266f97d741f0e80ba1f60283074a9b3317fd7bfb727e0d95b51dafbf854a1?s=96&d=mm&r=g\",\"url\":\"https:\\\/\\\/secure.gravatar.com\\\/avatar\\\/e20266f97d741f0e80ba1f60283074a9b3317fd7bfb727e0d95b51dafbf854a1?s=96&d=mm&r=g\",\"contentUrl\":\"https:\\\/\\\/secure.gravatar.com\\\/avatar\\\/e20266f97d741f0e80ba1f60283074a9b3317fd7bfb727e0d95b51dafbf854a1?s=96&d=mm&r=g\",\"caption\":\"Administrateur\"},\"url\":\"https:\\\/\\\/www.latribunedufaso.net\\\/?author=2\"}]}<\/script>\n<!-- \/ Yoast SEO plugin. -->","yoast_head_json":{"title":"SNC 2023 : Le Chef de l'Etat re\u00e7oit une d\u00e9l\u00e9gation des op\u00e9rateurs \u00e9conomiques - La Tribune du Faso","robots":{"index":"index","follow":"follow","max-snippet":"max-snippet:-1","max-image-preview":"max-image-preview:large","max-video-preview":"max-video-preview:-1"},"canonical":"https:\/\/www.latribunedufaso.net\/?p=14106","og_locale":"fr_FR","og_type":"article","og_title":"SNC 2023 : Le Chef de l'Etat re\u00e7oit une d\u00e9l\u00e9gation des op\u00e9rateurs \u00e9conomiques - La Tribune du Faso","og_description":"(Bobo-Dioulasso, 29 avril 2023). Le Pr\u00e9sident de la Transition, Chef de l\u2019Etat, le Capitaine Ibrahim TRAORE a re\u00e7u, en audience ce samedi apr\u00e8s-midi, une d\u00e9l\u00e9gation des op\u00e9rateurs \u00e9conomiques pr\u00e9sents \u00e0 Bobo-Dioulasso dans le cadre de la Semaine nationale de la culture (SNC). Les acteurs \u00e9conomiques du Burkina Faso ont t\u00e9moign\u00e9 leur soutien au Pr\u00e9sident de la Transition et lui ont traduit leur gratitude pour la confiance plac\u00e9e en eux. \u00ab Nous lui avons t\u00e9moign\u00e9 la satisfaction de l\u2019ensemble de la classe \u00e9conomique du Burkina Faso et la reconnaissance des op\u00e9rateurs \u00e9conomiques pour le choix port\u00e9 sur le secteur priv\u00e9 burkinab\u00e8 pour parrainer cette \u00e9dition \u00bb, a indiqu\u00e9 le porte-parole de la d\u00e9l\u00e9gation, Al Hassane SIENOU, Pr\u00e9sident de la chambre de commerce des Hauts-Bassins et parrain de la 20e \u00e9dition de la Semaine nationale de la culture. Il a soulign\u00e9 que le Chef de l\u2019Etat a rassur\u00e9 la d\u00e9l\u00e9gation sur la situation que traverse le Burkina Faso. \u00ab Nous sommes sortis tous confiants aujourd\u2019hui ; et nous avons un r\u00f4le, celui de continuer d\u2019administrer nos entreprises, de continuer de manager pour que l\u2019\u00e9conomie de notre pays vive \u00bb, a soutenu Monsieur SIENOU. Le parrain a aussi indiqu\u00e9 que le Chef de l\u2019Etat a compris l\u2019importance de la classe \u00e9conomique dans le pays et l\u2019importance de l\u2019\u00e9conomie face \u00e0 la guerre. Direction de la communication de la Pr\u00e9sidence du Faso","og_url":"https:\/\/www.latribunedufaso.net\/?p=14106","og_site_name":"La Tribune du Faso","article_publisher":"https:\/\/www.facebook.com\/LatribuneduFaso\/","article_published_time":"2023-04-29T22:31:57+00:00","article_modified_time":"2024-06-05T18:33:49+00:00","og_image":[{"width":1600,"height":800,"url":"https:\/\/www.latribunedufaso.net\/wp-content\/uploads\/2024\/06\/343998780_770543231464648_204655039682979127_n-1600x800-1.jpg","type":"image\/jpeg"}],"author":"Administrateur","twitter_misc":{"\u00c9crit par":"Administrateur","Dur\u00e9e de lecture estim\u00e9e":"1 minute"},"schema":{"@context":"https:\/\/schema.org","@graph":[{"@type":"Article","@id":"https:\/\/www.latribunedufaso.net\/?p=14106#article","isPartOf":{"@id":"https:\/\/www.latribunedufaso.net\/?p=14106"},"author":{"name":"Administrateur","@id":"https:\/\/www.latribunedufaso.net\/#\/schema\/person\/a380782d0605bb8aae27c40ea93b35b1"},"headline":"SNC 2023 : Le Chef de l&rsquo;Etat re\u00e7oit une d\u00e9l\u00e9gation des op\u00e9rateurs \u00e9conomiques","datePublished":"2023-04-29T22:31:57+00:00","dateModified":"2024-06-05T18:33:49+00:00","mainEntityOfPage":{"@id":"https:\/\/www.latribunedufaso.net\/?p=14106"},"wordCount":264,"commentCount":0,"publisher":{"@id":"https:\/\/www.latribunedufaso.net\/#organization"},"image":{"@id":"https:\/\/www.latribunedufaso.net\/?p=14106#primaryimage"},"thumbnailUrl":"https:\/\/www.latribunedufaso.net\/wp-content\/uploads\/2024\/06\/343998780_770543231464648_204655039682979127_n-1600x800-1.jpg","articleSection":["Actualit\u00e9"],"inLanguage":"fr-FR","potentialAction":[{"@type":"CommentAction","name":"Comment","target":["https:\/\/www.latribunedufaso.net\/?p=14106#respond"]}]},{"@type":"WebPage","@id":"https:\/\/www.latribunedufaso.net\/?p=14106","url":"https:\/\/www.latribunedufaso.net\/?p=14106","name":"SNC 2023 : Le Chef de l'Etat re\u00e7oit une d\u00e9l\u00e9gation des op\u00e9rateurs \u00e9conomiques - La Tribune du Faso","isPartOf":{"@id":"https:\/\/www.latribunedufaso.net\/#website"},"primaryImageOfPage":{"@id":"https:\/\/www.latribunedufaso.net\/?p=14106#primaryimage"},"image":{"@id":"https:\/\/www.latribunedufaso.net\/?p=14106#primaryimage"},"thumbnailUrl":"https:\/\/www.latribunedufaso.net\/wp-content\/uploads\/2024\/06\/343998780_770543231464648_204655039682979127_n-1600x800-1.jpg","datePublished":"2023-04-29T22:31:57+00:00","dateModified":"2024-06-05T18:33:49+00:00","breadcrumb":{"@id":"https:\/\/www.latribunedufaso.net\/?p=14106#breadcrumb"},"inLanguage":"fr-FR","potentialAction":[{"@type":"ReadAction","target":["https:\/\/www.latribunedufaso.net\/?p=14106"]}]},{"@type":"ImageObject","inLanguage":"fr-FR","@id":"https:\/\/www.latribunedufaso.net\/?p=14106#primaryimage","url":"https:\/\/www.latribunedufaso.net\/wp-content\/uploads\/2024\/06\/343998780_770543231464648_204655039682979127_n-1600x800-1.jpg","contentUrl":"https:\/\/www.latribunedufaso.net\/wp-content\/uploads\/2024\/06\/343998780_770543231464648_204655039682979127_n-1600x800-1.jpg","width":1600,"height":800},{"@type":"BreadcrumbList","@id":"https:\/\/www.latribunedufaso.net\/?p=14106#breadcrumb","itemListElement":[{"@type":"ListItem","position":1,"name":"Accueil","item":"https:\/\/www.latribunedufaso.net\/"},{"@type":"ListItem","position":2,"name":"SNC 2023 : Le Chef de l&rsquo;Etat re\u00e7oit une d\u00e9l\u00e9gation des op\u00e9rateurs \u00e9conomiques"}]},{"@type":"WebSite","@id":"https:\/\/www.latribunedufaso.net\/#website","url":"https:\/\/www.latribunedufaso.net\/","name":"La Tribune du Faso","description":"L&#039;information du monde rural en un clic","publisher":{"@id":"https:\/\/www.latribunedufaso.net\/#organization"},"potentialAction":[{"@type":"SearchAction","target":{"@type":"EntryPoint","urlTemplate":"https:\/\/www.latribunedufaso.net\/?s={search_term_string}"},"query-input":{"@type":"PropertyValueSpecification","valueRequired":true,"valueName":"search_term_string"}}],"inLanguage":"fr-FR"},{"@type":"Organization","@id":"https:\/\/www.latribunedufaso.net\/#organization","name":"La Tribune du Faso","url":"https:\/\/www.latribunedufaso.net\/","logo":{"@type":"ImageObject","inLanguage":"fr-FR","@id":"https:\/\/www.latribunedufaso.net\/#\/schema\/logo\/image\/","url":"https:\/\/www.latribunedufaso.net\/wp-content\/uploads\/2020\/08\/Logo-Tribune-du-Faso-final-scaled.jpg","contentUrl":"https:\/\/www.latribunedufaso.net\/wp-content\/uploads\/2020\/08\/Logo-Tribune-du-Faso-final-scaled.jpg","width":2560,"height":1856,"caption":"La Tribune du Faso"},"image":{"@id":"https:\/\/www.latribunedufaso.net\/#\/schema\/logo\/image\/"},"sameAs":["https:\/\/www.facebook.com\/LatribuneduFaso\/"]},{"@type":"Person","@id":"https:\/\/www.latribunedufaso.net\/#\/schema\/person\/a380782d0605bb8aae27c40ea93b35b1","name":"Administrateur","image":{"@type":"ImageObject","inLanguage":"fr-FR","@id":"https:\/\/secure.gravatar.com\/avatar\/e20266f97d741f0e80ba1f60283074a9b3317fd7bfb727e0d95b51dafbf854a1?s=96&d=mm&r=g","url":"https:\/\/secure.gravatar.com\/avatar\/e20266f97d741f0e80ba1f60283074a9b3317fd7bfb727e0d95b51dafbf854a1?s=96&d=mm&r=g","contentUrl":"https:\/\/secure.gravatar.com\/avatar\/e20266f97d741f0e80ba1f60283074a9b3317fd7bfb727e0d95b51dafbf854a1?s=96&d=mm&r=g","caption":"Administrateur"},"url":"https:\/\/www.latribunedufaso.net\/?author=2"}]}},"_links":{"self":[{"href":"https:\/\/www.latribunedufaso.net\/index.php?rest_route=\/wp\/v2\/posts\/14106","targetHints":{"allow":["GET"]}}],"collection":[{"href":"https:\/\/www.latribunedufaso.net\/index.php?rest_route=\/wp\/v2\/posts"}],"about":[{"href":"https:\/\/www.latribunedufaso.net\/index.php?rest_route=\/wp\/v2\/types\/post"}],"author":[{"embeddable":true,"href":"https:\/\/www.latribunedufaso.net\/index.php?rest_route=\/wp\/v2\/users\/2"}],"replies":[{"embeddable":true,"href":"https:\/\/www.latribunedufaso.net\/index.php?rest_route=%2Fwp%2Fv2%2Fcomments&post=14106"}],"version-history":[{"count":1,"href":"https:\/\/www.latribunedufaso.net\/index.php?rest_route=\/wp\/v2\/posts\/14106\/revisions"}],"predecessor-version":[{"id":14108,"href":"https:\/\/www.latribunedufaso.net\/index.php?rest_route=\/wp\/v2\/posts\/14106\/revisions\/14108"}],"wp:featuredmedia":[{"embeddable":true,"href":"https:\/\/www.latribunedufaso.net\/index.php?rest_route=\/wp\/v2\/media\/14107"}],"wp:attachment":[{"href":"https:\/\/www.latribunedufaso.net\/index.php?rest_route=%2Fwp%2Fv2%2Fmedia&parent=14106"}],"wp:term":[{"taxonomy":"category","embeddable":true,"href":"https:\/\/www.latribunedufaso.net\/index.php?rest_route=%2Fwp%2Fv2%2Fcategories&post=14106"},{"taxonomy":"post_tag","embeddable":true,"href":"https:\/\/www.latribunedufaso.net\/index.php?rest_route=%2Fwp%2Fv2%2Ftags&post=14106"}],"curies":[{"name":"wp","href":"https:\/\/api.w.org\/{rel}","templated":true}]}}