{"id":14102,"date":"2023-05-09T21:44:31","date_gmt":"2023-05-09T21:44:31","guid":{"rendered":"https:\/\/www.latribunedufaso.net\/?p=14102"},"modified":"2024-06-05T18:31:52","modified_gmt":"2024-06-05T18:31:52","slug":"crise-a-la-sn-sosico-les-deux-partie-fument-le-calme-de-paix-grace-au-ministre-detat-bassolma","status":"publish","type":"post","link":"https:\/\/www.latribunedufaso.net\/?p=14102","title":{"rendered":"Crise \u00e0 la SN-SOSUCO : Les deux partie fument le calm\u00e9 de paix gr\u00e2ce au ministre d&rsquo;Etat Bassolma"},"content":{"rendered":"<div class=\"xdj266r x11i5rnm xat24cr x1mh8g0r x1vvkbs x126k92a\">\n<div dir=\"auto\">Crise \u00e0 la SN-SOSUCO : Le ministre d&rsquo;Etat, Bassolma Bazi\u00e9, r\u00e9concilie les deux parties<\/div>\n<\/div>\n<div class=\"x11i5rnm xat24cr x1mh8g0r x1vvkbs xtlvy1s x126k92a\">\n<div dir=\"auto\">Le ministre d&rsquo;Etat, ministre de la Fonction publique, du Travail et de la Protection sociale, Bassolma Bazi\u00e9, a r\u00e9concili\u00e9 les parties en crise \u00e0 la Nouvelle Soci\u00e9t\u00e9 sucri\u00e8re de la Como\u00e9 (SN-SOSUCO) bas\u00e9e \u00e0 B\u00e9r\u00e9gadougou dans la r\u00e9gion des Cascades.<\/div>\n<\/div>\n<div class=\"x11i5rnm xat24cr x1mh8g0r x1vvkbs xtlvy1s x126k92a\">\n<div dir=\"auto\">En effet, ayant effectu\u00e9 le d\u00e9placement, ce mardi 9 mai 2023, \u00e0 la recherche de solutions \u00e0 la crise n\u00e9e du licenciement de cinq travailleurs <a tabindex=\"-1\"><\/a>suite \u00e0 une gr\u00e8ve, en mars dernier, le ministre d&rsquo;Etat a pu mettre d&rsquo;accord la direction g\u00e9n\u00e9rale et les travailleurs autour de huit points.<\/div>\n<\/div>\n<div class=\"x11i5rnm xat24cr x1mh8g0r x1vvkbs xtlvy1s x126k92a\">\n<div dir=\"auto\">Ces huit points sont l\u2019arr\u00eat des pr\u00e9comptes sur les salaires des travailleurs pour cause du Service national pour le d\u00e9veloppement (SND), la reprise des cinq travailleurs licenci\u00e9s, une tr\u00eave sociale pendant une p\u00e9riode donn\u00e9e, la tenue des rencontres ou r\u00e9unions syndicales au sein de l\u2019entreprise, la prise en compte des travailleurs dans l&rsquo;attribution des villas ou parcelles de la SN-SOSUCO, la n\u00e9gociation salariale \u00e0 discuter dans un climat social serein, la question des 2% parlant de la prime d&rsquo;anciennet\u00e9, la pr\u00e9sence d&rsquo;un inspecteur du travail au sein du conseil d&rsquo;administration.<\/div>\n<\/div>\n<div class=\"x11i5rnm xat24cr x1mh8g0r x1vvkbs xtlvy1s x126k92a\">\n<div dir=\"auto\">Pour arriver \u00e0 ces points de consensus, il a fallu au ministre d\u2019Etat, ministre en charge de la Fonction publique et \u00e0 sa d\u00e9l\u00e9gation plusieurs heures de n\u00e9gociation avec les parties en crise.<\/div>\n<\/div>\n<div class=\"x11i5rnm xat24cr x1mh8g0r x1vvkbs xtlvy1s x126k92a\">\n<div dir=\"auto\">La premi\u00e8re rencontre a d\u2019abord r\u00e9uni la d\u00e9l\u00e9gation minist\u00e9rielle et la direction g\u00e9n\u00e9rale de l\u2019entreprise.<\/div>\n<\/div>\n<div class=\"x11i5rnm xat24cr x1mh8g0r x1vvkbs xtlvy1s x126k92a\">\n<div dir=\"auto\">Au cours des \u00e9changes, Bassolma Bazi\u00e9, a indiqu\u00e9 que l\u2019objectif de la rencontre est d\u2019aboutir \u00e0 des solutions qui puissent permettre \u00e0 la direction g\u00e9n\u00e9rale et aux travailleurs de poursuivre leurs activit\u00e9s dans la s\u00e9r\u00e9nit\u00e9.<\/div>\n<\/div>\n<div class=\"x11i5rnm xat24cr x1mh8g0r x1vvkbs xtlvy1s x126k92a\">\n<div dir=\"auto\">\u00abMon souhait est que des m\u00e9canismes soient trouv\u00e9s pour l\u2019apaisement du climat social. Toute chose qui permettra \u00e0 l&rsquo;entreprise d\u2019aller de l\u2019avant\u00bb, a-t-il \u00e9mis comme voeu.<\/div>\n<\/div>\n<div class=\"x11i5rnm xat24cr x1mh8g0r x1vvkbs xtlvy1s x126k92a\">\n<div dir=\"auto\">Prenant la parole \u00e0 son tour, le Directeur g\u00e9n\u00e9ral (DG) de la SN-SOSUCO, Moctar Kon\u00e9, a relev\u00e9 que depuis son arriv\u00e9e \u00e0 la t\u00eate de la structure, le dialogue a toujours pr\u00e9valu avec la tenue de rencontres mensuelles avec le personnel qui, le plus souvent, d\u00e9finit l\u2019ordre du jour \u00e0 aborder.<\/div>\n<\/div>\n<div class=\"x11i5rnm xat24cr x1mh8g0r x1vvkbs xtlvy1s x126k92a\">\n<div dir=\"auto\">Apr\u00e8s les responsables, le ministre a, ensuite, \u00e9chang\u00e9 avec les repr\u00e9sentants des travailleurs.<\/div>\n<\/div>\n<div class=\"x11i5rnm xat24cr x1mh8g0r x1vvkbs xtlvy1s x126k92a\">\n<div dir=\"auto\">\u00abNous avons appris que le climat social n\u2019est pas au beau fixe au sein de la SN SOSUCO. Nous ne pouvons pas entendre qu\u2019il y a une crise sans venir \u00e9changer avec vous afin de trouver des solutions\u00bb, a d\u2019entr\u00e9e de jeu fait savoir M. Bazi\u00e9 avant de passer la parole au porte-parole des travailleurs, Olivier Thiombiano.<\/div>\n<\/div>\n<div class=\"x11i5rnm xat24cr x1mh8g0r x1vvkbs xtlvy1s x126k92a\">\n<div dir=\"auto\">Celui-ci, a expos\u00e9 trois pr\u00e9occupations faisant l\u2019objet de la crise.<\/div>\n<\/div>\n<div class=\"x11i5rnm xat24cr x1mh8g0r x1vvkbs xtlvy1s x126k92a\">\n<div dir=\"auto\">Elles sont li\u00e9es \u00e0 la libert\u00e9 syndicale, la retenue de salaires de certains travailleurs pour raison de SND et un d\u00e9cret de 2010 octroyant une prime d\u2019anciennet\u00e9 dont la SN-SOSUCO applique en partie.<\/div>\n<\/div>\n<div class=\"x11i5rnm xat24cr x1mh8g0r x1vvkbs xtlvy1s x126k92a\">\n<div dir=\"auto\">Appuyant son camarade, Abdoulaye Tiala a fait observer que c\u2019est la question des retenues de salaires pour cause de SND qui a \u00e9t\u00e9 la goutte d\u2019eau qui a fait d\u00e9border le vase, car cela touche les plus jeunes.<\/div>\n<\/div>\n<div class=\"x11i5rnm xat24cr x1mh8g0r x1vvkbs xtlvy1s x126k92a\">\n<div dir=\"auto\">Une tr\u00eave sociale deux ans<\/div>\n<\/div>\n<div class=\"x11i5rnm xat24cr x1mh8g0r x1vvkbs xtlvy1s x126k92a\">\n<div dir=\"auto\">Apr\u00e8s avoir \u00e9cout\u00e9 ces pr\u00e9occupations, le ministre Bassolma Bazi\u00e9 a fait observer une pause pour une concertation avec sa d\u00e9l\u00e9gation afin de d\u00e9gager les points sur lesquels un consensus est possible.<\/div>\n<\/div>\n<div class=\"x11i5rnm xat24cr x1mh8g0r x1vvkbs xtlvy1s x126k92a\">\n<div dir=\"auto\">Les points d\u00e9gag\u00e9s ont \u00e9t\u00e9 port\u00e9s d&rsquo;abord \u00e0 la connaissance de la direction g\u00e9n\u00e9rale puis aux travailleurs.<\/div>\n<\/div>\n<div class=\"x11i5rnm xat24cr x1mh8g0r x1vvkbs xtlvy1s x126k92a\">\n<div dir=\"auto\">R\u00e9agissant aux propositions, le DG de la SN-SOSUCO, Moctar Kon\u00e9, a laiss\u00e9 entendre qu\u2019il y a des points qui sont au-dessus de ses pr\u00e9rogatives mais elles sont ressort du Conseil d\u2019administration.<\/div>\n<\/div>\n<div class=\"x11i5rnm xat24cr x1mh8g0r x1vvkbs xtlvy1s x126k92a\">\n<div dir=\"auto\">Les travailleurs ont approuv\u00e9 les points propos\u00e9s et d\u00e9cident d\u2019observer une tr\u00eave sociale de deux ans.<\/div>\n<\/div>\n<div class=\"x11i5rnm xat24cr x1mh8g0r x1vvkbs xtlvy1s x126k92a\">\n<div dir=\"auto\">Ainsi, durant cette p\u00e9riode, ils doivent s&rsquo;abstenir de mener des actions qui peuvent bloquer le fonctionnement de l&rsquo;entreprise.<\/div>\n<\/div>\n<div class=\"x11i5rnm xat24cr x1mh8g0r x1vvkbs xtlvy1s x126k92a\">\n<div dir=\"auto\">\u00ab24 mois pour une tr\u00eave sociale afin de sauver la SN SOSUCO n&rsquo;est vraiment pas incroyable, mais il faut qu&rsquo;on nous aide \u00e0 \u00e9viter les situations qui pourrissent le climat social\u00bb, a soutenu Abdoulaye Tiala, secr\u00e9taire g\u00e9n\u00e9ral du comit\u00e9 CGTB de la SN-SOSUCO.<\/div>\n<\/div>\n<div class=\"x11i5rnm xat24cr x1mh8g0r x1vvkbs xtlvy1s x126k92a\">\n<div dir=\"auto\">Le ministre d&rsquo;Etat a pris l&rsquo;engagement d&rsquo;\u00eatre disponible durant la p\u00e9riode de tr\u00eave pour un climat de travail social apais\u00e9.<\/div>\n<\/div>\n<div class=\"x11i5rnm xat24cr x1mh8g0r x1vvkbs xtlvy1s x126k92a\">\n<div dir=\"auto\">\u00abSur ce, cette rencontre scelle la r\u00e9conciliation entre les travailleurs et la direction g\u00e9n\u00e9rale de la SN-SOSUCO\u00bb, a-t-il laiss\u00e9 entendre.<\/div>\n<\/div>\n<div class=\"x11i5rnm xat24cr x1mh8g0r x1vvkbs xtlvy1s x126k92a\">\n<div dir=\"auto\">De retour \u00e0 Bobo-Dioulasso, le ministre en charge du Travail est all\u00e9 faire le point de la rencontre au pr\u00e9sident du Conseil d\u2019administration de la SN-SOSUCO, El Hadj Barro Djandjinaba.<\/div>\n<\/div>\n<div class=\"x11i5rnm xat24cr x1mh8g0r x1vvkbs xtlvy1s x126k92a\">\n<div dir=\"auto\">La d\u00e9l\u00e9gation gouvernementale \u00e9tait compos\u00e9e en plus du ministre d\u2019Etat et de son directeur de Cabinet, Mohamed Savadogo, du gouverneur de la r\u00e9gion des Cascades, le colonel Jean Charles dit Yenapono Som\u00e9 et des autorit\u00e9s locales.<\/div>\n<\/div>\n<div class=\"x11i5rnm xat24cr x1mh8g0r x1vvkbs xtlvy1s x126k92a\">\n<div dir=\"auto\">Cr\u00e9\u00e9e en 1965, la SN-SOSUCO emploie plus de 3 000 salari\u00e9s avec une production annuelle de 30 000 t.<\/div>\n<\/div>\n<div class=\"x11i5rnm xat24cr x1mh8g0r x1vvkbs xtlvy1s x126k92a\">\n<div dir=\"auto\"><span class=\"html-span xdj266r x11i5rnm xat24cr x1mh8g0r xexx8yu x4uap5 x18d9i69 xkhd6sd x1hl2dhg x16tdsg8 x1vvkbs\"><a class=\"x1i10hfl xjbqb8w x1ejq31n xd10rxx x1sy0etr x17r0tee x972fbf xcfux6l x1qhh985 xm0m39n x9f619 x1ypdohk xt0psk2 xe8uvvx xdj266r x11i5rnm xat24cr x1mh8g0r xexx8yu x4uap5 x18d9i69 xkhd6sd x16tdsg8 x1hl2dhg xggy1nq x1a2a7pz x1sur9pj xkrqix3 x1fey0fg xo1l8bm\" href=\"https:\/\/www.facebook.com\/hashtag\/r%C3%A9gion_des_cascades?__eep__=6&amp;__cft__[0]=AZXcjfU97q4T_HZK3N3OujTxznoUR0yiWcDRDdLTCP4XXwNE5VE-WSLscYvdRf0ZT21XAWSWiD3cVpG3_iq4oCHFPZqWLPbKhX4J5hs5svzxDEc4PmzySaQ6RQIe-3iQM6mZGuUhz5kUGQvIaHeWwRCOa9kKH_XfAZhFNsAPYY5heUmjHGXvm0tCeh7V6C2Qs0o6_bdNY5KMcTlvBXEAmJC7&amp;__tn__=*NK-R\" role=\"link\" tabindex=\"0\">#R\u00e9gion_des_Cascades<\/a><\/span><\/div>\n<div dir=\"auto\"><span class=\"html-span xdj266r x11i5rnm xat24cr x1mh8g0r xexx8yu x4uap5 x18d9i69 xkhd6sd x1hl2dhg x16tdsg8 x1vvkbs\"><a class=\"x1i10hfl xjbqb8w x1ejq31n xd10rxx x1sy0etr x17r0tee x972fbf xcfux6l x1qhh985 xm0m39n x9f619 x1ypdohk xt0psk2 xe8uvvx xdj266r x11i5rnm xat24cr x1mh8g0r xexx8yu x4uap5 x18d9i69 xkhd6sd x16tdsg8 x1hl2dhg xggy1nq x1a2a7pz x1sur9pj xkrqix3 x1fey0fg xo1l8bm\" href=\"https:\/\/www.facebook.com\/hashtag\/crise%C3%A0lasn_sosuco?__eep__=6&amp;__cft__[0]=AZXcjfU97q4T_HZK3N3OujTxznoUR0yiWcDRDdLTCP4XXwNE5VE-WSLscYvdRf0ZT21XAWSWiD3cVpG3_iq4oCHFPZqWLPbKhX4J5hs5svzxDEc4PmzySaQ6RQIe-3iQM6mZGuUhz5kUGQvIaHeWwRCOa9kKH_XfAZhFNsAPYY5heUmjHGXvm0tCeh7V6C2Qs0o6_bdNY5KMcTlvBXEAmJC7&amp;__tn__=*NK-R\" role=\"link\" tabindex=\"0\">#Crise\u00e0laSN_SOSUCO<\/a><\/span><\/div>\n<div dir=\"auto\"><span class=\"html-span xdj266r x11i5rnm xat24cr x1mh8g0r xexx8yu x4uap5 x18d9i69 xkhd6sd x1hl2dhg x16tdsg8 x1vvkbs\"><a class=\"x1i10hfl xjbqb8w x1ejq31n xd10rxx x1sy0etr x17r0tee x972fbf xcfux6l x1qhh985 xm0m39n x9f619 x1ypdohk xt0psk2 xe8uvvx xdj266r x11i5rnm xat24cr x1mh8g0r xexx8yu x4uap5 x18d9i69 xkhd6sd x16tdsg8 x1hl2dhg xggy1nq x1a2a7pz x1sur9pj xkrqix3 x1fey0fg xo1l8bm\" href=\"https:\/\/www.facebook.com\/hashtag\/b%C3%A9r%C3%A9gadougou?__eep__=6&amp;__cft__[0]=AZXcjfU97q4T_HZK3N3OujTxznoUR0yiWcDRDdLTCP4XXwNE5VE-WSLscYvdRf0ZT21XAWSWiD3cVpG3_iq4oCHFPZqWLPbKhX4J5hs5svzxDEc4PmzySaQ6RQIe-3iQM6mZGuUhz5kUGQvIaHeWwRCOa9kKH_XfAZhFNsAPYY5heUmjHGXvm0tCeh7V6C2Qs0o6_bdNY5KMcTlvBXEAmJC7&amp;__tn__=*NK-R\" role=\"link\" tabindex=\"0\">#B\u00e9r\u00e9gadougou<\/a><\/span><\/div>\n<\/div>\n<div class=\"x11i5rnm xat24cr x1mh8g0r x1vvkbs xtlvy1s x126k92a\">\n<div dir=\"auto\">DCRP\/MFPTPS<\/div>\n<\/div>\n","protected":false},"excerpt":{"rendered":"<p>Crise \u00e0 la SN-SOSUCO : Le ministre d&rsquo;Etat, Bassolma Bazi\u00e9, r\u00e9concilie les deux parties Le ministre d&rsquo;Etat, ministre de la Fonction publique, du Travail et de la Protection sociale, Bassolma Bazi\u00e9, a r\u00e9concili\u00e9 les parties en crise \u00e0 la Nouvelle Soci\u00e9t\u00e9 sucri\u00e8re de la Como\u00e9 (SN-SOSUCO) bas\u00e9e \u00e0 B\u00e9r\u00e9gadougou dans la r\u00e9gion des Cascades. En effet, ayant effectu\u00e9 le d\u00e9placement, ce mardi 9 mai 2023, \u00e0 la recherche de solutions \u00e0 la crise n\u00e9e du licenciement de cinq travailleurs suite \u00e0 une gr\u00e8ve, en mars dernier, le ministre d&rsquo;Etat a pu mettre d&rsquo;accord la direction g\u00e9n\u00e9rale et les travailleurs autour de huit points. Ces huit points sont l\u2019arr\u00eat des pr\u00e9comptes sur les salaires des travailleurs pour cause du Service national pour le d\u00e9veloppement (SND), la reprise des cinq travailleurs licenci\u00e9s, une tr\u00eave sociale pendant une p\u00e9riode donn\u00e9e, la tenue des rencontres ou r\u00e9unions syndicales au sein de l\u2019entreprise, la prise en compte des travailleurs dans l&rsquo;attribution des villas ou parcelles de la SN-SOSUCO, la n\u00e9gociation salariale \u00e0 discuter dans un climat social serein, la question des 2% parlant de la prime d&rsquo;anciennet\u00e9, la pr\u00e9sence d&rsquo;un inspecteur du travail au sein du conseil d&rsquo;administration. Pour arriver \u00e0 ces points de consensus, il a fallu au ministre d\u2019Etat, ministre en charge de la Fonction publique et \u00e0 sa d\u00e9l\u00e9gation plusieurs heures de n\u00e9gociation avec les parties en crise. La premi\u00e8re rencontre a d\u2019abord r\u00e9uni la d\u00e9l\u00e9gation minist\u00e9rielle et la direction g\u00e9n\u00e9rale de l\u2019entreprise. Au cours des \u00e9changes, Bassolma Bazi\u00e9, a indiqu\u00e9 que l\u2019objectif de la rencontre est d\u2019aboutir \u00e0 des solutions qui puissent permettre \u00e0 la direction g\u00e9n\u00e9rale et aux travailleurs de poursuivre leurs activit\u00e9s dans la s\u00e9r\u00e9nit\u00e9. \u00abMon souhait est que des m\u00e9canismes soient trouv\u00e9s pour l\u2019apaisement du climat social. Toute chose qui permettra \u00e0 l&rsquo;entreprise d\u2019aller de l\u2019avant\u00bb, a-t-il \u00e9mis comme voeu. Prenant la parole \u00e0 son tour, le Directeur g\u00e9n\u00e9ral (DG) de la SN-SOSUCO, Moctar Kon\u00e9, a relev\u00e9 que depuis son arriv\u00e9e \u00e0 la t\u00eate de la structure, le dialogue a toujours pr\u00e9valu avec la tenue de rencontres mensuelles avec le personnel qui, le plus souvent, d\u00e9finit l\u2019ordre du jour \u00e0 aborder. Apr\u00e8s les responsables, le ministre a, ensuite, \u00e9chang\u00e9 avec les repr\u00e9sentants des travailleurs. \u00abNous avons appris que le climat social n\u2019est pas au beau fixe au sein de la SN SOSUCO. Nous ne pouvons pas entendre qu\u2019il y a une crise sans venir \u00e9changer avec vous afin de trouver des solutions\u00bb, a d\u2019entr\u00e9e de jeu fait savoir M. Bazi\u00e9 avant de passer la parole au porte-parole des travailleurs, Olivier Thiombiano. Celui-ci, a expos\u00e9 trois pr\u00e9occupations faisant l\u2019objet de la crise. Elles sont li\u00e9es \u00e0 la libert\u00e9 syndicale, la retenue de salaires de certains travailleurs pour raison de SND et un d\u00e9cret de 2010 octroyant une prime d\u2019anciennet\u00e9 dont la SN-SOSUCO applique en partie. Appuyant son camarade, Abdoulaye Tiala a fait observer que c\u2019est la question des retenues de salaires pour cause de SND qui a \u00e9t\u00e9 la goutte d\u2019eau qui a fait d\u00e9border le vase, car cela touche les plus jeunes. Une tr\u00eave sociale deux ans Apr\u00e8s avoir \u00e9cout\u00e9 ces pr\u00e9occupations, le ministre Bassolma Bazi\u00e9 a fait observer une pause pour une concertation avec sa d\u00e9l\u00e9gation afin de d\u00e9gager les points sur lesquels un consensus est possible. Les points d\u00e9gag\u00e9s ont \u00e9t\u00e9 port\u00e9s d&rsquo;abord \u00e0 la connaissance de la direction g\u00e9n\u00e9rale puis aux travailleurs. R\u00e9agissant aux propositions, le DG de la SN-SOSUCO, Moctar Kon\u00e9, a laiss\u00e9 entendre qu\u2019il y a des points qui sont au-dessus de ses pr\u00e9rogatives mais elles sont ressort du Conseil d\u2019administration. Les travailleurs ont approuv\u00e9 les points propos\u00e9s et d\u00e9cident d\u2019observer une tr\u00eave sociale de deux ans. Ainsi, durant cette p\u00e9riode, ils doivent s&rsquo;abstenir de mener des actions qui peuvent bloquer le fonctionnement de l&rsquo;entreprise. \u00ab24 mois pour une tr\u00eave sociale afin de sauver la SN SOSUCO n&rsquo;est vraiment pas incroyable, mais il faut qu&rsquo;on nous aide \u00e0 \u00e9viter les situations qui pourrissent le climat social\u00bb, a soutenu Abdoulaye Tiala, secr\u00e9taire g\u00e9n\u00e9ral du comit\u00e9 CGTB de la SN-SOSUCO. Le ministre d&rsquo;Etat a pris l&rsquo;engagement d&rsquo;\u00eatre disponible durant la p\u00e9riode de tr\u00eave pour un climat de travail social apais\u00e9. \u00abSur ce, cette rencontre scelle la r\u00e9conciliation entre les travailleurs et la direction g\u00e9n\u00e9rale de la SN-SOSUCO\u00bb, a-t-il laiss\u00e9 entendre. De retour \u00e0 Bobo-Dioulasso, le ministre en charge du Travail est all\u00e9 faire le point de la rencontre au pr\u00e9sident du Conseil d\u2019administration de la SN-SOSUCO, El Hadj Barro Djandjinaba. La d\u00e9l\u00e9gation gouvernementale \u00e9tait compos\u00e9e en plus du ministre d\u2019Etat et de son directeur de Cabinet, Mohamed Savadogo, du gouverneur de la r\u00e9gion des Cascades, le colonel Jean Charles dit Yenapono Som\u00e9 et des autorit\u00e9s locales. Cr\u00e9\u00e9e en 1965, la SN-SOSUCO emploie plus de 3 000 salari\u00e9s avec une production annuelle de 30 000 t. #R\u00e9gion_des_Cascades #Crise\u00e0laSN_SOSUCO #B\u00e9r\u00e9gadougou DCRP\/MFPTPS<\/p>\n","protected":false},"author":2,"featured_media":14103,"comment_status":"open","ping_status":"open","sticky":false,"template":"","format":"standard","meta":{"footnotes":""},"categories":[13,1,8],"tags":[],"class_list":["post-14102","post","type-post","status-publish","format-standard","has-post-thumbnail","hentry","category-une","category-actu","category-societe"],"yoast_head":"<!-- This site is optimized with the Yoast SEO plugin v27.4 - https:\/\/yoast.com\/product\/yoast-seo-wordpress\/ -->\n<title>Crise \u00e0 la SN-SOSUCO : Les deux partie fument le calm\u00e9 de paix gr\u00e2ce au ministre d&#039;Etat Bassolma - La Tribune du Faso<\/title>\n<meta name=\"robots\" content=\"index, follow, max-snippet:-1, max-image-preview:large, max-video-preview:-1\" \/>\n<link rel=\"canonical\" href=\"https:\/\/www.latribunedufaso.net\/?p=14102\" \/>\n<meta property=\"og:locale\" content=\"fr_FR\" \/>\n<meta property=\"og:type\" content=\"article\" \/>\n<meta property=\"og:title\" content=\"Crise \u00e0 la SN-SOSUCO : Les deux partie fument le calm\u00e9 de paix gr\u00e2ce au ministre d&#039;Etat Bassolma - La Tribune du Faso\" \/>\n<meta property=\"og:description\" content=\"Crise \u00e0 la SN-SOSUCO : Le ministre d&rsquo;Etat, Bassolma Bazi\u00e9, r\u00e9concilie les deux parties Le ministre d&rsquo;Etat, ministre de la Fonction publique, du Travail et de la Protection sociale, Bassolma Bazi\u00e9, a r\u00e9concili\u00e9 les parties en crise \u00e0 la Nouvelle Soci\u00e9t\u00e9 sucri\u00e8re de la Como\u00e9 (SN-SOSUCO) bas\u00e9e \u00e0 B\u00e9r\u00e9gadougou dans la r\u00e9gion des Cascades. En effet, ayant effectu\u00e9 le d\u00e9placement, ce mardi 9 mai 2023, \u00e0 la recherche de solutions \u00e0 la crise n\u00e9e du licenciement de cinq travailleurs suite \u00e0 une gr\u00e8ve, en mars dernier, le ministre d&rsquo;Etat a pu mettre d&rsquo;accord la direction g\u00e9n\u00e9rale et les travailleurs autour de huit points. Ces huit points sont l\u2019arr\u00eat des pr\u00e9comptes sur les salaires des travailleurs pour cause du Service national pour le d\u00e9veloppement (SND), la reprise des cinq travailleurs licenci\u00e9s, une tr\u00eave sociale pendant une p\u00e9riode donn\u00e9e, la tenue des rencontres ou r\u00e9unions syndicales au sein de l\u2019entreprise, la prise en compte des travailleurs dans l&rsquo;attribution des villas ou parcelles de la SN-SOSUCO, la n\u00e9gociation salariale \u00e0 discuter dans un climat social serein, la question des 2% parlant de la prime d&rsquo;anciennet\u00e9, la pr\u00e9sence d&rsquo;un inspecteur du travail au sein du conseil d&rsquo;administration. Pour arriver \u00e0 ces points de consensus, il a fallu au ministre d\u2019Etat, ministre en charge de la Fonction publique et \u00e0 sa d\u00e9l\u00e9gation plusieurs heures de n\u00e9gociation avec les parties en crise. La premi\u00e8re rencontre a d\u2019abord r\u00e9uni la d\u00e9l\u00e9gation minist\u00e9rielle et la direction g\u00e9n\u00e9rale de l\u2019entreprise. Au cours des \u00e9changes, Bassolma Bazi\u00e9, a indiqu\u00e9 que l\u2019objectif de la rencontre est d\u2019aboutir \u00e0 des solutions qui puissent permettre \u00e0 la direction g\u00e9n\u00e9rale et aux travailleurs de poursuivre leurs activit\u00e9s dans la s\u00e9r\u00e9nit\u00e9. \u00abMon souhait est que des m\u00e9canismes soient trouv\u00e9s pour l\u2019apaisement du climat social. Toute chose qui permettra \u00e0 l&rsquo;entreprise d\u2019aller de l\u2019avant\u00bb, a-t-il \u00e9mis comme voeu. Prenant la parole \u00e0 son tour, le Directeur g\u00e9n\u00e9ral (DG) de la SN-SOSUCO, Moctar Kon\u00e9, a relev\u00e9 que depuis son arriv\u00e9e \u00e0 la t\u00eate de la structure, le dialogue a toujours pr\u00e9valu avec la tenue de rencontres mensuelles avec le personnel qui, le plus souvent, d\u00e9finit l\u2019ordre du jour \u00e0 aborder. Apr\u00e8s les responsables, le ministre a, ensuite, \u00e9chang\u00e9 avec les repr\u00e9sentants des travailleurs. \u00abNous avons appris que le climat social n\u2019est pas au beau fixe au sein de la SN SOSUCO. Nous ne pouvons pas entendre qu\u2019il y a une crise sans venir \u00e9changer avec vous afin de trouver des solutions\u00bb, a d\u2019entr\u00e9e de jeu fait savoir M. Bazi\u00e9 avant de passer la parole au porte-parole des travailleurs, Olivier Thiombiano. Celui-ci, a expos\u00e9 trois pr\u00e9occupations faisant l\u2019objet de la crise. Elles sont li\u00e9es \u00e0 la libert\u00e9 syndicale, la retenue de salaires de certains travailleurs pour raison de SND et un d\u00e9cret de 2010 octroyant une prime d\u2019anciennet\u00e9 dont la SN-SOSUCO applique en partie. Appuyant son camarade, Abdoulaye Tiala a fait observer que c\u2019est la question des retenues de salaires pour cause de SND qui a \u00e9t\u00e9 la goutte d\u2019eau qui a fait d\u00e9border le vase, car cela touche les plus jeunes. Une tr\u00eave sociale deux ans Apr\u00e8s avoir \u00e9cout\u00e9 ces pr\u00e9occupations, le ministre Bassolma Bazi\u00e9 a fait observer une pause pour une concertation avec sa d\u00e9l\u00e9gation afin de d\u00e9gager les points sur lesquels un consensus est possible. Les points d\u00e9gag\u00e9s ont \u00e9t\u00e9 port\u00e9s d&rsquo;abord \u00e0 la connaissance de la direction g\u00e9n\u00e9rale puis aux travailleurs. R\u00e9agissant aux propositions, le DG de la SN-SOSUCO, Moctar Kon\u00e9, a laiss\u00e9 entendre qu\u2019il y a des points qui sont au-dessus de ses pr\u00e9rogatives mais elles sont ressort du Conseil d\u2019administration. Les travailleurs ont approuv\u00e9 les points propos\u00e9s et d\u00e9cident d\u2019observer une tr\u00eave sociale de deux ans. Ainsi, durant cette p\u00e9riode, ils doivent s&rsquo;abstenir de mener des actions qui peuvent bloquer le fonctionnement de l&rsquo;entreprise. \u00ab24 mois pour une tr\u00eave sociale afin de sauver la SN SOSUCO n&rsquo;est vraiment pas incroyable, mais il faut qu&rsquo;on nous aide \u00e0 \u00e9viter les situations qui pourrissent le climat social\u00bb, a soutenu Abdoulaye Tiala, secr\u00e9taire g\u00e9n\u00e9ral du comit\u00e9 CGTB de la SN-SOSUCO. Le ministre d&rsquo;Etat a pris l&rsquo;engagement d&rsquo;\u00eatre disponible durant la p\u00e9riode de tr\u00eave pour un climat de travail social apais\u00e9. \u00abSur ce, cette rencontre scelle la r\u00e9conciliation entre les travailleurs et la direction g\u00e9n\u00e9rale de la SN-SOSUCO\u00bb, a-t-il laiss\u00e9 entendre. De retour \u00e0 Bobo-Dioulasso, le ministre en charge du Travail est all\u00e9 faire le point de la rencontre au pr\u00e9sident du Conseil d\u2019administration de la SN-SOSUCO, El Hadj Barro Djandjinaba. La d\u00e9l\u00e9gation gouvernementale \u00e9tait compos\u00e9e en plus du ministre d\u2019Etat et de son directeur de Cabinet, Mohamed Savadogo, du gouverneur de la r\u00e9gion des Cascades, le colonel Jean Charles dit Yenapono Som\u00e9 et des autorit\u00e9s locales. Cr\u00e9\u00e9e en 1965, la SN-SOSUCO emploie plus de 3 000 salari\u00e9s avec une production annuelle de 30 000 t. #R\u00e9gion_des_Cascades #Crise\u00e0laSN_SOSUCO #B\u00e9r\u00e9gadougou DCRP\/MFPTPS\" \/>\n<meta property=\"og:url\" content=\"https:\/\/www.latribunedufaso.net\/?p=14102\" \/>\n<meta property=\"og:site_name\" content=\"La Tribune du Faso\" \/>\n<meta property=\"article:publisher\" content=\"https:\/\/www.facebook.com\/LatribuneduFaso\/\" \/>\n<meta property=\"article:published_time\" content=\"2023-05-09T21:44:31+00:00\" \/>\n<meta property=\"article:modified_time\" content=\"2024-06-05T18:31:52+00:00\" \/>\n<meta property=\"og:image\" content=\"https:\/\/www.latribunedufaso.net\/wp-content\/uploads\/2024\/06\/345830550_990790938583436_1130057776333876680_n.jpg\" \/>\n\t<meta property=\"og:image:width\" content=\"1600\" \/>\n\t<meta property=\"og:image:height\" content=\"908\" \/>\n\t<meta property=\"og:image:type\" content=\"image\/jpeg\" \/>\n<meta name=\"author\" content=\"Administrateur\" \/>\n<meta name=\"twitter:label1\" content=\"\u00c9crit par\" \/>\n\t<meta name=\"twitter:data1\" content=\"Administrateur\" \/>\n\t<meta name=\"twitter:label2\" content=\"Dur\u00e9e de lecture estim\u00e9e\" \/>\n\t<meta name=\"twitter:data2\" content=\"4 minutes\" \/>\n<script type=\"application\/ld+json\" class=\"yoast-schema-graph\">{\"@context\":\"https:\\\/\\\/schema.org\",\"@graph\":[{\"@type\":\"Article\",\"@id\":\"https:\\\/\\\/www.latribunedufaso.net\\\/?p=14102#article\",\"isPartOf\":{\"@id\":\"https:\\\/\\\/www.latribunedufaso.net\\\/?p=14102\"},\"author\":{\"name\":\"Administrateur\",\"@id\":\"https:\\\/\\\/www.latribunedufaso.net\\\/#\\\/schema\\\/person\\\/a380782d0605bb8aae27c40ea93b35b1\"},\"headline\":\"Crise \u00e0 la SN-SOSUCO : Les deux partie fument le calm\u00e9 de paix gr\u00e2ce au ministre d&rsquo;Etat Bassolma\",\"datePublished\":\"2023-05-09T21:44:31+00:00\",\"dateModified\":\"2024-06-05T18:31:52+00:00\",\"mainEntityOfPage\":{\"@id\":\"https:\\\/\\\/www.latribunedufaso.net\\\/?p=14102\"},\"wordCount\":917,\"commentCount\":0,\"publisher\":{\"@id\":\"https:\\\/\\\/www.latribunedufaso.net\\\/#organization\"},\"image\":{\"@id\":\"https:\\\/\\\/www.latribunedufaso.net\\\/?p=14102#primaryimage\"},\"thumbnailUrl\":\"https:\\\/\\\/www.latribunedufaso.net\\\/wp-content\\\/uploads\\\/2024\\\/06\\\/345830550_990790938583436_1130057776333876680_n.jpg\",\"articleSection\":[\"A la une\",\"Actualit\u00e9\",\"Soci\u00e9t\u00e9\"],\"inLanguage\":\"fr-FR\",\"potentialAction\":[{\"@type\":\"CommentAction\",\"name\":\"Comment\",\"target\":[\"https:\\\/\\\/www.latribunedufaso.net\\\/?p=14102#respond\"]}]},{\"@type\":\"WebPage\",\"@id\":\"https:\\\/\\\/www.latribunedufaso.net\\\/?p=14102\",\"url\":\"https:\\\/\\\/www.latribunedufaso.net\\\/?p=14102\",\"name\":\"Crise \u00e0 la SN-SOSUCO : Les deux partie fument le calm\u00e9 de paix gr\u00e2ce au ministre d'Etat Bassolma - La Tribune du Faso\",\"isPartOf\":{\"@id\":\"https:\\\/\\\/www.latribunedufaso.net\\\/#website\"},\"primaryImageOfPage\":{\"@id\":\"https:\\\/\\\/www.latribunedufaso.net\\\/?p=14102#primaryimage\"},\"image\":{\"@id\":\"https:\\\/\\\/www.latribunedufaso.net\\\/?p=14102#primaryimage\"},\"thumbnailUrl\":\"https:\\\/\\\/www.latribunedufaso.net\\\/wp-content\\\/uploads\\\/2024\\\/06\\\/345830550_990790938583436_1130057776333876680_n.jpg\",\"datePublished\":\"2023-05-09T21:44:31+00:00\",\"dateModified\":\"2024-06-05T18:31:52+00:00\",\"breadcrumb\":{\"@id\":\"https:\\\/\\\/www.latribunedufaso.net\\\/?p=14102#breadcrumb\"},\"inLanguage\":\"fr-FR\",\"potentialAction\":[{\"@type\":\"ReadAction\",\"target\":[\"https:\\\/\\\/www.latribunedufaso.net\\\/?p=14102\"]}]},{\"@type\":\"ImageObject\",\"inLanguage\":\"fr-FR\",\"@id\":\"https:\\\/\\\/www.latribunedufaso.net\\\/?p=14102#primaryimage\",\"url\":\"https:\\\/\\\/www.latribunedufaso.net\\\/wp-content\\\/uploads\\\/2024\\\/06\\\/345830550_990790938583436_1130057776333876680_n.jpg\",\"contentUrl\":\"https:\\\/\\\/www.latribunedufaso.net\\\/wp-content\\\/uploads\\\/2024\\\/06\\\/345830550_990790938583436_1130057776333876680_n.jpg\",\"width\":1600,\"height\":908},{\"@type\":\"BreadcrumbList\",\"@id\":\"https:\\\/\\\/www.latribunedufaso.net\\\/?p=14102#breadcrumb\",\"itemListElement\":[{\"@type\":\"ListItem\",\"position\":1,\"name\":\"Accueil\",\"item\":\"https:\\\/\\\/www.latribunedufaso.net\\\/\"},{\"@type\":\"ListItem\",\"position\":2,\"name\":\"Crise \u00e0 la SN-SOSUCO : Les deux partie fument le calm\u00e9 de paix gr\u00e2ce au ministre d&rsquo;Etat Bassolma\"}]},{\"@type\":\"WebSite\",\"@id\":\"https:\\\/\\\/www.latribunedufaso.net\\\/#website\",\"url\":\"https:\\\/\\\/www.latribunedufaso.net\\\/\",\"name\":\"La Tribune du Faso\",\"description\":\"L&#039;information du monde rural en un clic\",\"publisher\":{\"@id\":\"https:\\\/\\\/www.latribunedufaso.net\\\/#organization\"},\"potentialAction\":[{\"@type\":\"SearchAction\",\"target\":{\"@type\":\"EntryPoint\",\"urlTemplate\":\"https:\\\/\\\/www.latribunedufaso.net\\\/?s={search_term_string}\"},\"query-input\":{\"@type\":\"PropertyValueSpecification\",\"valueRequired\":true,\"valueName\":\"search_term_string\"}}],\"inLanguage\":\"fr-FR\"},{\"@type\":\"Organization\",\"@id\":\"https:\\\/\\\/www.latribunedufaso.net\\\/#organization\",\"name\":\"La Tribune du Faso\",\"url\":\"https:\\\/\\\/www.latribunedufaso.net\\\/\",\"logo\":{\"@type\":\"ImageObject\",\"inLanguage\":\"fr-FR\",\"@id\":\"https:\\\/\\\/www.latribunedufaso.net\\\/#\\\/schema\\\/logo\\\/image\\\/\",\"url\":\"https:\\\/\\\/www.latribunedufaso.net\\\/wp-content\\\/uploads\\\/2020\\\/08\\\/Logo-Tribune-du-Faso-final-scaled.jpg\",\"contentUrl\":\"https:\\\/\\\/www.latribunedufaso.net\\\/wp-content\\\/uploads\\\/2020\\\/08\\\/Logo-Tribune-du-Faso-final-scaled.jpg\",\"width\":2560,\"height\":1856,\"caption\":\"La Tribune du Faso\"},\"image\":{\"@id\":\"https:\\\/\\\/www.latribunedufaso.net\\\/#\\\/schema\\\/logo\\\/image\\\/\"},\"sameAs\":[\"https:\\\/\\\/www.facebook.com\\\/LatribuneduFaso\\\/\"]},{\"@type\":\"Person\",\"@id\":\"https:\\\/\\\/www.latribunedufaso.net\\\/#\\\/schema\\\/person\\\/a380782d0605bb8aae27c40ea93b35b1\",\"name\":\"Administrateur\",\"image\":{\"@type\":\"ImageObject\",\"inLanguage\":\"fr-FR\",\"@id\":\"https:\\\/\\\/secure.gravatar.com\\\/avatar\\\/e20266f97d741f0e80ba1f60283074a9b3317fd7bfb727e0d95b51dafbf854a1?s=96&d=mm&r=g\",\"url\":\"https:\\\/\\\/secure.gravatar.com\\\/avatar\\\/e20266f97d741f0e80ba1f60283074a9b3317fd7bfb727e0d95b51dafbf854a1?s=96&d=mm&r=g\",\"contentUrl\":\"https:\\\/\\\/secure.gravatar.com\\\/avatar\\\/e20266f97d741f0e80ba1f60283074a9b3317fd7bfb727e0d95b51dafbf854a1?s=96&d=mm&r=g\",\"caption\":\"Administrateur\"},\"url\":\"https:\\\/\\\/www.latribunedufaso.net\\\/?author=2\"}]}<\/script>\n<!-- \/ Yoast SEO plugin. -->","yoast_head_json":{"title":"Crise \u00e0 la SN-SOSUCO : Les deux partie fument le calm\u00e9 de paix gr\u00e2ce au ministre d'Etat Bassolma - La Tribune du Faso","robots":{"index":"index","follow":"follow","max-snippet":"max-snippet:-1","max-image-preview":"max-image-preview:large","max-video-preview":"max-video-preview:-1"},"canonical":"https:\/\/www.latribunedufaso.net\/?p=14102","og_locale":"fr_FR","og_type":"article","og_title":"Crise \u00e0 la SN-SOSUCO : Les deux partie fument le calm\u00e9 de paix gr\u00e2ce au ministre d'Etat Bassolma - La Tribune du Faso","og_description":"Crise \u00e0 la SN-SOSUCO : Le ministre d&rsquo;Etat, Bassolma Bazi\u00e9, r\u00e9concilie les deux parties Le ministre d&rsquo;Etat, ministre de la Fonction publique, du Travail et de la Protection sociale, Bassolma Bazi\u00e9, a r\u00e9concili\u00e9 les parties en crise \u00e0 la Nouvelle Soci\u00e9t\u00e9 sucri\u00e8re de la Como\u00e9 (SN-SOSUCO) bas\u00e9e \u00e0 B\u00e9r\u00e9gadougou dans la r\u00e9gion des Cascades. En effet, ayant effectu\u00e9 le d\u00e9placement, ce mardi 9 mai 2023, \u00e0 la recherche de solutions \u00e0 la crise n\u00e9e du licenciement de cinq travailleurs suite \u00e0 une gr\u00e8ve, en mars dernier, le ministre d&rsquo;Etat a pu mettre d&rsquo;accord la direction g\u00e9n\u00e9rale et les travailleurs autour de huit points. Ces huit points sont l\u2019arr\u00eat des pr\u00e9comptes sur les salaires des travailleurs pour cause du Service national pour le d\u00e9veloppement (SND), la reprise des cinq travailleurs licenci\u00e9s, une tr\u00eave sociale pendant une p\u00e9riode donn\u00e9e, la tenue des rencontres ou r\u00e9unions syndicales au sein de l\u2019entreprise, la prise en compte des travailleurs dans l&rsquo;attribution des villas ou parcelles de la SN-SOSUCO, la n\u00e9gociation salariale \u00e0 discuter dans un climat social serein, la question des 2% parlant de la prime d&rsquo;anciennet\u00e9, la pr\u00e9sence d&rsquo;un inspecteur du travail au sein du conseil d&rsquo;administration. Pour arriver \u00e0 ces points de consensus, il a fallu au ministre d\u2019Etat, ministre en charge de la Fonction publique et \u00e0 sa d\u00e9l\u00e9gation plusieurs heures de n\u00e9gociation avec les parties en crise. La premi\u00e8re rencontre a d\u2019abord r\u00e9uni la d\u00e9l\u00e9gation minist\u00e9rielle et la direction g\u00e9n\u00e9rale de l\u2019entreprise. Au cours des \u00e9changes, Bassolma Bazi\u00e9, a indiqu\u00e9 que l\u2019objectif de la rencontre est d\u2019aboutir \u00e0 des solutions qui puissent permettre \u00e0 la direction g\u00e9n\u00e9rale et aux travailleurs de poursuivre leurs activit\u00e9s dans la s\u00e9r\u00e9nit\u00e9. \u00abMon souhait est que des m\u00e9canismes soient trouv\u00e9s pour l\u2019apaisement du climat social. Toute chose qui permettra \u00e0 l&rsquo;entreprise d\u2019aller de l\u2019avant\u00bb, a-t-il \u00e9mis comme voeu. Prenant la parole \u00e0 son tour, le Directeur g\u00e9n\u00e9ral (DG) de la SN-SOSUCO, Moctar Kon\u00e9, a relev\u00e9 que depuis son arriv\u00e9e \u00e0 la t\u00eate de la structure, le dialogue a toujours pr\u00e9valu avec la tenue de rencontres mensuelles avec le personnel qui, le plus souvent, d\u00e9finit l\u2019ordre du jour \u00e0 aborder. Apr\u00e8s les responsables, le ministre a, ensuite, \u00e9chang\u00e9 avec les repr\u00e9sentants des travailleurs. \u00abNous avons appris que le climat social n\u2019est pas au beau fixe au sein de la SN SOSUCO. Nous ne pouvons pas entendre qu\u2019il y a une crise sans venir \u00e9changer avec vous afin de trouver des solutions\u00bb, a d\u2019entr\u00e9e de jeu fait savoir M. Bazi\u00e9 avant de passer la parole au porte-parole des travailleurs, Olivier Thiombiano. Celui-ci, a expos\u00e9 trois pr\u00e9occupations faisant l\u2019objet de la crise. Elles sont li\u00e9es \u00e0 la libert\u00e9 syndicale, la retenue de salaires de certains travailleurs pour raison de SND et un d\u00e9cret de 2010 octroyant une prime d\u2019anciennet\u00e9 dont la SN-SOSUCO applique en partie. Appuyant son camarade, Abdoulaye Tiala a fait observer que c\u2019est la question des retenues de salaires pour cause de SND qui a \u00e9t\u00e9 la goutte d\u2019eau qui a fait d\u00e9border le vase, car cela touche les plus jeunes. Une tr\u00eave sociale deux ans Apr\u00e8s avoir \u00e9cout\u00e9 ces pr\u00e9occupations, le ministre Bassolma Bazi\u00e9 a fait observer une pause pour une concertation avec sa d\u00e9l\u00e9gation afin de d\u00e9gager les points sur lesquels un consensus est possible. Les points d\u00e9gag\u00e9s ont \u00e9t\u00e9 port\u00e9s d&rsquo;abord \u00e0 la connaissance de la direction g\u00e9n\u00e9rale puis aux travailleurs. R\u00e9agissant aux propositions, le DG de la SN-SOSUCO, Moctar Kon\u00e9, a laiss\u00e9 entendre qu\u2019il y a des points qui sont au-dessus de ses pr\u00e9rogatives mais elles sont ressort du Conseil d\u2019administration. Les travailleurs ont approuv\u00e9 les points propos\u00e9s et d\u00e9cident d\u2019observer une tr\u00eave sociale de deux ans. Ainsi, durant cette p\u00e9riode, ils doivent s&rsquo;abstenir de mener des actions qui peuvent bloquer le fonctionnement de l&rsquo;entreprise. \u00ab24 mois pour une tr\u00eave sociale afin de sauver la SN SOSUCO n&rsquo;est vraiment pas incroyable, mais il faut qu&rsquo;on nous aide \u00e0 \u00e9viter les situations qui pourrissent le climat social\u00bb, a soutenu Abdoulaye Tiala, secr\u00e9taire g\u00e9n\u00e9ral du comit\u00e9 CGTB de la SN-SOSUCO. Le ministre d&rsquo;Etat a pris l&rsquo;engagement d&rsquo;\u00eatre disponible durant la p\u00e9riode de tr\u00eave pour un climat de travail social apais\u00e9. \u00abSur ce, cette rencontre scelle la r\u00e9conciliation entre les travailleurs et la direction g\u00e9n\u00e9rale de la SN-SOSUCO\u00bb, a-t-il laiss\u00e9 entendre. De retour \u00e0 Bobo-Dioulasso, le ministre en charge du Travail est all\u00e9 faire le point de la rencontre au pr\u00e9sident du Conseil d\u2019administration de la SN-SOSUCO, El Hadj Barro Djandjinaba. La d\u00e9l\u00e9gation gouvernementale \u00e9tait compos\u00e9e en plus du ministre d\u2019Etat et de son directeur de Cabinet, Mohamed Savadogo, du gouverneur de la r\u00e9gion des Cascades, le colonel Jean Charles dit Yenapono Som\u00e9 et des autorit\u00e9s locales. Cr\u00e9\u00e9e en 1965, la SN-SOSUCO emploie plus de 3 000 salari\u00e9s avec une production annuelle de 30 000 t. #R\u00e9gion_des_Cascades #Crise\u00e0laSN_SOSUCO #B\u00e9r\u00e9gadougou DCRP\/MFPTPS","og_url":"https:\/\/www.latribunedufaso.net\/?p=14102","og_site_name":"La Tribune du Faso","article_publisher":"https:\/\/www.facebook.com\/LatribuneduFaso\/","article_published_time":"2023-05-09T21:44:31+00:00","article_modified_time":"2024-06-05T18:31:52+00:00","og_image":[{"width":1600,"height":908,"url":"https:\/\/www.latribunedufaso.net\/wp-content\/uploads\/2024\/06\/345830550_990790938583436_1130057776333876680_n.jpg","type":"image\/jpeg"}],"author":"Administrateur","twitter_misc":{"\u00c9crit par":"Administrateur","Dur\u00e9e de lecture estim\u00e9e":"4 minutes"},"schema":{"@context":"https:\/\/schema.org","@graph":[{"@type":"Article","@id":"https:\/\/www.latribunedufaso.net\/?p=14102#article","isPartOf":{"@id":"https:\/\/www.latribunedufaso.net\/?p=14102"},"author":{"name":"Administrateur","@id":"https:\/\/www.latribunedufaso.net\/#\/schema\/person\/a380782d0605bb8aae27c40ea93b35b1"},"headline":"Crise \u00e0 la SN-SOSUCO : Les deux partie fument le calm\u00e9 de paix gr\u00e2ce au ministre d&rsquo;Etat Bassolma","datePublished":"2023-05-09T21:44:31+00:00","dateModified":"2024-06-05T18:31:52+00:00","mainEntityOfPage":{"@id":"https:\/\/www.latribunedufaso.net\/?p=14102"},"wordCount":917,"commentCount":0,"publisher":{"@id":"https:\/\/www.latribunedufaso.net\/#organization"},"image":{"@id":"https:\/\/www.latribunedufaso.net\/?p=14102#primaryimage"},"thumbnailUrl":"https:\/\/www.latribunedufaso.net\/wp-content\/uploads\/2024\/06\/345830550_990790938583436_1130057776333876680_n.jpg","articleSection":["A la une","Actualit\u00e9","Soci\u00e9t\u00e9"],"inLanguage":"fr-FR","potentialAction":[{"@type":"CommentAction","name":"Comment","target":["https:\/\/www.latribunedufaso.net\/?p=14102#respond"]}]},{"@type":"WebPage","@id":"https:\/\/www.latribunedufaso.net\/?p=14102","url":"https:\/\/www.latribunedufaso.net\/?p=14102","name":"Crise \u00e0 la SN-SOSUCO : Les deux partie fument le calm\u00e9 de paix gr\u00e2ce au ministre d'Etat Bassolma - La Tribune du Faso","isPartOf":{"@id":"https:\/\/www.latribunedufaso.net\/#website"},"primaryImageOfPage":{"@id":"https:\/\/www.latribunedufaso.net\/?p=14102#primaryimage"},"image":{"@id":"https:\/\/www.latribunedufaso.net\/?p=14102#primaryimage"},"thumbnailUrl":"https:\/\/www.latribunedufaso.net\/wp-content\/uploads\/2024\/06\/345830550_990790938583436_1130057776333876680_n.jpg","datePublished":"2023-05-09T21:44:31+00:00","dateModified":"2024-06-05T18:31:52+00:00","breadcrumb":{"@id":"https:\/\/www.latribunedufaso.net\/?p=14102#breadcrumb"},"inLanguage":"fr-FR","potentialAction":[{"@type":"ReadAction","target":["https:\/\/www.latribunedufaso.net\/?p=14102"]}]},{"@type":"ImageObject","inLanguage":"fr-FR","@id":"https:\/\/www.latribunedufaso.net\/?p=14102#primaryimage","url":"https:\/\/www.latribunedufaso.net\/wp-content\/uploads\/2024\/06\/345830550_990790938583436_1130057776333876680_n.jpg","contentUrl":"https:\/\/www.latribunedufaso.net\/wp-content\/uploads\/2024\/06\/345830550_990790938583436_1130057776333876680_n.jpg","width":1600,"height":908},{"@type":"BreadcrumbList","@id":"https:\/\/www.latribunedufaso.net\/?p=14102#breadcrumb","itemListElement":[{"@type":"ListItem","position":1,"name":"Accueil","item":"https:\/\/www.latribunedufaso.net\/"},{"@type":"ListItem","position":2,"name":"Crise \u00e0 la SN-SOSUCO : Les deux partie fument le calm\u00e9 de paix gr\u00e2ce au ministre d&rsquo;Etat Bassolma"}]},{"@type":"WebSite","@id":"https:\/\/www.latribunedufaso.net\/#website","url":"https:\/\/www.latribunedufaso.net\/","name":"La Tribune du Faso","description":"L&#039;information du monde rural en un clic","publisher":{"@id":"https:\/\/www.latribunedufaso.net\/#organization"},"potentialAction":[{"@type":"SearchAction","target":{"@type":"EntryPoint","urlTemplate":"https:\/\/www.latribunedufaso.net\/?s={search_term_string}"},"query-input":{"@type":"PropertyValueSpecification","valueRequired":true,"valueName":"search_term_string"}}],"inLanguage":"fr-FR"},{"@type":"Organization","@id":"https:\/\/www.latribunedufaso.net\/#organization","name":"La Tribune du Faso","url":"https:\/\/www.latribunedufaso.net\/","logo":{"@type":"ImageObject","inLanguage":"fr-FR","@id":"https:\/\/www.latribunedufaso.net\/#\/schema\/logo\/image\/","url":"https:\/\/www.latribunedufaso.net\/wp-content\/uploads\/2020\/08\/Logo-Tribune-du-Faso-final-scaled.jpg","contentUrl":"https:\/\/www.latribunedufaso.net\/wp-content\/uploads\/2020\/08\/Logo-Tribune-du-Faso-final-scaled.jpg","width":2560,"height":1856,"caption":"La Tribune du Faso"},"image":{"@id":"https:\/\/www.latribunedufaso.net\/#\/schema\/logo\/image\/"},"sameAs":["https:\/\/www.facebook.com\/LatribuneduFaso\/"]},{"@type":"Person","@id":"https:\/\/www.latribunedufaso.net\/#\/schema\/person\/a380782d0605bb8aae27c40ea93b35b1","name":"Administrateur","image":{"@type":"ImageObject","inLanguage":"fr-FR","@id":"https:\/\/secure.gravatar.com\/avatar\/e20266f97d741f0e80ba1f60283074a9b3317fd7bfb727e0d95b51dafbf854a1?s=96&d=mm&r=g","url":"https:\/\/secure.gravatar.com\/avatar\/e20266f97d741f0e80ba1f60283074a9b3317fd7bfb727e0d95b51dafbf854a1?s=96&d=mm&r=g","contentUrl":"https:\/\/secure.gravatar.com\/avatar\/e20266f97d741f0e80ba1f60283074a9b3317fd7bfb727e0d95b51dafbf854a1?s=96&d=mm&r=g","caption":"Administrateur"},"url":"https:\/\/www.latribunedufaso.net\/?author=2"}]}},"_links":{"self":[{"href":"https:\/\/www.latribunedufaso.net\/index.php?rest_route=\/wp\/v2\/posts\/14102","targetHints":{"allow":["GET"]}}],"collection":[{"href":"https:\/\/www.latribunedufaso.net\/index.php?rest_route=\/wp\/v2\/posts"}],"about":[{"href":"https:\/\/www.latribunedufaso.net\/index.php?rest_route=\/wp\/v2\/types\/post"}],"author":[{"embeddable":true,"href":"https:\/\/www.latribunedufaso.net\/index.php?rest_route=\/wp\/v2\/users\/2"}],"replies":[{"embeddable":true,"href":"https:\/\/www.latribunedufaso.net\/index.php?rest_route=%2Fwp%2Fv2%2Fcomments&post=14102"}],"version-history":[{"count":2,"href":"https:\/\/www.latribunedufaso.net\/index.php?rest_route=\/wp\/v2\/posts\/14102\/revisions"}],"predecessor-version":[{"id":14105,"href":"https:\/\/www.latribunedufaso.net\/index.php?rest_route=\/wp\/v2\/posts\/14102\/revisions\/14105"}],"wp:featuredmedia":[{"embeddable":true,"href":"https:\/\/www.latribunedufaso.net\/index.php?rest_route=\/wp\/v2\/media\/14103"}],"wp:attachment":[{"href":"https:\/\/www.latribunedufaso.net\/index.php?rest_route=%2Fwp%2Fv2%2Fmedia&parent=14102"}],"wp:term":[{"taxonomy":"category","embeddable":true,"href":"https:\/\/www.latribunedufaso.net\/index.php?rest_route=%2Fwp%2Fv2%2Fcategories&post=14102"},{"taxonomy":"post_tag","embeddable":true,"href":"https:\/\/www.latribunedufaso.net\/index.php?rest_route=%2Fwp%2Fv2%2Ftags&post=14102"}],"curies":[{"name":"wp","href":"https:\/\/api.w.org\/{rel}","templated":true}]}}