{"id":14077,"date":"2023-03-27T22:52:16","date_gmt":"2023-03-27T22:52:16","guid":{"rendered":"https:\/\/www.latribunedufaso.net\/?p=14077"},"modified":"2024-06-05T16:58:37","modified_gmt":"2024-06-05T16:58:37","slug":"ministere-de-la-sante-les-acteurs-de-la-gestion-des-ressources-humaines-en-rencontre","status":"publish","type":"post","link":"https:\/\/www.latribunedufaso.net\/?p=14077","title":{"rendered":"Minist\u00e8re de la Sant\u00e9 : Les acteurs de la gestion des ressources humaines en rencontre"},"content":{"rendered":"<div class=\"xdj266r x11i5rnm xat24cr x1mh8g0r x1vvkbs x126k92a\">\n<div dir=\"auto\">Gestion des ressources humaines en sant\u00e9<\/div>\n<div dir=\"auto\">Les acteurs \u00e9changent sur les d\u00e9fis du moment<\/div>\n<div dir=\"auto\">Le ministre de la Sant\u00e9 et de l\u2019Hygi\u00e8ne publique, Dr Robert Kargougou, a pr\u00e9sid\u00e9, ce lundi 27 mars 2023 \u00e0 Ouagadougou, l\u2019ouverture des travaux de la premi\u00e8re rencontre du cadre de concertation des acteurs de la gestion des ressources humaines de son d\u00e9partement. Elle a r\u00e9uni les responsables des ressources humaines des diff\u00e9rentes structures du d\u00e9partement en charge de la Sant\u00e9 et des <a tabindex=\"-1\"><\/a>repr\u00e9sentants des minist\u00e8res en charge de la Fonction publique et des Finances.<\/div>\n<div dir=\"auto\">Cette premi\u00e8re rencontre du cadre de concertation des acteurs de la gestion des ressources humaines a pour principal objectif d\u2019\u00e9changer sur les d\u00e9fis actuels de la gestion des ressources humaines du minist\u00e8re de la Sant\u00e9 et de l\u2019Hygi\u00e8ne publique. Mis en place dans le cadre de la promotion des bonnes pratiques pour une gestion saine des ressources humaines en sant\u00e9, ce cadre va contribuer \u00e0 harmoniser les interventions dans les diff\u00e9rentes structures \u00e0 tous les niveaux du secteur de la sant\u00e9.<\/div>\n<div dir=\"auto\">Le ministre de la sant\u00e9 et de l\u2019Hygi\u00e8ne publique, Dr Robert Kargougou, a salu\u00e9 le professionnalisme, l\u2019engagement, et le d\u00e9vouement des acteurs de gestion de ressources humaines \u00e0 assurer la mise en \u0153uvre des reformes de la fonction publique hospitali\u00e8re en d\u00e9pit des difficult\u00e9s rencontr\u00e9es. Il les a exhort\u00e9s de continuer dans la recherche de solutions pour prendre en charge les questions pendantes notamment l\u2019incidence financi\u00e8re des agents nouvellement reclass\u00e9s, la garde effective conforment au r\u00e9gime indemnitaire de la fonction publique hospitali\u00e8re, le r\u00e9tablissement des salaires et la prise des actes de carri\u00e8re dans des d\u00e9lais acceptables.<\/div>\n<div dir=\"auto\">Pour le Directeur des ressources humaines, Salif Siguir\u00e9, durant cinq jours, les acteurs de la gestion des ressources humaines au niveau centrale que d\u00e9concentr\u00e9 du d\u00e9partement en charge de la sant\u00e9 passeront en revue les difficult\u00e9s qui entravent la gestion efficace des ressources humaines, li\u00e9es en partie aux reformes notamment la fonction publique hospitali\u00e8re. Cette rencontre devrait permettre la liquidation rapide des dossiers en instance.<\/div>\n<div dir=\"auto\">En rappel, le cadre de concertation entre les acteurs intervenants dans la chaine de gestion des ressources humaines du Minist\u00e8re de la sant\u00e9 (CPC-GRH) a \u00e9t\u00e9 mis en place par arr\u00eat\u00e9 N\u00b02021-081\/MS\/CAB du 04 mai 2021.<\/div>\n<\/div>\n<div class=\"x11i5rnm xat24cr x1mh8g0r x1vvkbs xtlvy1s x126k92a\">\n<div dir=\"auto\">DCRP\/MSHP<\/div>\n<\/div>\n","protected":false},"excerpt":{"rendered":"<p>Gestion des ressources humaines en sant\u00e9 Les acteurs \u00e9changent sur les d\u00e9fis du moment Le ministre de la Sant\u00e9 et de l\u2019Hygi\u00e8ne publique, Dr Robert Kargougou, a pr\u00e9sid\u00e9, ce lundi 27 mars 2023 \u00e0 Ouagadougou, l\u2019ouverture des travaux de la premi\u00e8re rencontre du cadre de concertation des acteurs de la gestion des ressources humaines de son d\u00e9partement. Elle a r\u00e9uni les responsables des ressources humaines des diff\u00e9rentes structures du d\u00e9partement en charge de la Sant\u00e9 et des repr\u00e9sentants des minist\u00e8res en charge de la Fonction publique et des Finances. Cette premi\u00e8re rencontre du cadre de concertation des acteurs de la gestion des ressources humaines a pour principal objectif d\u2019\u00e9changer sur les d\u00e9fis actuels de la gestion des ressources humaines du minist\u00e8re de la Sant\u00e9 et de l\u2019Hygi\u00e8ne publique. Mis en place dans le cadre de la promotion des bonnes pratiques pour une gestion saine des ressources humaines en sant\u00e9, ce cadre va contribuer \u00e0 harmoniser les interventions dans les diff\u00e9rentes structures \u00e0 tous les niveaux du secteur de la sant\u00e9. Le ministre de la sant\u00e9 et de l\u2019Hygi\u00e8ne publique, Dr Robert Kargougou, a salu\u00e9 le professionnalisme, l\u2019engagement, et le d\u00e9vouement des acteurs de gestion de ressources humaines \u00e0 assurer la mise en \u0153uvre des reformes de la fonction publique hospitali\u00e8re en d\u00e9pit des difficult\u00e9s rencontr\u00e9es. Il les a exhort\u00e9s de continuer dans la recherche de solutions pour prendre en charge les questions pendantes notamment l\u2019incidence financi\u00e8re des agents nouvellement reclass\u00e9s, la garde effective conforment au r\u00e9gime indemnitaire de la fonction publique hospitali\u00e8re, le r\u00e9tablissement des salaires et la prise des actes de carri\u00e8re dans des d\u00e9lais acceptables. Pour le Directeur des ressources humaines, Salif Siguir\u00e9, durant cinq jours, les acteurs de la gestion des ressources humaines au niveau centrale que d\u00e9concentr\u00e9 du d\u00e9partement en charge de la sant\u00e9 passeront en revue les difficult\u00e9s qui entravent la gestion efficace des ressources humaines, li\u00e9es en partie aux reformes notamment la fonction publique hospitali\u00e8re. Cette rencontre devrait permettre la liquidation rapide des dossiers en instance. En rappel, le cadre de concertation entre les acteurs intervenants dans la chaine de gestion des ressources humaines du Minist\u00e8re de la sant\u00e9 (CPC-GRH) a \u00e9t\u00e9 mis en place par arr\u00eat\u00e9 N\u00b02021-081\/MS\/CAB du 04 mai 2021. DCRP\/MSHP<\/p>\n","protected":false},"author":2,"featured_media":14078,"comment_status":"open","ping_status":"open","sticky":false,"template":"","format":"standard","meta":{"footnotes":""},"categories":[13,1,7],"tags":[],"class_list":["post-14077","post","type-post","status-publish","format-standard","has-post-thumbnail","hentry","category-une","category-actu","category-sante"],"yoast_head":"<!-- This site is optimized with the Yoast SEO plugin v27.4 - https:\/\/yoast.com\/product\/yoast-seo-wordpress\/ -->\n<title>Minist\u00e8re de la Sant\u00e9 : Les acteurs de la gestion des ressources humaines en rencontre - La Tribune du Faso<\/title>\n<meta name=\"robots\" content=\"index, follow, max-snippet:-1, max-image-preview:large, max-video-preview:-1\" \/>\n<link rel=\"canonical\" href=\"https:\/\/www.latribunedufaso.net\/?p=14077\" \/>\n<meta property=\"og:locale\" content=\"fr_FR\" \/>\n<meta property=\"og:type\" content=\"article\" \/>\n<meta property=\"og:title\" content=\"Minist\u00e8re de la Sant\u00e9 : Les acteurs de la gestion des ressources humaines en rencontre - La Tribune du Faso\" \/>\n<meta property=\"og:description\" content=\"Gestion des ressources humaines en sant\u00e9 Les acteurs \u00e9changent sur les d\u00e9fis du moment Le ministre de la Sant\u00e9 et de l\u2019Hygi\u00e8ne publique, Dr Robert Kargougou, a pr\u00e9sid\u00e9, ce lundi 27 mars 2023 \u00e0 Ouagadougou, l\u2019ouverture des travaux de la premi\u00e8re rencontre du cadre de concertation des acteurs de la gestion des ressources humaines de son d\u00e9partement. Elle a r\u00e9uni les responsables des ressources humaines des diff\u00e9rentes structures du d\u00e9partement en charge de la Sant\u00e9 et des repr\u00e9sentants des minist\u00e8res en charge de la Fonction publique et des Finances. Cette premi\u00e8re rencontre du cadre de concertation des acteurs de la gestion des ressources humaines a pour principal objectif d\u2019\u00e9changer sur les d\u00e9fis actuels de la gestion des ressources humaines du minist\u00e8re de la Sant\u00e9 et de l\u2019Hygi\u00e8ne publique. Mis en place dans le cadre de la promotion des bonnes pratiques pour une gestion saine des ressources humaines en sant\u00e9, ce cadre va contribuer \u00e0 harmoniser les interventions dans les diff\u00e9rentes structures \u00e0 tous les niveaux du secteur de la sant\u00e9. Le ministre de la sant\u00e9 et de l\u2019Hygi\u00e8ne publique, Dr Robert Kargougou, a salu\u00e9 le professionnalisme, l\u2019engagement, et le d\u00e9vouement des acteurs de gestion de ressources humaines \u00e0 assurer la mise en \u0153uvre des reformes de la fonction publique hospitali\u00e8re en d\u00e9pit des difficult\u00e9s rencontr\u00e9es. Il les a exhort\u00e9s de continuer dans la recherche de solutions pour prendre en charge les questions pendantes notamment l\u2019incidence financi\u00e8re des agents nouvellement reclass\u00e9s, la garde effective conforment au r\u00e9gime indemnitaire de la fonction publique hospitali\u00e8re, le r\u00e9tablissement des salaires et la prise des actes de carri\u00e8re dans des d\u00e9lais acceptables. Pour le Directeur des ressources humaines, Salif Siguir\u00e9, durant cinq jours, les acteurs de la gestion des ressources humaines au niveau centrale que d\u00e9concentr\u00e9 du d\u00e9partement en charge de la sant\u00e9 passeront en revue les difficult\u00e9s qui entravent la gestion efficace des ressources humaines, li\u00e9es en partie aux reformes notamment la fonction publique hospitali\u00e8re. Cette rencontre devrait permettre la liquidation rapide des dossiers en instance. En rappel, le cadre de concertation entre les acteurs intervenants dans la chaine de gestion des ressources humaines du Minist\u00e8re de la sant\u00e9 (CPC-GRH) a \u00e9t\u00e9 mis en place par arr\u00eat\u00e9 N\u00b02021-081\/MS\/CAB du 04 mai 2021. DCRP\/MSHP\" \/>\n<meta property=\"og:url\" content=\"https:\/\/www.latribunedufaso.net\/?p=14077\" \/>\n<meta property=\"og:site_name\" content=\"La Tribune du Faso\" \/>\n<meta property=\"article:publisher\" content=\"https:\/\/www.facebook.com\/LatribuneduFaso\/\" \/>\n<meta property=\"article:published_time\" content=\"2023-03-27T22:52:16+00:00\" \/>\n<meta property=\"article:modified_time\" content=\"2024-06-05T16:58:37+00:00\" \/>\n<meta property=\"og:image\" content=\"https:\/\/www.latribunedufaso.net\/wp-content\/uploads\/2024\/06\/338031706_557110032920258_5221306143306370874_n.jpg\" \/>\n\t<meta property=\"og:image:width\" content=\"2048\" \/>\n\t<meta property=\"og:image:height\" content=\"1365\" \/>\n\t<meta property=\"og:image:type\" content=\"image\/jpeg\" \/>\n<meta name=\"author\" content=\"Administrateur\" \/>\n<meta name=\"twitter:label1\" content=\"\u00c9crit par\" \/>\n\t<meta name=\"twitter:data1\" content=\"Administrateur\" \/>\n\t<meta name=\"twitter:label2\" content=\"Dur\u00e9e de lecture estim\u00e9e\" \/>\n\t<meta name=\"twitter:data2\" content=\"2 minutes\" \/>\n<script type=\"application\/ld+json\" class=\"yoast-schema-graph\">{\"@context\":\"https:\\\/\\\/schema.org\",\"@graph\":[{\"@type\":\"Article\",\"@id\":\"https:\\\/\\\/www.latribunedufaso.net\\\/?p=14077#article\",\"isPartOf\":{\"@id\":\"https:\\\/\\\/www.latribunedufaso.net\\\/?p=14077\"},\"author\":{\"name\":\"Administrateur\",\"@id\":\"https:\\\/\\\/www.latribunedufaso.net\\\/#\\\/schema\\\/person\\\/a380782d0605bb8aae27c40ea93b35b1\"},\"headline\":\"Minist\u00e8re de la Sant\u00e9 : Les acteurs de la gestion des ressources humaines en rencontre\",\"datePublished\":\"2023-03-27T22:52:16+00:00\",\"dateModified\":\"2024-06-05T16:58:37+00:00\",\"mainEntityOfPage\":{\"@id\":\"https:\\\/\\\/www.latribunedufaso.net\\\/?p=14077\"},\"wordCount\":423,\"commentCount\":0,\"publisher\":{\"@id\":\"https:\\\/\\\/www.latribunedufaso.net\\\/#organization\"},\"image\":{\"@id\":\"https:\\\/\\\/www.latribunedufaso.net\\\/?p=14077#primaryimage\"},\"thumbnailUrl\":\"https:\\\/\\\/www.latribunedufaso.net\\\/wp-content\\\/uploads\\\/2024\\\/06\\\/338031706_557110032920258_5221306143306370874_n.jpg\",\"articleSection\":[\"A la une\",\"Actualit\u00e9\",\"Sant\u00e9\"],\"inLanguage\":\"fr-FR\",\"potentialAction\":[{\"@type\":\"CommentAction\",\"name\":\"Comment\",\"target\":[\"https:\\\/\\\/www.latribunedufaso.net\\\/?p=14077#respond\"]}]},{\"@type\":\"WebPage\",\"@id\":\"https:\\\/\\\/www.latribunedufaso.net\\\/?p=14077\",\"url\":\"https:\\\/\\\/www.latribunedufaso.net\\\/?p=14077\",\"name\":\"Minist\u00e8re de la Sant\u00e9 : Les acteurs de la gestion des ressources humaines en rencontre - La Tribune du Faso\",\"isPartOf\":{\"@id\":\"https:\\\/\\\/www.latribunedufaso.net\\\/#website\"},\"primaryImageOfPage\":{\"@id\":\"https:\\\/\\\/www.latribunedufaso.net\\\/?p=14077#primaryimage\"},\"image\":{\"@id\":\"https:\\\/\\\/www.latribunedufaso.net\\\/?p=14077#primaryimage\"},\"thumbnailUrl\":\"https:\\\/\\\/www.latribunedufaso.net\\\/wp-content\\\/uploads\\\/2024\\\/06\\\/338031706_557110032920258_5221306143306370874_n.jpg\",\"datePublished\":\"2023-03-27T22:52:16+00:00\",\"dateModified\":\"2024-06-05T16:58:37+00:00\",\"breadcrumb\":{\"@id\":\"https:\\\/\\\/www.latribunedufaso.net\\\/?p=14077#breadcrumb\"},\"inLanguage\":\"fr-FR\",\"potentialAction\":[{\"@type\":\"ReadAction\",\"target\":[\"https:\\\/\\\/www.latribunedufaso.net\\\/?p=14077\"]}]},{\"@type\":\"ImageObject\",\"inLanguage\":\"fr-FR\",\"@id\":\"https:\\\/\\\/www.latribunedufaso.net\\\/?p=14077#primaryimage\",\"url\":\"https:\\\/\\\/www.latribunedufaso.net\\\/wp-content\\\/uploads\\\/2024\\\/06\\\/338031706_557110032920258_5221306143306370874_n.jpg\",\"contentUrl\":\"https:\\\/\\\/www.latribunedufaso.net\\\/wp-content\\\/uploads\\\/2024\\\/06\\\/338031706_557110032920258_5221306143306370874_n.jpg\",\"width\":2048,\"height\":1365},{\"@type\":\"BreadcrumbList\",\"@id\":\"https:\\\/\\\/www.latribunedufaso.net\\\/?p=14077#breadcrumb\",\"itemListElement\":[{\"@type\":\"ListItem\",\"position\":1,\"name\":\"Accueil\",\"item\":\"https:\\\/\\\/www.latribunedufaso.net\\\/\"},{\"@type\":\"ListItem\",\"position\":2,\"name\":\"Minist\u00e8re de la Sant\u00e9 : Les acteurs de la gestion des ressources humaines en rencontre\"}]},{\"@type\":\"WebSite\",\"@id\":\"https:\\\/\\\/www.latribunedufaso.net\\\/#website\",\"url\":\"https:\\\/\\\/www.latribunedufaso.net\\\/\",\"name\":\"La Tribune du Faso\",\"description\":\"L&#039;information du monde rural en un clic\",\"publisher\":{\"@id\":\"https:\\\/\\\/www.latribunedufaso.net\\\/#organization\"},\"potentialAction\":[{\"@type\":\"SearchAction\",\"target\":{\"@type\":\"EntryPoint\",\"urlTemplate\":\"https:\\\/\\\/www.latribunedufaso.net\\\/?s={search_term_string}\"},\"query-input\":{\"@type\":\"PropertyValueSpecification\",\"valueRequired\":true,\"valueName\":\"search_term_string\"}}],\"inLanguage\":\"fr-FR\"},{\"@type\":\"Organization\",\"@id\":\"https:\\\/\\\/www.latribunedufaso.net\\\/#organization\",\"name\":\"La Tribune du Faso\",\"url\":\"https:\\\/\\\/www.latribunedufaso.net\\\/\",\"logo\":{\"@type\":\"ImageObject\",\"inLanguage\":\"fr-FR\",\"@id\":\"https:\\\/\\\/www.latribunedufaso.net\\\/#\\\/schema\\\/logo\\\/image\\\/\",\"url\":\"https:\\\/\\\/www.latribunedufaso.net\\\/wp-content\\\/uploads\\\/2020\\\/08\\\/Logo-Tribune-du-Faso-final-scaled.jpg\",\"contentUrl\":\"https:\\\/\\\/www.latribunedufaso.net\\\/wp-content\\\/uploads\\\/2020\\\/08\\\/Logo-Tribune-du-Faso-final-scaled.jpg\",\"width\":2560,\"height\":1856,\"caption\":\"La Tribune du Faso\"},\"image\":{\"@id\":\"https:\\\/\\\/www.latribunedufaso.net\\\/#\\\/schema\\\/logo\\\/image\\\/\"},\"sameAs\":[\"https:\\\/\\\/www.facebook.com\\\/LatribuneduFaso\\\/\"]},{\"@type\":\"Person\",\"@id\":\"https:\\\/\\\/www.latribunedufaso.net\\\/#\\\/schema\\\/person\\\/a380782d0605bb8aae27c40ea93b35b1\",\"name\":\"Administrateur\",\"image\":{\"@type\":\"ImageObject\",\"inLanguage\":\"fr-FR\",\"@id\":\"https:\\\/\\\/secure.gravatar.com\\\/avatar\\\/e20266f97d741f0e80ba1f60283074a9b3317fd7bfb727e0d95b51dafbf854a1?s=96&d=mm&r=g\",\"url\":\"https:\\\/\\\/secure.gravatar.com\\\/avatar\\\/e20266f97d741f0e80ba1f60283074a9b3317fd7bfb727e0d95b51dafbf854a1?s=96&d=mm&r=g\",\"contentUrl\":\"https:\\\/\\\/secure.gravatar.com\\\/avatar\\\/e20266f97d741f0e80ba1f60283074a9b3317fd7bfb727e0d95b51dafbf854a1?s=96&d=mm&r=g\",\"caption\":\"Administrateur\"},\"url\":\"https:\\\/\\\/www.latribunedufaso.net\\\/?author=2\"}]}<\/script>\n<!-- \/ Yoast SEO plugin. -->","yoast_head_json":{"title":"Minist\u00e8re de la Sant\u00e9 : Les acteurs de la gestion des ressources humaines en rencontre - La Tribune du Faso","robots":{"index":"index","follow":"follow","max-snippet":"max-snippet:-1","max-image-preview":"max-image-preview:large","max-video-preview":"max-video-preview:-1"},"canonical":"https:\/\/www.latribunedufaso.net\/?p=14077","og_locale":"fr_FR","og_type":"article","og_title":"Minist\u00e8re de la Sant\u00e9 : Les acteurs de la gestion des ressources humaines en rencontre - La Tribune du Faso","og_description":"Gestion des ressources humaines en sant\u00e9 Les acteurs \u00e9changent sur les d\u00e9fis du moment Le ministre de la Sant\u00e9 et de l\u2019Hygi\u00e8ne publique, Dr Robert Kargougou, a pr\u00e9sid\u00e9, ce lundi 27 mars 2023 \u00e0 Ouagadougou, l\u2019ouverture des travaux de la premi\u00e8re rencontre du cadre de concertation des acteurs de la gestion des ressources humaines de son d\u00e9partement. Elle a r\u00e9uni les responsables des ressources humaines des diff\u00e9rentes structures du d\u00e9partement en charge de la Sant\u00e9 et des repr\u00e9sentants des minist\u00e8res en charge de la Fonction publique et des Finances. Cette premi\u00e8re rencontre du cadre de concertation des acteurs de la gestion des ressources humaines a pour principal objectif d\u2019\u00e9changer sur les d\u00e9fis actuels de la gestion des ressources humaines du minist\u00e8re de la Sant\u00e9 et de l\u2019Hygi\u00e8ne publique. Mis en place dans le cadre de la promotion des bonnes pratiques pour une gestion saine des ressources humaines en sant\u00e9, ce cadre va contribuer \u00e0 harmoniser les interventions dans les diff\u00e9rentes structures \u00e0 tous les niveaux du secteur de la sant\u00e9. Le ministre de la sant\u00e9 et de l\u2019Hygi\u00e8ne publique, Dr Robert Kargougou, a salu\u00e9 le professionnalisme, l\u2019engagement, et le d\u00e9vouement des acteurs de gestion de ressources humaines \u00e0 assurer la mise en \u0153uvre des reformes de la fonction publique hospitali\u00e8re en d\u00e9pit des difficult\u00e9s rencontr\u00e9es. Il les a exhort\u00e9s de continuer dans la recherche de solutions pour prendre en charge les questions pendantes notamment l\u2019incidence financi\u00e8re des agents nouvellement reclass\u00e9s, la garde effective conforment au r\u00e9gime indemnitaire de la fonction publique hospitali\u00e8re, le r\u00e9tablissement des salaires et la prise des actes de carri\u00e8re dans des d\u00e9lais acceptables. Pour le Directeur des ressources humaines, Salif Siguir\u00e9, durant cinq jours, les acteurs de la gestion des ressources humaines au niveau centrale que d\u00e9concentr\u00e9 du d\u00e9partement en charge de la sant\u00e9 passeront en revue les difficult\u00e9s qui entravent la gestion efficace des ressources humaines, li\u00e9es en partie aux reformes notamment la fonction publique hospitali\u00e8re. Cette rencontre devrait permettre la liquidation rapide des dossiers en instance. En rappel, le cadre de concertation entre les acteurs intervenants dans la chaine de gestion des ressources humaines du Minist\u00e8re de la sant\u00e9 (CPC-GRH) a \u00e9t\u00e9 mis en place par arr\u00eat\u00e9 N\u00b02021-081\/MS\/CAB du 04 mai 2021. DCRP\/MSHP","og_url":"https:\/\/www.latribunedufaso.net\/?p=14077","og_site_name":"La Tribune du Faso","article_publisher":"https:\/\/www.facebook.com\/LatribuneduFaso\/","article_published_time":"2023-03-27T22:52:16+00:00","article_modified_time":"2024-06-05T16:58:37+00:00","og_image":[{"width":2048,"height":1365,"url":"https:\/\/www.latribunedufaso.net\/wp-content\/uploads\/2024\/06\/338031706_557110032920258_5221306143306370874_n.jpg","type":"image\/jpeg"}],"author":"Administrateur","twitter_misc":{"\u00c9crit par":"Administrateur","Dur\u00e9e de lecture estim\u00e9e":"2 minutes"},"schema":{"@context":"https:\/\/schema.org","@graph":[{"@type":"Article","@id":"https:\/\/www.latribunedufaso.net\/?p=14077#article","isPartOf":{"@id":"https:\/\/www.latribunedufaso.net\/?p=14077"},"author":{"name":"Administrateur","@id":"https:\/\/www.latribunedufaso.net\/#\/schema\/person\/a380782d0605bb8aae27c40ea93b35b1"},"headline":"Minist\u00e8re de la Sant\u00e9 : Les acteurs de la gestion des ressources humaines en rencontre","datePublished":"2023-03-27T22:52:16+00:00","dateModified":"2024-06-05T16:58:37+00:00","mainEntityOfPage":{"@id":"https:\/\/www.latribunedufaso.net\/?p=14077"},"wordCount":423,"commentCount":0,"publisher":{"@id":"https:\/\/www.latribunedufaso.net\/#organization"},"image":{"@id":"https:\/\/www.latribunedufaso.net\/?p=14077#primaryimage"},"thumbnailUrl":"https:\/\/www.latribunedufaso.net\/wp-content\/uploads\/2024\/06\/338031706_557110032920258_5221306143306370874_n.jpg","articleSection":["A la une","Actualit\u00e9","Sant\u00e9"],"inLanguage":"fr-FR","potentialAction":[{"@type":"CommentAction","name":"Comment","target":["https:\/\/www.latribunedufaso.net\/?p=14077#respond"]}]},{"@type":"WebPage","@id":"https:\/\/www.latribunedufaso.net\/?p=14077","url":"https:\/\/www.latribunedufaso.net\/?p=14077","name":"Minist\u00e8re de la Sant\u00e9 : Les acteurs de la gestion des ressources humaines en rencontre - La Tribune du Faso","isPartOf":{"@id":"https:\/\/www.latribunedufaso.net\/#website"},"primaryImageOfPage":{"@id":"https:\/\/www.latribunedufaso.net\/?p=14077#primaryimage"},"image":{"@id":"https:\/\/www.latribunedufaso.net\/?p=14077#primaryimage"},"thumbnailUrl":"https:\/\/www.latribunedufaso.net\/wp-content\/uploads\/2024\/06\/338031706_557110032920258_5221306143306370874_n.jpg","datePublished":"2023-03-27T22:52:16+00:00","dateModified":"2024-06-05T16:58:37+00:00","breadcrumb":{"@id":"https:\/\/www.latribunedufaso.net\/?p=14077#breadcrumb"},"inLanguage":"fr-FR","potentialAction":[{"@type":"ReadAction","target":["https:\/\/www.latribunedufaso.net\/?p=14077"]}]},{"@type":"ImageObject","inLanguage":"fr-FR","@id":"https:\/\/www.latribunedufaso.net\/?p=14077#primaryimage","url":"https:\/\/www.latribunedufaso.net\/wp-content\/uploads\/2024\/06\/338031706_557110032920258_5221306143306370874_n.jpg","contentUrl":"https:\/\/www.latribunedufaso.net\/wp-content\/uploads\/2024\/06\/338031706_557110032920258_5221306143306370874_n.jpg","width":2048,"height":1365},{"@type":"BreadcrumbList","@id":"https:\/\/www.latribunedufaso.net\/?p=14077#breadcrumb","itemListElement":[{"@type":"ListItem","position":1,"name":"Accueil","item":"https:\/\/www.latribunedufaso.net\/"},{"@type":"ListItem","position":2,"name":"Minist\u00e8re de la Sant\u00e9 : Les acteurs de la gestion des ressources humaines en rencontre"}]},{"@type":"WebSite","@id":"https:\/\/www.latribunedufaso.net\/#website","url":"https:\/\/www.latribunedufaso.net\/","name":"La Tribune du Faso","description":"L&#039;information du monde rural en un clic","publisher":{"@id":"https:\/\/www.latribunedufaso.net\/#organization"},"potentialAction":[{"@type":"SearchAction","target":{"@type":"EntryPoint","urlTemplate":"https:\/\/www.latribunedufaso.net\/?s={search_term_string}"},"query-input":{"@type":"PropertyValueSpecification","valueRequired":true,"valueName":"search_term_string"}}],"inLanguage":"fr-FR"},{"@type":"Organization","@id":"https:\/\/www.latribunedufaso.net\/#organization","name":"La Tribune du Faso","url":"https:\/\/www.latribunedufaso.net\/","logo":{"@type":"ImageObject","inLanguage":"fr-FR","@id":"https:\/\/www.latribunedufaso.net\/#\/schema\/logo\/image\/","url":"https:\/\/www.latribunedufaso.net\/wp-content\/uploads\/2020\/08\/Logo-Tribune-du-Faso-final-scaled.jpg","contentUrl":"https:\/\/www.latribunedufaso.net\/wp-content\/uploads\/2020\/08\/Logo-Tribune-du-Faso-final-scaled.jpg","width":2560,"height":1856,"caption":"La Tribune du Faso"},"image":{"@id":"https:\/\/www.latribunedufaso.net\/#\/schema\/logo\/image\/"},"sameAs":["https:\/\/www.facebook.com\/LatribuneduFaso\/"]},{"@type":"Person","@id":"https:\/\/www.latribunedufaso.net\/#\/schema\/person\/a380782d0605bb8aae27c40ea93b35b1","name":"Administrateur","image":{"@type":"ImageObject","inLanguage":"fr-FR","@id":"https:\/\/secure.gravatar.com\/avatar\/e20266f97d741f0e80ba1f60283074a9b3317fd7bfb727e0d95b51dafbf854a1?s=96&d=mm&r=g","url":"https:\/\/secure.gravatar.com\/avatar\/e20266f97d741f0e80ba1f60283074a9b3317fd7bfb727e0d95b51dafbf854a1?s=96&d=mm&r=g","contentUrl":"https:\/\/secure.gravatar.com\/avatar\/e20266f97d741f0e80ba1f60283074a9b3317fd7bfb727e0d95b51dafbf854a1?s=96&d=mm&r=g","caption":"Administrateur"},"url":"https:\/\/www.latribunedufaso.net\/?author=2"}]}},"_links":{"self":[{"href":"https:\/\/www.latribunedufaso.net\/index.php?rest_route=\/wp\/v2\/posts\/14077","targetHints":{"allow":["GET"]}}],"collection":[{"href":"https:\/\/www.latribunedufaso.net\/index.php?rest_route=\/wp\/v2\/posts"}],"about":[{"href":"https:\/\/www.latribunedufaso.net\/index.php?rest_route=\/wp\/v2\/types\/post"}],"author":[{"embeddable":true,"href":"https:\/\/www.latribunedufaso.net\/index.php?rest_route=\/wp\/v2\/users\/2"}],"replies":[{"embeddable":true,"href":"https:\/\/www.latribunedufaso.net\/index.php?rest_route=%2Fwp%2Fv2%2Fcomments&post=14077"}],"version-history":[{"count":1,"href":"https:\/\/www.latribunedufaso.net\/index.php?rest_route=\/wp\/v2\/posts\/14077\/revisions"}],"predecessor-version":[{"id":14079,"href":"https:\/\/www.latribunedufaso.net\/index.php?rest_route=\/wp\/v2\/posts\/14077\/revisions\/14079"}],"wp:featuredmedia":[{"embeddable":true,"href":"https:\/\/www.latribunedufaso.net\/index.php?rest_route=\/wp\/v2\/media\/14078"}],"wp:attachment":[{"href":"https:\/\/www.latribunedufaso.net\/index.php?rest_route=%2Fwp%2Fv2%2Fmedia&parent=14077"}],"wp:term":[{"taxonomy":"category","embeddable":true,"href":"https:\/\/www.latribunedufaso.net\/index.php?rest_route=%2Fwp%2Fv2%2Fcategories&post=14077"},{"taxonomy":"post_tag","embeddable":true,"href":"https:\/\/www.latribunedufaso.net\/index.php?rest_route=%2Fwp%2Fv2%2Ftags&post=14077"}],"curies":[{"name":"wp","href":"https:\/\/api.w.org\/{rel}","templated":true}]}}