{"id":14071,"date":"2023-04-05T00:38:12","date_gmt":"2023-04-05T00:38:12","guid":{"rendered":"https:\/\/www.latribunedufaso.net\/?p=14071"},"modified":"2024-06-05T16:43:04","modified_gmt":"2024-06-05T16:43:04","slug":"fespaco-2023-la-cineaste-apolline-traore-chez-le-chef-de-letat","status":"publish","type":"post","link":"https:\/\/www.latribunedufaso.net\/?p=14071","title":{"rendered":"FESPACO 2023 : La cin\u00e9aste Apolline Traor\u00e9 chez le Chef de l&rsquo;Etat"},"content":{"rendered":"<div class=\"x11i5rnm xat24cr x1mh8g0r x1vvkbs xtlvy1s x126k92a\">\n<div dir=\"auto\">(Ouagadougou, 4 avril 2023). La r\u00e9alisatrice burkinab\u00e8, Apolline TRAORE, laur\u00e9ate de l\u2019Etalon d\u2019argent de Yennenga \u00e0 la 28e \u00e9dition du Festival panafricain du cin\u00e9ma et de la t\u00e9l\u00e9vision de Ouagadougou (FESPACO) avec son film \u2019\u2019Sira\u2019\u2019, a pr\u00e9sent\u00e9 le 7 mars dernier, son troph\u00e9e au Pr\u00e9sident de la Transition, Chef de l\u2019Etat, le Capitaine Ibrahim TRAORE.<\/div>\n<\/div>\n<div class=\"x11i5rnm xat24cr x1mh8g0r x1vvkbs xtlvy1s x126k92a\">\n<div dir=\"auto\">\u00ab On a bataill\u00e9 pour l\u2019Etalon d\u2019or, mais on n\u2019a pas pu l\u2019avoir, ce n\u2019est que partie remise. Et il \u00e9tait important pour moi de venir pr\u00e9senter cet argent, c\u2019est la deuxi\u00e8me place et c\u2019est tr\u00e8s important \u00bb, a indiqu\u00e9 la r\u00e9alisatrice Apolline TRAORE, \u00e0 l\u2019issue de la pr\u00e9sentation de son troph\u00e9e au Chef de l\u2019Etat. Selon elle, le film \u2019\u2019Sira\u2019\u2019 est un hommage aux FDS, aux VDP et \u00e0 toute la population burkinab\u00e8 qui se battent nuit et jour contre l\u2019hydre terroriste.<\/div>\n<\/div>\n<div class=\"x11i5rnm xat24cr x1mh8g0r x1vvkbs xtlvy1s x126k92a\">\n<div dir=\"auto\">\u00ab Le Pr\u00e9sident m\u2019a \u00e9norm\u00e9ment f\u00e9licit\u00e9e, il m\u2019a dit qu\u2019il attendait aussi l\u2019or, mais qu\u2019on n\u2019a pas eu, mais que je vaux l\u2019or. Ce message est important pour moi, cela m\u2019a vraiment touch\u00e9. Lui et tout le peuple attendaient cet or, ce qui veut dire qu\u2019on croyait en moi. C\u2019est le plus gros cadeau qu\u2019on puisse me faire \u00bb, s\u2019est r\u00e9jouie Apolline TRAORE.<\/div>\n<\/div>\n<div class=\"x11i5rnm xat24cr x1mh8g0r x1vvkbs xtlvy1s x126k92a\">\n<div dir=\"auto\">M\u00eame si elle n\u2019a pas eu l\u2019Etalon d\u2019or, l\u2019heure n\u2019est pas \u00e0 la d\u00e9ception mais au travail pour des lendemains meilleurs pour le cin\u00e9ma burkinab\u00e8, dit-elle. \u00ab J\u2019ai beaucoup appris pendant ce FESPACO, j\u2019ai entendu certaines critiques \u00e0 propos de mon film que je prends en compte. Cet argent me rebooste et dit que je dois continuer de travailler. Je ne baisserai pas les bras, je continuerai de travailler \u00bb, a ajout\u00e9 la r\u00e9alisatrice burkinab\u00e8, qui dit accepter et respecter le travail du jury, compos\u00e9 de professionnels du 7e art.<\/div>\n<\/div>\n<div class=\"x11i5rnm xat24cr x1mh8g0r x1vvkbs xtlvy1s x126k92a\">\n<div dir=\"auto\">Direction de la communication de la Pr\u00e9sidence du Faso<\/div>\n<\/div>\n","protected":false},"excerpt":{"rendered":"<p>(Ouagadougou, 4 avril 2023). La r\u00e9alisatrice burkinab\u00e8, Apolline TRAORE, laur\u00e9ate de l\u2019Etalon d\u2019argent de Yennenga \u00e0 la 28e \u00e9dition du Festival panafricain du cin\u00e9ma et de la t\u00e9l\u00e9vision de Ouagadougou (FESPACO) avec son film \u2019\u2019Sira\u2019\u2019, a pr\u00e9sent\u00e9 le 7 mars dernier, son troph\u00e9e au Pr\u00e9sident de la Transition, Chef de l\u2019Etat, le Capitaine Ibrahim TRAORE. \u00ab On a bataill\u00e9 pour l\u2019Etalon d\u2019or, mais on n\u2019a pas pu l\u2019avoir, ce n\u2019est que partie remise. Et il \u00e9tait important pour moi de venir pr\u00e9senter cet argent, c\u2019est la deuxi\u00e8me place et c\u2019est tr\u00e8s important \u00bb, a indiqu\u00e9 la r\u00e9alisatrice Apolline TRAORE, \u00e0 l\u2019issue de la pr\u00e9sentation de son troph\u00e9e au Chef de l\u2019Etat. Selon elle, le film \u2019\u2019Sira\u2019\u2019 est un hommage aux FDS, aux VDP et \u00e0 toute la population burkinab\u00e8 qui se battent nuit et jour contre l\u2019hydre terroriste. \u00ab Le Pr\u00e9sident m\u2019a \u00e9norm\u00e9ment f\u00e9licit\u00e9e, il m\u2019a dit qu\u2019il attendait aussi l\u2019or, mais qu\u2019on n\u2019a pas eu, mais que je vaux l\u2019or. Ce message est important pour moi, cela m\u2019a vraiment touch\u00e9. Lui et tout le peuple attendaient cet or, ce qui veut dire qu\u2019on croyait en moi. C\u2019est le plus gros cadeau qu\u2019on puisse me faire \u00bb, s\u2019est r\u00e9jouie Apolline TRAORE. M\u00eame si elle n\u2019a pas eu l\u2019Etalon d\u2019or, l\u2019heure n\u2019est pas \u00e0 la d\u00e9ception mais au travail pour des lendemains meilleurs pour le cin\u00e9ma burkinab\u00e8, dit-elle. \u00ab J\u2019ai beaucoup appris pendant ce FESPACO, j\u2019ai entendu certaines critiques \u00e0 propos de mon film que je prends en compte. Cet argent me rebooste et dit que je dois continuer de travailler. Je ne baisserai pas les bras, je continuerai de travailler \u00bb, a ajout\u00e9 la r\u00e9alisatrice burkinab\u00e8, qui dit accepter et respecter le travail du jury, compos\u00e9 de professionnels du 7e art. Direction de la communication de la Pr\u00e9sidence du Faso<\/p>\n","protected":false},"author":2,"featured_media":14072,"comment_status":"open","ping_status":"open","sticky":false,"template":"","format":"standard","meta":{"footnotes":""},"categories":[13,1,30],"tags":[],"class_list":["post-14071","post","type-post","status-publish","format-standard","has-post-thumbnail","hentry","category-une","category-actu","category-art-et-culture"],"yoast_head":"<!-- This site is optimized with the Yoast SEO plugin v27.5 - https:\/\/yoast.com\/product\/yoast-seo-wordpress\/ -->\n<title>FESPACO 2023 : La cin\u00e9aste Apolline Traor\u00e9 chez le Chef de l&#039;Etat - La Tribune du Faso<\/title>\n<meta name=\"robots\" content=\"index, follow, max-snippet:-1, max-image-preview:large, max-video-preview:-1\" \/>\n<link rel=\"canonical\" href=\"https:\/\/www.latribunedufaso.net\/?p=14071\" \/>\n<meta property=\"og:locale\" content=\"fr_FR\" \/>\n<meta property=\"og:type\" content=\"article\" \/>\n<meta property=\"og:title\" content=\"FESPACO 2023 : La cin\u00e9aste Apolline Traor\u00e9 chez le Chef de l&#039;Etat - La Tribune du Faso\" \/>\n<meta property=\"og:description\" content=\"(Ouagadougou, 4 avril 2023). La r\u00e9alisatrice burkinab\u00e8, Apolline TRAORE, laur\u00e9ate de l\u2019Etalon d\u2019argent de Yennenga \u00e0 la 28e \u00e9dition du Festival panafricain du cin\u00e9ma et de la t\u00e9l\u00e9vision de Ouagadougou (FESPACO) avec son film \u2019\u2019Sira\u2019\u2019, a pr\u00e9sent\u00e9 le 7 mars dernier, son troph\u00e9e au Pr\u00e9sident de la Transition, Chef de l\u2019Etat, le Capitaine Ibrahim TRAORE. \u00ab On a bataill\u00e9 pour l\u2019Etalon d\u2019or, mais on n\u2019a pas pu l\u2019avoir, ce n\u2019est que partie remise. Et il \u00e9tait important pour moi de venir pr\u00e9senter cet argent, c\u2019est la deuxi\u00e8me place et c\u2019est tr\u00e8s important \u00bb, a indiqu\u00e9 la r\u00e9alisatrice Apolline TRAORE, \u00e0 l\u2019issue de la pr\u00e9sentation de son troph\u00e9e au Chef de l\u2019Etat. Selon elle, le film \u2019\u2019Sira\u2019\u2019 est un hommage aux FDS, aux VDP et \u00e0 toute la population burkinab\u00e8 qui se battent nuit et jour contre l\u2019hydre terroriste. \u00ab Le Pr\u00e9sident m\u2019a \u00e9norm\u00e9ment f\u00e9licit\u00e9e, il m\u2019a dit qu\u2019il attendait aussi l\u2019or, mais qu\u2019on n\u2019a pas eu, mais que je vaux l\u2019or. Ce message est important pour moi, cela m\u2019a vraiment touch\u00e9. Lui et tout le peuple attendaient cet or, ce qui veut dire qu\u2019on croyait en moi. C\u2019est le plus gros cadeau qu\u2019on puisse me faire \u00bb, s\u2019est r\u00e9jouie Apolline TRAORE. M\u00eame si elle n\u2019a pas eu l\u2019Etalon d\u2019or, l\u2019heure n\u2019est pas \u00e0 la d\u00e9ception mais au travail pour des lendemains meilleurs pour le cin\u00e9ma burkinab\u00e8, dit-elle. \u00ab J\u2019ai beaucoup appris pendant ce FESPACO, j\u2019ai entendu certaines critiques \u00e0 propos de mon film que je prends en compte. Cet argent me rebooste et dit que je dois continuer de travailler. Je ne baisserai pas les bras, je continuerai de travailler \u00bb, a ajout\u00e9 la r\u00e9alisatrice burkinab\u00e8, qui dit accepter et respecter le travail du jury, compos\u00e9 de professionnels du 7e art. Direction de la communication de la Pr\u00e9sidence du Faso\" \/>\n<meta property=\"og:url\" content=\"https:\/\/www.latribunedufaso.net\/?p=14071\" \/>\n<meta property=\"og:site_name\" content=\"La Tribune du Faso\" \/>\n<meta property=\"article:publisher\" content=\"https:\/\/www.facebook.com\/LatribuneduFaso\/\" \/>\n<meta property=\"article:published_time\" content=\"2023-04-05T00:38:12+00:00\" \/>\n<meta property=\"article:modified_time\" content=\"2024-06-05T16:43:04+00:00\" \/>\n<meta property=\"og:image\" content=\"https:\/\/www.latribunedufaso.net\/wp-content\/uploads\/2024\/06\/339126192_772414034145848_5687074874236681331_n-960x480-1.jpg\" \/>\n\t<meta property=\"og:image:width\" content=\"960\" \/>\n\t<meta property=\"og:image:height\" content=\"480\" \/>\n\t<meta property=\"og:image:type\" content=\"image\/jpeg\" \/>\n<meta name=\"author\" content=\"Administrateur\" \/>\n<meta name=\"twitter:label1\" content=\"\u00c9crit par\" \/>\n\t<meta name=\"twitter:data1\" content=\"Administrateur\" \/>\n\t<meta name=\"twitter:label2\" content=\"Dur\u00e9e de lecture estim\u00e9e\" \/>\n\t<meta name=\"twitter:data2\" content=\"2 minutes\" \/>\n<script type=\"application\/ld+json\" class=\"yoast-schema-graph\">{\"@context\":\"https:\\\/\\\/schema.org\",\"@graph\":[{\"@type\":\"Article\",\"@id\":\"https:\\\/\\\/www.latribunedufaso.net\\\/?p=14071#article\",\"isPartOf\":{\"@id\":\"https:\\\/\\\/www.latribunedufaso.net\\\/?p=14071\"},\"author\":{\"name\":\"Administrateur\",\"@id\":\"https:\\\/\\\/www.latribunedufaso.net\\\/#\\\/schema\\\/person\\\/a380782d0605bb8aae27c40ea93b35b1\"},\"headline\":\"FESPACO 2023 : La cin\u00e9aste Apolline Traor\u00e9 chez le Chef de l&rsquo;Etat\",\"datePublished\":\"2023-04-05T00:38:12+00:00\",\"dateModified\":\"2024-06-05T16:43:04+00:00\",\"mainEntityOfPage\":{\"@id\":\"https:\\\/\\\/www.latribunedufaso.net\\\/?p=14071\"},\"wordCount\":354,\"commentCount\":0,\"publisher\":{\"@id\":\"https:\\\/\\\/www.latribunedufaso.net\\\/#organization\"},\"image\":{\"@id\":\"https:\\\/\\\/www.latribunedufaso.net\\\/?p=14071#primaryimage\"},\"thumbnailUrl\":\"https:\\\/\\\/www.latribunedufaso.net\\\/wp-content\\\/uploads\\\/2024\\\/06\\\/339126192_772414034145848_5687074874236681331_n-960x480-1.jpg\",\"articleSection\":[\"A la une\",\"Actualit\u00e9\",\"Art et Culture\"],\"inLanguage\":\"fr-FR\",\"potentialAction\":[{\"@type\":\"CommentAction\",\"name\":\"Comment\",\"target\":[\"https:\\\/\\\/www.latribunedufaso.net\\\/?p=14071#respond\"]}]},{\"@type\":\"WebPage\",\"@id\":\"https:\\\/\\\/www.latribunedufaso.net\\\/?p=14071\",\"url\":\"https:\\\/\\\/www.latribunedufaso.net\\\/?p=14071\",\"name\":\"FESPACO 2023 : La cin\u00e9aste Apolline Traor\u00e9 chez le Chef de l'Etat - La Tribune du Faso\",\"isPartOf\":{\"@id\":\"https:\\\/\\\/www.latribunedufaso.net\\\/#website\"},\"primaryImageOfPage\":{\"@id\":\"https:\\\/\\\/www.latribunedufaso.net\\\/?p=14071#primaryimage\"},\"image\":{\"@id\":\"https:\\\/\\\/www.latribunedufaso.net\\\/?p=14071#primaryimage\"},\"thumbnailUrl\":\"https:\\\/\\\/www.latribunedufaso.net\\\/wp-content\\\/uploads\\\/2024\\\/06\\\/339126192_772414034145848_5687074874236681331_n-960x480-1.jpg\",\"datePublished\":\"2023-04-05T00:38:12+00:00\",\"dateModified\":\"2024-06-05T16:43:04+00:00\",\"breadcrumb\":{\"@id\":\"https:\\\/\\\/www.latribunedufaso.net\\\/?p=14071#breadcrumb\"},\"inLanguage\":\"fr-FR\",\"potentialAction\":[{\"@type\":\"ReadAction\",\"target\":[\"https:\\\/\\\/www.latribunedufaso.net\\\/?p=14071\"]}]},{\"@type\":\"ImageObject\",\"inLanguage\":\"fr-FR\",\"@id\":\"https:\\\/\\\/www.latribunedufaso.net\\\/?p=14071#primaryimage\",\"url\":\"https:\\\/\\\/www.latribunedufaso.net\\\/wp-content\\\/uploads\\\/2024\\\/06\\\/339126192_772414034145848_5687074874236681331_n-960x480-1.jpg\",\"contentUrl\":\"https:\\\/\\\/www.latribunedufaso.net\\\/wp-content\\\/uploads\\\/2024\\\/06\\\/339126192_772414034145848_5687074874236681331_n-960x480-1.jpg\",\"width\":960,\"height\":480},{\"@type\":\"BreadcrumbList\",\"@id\":\"https:\\\/\\\/www.latribunedufaso.net\\\/?p=14071#breadcrumb\",\"itemListElement\":[{\"@type\":\"ListItem\",\"position\":1,\"name\":\"Accueil\",\"item\":\"https:\\\/\\\/www.latribunedufaso.net\\\/\"},{\"@type\":\"ListItem\",\"position\":2,\"name\":\"FESPACO 2023 : La cin\u00e9aste Apolline Traor\u00e9 chez le Chef de l&rsquo;Etat\"}]},{\"@type\":\"WebSite\",\"@id\":\"https:\\\/\\\/www.latribunedufaso.net\\\/#website\",\"url\":\"https:\\\/\\\/www.latribunedufaso.net\\\/\",\"name\":\"La Tribune du Faso\",\"description\":\"L&#039;information du monde rural en un clic\",\"publisher\":{\"@id\":\"https:\\\/\\\/www.latribunedufaso.net\\\/#organization\"},\"potentialAction\":[{\"@type\":\"SearchAction\",\"target\":{\"@type\":\"EntryPoint\",\"urlTemplate\":\"https:\\\/\\\/www.latribunedufaso.net\\\/?s={search_term_string}\"},\"query-input\":{\"@type\":\"PropertyValueSpecification\",\"valueRequired\":true,\"valueName\":\"search_term_string\"}}],\"inLanguage\":\"fr-FR\"},{\"@type\":\"Organization\",\"@id\":\"https:\\\/\\\/www.latribunedufaso.net\\\/#organization\",\"name\":\"La Tribune du Faso\",\"url\":\"https:\\\/\\\/www.latribunedufaso.net\\\/\",\"logo\":{\"@type\":\"ImageObject\",\"inLanguage\":\"fr-FR\",\"@id\":\"https:\\\/\\\/www.latribunedufaso.net\\\/#\\\/schema\\\/logo\\\/image\\\/\",\"url\":\"https:\\\/\\\/www.latribunedufaso.net\\\/wp-content\\\/uploads\\\/2020\\\/08\\\/Logo-Tribune-du-Faso-final-scaled.jpg\",\"contentUrl\":\"https:\\\/\\\/www.latribunedufaso.net\\\/wp-content\\\/uploads\\\/2020\\\/08\\\/Logo-Tribune-du-Faso-final-scaled.jpg\",\"width\":2560,\"height\":1856,\"caption\":\"La Tribune du Faso\"},\"image\":{\"@id\":\"https:\\\/\\\/www.latribunedufaso.net\\\/#\\\/schema\\\/logo\\\/image\\\/\"},\"sameAs\":[\"https:\\\/\\\/www.facebook.com\\\/LatribuneduFaso\\\/\"]},{\"@type\":\"Person\",\"@id\":\"https:\\\/\\\/www.latribunedufaso.net\\\/#\\\/schema\\\/person\\\/a380782d0605bb8aae27c40ea93b35b1\",\"name\":\"Administrateur\",\"image\":{\"@type\":\"ImageObject\",\"inLanguage\":\"fr-FR\",\"@id\":\"https:\\\/\\\/secure.gravatar.com\\\/avatar\\\/e20266f97d741f0e80ba1f60283074a9b3317fd7bfb727e0d95b51dafbf854a1?s=96&d=mm&r=g\",\"url\":\"https:\\\/\\\/secure.gravatar.com\\\/avatar\\\/e20266f97d741f0e80ba1f60283074a9b3317fd7bfb727e0d95b51dafbf854a1?s=96&d=mm&r=g\",\"contentUrl\":\"https:\\\/\\\/secure.gravatar.com\\\/avatar\\\/e20266f97d741f0e80ba1f60283074a9b3317fd7bfb727e0d95b51dafbf854a1?s=96&d=mm&r=g\",\"caption\":\"Administrateur\"},\"url\":\"https:\\\/\\\/www.latribunedufaso.net\\\/?author=2\"}]}<\/script>\n<!-- \/ Yoast SEO plugin. -->","yoast_head_json":{"title":"FESPACO 2023 : La cin\u00e9aste Apolline Traor\u00e9 chez le Chef de l'Etat - La Tribune du Faso","robots":{"index":"index","follow":"follow","max-snippet":"max-snippet:-1","max-image-preview":"max-image-preview:large","max-video-preview":"max-video-preview:-1"},"canonical":"https:\/\/www.latribunedufaso.net\/?p=14071","og_locale":"fr_FR","og_type":"article","og_title":"FESPACO 2023 : La cin\u00e9aste Apolline Traor\u00e9 chez le Chef de l'Etat - La Tribune du Faso","og_description":"(Ouagadougou, 4 avril 2023). La r\u00e9alisatrice burkinab\u00e8, Apolline TRAORE, laur\u00e9ate de l\u2019Etalon d\u2019argent de Yennenga \u00e0 la 28e \u00e9dition du Festival panafricain du cin\u00e9ma et de la t\u00e9l\u00e9vision de Ouagadougou (FESPACO) avec son film \u2019\u2019Sira\u2019\u2019, a pr\u00e9sent\u00e9 le 7 mars dernier, son troph\u00e9e au Pr\u00e9sident de la Transition, Chef de l\u2019Etat, le Capitaine Ibrahim TRAORE. \u00ab On a bataill\u00e9 pour l\u2019Etalon d\u2019or, mais on n\u2019a pas pu l\u2019avoir, ce n\u2019est que partie remise. Et il \u00e9tait important pour moi de venir pr\u00e9senter cet argent, c\u2019est la deuxi\u00e8me place et c\u2019est tr\u00e8s important \u00bb, a indiqu\u00e9 la r\u00e9alisatrice Apolline TRAORE, \u00e0 l\u2019issue de la pr\u00e9sentation de son troph\u00e9e au Chef de l\u2019Etat. Selon elle, le film \u2019\u2019Sira\u2019\u2019 est un hommage aux FDS, aux VDP et \u00e0 toute la population burkinab\u00e8 qui se battent nuit et jour contre l\u2019hydre terroriste. \u00ab Le Pr\u00e9sident m\u2019a \u00e9norm\u00e9ment f\u00e9licit\u00e9e, il m\u2019a dit qu\u2019il attendait aussi l\u2019or, mais qu\u2019on n\u2019a pas eu, mais que je vaux l\u2019or. Ce message est important pour moi, cela m\u2019a vraiment touch\u00e9. Lui et tout le peuple attendaient cet or, ce qui veut dire qu\u2019on croyait en moi. C\u2019est le plus gros cadeau qu\u2019on puisse me faire \u00bb, s\u2019est r\u00e9jouie Apolline TRAORE. M\u00eame si elle n\u2019a pas eu l\u2019Etalon d\u2019or, l\u2019heure n\u2019est pas \u00e0 la d\u00e9ception mais au travail pour des lendemains meilleurs pour le cin\u00e9ma burkinab\u00e8, dit-elle. \u00ab J\u2019ai beaucoup appris pendant ce FESPACO, j\u2019ai entendu certaines critiques \u00e0 propos de mon film que je prends en compte. Cet argent me rebooste et dit que je dois continuer de travailler. Je ne baisserai pas les bras, je continuerai de travailler \u00bb, a ajout\u00e9 la r\u00e9alisatrice burkinab\u00e8, qui dit accepter et respecter le travail du jury, compos\u00e9 de professionnels du 7e art. Direction de la communication de la Pr\u00e9sidence du Faso","og_url":"https:\/\/www.latribunedufaso.net\/?p=14071","og_site_name":"La Tribune du Faso","article_publisher":"https:\/\/www.facebook.com\/LatribuneduFaso\/","article_published_time":"2023-04-05T00:38:12+00:00","article_modified_time":"2024-06-05T16:43:04+00:00","og_image":[{"width":960,"height":480,"url":"https:\/\/www.latribunedufaso.net\/wp-content\/uploads\/2024\/06\/339126192_772414034145848_5687074874236681331_n-960x480-1.jpg","type":"image\/jpeg"}],"author":"Administrateur","twitter_misc":{"\u00c9crit par":"Administrateur","Dur\u00e9e de lecture estim\u00e9e":"2 minutes"},"schema":{"@context":"https:\/\/schema.org","@graph":[{"@type":"Article","@id":"https:\/\/www.latribunedufaso.net\/?p=14071#article","isPartOf":{"@id":"https:\/\/www.latribunedufaso.net\/?p=14071"},"author":{"name":"Administrateur","@id":"https:\/\/www.latribunedufaso.net\/#\/schema\/person\/a380782d0605bb8aae27c40ea93b35b1"},"headline":"FESPACO 2023 : La cin\u00e9aste Apolline Traor\u00e9 chez le Chef de l&rsquo;Etat","datePublished":"2023-04-05T00:38:12+00:00","dateModified":"2024-06-05T16:43:04+00:00","mainEntityOfPage":{"@id":"https:\/\/www.latribunedufaso.net\/?p=14071"},"wordCount":354,"commentCount":0,"publisher":{"@id":"https:\/\/www.latribunedufaso.net\/#organization"},"image":{"@id":"https:\/\/www.latribunedufaso.net\/?p=14071#primaryimage"},"thumbnailUrl":"https:\/\/www.latribunedufaso.net\/wp-content\/uploads\/2024\/06\/339126192_772414034145848_5687074874236681331_n-960x480-1.jpg","articleSection":["A la une","Actualit\u00e9","Art et Culture"],"inLanguage":"fr-FR","potentialAction":[{"@type":"CommentAction","name":"Comment","target":["https:\/\/www.latribunedufaso.net\/?p=14071#respond"]}]},{"@type":"WebPage","@id":"https:\/\/www.latribunedufaso.net\/?p=14071","url":"https:\/\/www.latribunedufaso.net\/?p=14071","name":"FESPACO 2023 : La cin\u00e9aste Apolline Traor\u00e9 chez le Chef de l'Etat - La Tribune du Faso","isPartOf":{"@id":"https:\/\/www.latribunedufaso.net\/#website"},"primaryImageOfPage":{"@id":"https:\/\/www.latribunedufaso.net\/?p=14071#primaryimage"},"image":{"@id":"https:\/\/www.latribunedufaso.net\/?p=14071#primaryimage"},"thumbnailUrl":"https:\/\/www.latribunedufaso.net\/wp-content\/uploads\/2024\/06\/339126192_772414034145848_5687074874236681331_n-960x480-1.jpg","datePublished":"2023-04-05T00:38:12+00:00","dateModified":"2024-06-05T16:43:04+00:00","breadcrumb":{"@id":"https:\/\/www.latribunedufaso.net\/?p=14071#breadcrumb"},"inLanguage":"fr-FR","potentialAction":[{"@type":"ReadAction","target":["https:\/\/www.latribunedufaso.net\/?p=14071"]}]},{"@type":"ImageObject","inLanguage":"fr-FR","@id":"https:\/\/www.latribunedufaso.net\/?p=14071#primaryimage","url":"https:\/\/www.latribunedufaso.net\/wp-content\/uploads\/2024\/06\/339126192_772414034145848_5687074874236681331_n-960x480-1.jpg","contentUrl":"https:\/\/www.latribunedufaso.net\/wp-content\/uploads\/2024\/06\/339126192_772414034145848_5687074874236681331_n-960x480-1.jpg","width":960,"height":480},{"@type":"BreadcrumbList","@id":"https:\/\/www.latribunedufaso.net\/?p=14071#breadcrumb","itemListElement":[{"@type":"ListItem","position":1,"name":"Accueil","item":"https:\/\/www.latribunedufaso.net\/"},{"@type":"ListItem","position":2,"name":"FESPACO 2023 : La cin\u00e9aste Apolline Traor\u00e9 chez le Chef de l&rsquo;Etat"}]},{"@type":"WebSite","@id":"https:\/\/www.latribunedufaso.net\/#website","url":"https:\/\/www.latribunedufaso.net\/","name":"La Tribune du Faso","description":"L&#039;information du monde rural en un clic","publisher":{"@id":"https:\/\/www.latribunedufaso.net\/#organization"},"potentialAction":[{"@type":"SearchAction","target":{"@type":"EntryPoint","urlTemplate":"https:\/\/www.latribunedufaso.net\/?s={search_term_string}"},"query-input":{"@type":"PropertyValueSpecification","valueRequired":true,"valueName":"search_term_string"}}],"inLanguage":"fr-FR"},{"@type":"Organization","@id":"https:\/\/www.latribunedufaso.net\/#organization","name":"La Tribune du Faso","url":"https:\/\/www.latribunedufaso.net\/","logo":{"@type":"ImageObject","inLanguage":"fr-FR","@id":"https:\/\/www.latribunedufaso.net\/#\/schema\/logo\/image\/","url":"https:\/\/www.latribunedufaso.net\/wp-content\/uploads\/2020\/08\/Logo-Tribune-du-Faso-final-scaled.jpg","contentUrl":"https:\/\/www.latribunedufaso.net\/wp-content\/uploads\/2020\/08\/Logo-Tribune-du-Faso-final-scaled.jpg","width":2560,"height":1856,"caption":"La Tribune du Faso"},"image":{"@id":"https:\/\/www.latribunedufaso.net\/#\/schema\/logo\/image\/"},"sameAs":["https:\/\/www.facebook.com\/LatribuneduFaso\/"]},{"@type":"Person","@id":"https:\/\/www.latribunedufaso.net\/#\/schema\/person\/a380782d0605bb8aae27c40ea93b35b1","name":"Administrateur","image":{"@type":"ImageObject","inLanguage":"fr-FR","@id":"https:\/\/secure.gravatar.com\/avatar\/e20266f97d741f0e80ba1f60283074a9b3317fd7bfb727e0d95b51dafbf854a1?s=96&d=mm&r=g","url":"https:\/\/secure.gravatar.com\/avatar\/e20266f97d741f0e80ba1f60283074a9b3317fd7bfb727e0d95b51dafbf854a1?s=96&d=mm&r=g","contentUrl":"https:\/\/secure.gravatar.com\/avatar\/e20266f97d741f0e80ba1f60283074a9b3317fd7bfb727e0d95b51dafbf854a1?s=96&d=mm&r=g","caption":"Administrateur"},"url":"https:\/\/www.latribunedufaso.net\/?author=2"}]}},"_links":{"self":[{"href":"https:\/\/www.latribunedufaso.net\/index.php?rest_route=\/wp\/v2\/posts\/14071","targetHints":{"allow":["GET"]}}],"collection":[{"href":"https:\/\/www.latribunedufaso.net\/index.php?rest_route=\/wp\/v2\/posts"}],"about":[{"href":"https:\/\/www.latribunedufaso.net\/index.php?rest_route=\/wp\/v2\/types\/post"}],"author":[{"embeddable":true,"href":"https:\/\/www.latribunedufaso.net\/index.php?rest_route=\/wp\/v2\/users\/2"}],"replies":[{"embeddable":true,"href":"https:\/\/www.latribunedufaso.net\/index.php?rest_route=%2Fwp%2Fv2%2Fcomments&post=14071"}],"version-history":[{"count":1,"href":"https:\/\/www.latribunedufaso.net\/index.php?rest_route=\/wp\/v2\/posts\/14071\/revisions"}],"predecessor-version":[{"id":14073,"href":"https:\/\/www.latribunedufaso.net\/index.php?rest_route=\/wp\/v2\/posts\/14071\/revisions\/14073"}],"wp:featuredmedia":[{"embeddable":true,"href":"https:\/\/www.latribunedufaso.net\/index.php?rest_route=\/wp\/v2\/media\/14072"}],"wp:attachment":[{"href":"https:\/\/www.latribunedufaso.net\/index.php?rest_route=%2Fwp%2Fv2%2Fmedia&parent=14071"}],"wp:term":[{"taxonomy":"category","embeddable":true,"href":"https:\/\/www.latribunedufaso.net\/index.php?rest_route=%2Fwp%2Fv2%2Fcategories&post=14071"},{"taxonomy":"post_tag","embeddable":true,"href":"https:\/\/www.latribunedufaso.net\/index.php?rest_route=%2Fwp%2Fv2%2Ftags&post=14071"}],"curies":[{"name":"wp","href":"https:\/\/api.w.org\/{rel}","templated":true}]}}