{"id":14062,"date":"2023-03-24T00:54:41","date_gmt":"2023-03-24T00:54:41","guid":{"rendered":"https:\/\/www.latribunedufaso.net\/?p=14062"},"modified":"2024-06-05T16:22:56","modified_gmt":"2024-06-05T16:22:56","slug":"situation-securitaire-le-capitaine-traore-invite-les-jeune-du-centre-nord-a-rester-debout","status":"publish","type":"post","link":"https:\/\/www.latribunedufaso.net\/?p=14062","title":{"rendered":"Situation s\u00e9curitaire : Le Capitaine Traor\u00e9 invite les jeune du Centre-nord \u00e0 rester debout"},"content":{"rendered":"<div class=\"xdj266r x11i5rnm xat24cr x1mh8g0r x1vvkbs x126k92a\">\n<div dir=\"auto\"><span style=\"font-size: 1.0625rem;\">(Kaya, 23 mars 2023). Le Pr\u00e9sident de la Transition, Chef de l\u2019Etat, le Capitaine Ibrahim TRAORE a eu des \u00e9changes directs, ce jeudi, avec les forces vives de la r\u00e9gion du Centre-Nord dans le cadre de la lutte contre le terrorisme men\u00e9e actuellement sur l\u2019ensemble du territoire national.<\/span><\/div>\n<\/div>\n<div class=\"x11i5rnm xat24cr x1mh8g0r x1vvkbs xtlvy1s x126k92a\">\n<div dir=\"auto\">Face aux forces vives de la r\u00e9gion du Centre-Nord r\u00e9unies dans la salle <a tabindex=\"-1\"><\/a>polyvalente de la ville de Kaya, le Chef de l\u2019Etat a r\u00e9affirm\u00e9 sa d\u00e9termination \u00e0 travailler pour la reconqu\u00eate du territoire, le retour de la paix et de la s\u00e9curit\u00e9 au Burkina Faso, ainsi que pour le d\u00e9veloppement du pays.<\/div>\n<div dir=\"auto\">\u00ab Jamais nous n\u2019abandonnerons notre patrie \u00bb, a rappel\u00e9 le Pr\u00e9sident de la Transition.<\/div>\n<\/div>\n<div class=\"x11i5rnm xat24cr x1mh8g0r x1vvkbs xtlvy1s x126k92a\">\n<div dir=\"auto\">Convaincu de l&rsquo;engagement de la jeunesse, le Chef de l\u2019Etat a invit\u00e9 cette frange de la population \u00e0 s\u2019investir davantage et sinc\u00e8rement dans le combat qui est men\u00e9 contre les groupes arm\u00e9s terroristes.<\/div>\n<\/div>\n<div class=\"x11i5rnm xat24cr x1mh8g0r x1vvkbs xtlvy1s x126k92a\">\n<div dir=\"auto\">Le Capitaine Ibrahim TRAORE a aussi salu\u00e9 l\u2019engagement de l\u2019ensemble des populations \u00e0 travers les enr\u00f4lements massifs comme Volontaires pour la d\u00e9fense de la Patrie (VDP).<\/div>\n<div dir=\"auto\">Il a rassur\u00e9 que du travail est en cours pour trouver des solutions aux difficult\u00e9s que vivent les populations h\u00f4tes et d\u00e9plac\u00e9es de la r\u00e9gion du Centre-Nord et de toutes les r\u00e9gions du Burkina Faso, notamment l\u2019acc\u00e8s \u00e0 l\u2019eau potable, l\u2019\u00e9ducation.<\/div>\n<\/div>\n<div class=\"x11i5rnm xat24cr x1mh8g0r x1vvkbs xtlvy1s x126k92a\">\n<div dir=\"auto\">Dans la dynamique d\u2019acc\u00e9l\u00e9ration de la lutte, le Pr\u00e9sident de la Transition a \u00e9galement \u00e9voqu\u00e9 l\u2019acquisition de mat\u00e9riels adapt\u00e9s. Cette acquisition qui a d\u00e9j\u00e0 commenc\u00e9 permettra une meilleure op\u00e9rationnalisation des forces combattantes.<\/div>\n<\/div>\n<div class=\"x11i5rnm xat24cr x1mh8g0r x1vvkbs xtlvy1s x126k92a\">\n<div dir=\"auto\">Le Pr\u00e9sident Ibrahim TRAORE a invit\u00e9 les populations \u00e0 faire attention aux r\u00e9seaux sociaux, aux informations diffus\u00e9es ou \u00e0 diffuser sur ces plateformes num\u00e9riques. Il s\u2019agit d\u2019une mise en garde des diffuseurs de fausses informations, de messages de haine et d\u2019informations contraires \u00e0 la dynamique de la lutte, car \u00ab ce sont des terroristes qui communiquent pour les terroristes \u00bb, a indiqu\u00e9 le Capitaine TRAORE.<\/div>\n<\/div>\n<div class=\"x11i5rnm xat24cr x1mh8g0r x1vvkbs xtlvy1s x126k92a\">\n<div dir=\"auto\">Les forces vives de la r\u00e9gion ont reconnu les efforts engag\u00e9s par la Transition dirig\u00e9e par le Pr\u00e9sident Ibrahim TROARE dans la dynamique de la reconqu\u00eate du territoire et du retour de la paix au Burkina Faso. Elles ont renouvel\u00e9 leur soutien au Chef de l\u2019Etat, avant de formuler des suggestions et de rappeler les pr\u00e9occupations qui tournent autour de la s\u00e9curit\u00e9, des services sociaux de base, du d\u00e9veloppement \u00e9conomique des m\u00e9nages et de la r\u00e9gion.<\/div>\n<\/div>\n<div class=\"x11i5rnm xat24cr x1mh8g0r x1vvkbs xtlvy1s x126k92a\">\n<div dir=\"auto\">Le Chef de l\u2019Etat a soulign\u00e9 que du travail est en train d\u2019\u00eatre fait dans le sens de la prise en charge des pr\u00e9occupations du peuple burkinab\u00e8. L\u2019engagement et la disponibilit\u00e9 de chacun sont importants, a-t-il pr\u00e9cis\u00e9.<\/div>\n<\/div>\n<div class=\"x11i5rnm xat24cr x1mh8g0r x1vvkbs xtlvy1s x126k92a\">\n<div dir=\"auto\">Direction de la Communication de la Pr\u00e9sidence du Faso<\/div>\n<\/div>\n","protected":false},"excerpt":{"rendered":"<p>(Kaya, 23 mars 2023). Le Pr\u00e9sident de la Transition, Chef de l\u2019Etat, le Capitaine Ibrahim TRAORE a eu des \u00e9changes directs, ce jeudi, avec les forces vives de la r\u00e9gion du Centre-Nord dans le cadre de la lutte contre le terrorisme men\u00e9e actuellement sur l\u2019ensemble du territoire national. Face aux forces vives de la r\u00e9gion du Centre-Nord r\u00e9unies dans la salle polyvalente de la ville de Kaya, le Chef de l\u2019Etat a r\u00e9affirm\u00e9 sa d\u00e9termination \u00e0 travailler pour la reconqu\u00eate du territoire, le retour de la paix et de la s\u00e9curit\u00e9 au Burkina Faso, ainsi que pour le d\u00e9veloppement du pays. \u00ab Jamais nous n\u2019abandonnerons notre patrie \u00bb, a rappel\u00e9 le Pr\u00e9sident de la Transition. Convaincu de l&rsquo;engagement de la jeunesse, le Chef de l\u2019Etat a invit\u00e9 cette frange de la population \u00e0 s\u2019investir davantage et sinc\u00e8rement dans le combat qui est men\u00e9 contre les groupes arm\u00e9s terroristes. Le Capitaine Ibrahim TRAORE a aussi salu\u00e9 l\u2019engagement de l\u2019ensemble des populations \u00e0 travers les enr\u00f4lements massifs comme Volontaires pour la d\u00e9fense de la Patrie (VDP). Il a rassur\u00e9 que du travail est en cours pour trouver des solutions aux difficult\u00e9s que vivent les populations h\u00f4tes et d\u00e9plac\u00e9es de la r\u00e9gion du Centre-Nord et de toutes les r\u00e9gions du Burkina Faso, notamment l\u2019acc\u00e8s \u00e0 l\u2019eau potable, l\u2019\u00e9ducation. Dans la dynamique d\u2019acc\u00e9l\u00e9ration de la lutte, le Pr\u00e9sident de la Transition a \u00e9galement \u00e9voqu\u00e9 l\u2019acquisition de mat\u00e9riels adapt\u00e9s. Cette acquisition qui a d\u00e9j\u00e0 commenc\u00e9 permettra une meilleure op\u00e9rationnalisation des forces combattantes. Le Pr\u00e9sident Ibrahim TRAORE a invit\u00e9 les populations \u00e0 faire attention aux r\u00e9seaux sociaux, aux informations diffus\u00e9es ou \u00e0 diffuser sur ces plateformes num\u00e9riques. Il s\u2019agit d\u2019une mise en garde des diffuseurs de fausses informations, de messages de haine et d\u2019informations contraires \u00e0 la dynamique de la lutte, car \u00ab ce sont des terroristes qui communiquent pour les terroristes \u00bb, a indiqu\u00e9 le Capitaine TRAORE. Les forces vives de la r\u00e9gion ont reconnu les efforts engag\u00e9s par la Transition dirig\u00e9e par le Pr\u00e9sident Ibrahim TROARE dans la dynamique de la reconqu\u00eate du territoire et du retour de la paix au Burkina Faso. Elles ont renouvel\u00e9 leur soutien au Chef de l\u2019Etat, avant de formuler des suggestions et de rappeler les pr\u00e9occupations qui tournent autour de la s\u00e9curit\u00e9, des services sociaux de base, du d\u00e9veloppement \u00e9conomique des m\u00e9nages et de la r\u00e9gion. Le Chef de l\u2019Etat a soulign\u00e9 que du travail est en train d\u2019\u00eatre fait dans le sens de la prise en charge des pr\u00e9occupations du peuple burkinab\u00e8. L\u2019engagement et la disponibilit\u00e9 de chacun sont importants, a-t-il pr\u00e9cis\u00e9. Direction de la Communication de la Pr\u00e9sidence du Faso<\/p>\n","protected":false},"author":2,"featured_media":14063,"comment_status":"open","ping_status":"open","sticky":false,"template":"","format":"standard","meta":{"footnotes":""},"categories":[13,1,8],"tags":[],"class_list":["post-14062","post","type-post","status-publish","format-standard","has-post-thumbnail","hentry","category-une","category-actu","category-societe"],"yoast_head":"<!-- This site is optimized with the Yoast SEO plugin v27.5 - https:\/\/yoast.com\/product\/yoast-seo-wordpress\/ -->\n<title>Situation s\u00e9curitaire : Le Capitaine Traor\u00e9 invite les jeune du Centre-nord \u00e0 rester debout - La Tribune du Faso<\/title>\n<meta name=\"robots\" content=\"index, follow, max-snippet:-1, max-image-preview:large, max-video-preview:-1\" \/>\n<link rel=\"canonical\" href=\"https:\/\/www.latribunedufaso.net\/?p=14062\" \/>\n<meta property=\"og:locale\" content=\"fr_FR\" \/>\n<meta property=\"og:type\" content=\"article\" \/>\n<meta property=\"og:title\" content=\"Situation s\u00e9curitaire : Le Capitaine Traor\u00e9 invite les jeune du Centre-nord \u00e0 rester debout - La Tribune du Faso\" \/>\n<meta property=\"og:description\" content=\"(Kaya, 23 mars 2023). Le Pr\u00e9sident de la Transition, Chef de l\u2019Etat, le Capitaine Ibrahim TRAORE a eu des \u00e9changes directs, ce jeudi, avec les forces vives de la r\u00e9gion du Centre-Nord dans le cadre de la lutte contre le terrorisme men\u00e9e actuellement sur l\u2019ensemble du territoire national. Face aux forces vives de la r\u00e9gion du Centre-Nord r\u00e9unies dans la salle polyvalente de la ville de Kaya, le Chef de l\u2019Etat a r\u00e9affirm\u00e9 sa d\u00e9termination \u00e0 travailler pour la reconqu\u00eate du territoire, le retour de la paix et de la s\u00e9curit\u00e9 au Burkina Faso, ainsi que pour le d\u00e9veloppement du pays. \u00ab Jamais nous n\u2019abandonnerons notre patrie \u00bb, a rappel\u00e9 le Pr\u00e9sident de la Transition. Convaincu de l&rsquo;engagement de la jeunesse, le Chef de l\u2019Etat a invit\u00e9 cette frange de la population \u00e0 s\u2019investir davantage et sinc\u00e8rement dans le combat qui est men\u00e9 contre les groupes arm\u00e9s terroristes. Le Capitaine Ibrahim TRAORE a aussi salu\u00e9 l\u2019engagement de l\u2019ensemble des populations \u00e0 travers les enr\u00f4lements massifs comme Volontaires pour la d\u00e9fense de la Patrie (VDP). Il a rassur\u00e9 que du travail est en cours pour trouver des solutions aux difficult\u00e9s que vivent les populations h\u00f4tes et d\u00e9plac\u00e9es de la r\u00e9gion du Centre-Nord et de toutes les r\u00e9gions du Burkina Faso, notamment l\u2019acc\u00e8s \u00e0 l\u2019eau potable, l\u2019\u00e9ducation. Dans la dynamique d\u2019acc\u00e9l\u00e9ration de la lutte, le Pr\u00e9sident de la Transition a \u00e9galement \u00e9voqu\u00e9 l\u2019acquisition de mat\u00e9riels adapt\u00e9s. Cette acquisition qui a d\u00e9j\u00e0 commenc\u00e9 permettra une meilleure op\u00e9rationnalisation des forces combattantes. Le Pr\u00e9sident Ibrahim TRAORE a invit\u00e9 les populations \u00e0 faire attention aux r\u00e9seaux sociaux, aux informations diffus\u00e9es ou \u00e0 diffuser sur ces plateformes num\u00e9riques. Il s\u2019agit d\u2019une mise en garde des diffuseurs de fausses informations, de messages de haine et d\u2019informations contraires \u00e0 la dynamique de la lutte, car \u00ab ce sont des terroristes qui communiquent pour les terroristes \u00bb, a indiqu\u00e9 le Capitaine TRAORE. Les forces vives de la r\u00e9gion ont reconnu les efforts engag\u00e9s par la Transition dirig\u00e9e par le Pr\u00e9sident Ibrahim TROARE dans la dynamique de la reconqu\u00eate du territoire et du retour de la paix au Burkina Faso. Elles ont renouvel\u00e9 leur soutien au Chef de l\u2019Etat, avant de formuler des suggestions et de rappeler les pr\u00e9occupations qui tournent autour de la s\u00e9curit\u00e9, des services sociaux de base, du d\u00e9veloppement \u00e9conomique des m\u00e9nages et de la r\u00e9gion. Le Chef de l\u2019Etat a soulign\u00e9 que du travail est en train d\u2019\u00eatre fait dans le sens de la prise en charge des pr\u00e9occupations du peuple burkinab\u00e8. L\u2019engagement et la disponibilit\u00e9 de chacun sont importants, a-t-il pr\u00e9cis\u00e9. Direction de la Communication de la Pr\u00e9sidence du Faso\" \/>\n<meta property=\"og:url\" content=\"https:\/\/www.latribunedufaso.net\/?p=14062\" \/>\n<meta property=\"og:site_name\" content=\"La Tribune du Faso\" \/>\n<meta property=\"article:publisher\" content=\"https:\/\/www.facebook.com\/LatribuneduFaso\/\" \/>\n<meta property=\"article:published_time\" content=\"2023-03-24T00:54:41+00:00\" \/>\n<meta property=\"article:modified_time\" content=\"2024-06-05T16:22:56+00:00\" \/>\n<meta property=\"og:image\" content=\"https:\/\/www.latribunedufaso.net\/wp-content\/uploads\/2024\/06\/337408491_145639378164389_1111147119541345657_n.jpg\" \/>\n\t<meta property=\"og:image:width\" content=\"1600\" \/>\n\t<meta property=\"og:image:height\" content=\"1066\" \/>\n\t<meta property=\"og:image:type\" content=\"image\/jpeg\" \/>\n<meta name=\"author\" content=\"Administrateur\" \/>\n<meta name=\"twitter:label1\" content=\"\u00c9crit par\" \/>\n\t<meta name=\"twitter:data1\" content=\"Administrateur\" \/>\n\t<meta name=\"twitter:label2\" content=\"Dur\u00e9e de lecture estim\u00e9e\" \/>\n\t<meta name=\"twitter:data2\" content=\"2 minutes\" \/>\n<script type=\"application\/ld+json\" class=\"yoast-schema-graph\">{\"@context\":\"https:\\\/\\\/schema.org\",\"@graph\":[{\"@type\":\"Article\",\"@id\":\"https:\\\/\\\/www.latribunedufaso.net\\\/?p=14062#article\",\"isPartOf\":{\"@id\":\"https:\\\/\\\/www.latribunedufaso.net\\\/?p=14062\"},\"author\":{\"name\":\"Administrateur\",\"@id\":\"https:\\\/\\\/www.latribunedufaso.net\\\/#\\\/schema\\\/person\\\/a380782d0605bb8aae27c40ea93b35b1\"},\"headline\":\"Situation s\u00e9curitaire : Le Capitaine Traor\u00e9 invite les jeune du Centre-nord \u00e0 rester debout\",\"datePublished\":\"2023-03-24T00:54:41+00:00\",\"dateModified\":\"2024-06-05T16:22:56+00:00\",\"mainEntityOfPage\":{\"@id\":\"https:\\\/\\\/www.latribunedufaso.net\\\/?p=14062\"},\"wordCount\":501,\"commentCount\":0,\"publisher\":{\"@id\":\"https:\\\/\\\/www.latribunedufaso.net\\\/#organization\"},\"image\":{\"@id\":\"https:\\\/\\\/www.latribunedufaso.net\\\/?p=14062#primaryimage\"},\"thumbnailUrl\":\"https:\\\/\\\/www.latribunedufaso.net\\\/wp-content\\\/uploads\\\/2024\\\/06\\\/337408491_145639378164389_1111147119541345657_n.jpg\",\"articleSection\":[\"A la une\",\"Actualit\u00e9\",\"Soci\u00e9t\u00e9\"],\"inLanguage\":\"fr-FR\",\"potentialAction\":[{\"@type\":\"CommentAction\",\"name\":\"Comment\",\"target\":[\"https:\\\/\\\/www.latribunedufaso.net\\\/?p=14062#respond\"]}]},{\"@type\":\"WebPage\",\"@id\":\"https:\\\/\\\/www.latribunedufaso.net\\\/?p=14062\",\"url\":\"https:\\\/\\\/www.latribunedufaso.net\\\/?p=14062\",\"name\":\"Situation s\u00e9curitaire : Le Capitaine Traor\u00e9 invite les jeune du Centre-nord \u00e0 rester debout - La Tribune du Faso\",\"isPartOf\":{\"@id\":\"https:\\\/\\\/www.latribunedufaso.net\\\/#website\"},\"primaryImageOfPage\":{\"@id\":\"https:\\\/\\\/www.latribunedufaso.net\\\/?p=14062#primaryimage\"},\"image\":{\"@id\":\"https:\\\/\\\/www.latribunedufaso.net\\\/?p=14062#primaryimage\"},\"thumbnailUrl\":\"https:\\\/\\\/www.latribunedufaso.net\\\/wp-content\\\/uploads\\\/2024\\\/06\\\/337408491_145639378164389_1111147119541345657_n.jpg\",\"datePublished\":\"2023-03-24T00:54:41+00:00\",\"dateModified\":\"2024-06-05T16:22:56+00:00\",\"breadcrumb\":{\"@id\":\"https:\\\/\\\/www.latribunedufaso.net\\\/?p=14062#breadcrumb\"},\"inLanguage\":\"fr-FR\",\"potentialAction\":[{\"@type\":\"ReadAction\",\"target\":[\"https:\\\/\\\/www.latribunedufaso.net\\\/?p=14062\"]}]},{\"@type\":\"ImageObject\",\"inLanguage\":\"fr-FR\",\"@id\":\"https:\\\/\\\/www.latribunedufaso.net\\\/?p=14062#primaryimage\",\"url\":\"https:\\\/\\\/www.latribunedufaso.net\\\/wp-content\\\/uploads\\\/2024\\\/06\\\/337408491_145639378164389_1111147119541345657_n.jpg\",\"contentUrl\":\"https:\\\/\\\/www.latribunedufaso.net\\\/wp-content\\\/uploads\\\/2024\\\/06\\\/337408491_145639378164389_1111147119541345657_n.jpg\",\"width\":1600,\"height\":1066},{\"@type\":\"BreadcrumbList\",\"@id\":\"https:\\\/\\\/www.latribunedufaso.net\\\/?p=14062#breadcrumb\",\"itemListElement\":[{\"@type\":\"ListItem\",\"position\":1,\"name\":\"Accueil\",\"item\":\"https:\\\/\\\/www.latribunedufaso.net\\\/\"},{\"@type\":\"ListItem\",\"position\":2,\"name\":\"Situation s\u00e9curitaire : Le Capitaine Traor\u00e9 invite les jeune du Centre-nord \u00e0 rester debout\"}]},{\"@type\":\"WebSite\",\"@id\":\"https:\\\/\\\/www.latribunedufaso.net\\\/#website\",\"url\":\"https:\\\/\\\/www.latribunedufaso.net\\\/\",\"name\":\"La Tribune du Faso\",\"description\":\"L&#039;information du monde rural en un clic\",\"publisher\":{\"@id\":\"https:\\\/\\\/www.latribunedufaso.net\\\/#organization\"},\"potentialAction\":[{\"@type\":\"SearchAction\",\"target\":{\"@type\":\"EntryPoint\",\"urlTemplate\":\"https:\\\/\\\/www.latribunedufaso.net\\\/?s={search_term_string}\"},\"query-input\":{\"@type\":\"PropertyValueSpecification\",\"valueRequired\":true,\"valueName\":\"search_term_string\"}}],\"inLanguage\":\"fr-FR\"},{\"@type\":\"Organization\",\"@id\":\"https:\\\/\\\/www.latribunedufaso.net\\\/#organization\",\"name\":\"La Tribune du Faso\",\"url\":\"https:\\\/\\\/www.latribunedufaso.net\\\/\",\"logo\":{\"@type\":\"ImageObject\",\"inLanguage\":\"fr-FR\",\"@id\":\"https:\\\/\\\/www.latribunedufaso.net\\\/#\\\/schema\\\/logo\\\/image\\\/\",\"url\":\"https:\\\/\\\/www.latribunedufaso.net\\\/wp-content\\\/uploads\\\/2020\\\/08\\\/Logo-Tribune-du-Faso-final-scaled.jpg\",\"contentUrl\":\"https:\\\/\\\/www.latribunedufaso.net\\\/wp-content\\\/uploads\\\/2020\\\/08\\\/Logo-Tribune-du-Faso-final-scaled.jpg\",\"width\":2560,\"height\":1856,\"caption\":\"La Tribune du Faso\"},\"image\":{\"@id\":\"https:\\\/\\\/www.latribunedufaso.net\\\/#\\\/schema\\\/logo\\\/image\\\/\"},\"sameAs\":[\"https:\\\/\\\/www.facebook.com\\\/LatribuneduFaso\\\/\"]},{\"@type\":\"Person\",\"@id\":\"https:\\\/\\\/www.latribunedufaso.net\\\/#\\\/schema\\\/person\\\/a380782d0605bb8aae27c40ea93b35b1\",\"name\":\"Administrateur\",\"image\":{\"@type\":\"ImageObject\",\"inLanguage\":\"fr-FR\",\"@id\":\"https:\\\/\\\/secure.gravatar.com\\\/avatar\\\/e20266f97d741f0e80ba1f60283074a9b3317fd7bfb727e0d95b51dafbf854a1?s=96&d=mm&r=g\",\"url\":\"https:\\\/\\\/secure.gravatar.com\\\/avatar\\\/e20266f97d741f0e80ba1f60283074a9b3317fd7bfb727e0d95b51dafbf854a1?s=96&d=mm&r=g\",\"contentUrl\":\"https:\\\/\\\/secure.gravatar.com\\\/avatar\\\/e20266f97d741f0e80ba1f60283074a9b3317fd7bfb727e0d95b51dafbf854a1?s=96&d=mm&r=g\",\"caption\":\"Administrateur\"},\"url\":\"https:\\\/\\\/www.latribunedufaso.net\\\/?author=2\"}]}<\/script>\n<!-- \/ Yoast SEO plugin. -->","yoast_head_json":{"title":"Situation s\u00e9curitaire : Le Capitaine Traor\u00e9 invite les jeune du Centre-nord \u00e0 rester debout - La Tribune du Faso","robots":{"index":"index","follow":"follow","max-snippet":"max-snippet:-1","max-image-preview":"max-image-preview:large","max-video-preview":"max-video-preview:-1"},"canonical":"https:\/\/www.latribunedufaso.net\/?p=14062","og_locale":"fr_FR","og_type":"article","og_title":"Situation s\u00e9curitaire : Le Capitaine Traor\u00e9 invite les jeune du Centre-nord \u00e0 rester debout - La Tribune du Faso","og_description":"(Kaya, 23 mars 2023). Le Pr\u00e9sident de la Transition, Chef de l\u2019Etat, le Capitaine Ibrahim TRAORE a eu des \u00e9changes directs, ce jeudi, avec les forces vives de la r\u00e9gion du Centre-Nord dans le cadre de la lutte contre le terrorisme men\u00e9e actuellement sur l\u2019ensemble du territoire national. Face aux forces vives de la r\u00e9gion du Centre-Nord r\u00e9unies dans la salle polyvalente de la ville de Kaya, le Chef de l\u2019Etat a r\u00e9affirm\u00e9 sa d\u00e9termination \u00e0 travailler pour la reconqu\u00eate du territoire, le retour de la paix et de la s\u00e9curit\u00e9 au Burkina Faso, ainsi que pour le d\u00e9veloppement du pays. \u00ab Jamais nous n\u2019abandonnerons notre patrie \u00bb, a rappel\u00e9 le Pr\u00e9sident de la Transition. Convaincu de l&rsquo;engagement de la jeunesse, le Chef de l\u2019Etat a invit\u00e9 cette frange de la population \u00e0 s\u2019investir davantage et sinc\u00e8rement dans le combat qui est men\u00e9 contre les groupes arm\u00e9s terroristes. Le Capitaine Ibrahim TRAORE a aussi salu\u00e9 l\u2019engagement de l\u2019ensemble des populations \u00e0 travers les enr\u00f4lements massifs comme Volontaires pour la d\u00e9fense de la Patrie (VDP). Il a rassur\u00e9 que du travail est en cours pour trouver des solutions aux difficult\u00e9s que vivent les populations h\u00f4tes et d\u00e9plac\u00e9es de la r\u00e9gion du Centre-Nord et de toutes les r\u00e9gions du Burkina Faso, notamment l\u2019acc\u00e8s \u00e0 l\u2019eau potable, l\u2019\u00e9ducation. Dans la dynamique d\u2019acc\u00e9l\u00e9ration de la lutte, le Pr\u00e9sident de la Transition a \u00e9galement \u00e9voqu\u00e9 l\u2019acquisition de mat\u00e9riels adapt\u00e9s. Cette acquisition qui a d\u00e9j\u00e0 commenc\u00e9 permettra une meilleure op\u00e9rationnalisation des forces combattantes. Le Pr\u00e9sident Ibrahim TRAORE a invit\u00e9 les populations \u00e0 faire attention aux r\u00e9seaux sociaux, aux informations diffus\u00e9es ou \u00e0 diffuser sur ces plateformes num\u00e9riques. Il s\u2019agit d\u2019une mise en garde des diffuseurs de fausses informations, de messages de haine et d\u2019informations contraires \u00e0 la dynamique de la lutte, car \u00ab ce sont des terroristes qui communiquent pour les terroristes \u00bb, a indiqu\u00e9 le Capitaine TRAORE. Les forces vives de la r\u00e9gion ont reconnu les efforts engag\u00e9s par la Transition dirig\u00e9e par le Pr\u00e9sident Ibrahim TROARE dans la dynamique de la reconqu\u00eate du territoire et du retour de la paix au Burkina Faso. Elles ont renouvel\u00e9 leur soutien au Chef de l\u2019Etat, avant de formuler des suggestions et de rappeler les pr\u00e9occupations qui tournent autour de la s\u00e9curit\u00e9, des services sociaux de base, du d\u00e9veloppement \u00e9conomique des m\u00e9nages et de la r\u00e9gion. Le Chef de l\u2019Etat a soulign\u00e9 que du travail est en train d\u2019\u00eatre fait dans le sens de la prise en charge des pr\u00e9occupations du peuple burkinab\u00e8. L\u2019engagement et la disponibilit\u00e9 de chacun sont importants, a-t-il pr\u00e9cis\u00e9. Direction de la Communication de la Pr\u00e9sidence du Faso","og_url":"https:\/\/www.latribunedufaso.net\/?p=14062","og_site_name":"La Tribune du Faso","article_publisher":"https:\/\/www.facebook.com\/LatribuneduFaso\/","article_published_time":"2023-03-24T00:54:41+00:00","article_modified_time":"2024-06-05T16:22:56+00:00","og_image":[{"width":1600,"height":1066,"url":"https:\/\/www.latribunedufaso.net\/wp-content\/uploads\/2024\/06\/337408491_145639378164389_1111147119541345657_n.jpg","type":"image\/jpeg"}],"author":"Administrateur","twitter_misc":{"\u00c9crit par":"Administrateur","Dur\u00e9e de lecture estim\u00e9e":"2 minutes"},"schema":{"@context":"https:\/\/schema.org","@graph":[{"@type":"Article","@id":"https:\/\/www.latribunedufaso.net\/?p=14062#article","isPartOf":{"@id":"https:\/\/www.latribunedufaso.net\/?p=14062"},"author":{"name":"Administrateur","@id":"https:\/\/www.latribunedufaso.net\/#\/schema\/person\/a380782d0605bb8aae27c40ea93b35b1"},"headline":"Situation s\u00e9curitaire : Le Capitaine Traor\u00e9 invite les jeune du Centre-nord \u00e0 rester debout","datePublished":"2023-03-24T00:54:41+00:00","dateModified":"2024-06-05T16:22:56+00:00","mainEntityOfPage":{"@id":"https:\/\/www.latribunedufaso.net\/?p=14062"},"wordCount":501,"commentCount":0,"publisher":{"@id":"https:\/\/www.latribunedufaso.net\/#organization"},"image":{"@id":"https:\/\/www.latribunedufaso.net\/?p=14062#primaryimage"},"thumbnailUrl":"https:\/\/www.latribunedufaso.net\/wp-content\/uploads\/2024\/06\/337408491_145639378164389_1111147119541345657_n.jpg","articleSection":["A la une","Actualit\u00e9","Soci\u00e9t\u00e9"],"inLanguage":"fr-FR","potentialAction":[{"@type":"CommentAction","name":"Comment","target":["https:\/\/www.latribunedufaso.net\/?p=14062#respond"]}]},{"@type":"WebPage","@id":"https:\/\/www.latribunedufaso.net\/?p=14062","url":"https:\/\/www.latribunedufaso.net\/?p=14062","name":"Situation s\u00e9curitaire : Le Capitaine Traor\u00e9 invite les jeune du Centre-nord \u00e0 rester debout - La Tribune du Faso","isPartOf":{"@id":"https:\/\/www.latribunedufaso.net\/#website"},"primaryImageOfPage":{"@id":"https:\/\/www.latribunedufaso.net\/?p=14062#primaryimage"},"image":{"@id":"https:\/\/www.latribunedufaso.net\/?p=14062#primaryimage"},"thumbnailUrl":"https:\/\/www.latribunedufaso.net\/wp-content\/uploads\/2024\/06\/337408491_145639378164389_1111147119541345657_n.jpg","datePublished":"2023-03-24T00:54:41+00:00","dateModified":"2024-06-05T16:22:56+00:00","breadcrumb":{"@id":"https:\/\/www.latribunedufaso.net\/?p=14062#breadcrumb"},"inLanguage":"fr-FR","potentialAction":[{"@type":"ReadAction","target":["https:\/\/www.latribunedufaso.net\/?p=14062"]}]},{"@type":"ImageObject","inLanguage":"fr-FR","@id":"https:\/\/www.latribunedufaso.net\/?p=14062#primaryimage","url":"https:\/\/www.latribunedufaso.net\/wp-content\/uploads\/2024\/06\/337408491_145639378164389_1111147119541345657_n.jpg","contentUrl":"https:\/\/www.latribunedufaso.net\/wp-content\/uploads\/2024\/06\/337408491_145639378164389_1111147119541345657_n.jpg","width":1600,"height":1066},{"@type":"BreadcrumbList","@id":"https:\/\/www.latribunedufaso.net\/?p=14062#breadcrumb","itemListElement":[{"@type":"ListItem","position":1,"name":"Accueil","item":"https:\/\/www.latribunedufaso.net\/"},{"@type":"ListItem","position":2,"name":"Situation s\u00e9curitaire : Le Capitaine Traor\u00e9 invite les jeune du Centre-nord \u00e0 rester debout"}]},{"@type":"WebSite","@id":"https:\/\/www.latribunedufaso.net\/#website","url":"https:\/\/www.latribunedufaso.net\/","name":"La Tribune du Faso","description":"L&#039;information du monde rural en un clic","publisher":{"@id":"https:\/\/www.latribunedufaso.net\/#organization"},"potentialAction":[{"@type":"SearchAction","target":{"@type":"EntryPoint","urlTemplate":"https:\/\/www.latribunedufaso.net\/?s={search_term_string}"},"query-input":{"@type":"PropertyValueSpecification","valueRequired":true,"valueName":"search_term_string"}}],"inLanguage":"fr-FR"},{"@type":"Organization","@id":"https:\/\/www.latribunedufaso.net\/#organization","name":"La Tribune du Faso","url":"https:\/\/www.latribunedufaso.net\/","logo":{"@type":"ImageObject","inLanguage":"fr-FR","@id":"https:\/\/www.latribunedufaso.net\/#\/schema\/logo\/image\/","url":"https:\/\/www.latribunedufaso.net\/wp-content\/uploads\/2020\/08\/Logo-Tribune-du-Faso-final-scaled.jpg","contentUrl":"https:\/\/www.latribunedufaso.net\/wp-content\/uploads\/2020\/08\/Logo-Tribune-du-Faso-final-scaled.jpg","width":2560,"height":1856,"caption":"La Tribune du Faso"},"image":{"@id":"https:\/\/www.latribunedufaso.net\/#\/schema\/logo\/image\/"},"sameAs":["https:\/\/www.facebook.com\/LatribuneduFaso\/"]},{"@type":"Person","@id":"https:\/\/www.latribunedufaso.net\/#\/schema\/person\/a380782d0605bb8aae27c40ea93b35b1","name":"Administrateur","image":{"@type":"ImageObject","inLanguage":"fr-FR","@id":"https:\/\/secure.gravatar.com\/avatar\/e20266f97d741f0e80ba1f60283074a9b3317fd7bfb727e0d95b51dafbf854a1?s=96&d=mm&r=g","url":"https:\/\/secure.gravatar.com\/avatar\/e20266f97d741f0e80ba1f60283074a9b3317fd7bfb727e0d95b51dafbf854a1?s=96&d=mm&r=g","contentUrl":"https:\/\/secure.gravatar.com\/avatar\/e20266f97d741f0e80ba1f60283074a9b3317fd7bfb727e0d95b51dafbf854a1?s=96&d=mm&r=g","caption":"Administrateur"},"url":"https:\/\/www.latribunedufaso.net\/?author=2"}]}},"_links":{"self":[{"href":"https:\/\/www.latribunedufaso.net\/index.php?rest_route=\/wp\/v2\/posts\/14062","targetHints":{"allow":["GET"]}}],"collection":[{"href":"https:\/\/www.latribunedufaso.net\/index.php?rest_route=\/wp\/v2\/posts"}],"about":[{"href":"https:\/\/www.latribunedufaso.net\/index.php?rest_route=\/wp\/v2\/types\/post"}],"author":[{"embeddable":true,"href":"https:\/\/www.latribunedufaso.net\/index.php?rest_route=\/wp\/v2\/users\/2"}],"replies":[{"embeddable":true,"href":"https:\/\/www.latribunedufaso.net\/index.php?rest_route=%2Fwp%2Fv2%2Fcomments&post=14062"}],"version-history":[{"count":1,"href":"https:\/\/www.latribunedufaso.net\/index.php?rest_route=\/wp\/v2\/posts\/14062\/revisions"}],"predecessor-version":[{"id":14064,"href":"https:\/\/www.latribunedufaso.net\/index.php?rest_route=\/wp\/v2\/posts\/14062\/revisions\/14064"}],"wp:featuredmedia":[{"embeddable":true,"href":"https:\/\/www.latribunedufaso.net\/index.php?rest_route=\/wp\/v2\/media\/14063"}],"wp:attachment":[{"href":"https:\/\/www.latribunedufaso.net\/index.php?rest_route=%2Fwp%2Fv2%2Fmedia&parent=14062"}],"wp:term":[{"taxonomy":"category","embeddable":true,"href":"https:\/\/www.latribunedufaso.net\/index.php?rest_route=%2Fwp%2Fv2%2Fcategories&post=14062"},{"taxonomy":"post_tag","embeddable":true,"href":"https:\/\/www.latribunedufaso.net\/index.php?rest_route=%2Fwp%2Fv2%2Ftags&post=14062"}],"curies":[{"name":"wp","href":"https:\/\/api.w.org\/{rel}","templated":true}]}}