{"id":14053,"date":"2023-04-25T21:24:25","date_gmt":"2023-04-25T21:24:25","guid":{"rendered":"https:\/\/www.latribunedufaso.net\/?p=14053"},"modified":"2024-06-05T15:44:04","modified_gmt":"2024-06-05T15:44:04","slug":"koulouba-le-chef-de-letat-recoit-les-lettres-de-creance-de-six-ambassadeurs-nouvellement-accredites","status":"publish","type":"post","link":"https:\/\/www.latribunedufaso.net\/?p=14053","title":{"rendered":"Koulouba : Le Chef de l&rsquo;Etat re\u00e7oit les lettres de cr\u00e9ance de six ambassadeurs nouvellement accr\u00e9dit\u00e9s"},"content":{"rendered":"<div class=\"x11i5rnm xat24cr x1mh8g0r x1vvkbs xtlvy1s x126k92a\">\n<div dir=\"auto\">(Ouagadougou, 25 avril 2023). Le Pr\u00e9sident de la Transition, Chef de l\u2019Etat, le Capitaine Ibrahim TRAORE a re\u00e7u ce mardi matin, les lettres de cr\u00e9ance de six ambassadeurs nouvellement accr\u00e9dit\u00e9s au Burkina Faso. Il s\u2019agit de la R\u00e9publique islamique d\u2019Iran, de la R\u00e9publique d\u2019Autriche, du Royaume-Uni, du Commonwealth d\u2019Australie, de la R\u00e9publique de Hongrie et de la R\u00e9publique alg\u00e9rienne d\u00e9mocratique et populaire.<\/div>\n<\/div>\n<div class=\"x11i5rnm xat24cr x1mh8g0r x1vvkbs xtlvy1s x126k92a\">\n<div dir=\"auto\">La R\u00e9publique alg\u00e9rienne d\u00e9mocratique et populaire a accr\u00e9dit\u00e9 son Excellence Monsieur Nadjib MAHDI, nouvel ambassadeur extraordinaire et pl\u00e9nipotentiaire aupr\u00e8s du Burkina Faso. Les relations diplomatiques entre les deux pays datent de 1978 avec des concertations r\u00e9guli\u00e8res des autorit\u00e9s. Le diplomate alg\u00e9rien aura sa r\u00e9sidence \u00e0 Ouagadougou.<\/div>\n<\/div>\n<div class=\"x11i5rnm xat24cr x1mh8g0r x1vvkbs xtlvy1s x126k92a\">\n<div dir=\"auto\">Son Excellence Monsieur Mojtaba FAGHIHI est le nouvel ambassadeur extraordinaire et pl\u00e9nipotentiaire de la R\u00e9publique islamique d\u2019Iran, avec pour r\u00e9sidence Ouagadougou. Les deux pays entretiennent des bonnes relations d\u2019amiti\u00e9 et de coop\u00e9ration. Le nouvel ambassadeur a occup\u00e9 de hautes fonctions dans des missions diplomatiques de son pays \u00e0 Ankara et \u00e0 P\u00e9kin.<\/div>\n<\/div>\n<div class=\"x11i5rnm xat24cr x1mh8g0r x1vvkbs xtlvy1s x126k92a\">\n<div dir=\"auto\">La R\u00e9publique d\u2019Autriche entend renforcer sa coop\u00e9ration avec le Burkina Faso avec la nomination de son Excellence Madame Ursula FAHRINGER, ambassadeur extraordinaire et pl\u00e9nipotentiaire aupr\u00e8s de notre pays, avec r\u00e9sidence \u00e0 Dakar au S\u00e9n\u00e9gal. La diplomate va travailler \u00e0 am\u00e9liorer la coop\u00e9ration bilat\u00e9rale bas\u00e9e sur l\u2019enseignement et la formation professionnelle.<\/div>\n<\/div>\n<div class=\"x11i5rnm xat24cr x1mh8g0r x1vvkbs xtlvy1s x126k92a\">\n<div dir=\"auto\">Son Excellence Madame Katherine Marjorie RANSOME, ambassadeur extraordinaire et pl\u00e9nipotentiaire du Royaume-Uni au Burkina Faso a occup\u00e9 de hautes fonctions dans son pays, au minist\u00e8re des Affaires \u00e9trang\u00e8res aussi bien au niveau central que dans les repr\u00e9sentations diplomatiques. La diplomate aura pour r\u00e9sidence Bamako au Mali.<\/div>\n<\/div>\n<div class=\"x11i5rnm xat24cr x1mh8g0r x1vvkbs xtlvy1s x126k92a\">\n<div dir=\"auto\">Le Commonwealth d\u2019Australie, un pays de l\u2019h\u00e9misph\u00e8re sud, a accr\u00e9dit\u00e9 son Excellence Madame Berenice OWEN-JONES, ambassadeur extraordinaire et pl\u00e9nipotentiaire aupr\u00e8s du Burkina Faso. Avec pour r\u00e9sidence Accra au Ghana, la diplomate va travailler \u00e0 booster la coop\u00e9ration entre les deux pays qui touche des domaines comme la formation \u00e0 travers l\u2019octroi des bourses d\u2019\u00e9tudes ainsi que des stages de formation.<\/div>\n<\/div>\n<div class=\"x11i5rnm xat24cr x1mh8g0r x1vvkbs xtlvy1s x126k92a\">\n<div dir=\"auto\">Son Excellence Monsieur Tamas Endre FEHER, ambassadeur extraordinaire et pl\u00e9nipotentiaire de la R\u00e9publique de Hongrie aupr\u00e8s du Burkina Faso a \u00e9galement remis ses lettres de cr\u00e9ances au Chef de l\u2019Etat. Le diplomate a repr\u00e9sent\u00e9 son pays en qualit\u00e9 de deuxi\u00e8me secr\u00e9taire, de consul, de chef de mission adjoint et consul g\u00e9n\u00e9ral respectivement aupr\u00e8s du Royaume de Tha\u00eflande, de Ta\u00efwan, et de la R\u00e9publique populaire de Chine. Il aura \u00e9galement pour r\u00e9sidence Accra au Ghana.<\/div>\n<\/div>\n<div class=\"x11i5rnm xat24cr x1mh8g0r x1vvkbs xtlvy1s x126k92a\">\n<div dir=\"auto\">Direction de la Communication de la Pr\u00e9sidence du Faso<\/div>\n<\/div>\n","protected":false},"excerpt":{"rendered":"<p>(Ouagadougou, 25 avril 2023). Le Pr\u00e9sident de la Transition, Chef de l\u2019Etat, le Capitaine Ibrahim TRAORE a re\u00e7u ce mardi matin, les lettres de cr\u00e9ance de six ambassadeurs nouvellement accr\u00e9dit\u00e9s au Burkina Faso. Il s\u2019agit de la R\u00e9publique islamique d\u2019Iran, de la R\u00e9publique d\u2019Autriche, du Royaume-Uni, du Commonwealth d\u2019Australie, de la R\u00e9publique de Hongrie et de la R\u00e9publique alg\u00e9rienne d\u00e9mocratique et populaire. La R\u00e9publique alg\u00e9rienne d\u00e9mocratique et populaire a accr\u00e9dit\u00e9 son Excellence Monsieur Nadjib MAHDI, nouvel ambassadeur extraordinaire et pl\u00e9nipotentiaire aupr\u00e8s du Burkina Faso. Les relations diplomatiques entre les deux pays datent de 1978 avec des concertations r\u00e9guli\u00e8res des autorit\u00e9s. Le diplomate alg\u00e9rien aura sa r\u00e9sidence \u00e0 Ouagadougou. Son Excellence Monsieur Mojtaba FAGHIHI est le nouvel ambassadeur extraordinaire et pl\u00e9nipotentiaire de la R\u00e9publique islamique d\u2019Iran, avec pour r\u00e9sidence Ouagadougou. Les deux pays entretiennent des bonnes relations d\u2019amiti\u00e9 et de coop\u00e9ration. Le nouvel ambassadeur a occup\u00e9 de hautes fonctions dans des missions diplomatiques de son pays \u00e0 Ankara et \u00e0 P\u00e9kin. La R\u00e9publique d\u2019Autriche entend renforcer sa coop\u00e9ration avec le Burkina Faso avec la nomination de son Excellence Madame Ursula FAHRINGER, ambassadeur extraordinaire et pl\u00e9nipotentiaire aupr\u00e8s de notre pays, avec r\u00e9sidence \u00e0 Dakar au S\u00e9n\u00e9gal. La diplomate va travailler \u00e0 am\u00e9liorer la coop\u00e9ration bilat\u00e9rale bas\u00e9e sur l\u2019enseignement et la formation professionnelle. Son Excellence Madame Katherine Marjorie RANSOME, ambassadeur extraordinaire et pl\u00e9nipotentiaire du Royaume-Uni au Burkina Faso a occup\u00e9 de hautes fonctions dans son pays, au minist\u00e8re des Affaires \u00e9trang\u00e8res aussi bien au niveau central que dans les repr\u00e9sentations diplomatiques. La diplomate aura pour r\u00e9sidence Bamako au Mali. Le Commonwealth d\u2019Australie, un pays de l\u2019h\u00e9misph\u00e8re sud, a accr\u00e9dit\u00e9 son Excellence Madame Berenice OWEN-JONES, ambassadeur extraordinaire et pl\u00e9nipotentiaire aupr\u00e8s du Burkina Faso. Avec pour r\u00e9sidence Accra au Ghana, la diplomate va travailler \u00e0 booster la coop\u00e9ration entre les deux pays qui touche des domaines comme la formation \u00e0 travers l\u2019octroi des bourses d\u2019\u00e9tudes ainsi que des stages de formation. Son Excellence Monsieur Tamas Endre FEHER, ambassadeur extraordinaire et pl\u00e9nipotentiaire de la R\u00e9publique de Hongrie aupr\u00e8s du Burkina Faso a \u00e9galement remis ses lettres de cr\u00e9ances au Chef de l\u2019Etat. Le diplomate a repr\u00e9sent\u00e9 son pays en qualit\u00e9 de deuxi\u00e8me secr\u00e9taire, de consul, de chef de mission adjoint et consul g\u00e9n\u00e9ral respectivement aupr\u00e8s du Royaume de Tha\u00eflande, de Ta\u00efwan, et de la R\u00e9publique populaire de Chine. Il aura \u00e9galement pour r\u00e9sidence Accra au Ghana. Direction de la Communication de la Pr\u00e9sidence du Faso<\/p>\n","protected":false},"author":2,"featured_media":14054,"comment_status":"open","ping_status":"open","sticky":false,"template":"","format":"standard","meta":{"footnotes":""},"categories":[13,1,8],"tags":[],"class_list":["post-14053","post","type-post","status-publish","format-standard","has-post-thumbnail","hentry","category-une","category-actu","category-societe"],"yoast_head":"<!-- This site is optimized with the Yoast SEO plugin v27.5 - https:\/\/yoast.com\/product\/yoast-seo-wordpress\/ -->\n<title>Koulouba : Le Chef de l&#039;Etat re\u00e7oit les lettres de cr\u00e9ance de six ambassadeurs nouvellement accr\u00e9dit\u00e9s - La Tribune du Faso<\/title>\n<meta name=\"robots\" content=\"index, follow, max-snippet:-1, max-image-preview:large, max-video-preview:-1\" \/>\n<link rel=\"canonical\" href=\"https:\/\/www.latribunedufaso.net\/?p=14053\" \/>\n<meta property=\"og:locale\" content=\"fr_FR\" \/>\n<meta property=\"og:type\" content=\"article\" \/>\n<meta property=\"og:title\" content=\"Koulouba : Le Chef de l&#039;Etat re\u00e7oit les lettres de cr\u00e9ance de six ambassadeurs nouvellement accr\u00e9dit\u00e9s - La Tribune du Faso\" \/>\n<meta property=\"og:description\" content=\"(Ouagadougou, 25 avril 2023). Le Pr\u00e9sident de la Transition, Chef de l\u2019Etat, le Capitaine Ibrahim TRAORE a re\u00e7u ce mardi matin, les lettres de cr\u00e9ance de six ambassadeurs nouvellement accr\u00e9dit\u00e9s au Burkina Faso. Il s\u2019agit de la R\u00e9publique islamique d\u2019Iran, de la R\u00e9publique d\u2019Autriche, du Royaume-Uni, du Commonwealth d\u2019Australie, de la R\u00e9publique de Hongrie et de la R\u00e9publique alg\u00e9rienne d\u00e9mocratique et populaire. La R\u00e9publique alg\u00e9rienne d\u00e9mocratique et populaire a accr\u00e9dit\u00e9 son Excellence Monsieur Nadjib MAHDI, nouvel ambassadeur extraordinaire et pl\u00e9nipotentiaire aupr\u00e8s du Burkina Faso. Les relations diplomatiques entre les deux pays datent de 1978 avec des concertations r\u00e9guli\u00e8res des autorit\u00e9s. Le diplomate alg\u00e9rien aura sa r\u00e9sidence \u00e0 Ouagadougou. Son Excellence Monsieur Mojtaba FAGHIHI est le nouvel ambassadeur extraordinaire et pl\u00e9nipotentiaire de la R\u00e9publique islamique d\u2019Iran, avec pour r\u00e9sidence Ouagadougou. Les deux pays entretiennent des bonnes relations d\u2019amiti\u00e9 et de coop\u00e9ration. Le nouvel ambassadeur a occup\u00e9 de hautes fonctions dans des missions diplomatiques de son pays \u00e0 Ankara et \u00e0 P\u00e9kin. La R\u00e9publique d\u2019Autriche entend renforcer sa coop\u00e9ration avec le Burkina Faso avec la nomination de son Excellence Madame Ursula FAHRINGER, ambassadeur extraordinaire et pl\u00e9nipotentiaire aupr\u00e8s de notre pays, avec r\u00e9sidence \u00e0 Dakar au S\u00e9n\u00e9gal. La diplomate va travailler \u00e0 am\u00e9liorer la coop\u00e9ration bilat\u00e9rale bas\u00e9e sur l\u2019enseignement et la formation professionnelle. Son Excellence Madame Katherine Marjorie RANSOME, ambassadeur extraordinaire et pl\u00e9nipotentiaire du Royaume-Uni au Burkina Faso a occup\u00e9 de hautes fonctions dans son pays, au minist\u00e8re des Affaires \u00e9trang\u00e8res aussi bien au niveau central que dans les repr\u00e9sentations diplomatiques. La diplomate aura pour r\u00e9sidence Bamako au Mali. Le Commonwealth d\u2019Australie, un pays de l\u2019h\u00e9misph\u00e8re sud, a accr\u00e9dit\u00e9 son Excellence Madame Berenice OWEN-JONES, ambassadeur extraordinaire et pl\u00e9nipotentiaire aupr\u00e8s du Burkina Faso. Avec pour r\u00e9sidence Accra au Ghana, la diplomate va travailler \u00e0 booster la coop\u00e9ration entre les deux pays qui touche des domaines comme la formation \u00e0 travers l\u2019octroi des bourses d\u2019\u00e9tudes ainsi que des stages de formation. Son Excellence Monsieur Tamas Endre FEHER, ambassadeur extraordinaire et pl\u00e9nipotentiaire de la R\u00e9publique de Hongrie aupr\u00e8s du Burkina Faso a \u00e9galement remis ses lettres de cr\u00e9ances au Chef de l\u2019Etat. Le diplomate a repr\u00e9sent\u00e9 son pays en qualit\u00e9 de deuxi\u00e8me secr\u00e9taire, de consul, de chef de mission adjoint et consul g\u00e9n\u00e9ral respectivement aupr\u00e8s du Royaume de Tha\u00eflande, de Ta\u00efwan, et de la R\u00e9publique populaire de Chine. Il aura \u00e9galement pour r\u00e9sidence Accra au Ghana. Direction de la Communication de la Pr\u00e9sidence du Faso\" \/>\n<meta property=\"og:url\" content=\"https:\/\/www.latribunedufaso.net\/?p=14053\" \/>\n<meta property=\"og:site_name\" content=\"La Tribune du Faso\" \/>\n<meta property=\"article:publisher\" content=\"https:\/\/www.facebook.com\/LatribuneduFaso\/\" \/>\n<meta property=\"article:published_time\" content=\"2023-04-25T21:24:25+00:00\" \/>\n<meta property=\"article:modified_time\" content=\"2024-06-05T15:44:04+00:00\" \/>\n<meta property=\"og:image\" content=\"https:\/\/www.latribunedufaso.net\/wp-content\/uploads\/2024\/06\/342900435_2485751728255808_4205315041823938512_n-694x347-1.jpg\" \/>\n\t<meta property=\"og:image:width\" content=\"694\" \/>\n\t<meta property=\"og:image:height\" content=\"347\" \/>\n\t<meta property=\"og:image:type\" content=\"image\/jpeg\" \/>\n<meta name=\"author\" content=\"Administrateur\" \/>\n<meta name=\"twitter:label1\" content=\"\u00c9crit par\" \/>\n\t<meta name=\"twitter:data1\" content=\"Administrateur\" \/>\n\t<meta name=\"twitter:label2\" content=\"Dur\u00e9e de lecture estim\u00e9e\" \/>\n\t<meta name=\"twitter:data2\" content=\"2 minutes\" \/>\n<script type=\"application\/ld+json\" class=\"yoast-schema-graph\">{\"@context\":\"https:\\\/\\\/schema.org\",\"@graph\":[{\"@type\":\"Article\",\"@id\":\"https:\\\/\\\/www.latribunedufaso.net\\\/?p=14053#article\",\"isPartOf\":{\"@id\":\"https:\\\/\\\/www.latribunedufaso.net\\\/?p=14053\"},\"author\":{\"name\":\"Administrateur\",\"@id\":\"https:\\\/\\\/www.latribunedufaso.net\\\/#\\\/schema\\\/person\\\/a380782d0605bb8aae27c40ea93b35b1\"},\"headline\":\"Koulouba : Le Chef de l&rsquo;Etat re\u00e7oit les lettres de cr\u00e9ance de six ambassadeurs nouvellement accr\u00e9dit\u00e9s\",\"datePublished\":\"2023-04-25T21:24:25+00:00\",\"dateModified\":\"2024-06-05T15:44:04+00:00\",\"mainEntityOfPage\":{\"@id\":\"https:\\\/\\\/www.latribunedufaso.net\\\/?p=14053\"},\"wordCount\":488,\"commentCount\":0,\"publisher\":{\"@id\":\"https:\\\/\\\/www.latribunedufaso.net\\\/#organization\"},\"image\":{\"@id\":\"https:\\\/\\\/www.latribunedufaso.net\\\/?p=14053#primaryimage\"},\"thumbnailUrl\":\"https:\\\/\\\/www.latribunedufaso.net\\\/wp-content\\\/uploads\\\/2024\\\/06\\\/342900435_2485751728255808_4205315041823938512_n-694x347-1.jpg\",\"articleSection\":[\"A la une\",\"Actualit\u00e9\",\"Soci\u00e9t\u00e9\"],\"inLanguage\":\"fr-FR\",\"potentialAction\":[{\"@type\":\"CommentAction\",\"name\":\"Comment\",\"target\":[\"https:\\\/\\\/www.latribunedufaso.net\\\/?p=14053#respond\"]}]},{\"@type\":\"WebPage\",\"@id\":\"https:\\\/\\\/www.latribunedufaso.net\\\/?p=14053\",\"url\":\"https:\\\/\\\/www.latribunedufaso.net\\\/?p=14053\",\"name\":\"Koulouba : Le Chef de l'Etat re\u00e7oit les lettres de cr\u00e9ance de six ambassadeurs nouvellement accr\u00e9dit\u00e9s - La Tribune du Faso\",\"isPartOf\":{\"@id\":\"https:\\\/\\\/www.latribunedufaso.net\\\/#website\"},\"primaryImageOfPage\":{\"@id\":\"https:\\\/\\\/www.latribunedufaso.net\\\/?p=14053#primaryimage\"},\"image\":{\"@id\":\"https:\\\/\\\/www.latribunedufaso.net\\\/?p=14053#primaryimage\"},\"thumbnailUrl\":\"https:\\\/\\\/www.latribunedufaso.net\\\/wp-content\\\/uploads\\\/2024\\\/06\\\/342900435_2485751728255808_4205315041823938512_n-694x347-1.jpg\",\"datePublished\":\"2023-04-25T21:24:25+00:00\",\"dateModified\":\"2024-06-05T15:44:04+00:00\",\"breadcrumb\":{\"@id\":\"https:\\\/\\\/www.latribunedufaso.net\\\/?p=14053#breadcrumb\"},\"inLanguage\":\"fr-FR\",\"potentialAction\":[{\"@type\":\"ReadAction\",\"target\":[\"https:\\\/\\\/www.latribunedufaso.net\\\/?p=14053\"]}]},{\"@type\":\"ImageObject\",\"inLanguage\":\"fr-FR\",\"@id\":\"https:\\\/\\\/www.latribunedufaso.net\\\/?p=14053#primaryimage\",\"url\":\"https:\\\/\\\/www.latribunedufaso.net\\\/wp-content\\\/uploads\\\/2024\\\/06\\\/342900435_2485751728255808_4205315041823938512_n-694x347-1.jpg\",\"contentUrl\":\"https:\\\/\\\/www.latribunedufaso.net\\\/wp-content\\\/uploads\\\/2024\\\/06\\\/342900435_2485751728255808_4205315041823938512_n-694x347-1.jpg\",\"width\":694,\"height\":347},{\"@type\":\"BreadcrumbList\",\"@id\":\"https:\\\/\\\/www.latribunedufaso.net\\\/?p=14053#breadcrumb\",\"itemListElement\":[{\"@type\":\"ListItem\",\"position\":1,\"name\":\"Accueil\",\"item\":\"https:\\\/\\\/www.latribunedufaso.net\\\/\"},{\"@type\":\"ListItem\",\"position\":2,\"name\":\"Koulouba : Le Chef de l&rsquo;Etat re\u00e7oit les lettres de cr\u00e9ance de six ambassadeurs nouvellement accr\u00e9dit\u00e9s\"}]},{\"@type\":\"WebSite\",\"@id\":\"https:\\\/\\\/www.latribunedufaso.net\\\/#website\",\"url\":\"https:\\\/\\\/www.latribunedufaso.net\\\/\",\"name\":\"La Tribune du Faso\",\"description\":\"L&#039;information du monde rural en un clic\",\"publisher\":{\"@id\":\"https:\\\/\\\/www.latribunedufaso.net\\\/#organization\"},\"potentialAction\":[{\"@type\":\"SearchAction\",\"target\":{\"@type\":\"EntryPoint\",\"urlTemplate\":\"https:\\\/\\\/www.latribunedufaso.net\\\/?s={search_term_string}\"},\"query-input\":{\"@type\":\"PropertyValueSpecification\",\"valueRequired\":true,\"valueName\":\"search_term_string\"}}],\"inLanguage\":\"fr-FR\"},{\"@type\":\"Organization\",\"@id\":\"https:\\\/\\\/www.latribunedufaso.net\\\/#organization\",\"name\":\"La Tribune du Faso\",\"url\":\"https:\\\/\\\/www.latribunedufaso.net\\\/\",\"logo\":{\"@type\":\"ImageObject\",\"inLanguage\":\"fr-FR\",\"@id\":\"https:\\\/\\\/www.latribunedufaso.net\\\/#\\\/schema\\\/logo\\\/image\\\/\",\"url\":\"https:\\\/\\\/www.latribunedufaso.net\\\/wp-content\\\/uploads\\\/2020\\\/08\\\/Logo-Tribune-du-Faso-final-scaled.jpg\",\"contentUrl\":\"https:\\\/\\\/www.latribunedufaso.net\\\/wp-content\\\/uploads\\\/2020\\\/08\\\/Logo-Tribune-du-Faso-final-scaled.jpg\",\"width\":2560,\"height\":1856,\"caption\":\"La Tribune du Faso\"},\"image\":{\"@id\":\"https:\\\/\\\/www.latribunedufaso.net\\\/#\\\/schema\\\/logo\\\/image\\\/\"},\"sameAs\":[\"https:\\\/\\\/www.facebook.com\\\/LatribuneduFaso\\\/\"]},{\"@type\":\"Person\",\"@id\":\"https:\\\/\\\/www.latribunedufaso.net\\\/#\\\/schema\\\/person\\\/a380782d0605bb8aae27c40ea93b35b1\",\"name\":\"Administrateur\",\"image\":{\"@type\":\"ImageObject\",\"inLanguage\":\"fr-FR\",\"@id\":\"https:\\\/\\\/secure.gravatar.com\\\/avatar\\\/e20266f97d741f0e80ba1f60283074a9b3317fd7bfb727e0d95b51dafbf854a1?s=96&d=mm&r=g\",\"url\":\"https:\\\/\\\/secure.gravatar.com\\\/avatar\\\/e20266f97d741f0e80ba1f60283074a9b3317fd7bfb727e0d95b51dafbf854a1?s=96&d=mm&r=g\",\"contentUrl\":\"https:\\\/\\\/secure.gravatar.com\\\/avatar\\\/e20266f97d741f0e80ba1f60283074a9b3317fd7bfb727e0d95b51dafbf854a1?s=96&d=mm&r=g\",\"caption\":\"Administrateur\"},\"url\":\"https:\\\/\\\/www.latribunedufaso.net\\\/?author=2\"}]}<\/script>\n<!-- \/ Yoast SEO plugin. -->","yoast_head_json":{"title":"Koulouba : Le Chef de l'Etat re\u00e7oit les lettres de cr\u00e9ance de six ambassadeurs nouvellement accr\u00e9dit\u00e9s - La Tribune du Faso","robots":{"index":"index","follow":"follow","max-snippet":"max-snippet:-1","max-image-preview":"max-image-preview:large","max-video-preview":"max-video-preview:-1"},"canonical":"https:\/\/www.latribunedufaso.net\/?p=14053","og_locale":"fr_FR","og_type":"article","og_title":"Koulouba : Le Chef de l'Etat re\u00e7oit les lettres de cr\u00e9ance de six ambassadeurs nouvellement accr\u00e9dit\u00e9s - La Tribune du Faso","og_description":"(Ouagadougou, 25 avril 2023). Le Pr\u00e9sident de la Transition, Chef de l\u2019Etat, le Capitaine Ibrahim TRAORE a re\u00e7u ce mardi matin, les lettres de cr\u00e9ance de six ambassadeurs nouvellement accr\u00e9dit\u00e9s au Burkina Faso. Il s\u2019agit de la R\u00e9publique islamique d\u2019Iran, de la R\u00e9publique d\u2019Autriche, du Royaume-Uni, du Commonwealth d\u2019Australie, de la R\u00e9publique de Hongrie et de la R\u00e9publique alg\u00e9rienne d\u00e9mocratique et populaire. La R\u00e9publique alg\u00e9rienne d\u00e9mocratique et populaire a accr\u00e9dit\u00e9 son Excellence Monsieur Nadjib MAHDI, nouvel ambassadeur extraordinaire et pl\u00e9nipotentiaire aupr\u00e8s du Burkina Faso. Les relations diplomatiques entre les deux pays datent de 1978 avec des concertations r\u00e9guli\u00e8res des autorit\u00e9s. Le diplomate alg\u00e9rien aura sa r\u00e9sidence \u00e0 Ouagadougou. Son Excellence Monsieur Mojtaba FAGHIHI est le nouvel ambassadeur extraordinaire et pl\u00e9nipotentiaire de la R\u00e9publique islamique d\u2019Iran, avec pour r\u00e9sidence Ouagadougou. Les deux pays entretiennent des bonnes relations d\u2019amiti\u00e9 et de coop\u00e9ration. Le nouvel ambassadeur a occup\u00e9 de hautes fonctions dans des missions diplomatiques de son pays \u00e0 Ankara et \u00e0 P\u00e9kin. La R\u00e9publique d\u2019Autriche entend renforcer sa coop\u00e9ration avec le Burkina Faso avec la nomination de son Excellence Madame Ursula FAHRINGER, ambassadeur extraordinaire et pl\u00e9nipotentiaire aupr\u00e8s de notre pays, avec r\u00e9sidence \u00e0 Dakar au S\u00e9n\u00e9gal. La diplomate va travailler \u00e0 am\u00e9liorer la coop\u00e9ration bilat\u00e9rale bas\u00e9e sur l\u2019enseignement et la formation professionnelle. Son Excellence Madame Katherine Marjorie RANSOME, ambassadeur extraordinaire et pl\u00e9nipotentiaire du Royaume-Uni au Burkina Faso a occup\u00e9 de hautes fonctions dans son pays, au minist\u00e8re des Affaires \u00e9trang\u00e8res aussi bien au niveau central que dans les repr\u00e9sentations diplomatiques. La diplomate aura pour r\u00e9sidence Bamako au Mali. Le Commonwealth d\u2019Australie, un pays de l\u2019h\u00e9misph\u00e8re sud, a accr\u00e9dit\u00e9 son Excellence Madame Berenice OWEN-JONES, ambassadeur extraordinaire et pl\u00e9nipotentiaire aupr\u00e8s du Burkina Faso. Avec pour r\u00e9sidence Accra au Ghana, la diplomate va travailler \u00e0 booster la coop\u00e9ration entre les deux pays qui touche des domaines comme la formation \u00e0 travers l\u2019octroi des bourses d\u2019\u00e9tudes ainsi que des stages de formation. Son Excellence Monsieur Tamas Endre FEHER, ambassadeur extraordinaire et pl\u00e9nipotentiaire de la R\u00e9publique de Hongrie aupr\u00e8s du Burkina Faso a \u00e9galement remis ses lettres de cr\u00e9ances au Chef de l\u2019Etat. Le diplomate a repr\u00e9sent\u00e9 son pays en qualit\u00e9 de deuxi\u00e8me secr\u00e9taire, de consul, de chef de mission adjoint et consul g\u00e9n\u00e9ral respectivement aupr\u00e8s du Royaume de Tha\u00eflande, de Ta\u00efwan, et de la R\u00e9publique populaire de Chine. Il aura \u00e9galement pour r\u00e9sidence Accra au Ghana. Direction de la Communication de la Pr\u00e9sidence du Faso","og_url":"https:\/\/www.latribunedufaso.net\/?p=14053","og_site_name":"La Tribune du Faso","article_publisher":"https:\/\/www.facebook.com\/LatribuneduFaso\/","article_published_time":"2023-04-25T21:24:25+00:00","article_modified_time":"2024-06-05T15:44:04+00:00","og_image":[{"width":694,"height":347,"url":"https:\/\/www.latribunedufaso.net\/wp-content\/uploads\/2024\/06\/342900435_2485751728255808_4205315041823938512_n-694x347-1.jpg","type":"image\/jpeg"}],"author":"Administrateur","twitter_misc":{"\u00c9crit par":"Administrateur","Dur\u00e9e de lecture estim\u00e9e":"2 minutes"},"schema":{"@context":"https:\/\/schema.org","@graph":[{"@type":"Article","@id":"https:\/\/www.latribunedufaso.net\/?p=14053#article","isPartOf":{"@id":"https:\/\/www.latribunedufaso.net\/?p=14053"},"author":{"name":"Administrateur","@id":"https:\/\/www.latribunedufaso.net\/#\/schema\/person\/a380782d0605bb8aae27c40ea93b35b1"},"headline":"Koulouba : Le Chef de l&rsquo;Etat re\u00e7oit les lettres de cr\u00e9ance de six ambassadeurs nouvellement accr\u00e9dit\u00e9s","datePublished":"2023-04-25T21:24:25+00:00","dateModified":"2024-06-05T15:44:04+00:00","mainEntityOfPage":{"@id":"https:\/\/www.latribunedufaso.net\/?p=14053"},"wordCount":488,"commentCount":0,"publisher":{"@id":"https:\/\/www.latribunedufaso.net\/#organization"},"image":{"@id":"https:\/\/www.latribunedufaso.net\/?p=14053#primaryimage"},"thumbnailUrl":"https:\/\/www.latribunedufaso.net\/wp-content\/uploads\/2024\/06\/342900435_2485751728255808_4205315041823938512_n-694x347-1.jpg","articleSection":["A la une","Actualit\u00e9","Soci\u00e9t\u00e9"],"inLanguage":"fr-FR","potentialAction":[{"@type":"CommentAction","name":"Comment","target":["https:\/\/www.latribunedufaso.net\/?p=14053#respond"]}]},{"@type":"WebPage","@id":"https:\/\/www.latribunedufaso.net\/?p=14053","url":"https:\/\/www.latribunedufaso.net\/?p=14053","name":"Koulouba : Le Chef de l'Etat re\u00e7oit les lettres de cr\u00e9ance de six ambassadeurs nouvellement accr\u00e9dit\u00e9s - La Tribune du Faso","isPartOf":{"@id":"https:\/\/www.latribunedufaso.net\/#website"},"primaryImageOfPage":{"@id":"https:\/\/www.latribunedufaso.net\/?p=14053#primaryimage"},"image":{"@id":"https:\/\/www.latribunedufaso.net\/?p=14053#primaryimage"},"thumbnailUrl":"https:\/\/www.latribunedufaso.net\/wp-content\/uploads\/2024\/06\/342900435_2485751728255808_4205315041823938512_n-694x347-1.jpg","datePublished":"2023-04-25T21:24:25+00:00","dateModified":"2024-06-05T15:44:04+00:00","breadcrumb":{"@id":"https:\/\/www.latribunedufaso.net\/?p=14053#breadcrumb"},"inLanguage":"fr-FR","potentialAction":[{"@type":"ReadAction","target":["https:\/\/www.latribunedufaso.net\/?p=14053"]}]},{"@type":"ImageObject","inLanguage":"fr-FR","@id":"https:\/\/www.latribunedufaso.net\/?p=14053#primaryimage","url":"https:\/\/www.latribunedufaso.net\/wp-content\/uploads\/2024\/06\/342900435_2485751728255808_4205315041823938512_n-694x347-1.jpg","contentUrl":"https:\/\/www.latribunedufaso.net\/wp-content\/uploads\/2024\/06\/342900435_2485751728255808_4205315041823938512_n-694x347-1.jpg","width":694,"height":347},{"@type":"BreadcrumbList","@id":"https:\/\/www.latribunedufaso.net\/?p=14053#breadcrumb","itemListElement":[{"@type":"ListItem","position":1,"name":"Accueil","item":"https:\/\/www.latribunedufaso.net\/"},{"@type":"ListItem","position":2,"name":"Koulouba : Le Chef de l&rsquo;Etat re\u00e7oit les lettres de cr\u00e9ance de six ambassadeurs nouvellement accr\u00e9dit\u00e9s"}]},{"@type":"WebSite","@id":"https:\/\/www.latribunedufaso.net\/#website","url":"https:\/\/www.latribunedufaso.net\/","name":"La Tribune du Faso","description":"L&#039;information du monde rural en un clic","publisher":{"@id":"https:\/\/www.latribunedufaso.net\/#organization"},"potentialAction":[{"@type":"SearchAction","target":{"@type":"EntryPoint","urlTemplate":"https:\/\/www.latribunedufaso.net\/?s={search_term_string}"},"query-input":{"@type":"PropertyValueSpecification","valueRequired":true,"valueName":"search_term_string"}}],"inLanguage":"fr-FR"},{"@type":"Organization","@id":"https:\/\/www.latribunedufaso.net\/#organization","name":"La Tribune du Faso","url":"https:\/\/www.latribunedufaso.net\/","logo":{"@type":"ImageObject","inLanguage":"fr-FR","@id":"https:\/\/www.latribunedufaso.net\/#\/schema\/logo\/image\/","url":"https:\/\/www.latribunedufaso.net\/wp-content\/uploads\/2020\/08\/Logo-Tribune-du-Faso-final-scaled.jpg","contentUrl":"https:\/\/www.latribunedufaso.net\/wp-content\/uploads\/2020\/08\/Logo-Tribune-du-Faso-final-scaled.jpg","width":2560,"height":1856,"caption":"La Tribune du Faso"},"image":{"@id":"https:\/\/www.latribunedufaso.net\/#\/schema\/logo\/image\/"},"sameAs":["https:\/\/www.facebook.com\/LatribuneduFaso\/"]},{"@type":"Person","@id":"https:\/\/www.latribunedufaso.net\/#\/schema\/person\/a380782d0605bb8aae27c40ea93b35b1","name":"Administrateur","image":{"@type":"ImageObject","inLanguage":"fr-FR","@id":"https:\/\/secure.gravatar.com\/avatar\/e20266f97d741f0e80ba1f60283074a9b3317fd7bfb727e0d95b51dafbf854a1?s=96&d=mm&r=g","url":"https:\/\/secure.gravatar.com\/avatar\/e20266f97d741f0e80ba1f60283074a9b3317fd7bfb727e0d95b51dafbf854a1?s=96&d=mm&r=g","contentUrl":"https:\/\/secure.gravatar.com\/avatar\/e20266f97d741f0e80ba1f60283074a9b3317fd7bfb727e0d95b51dafbf854a1?s=96&d=mm&r=g","caption":"Administrateur"},"url":"https:\/\/www.latribunedufaso.net\/?author=2"}]}},"_links":{"self":[{"href":"https:\/\/www.latribunedufaso.net\/index.php?rest_route=\/wp\/v2\/posts\/14053","targetHints":{"allow":["GET"]}}],"collection":[{"href":"https:\/\/www.latribunedufaso.net\/index.php?rest_route=\/wp\/v2\/posts"}],"about":[{"href":"https:\/\/www.latribunedufaso.net\/index.php?rest_route=\/wp\/v2\/types\/post"}],"author":[{"embeddable":true,"href":"https:\/\/www.latribunedufaso.net\/index.php?rest_route=\/wp\/v2\/users\/2"}],"replies":[{"embeddable":true,"href":"https:\/\/www.latribunedufaso.net\/index.php?rest_route=%2Fwp%2Fv2%2Fcomments&post=14053"}],"version-history":[{"count":1,"href":"https:\/\/www.latribunedufaso.net\/index.php?rest_route=\/wp\/v2\/posts\/14053\/revisions"}],"predecessor-version":[{"id":14055,"href":"https:\/\/www.latribunedufaso.net\/index.php?rest_route=\/wp\/v2\/posts\/14053\/revisions\/14055"}],"wp:featuredmedia":[{"embeddable":true,"href":"https:\/\/www.latribunedufaso.net\/index.php?rest_route=\/wp\/v2\/media\/14054"}],"wp:attachment":[{"href":"https:\/\/www.latribunedufaso.net\/index.php?rest_route=%2Fwp%2Fv2%2Fmedia&parent=14053"}],"wp:term":[{"taxonomy":"category","embeddable":true,"href":"https:\/\/www.latribunedufaso.net\/index.php?rest_route=%2Fwp%2Fv2%2Fcategories&post=14053"},{"taxonomy":"post_tag","embeddable":true,"href":"https:\/\/www.latribunedufaso.net\/index.php?rest_route=%2Fwp%2Fv2%2Ftags&post=14053"}],"curies":[{"name":"wp","href":"https:\/\/api.w.org\/{rel}","templated":true}]}}