{"id":13989,"date":"2023-05-02T23:30:26","date_gmt":"2023-05-02T23:30:26","guid":{"rendered":"https:\/\/www.latribunedufaso.net\/?p=13989"},"modified":"2024-06-05T11:35:12","modified_gmt":"2024-06-05T11:35:12","slug":"titres-miniers-et-autorisations-le-cadastre-minier-sensibilise-les-acteurs-du-plateau-central","status":"publish","type":"post","link":"https:\/\/www.latribunedufaso.net\/?p=13989","title":{"rendered":"Titres miniers et autorisations : Le cadastre minier sensibilise les acteurs du Plateau central"},"content":{"rendered":"<div class=\"xdj266r x11i5rnm xat24cr x1mh8g0r x1vvkbs x126k92a\">\n<div dir=\"auto\">Gestion des titres miniers et autorisations<\/div>\n<div dir=\"auto\">Le Cadastre minier sensibilise les acteurs du Plateau central<\/div>\n<\/div>\n<div class=\"x11i5rnm xat24cr x1mh8g0r x1vvkbs xtlvy1s x126k92a\">\n<div dir=\"auto\">Apr\u00e8s la r\u00e9gion du Centre-Nord, la Direction g\u00e9n\u00e9rale du cadastre minier (DGCM) a poursuivi sa tourn\u00e9e de sensibilisation sur la gestion des titres miniers et autorisations, au processus de perception et de r\u00e9partition des taxes superficiaires dans la r\u00e9gion du Plateau Central. La c\u00e9r\u00e9monie d\u2019ouverture pr\u00e9sid\u00e9e le Secr\u00e9taire g\u00e9n\u00e9ral de la r\u00e9gion, Amidou SORE a connu la <a tabindex=\"-1\"><\/a>participation des acteurs du secteur minier et des autorit\u00e9s coutumi\u00e8res, religieuses et administratives. C\u2019\u00e9tait le mardi 2 mai 2023 \u00e0 Ziniar\u00e9.<\/div>\n<\/div>\n<div class=\"x11i5rnm xat24cr x1mh8g0r x1vvkbs xtlvy1s x126k92a\">\n<div dir=\"auto\">Tout comme dans la r\u00e9gion du Centre-Nord, la d\u00e9l\u00e9gation conduite par le repr\u00e9sentant du Directeur g\u00e9n\u00e9ral du cadastre minier (DGCM), Tousma DODBZANGA a r\u00e9\u00e9dit\u00e9 le m\u00eame exercice dans le Plateau Central.<\/div>\n<div dir=\"auto\">Les articles 189 et 191 du code minier de 2015 rappellent que les collectivit\u00e9s territoriales jouent un r\u00f4le d\u00e9terminant dans la gestion des titres miniers et autorisations. Cependant, les enqu\u00eates publiques r\u00e9alis\u00e9es aupr\u00e8s de certaines populations impact\u00e9es par l\u2019activit\u00e9 mini\u00e8re ont r\u00e9v\u00e9l\u00e9 des difficult\u00e9s li\u00e9es entre autres \u00e0 la non ma\u00eetrise des impacts des op\u00e9rations mini\u00e8res par les populations concern\u00e9es, \u00e0 des expositions aux projets bas\u00e9s sur des consid\u00e9rations d\u00e9j\u00e0 suffisamment encadr\u00e9es par la r\u00e9glementation mini\u00e8re. C\u2019est en parti l\u2019objet de cette mission de sensibilisation dont le but est de permettre la vulgarisation du contenu de la loi n \u00b036-2015 portant code minier du Burkina Faso et ses textes d\u2019application. Tout au long des travaux mod\u00e9r\u00e9s par la Secr\u00e9taire g\u00e9n\u00e9rale (SG), W. Esther TAMALGO, repr\u00e9sentant le Haut-commissaire de la province de l\u2019Oubritenga, les participants ont eu droit \u00e0 trois communications. Celles-ci sont en lien avec le contenu de l\u2019arr\u00eat\u00e9 interminist\u00e9riel portant r\u00e9partition des taxes superficiaires au profit des collectivit\u00e9s territoriales et le d\u00e9cret du 23 janvier 2017 portant fixation des taxes et redevances mini\u00e8res relativement au processus de perception des taxes superficiaires.<\/div>\n<div dir=\"auto\">Au terme des travaux, les pr\u00e9occupations relatives \u00e0 l\u2019activit\u00e9 de gestion des titres miniers et autorisations ont \u00e9t\u00e9 soumises et des suggestions formul\u00e9es. Les participants ont souhait\u00e9 la tenue r\u00e9guli\u00e8re de cadres de concertation entre les soci\u00e9t\u00e9s mini\u00e8res et les communaut\u00e9s locales sur la Responsabilit\u00e9 soci\u00e9tale des entreprises (RSE), une d\u00e9concentration du minist\u00e8re en charge des mines, et l\u2019implantation d\u2019un service de l\u2019environnement au sein du Cadastre minier. Avant de lever la s\u00e9ance, la SG W. Esther TAMALGO a invit\u00e9 l\u2019ensemble des acteurs \u00e0 s\u2019approprier les textes afin d\u2019accompagner le minist\u00e8re de l\u2019Energie des Mines et des Carri\u00e8res dans la gestion des titres miniers et autorisations. Par ailleurs , les acteurs \u0153uvrant dans le secteur minier ont \u00e9t\u00e9 invit\u00e9 \u00e0 consulter r\u00e9guli\u00e8rement le syst\u00e8me de gestion des titres miniers et autorisations eMC+ ainsi que le site web du cadastre minier, <span class=\"html-span xdj266r x11i5rnm xat24cr x1mh8g0r xexx8yu x4uap5 x18d9i69 xkhd6sd x1hl2dhg x16tdsg8 x1vvkbs\"><a class=\"x1i10hfl xjbqb8w x1ejq31n xd10rxx x1sy0etr x17r0tee x972fbf xcfux6l x1qhh985 xm0m39n x9f619 x1ypdohk xt0psk2 xe8uvvx xdj266r x11i5rnm xat24cr x1mh8g0r xexx8yu x4uap5 x18d9i69 xkhd6sd x16tdsg8 x1hl2dhg xggy1nq x1a2a7pz x1sur9pj xkrqix3 x1fey0fg\" href=\"http:\/\/www.ecadastreminier.bf\/?fbclid=IwZXh0bgNhZW0CMTAAAR2pmfuR6L89ViDvywPZbR_2jWuqUbtLfyl51pCa7d2ZCqlcxsF0vLxwmuA_aem_AWgeIJ448rx54X7KjRhfv3ueb3XGbPbnO5_PD3Bd4GmiqbY_HKbmun344y5q97Xzb-BbBsYFFZkon3ruErGcwFNm\" rel=\"nofollow noopener noreferrer\" role=\"link\" target=\"_blank\" tabindex=\"0\">www.ecadastreminier.bf<\/a><\/span> .<\/div>\n<div dir=\"auto\">Cette activit\u00e9 se poursuivra le 03 mai 2023 toujours \u00e0 Ziniar\u00e9 avec des participants venus des provinces du Ganzourgou et du Kourw\u00e9ogo.<\/div>\n<\/div>\n<div class=\"x11i5rnm xat24cr x1mh8g0r x1vvkbs xtlvy1s x126k92a\">\n<div dir=\"auto\">Direction de la Communication et des Relations Presse<\/div>\n<\/div>\n","protected":false},"excerpt":{"rendered":"<p>Gestion des titres miniers et autorisations Le Cadastre minier sensibilise les acteurs du Plateau central Apr\u00e8s la r\u00e9gion du Centre-Nord, la Direction g\u00e9n\u00e9rale du cadastre minier (DGCM) a poursuivi sa tourn\u00e9e de sensibilisation sur la gestion des titres miniers et autorisations, au processus de perception et de r\u00e9partition des taxes superficiaires dans la r\u00e9gion du Plateau Central. La c\u00e9r\u00e9monie d\u2019ouverture pr\u00e9sid\u00e9e le Secr\u00e9taire g\u00e9n\u00e9ral de la r\u00e9gion, Amidou SORE a connu la participation des acteurs du secteur minier et des autorit\u00e9s coutumi\u00e8res, religieuses et administratives. C\u2019\u00e9tait le mardi 2 mai 2023 \u00e0 Ziniar\u00e9. Tout comme dans la r\u00e9gion du Centre-Nord, la d\u00e9l\u00e9gation conduite par le repr\u00e9sentant du Directeur g\u00e9n\u00e9ral du cadastre minier (DGCM), Tousma DODBZANGA a r\u00e9\u00e9dit\u00e9 le m\u00eame exercice dans le Plateau Central. Les articles 189 et 191 du code minier de 2015 rappellent que les collectivit\u00e9s territoriales jouent un r\u00f4le d\u00e9terminant dans la gestion des titres miniers et autorisations. Cependant, les enqu\u00eates publiques r\u00e9alis\u00e9es aupr\u00e8s de certaines populations impact\u00e9es par l\u2019activit\u00e9 mini\u00e8re ont r\u00e9v\u00e9l\u00e9 des difficult\u00e9s li\u00e9es entre autres \u00e0 la non ma\u00eetrise des impacts des op\u00e9rations mini\u00e8res par les populations concern\u00e9es, \u00e0 des expositions aux projets bas\u00e9s sur des consid\u00e9rations d\u00e9j\u00e0 suffisamment encadr\u00e9es par la r\u00e9glementation mini\u00e8re. C\u2019est en parti l\u2019objet de cette mission de sensibilisation dont le but est de permettre la vulgarisation du contenu de la loi n \u00b036-2015 portant code minier du Burkina Faso et ses textes d\u2019application. Tout au long des travaux mod\u00e9r\u00e9s par la Secr\u00e9taire g\u00e9n\u00e9rale (SG), W. Esther TAMALGO, repr\u00e9sentant le Haut-commissaire de la province de l\u2019Oubritenga, les participants ont eu droit \u00e0 trois communications. Celles-ci sont en lien avec le contenu de l\u2019arr\u00eat\u00e9 interminist\u00e9riel portant r\u00e9partition des taxes superficiaires au profit des collectivit\u00e9s territoriales et le d\u00e9cret du 23 janvier 2017 portant fixation des taxes et redevances mini\u00e8res relativement au processus de perception des taxes superficiaires. Au terme des travaux, les pr\u00e9occupations relatives \u00e0 l\u2019activit\u00e9 de gestion des titres miniers et autorisations ont \u00e9t\u00e9 soumises et des suggestions formul\u00e9es. Les participants ont souhait\u00e9 la tenue r\u00e9guli\u00e8re de cadres de concertation entre les soci\u00e9t\u00e9s mini\u00e8res et les communaut\u00e9s locales sur la Responsabilit\u00e9 soci\u00e9tale des entreprises (RSE), une d\u00e9concentration du minist\u00e8re en charge des mines, et l\u2019implantation d\u2019un service de l\u2019environnement au sein du Cadastre minier. Avant de lever la s\u00e9ance, la SG W. Esther TAMALGO a invit\u00e9 l\u2019ensemble des acteurs \u00e0 s\u2019approprier les textes afin d\u2019accompagner le minist\u00e8re de l\u2019Energie des Mines et des Carri\u00e8res dans la gestion des titres miniers et autorisations. Par ailleurs , les acteurs \u0153uvrant dans le secteur minier ont \u00e9t\u00e9 invit\u00e9 \u00e0 consulter r\u00e9guli\u00e8rement le syst\u00e8me de gestion des titres miniers et autorisations eMC+ ainsi que le site web du cadastre minier, www.ecadastreminier.bf . Cette activit\u00e9 se poursuivra le 03 mai 2023 toujours \u00e0 Ziniar\u00e9 avec des participants venus des provinces du Ganzourgou et du Kourw\u00e9ogo. Direction de la Communication et des Relations Presse<\/p>\n","protected":false},"author":2,"featured_media":13996,"comment_status":"open","ping_status":"open","sticky":false,"template":"","format":"standard","meta":{"footnotes":""},"categories":[13,1,19],"tags":[],"class_list":["post-13989","post","type-post","status-publish","format-standard","has-post-thumbnail","hentry","category-une","category-actu","category-mines-et-carrieres"],"yoast_head":"<!-- This site is optimized with the Yoast SEO plugin v27.5 - https:\/\/yoast.com\/product\/yoast-seo-wordpress\/ -->\n<title>Titres miniers et autorisations : Le cadastre minier sensibilise les acteurs du Plateau central - La Tribune du Faso<\/title>\n<meta name=\"robots\" content=\"index, follow, max-snippet:-1, max-image-preview:large, max-video-preview:-1\" \/>\n<link rel=\"canonical\" href=\"https:\/\/www.latribunedufaso.net\/?p=13989\" \/>\n<meta property=\"og:locale\" content=\"fr_FR\" \/>\n<meta property=\"og:type\" content=\"article\" \/>\n<meta property=\"og:title\" content=\"Titres miniers et autorisations : Le cadastre minier sensibilise les acteurs du Plateau central - La Tribune du Faso\" \/>\n<meta property=\"og:description\" content=\"Gestion des titres miniers et autorisations Le Cadastre minier sensibilise les acteurs du Plateau central Apr\u00e8s la r\u00e9gion du Centre-Nord, la Direction g\u00e9n\u00e9rale du cadastre minier (DGCM) a poursuivi sa tourn\u00e9e de sensibilisation sur la gestion des titres miniers et autorisations, au processus de perception et de r\u00e9partition des taxes superficiaires dans la r\u00e9gion du Plateau Central. La c\u00e9r\u00e9monie d\u2019ouverture pr\u00e9sid\u00e9e le Secr\u00e9taire g\u00e9n\u00e9ral de la r\u00e9gion, Amidou SORE a connu la participation des acteurs du secteur minier et des autorit\u00e9s coutumi\u00e8res, religieuses et administratives. C\u2019\u00e9tait le mardi 2 mai 2023 \u00e0 Ziniar\u00e9. Tout comme dans la r\u00e9gion du Centre-Nord, la d\u00e9l\u00e9gation conduite par le repr\u00e9sentant du Directeur g\u00e9n\u00e9ral du cadastre minier (DGCM), Tousma DODBZANGA a r\u00e9\u00e9dit\u00e9 le m\u00eame exercice dans le Plateau Central. Les articles 189 et 191 du code minier de 2015 rappellent que les collectivit\u00e9s territoriales jouent un r\u00f4le d\u00e9terminant dans la gestion des titres miniers et autorisations. Cependant, les enqu\u00eates publiques r\u00e9alis\u00e9es aupr\u00e8s de certaines populations impact\u00e9es par l\u2019activit\u00e9 mini\u00e8re ont r\u00e9v\u00e9l\u00e9 des difficult\u00e9s li\u00e9es entre autres \u00e0 la non ma\u00eetrise des impacts des op\u00e9rations mini\u00e8res par les populations concern\u00e9es, \u00e0 des expositions aux projets bas\u00e9s sur des consid\u00e9rations d\u00e9j\u00e0 suffisamment encadr\u00e9es par la r\u00e9glementation mini\u00e8re. C\u2019est en parti l\u2019objet de cette mission de sensibilisation dont le but est de permettre la vulgarisation du contenu de la loi n \u00b036-2015 portant code minier du Burkina Faso et ses textes d\u2019application. Tout au long des travaux mod\u00e9r\u00e9s par la Secr\u00e9taire g\u00e9n\u00e9rale (SG), W. Esther TAMALGO, repr\u00e9sentant le Haut-commissaire de la province de l\u2019Oubritenga, les participants ont eu droit \u00e0 trois communications. Celles-ci sont en lien avec le contenu de l\u2019arr\u00eat\u00e9 interminist\u00e9riel portant r\u00e9partition des taxes superficiaires au profit des collectivit\u00e9s territoriales et le d\u00e9cret du 23 janvier 2017 portant fixation des taxes et redevances mini\u00e8res relativement au processus de perception des taxes superficiaires. Au terme des travaux, les pr\u00e9occupations relatives \u00e0 l\u2019activit\u00e9 de gestion des titres miniers et autorisations ont \u00e9t\u00e9 soumises et des suggestions formul\u00e9es. Les participants ont souhait\u00e9 la tenue r\u00e9guli\u00e8re de cadres de concertation entre les soci\u00e9t\u00e9s mini\u00e8res et les communaut\u00e9s locales sur la Responsabilit\u00e9 soci\u00e9tale des entreprises (RSE), une d\u00e9concentration du minist\u00e8re en charge des mines, et l\u2019implantation d\u2019un service de l\u2019environnement au sein du Cadastre minier. Avant de lever la s\u00e9ance, la SG W. Esther TAMALGO a invit\u00e9 l\u2019ensemble des acteurs \u00e0 s\u2019approprier les textes afin d\u2019accompagner le minist\u00e8re de l\u2019Energie des Mines et des Carri\u00e8res dans la gestion des titres miniers et autorisations. Par ailleurs , les acteurs \u0153uvrant dans le secteur minier ont \u00e9t\u00e9 invit\u00e9 \u00e0 consulter r\u00e9guli\u00e8rement le syst\u00e8me de gestion des titres miniers et autorisations eMC+ ainsi que le site web du cadastre minier, www.ecadastreminier.bf . Cette activit\u00e9 se poursuivra le 03 mai 2023 toujours \u00e0 Ziniar\u00e9 avec des participants venus des provinces du Ganzourgou et du Kourw\u00e9ogo. Direction de la Communication et des Relations Presse\" \/>\n<meta property=\"og:url\" content=\"https:\/\/www.latribunedufaso.net\/?p=13989\" \/>\n<meta property=\"og:site_name\" content=\"La Tribune du Faso\" \/>\n<meta property=\"article:publisher\" content=\"https:\/\/www.facebook.com\/LatribuneduFaso\/\" \/>\n<meta property=\"article:published_time\" content=\"2023-05-02T23:30:26+00:00\" \/>\n<meta property=\"article:modified_time\" content=\"2024-06-05T11:35:12+00:00\" \/>\n<meta property=\"og:image\" content=\"https:\/\/www.latribunedufaso.net\/wp-content\/uploads\/2024\/06\/345057250_2269209136599868_8242261814126140081_n.jpg\" \/>\n\t<meta property=\"og:image:width\" content=\"2048\" \/>\n\t<meta property=\"og:image:height\" content=\"1365\" \/>\n\t<meta property=\"og:image:type\" content=\"image\/jpeg\" \/>\n<meta name=\"author\" content=\"Administrateur\" \/>\n<meta name=\"twitter:label1\" content=\"\u00c9crit par\" \/>\n\t<meta name=\"twitter:data1\" content=\"Administrateur\" \/>\n\t<meta name=\"twitter:label2\" content=\"Dur\u00e9e de lecture estim\u00e9e\" \/>\n\t<meta name=\"twitter:data2\" content=\"3 minutes\" \/>\n<script type=\"application\/ld+json\" class=\"yoast-schema-graph\">{\"@context\":\"https:\\\/\\\/schema.org\",\"@graph\":[{\"@type\":\"Article\",\"@id\":\"https:\\\/\\\/www.latribunedufaso.net\\\/?p=13989#article\",\"isPartOf\":{\"@id\":\"https:\\\/\\\/www.latribunedufaso.net\\\/?p=13989\"},\"author\":{\"name\":\"Administrateur\",\"@id\":\"https:\\\/\\\/www.latribunedufaso.net\\\/#\\\/schema\\\/person\\\/a380782d0605bb8aae27c40ea93b35b1\"},\"headline\":\"Titres miniers et autorisations : Le cadastre minier sensibilise les acteurs du Plateau central\",\"datePublished\":\"2023-05-02T23:30:26+00:00\",\"dateModified\":\"2024-06-05T11:35:12+00:00\",\"mainEntityOfPage\":{\"@id\":\"https:\\\/\\\/www.latribunedufaso.net\\\/?p=13989\"},\"wordCount\":568,\"commentCount\":0,\"publisher\":{\"@id\":\"https:\\\/\\\/www.latribunedufaso.net\\\/#organization\"},\"image\":{\"@id\":\"https:\\\/\\\/www.latribunedufaso.net\\\/?p=13989#primaryimage\"},\"thumbnailUrl\":\"https:\\\/\\\/www.latribunedufaso.net\\\/wp-content\\\/uploads\\\/2024\\\/06\\\/345057250_2269209136599868_8242261814126140081_n.jpg\",\"articleSection\":[\"A la une\",\"Actualit\u00e9\",\"Mines et Carri\u00e8res\"],\"inLanguage\":\"fr-FR\",\"potentialAction\":[{\"@type\":\"CommentAction\",\"name\":\"Comment\",\"target\":[\"https:\\\/\\\/www.latribunedufaso.net\\\/?p=13989#respond\"]}]},{\"@type\":\"WebPage\",\"@id\":\"https:\\\/\\\/www.latribunedufaso.net\\\/?p=13989\",\"url\":\"https:\\\/\\\/www.latribunedufaso.net\\\/?p=13989\",\"name\":\"Titres miniers et autorisations : Le cadastre minier sensibilise les acteurs du Plateau central - La Tribune du Faso\",\"isPartOf\":{\"@id\":\"https:\\\/\\\/www.latribunedufaso.net\\\/#website\"},\"primaryImageOfPage\":{\"@id\":\"https:\\\/\\\/www.latribunedufaso.net\\\/?p=13989#primaryimage\"},\"image\":{\"@id\":\"https:\\\/\\\/www.latribunedufaso.net\\\/?p=13989#primaryimage\"},\"thumbnailUrl\":\"https:\\\/\\\/www.latribunedufaso.net\\\/wp-content\\\/uploads\\\/2024\\\/06\\\/345057250_2269209136599868_8242261814126140081_n.jpg\",\"datePublished\":\"2023-05-02T23:30:26+00:00\",\"dateModified\":\"2024-06-05T11:35:12+00:00\",\"breadcrumb\":{\"@id\":\"https:\\\/\\\/www.latribunedufaso.net\\\/?p=13989#breadcrumb\"},\"inLanguage\":\"fr-FR\",\"potentialAction\":[{\"@type\":\"ReadAction\",\"target\":[\"https:\\\/\\\/www.latribunedufaso.net\\\/?p=13989\"]}]},{\"@type\":\"ImageObject\",\"inLanguage\":\"fr-FR\",\"@id\":\"https:\\\/\\\/www.latribunedufaso.net\\\/?p=13989#primaryimage\",\"url\":\"https:\\\/\\\/www.latribunedufaso.net\\\/wp-content\\\/uploads\\\/2024\\\/06\\\/345057250_2269209136599868_8242261814126140081_n.jpg\",\"contentUrl\":\"https:\\\/\\\/www.latribunedufaso.net\\\/wp-content\\\/uploads\\\/2024\\\/06\\\/345057250_2269209136599868_8242261814126140081_n.jpg\",\"width\":2048,\"height\":1365},{\"@type\":\"BreadcrumbList\",\"@id\":\"https:\\\/\\\/www.latribunedufaso.net\\\/?p=13989#breadcrumb\",\"itemListElement\":[{\"@type\":\"ListItem\",\"position\":1,\"name\":\"Accueil\",\"item\":\"https:\\\/\\\/www.latribunedufaso.net\\\/\"},{\"@type\":\"ListItem\",\"position\":2,\"name\":\"Titres miniers et autorisations : Le cadastre minier sensibilise les acteurs du Plateau central\"}]},{\"@type\":\"WebSite\",\"@id\":\"https:\\\/\\\/www.latribunedufaso.net\\\/#website\",\"url\":\"https:\\\/\\\/www.latribunedufaso.net\\\/\",\"name\":\"La Tribune du Faso\",\"description\":\"L&#039;information du monde rural en un clic\",\"publisher\":{\"@id\":\"https:\\\/\\\/www.latribunedufaso.net\\\/#organization\"},\"potentialAction\":[{\"@type\":\"SearchAction\",\"target\":{\"@type\":\"EntryPoint\",\"urlTemplate\":\"https:\\\/\\\/www.latribunedufaso.net\\\/?s={search_term_string}\"},\"query-input\":{\"@type\":\"PropertyValueSpecification\",\"valueRequired\":true,\"valueName\":\"search_term_string\"}}],\"inLanguage\":\"fr-FR\"},{\"@type\":\"Organization\",\"@id\":\"https:\\\/\\\/www.latribunedufaso.net\\\/#organization\",\"name\":\"La Tribune du Faso\",\"url\":\"https:\\\/\\\/www.latribunedufaso.net\\\/\",\"logo\":{\"@type\":\"ImageObject\",\"inLanguage\":\"fr-FR\",\"@id\":\"https:\\\/\\\/www.latribunedufaso.net\\\/#\\\/schema\\\/logo\\\/image\\\/\",\"url\":\"https:\\\/\\\/www.latribunedufaso.net\\\/wp-content\\\/uploads\\\/2020\\\/08\\\/Logo-Tribune-du-Faso-final-scaled.jpg\",\"contentUrl\":\"https:\\\/\\\/www.latribunedufaso.net\\\/wp-content\\\/uploads\\\/2020\\\/08\\\/Logo-Tribune-du-Faso-final-scaled.jpg\",\"width\":2560,\"height\":1856,\"caption\":\"La Tribune du Faso\"},\"image\":{\"@id\":\"https:\\\/\\\/www.latribunedufaso.net\\\/#\\\/schema\\\/logo\\\/image\\\/\"},\"sameAs\":[\"https:\\\/\\\/www.facebook.com\\\/LatribuneduFaso\\\/\"]},{\"@type\":\"Person\",\"@id\":\"https:\\\/\\\/www.latribunedufaso.net\\\/#\\\/schema\\\/person\\\/a380782d0605bb8aae27c40ea93b35b1\",\"name\":\"Administrateur\",\"image\":{\"@type\":\"ImageObject\",\"inLanguage\":\"fr-FR\",\"@id\":\"https:\\\/\\\/secure.gravatar.com\\\/avatar\\\/e20266f97d741f0e80ba1f60283074a9b3317fd7bfb727e0d95b51dafbf854a1?s=96&d=mm&r=g\",\"url\":\"https:\\\/\\\/secure.gravatar.com\\\/avatar\\\/e20266f97d741f0e80ba1f60283074a9b3317fd7bfb727e0d95b51dafbf854a1?s=96&d=mm&r=g\",\"contentUrl\":\"https:\\\/\\\/secure.gravatar.com\\\/avatar\\\/e20266f97d741f0e80ba1f60283074a9b3317fd7bfb727e0d95b51dafbf854a1?s=96&d=mm&r=g\",\"caption\":\"Administrateur\"},\"url\":\"https:\\\/\\\/www.latribunedufaso.net\\\/?author=2\"}]}<\/script>\n<!-- \/ Yoast SEO plugin. -->","yoast_head_json":{"title":"Titres miniers et autorisations : Le cadastre minier sensibilise les acteurs du Plateau central - La Tribune du Faso","robots":{"index":"index","follow":"follow","max-snippet":"max-snippet:-1","max-image-preview":"max-image-preview:large","max-video-preview":"max-video-preview:-1"},"canonical":"https:\/\/www.latribunedufaso.net\/?p=13989","og_locale":"fr_FR","og_type":"article","og_title":"Titres miniers et autorisations : Le cadastre minier sensibilise les acteurs du Plateau central - La Tribune du Faso","og_description":"Gestion des titres miniers et autorisations Le Cadastre minier sensibilise les acteurs du Plateau central Apr\u00e8s la r\u00e9gion du Centre-Nord, la Direction g\u00e9n\u00e9rale du cadastre minier (DGCM) a poursuivi sa tourn\u00e9e de sensibilisation sur la gestion des titres miniers et autorisations, au processus de perception et de r\u00e9partition des taxes superficiaires dans la r\u00e9gion du Plateau Central. La c\u00e9r\u00e9monie d\u2019ouverture pr\u00e9sid\u00e9e le Secr\u00e9taire g\u00e9n\u00e9ral de la r\u00e9gion, Amidou SORE a connu la participation des acteurs du secteur minier et des autorit\u00e9s coutumi\u00e8res, religieuses et administratives. C\u2019\u00e9tait le mardi 2 mai 2023 \u00e0 Ziniar\u00e9. Tout comme dans la r\u00e9gion du Centre-Nord, la d\u00e9l\u00e9gation conduite par le repr\u00e9sentant du Directeur g\u00e9n\u00e9ral du cadastre minier (DGCM), Tousma DODBZANGA a r\u00e9\u00e9dit\u00e9 le m\u00eame exercice dans le Plateau Central. Les articles 189 et 191 du code minier de 2015 rappellent que les collectivit\u00e9s territoriales jouent un r\u00f4le d\u00e9terminant dans la gestion des titres miniers et autorisations. Cependant, les enqu\u00eates publiques r\u00e9alis\u00e9es aupr\u00e8s de certaines populations impact\u00e9es par l\u2019activit\u00e9 mini\u00e8re ont r\u00e9v\u00e9l\u00e9 des difficult\u00e9s li\u00e9es entre autres \u00e0 la non ma\u00eetrise des impacts des op\u00e9rations mini\u00e8res par les populations concern\u00e9es, \u00e0 des expositions aux projets bas\u00e9s sur des consid\u00e9rations d\u00e9j\u00e0 suffisamment encadr\u00e9es par la r\u00e9glementation mini\u00e8re. C\u2019est en parti l\u2019objet de cette mission de sensibilisation dont le but est de permettre la vulgarisation du contenu de la loi n \u00b036-2015 portant code minier du Burkina Faso et ses textes d\u2019application. Tout au long des travaux mod\u00e9r\u00e9s par la Secr\u00e9taire g\u00e9n\u00e9rale (SG), W. Esther TAMALGO, repr\u00e9sentant le Haut-commissaire de la province de l\u2019Oubritenga, les participants ont eu droit \u00e0 trois communications. Celles-ci sont en lien avec le contenu de l\u2019arr\u00eat\u00e9 interminist\u00e9riel portant r\u00e9partition des taxes superficiaires au profit des collectivit\u00e9s territoriales et le d\u00e9cret du 23 janvier 2017 portant fixation des taxes et redevances mini\u00e8res relativement au processus de perception des taxes superficiaires. Au terme des travaux, les pr\u00e9occupations relatives \u00e0 l\u2019activit\u00e9 de gestion des titres miniers et autorisations ont \u00e9t\u00e9 soumises et des suggestions formul\u00e9es. Les participants ont souhait\u00e9 la tenue r\u00e9guli\u00e8re de cadres de concertation entre les soci\u00e9t\u00e9s mini\u00e8res et les communaut\u00e9s locales sur la Responsabilit\u00e9 soci\u00e9tale des entreprises (RSE), une d\u00e9concentration du minist\u00e8re en charge des mines, et l\u2019implantation d\u2019un service de l\u2019environnement au sein du Cadastre minier. Avant de lever la s\u00e9ance, la SG W. Esther TAMALGO a invit\u00e9 l\u2019ensemble des acteurs \u00e0 s\u2019approprier les textes afin d\u2019accompagner le minist\u00e8re de l\u2019Energie des Mines et des Carri\u00e8res dans la gestion des titres miniers et autorisations. Par ailleurs , les acteurs \u0153uvrant dans le secteur minier ont \u00e9t\u00e9 invit\u00e9 \u00e0 consulter r\u00e9guli\u00e8rement le syst\u00e8me de gestion des titres miniers et autorisations eMC+ ainsi que le site web du cadastre minier, www.ecadastreminier.bf . Cette activit\u00e9 se poursuivra le 03 mai 2023 toujours \u00e0 Ziniar\u00e9 avec des participants venus des provinces du Ganzourgou et du Kourw\u00e9ogo. Direction de la Communication et des Relations Presse","og_url":"https:\/\/www.latribunedufaso.net\/?p=13989","og_site_name":"La Tribune du Faso","article_publisher":"https:\/\/www.facebook.com\/LatribuneduFaso\/","article_published_time":"2023-05-02T23:30:26+00:00","article_modified_time":"2024-06-05T11:35:12+00:00","og_image":[{"width":2048,"height":1365,"url":"https:\/\/www.latribunedufaso.net\/wp-content\/uploads\/2024\/06\/345057250_2269209136599868_8242261814126140081_n.jpg","type":"image\/jpeg"}],"author":"Administrateur","twitter_misc":{"\u00c9crit par":"Administrateur","Dur\u00e9e de lecture estim\u00e9e":"3 minutes"},"schema":{"@context":"https:\/\/schema.org","@graph":[{"@type":"Article","@id":"https:\/\/www.latribunedufaso.net\/?p=13989#article","isPartOf":{"@id":"https:\/\/www.latribunedufaso.net\/?p=13989"},"author":{"name":"Administrateur","@id":"https:\/\/www.latribunedufaso.net\/#\/schema\/person\/a380782d0605bb8aae27c40ea93b35b1"},"headline":"Titres miniers et autorisations : Le cadastre minier sensibilise les acteurs du Plateau central","datePublished":"2023-05-02T23:30:26+00:00","dateModified":"2024-06-05T11:35:12+00:00","mainEntityOfPage":{"@id":"https:\/\/www.latribunedufaso.net\/?p=13989"},"wordCount":568,"commentCount":0,"publisher":{"@id":"https:\/\/www.latribunedufaso.net\/#organization"},"image":{"@id":"https:\/\/www.latribunedufaso.net\/?p=13989#primaryimage"},"thumbnailUrl":"https:\/\/www.latribunedufaso.net\/wp-content\/uploads\/2024\/06\/345057250_2269209136599868_8242261814126140081_n.jpg","articleSection":["A la une","Actualit\u00e9","Mines et Carri\u00e8res"],"inLanguage":"fr-FR","potentialAction":[{"@type":"CommentAction","name":"Comment","target":["https:\/\/www.latribunedufaso.net\/?p=13989#respond"]}]},{"@type":"WebPage","@id":"https:\/\/www.latribunedufaso.net\/?p=13989","url":"https:\/\/www.latribunedufaso.net\/?p=13989","name":"Titres miniers et autorisations : Le cadastre minier sensibilise les acteurs du Plateau central - La Tribune du Faso","isPartOf":{"@id":"https:\/\/www.latribunedufaso.net\/#website"},"primaryImageOfPage":{"@id":"https:\/\/www.latribunedufaso.net\/?p=13989#primaryimage"},"image":{"@id":"https:\/\/www.latribunedufaso.net\/?p=13989#primaryimage"},"thumbnailUrl":"https:\/\/www.latribunedufaso.net\/wp-content\/uploads\/2024\/06\/345057250_2269209136599868_8242261814126140081_n.jpg","datePublished":"2023-05-02T23:30:26+00:00","dateModified":"2024-06-05T11:35:12+00:00","breadcrumb":{"@id":"https:\/\/www.latribunedufaso.net\/?p=13989#breadcrumb"},"inLanguage":"fr-FR","potentialAction":[{"@type":"ReadAction","target":["https:\/\/www.latribunedufaso.net\/?p=13989"]}]},{"@type":"ImageObject","inLanguage":"fr-FR","@id":"https:\/\/www.latribunedufaso.net\/?p=13989#primaryimage","url":"https:\/\/www.latribunedufaso.net\/wp-content\/uploads\/2024\/06\/345057250_2269209136599868_8242261814126140081_n.jpg","contentUrl":"https:\/\/www.latribunedufaso.net\/wp-content\/uploads\/2024\/06\/345057250_2269209136599868_8242261814126140081_n.jpg","width":2048,"height":1365},{"@type":"BreadcrumbList","@id":"https:\/\/www.latribunedufaso.net\/?p=13989#breadcrumb","itemListElement":[{"@type":"ListItem","position":1,"name":"Accueil","item":"https:\/\/www.latribunedufaso.net\/"},{"@type":"ListItem","position":2,"name":"Titres miniers et autorisations : Le cadastre minier sensibilise les acteurs du Plateau central"}]},{"@type":"WebSite","@id":"https:\/\/www.latribunedufaso.net\/#website","url":"https:\/\/www.latribunedufaso.net\/","name":"La Tribune du Faso","description":"L&#039;information du monde rural en un clic","publisher":{"@id":"https:\/\/www.latribunedufaso.net\/#organization"},"potentialAction":[{"@type":"SearchAction","target":{"@type":"EntryPoint","urlTemplate":"https:\/\/www.latribunedufaso.net\/?s={search_term_string}"},"query-input":{"@type":"PropertyValueSpecification","valueRequired":true,"valueName":"search_term_string"}}],"inLanguage":"fr-FR"},{"@type":"Organization","@id":"https:\/\/www.latribunedufaso.net\/#organization","name":"La Tribune du Faso","url":"https:\/\/www.latribunedufaso.net\/","logo":{"@type":"ImageObject","inLanguage":"fr-FR","@id":"https:\/\/www.latribunedufaso.net\/#\/schema\/logo\/image\/","url":"https:\/\/www.latribunedufaso.net\/wp-content\/uploads\/2020\/08\/Logo-Tribune-du-Faso-final-scaled.jpg","contentUrl":"https:\/\/www.latribunedufaso.net\/wp-content\/uploads\/2020\/08\/Logo-Tribune-du-Faso-final-scaled.jpg","width":2560,"height":1856,"caption":"La Tribune du Faso"},"image":{"@id":"https:\/\/www.latribunedufaso.net\/#\/schema\/logo\/image\/"},"sameAs":["https:\/\/www.facebook.com\/LatribuneduFaso\/"]},{"@type":"Person","@id":"https:\/\/www.latribunedufaso.net\/#\/schema\/person\/a380782d0605bb8aae27c40ea93b35b1","name":"Administrateur","image":{"@type":"ImageObject","inLanguage":"fr-FR","@id":"https:\/\/secure.gravatar.com\/avatar\/e20266f97d741f0e80ba1f60283074a9b3317fd7bfb727e0d95b51dafbf854a1?s=96&d=mm&r=g","url":"https:\/\/secure.gravatar.com\/avatar\/e20266f97d741f0e80ba1f60283074a9b3317fd7bfb727e0d95b51dafbf854a1?s=96&d=mm&r=g","contentUrl":"https:\/\/secure.gravatar.com\/avatar\/e20266f97d741f0e80ba1f60283074a9b3317fd7bfb727e0d95b51dafbf854a1?s=96&d=mm&r=g","caption":"Administrateur"},"url":"https:\/\/www.latribunedufaso.net\/?author=2"}]}},"_links":{"self":[{"href":"https:\/\/www.latribunedufaso.net\/index.php?rest_route=\/wp\/v2\/posts\/13989","targetHints":{"allow":["GET"]}}],"collection":[{"href":"https:\/\/www.latribunedufaso.net\/index.php?rest_route=\/wp\/v2\/posts"}],"about":[{"href":"https:\/\/www.latribunedufaso.net\/index.php?rest_route=\/wp\/v2\/types\/post"}],"author":[{"embeddable":true,"href":"https:\/\/www.latribunedufaso.net\/index.php?rest_route=\/wp\/v2\/users\/2"}],"replies":[{"embeddable":true,"href":"https:\/\/www.latribunedufaso.net\/index.php?rest_route=%2Fwp%2Fv2%2Fcomments&post=13989"}],"version-history":[{"count":1,"href":"https:\/\/www.latribunedufaso.net\/index.php?rest_route=\/wp\/v2\/posts\/13989\/revisions"}],"predecessor-version":[{"id":13998,"href":"https:\/\/www.latribunedufaso.net\/index.php?rest_route=\/wp\/v2\/posts\/13989\/revisions\/13998"}],"wp:featuredmedia":[{"embeddable":true,"href":"https:\/\/www.latribunedufaso.net\/index.php?rest_route=\/wp\/v2\/media\/13996"}],"wp:attachment":[{"href":"https:\/\/www.latribunedufaso.net\/index.php?rest_route=%2Fwp%2Fv2%2Fmedia&parent=13989"}],"wp:term":[{"taxonomy":"category","embeddable":true,"href":"https:\/\/www.latribunedufaso.net\/index.php?rest_route=%2Fwp%2Fv2%2Fcategories&post=13989"},{"taxonomy":"post_tag","embeddable":true,"href":"https:\/\/www.latribunedufaso.net\/index.php?rest_route=%2Fwp%2Fv2%2Ftags&post=13989"}],"curies":[{"name":"wp","href":"https:\/\/api.w.org\/{rel}","templated":true}]}}