{"id":13986,"date":"2023-05-03T23:26:29","date_gmt":"2023-05-03T23:26:29","guid":{"rendered":"https:\/\/www.latribunedufaso.net\/?p=13986"},"modified":"2024-06-05T11:29:30","modified_gmt":"2024-06-05T11:29:30","slug":"monde-syndical-le-conseil-des-ministre-adopte-trois-nouveaux-decret","status":"publish","type":"post","link":"https:\/\/www.latribunedufaso.net\/?p=13986","title":{"rendered":"Monde syndical : Le Conseil des ministre adopte trois nouveaux decret"},"content":{"rendered":"<div class=\"xdj266r x11i5rnm xat24cr x1mh8g0r x1vvkbs x126k92a\">\n<div dir=\"auto\">Conseil des ministres du 03 mai 2023 : le gouvernement adopte trois d\u00e9crets pour une nouvelle dynamique du monde syndical.<\/div>\n<\/div>\n<div class=\"x11i5rnm xat24cr x1mh8g0r x1vvkbs xtlvy1s x126k92a\">\n<div dir=\"auto\">(Ouagadougou, 03 mai 2023). Le Pr\u00e9sident de la Transition, Chef de l\u2019Etat, le Capitaine Ibrahim TRAORE, a pr\u00e9sid\u00e9 ce mercredi, l\u2019hebdomadaire conseil des ministres qui a examin\u00e9 et adopt\u00e9 plusieurs dossiers soumis \u00e0 son ordre du jour, a indiqu\u00e9 le Porte-parole du gouvernement Jean-Emmanuel OUEDRAOGO \u00e0 l\u2019issue des travaux du Conseil.<\/div>\n<\/div>\n<div class=\"x11i5rnm xat24cr x1mh8g0r x1vvkbs xtlvy1s x126k92a\">\n<div dir=\"auto\">Au titre du minist\u00e8re <a tabindex=\"-1\"><\/a>de la Fonction publique, du Travail et de la Protection sociale, le Conseil des ministres a examin\u00e9 et adopt\u00e9 trois d\u00e9crets. Le premier d\u00e9cret porte sur le pr\u00e9l\u00e8vement \u00e0 la source des cotisations syndicales des agents publics de l\u2019Etat et les modalit\u00e9s de mise en \u0153uvre.<\/div>\n<div dir=\"auto\">Selon le ministre d\u2019Etat, ministre en charge de la fonction publique, c\u2019est \u00ab un pr\u00e9l\u00e8vement volontaire \u00bb. Ce qui signifie que \u00ab le militant syndical remplit une fiche qui permet \u00e0 l\u2019Etat de savoir quel est le montant qu\u2019il consent au nom de son organisation syndicale et ce montant est coup\u00e9 et revers\u00e9 dans un compte d\u00fbment indiqu\u00e9 et exprim\u00e9 par l\u2019organisation syndicale en question \u00bb, a expliqu\u00e9 le ministre Bassolma BAZIE. Ce d\u00e9cret, devra permettre, en outre, \u00e0 l\u2019organisation syndicale d\u2019\u00eatre financi\u00e8rement ind\u00e9pendante et \u00e0 l\u2019Etat de veiller au contr\u00f4le de la transparence des ressources.<\/div>\n<\/div>\n<div class=\"x11i5rnm xat24cr x1mh8g0r x1vvkbs xtlvy1s x126k92a\">\n<div dir=\"auto\">Le deuxi\u00e8me projet de d\u00e9cret adopt\u00e9 au titre de ce m\u00eame minist\u00e8re est relatif aux proc\u00e9dures de traitement et modalit\u00e9s de liquidation de la retenue pour fait de gr\u00e8ve. Pour le ministre Bassolma BAZIE, ce texte vient disposer des modalit\u00e9s de retenue pour fait de gr\u00e8ve et fixe les montants qui peuvent \u00eatre coup\u00e9s \u00e0 l\u2019agent qui est all\u00e9 en gr\u00e8ve. \u00ab Et le montant qui doit \u00eatre retenu est le 30e indivisible du salaire de base \u00bb, a soutenu le ministre en charge de la fonction publique.<\/div>\n<\/div>\n<div class=\"x11i5rnm xat24cr x1mh8g0r x1vvkbs xtlvy1s x126k92a\">\n<div dir=\"auto\">Le troisi\u00e8me dossier adopt\u00e9 au titre du minist\u00e8re en charge de la fonction publique est relatif \u00e0 la fixation du nombre et de la modalit\u00e9 de d\u00e9signation des agents publics de l\u2019Etat b\u00e9n\u00e9ficiaires de mise \u00e0 disposition aupr\u00e8s des organisations syndicales. Ce d\u00e9cret concerne essentiellement ceux que l\u2019on appelle \u00ab les permanents syndicaux \u00bb. Selon le ministre Bassolma BAZIE, \u00ab ce d\u00e9cret permet de dire que si les travailleurs ont eu confiance en vous en vous \u00e9lisant premier responsable pour parler en leur nom, il faut forc\u00e9ment que l\u2019Etat cr\u00e9e les conditions pour que l\u2019int\u00e9ress\u00e9 soit disponible \u00e0 tout moment afin qu\u2019il puisse, faire face \u00e0 un certain nombre de pr\u00e9occupations, donner son point de vue dans la vie de la Nation \u00bb.<\/div>\n<\/div>\n<div class=\"x11i5rnm xat24cr x1mh8g0r x1vvkbs xtlvy1s x126k92a\">\n<div dir=\"auto\">Le ministre BAZIE pr\u00e9cise que l\u2019adoption de ces trois d\u00e9crets permet \u00e0 notre pays d\u2019\u00eatre en conformit\u00e9 avec l\u2019ensemble des conventions internationales notamment la convention 87 et la convention 98 de l\u2019Organisation internationale du travail (OIT).<\/div>\n<\/div>\n<div class=\"x11i5rnm xat24cr x1mh8g0r x1vvkbs xtlvy1s x126k92a\">\n<div dir=\"auto\">Au titre du minist\u00e8re de l\u2019Energie, des Mines et des Carri\u00e8res, le Conseil a examin\u00e9 et valid\u00e9 une demande de permis d\u2019exploitation industrielle de la mine d\u2019or de Poura \u00e0 la Soci\u00e9t\u00e9 Poura Gold Operation SA. Selon le ministre charge des mines, Simon Pierre BOUSSIM, le Conseil a accord\u00e9 le permis d\u2019exploitation sur la base des crit\u00e8res et des exigences que la soci\u00e9t\u00e9 doit remplir. Cette mine d\u2019or qui va couvrir une superficie de 32, 59 km2 a une production estim\u00e9e \u00e0 11, 47 tonnes d\u2019or. Cette mine va apporter plus de 51 milliards FCFA de recettes budg\u00e9taires \u00e0 l\u2019Etat et une contribution aux Fonds miniers de d\u00e9veloppement local \u00e0 hauteur de plus 2 milliards 956 millions de FCFA. A la fin des activit\u00e9s de la mine qui vont s\u2019\u00e9tendre sur 10 ans, la soci\u00e9t\u00e9 devra investir 4 812 750 000 FCFA pour les activit\u00e9s de fermeture et de r\u00e9habilitation de Poura.<\/div>\n<\/div>\n<div class=\"x11i5rnm xat24cr x1mh8g0r x1vvkbs xtlvy1s x126k92a\">\n<div dir=\"auto\">Direction de la communication de la pr\u00e9sidence du Faso<\/div>\n<\/div>\n","protected":false},"excerpt":{"rendered":"<p>Conseil des ministres du 03 mai 2023 : le gouvernement adopte trois d\u00e9crets pour une nouvelle dynamique du monde syndical. (Ouagadougou, 03 mai 2023). Le Pr\u00e9sident de la Transition, Chef de l\u2019Etat, le Capitaine Ibrahim TRAORE, a pr\u00e9sid\u00e9 ce mercredi, l\u2019hebdomadaire conseil des ministres qui a examin\u00e9 et adopt\u00e9 plusieurs dossiers soumis \u00e0 son ordre du jour, a indiqu\u00e9 le Porte-parole du gouvernement Jean-Emmanuel OUEDRAOGO \u00e0 l\u2019issue des travaux du Conseil. Au titre du minist\u00e8re de la Fonction publique, du Travail et de la Protection sociale, le Conseil des ministres a examin\u00e9 et adopt\u00e9 trois d\u00e9crets. Le premier d\u00e9cret porte sur le pr\u00e9l\u00e8vement \u00e0 la source des cotisations syndicales des agents publics de l\u2019Etat et les modalit\u00e9s de mise en \u0153uvre. Selon le ministre d\u2019Etat, ministre en charge de la fonction publique, c\u2019est \u00ab un pr\u00e9l\u00e8vement volontaire \u00bb. Ce qui signifie que \u00ab le militant syndical remplit une fiche qui permet \u00e0 l\u2019Etat de savoir quel est le montant qu\u2019il consent au nom de son organisation syndicale et ce montant est coup\u00e9 et revers\u00e9 dans un compte d\u00fbment indiqu\u00e9 et exprim\u00e9 par l\u2019organisation syndicale en question \u00bb, a expliqu\u00e9 le ministre Bassolma BAZIE. Ce d\u00e9cret, devra permettre, en outre, \u00e0 l\u2019organisation syndicale d\u2019\u00eatre financi\u00e8rement ind\u00e9pendante et \u00e0 l\u2019Etat de veiller au contr\u00f4le de la transparence des ressources. Le deuxi\u00e8me projet de d\u00e9cret adopt\u00e9 au titre de ce m\u00eame minist\u00e8re est relatif aux proc\u00e9dures de traitement et modalit\u00e9s de liquidation de la retenue pour fait de gr\u00e8ve. Pour le ministre Bassolma BAZIE, ce texte vient disposer des modalit\u00e9s de retenue pour fait de gr\u00e8ve et fixe les montants qui peuvent \u00eatre coup\u00e9s \u00e0 l\u2019agent qui est all\u00e9 en gr\u00e8ve. \u00ab Et le montant qui doit \u00eatre retenu est le 30e indivisible du salaire de base \u00bb, a soutenu le ministre en charge de la fonction publique. Le troisi\u00e8me dossier adopt\u00e9 au titre du minist\u00e8re en charge de la fonction publique est relatif \u00e0 la fixation du nombre et de la modalit\u00e9 de d\u00e9signation des agents publics de l\u2019Etat b\u00e9n\u00e9ficiaires de mise \u00e0 disposition aupr\u00e8s des organisations syndicales. Ce d\u00e9cret concerne essentiellement ceux que l\u2019on appelle \u00ab les permanents syndicaux \u00bb. Selon le ministre Bassolma BAZIE, \u00ab ce d\u00e9cret permet de dire que si les travailleurs ont eu confiance en vous en vous \u00e9lisant premier responsable pour parler en leur nom, il faut forc\u00e9ment que l\u2019Etat cr\u00e9e les conditions pour que l\u2019int\u00e9ress\u00e9 soit disponible \u00e0 tout moment afin qu\u2019il puisse, faire face \u00e0 un certain nombre de pr\u00e9occupations, donner son point de vue dans la vie de la Nation \u00bb. Le ministre BAZIE pr\u00e9cise que l\u2019adoption de ces trois d\u00e9crets permet \u00e0 notre pays d\u2019\u00eatre en conformit\u00e9 avec l\u2019ensemble des conventions internationales notamment la convention 87 et la convention 98 de l\u2019Organisation internationale du travail (OIT). Au titre du minist\u00e8re de l\u2019Energie, des Mines et des Carri\u00e8res, le Conseil a examin\u00e9 et valid\u00e9 une demande de permis d\u2019exploitation industrielle de la mine d\u2019or de Poura \u00e0 la Soci\u00e9t\u00e9 Poura Gold Operation SA. Selon le ministre charge des mines, Simon Pierre BOUSSIM, le Conseil a accord\u00e9 le permis d\u2019exploitation sur la base des crit\u00e8res et des exigences que la soci\u00e9t\u00e9 doit remplir. Cette mine d\u2019or qui va couvrir une superficie de 32, 59 km2 a une production estim\u00e9e \u00e0 11, 47 tonnes d\u2019or. Cette mine va apporter plus de 51 milliards FCFA de recettes budg\u00e9taires \u00e0 l\u2019Etat et une contribution aux Fonds miniers de d\u00e9veloppement local \u00e0 hauteur de plus 2 milliards 956 millions de FCFA. A la fin des activit\u00e9s de la mine qui vont s\u2019\u00e9tendre sur 10 ans, la soci\u00e9t\u00e9 devra investir 4 812 750 000 FCFA pour les activit\u00e9s de fermeture et de r\u00e9habilitation de Poura. Direction de la communication de la pr\u00e9sidence du Faso<\/p>\n","protected":false},"author":2,"featured_media":13987,"comment_status":"open","ping_status":"open","sticky":false,"template":"","format":"standard","meta":{"footnotes":""},"categories":[13,1,8],"tags":[],"class_list":["post-13986","post","type-post","status-publish","format-standard","has-post-thumbnail","hentry","category-une","category-actu","category-societe"],"yoast_head":"<!-- This site is optimized with the Yoast SEO plugin v27.5 - https:\/\/yoast.com\/product\/yoast-seo-wordpress\/ -->\n<title>Monde syndical : Le Conseil des ministre adopte trois nouveaux decret - La Tribune du Faso<\/title>\n<meta name=\"robots\" content=\"index, follow, max-snippet:-1, max-image-preview:large, max-video-preview:-1\" \/>\n<link rel=\"canonical\" href=\"https:\/\/www.latribunedufaso.net\/?p=13986\" \/>\n<meta property=\"og:locale\" content=\"fr_FR\" \/>\n<meta property=\"og:type\" content=\"article\" \/>\n<meta property=\"og:title\" content=\"Monde syndical : Le Conseil des ministre adopte trois nouveaux decret - La Tribune du Faso\" \/>\n<meta property=\"og:description\" content=\"Conseil des ministres du 03 mai 2023 : le gouvernement adopte trois d\u00e9crets pour une nouvelle dynamique du monde syndical. (Ouagadougou, 03 mai 2023). Le Pr\u00e9sident de la Transition, Chef de l\u2019Etat, le Capitaine Ibrahim TRAORE, a pr\u00e9sid\u00e9 ce mercredi, l\u2019hebdomadaire conseil des ministres qui a examin\u00e9 et adopt\u00e9 plusieurs dossiers soumis \u00e0 son ordre du jour, a indiqu\u00e9 le Porte-parole du gouvernement Jean-Emmanuel OUEDRAOGO \u00e0 l\u2019issue des travaux du Conseil. Au titre du minist\u00e8re de la Fonction publique, du Travail et de la Protection sociale, le Conseil des ministres a examin\u00e9 et adopt\u00e9 trois d\u00e9crets. Le premier d\u00e9cret porte sur le pr\u00e9l\u00e8vement \u00e0 la source des cotisations syndicales des agents publics de l\u2019Etat et les modalit\u00e9s de mise en \u0153uvre. Selon le ministre d\u2019Etat, ministre en charge de la fonction publique, c\u2019est \u00ab un pr\u00e9l\u00e8vement volontaire \u00bb. Ce qui signifie que \u00ab le militant syndical remplit une fiche qui permet \u00e0 l\u2019Etat de savoir quel est le montant qu\u2019il consent au nom de son organisation syndicale et ce montant est coup\u00e9 et revers\u00e9 dans un compte d\u00fbment indiqu\u00e9 et exprim\u00e9 par l\u2019organisation syndicale en question \u00bb, a expliqu\u00e9 le ministre Bassolma BAZIE. Ce d\u00e9cret, devra permettre, en outre, \u00e0 l\u2019organisation syndicale d\u2019\u00eatre financi\u00e8rement ind\u00e9pendante et \u00e0 l\u2019Etat de veiller au contr\u00f4le de la transparence des ressources. Le deuxi\u00e8me projet de d\u00e9cret adopt\u00e9 au titre de ce m\u00eame minist\u00e8re est relatif aux proc\u00e9dures de traitement et modalit\u00e9s de liquidation de la retenue pour fait de gr\u00e8ve. Pour le ministre Bassolma BAZIE, ce texte vient disposer des modalit\u00e9s de retenue pour fait de gr\u00e8ve et fixe les montants qui peuvent \u00eatre coup\u00e9s \u00e0 l\u2019agent qui est all\u00e9 en gr\u00e8ve. \u00ab Et le montant qui doit \u00eatre retenu est le 30e indivisible du salaire de base \u00bb, a soutenu le ministre en charge de la fonction publique. Le troisi\u00e8me dossier adopt\u00e9 au titre du minist\u00e8re en charge de la fonction publique est relatif \u00e0 la fixation du nombre et de la modalit\u00e9 de d\u00e9signation des agents publics de l\u2019Etat b\u00e9n\u00e9ficiaires de mise \u00e0 disposition aupr\u00e8s des organisations syndicales. Ce d\u00e9cret concerne essentiellement ceux que l\u2019on appelle \u00ab les permanents syndicaux \u00bb. Selon le ministre Bassolma BAZIE, \u00ab ce d\u00e9cret permet de dire que si les travailleurs ont eu confiance en vous en vous \u00e9lisant premier responsable pour parler en leur nom, il faut forc\u00e9ment que l\u2019Etat cr\u00e9e les conditions pour que l\u2019int\u00e9ress\u00e9 soit disponible \u00e0 tout moment afin qu\u2019il puisse, faire face \u00e0 un certain nombre de pr\u00e9occupations, donner son point de vue dans la vie de la Nation \u00bb. Le ministre BAZIE pr\u00e9cise que l\u2019adoption de ces trois d\u00e9crets permet \u00e0 notre pays d\u2019\u00eatre en conformit\u00e9 avec l\u2019ensemble des conventions internationales notamment la convention 87 et la convention 98 de l\u2019Organisation internationale du travail (OIT). Au titre du minist\u00e8re de l\u2019Energie, des Mines et des Carri\u00e8res, le Conseil a examin\u00e9 et valid\u00e9 une demande de permis d\u2019exploitation industrielle de la mine d\u2019or de Poura \u00e0 la Soci\u00e9t\u00e9 Poura Gold Operation SA. Selon le ministre charge des mines, Simon Pierre BOUSSIM, le Conseil a accord\u00e9 le permis d\u2019exploitation sur la base des crit\u00e8res et des exigences que la soci\u00e9t\u00e9 doit remplir. Cette mine d\u2019or qui va couvrir une superficie de 32, 59 km2 a une production estim\u00e9e \u00e0 11, 47 tonnes d\u2019or. Cette mine va apporter plus de 51 milliards FCFA de recettes budg\u00e9taires \u00e0 l\u2019Etat et une contribution aux Fonds miniers de d\u00e9veloppement local \u00e0 hauteur de plus 2 milliards 956 millions de FCFA. A la fin des activit\u00e9s de la mine qui vont s\u2019\u00e9tendre sur 10 ans, la soci\u00e9t\u00e9 devra investir 4 812 750 000 FCFA pour les activit\u00e9s de fermeture et de r\u00e9habilitation de Poura. Direction de la communication de la pr\u00e9sidence du Faso\" \/>\n<meta property=\"og:url\" content=\"https:\/\/www.latribunedufaso.net\/?p=13986\" \/>\n<meta property=\"og:site_name\" content=\"La Tribune du Faso\" \/>\n<meta property=\"article:publisher\" content=\"https:\/\/www.facebook.com\/LatribuneduFaso\/\" \/>\n<meta property=\"article:published_time\" content=\"2023-05-03T23:26:29+00:00\" \/>\n<meta property=\"article:modified_time\" content=\"2024-06-05T11:29:30+00:00\" \/>\n<meta property=\"og:image\" content=\"https:\/\/www.latribunedufaso.net\/wp-content\/uploads\/2024\/06\/345050163_632674744940650_6025744677936672691_n.jpg\" \/>\n\t<meta property=\"og:image:width\" content=\"1600\" \/>\n\t<meta property=\"og:image:height\" content=\"903\" \/>\n\t<meta property=\"og:image:type\" content=\"image\/jpeg\" \/>\n<meta name=\"author\" content=\"Administrateur\" \/>\n<meta name=\"twitter:label1\" content=\"\u00c9crit par\" \/>\n\t<meta name=\"twitter:data1\" content=\"Administrateur\" \/>\n\t<meta name=\"twitter:label2\" content=\"Dur\u00e9e de lecture estim\u00e9e\" \/>\n\t<meta name=\"twitter:data2\" content=\"3 minutes\" \/>\n<script type=\"application\/ld+json\" class=\"yoast-schema-graph\">{\"@context\":\"https:\\\/\\\/schema.org\",\"@graph\":[{\"@type\":\"Article\",\"@id\":\"https:\\\/\\\/www.latribunedufaso.net\\\/?p=13986#article\",\"isPartOf\":{\"@id\":\"https:\\\/\\\/www.latribunedufaso.net\\\/?p=13986\"},\"author\":{\"name\":\"Administrateur\",\"@id\":\"https:\\\/\\\/www.latribunedufaso.net\\\/#\\\/schema\\\/person\\\/a380782d0605bb8aae27c40ea93b35b1\"},\"headline\":\"Monde syndical : Le Conseil des ministre adopte trois nouveaux decret\",\"datePublished\":\"2023-05-03T23:26:29+00:00\",\"dateModified\":\"2024-06-05T11:29:30+00:00\",\"mainEntityOfPage\":{\"@id\":\"https:\\\/\\\/www.latribunedufaso.net\\\/?p=13986\"},\"wordCount\":674,\"commentCount\":0,\"publisher\":{\"@id\":\"https:\\\/\\\/www.latribunedufaso.net\\\/#organization\"},\"image\":{\"@id\":\"https:\\\/\\\/www.latribunedufaso.net\\\/?p=13986#primaryimage\"},\"thumbnailUrl\":\"https:\\\/\\\/www.latribunedufaso.net\\\/wp-content\\\/uploads\\\/2024\\\/06\\\/345050163_632674744940650_6025744677936672691_n.jpg\",\"articleSection\":[\"A la une\",\"Actualit\u00e9\",\"Soci\u00e9t\u00e9\"],\"inLanguage\":\"fr-FR\",\"potentialAction\":[{\"@type\":\"CommentAction\",\"name\":\"Comment\",\"target\":[\"https:\\\/\\\/www.latribunedufaso.net\\\/?p=13986#respond\"]}]},{\"@type\":\"WebPage\",\"@id\":\"https:\\\/\\\/www.latribunedufaso.net\\\/?p=13986\",\"url\":\"https:\\\/\\\/www.latribunedufaso.net\\\/?p=13986\",\"name\":\"Monde syndical : Le Conseil des ministre adopte trois nouveaux decret - La Tribune du Faso\",\"isPartOf\":{\"@id\":\"https:\\\/\\\/www.latribunedufaso.net\\\/#website\"},\"primaryImageOfPage\":{\"@id\":\"https:\\\/\\\/www.latribunedufaso.net\\\/?p=13986#primaryimage\"},\"image\":{\"@id\":\"https:\\\/\\\/www.latribunedufaso.net\\\/?p=13986#primaryimage\"},\"thumbnailUrl\":\"https:\\\/\\\/www.latribunedufaso.net\\\/wp-content\\\/uploads\\\/2024\\\/06\\\/345050163_632674744940650_6025744677936672691_n.jpg\",\"datePublished\":\"2023-05-03T23:26:29+00:00\",\"dateModified\":\"2024-06-05T11:29:30+00:00\",\"breadcrumb\":{\"@id\":\"https:\\\/\\\/www.latribunedufaso.net\\\/?p=13986#breadcrumb\"},\"inLanguage\":\"fr-FR\",\"potentialAction\":[{\"@type\":\"ReadAction\",\"target\":[\"https:\\\/\\\/www.latribunedufaso.net\\\/?p=13986\"]}]},{\"@type\":\"ImageObject\",\"inLanguage\":\"fr-FR\",\"@id\":\"https:\\\/\\\/www.latribunedufaso.net\\\/?p=13986#primaryimage\",\"url\":\"https:\\\/\\\/www.latribunedufaso.net\\\/wp-content\\\/uploads\\\/2024\\\/06\\\/345050163_632674744940650_6025744677936672691_n.jpg\",\"contentUrl\":\"https:\\\/\\\/www.latribunedufaso.net\\\/wp-content\\\/uploads\\\/2024\\\/06\\\/345050163_632674744940650_6025744677936672691_n.jpg\",\"width\":1600,\"height\":903},{\"@type\":\"BreadcrumbList\",\"@id\":\"https:\\\/\\\/www.latribunedufaso.net\\\/?p=13986#breadcrumb\",\"itemListElement\":[{\"@type\":\"ListItem\",\"position\":1,\"name\":\"Accueil\",\"item\":\"https:\\\/\\\/www.latribunedufaso.net\\\/\"},{\"@type\":\"ListItem\",\"position\":2,\"name\":\"Monde syndical : Le Conseil des ministre adopte trois nouveaux decret\"}]},{\"@type\":\"WebSite\",\"@id\":\"https:\\\/\\\/www.latribunedufaso.net\\\/#website\",\"url\":\"https:\\\/\\\/www.latribunedufaso.net\\\/\",\"name\":\"La Tribune du Faso\",\"description\":\"L&#039;information du monde rural en un clic\",\"publisher\":{\"@id\":\"https:\\\/\\\/www.latribunedufaso.net\\\/#organization\"},\"potentialAction\":[{\"@type\":\"SearchAction\",\"target\":{\"@type\":\"EntryPoint\",\"urlTemplate\":\"https:\\\/\\\/www.latribunedufaso.net\\\/?s={search_term_string}\"},\"query-input\":{\"@type\":\"PropertyValueSpecification\",\"valueRequired\":true,\"valueName\":\"search_term_string\"}}],\"inLanguage\":\"fr-FR\"},{\"@type\":\"Organization\",\"@id\":\"https:\\\/\\\/www.latribunedufaso.net\\\/#organization\",\"name\":\"La Tribune du Faso\",\"url\":\"https:\\\/\\\/www.latribunedufaso.net\\\/\",\"logo\":{\"@type\":\"ImageObject\",\"inLanguage\":\"fr-FR\",\"@id\":\"https:\\\/\\\/www.latribunedufaso.net\\\/#\\\/schema\\\/logo\\\/image\\\/\",\"url\":\"https:\\\/\\\/www.latribunedufaso.net\\\/wp-content\\\/uploads\\\/2020\\\/08\\\/Logo-Tribune-du-Faso-final-scaled.jpg\",\"contentUrl\":\"https:\\\/\\\/www.latribunedufaso.net\\\/wp-content\\\/uploads\\\/2020\\\/08\\\/Logo-Tribune-du-Faso-final-scaled.jpg\",\"width\":2560,\"height\":1856,\"caption\":\"La Tribune du Faso\"},\"image\":{\"@id\":\"https:\\\/\\\/www.latribunedufaso.net\\\/#\\\/schema\\\/logo\\\/image\\\/\"},\"sameAs\":[\"https:\\\/\\\/www.facebook.com\\\/LatribuneduFaso\\\/\"]},{\"@type\":\"Person\",\"@id\":\"https:\\\/\\\/www.latribunedufaso.net\\\/#\\\/schema\\\/person\\\/a380782d0605bb8aae27c40ea93b35b1\",\"name\":\"Administrateur\",\"image\":{\"@type\":\"ImageObject\",\"inLanguage\":\"fr-FR\",\"@id\":\"https:\\\/\\\/secure.gravatar.com\\\/avatar\\\/e20266f97d741f0e80ba1f60283074a9b3317fd7bfb727e0d95b51dafbf854a1?s=96&d=mm&r=g\",\"url\":\"https:\\\/\\\/secure.gravatar.com\\\/avatar\\\/e20266f97d741f0e80ba1f60283074a9b3317fd7bfb727e0d95b51dafbf854a1?s=96&d=mm&r=g\",\"contentUrl\":\"https:\\\/\\\/secure.gravatar.com\\\/avatar\\\/e20266f97d741f0e80ba1f60283074a9b3317fd7bfb727e0d95b51dafbf854a1?s=96&d=mm&r=g\",\"caption\":\"Administrateur\"},\"url\":\"https:\\\/\\\/www.latribunedufaso.net\\\/?author=2\"}]}<\/script>\n<!-- \/ Yoast SEO plugin. -->","yoast_head_json":{"title":"Monde syndical : Le Conseil des ministre adopte trois nouveaux decret - La Tribune du Faso","robots":{"index":"index","follow":"follow","max-snippet":"max-snippet:-1","max-image-preview":"max-image-preview:large","max-video-preview":"max-video-preview:-1"},"canonical":"https:\/\/www.latribunedufaso.net\/?p=13986","og_locale":"fr_FR","og_type":"article","og_title":"Monde syndical : Le Conseil des ministre adopte trois nouveaux decret - La Tribune du Faso","og_description":"Conseil des ministres du 03 mai 2023 : le gouvernement adopte trois d\u00e9crets pour une nouvelle dynamique du monde syndical. (Ouagadougou, 03 mai 2023). Le Pr\u00e9sident de la Transition, Chef de l\u2019Etat, le Capitaine Ibrahim TRAORE, a pr\u00e9sid\u00e9 ce mercredi, l\u2019hebdomadaire conseil des ministres qui a examin\u00e9 et adopt\u00e9 plusieurs dossiers soumis \u00e0 son ordre du jour, a indiqu\u00e9 le Porte-parole du gouvernement Jean-Emmanuel OUEDRAOGO \u00e0 l\u2019issue des travaux du Conseil. Au titre du minist\u00e8re de la Fonction publique, du Travail et de la Protection sociale, le Conseil des ministres a examin\u00e9 et adopt\u00e9 trois d\u00e9crets. Le premier d\u00e9cret porte sur le pr\u00e9l\u00e8vement \u00e0 la source des cotisations syndicales des agents publics de l\u2019Etat et les modalit\u00e9s de mise en \u0153uvre. Selon le ministre d\u2019Etat, ministre en charge de la fonction publique, c\u2019est \u00ab un pr\u00e9l\u00e8vement volontaire \u00bb. Ce qui signifie que \u00ab le militant syndical remplit une fiche qui permet \u00e0 l\u2019Etat de savoir quel est le montant qu\u2019il consent au nom de son organisation syndicale et ce montant est coup\u00e9 et revers\u00e9 dans un compte d\u00fbment indiqu\u00e9 et exprim\u00e9 par l\u2019organisation syndicale en question \u00bb, a expliqu\u00e9 le ministre Bassolma BAZIE. Ce d\u00e9cret, devra permettre, en outre, \u00e0 l\u2019organisation syndicale d\u2019\u00eatre financi\u00e8rement ind\u00e9pendante et \u00e0 l\u2019Etat de veiller au contr\u00f4le de la transparence des ressources. Le deuxi\u00e8me projet de d\u00e9cret adopt\u00e9 au titre de ce m\u00eame minist\u00e8re est relatif aux proc\u00e9dures de traitement et modalit\u00e9s de liquidation de la retenue pour fait de gr\u00e8ve. Pour le ministre Bassolma BAZIE, ce texte vient disposer des modalit\u00e9s de retenue pour fait de gr\u00e8ve et fixe les montants qui peuvent \u00eatre coup\u00e9s \u00e0 l\u2019agent qui est all\u00e9 en gr\u00e8ve. \u00ab Et le montant qui doit \u00eatre retenu est le 30e indivisible du salaire de base \u00bb, a soutenu le ministre en charge de la fonction publique. Le troisi\u00e8me dossier adopt\u00e9 au titre du minist\u00e8re en charge de la fonction publique est relatif \u00e0 la fixation du nombre et de la modalit\u00e9 de d\u00e9signation des agents publics de l\u2019Etat b\u00e9n\u00e9ficiaires de mise \u00e0 disposition aupr\u00e8s des organisations syndicales. Ce d\u00e9cret concerne essentiellement ceux que l\u2019on appelle \u00ab les permanents syndicaux \u00bb. Selon le ministre Bassolma BAZIE, \u00ab ce d\u00e9cret permet de dire que si les travailleurs ont eu confiance en vous en vous \u00e9lisant premier responsable pour parler en leur nom, il faut forc\u00e9ment que l\u2019Etat cr\u00e9e les conditions pour que l\u2019int\u00e9ress\u00e9 soit disponible \u00e0 tout moment afin qu\u2019il puisse, faire face \u00e0 un certain nombre de pr\u00e9occupations, donner son point de vue dans la vie de la Nation \u00bb. Le ministre BAZIE pr\u00e9cise que l\u2019adoption de ces trois d\u00e9crets permet \u00e0 notre pays d\u2019\u00eatre en conformit\u00e9 avec l\u2019ensemble des conventions internationales notamment la convention 87 et la convention 98 de l\u2019Organisation internationale du travail (OIT). Au titre du minist\u00e8re de l\u2019Energie, des Mines et des Carri\u00e8res, le Conseil a examin\u00e9 et valid\u00e9 une demande de permis d\u2019exploitation industrielle de la mine d\u2019or de Poura \u00e0 la Soci\u00e9t\u00e9 Poura Gold Operation SA. Selon le ministre charge des mines, Simon Pierre BOUSSIM, le Conseil a accord\u00e9 le permis d\u2019exploitation sur la base des crit\u00e8res et des exigences que la soci\u00e9t\u00e9 doit remplir. Cette mine d\u2019or qui va couvrir une superficie de 32, 59 km2 a une production estim\u00e9e \u00e0 11, 47 tonnes d\u2019or. Cette mine va apporter plus de 51 milliards FCFA de recettes budg\u00e9taires \u00e0 l\u2019Etat et une contribution aux Fonds miniers de d\u00e9veloppement local \u00e0 hauteur de plus 2 milliards 956 millions de FCFA. A la fin des activit\u00e9s de la mine qui vont s\u2019\u00e9tendre sur 10 ans, la soci\u00e9t\u00e9 devra investir 4 812 750 000 FCFA pour les activit\u00e9s de fermeture et de r\u00e9habilitation de Poura. Direction de la communication de la pr\u00e9sidence du Faso","og_url":"https:\/\/www.latribunedufaso.net\/?p=13986","og_site_name":"La Tribune du Faso","article_publisher":"https:\/\/www.facebook.com\/LatribuneduFaso\/","article_published_time":"2023-05-03T23:26:29+00:00","article_modified_time":"2024-06-05T11:29:30+00:00","og_image":[{"width":1600,"height":903,"url":"https:\/\/www.latribunedufaso.net\/wp-content\/uploads\/2024\/06\/345050163_632674744940650_6025744677936672691_n.jpg","type":"image\/jpeg"}],"author":"Administrateur","twitter_misc":{"\u00c9crit par":"Administrateur","Dur\u00e9e de lecture estim\u00e9e":"3 minutes"},"schema":{"@context":"https:\/\/schema.org","@graph":[{"@type":"Article","@id":"https:\/\/www.latribunedufaso.net\/?p=13986#article","isPartOf":{"@id":"https:\/\/www.latribunedufaso.net\/?p=13986"},"author":{"name":"Administrateur","@id":"https:\/\/www.latribunedufaso.net\/#\/schema\/person\/a380782d0605bb8aae27c40ea93b35b1"},"headline":"Monde syndical : Le Conseil des ministre adopte trois nouveaux decret","datePublished":"2023-05-03T23:26:29+00:00","dateModified":"2024-06-05T11:29:30+00:00","mainEntityOfPage":{"@id":"https:\/\/www.latribunedufaso.net\/?p=13986"},"wordCount":674,"commentCount":0,"publisher":{"@id":"https:\/\/www.latribunedufaso.net\/#organization"},"image":{"@id":"https:\/\/www.latribunedufaso.net\/?p=13986#primaryimage"},"thumbnailUrl":"https:\/\/www.latribunedufaso.net\/wp-content\/uploads\/2024\/06\/345050163_632674744940650_6025744677936672691_n.jpg","articleSection":["A la une","Actualit\u00e9","Soci\u00e9t\u00e9"],"inLanguage":"fr-FR","potentialAction":[{"@type":"CommentAction","name":"Comment","target":["https:\/\/www.latribunedufaso.net\/?p=13986#respond"]}]},{"@type":"WebPage","@id":"https:\/\/www.latribunedufaso.net\/?p=13986","url":"https:\/\/www.latribunedufaso.net\/?p=13986","name":"Monde syndical : Le Conseil des ministre adopte trois nouveaux decret - La Tribune du Faso","isPartOf":{"@id":"https:\/\/www.latribunedufaso.net\/#website"},"primaryImageOfPage":{"@id":"https:\/\/www.latribunedufaso.net\/?p=13986#primaryimage"},"image":{"@id":"https:\/\/www.latribunedufaso.net\/?p=13986#primaryimage"},"thumbnailUrl":"https:\/\/www.latribunedufaso.net\/wp-content\/uploads\/2024\/06\/345050163_632674744940650_6025744677936672691_n.jpg","datePublished":"2023-05-03T23:26:29+00:00","dateModified":"2024-06-05T11:29:30+00:00","breadcrumb":{"@id":"https:\/\/www.latribunedufaso.net\/?p=13986#breadcrumb"},"inLanguage":"fr-FR","potentialAction":[{"@type":"ReadAction","target":["https:\/\/www.latribunedufaso.net\/?p=13986"]}]},{"@type":"ImageObject","inLanguage":"fr-FR","@id":"https:\/\/www.latribunedufaso.net\/?p=13986#primaryimage","url":"https:\/\/www.latribunedufaso.net\/wp-content\/uploads\/2024\/06\/345050163_632674744940650_6025744677936672691_n.jpg","contentUrl":"https:\/\/www.latribunedufaso.net\/wp-content\/uploads\/2024\/06\/345050163_632674744940650_6025744677936672691_n.jpg","width":1600,"height":903},{"@type":"BreadcrumbList","@id":"https:\/\/www.latribunedufaso.net\/?p=13986#breadcrumb","itemListElement":[{"@type":"ListItem","position":1,"name":"Accueil","item":"https:\/\/www.latribunedufaso.net\/"},{"@type":"ListItem","position":2,"name":"Monde syndical : Le Conseil des ministre adopte trois nouveaux decret"}]},{"@type":"WebSite","@id":"https:\/\/www.latribunedufaso.net\/#website","url":"https:\/\/www.latribunedufaso.net\/","name":"La Tribune du Faso","description":"L&#039;information du monde rural en un clic","publisher":{"@id":"https:\/\/www.latribunedufaso.net\/#organization"},"potentialAction":[{"@type":"SearchAction","target":{"@type":"EntryPoint","urlTemplate":"https:\/\/www.latribunedufaso.net\/?s={search_term_string}"},"query-input":{"@type":"PropertyValueSpecification","valueRequired":true,"valueName":"search_term_string"}}],"inLanguage":"fr-FR"},{"@type":"Organization","@id":"https:\/\/www.latribunedufaso.net\/#organization","name":"La Tribune du Faso","url":"https:\/\/www.latribunedufaso.net\/","logo":{"@type":"ImageObject","inLanguage":"fr-FR","@id":"https:\/\/www.latribunedufaso.net\/#\/schema\/logo\/image\/","url":"https:\/\/www.latribunedufaso.net\/wp-content\/uploads\/2020\/08\/Logo-Tribune-du-Faso-final-scaled.jpg","contentUrl":"https:\/\/www.latribunedufaso.net\/wp-content\/uploads\/2020\/08\/Logo-Tribune-du-Faso-final-scaled.jpg","width":2560,"height":1856,"caption":"La Tribune du Faso"},"image":{"@id":"https:\/\/www.latribunedufaso.net\/#\/schema\/logo\/image\/"},"sameAs":["https:\/\/www.facebook.com\/LatribuneduFaso\/"]},{"@type":"Person","@id":"https:\/\/www.latribunedufaso.net\/#\/schema\/person\/a380782d0605bb8aae27c40ea93b35b1","name":"Administrateur","image":{"@type":"ImageObject","inLanguage":"fr-FR","@id":"https:\/\/secure.gravatar.com\/avatar\/e20266f97d741f0e80ba1f60283074a9b3317fd7bfb727e0d95b51dafbf854a1?s=96&d=mm&r=g","url":"https:\/\/secure.gravatar.com\/avatar\/e20266f97d741f0e80ba1f60283074a9b3317fd7bfb727e0d95b51dafbf854a1?s=96&d=mm&r=g","contentUrl":"https:\/\/secure.gravatar.com\/avatar\/e20266f97d741f0e80ba1f60283074a9b3317fd7bfb727e0d95b51dafbf854a1?s=96&d=mm&r=g","caption":"Administrateur"},"url":"https:\/\/www.latribunedufaso.net\/?author=2"}]}},"_links":{"self":[{"href":"https:\/\/www.latribunedufaso.net\/index.php?rest_route=\/wp\/v2\/posts\/13986","targetHints":{"allow":["GET"]}}],"collection":[{"href":"https:\/\/www.latribunedufaso.net\/index.php?rest_route=\/wp\/v2\/posts"}],"about":[{"href":"https:\/\/www.latribunedufaso.net\/index.php?rest_route=\/wp\/v2\/types\/post"}],"author":[{"embeddable":true,"href":"https:\/\/www.latribunedufaso.net\/index.php?rest_route=\/wp\/v2\/users\/2"}],"replies":[{"embeddable":true,"href":"https:\/\/www.latribunedufaso.net\/index.php?rest_route=%2Fwp%2Fv2%2Fcomments&post=13986"}],"version-history":[{"count":1,"href":"https:\/\/www.latribunedufaso.net\/index.php?rest_route=\/wp\/v2\/posts\/13986\/revisions"}],"predecessor-version":[{"id":13988,"href":"https:\/\/www.latribunedufaso.net\/index.php?rest_route=\/wp\/v2\/posts\/13986\/revisions\/13988"}],"wp:featuredmedia":[{"embeddable":true,"href":"https:\/\/www.latribunedufaso.net\/index.php?rest_route=\/wp\/v2\/media\/13987"}],"wp:attachment":[{"href":"https:\/\/www.latribunedufaso.net\/index.php?rest_route=%2Fwp%2Fv2%2Fmedia&parent=13986"}],"wp:term":[{"taxonomy":"category","embeddable":true,"href":"https:\/\/www.latribunedufaso.net\/index.php?rest_route=%2Fwp%2Fv2%2Fcategories&post=13986"},{"taxonomy":"post_tag","embeddable":true,"href":"https:\/\/www.latribunedufaso.net\/index.php?rest_route=%2Fwp%2Fv2%2Ftags&post=13986"}],"curies":[{"name":"wp","href":"https:\/\/api.w.org\/{rel}","templated":true}]}}