{"id":13967,"date":"2024-06-05T11:22:26","date_gmt":"2024-06-05T11:22:26","guid":{"rendered":"https:\/\/www.latribunedufaso.net\/?p=13967"},"modified":"2024-06-05T11:22:26","modified_gmt":"2024-06-05T11:22:26","slug":"sante-inauguration-de-nouvelles-plateformes-pour-renforcer-la-surveillance-sanitaire-du-laboratoire-central-de-reference","status":"publish","type":"post","link":"https:\/\/www.latribunedufaso.net\/?p=13967","title":{"rendered":"Sant\u00e9 : Inauguration de nouvelles plateformes pour renforcer la surveillance sanitaire du laboratoire central de r\u00e9f\u00e9rence\u00a0"},"content":{"rendered":"<p><strong><span style=\"font-size: 1.0625rem;\">Le mardi 04 juin 2024 \u00e0 Ouagadougou, s\u2019est tenue la c\u00e9r\u00e9monie d\u2019inauguration des nouvelles plateformes du Laboratoire central de r\u00e9f\u00e9rence (LCR).<\/span><\/strong><br \/><!--more--><\/p>\n<p>Pr\u00e9sid\u00e9e par le ministre de la Sant\u00e9 et de l\u2019Hygi\u00e8ne Publique, Dr Robert Kargougou, la c\u00e9r\u00e9monie a connu la pr\u00e9sence du ministre d\u00e9l\u00e9gu\u00e9 en charge des Ressources animales et de l\u2019Ambassadeur des \u00c9tats-Unis au Burkina Faso.<\/p>\n<figure id=\"attachment_13971\" aria-describedby=\"caption-attachment-13971\" style=\"width: 300px\" class=\"wp-caption alignleft\"><a href=\"https:\/\/www.latribunedufaso.net\/wp-content\/uploads\/2024\/06\/FB_IMG_1717586193014.jpg\"><img loading=\"lazy\" decoding=\"async\" class=\"size-medium wp-image-13971\" src=\"https:\/\/www.latribunedufaso.net\/wp-content\/uploads\/2024\/06\/FB_IMG_1717586193014-300x200.jpg\" alt=\"\" width=\"300\" height=\"200\" srcset=\"https:\/\/www.latribunedufaso.net\/wp-content\/uploads\/2024\/06\/FB_IMG_1717586193014-300x200.jpg 300w, https:\/\/www.latribunedufaso.net\/wp-content\/uploads\/2024\/06\/FB_IMG_1717586193014-120x80.jpg 120w, https:\/\/www.latribunedufaso.net\/wp-content\/uploads\/2024\/06\/FB_IMG_1717586193014-360x240.jpg 360w, https:\/\/www.latribunedufaso.net\/wp-content\/uploads\/2024\/06\/FB_IMG_1717586193014-600x400.jpg 600w, https:\/\/www.latribunedufaso.net\/wp-content\/uploads\/2024\/06\/FB_IMG_1717586193014.jpg 720w\" sizes=\"auto, (max-width: 300px) 100vw, 300px\" \/><\/a><figcaption id=\"caption-attachment-13971\" class=\"wp-caption-text\">Le ministre de la Sant\u00e9 et de l\u2019Hygi\u00e8ne Publique, Dr Robert Kargougou<\/figcaption><\/figure>\n<p>Ces nouvelles plateformes qui sont le fruit d\u2019une collaboration entre l\u2019Institut national de sant\u00e9 publique (INSP) et l\u2019Agence nationale pour la s\u00e9curit\u00e9 sanitaire de l\u2019environnement, de l\u2019alimentation, du travail et des produits de sant\u00e9 (ANSSEAT), vont contribuer par ailleurs, au renforcement de la surveillance g\u00e9nomique des pathog\u00e8nes au niveau national en vue de mieux coordonner la r\u00e9ponse aux urgences sanitaires.<\/p>\n<figure id=\"attachment_13973\" aria-describedby=\"caption-attachment-13973\" style=\"width: 300px\" class=\"wp-caption alignleft\"><a href=\"https:\/\/www.latribunedufaso.net\/wp-content\/uploads\/2024\/06\/FB_IMG_1717586202500.jpg\"><img loading=\"lazy\" decoding=\"async\" class=\"size-medium wp-image-13973\" src=\"https:\/\/www.latribunedufaso.net\/wp-content\/uploads\/2024\/06\/FB_IMG_1717586202500-300x200.jpg\" alt=\"\" width=\"300\" height=\"200\" srcset=\"https:\/\/www.latribunedufaso.net\/wp-content\/uploads\/2024\/06\/FB_IMG_1717586202500-300x200.jpg 300w, https:\/\/www.latribunedufaso.net\/wp-content\/uploads\/2024\/06\/FB_IMG_1717586202500-120x80.jpg 120w, https:\/\/www.latribunedufaso.net\/wp-content\/uploads\/2024\/06\/FB_IMG_1717586202500-360x240.jpg 360w, https:\/\/www.latribunedufaso.net\/wp-content\/uploads\/2024\/06\/FB_IMG_1717586202500-600x400.jpg 600w, https:\/\/www.latribunedufaso.net\/wp-content\/uploads\/2024\/06\/FB_IMG_1717586202500.jpg 720w\" sizes=\"auto, (max-width: 300px) 100vw, 300px\" \/><\/a><figcaption id=\"caption-attachment-13973\" class=\"wp-caption-text\">La officiels ont visit\u00e9 la plateforme g\u00e9nomique et la biobanque<\/figcaption><\/figure>\n<p>En effet, pour l\u2019op\u00e9rationnalisation de ses activit\u00e9s, l\u2019ANSSEAT a octroy\u00e9 au laboratoire central de r\u00e9f\u00e9rence, des locaux qui ont \u00e9t\u00e9 r\u00e9nov\u00e9s et \u00e9quip\u00e9s en plateforme de s\u00e9quen\u00e7age de nouvelle g\u00e9n\u00e9ration et en cha\u00eene de froid, avec l\u2019appui du minist\u00e8re en charge de la Sant\u00e9 et des partenaires.<\/p>\n<p>A \u00e9couter le ministre Dr Robert Kargougou, cette inauguration va permettre au Burkina Faso de continuer \u00e0 se pr\u00e9parer \u00e0 affronter d\u2019\u00e9ventuelles \u00e9pid\u00e9mies et pand\u00e9mies. Aussi, soutient-il, les le\u00e7ons apprises dans les crises sanitaires et autres catastrophes naturelles obligent \u00e0 b\u00e2tir le LCR de tel syst\u00e8me.\u00a0<\/p>\n<p>Selon lui, \u00ab pour une r\u00e9solution appropri\u00e9e et ad\u00e9quate des d\u00e9fis de sant\u00e9 publique dans notre pays, nous avons la conviction qu\u2019il faut une vision holistique des approches visant \u00e0 mettre en synergie et la coh\u00e9rence des actions \u00bb. Ainsi, cette vision, selon Dr Robert Kargougou, permettra de parvenir au renforcement des capacit\u00e9s de d\u00e9tection pr\u00e9coce des ph\u00e9nom\u00e8nes qui touchent la sant\u00e9 mais aussi de rem\u00e9dier de mani\u00e8re coordonn\u00e9e, \u00e0 travers une multisectorialit\u00e9, la question d\u2019urgence.<\/p>\n<figure id=\"attachment_13972\" aria-describedby=\"caption-attachment-13972\" style=\"width: 300px\" class=\"wp-caption alignleft\"><a href=\"https:\/\/www.latribunedufaso.net\/wp-content\/uploads\/2024\/06\/FB_IMG_1717586197180.jpg\"><img loading=\"lazy\" decoding=\"async\" class=\"size-medium wp-image-13972\" src=\"https:\/\/www.latribunedufaso.net\/wp-content\/uploads\/2024\/06\/FB_IMG_1717586197180-300x200.jpg\" alt=\"\" width=\"300\" height=\"200\" srcset=\"https:\/\/www.latribunedufaso.net\/wp-content\/uploads\/2024\/06\/FB_IMG_1717586197180-300x200.jpg 300w, https:\/\/www.latribunedufaso.net\/wp-content\/uploads\/2024\/06\/FB_IMG_1717586197180-120x80.jpg 120w, https:\/\/www.latribunedufaso.net\/wp-content\/uploads\/2024\/06\/FB_IMG_1717586197180-360x240.jpg 360w, https:\/\/www.latribunedufaso.net\/wp-content\/uploads\/2024\/06\/FB_IMG_1717586197180-600x400.jpg 600w, https:\/\/www.latribunedufaso.net\/wp-content\/uploads\/2024\/06\/FB_IMG_1717586197180.jpg 720w\" sizes=\"auto, (max-width: 300px) 100vw, 300px\" \/><\/a><figcaption id=\"caption-attachment-13972\" class=\"wp-caption-text\">L\u2019Ambassadeur des \u00c9tats-Unis au Burkina Faso, Eric P. Whitaker<\/figcaption><\/figure>\n<p>L\u2019Ambassadeur des \u00c9tats-Unis au Burkina Faso, Eric P. Whitaker, pour sa part, soutient que, l\u2019inauguration de ces nouvelles plateformes du LCR est une \u00e9tape scientifique tr\u00e8s avanc\u00e9e, et constitue pour les \u00c9tats-Unis, notamment pour le Centre de contr\u00f4le et la pr\u00e9vention des maladies, une tr\u00e8s grande \u00e9tape. De ses dires, cela traduit la continuit\u00e9 des relations entre les \u00c9tats-Unis et le gouvernement du Burkina Faso, notamment dans le secteur de la sant\u00e9.<\/p>\n<p><a href=\"https:\/\/www.latribunedufaso.net\/wp-content\/uploads\/2024\/06\/FB_IMG_1717586208489.jpg\"><img loading=\"lazy\" decoding=\"async\" class=\"size-medium wp-image-13974 alignleft\" src=\"https:\/\/www.latribunedufaso.net\/wp-content\/uploads\/2024\/06\/FB_IMG_1717586208489-300x200.jpg\" alt=\"\" width=\"300\" height=\"200\" srcset=\"https:\/\/www.latribunedufaso.net\/wp-content\/uploads\/2024\/06\/FB_IMG_1717586208489-300x200.jpg 300w, https:\/\/www.latribunedufaso.net\/wp-content\/uploads\/2024\/06\/FB_IMG_1717586208489-120x80.jpg 120w, https:\/\/www.latribunedufaso.net\/wp-content\/uploads\/2024\/06\/FB_IMG_1717586208489-360x240.jpg 360w, https:\/\/www.latribunedufaso.net\/wp-content\/uploads\/2024\/06\/FB_IMG_1717586208489-600x400.jpg 600w, https:\/\/www.latribunedufaso.net\/wp-content\/uploads\/2024\/06\/FB_IMG_1717586208489.jpg 720w\" sizes=\"auto, (max-width: 300px) 100vw, 300px\" \/><\/a>A l\u2019issue de cette c\u00e9r\u00e9monie d\u2019inauguration, le premier responsable du d\u00e9partement de la sant\u00e9 et l\u2019ensemble des acteurs pr\u00e9sents ont visit\u00e9 la plateforme g\u00e9nomique et la biobanque.<\/p>\n<p><strong><span style=\"font-size: 1.0625rem;\">Latribunedufaso.net\u00a0<\/span><\/strong><\/p>\n<p><strong>Source : <span style=\"font-size: 1.0625rem;\">DCRP-MSJP<a href=\"https:\/\/www.latribunedufaso.net\/wp-content\/uploads\/2024\/06\/FB_IMG_1717586216216.jpg\"><img loading=\"lazy\" decoding=\"async\" class=\"size-medium wp-image-13975 alignleft\" src=\"https:\/\/www.latribunedufaso.net\/wp-content\/uploads\/2024\/06\/FB_IMG_1717586216216-300x200.jpg\" alt=\"\" width=\"300\" height=\"200\" srcset=\"https:\/\/www.latribunedufaso.net\/wp-content\/uploads\/2024\/06\/FB_IMG_1717586216216-300x200.jpg 300w, https:\/\/www.latribunedufaso.net\/wp-content\/uploads\/2024\/06\/FB_IMG_1717586216216-120x80.jpg 120w, https:\/\/www.latribunedufaso.net\/wp-content\/uploads\/2024\/06\/FB_IMG_1717586216216-360x240.jpg 360w, https:\/\/www.latribunedufaso.net\/wp-content\/uploads\/2024\/06\/FB_IMG_1717586216216-600x400.jpg 600w, https:\/\/www.latribunedufaso.net\/wp-content\/uploads\/2024\/06\/FB_IMG_1717586216216.jpg 720w\" sizes=\"auto, (max-width: 300px) 100vw, 300px\" \/><\/a>\u00a0<\/span><\/strong><\/p>\n","protected":false},"excerpt":{"rendered":"<p>Le mardi 04 juin 2024 \u00e0 Ouagadougou, s\u2019est tenue la c\u00e9r\u00e9monie d\u2019inauguration des nouvelles plateformes du Laboratoire central de r\u00e9f\u00e9rence (LCR).<\/p>\n","protected":false},"author":5,"featured_media":13970,"comment_status":"open","ping_status":"open","sticky":false,"template":"","format":"standard","meta":{"footnotes":""},"categories":[13,1,7],"tags":[],"class_list":["post-13967","post","type-post","status-publish","format-standard","has-post-thumbnail","hentry","category-une","category-actu","category-sante"],"yoast_head":"<!-- This site is optimized with the Yoast SEO plugin v27.5 - https:\/\/yoast.com\/product\/yoast-seo-wordpress\/ -->\n<title>Sant\u00e9 : Inauguration de nouvelles plateformes pour renforcer la surveillance sanitaire du laboratoire central de r\u00e9f\u00e9rence\u00a0 - La Tribune du Faso<\/title>\n<meta name=\"robots\" content=\"index, follow, max-snippet:-1, max-image-preview:large, max-video-preview:-1\" \/>\n<link rel=\"canonical\" href=\"https:\/\/www.latribunedufaso.net\/?p=13967\" \/>\n<meta property=\"og:locale\" content=\"fr_FR\" \/>\n<meta property=\"og:type\" content=\"article\" \/>\n<meta property=\"og:title\" content=\"Sant\u00e9 : Inauguration de nouvelles plateformes pour renforcer la surveillance sanitaire du laboratoire central de r\u00e9f\u00e9rence\u00a0 - La Tribune du Faso\" \/>\n<meta property=\"og:description\" content=\"Le mardi 04 juin 2024 \u00e0 Ouagadougou, s\u2019est tenue la c\u00e9r\u00e9monie d\u2019inauguration des nouvelles plateformes du Laboratoire central de r\u00e9f\u00e9rence (LCR).\" \/>\n<meta property=\"og:url\" content=\"https:\/\/www.latribunedufaso.net\/?p=13967\" \/>\n<meta property=\"og:site_name\" content=\"La Tribune du Faso\" \/>\n<meta property=\"article:publisher\" content=\"https:\/\/www.facebook.com\/LatribuneduFaso\/\" \/>\n<meta property=\"article:published_time\" content=\"2024-06-05T11:22:26+00:00\" \/>\n<meta property=\"og:image\" content=\"https:\/\/www.latribunedufaso.net\/wp-content\/uploads\/2024\/06\/FB_IMG_1717586183569.jpg\" \/>\n\t<meta property=\"og:image:width\" content=\"720\" \/>\n\t<meta property=\"og:image:height\" content=\"480\" \/>\n\t<meta property=\"og:image:type\" content=\"image\/jpeg\" \/>\n<meta name=\"author\" content=\"Issouf Tapsoba\" \/>\n<meta name=\"twitter:label1\" content=\"\u00c9crit par\" \/>\n\t<meta name=\"twitter:data1\" content=\"Issouf Tapsoba\" \/>\n\t<meta name=\"twitter:label2\" content=\"Dur\u00e9e de lecture estim\u00e9e\" \/>\n\t<meta name=\"twitter:data2\" content=\"3 minutes\" \/>\n<script type=\"application\/ld+json\" class=\"yoast-schema-graph\">{\"@context\":\"https:\\\/\\\/schema.org\",\"@graph\":[{\"@type\":\"Article\",\"@id\":\"https:\\\/\\\/www.latribunedufaso.net\\\/?p=13967#article\",\"isPartOf\":{\"@id\":\"https:\\\/\\\/www.latribunedufaso.net\\\/?p=13967\"},\"author\":{\"name\":\"Issouf Tapsoba\",\"@id\":\"https:\\\/\\\/www.latribunedufaso.net\\\/#\\\/schema\\\/person\\\/e54e64c5778a7e72cf80a318b7a622b0\"},\"headline\":\"Sant\u00e9 : Inauguration de nouvelles plateformes pour renforcer la surveillance sanitaire du laboratoire central de r\u00e9f\u00e9rence\u00a0\",\"datePublished\":\"2024-06-05T11:22:26+00:00\",\"mainEntityOfPage\":{\"@id\":\"https:\\\/\\\/www.latribunedufaso.net\\\/?p=13967\"},\"wordCount\":530,\"commentCount\":0,\"publisher\":{\"@id\":\"https:\\\/\\\/www.latribunedufaso.net\\\/#organization\"},\"image\":{\"@id\":\"https:\\\/\\\/www.latribunedufaso.net\\\/?p=13967#primaryimage\"},\"thumbnailUrl\":\"https:\\\/\\\/www.latribunedufaso.net\\\/wp-content\\\/uploads\\\/2024\\\/06\\\/FB_IMG_1717586183569.jpg\",\"articleSection\":[\"A la une\",\"Actualit\u00e9\",\"Sant\u00e9\"],\"inLanguage\":\"fr-FR\",\"potentialAction\":[{\"@type\":\"CommentAction\",\"name\":\"Comment\",\"target\":[\"https:\\\/\\\/www.latribunedufaso.net\\\/?p=13967#respond\"]}]},{\"@type\":\"WebPage\",\"@id\":\"https:\\\/\\\/www.latribunedufaso.net\\\/?p=13967\",\"url\":\"https:\\\/\\\/www.latribunedufaso.net\\\/?p=13967\",\"name\":\"Sant\u00e9 : Inauguration de nouvelles plateformes pour renforcer la surveillance sanitaire du laboratoire central de r\u00e9f\u00e9rence\u00a0 - La Tribune du Faso\",\"isPartOf\":{\"@id\":\"https:\\\/\\\/www.latribunedufaso.net\\\/#website\"},\"primaryImageOfPage\":{\"@id\":\"https:\\\/\\\/www.latribunedufaso.net\\\/?p=13967#primaryimage\"},\"image\":{\"@id\":\"https:\\\/\\\/www.latribunedufaso.net\\\/?p=13967#primaryimage\"},\"thumbnailUrl\":\"https:\\\/\\\/www.latribunedufaso.net\\\/wp-content\\\/uploads\\\/2024\\\/06\\\/FB_IMG_1717586183569.jpg\",\"datePublished\":\"2024-06-05T11:22:26+00:00\",\"breadcrumb\":{\"@id\":\"https:\\\/\\\/www.latribunedufaso.net\\\/?p=13967#breadcrumb\"},\"inLanguage\":\"fr-FR\",\"potentialAction\":[{\"@type\":\"ReadAction\",\"target\":[\"https:\\\/\\\/www.latribunedufaso.net\\\/?p=13967\"]}]},{\"@type\":\"ImageObject\",\"inLanguage\":\"fr-FR\",\"@id\":\"https:\\\/\\\/www.latribunedufaso.net\\\/?p=13967#primaryimage\",\"url\":\"https:\\\/\\\/www.latribunedufaso.net\\\/wp-content\\\/uploads\\\/2024\\\/06\\\/FB_IMG_1717586183569.jpg\",\"contentUrl\":\"https:\\\/\\\/www.latribunedufaso.net\\\/wp-content\\\/uploads\\\/2024\\\/06\\\/FB_IMG_1717586183569.jpg\",\"width\":720,\"height\":480},{\"@type\":\"BreadcrumbList\",\"@id\":\"https:\\\/\\\/www.latribunedufaso.net\\\/?p=13967#breadcrumb\",\"itemListElement\":[{\"@type\":\"ListItem\",\"position\":1,\"name\":\"Accueil\",\"item\":\"https:\\\/\\\/www.latribunedufaso.net\\\/\"},{\"@type\":\"ListItem\",\"position\":2,\"name\":\"Sant\u00e9 : Inauguration de nouvelles plateformes pour renforcer la surveillance sanitaire du laboratoire central de r\u00e9f\u00e9rence\u00a0\"}]},{\"@type\":\"WebSite\",\"@id\":\"https:\\\/\\\/www.latribunedufaso.net\\\/#website\",\"url\":\"https:\\\/\\\/www.latribunedufaso.net\\\/\",\"name\":\"La Tribune du Faso\",\"description\":\"L&#039;information du monde rural en un clic\",\"publisher\":{\"@id\":\"https:\\\/\\\/www.latribunedufaso.net\\\/#organization\"},\"potentialAction\":[{\"@type\":\"SearchAction\",\"target\":{\"@type\":\"EntryPoint\",\"urlTemplate\":\"https:\\\/\\\/www.latribunedufaso.net\\\/?s={search_term_string}\"},\"query-input\":{\"@type\":\"PropertyValueSpecification\",\"valueRequired\":true,\"valueName\":\"search_term_string\"}}],\"inLanguage\":\"fr-FR\"},{\"@type\":\"Organization\",\"@id\":\"https:\\\/\\\/www.latribunedufaso.net\\\/#organization\",\"name\":\"La Tribune du Faso\",\"url\":\"https:\\\/\\\/www.latribunedufaso.net\\\/\",\"logo\":{\"@type\":\"ImageObject\",\"inLanguage\":\"fr-FR\",\"@id\":\"https:\\\/\\\/www.latribunedufaso.net\\\/#\\\/schema\\\/logo\\\/image\\\/\",\"url\":\"https:\\\/\\\/www.latribunedufaso.net\\\/wp-content\\\/uploads\\\/2020\\\/08\\\/Logo-Tribune-du-Faso-final-scaled.jpg\",\"contentUrl\":\"https:\\\/\\\/www.latribunedufaso.net\\\/wp-content\\\/uploads\\\/2020\\\/08\\\/Logo-Tribune-du-Faso-final-scaled.jpg\",\"width\":2560,\"height\":1856,\"caption\":\"La Tribune du Faso\"},\"image\":{\"@id\":\"https:\\\/\\\/www.latribunedufaso.net\\\/#\\\/schema\\\/logo\\\/image\\\/\"},\"sameAs\":[\"https:\\\/\\\/www.facebook.com\\\/LatribuneduFaso\\\/\"]},{\"@type\":\"Person\",\"@id\":\"https:\\\/\\\/www.latribunedufaso.net\\\/#\\\/schema\\\/person\\\/e54e64c5778a7e72cf80a318b7a622b0\",\"name\":\"Issouf Tapsoba\",\"image\":{\"@type\":\"ImageObject\",\"inLanguage\":\"fr-FR\",\"@id\":\"https:\\\/\\\/secure.gravatar.com\\\/avatar\\\/5e6c05150ce3230247d167f5b94d678eb05936197436d69b7921e3a95c9107ac?s=96&d=mm&r=g\",\"url\":\"https:\\\/\\\/secure.gravatar.com\\\/avatar\\\/5e6c05150ce3230247d167f5b94d678eb05936197436d69b7921e3a95c9107ac?s=96&d=mm&r=g\",\"contentUrl\":\"https:\\\/\\\/secure.gravatar.com\\\/avatar\\\/5e6c05150ce3230247d167f5b94d678eb05936197436d69b7921e3a95c9107ac?s=96&d=mm&r=g\",\"caption\":\"Issouf Tapsoba\"},\"url\":\"https:\\\/\\\/www.latribunedufaso.net\\\/?author=5\"}]}<\/script>\n<!-- \/ Yoast SEO plugin. -->","yoast_head_json":{"title":"Sant\u00e9 : Inauguration de nouvelles plateformes pour renforcer la surveillance sanitaire du laboratoire central de r\u00e9f\u00e9rence\u00a0 - La Tribune du Faso","robots":{"index":"index","follow":"follow","max-snippet":"max-snippet:-1","max-image-preview":"max-image-preview:large","max-video-preview":"max-video-preview:-1"},"canonical":"https:\/\/www.latribunedufaso.net\/?p=13967","og_locale":"fr_FR","og_type":"article","og_title":"Sant\u00e9 : Inauguration de nouvelles plateformes pour renforcer la surveillance sanitaire du laboratoire central de r\u00e9f\u00e9rence\u00a0 - La Tribune du Faso","og_description":"Le mardi 04 juin 2024 \u00e0 Ouagadougou, s\u2019est tenue la c\u00e9r\u00e9monie d\u2019inauguration des nouvelles plateformes du Laboratoire central de r\u00e9f\u00e9rence (LCR).","og_url":"https:\/\/www.latribunedufaso.net\/?p=13967","og_site_name":"La Tribune du Faso","article_publisher":"https:\/\/www.facebook.com\/LatribuneduFaso\/","article_published_time":"2024-06-05T11:22:26+00:00","og_image":[{"width":720,"height":480,"url":"https:\/\/www.latribunedufaso.net\/wp-content\/uploads\/2024\/06\/FB_IMG_1717586183569.jpg","type":"image\/jpeg"}],"author":"Issouf Tapsoba","twitter_misc":{"\u00c9crit par":"Issouf Tapsoba","Dur\u00e9e de lecture estim\u00e9e":"3 minutes"},"schema":{"@context":"https:\/\/schema.org","@graph":[{"@type":"Article","@id":"https:\/\/www.latribunedufaso.net\/?p=13967#article","isPartOf":{"@id":"https:\/\/www.latribunedufaso.net\/?p=13967"},"author":{"name":"Issouf Tapsoba","@id":"https:\/\/www.latribunedufaso.net\/#\/schema\/person\/e54e64c5778a7e72cf80a318b7a622b0"},"headline":"Sant\u00e9 : Inauguration de nouvelles plateformes pour renforcer la surveillance sanitaire du laboratoire central de r\u00e9f\u00e9rence\u00a0","datePublished":"2024-06-05T11:22:26+00:00","mainEntityOfPage":{"@id":"https:\/\/www.latribunedufaso.net\/?p=13967"},"wordCount":530,"commentCount":0,"publisher":{"@id":"https:\/\/www.latribunedufaso.net\/#organization"},"image":{"@id":"https:\/\/www.latribunedufaso.net\/?p=13967#primaryimage"},"thumbnailUrl":"https:\/\/www.latribunedufaso.net\/wp-content\/uploads\/2024\/06\/FB_IMG_1717586183569.jpg","articleSection":["A la une","Actualit\u00e9","Sant\u00e9"],"inLanguage":"fr-FR","potentialAction":[{"@type":"CommentAction","name":"Comment","target":["https:\/\/www.latribunedufaso.net\/?p=13967#respond"]}]},{"@type":"WebPage","@id":"https:\/\/www.latribunedufaso.net\/?p=13967","url":"https:\/\/www.latribunedufaso.net\/?p=13967","name":"Sant\u00e9 : Inauguration de nouvelles plateformes pour renforcer la surveillance sanitaire du laboratoire central de r\u00e9f\u00e9rence\u00a0 - La Tribune du Faso","isPartOf":{"@id":"https:\/\/www.latribunedufaso.net\/#website"},"primaryImageOfPage":{"@id":"https:\/\/www.latribunedufaso.net\/?p=13967#primaryimage"},"image":{"@id":"https:\/\/www.latribunedufaso.net\/?p=13967#primaryimage"},"thumbnailUrl":"https:\/\/www.latribunedufaso.net\/wp-content\/uploads\/2024\/06\/FB_IMG_1717586183569.jpg","datePublished":"2024-06-05T11:22:26+00:00","breadcrumb":{"@id":"https:\/\/www.latribunedufaso.net\/?p=13967#breadcrumb"},"inLanguage":"fr-FR","potentialAction":[{"@type":"ReadAction","target":["https:\/\/www.latribunedufaso.net\/?p=13967"]}]},{"@type":"ImageObject","inLanguage":"fr-FR","@id":"https:\/\/www.latribunedufaso.net\/?p=13967#primaryimage","url":"https:\/\/www.latribunedufaso.net\/wp-content\/uploads\/2024\/06\/FB_IMG_1717586183569.jpg","contentUrl":"https:\/\/www.latribunedufaso.net\/wp-content\/uploads\/2024\/06\/FB_IMG_1717586183569.jpg","width":720,"height":480},{"@type":"BreadcrumbList","@id":"https:\/\/www.latribunedufaso.net\/?p=13967#breadcrumb","itemListElement":[{"@type":"ListItem","position":1,"name":"Accueil","item":"https:\/\/www.latribunedufaso.net\/"},{"@type":"ListItem","position":2,"name":"Sant\u00e9 : Inauguration de nouvelles plateformes pour renforcer la surveillance sanitaire du laboratoire central de r\u00e9f\u00e9rence\u00a0"}]},{"@type":"WebSite","@id":"https:\/\/www.latribunedufaso.net\/#website","url":"https:\/\/www.latribunedufaso.net\/","name":"La Tribune du Faso","description":"L&#039;information du monde rural en un clic","publisher":{"@id":"https:\/\/www.latribunedufaso.net\/#organization"},"potentialAction":[{"@type":"SearchAction","target":{"@type":"EntryPoint","urlTemplate":"https:\/\/www.latribunedufaso.net\/?s={search_term_string}"},"query-input":{"@type":"PropertyValueSpecification","valueRequired":true,"valueName":"search_term_string"}}],"inLanguage":"fr-FR"},{"@type":"Organization","@id":"https:\/\/www.latribunedufaso.net\/#organization","name":"La Tribune du Faso","url":"https:\/\/www.latribunedufaso.net\/","logo":{"@type":"ImageObject","inLanguage":"fr-FR","@id":"https:\/\/www.latribunedufaso.net\/#\/schema\/logo\/image\/","url":"https:\/\/www.latribunedufaso.net\/wp-content\/uploads\/2020\/08\/Logo-Tribune-du-Faso-final-scaled.jpg","contentUrl":"https:\/\/www.latribunedufaso.net\/wp-content\/uploads\/2020\/08\/Logo-Tribune-du-Faso-final-scaled.jpg","width":2560,"height":1856,"caption":"La Tribune du Faso"},"image":{"@id":"https:\/\/www.latribunedufaso.net\/#\/schema\/logo\/image\/"},"sameAs":["https:\/\/www.facebook.com\/LatribuneduFaso\/"]},{"@type":"Person","@id":"https:\/\/www.latribunedufaso.net\/#\/schema\/person\/e54e64c5778a7e72cf80a318b7a622b0","name":"Issouf Tapsoba","image":{"@type":"ImageObject","inLanguage":"fr-FR","@id":"https:\/\/secure.gravatar.com\/avatar\/5e6c05150ce3230247d167f5b94d678eb05936197436d69b7921e3a95c9107ac?s=96&d=mm&r=g","url":"https:\/\/secure.gravatar.com\/avatar\/5e6c05150ce3230247d167f5b94d678eb05936197436d69b7921e3a95c9107ac?s=96&d=mm&r=g","contentUrl":"https:\/\/secure.gravatar.com\/avatar\/5e6c05150ce3230247d167f5b94d678eb05936197436d69b7921e3a95c9107ac?s=96&d=mm&r=g","caption":"Issouf Tapsoba"},"url":"https:\/\/www.latribunedufaso.net\/?author=5"}]}},"_links":{"self":[{"href":"https:\/\/www.latribunedufaso.net\/index.php?rest_route=\/wp\/v2\/posts\/13967","targetHints":{"allow":["GET"]}}],"collection":[{"href":"https:\/\/www.latribunedufaso.net\/index.php?rest_route=\/wp\/v2\/posts"}],"about":[{"href":"https:\/\/www.latribunedufaso.net\/index.php?rest_route=\/wp\/v2\/types\/post"}],"author":[{"embeddable":true,"href":"https:\/\/www.latribunedufaso.net\/index.php?rest_route=\/wp\/v2\/users\/5"}],"replies":[{"embeddable":true,"href":"https:\/\/www.latribunedufaso.net\/index.php?rest_route=%2Fwp%2Fv2%2Fcomments&post=13967"}],"version-history":[{"count":1,"href":"https:\/\/www.latribunedufaso.net\/index.php?rest_route=\/wp\/v2\/posts\/13967\/revisions"}],"predecessor-version":[{"id":13978,"href":"https:\/\/www.latribunedufaso.net\/index.php?rest_route=\/wp\/v2\/posts\/13967\/revisions\/13978"}],"wp:featuredmedia":[{"embeddable":true,"href":"https:\/\/www.latribunedufaso.net\/index.php?rest_route=\/wp\/v2\/media\/13970"}],"wp:attachment":[{"href":"https:\/\/www.latribunedufaso.net\/index.php?rest_route=%2Fwp%2Fv2%2Fmedia&parent=13967"}],"wp:term":[{"taxonomy":"category","embeddable":true,"href":"https:\/\/www.latribunedufaso.net\/index.php?rest_route=%2Fwp%2Fv2%2Fcategories&post=13967"},{"taxonomy":"post_tag","embeddable":true,"href":"https:\/\/www.latribunedufaso.net\/index.php?rest_route=%2Fwp%2Fv2%2Ftags&post=13967"}],"curies":[{"name":"wp","href":"https:\/\/api.w.org\/{rel}","templated":true}]}}