{"id":13961,"date":"2023-04-18T23:16:26","date_gmt":"2023-04-18T23:16:26","guid":{"rendered":"https:\/\/www.latribunedufaso.net\/?p=13961"},"modified":"2024-06-05T10:20:19","modified_gmt":"2024-06-05T10:20:19","slug":"ministere-de-lenergie-et-de-mines-semica-china-yunhong-group-et-alg-chez-le-ministre-boussim","status":"publish","type":"post","link":"https:\/\/www.latribunedufaso.net\/?p=13961","title":{"rendered":"Minist\u00e8re de l&rsquo;Energie et de mines : SEMICA, China Yunhong Group et ALG chez le ministre BOUSSIM"},"content":{"rendered":"<div class=\"xdj266r x11i5rnm xat24cr x1mh8g0r x1vvkbs x126k92a\">\n<div dir=\"auto\">Carnet d\u2019audiences : China Yunhong Group et ALG pr\u00e9sentent leurs programmes et investissements \u00e0 Simon-Pierre BOUSSIM<\/div>\n<\/div>\n<div class=\"x11i5rnm xat24cr x1mh8g0r x1vvkbs xtlvy1s x126k92a\">\n<div dir=\"auto\">Le ministre de l\u2019Energie, des Mines et des Carri\u00e8res, Simon-Pierre BOUSSIM a accord\u00e9 des audiences \u00e0 quatre personnalit\u00e9s, le mardi 18 avril 2023 \u00e0 Ouagadougou.<\/div>\n<div dir=\"auto\">Le premier \u00e0 \u00eatre re\u00e7u est le pr\u00e9sident du directoire du Salon international de l\u2019\u00e9nergie des mines et des carri\u00e8res (SEMICA).Philippe OUEDRAOGO. Lui et sa d\u00e9l\u00e9gation sont venus faire le point de <a tabindex=\"-1\"><\/a>l\u2019organisation des salons internationaux o\u00f9 le SEMICA est impliqu\u00e9 \u00e0 leur h\u00f4te. Ce fut une occasion pour \u00e9changer sur des sujets d\u2019int\u00e9r\u00eat commun, en particulier la tenue prochaine de la Semaine des Activit\u00e9s Mini\u00e8res d\u2019Afrique de l\u2019Ouest (SAMAO).<\/div>\n<div dir=\"auto\">A la suite du Directoire du SEMICA, c\u2019est l\u2019amicale des secr\u00e9taires du Minist\u00e8re de l\u2019Economie des Finances et de la Prospective, conduite par sa pr\u00e9sidente Sabine KAFANDO, qui a \u00e9t\u00e9 re\u00e7ue. F\u00e9liciter de vive voix le chef du d\u00e9partement, et lui pr\u00e9senter leur structure, tels ont \u00e9t\u00e9 les objectifs de la visite. Entour\u00e9 de son staff technique, Simon-Pierre BOUSSIM a \u00e9galement \u00e9chang\u00e9 avec Lui YUBAO, Pr\u00e9sident directeur g\u00e9n\u00e9ral de \u00ab China Yunhong Group \u00bb et Pr\u00e9sident de l\u2019Alliance \u00c9conomique, d\u2019affaires et Agricoles des pays Africains (LEAPA). Les \u00e9changes entre les deux personnalit\u00e9s ont port\u00e9 sur les investissements pour le d\u00e9veloppement des techniques d\u2019exploitation \u00e9cologiques des mines.<\/div>\n<div dir=\"auto\">La derni\u00e8re audience a \u00e9t\u00e9 accord\u00e9e \u00e0 la Secr\u00e9taire Ex\u00e9cutive de l\u2019Autorit\u00e9 de d\u00e9veloppement int\u00e8gre des Etats du Liptako-Gourma (ALG), Hawa AW. Elle a pr\u00e9sent\u00e9 au Ministre Simon-Pierre BOUSSIM les programmes de d\u00e9veloppement des \u00e9nergies renouvelables ainsi que leur financement.<\/div>\n<\/div>\n<div class=\"x11i5rnm xat24cr x1mh8g0r x1vvkbs xtlvy1s x126k92a\">\n<div dir=\"auto\">Direction de la Communication et des Relations Presse<\/div>\n<\/div>\n","protected":false},"excerpt":{"rendered":"<p>Carnet d\u2019audiences : China Yunhong Group et ALG pr\u00e9sentent leurs programmes et investissements \u00e0 Simon-Pierre BOUSSIM Le ministre de l\u2019Energie, des Mines et des Carri\u00e8res, Simon-Pierre BOUSSIM a accord\u00e9 des audiences \u00e0 quatre personnalit\u00e9s, le mardi 18 avril 2023 \u00e0 Ouagadougou. Le premier \u00e0 \u00eatre re\u00e7u est le pr\u00e9sident du directoire du Salon international de l\u2019\u00e9nergie des mines et des carri\u00e8res (SEMICA).Philippe OUEDRAOGO. Lui et sa d\u00e9l\u00e9gation sont venus faire le point de l\u2019organisation des salons internationaux o\u00f9 le SEMICA est impliqu\u00e9 \u00e0 leur h\u00f4te. Ce fut une occasion pour \u00e9changer sur des sujets d\u2019int\u00e9r\u00eat commun, en particulier la tenue prochaine de la Semaine des Activit\u00e9s Mini\u00e8res d\u2019Afrique de l\u2019Ouest (SAMAO). A la suite du Directoire du SEMICA, c\u2019est l\u2019amicale des secr\u00e9taires du Minist\u00e8re de l\u2019Economie des Finances et de la Prospective, conduite par sa pr\u00e9sidente Sabine KAFANDO, qui a \u00e9t\u00e9 re\u00e7ue. F\u00e9liciter de vive voix le chef du d\u00e9partement, et lui pr\u00e9senter leur structure, tels ont \u00e9t\u00e9 les objectifs de la visite. Entour\u00e9 de son staff technique, Simon-Pierre BOUSSIM a \u00e9galement \u00e9chang\u00e9 avec Lui YUBAO, Pr\u00e9sident directeur g\u00e9n\u00e9ral de \u00ab China Yunhong Group \u00bb et Pr\u00e9sident de l\u2019Alliance \u00c9conomique, d\u2019affaires et Agricoles des pays Africains (LEAPA). Les \u00e9changes entre les deux personnalit\u00e9s ont port\u00e9 sur les investissements pour le d\u00e9veloppement des techniques d\u2019exploitation \u00e9cologiques des mines. La derni\u00e8re audience a \u00e9t\u00e9 accord\u00e9e \u00e0 la Secr\u00e9taire Ex\u00e9cutive de l\u2019Autorit\u00e9 de d\u00e9veloppement int\u00e8gre des Etats du Liptako-Gourma (ALG), Hawa AW. Elle a pr\u00e9sent\u00e9 au Ministre Simon-Pierre BOUSSIM les programmes de d\u00e9veloppement des \u00e9nergies renouvelables ainsi que leur financement. Direction de la Communication et des Relations Presse<\/p>\n","protected":false},"author":2,"featured_media":13962,"comment_status":"open","ping_status":"open","sticky":false,"template":"","format":"standard","meta":{"footnotes":""},"categories":[13,1,20,19],"tags":[],"class_list":["post-13961","post","type-post","status-publish","format-standard","has-post-thumbnail","hentry","category-une","category-actu","category-energie","category-mines-et-carrieres"],"yoast_head":"<!-- This site is optimized with the Yoast SEO plugin v27.5 - https:\/\/yoast.com\/product\/yoast-seo-wordpress\/ -->\n<title>Minist\u00e8re de l&#039;Energie et de mines : SEMICA, China Yunhong Group et ALG chez le ministre BOUSSIM - La Tribune du Faso<\/title>\n<meta name=\"robots\" content=\"index, follow, max-snippet:-1, max-image-preview:large, max-video-preview:-1\" \/>\n<link rel=\"canonical\" href=\"https:\/\/www.latribunedufaso.net\/?p=13961\" \/>\n<meta property=\"og:locale\" content=\"fr_FR\" \/>\n<meta property=\"og:type\" content=\"article\" \/>\n<meta property=\"og:title\" content=\"Minist\u00e8re de l&#039;Energie et de mines : SEMICA, China Yunhong Group et ALG chez le ministre BOUSSIM - La Tribune du Faso\" \/>\n<meta property=\"og:description\" content=\"Carnet d\u2019audiences : China Yunhong Group et ALG pr\u00e9sentent leurs programmes et investissements \u00e0 Simon-Pierre BOUSSIM Le ministre de l\u2019Energie, des Mines et des Carri\u00e8res, Simon-Pierre BOUSSIM a accord\u00e9 des audiences \u00e0 quatre personnalit\u00e9s, le mardi 18 avril 2023 \u00e0 Ouagadougou. Le premier \u00e0 \u00eatre re\u00e7u est le pr\u00e9sident du directoire du Salon international de l\u2019\u00e9nergie des mines et des carri\u00e8res (SEMICA).Philippe OUEDRAOGO. Lui et sa d\u00e9l\u00e9gation sont venus faire le point de l\u2019organisation des salons internationaux o\u00f9 le SEMICA est impliqu\u00e9 \u00e0 leur h\u00f4te. Ce fut une occasion pour \u00e9changer sur des sujets d\u2019int\u00e9r\u00eat commun, en particulier la tenue prochaine de la Semaine des Activit\u00e9s Mini\u00e8res d\u2019Afrique de l\u2019Ouest (SAMAO). A la suite du Directoire du SEMICA, c\u2019est l\u2019amicale des secr\u00e9taires du Minist\u00e8re de l\u2019Economie des Finances et de la Prospective, conduite par sa pr\u00e9sidente Sabine KAFANDO, qui a \u00e9t\u00e9 re\u00e7ue. F\u00e9liciter de vive voix le chef du d\u00e9partement, et lui pr\u00e9senter leur structure, tels ont \u00e9t\u00e9 les objectifs de la visite. Entour\u00e9 de son staff technique, Simon-Pierre BOUSSIM a \u00e9galement \u00e9chang\u00e9 avec Lui YUBAO, Pr\u00e9sident directeur g\u00e9n\u00e9ral de \u00ab China Yunhong Group \u00bb et Pr\u00e9sident de l\u2019Alliance \u00c9conomique, d\u2019affaires et Agricoles des pays Africains (LEAPA). Les \u00e9changes entre les deux personnalit\u00e9s ont port\u00e9 sur les investissements pour le d\u00e9veloppement des techniques d\u2019exploitation \u00e9cologiques des mines. La derni\u00e8re audience a \u00e9t\u00e9 accord\u00e9e \u00e0 la Secr\u00e9taire Ex\u00e9cutive de l\u2019Autorit\u00e9 de d\u00e9veloppement int\u00e8gre des Etats du Liptako-Gourma (ALG), Hawa AW. Elle a pr\u00e9sent\u00e9 au Ministre Simon-Pierre BOUSSIM les programmes de d\u00e9veloppement des \u00e9nergies renouvelables ainsi que leur financement. Direction de la Communication et des Relations Presse\" \/>\n<meta property=\"og:url\" content=\"https:\/\/www.latribunedufaso.net\/?p=13961\" \/>\n<meta property=\"og:site_name\" content=\"La Tribune du Faso\" \/>\n<meta property=\"article:publisher\" content=\"https:\/\/www.facebook.com\/LatribuneduFaso\/\" \/>\n<meta property=\"article:published_time\" content=\"2023-04-18T23:16:26+00:00\" \/>\n<meta property=\"article:modified_time\" content=\"2024-06-05T10:20:19+00:00\" \/>\n<meta property=\"og:image\" content=\"https:\/\/www.latribunedufaso.net\/wp-content\/uploads\/2024\/06\/342003968_3580770438912086_6022838761299335469_n.jpg\" \/>\n\t<meta property=\"og:image:width\" content=\"2048\" \/>\n\t<meta property=\"og:image:height\" content=\"1367\" \/>\n\t<meta property=\"og:image:type\" content=\"image\/jpeg\" \/>\n<meta name=\"author\" content=\"Administrateur\" \/>\n<meta name=\"twitter:label1\" content=\"\u00c9crit par\" \/>\n\t<meta name=\"twitter:data1\" content=\"Administrateur\" \/>\n\t<meta name=\"twitter:label2\" content=\"Dur\u00e9e de lecture estim\u00e9e\" \/>\n\t<meta name=\"twitter:data2\" content=\"2 minutes\" \/>\n<script type=\"application\/ld+json\" class=\"yoast-schema-graph\">{\"@context\":\"https:\\\/\\\/schema.org\",\"@graph\":[{\"@type\":\"Article\",\"@id\":\"https:\\\/\\\/www.latribunedufaso.net\\\/?p=13961#article\",\"isPartOf\":{\"@id\":\"https:\\\/\\\/www.latribunedufaso.net\\\/?p=13961\"},\"author\":{\"name\":\"Administrateur\",\"@id\":\"https:\\\/\\\/www.latribunedufaso.net\\\/#\\\/schema\\\/person\\\/a380782d0605bb8aae27c40ea93b35b1\"},\"headline\":\"Minist\u00e8re de l&rsquo;Energie et de mines : SEMICA, China Yunhong Group et ALG chez le ministre BOUSSIM\",\"datePublished\":\"2023-04-18T23:16:26+00:00\",\"dateModified\":\"2024-06-05T10:20:19+00:00\",\"mainEntityOfPage\":{\"@id\":\"https:\\\/\\\/www.latribunedufaso.net\\\/?p=13961\"},\"wordCount\":321,\"commentCount\":0,\"publisher\":{\"@id\":\"https:\\\/\\\/www.latribunedufaso.net\\\/#organization\"},\"image\":{\"@id\":\"https:\\\/\\\/www.latribunedufaso.net\\\/?p=13961#primaryimage\"},\"thumbnailUrl\":\"https:\\\/\\\/www.latribunedufaso.net\\\/wp-content\\\/uploads\\\/2024\\\/06\\\/342003968_3580770438912086_6022838761299335469_n.jpg\",\"articleSection\":[\"A la une\",\"Actualit\u00e9\",\"Energie\",\"Mines et Carri\u00e8res\"],\"inLanguage\":\"fr-FR\",\"potentialAction\":[{\"@type\":\"CommentAction\",\"name\":\"Comment\",\"target\":[\"https:\\\/\\\/www.latribunedufaso.net\\\/?p=13961#respond\"]}]},{\"@type\":\"WebPage\",\"@id\":\"https:\\\/\\\/www.latribunedufaso.net\\\/?p=13961\",\"url\":\"https:\\\/\\\/www.latribunedufaso.net\\\/?p=13961\",\"name\":\"Minist\u00e8re de l'Energie et de mines : SEMICA, China Yunhong Group et ALG chez le ministre BOUSSIM - La Tribune du Faso\",\"isPartOf\":{\"@id\":\"https:\\\/\\\/www.latribunedufaso.net\\\/#website\"},\"primaryImageOfPage\":{\"@id\":\"https:\\\/\\\/www.latribunedufaso.net\\\/?p=13961#primaryimage\"},\"image\":{\"@id\":\"https:\\\/\\\/www.latribunedufaso.net\\\/?p=13961#primaryimage\"},\"thumbnailUrl\":\"https:\\\/\\\/www.latribunedufaso.net\\\/wp-content\\\/uploads\\\/2024\\\/06\\\/342003968_3580770438912086_6022838761299335469_n.jpg\",\"datePublished\":\"2023-04-18T23:16:26+00:00\",\"dateModified\":\"2024-06-05T10:20:19+00:00\",\"breadcrumb\":{\"@id\":\"https:\\\/\\\/www.latribunedufaso.net\\\/?p=13961#breadcrumb\"},\"inLanguage\":\"fr-FR\",\"potentialAction\":[{\"@type\":\"ReadAction\",\"target\":[\"https:\\\/\\\/www.latribunedufaso.net\\\/?p=13961\"]}]},{\"@type\":\"ImageObject\",\"inLanguage\":\"fr-FR\",\"@id\":\"https:\\\/\\\/www.latribunedufaso.net\\\/?p=13961#primaryimage\",\"url\":\"https:\\\/\\\/www.latribunedufaso.net\\\/wp-content\\\/uploads\\\/2024\\\/06\\\/342003968_3580770438912086_6022838761299335469_n.jpg\",\"contentUrl\":\"https:\\\/\\\/www.latribunedufaso.net\\\/wp-content\\\/uploads\\\/2024\\\/06\\\/342003968_3580770438912086_6022838761299335469_n.jpg\",\"width\":2048,\"height\":1367},{\"@type\":\"BreadcrumbList\",\"@id\":\"https:\\\/\\\/www.latribunedufaso.net\\\/?p=13961#breadcrumb\",\"itemListElement\":[{\"@type\":\"ListItem\",\"position\":1,\"name\":\"Accueil\",\"item\":\"https:\\\/\\\/www.latribunedufaso.net\\\/\"},{\"@type\":\"ListItem\",\"position\":2,\"name\":\"Minist\u00e8re de l&rsquo;Energie et de mines : SEMICA, China Yunhong Group et ALG chez le ministre BOUSSIM\"}]},{\"@type\":\"WebSite\",\"@id\":\"https:\\\/\\\/www.latribunedufaso.net\\\/#website\",\"url\":\"https:\\\/\\\/www.latribunedufaso.net\\\/\",\"name\":\"La Tribune du Faso\",\"description\":\"L&#039;information du monde rural en un clic\",\"publisher\":{\"@id\":\"https:\\\/\\\/www.latribunedufaso.net\\\/#organization\"},\"potentialAction\":[{\"@type\":\"SearchAction\",\"target\":{\"@type\":\"EntryPoint\",\"urlTemplate\":\"https:\\\/\\\/www.latribunedufaso.net\\\/?s={search_term_string}\"},\"query-input\":{\"@type\":\"PropertyValueSpecification\",\"valueRequired\":true,\"valueName\":\"search_term_string\"}}],\"inLanguage\":\"fr-FR\"},{\"@type\":\"Organization\",\"@id\":\"https:\\\/\\\/www.latribunedufaso.net\\\/#organization\",\"name\":\"La Tribune du Faso\",\"url\":\"https:\\\/\\\/www.latribunedufaso.net\\\/\",\"logo\":{\"@type\":\"ImageObject\",\"inLanguage\":\"fr-FR\",\"@id\":\"https:\\\/\\\/www.latribunedufaso.net\\\/#\\\/schema\\\/logo\\\/image\\\/\",\"url\":\"https:\\\/\\\/www.latribunedufaso.net\\\/wp-content\\\/uploads\\\/2020\\\/08\\\/Logo-Tribune-du-Faso-final-scaled.jpg\",\"contentUrl\":\"https:\\\/\\\/www.latribunedufaso.net\\\/wp-content\\\/uploads\\\/2020\\\/08\\\/Logo-Tribune-du-Faso-final-scaled.jpg\",\"width\":2560,\"height\":1856,\"caption\":\"La Tribune du Faso\"},\"image\":{\"@id\":\"https:\\\/\\\/www.latribunedufaso.net\\\/#\\\/schema\\\/logo\\\/image\\\/\"},\"sameAs\":[\"https:\\\/\\\/www.facebook.com\\\/LatribuneduFaso\\\/\"]},{\"@type\":\"Person\",\"@id\":\"https:\\\/\\\/www.latribunedufaso.net\\\/#\\\/schema\\\/person\\\/a380782d0605bb8aae27c40ea93b35b1\",\"name\":\"Administrateur\",\"image\":{\"@type\":\"ImageObject\",\"inLanguage\":\"fr-FR\",\"@id\":\"https:\\\/\\\/secure.gravatar.com\\\/avatar\\\/e20266f97d741f0e80ba1f60283074a9b3317fd7bfb727e0d95b51dafbf854a1?s=96&d=mm&r=g\",\"url\":\"https:\\\/\\\/secure.gravatar.com\\\/avatar\\\/e20266f97d741f0e80ba1f60283074a9b3317fd7bfb727e0d95b51dafbf854a1?s=96&d=mm&r=g\",\"contentUrl\":\"https:\\\/\\\/secure.gravatar.com\\\/avatar\\\/e20266f97d741f0e80ba1f60283074a9b3317fd7bfb727e0d95b51dafbf854a1?s=96&d=mm&r=g\",\"caption\":\"Administrateur\"},\"url\":\"https:\\\/\\\/www.latribunedufaso.net\\\/?author=2\"}]}<\/script>\n<!-- \/ Yoast SEO plugin. -->","yoast_head_json":{"title":"Minist\u00e8re de l'Energie et de mines : SEMICA, China Yunhong Group et ALG chez le ministre BOUSSIM - La Tribune du Faso","robots":{"index":"index","follow":"follow","max-snippet":"max-snippet:-1","max-image-preview":"max-image-preview:large","max-video-preview":"max-video-preview:-1"},"canonical":"https:\/\/www.latribunedufaso.net\/?p=13961","og_locale":"fr_FR","og_type":"article","og_title":"Minist\u00e8re de l'Energie et de mines : SEMICA, China Yunhong Group et ALG chez le ministre BOUSSIM - La Tribune du Faso","og_description":"Carnet d\u2019audiences : China Yunhong Group et ALG pr\u00e9sentent leurs programmes et investissements \u00e0 Simon-Pierre BOUSSIM Le ministre de l\u2019Energie, des Mines et des Carri\u00e8res, Simon-Pierre BOUSSIM a accord\u00e9 des audiences \u00e0 quatre personnalit\u00e9s, le mardi 18 avril 2023 \u00e0 Ouagadougou. Le premier \u00e0 \u00eatre re\u00e7u est le pr\u00e9sident du directoire du Salon international de l\u2019\u00e9nergie des mines et des carri\u00e8res (SEMICA).Philippe OUEDRAOGO. Lui et sa d\u00e9l\u00e9gation sont venus faire le point de l\u2019organisation des salons internationaux o\u00f9 le SEMICA est impliqu\u00e9 \u00e0 leur h\u00f4te. Ce fut une occasion pour \u00e9changer sur des sujets d\u2019int\u00e9r\u00eat commun, en particulier la tenue prochaine de la Semaine des Activit\u00e9s Mini\u00e8res d\u2019Afrique de l\u2019Ouest (SAMAO). A la suite du Directoire du SEMICA, c\u2019est l\u2019amicale des secr\u00e9taires du Minist\u00e8re de l\u2019Economie des Finances et de la Prospective, conduite par sa pr\u00e9sidente Sabine KAFANDO, qui a \u00e9t\u00e9 re\u00e7ue. F\u00e9liciter de vive voix le chef du d\u00e9partement, et lui pr\u00e9senter leur structure, tels ont \u00e9t\u00e9 les objectifs de la visite. Entour\u00e9 de son staff technique, Simon-Pierre BOUSSIM a \u00e9galement \u00e9chang\u00e9 avec Lui YUBAO, Pr\u00e9sident directeur g\u00e9n\u00e9ral de \u00ab China Yunhong Group \u00bb et Pr\u00e9sident de l\u2019Alliance \u00c9conomique, d\u2019affaires et Agricoles des pays Africains (LEAPA). Les \u00e9changes entre les deux personnalit\u00e9s ont port\u00e9 sur les investissements pour le d\u00e9veloppement des techniques d\u2019exploitation \u00e9cologiques des mines. La derni\u00e8re audience a \u00e9t\u00e9 accord\u00e9e \u00e0 la Secr\u00e9taire Ex\u00e9cutive de l\u2019Autorit\u00e9 de d\u00e9veloppement int\u00e8gre des Etats du Liptako-Gourma (ALG), Hawa AW. Elle a pr\u00e9sent\u00e9 au Ministre Simon-Pierre BOUSSIM les programmes de d\u00e9veloppement des \u00e9nergies renouvelables ainsi que leur financement. Direction de la Communication et des Relations Presse","og_url":"https:\/\/www.latribunedufaso.net\/?p=13961","og_site_name":"La Tribune du Faso","article_publisher":"https:\/\/www.facebook.com\/LatribuneduFaso\/","article_published_time":"2023-04-18T23:16:26+00:00","article_modified_time":"2024-06-05T10:20:19+00:00","og_image":[{"width":2048,"height":1367,"url":"https:\/\/www.latribunedufaso.net\/wp-content\/uploads\/2024\/06\/342003968_3580770438912086_6022838761299335469_n.jpg","type":"image\/jpeg"}],"author":"Administrateur","twitter_misc":{"\u00c9crit par":"Administrateur","Dur\u00e9e de lecture estim\u00e9e":"2 minutes"},"schema":{"@context":"https:\/\/schema.org","@graph":[{"@type":"Article","@id":"https:\/\/www.latribunedufaso.net\/?p=13961#article","isPartOf":{"@id":"https:\/\/www.latribunedufaso.net\/?p=13961"},"author":{"name":"Administrateur","@id":"https:\/\/www.latribunedufaso.net\/#\/schema\/person\/a380782d0605bb8aae27c40ea93b35b1"},"headline":"Minist\u00e8re de l&rsquo;Energie et de mines : SEMICA, China Yunhong Group et ALG chez le ministre BOUSSIM","datePublished":"2023-04-18T23:16:26+00:00","dateModified":"2024-06-05T10:20:19+00:00","mainEntityOfPage":{"@id":"https:\/\/www.latribunedufaso.net\/?p=13961"},"wordCount":321,"commentCount":0,"publisher":{"@id":"https:\/\/www.latribunedufaso.net\/#organization"},"image":{"@id":"https:\/\/www.latribunedufaso.net\/?p=13961#primaryimage"},"thumbnailUrl":"https:\/\/www.latribunedufaso.net\/wp-content\/uploads\/2024\/06\/342003968_3580770438912086_6022838761299335469_n.jpg","articleSection":["A la une","Actualit\u00e9","Energie","Mines et Carri\u00e8res"],"inLanguage":"fr-FR","potentialAction":[{"@type":"CommentAction","name":"Comment","target":["https:\/\/www.latribunedufaso.net\/?p=13961#respond"]}]},{"@type":"WebPage","@id":"https:\/\/www.latribunedufaso.net\/?p=13961","url":"https:\/\/www.latribunedufaso.net\/?p=13961","name":"Minist\u00e8re de l'Energie et de mines : SEMICA, China Yunhong Group et ALG chez le ministre BOUSSIM - La Tribune du Faso","isPartOf":{"@id":"https:\/\/www.latribunedufaso.net\/#website"},"primaryImageOfPage":{"@id":"https:\/\/www.latribunedufaso.net\/?p=13961#primaryimage"},"image":{"@id":"https:\/\/www.latribunedufaso.net\/?p=13961#primaryimage"},"thumbnailUrl":"https:\/\/www.latribunedufaso.net\/wp-content\/uploads\/2024\/06\/342003968_3580770438912086_6022838761299335469_n.jpg","datePublished":"2023-04-18T23:16:26+00:00","dateModified":"2024-06-05T10:20:19+00:00","breadcrumb":{"@id":"https:\/\/www.latribunedufaso.net\/?p=13961#breadcrumb"},"inLanguage":"fr-FR","potentialAction":[{"@type":"ReadAction","target":["https:\/\/www.latribunedufaso.net\/?p=13961"]}]},{"@type":"ImageObject","inLanguage":"fr-FR","@id":"https:\/\/www.latribunedufaso.net\/?p=13961#primaryimage","url":"https:\/\/www.latribunedufaso.net\/wp-content\/uploads\/2024\/06\/342003968_3580770438912086_6022838761299335469_n.jpg","contentUrl":"https:\/\/www.latribunedufaso.net\/wp-content\/uploads\/2024\/06\/342003968_3580770438912086_6022838761299335469_n.jpg","width":2048,"height":1367},{"@type":"BreadcrumbList","@id":"https:\/\/www.latribunedufaso.net\/?p=13961#breadcrumb","itemListElement":[{"@type":"ListItem","position":1,"name":"Accueil","item":"https:\/\/www.latribunedufaso.net\/"},{"@type":"ListItem","position":2,"name":"Minist\u00e8re de l&rsquo;Energie et de mines : SEMICA, China Yunhong Group et ALG chez le ministre BOUSSIM"}]},{"@type":"WebSite","@id":"https:\/\/www.latribunedufaso.net\/#website","url":"https:\/\/www.latribunedufaso.net\/","name":"La Tribune du Faso","description":"L&#039;information du monde rural en un clic","publisher":{"@id":"https:\/\/www.latribunedufaso.net\/#organization"},"potentialAction":[{"@type":"SearchAction","target":{"@type":"EntryPoint","urlTemplate":"https:\/\/www.latribunedufaso.net\/?s={search_term_string}"},"query-input":{"@type":"PropertyValueSpecification","valueRequired":true,"valueName":"search_term_string"}}],"inLanguage":"fr-FR"},{"@type":"Organization","@id":"https:\/\/www.latribunedufaso.net\/#organization","name":"La Tribune du Faso","url":"https:\/\/www.latribunedufaso.net\/","logo":{"@type":"ImageObject","inLanguage":"fr-FR","@id":"https:\/\/www.latribunedufaso.net\/#\/schema\/logo\/image\/","url":"https:\/\/www.latribunedufaso.net\/wp-content\/uploads\/2020\/08\/Logo-Tribune-du-Faso-final-scaled.jpg","contentUrl":"https:\/\/www.latribunedufaso.net\/wp-content\/uploads\/2020\/08\/Logo-Tribune-du-Faso-final-scaled.jpg","width":2560,"height":1856,"caption":"La Tribune du Faso"},"image":{"@id":"https:\/\/www.latribunedufaso.net\/#\/schema\/logo\/image\/"},"sameAs":["https:\/\/www.facebook.com\/LatribuneduFaso\/"]},{"@type":"Person","@id":"https:\/\/www.latribunedufaso.net\/#\/schema\/person\/a380782d0605bb8aae27c40ea93b35b1","name":"Administrateur","image":{"@type":"ImageObject","inLanguage":"fr-FR","@id":"https:\/\/secure.gravatar.com\/avatar\/e20266f97d741f0e80ba1f60283074a9b3317fd7bfb727e0d95b51dafbf854a1?s=96&d=mm&r=g","url":"https:\/\/secure.gravatar.com\/avatar\/e20266f97d741f0e80ba1f60283074a9b3317fd7bfb727e0d95b51dafbf854a1?s=96&d=mm&r=g","contentUrl":"https:\/\/secure.gravatar.com\/avatar\/e20266f97d741f0e80ba1f60283074a9b3317fd7bfb727e0d95b51dafbf854a1?s=96&d=mm&r=g","caption":"Administrateur"},"url":"https:\/\/www.latribunedufaso.net\/?author=2"}]}},"_links":{"self":[{"href":"https:\/\/www.latribunedufaso.net\/index.php?rest_route=\/wp\/v2\/posts\/13961","targetHints":{"allow":["GET"]}}],"collection":[{"href":"https:\/\/www.latribunedufaso.net\/index.php?rest_route=\/wp\/v2\/posts"}],"about":[{"href":"https:\/\/www.latribunedufaso.net\/index.php?rest_route=\/wp\/v2\/types\/post"}],"author":[{"embeddable":true,"href":"https:\/\/www.latribunedufaso.net\/index.php?rest_route=\/wp\/v2\/users\/2"}],"replies":[{"embeddable":true,"href":"https:\/\/www.latribunedufaso.net\/index.php?rest_route=%2Fwp%2Fv2%2Fcomments&post=13961"}],"version-history":[{"count":1,"href":"https:\/\/www.latribunedufaso.net\/index.php?rest_route=\/wp\/v2\/posts\/13961\/revisions"}],"predecessor-version":[{"id":13963,"href":"https:\/\/www.latribunedufaso.net\/index.php?rest_route=\/wp\/v2\/posts\/13961\/revisions\/13963"}],"wp:featuredmedia":[{"embeddable":true,"href":"https:\/\/www.latribunedufaso.net\/index.php?rest_route=\/wp\/v2\/media\/13962"}],"wp:attachment":[{"href":"https:\/\/www.latribunedufaso.net\/index.php?rest_route=%2Fwp%2Fv2%2Fmedia&parent=13961"}],"wp:term":[{"taxonomy":"category","embeddable":true,"href":"https:\/\/www.latribunedufaso.net\/index.php?rest_route=%2Fwp%2Fv2%2Fcategories&post=13961"},{"taxonomy":"post_tag","embeddable":true,"href":"https:\/\/www.latribunedufaso.net\/index.php?rest_route=%2Fwp%2Fv2%2Ftags&post=13961"}],"curies":[{"name":"wp","href":"https:\/\/api.w.org\/{rel}","templated":true}]}}