{"id":13958,"date":"2023-04-15T10:12:05","date_gmt":"2023-04-15T10:12:05","guid":{"rendered":"https:\/\/www.latribunedufaso.net\/?p=13958"},"modified":"2024-06-05T10:15:24","modified_gmt":"2024-06-05T10:15:24","slug":"lampadaires-solaires-un-guide-en-cour-de-validation-pour-le-deploiement-et-lexploitation","status":"publish","type":"post","link":"https:\/\/www.latribunedufaso.net\/?p=13958","title":{"rendered":"Lampadaires solaires : Un guide en cour de validation pour le d\u00e9ploiement et l&rsquo;exploitation"},"content":{"rendered":"<div class=\"xdj266r x11i5rnm xat24cr x1mh8g0r x1vvkbs x126k92a\">\n<div dir=\"auto\">D\u00e9ploiement des lampadaires solaires au Burkina Faso<\/div>\n<\/div>\n<div class=\"x11i5rnm xat24cr x1mh8g0r x1vvkbs xtlvy1s x126k92a\">\n<div dir=\"auto\">Un guide en cours de validation.<\/div>\n<\/div>\n<div class=\"x11i5rnm xat24cr x1mh8g0r x1vvkbs xtlvy1s x126k92a\">\n<div dir=\"auto\">Le Directeur g\u00e9n\u00e9ral de la transition \u00e9nerg\u00e9tique, Dr Wend Dolean Ars\u00e8ne ILBOUDO, a pr\u00e9sid\u00e9 les travaux de l\u2019atelier de validation du guide de d\u00e9ploiement, d\u2019exploitation et d\u2019entretien des lampadaires solaires au Burkina Faso. C\u2019\u00e9tait le vendredi 14 avril 2023 \u00e0 Ouagadougou.<\/div>\n<\/div>\n<div class=\"x11i5rnm xat24cr x1mh8g0r x1vvkbs xtlvy1s x126k92a\">\n<div dir=\"auto\">Le <a tabindex=\"-1\"><\/a>Minist\u00e8re de l\u2019Energie, des Mines et des Carri\u00e8res a b\u00e9n\u00e9fici\u00e9 de l\u2019appui financier de la commission de l\u2019UEMOA pour \u00e9laborer un guide de d\u00e9ploiement, d\u2019exploitation et d\u2019entretien des lampadaires solaires au Burkina Faso. L\u2019\u00e9tude, port\u00e9e par la Direction g\u00e9n\u00e9rale de la transition \u00e9nerg\u00e9tique(DGTE) a permis d\u2019\u00e9laborer un projet de guide. Et \u00e0 cet atelier, il a \u00e9t\u00e9 question de pr\u00e9senter ce projet de guide \u00e0 l\u2019ensemble des acteurs impliqu\u00e9s pour examen et validation. Selon le Directeur g\u00e9n\u00e9ral de la transition \u00e9nerg\u00e9tique, Dr Wend Dolean Ars\u00e8ne ILBOUDO, l\u2019\u00e9laboration de ce document s\u2019inscrit dans le cadre de la mise en \u0153uvre des activit\u00e9s de p\u00e9rennisation des lampadaires solaires install\u00e9s dans les r\u00e9gions du Centre et du Centre-Est par le Programme r\u00e9gional de d\u00e9veloppement des \u00e9nergies renouvelables et de l\u2019efficacit\u00e9 \u00e9nerg\u00e9tique (PRODERE) mis en \u0153uvre entre 2013 et 2016. \u00ab Les \u00e9tudes ont r\u00e9v\u00e9l\u00e9 que 75% des lampadaires solaires install\u00e9s en 2016 sont d\u00e9fectueux \u00bb a-t-il r\u00e9v\u00e9l\u00e9. La DGTE entend donc vulgariser le document aupr\u00e8s des collectivit\u00e9s territoriales et d\u2019autres structures int\u00e9ress\u00e9es. Elle compte aussi former des acteurs sur l\u2019utilisation de ce guide d\u2019exploitation et d\u2019entretien des lampadaires solaires au Burkina Faso.<\/div>\n<\/div>\n<div class=\"x11i5rnm xat24cr x1mh8g0r x1vvkbs xtlvy1s x126k92a\">\n<div dir=\"auto\">Direction de la communication et des relations presse<\/div>\n<\/div>\n","protected":false},"excerpt":{"rendered":"<p>D\u00e9ploiement des lampadaires solaires au Burkina Faso Un guide en cours de validation. Le Directeur g\u00e9n\u00e9ral de la transition \u00e9nerg\u00e9tique, Dr Wend Dolean Ars\u00e8ne ILBOUDO, a pr\u00e9sid\u00e9 les travaux de l\u2019atelier de validation du guide de d\u00e9ploiement, d\u2019exploitation et d\u2019entretien des lampadaires solaires au Burkina Faso. C\u2019\u00e9tait le vendredi 14 avril 2023 \u00e0 Ouagadougou. Le Minist\u00e8re de l\u2019Energie, des Mines et des Carri\u00e8res a b\u00e9n\u00e9fici\u00e9 de l\u2019appui financier de la commission de l\u2019UEMOA pour \u00e9laborer un guide de d\u00e9ploiement, d\u2019exploitation et d\u2019entretien des lampadaires solaires au Burkina Faso. L\u2019\u00e9tude, port\u00e9e par la Direction g\u00e9n\u00e9rale de la transition \u00e9nerg\u00e9tique(DGTE) a permis d\u2019\u00e9laborer un projet de guide. Et \u00e0 cet atelier, il a \u00e9t\u00e9 question de pr\u00e9senter ce projet de guide \u00e0 l\u2019ensemble des acteurs impliqu\u00e9s pour examen et validation. Selon le Directeur g\u00e9n\u00e9ral de la transition \u00e9nerg\u00e9tique, Dr Wend Dolean Ars\u00e8ne ILBOUDO, l\u2019\u00e9laboration de ce document s\u2019inscrit dans le cadre de la mise en \u0153uvre des activit\u00e9s de p\u00e9rennisation des lampadaires solaires install\u00e9s dans les r\u00e9gions du Centre et du Centre-Est par le Programme r\u00e9gional de d\u00e9veloppement des \u00e9nergies renouvelables et de l\u2019efficacit\u00e9 \u00e9nerg\u00e9tique (PRODERE) mis en \u0153uvre entre 2013 et 2016. \u00ab Les \u00e9tudes ont r\u00e9v\u00e9l\u00e9 que 75% des lampadaires solaires install\u00e9s en 2016 sont d\u00e9fectueux \u00bb a-t-il r\u00e9v\u00e9l\u00e9. La DGTE entend donc vulgariser le document aupr\u00e8s des collectivit\u00e9s territoriales et d\u2019autres structures int\u00e9ress\u00e9es. Elle compte aussi former des acteurs sur l\u2019utilisation de ce guide d\u2019exploitation et d\u2019entretien des lampadaires solaires au Burkina Faso. Direction de la communication et des relations presse<\/p>\n","protected":false},"author":2,"featured_media":13959,"comment_status":"open","ping_status":"open","sticky":false,"template":"","format":"standard","meta":{"footnotes":""},"categories":[13,1,20],"tags":[],"class_list":["post-13958","post","type-post","status-publish","format-standard","has-post-thumbnail","hentry","category-une","category-actu","category-energie"],"yoast_head":"<!-- This site is optimized with the Yoast SEO plugin v27.4 - https:\/\/yoast.com\/product\/yoast-seo-wordpress\/ -->\n<title>Lampadaires solaires : Un guide en cour de validation pour le d\u00e9ploiement et l&#039;exploitation - La Tribune du Faso<\/title>\n<meta name=\"robots\" content=\"index, follow, max-snippet:-1, max-image-preview:large, max-video-preview:-1\" \/>\n<link rel=\"canonical\" href=\"https:\/\/www.latribunedufaso.net\/?p=13958\" \/>\n<meta property=\"og:locale\" content=\"fr_FR\" \/>\n<meta property=\"og:type\" content=\"article\" \/>\n<meta property=\"og:title\" content=\"Lampadaires solaires : Un guide en cour de validation pour le d\u00e9ploiement et l&#039;exploitation - La Tribune du Faso\" \/>\n<meta property=\"og:description\" content=\"D\u00e9ploiement des lampadaires solaires au Burkina Faso Un guide en cours de validation. Le Directeur g\u00e9n\u00e9ral de la transition \u00e9nerg\u00e9tique, Dr Wend Dolean Ars\u00e8ne ILBOUDO, a pr\u00e9sid\u00e9 les travaux de l\u2019atelier de validation du guide de d\u00e9ploiement, d\u2019exploitation et d\u2019entretien des lampadaires solaires au Burkina Faso. C\u2019\u00e9tait le vendredi 14 avril 2023 \u00e0 Ouagadougou. Le Minist\u00e8re de l\u2019Energie, des Mines et des Carri\u00e8res a b\u00e9n\u00e9fici\u00e9 de l\u2019appui financier de la commission de l\u2019UEMOA pour \u00e9laborer un guide de d\u00e9ploiement, d\u2019exploitation et d\u2019entretien des lampadaires solaires au Burkina Faso. L\u2019\u00e9tude, port\u00e9e par la Direction g\u00e9n\u00e9rale de la transition \u00e9nerg\u00e9tique(DGTE) a permis d\u2019\u00e9laborer un projet de guide. Et \u00e0 cet atelier, il a \u00e9t\u00e9 question de pr\u00e9senter ce projet de guide \u00e0 l\u2019ensemble des acteurs impliqu\u00e9s pour examen et validation. Selon le Directeur g\u00e9n\u00e9ral de la transition \u00e9nerg\u00e9tique, Dr Wend Dolean Ars\u00e8ne ILBOUDO, l\u2019\u00e9laboration de ce document s\u2019inscrit dans le cadre de la mise en \u0153uvre des activit\u00e9s de p\u00e9rennisation des lampadaires solaires install\u00e9s dans les r\u00e9gions du Centre et du Centre-Est par le Programme r\u00e9gional de d\u00e9veloppement des \u00e9nergies renouvelables et de l\u2019efficacit\u00e9 \u00e9nerg\u00e9tique (PRODERE) mis en \u0153uvre entre 2013 et 2016. \u00ab Les \u00e9tudes ont r\u00e9v\u00e9l\u00e9 que 75% des lampadaires solaires install\u00e9s en 2016 sont d\u00e9fectueux \u00bb a-t-il r\u00e9v\u00e9l\u00e9. La DGTE entend donc vulgariser le document aupr\u00e8s des collectivit\u00e9s territoriales et d\u2019autres structures int\u00e9ress\u00e9es. Elle compte aussi former des acteurs sur l\u2019utilisation de ce guide d\u2019exploitation et d\u2019entretien des lampadaires solaires au Burkina Faso. Direction de la communication et des relations presse\" \/>\n<meta property=\"og:url\" content=\"https:\/\/www.latribunedufaso.net\/?p=13958\" \/>\n<meta property=\"og:site_name\" content=\"La Tribune du Faso\" \/>\n<meta property=\"article:publisher\" content=\"https:\/\/www.facebook.com\/LatribuneduFaso\/\" \/>\n<meta property=\"article:published_time\" content=\"2023-04-15T10:12:05+00:00\" \/>\n<meta property=\"article:modified_time\" content=\"2024-06-05T10:15:24+00:00\" \/>\n<meta property=\"og:image\" content=\"https:\/\/www.latribunedufaso.net\/wp-content\/uploads\/2024\/06\/341172553_621054462796448_393121898805481590_n.jpg\" \/>\n\t<meta property=\"og:image:width\" content=\"2048\" \/>\n\t<meta property=\"og:image:height\" content=\"1365\" \/>\n\t<meta property=\"og:image:type\" content=\"image\/jpeg\" \/>\n<meta name=\"author\" content=\"Administrateur\" \/>\n<meta name=\"twitter:label1\" content=\"\u00c9crit par\" \/>\n\t<meta name=\"twitter:data1\" content=\"Administrateur\" \/>\n\t<meta name=\"twitter:label2\" content=\"Dur\u00e9e de lecture estim\u00e9e\" \/>\n\t<meta name=\"twitter:data2\" content=\"2 minutes\" \/>\n<script type=\"application\/ld+json\" class=\"yoast-schema-graph\">{\"@context\":\"https:\\\/\\\/schema.org\",\"@graph\":[{\"@type\":\"Article\",\"@id\":\"https:\\\/\\\/www.latribunedufaso.net\\\/?p=13958#article\",\"isPartOf\":{\"@id\":\"https:\\\/\\\/www.latribunedufaso.net\\\/?p=13958\"},\"author\":{\"name\":\"Administrateur\",\"@id\":\"https:\\\/\\\/www.latribunedufaso.net\\\/#\\\/schema\\\/person\\\/a380782d0605bb8aae27c40ea93b35b1\"},\"headline\":\"Lampadaires solaires : Un guide en cour de validation pour le d\u00e9ploiement et l&rsquo;exploitation\",\"datePublished\":\"2023-04-15T10:12:05+00:00\",\"dateModified\":\"2024-06-05T10:15:24+00:00\",\"mainEntityOfPage\":{\"@id\":\"https:\\\/\\\/www.latribunedufaso.net\\\/?p=13958\"},\"wordCount\":315,\"commentCount\":0,\"publisher\":{\"@id\":\"https:\\\/\\\/www.latribunedufaso.net\\\/#organization\"},\"image\":{\"@id\":\"https:\\\/\\\/www.latribunedufaso.net\\\/?p=13958#primaryimage\"},\"thumbnailUrl\":\"https:\\\/\\\/www.latribunedufaso.net\\\/wp-content\\\/uploads\\\/2024\\\/06\\\/341172553_621054462796448_393121898805481590_n.jpg\",\"articleSection\":[\"A la une\",\"Actualit\u00e9\",\"Energie\"],\"inLanguage\":\"fr-FR\",\"potentialAction\":[{\"@type\":\"CommentAction\",\"name\":\"Comment\",\"target\":[\"https:\\\/\\\/www.latribunedufaso.net\\\/?p=13958#respond\"]}]},{\"@type\":\"WebPage\",\"@id\":\"https:\\\/\\\/www.latribunedufaso.net\\\/?p=13958\",\"url\":\"https:\\\/\\\/www.latribunedufaso.net\\\/?p=13958\",\"name\":\"Lampadaires solaires : Un guide en cour de validation pour le d\u00e9ploiement et l'exploitation - La Tribune du Faso\",\"isPartOf\":{\"@id\":\"https:\\\/\\\/www.latribunedufaso.net\\\/#website\"},\"primaryImageOfPage\":{\"@id\":\"https:\\\/\\\/www.latribunedufaso.net\\\/?p=13958#primaryimage\"},\"image\":{\"@id\":\"https:\\\/\\\/www.latribunedufaso.net\\\/?p=13958#primaryimage\"},\"thumbnailUrl\":\"https:\\\/\\\/www.latribunedufaso.net\\\/wp-content\\\/uploads\\\/2024\\\/06\\\/341172553_621054462796448_393121898805481590_n.jpg\",\"datePublished\":\"2023-04-15T10:12:05+00:00\",\"dateModified\":\"2024-06-05T10:15:24+00:00\",\"breadcrumb\":{\"@id\":\"https:\\\/\\\/www.latribunedufaso.net\\\/?p=13958#breadcrumb\"},\"inLanguage\":\"fr-FR\",\"potentialAction\":[{\"@type\":\"ReadAction\",\"target\":[\"https:\\\/\\\/www.latribunedufaso.net\\\/?p=13958\"]}]},{\"@type\":\"ImageObject\",\"inLanguage\":\"fr-FR\",\"@id\":\"https:\\\/\\\/www.latribunedufaso.net\\\/?p=13958#primaryimage\",\"url\":\"https:\\\/\\\/www.latribunedufaso.net\\\/wp-content\\\/uploads\\\/2024\\\/06\\\/341172553_621054462796448_393121898805481590_n.jpg\",\"contentUrl\":\"https:\\\/\\\/www.latribunedufaso.net\\\/wp-content\\\/uploads\\\/2024\\\/06\\\/341172553_621054462796448_393121898805481590_n.jpg\",\"width\":2048,\"height\":1365},{\"@type\":\"BreadcrumbList\",\"@id\":\"https:\\\/\\\/www.latribunedufaso.net\\\/?p=13958#breadcrumb\",\"itemListElement\":[{\"@type\":\"ListItem\",\"position\":1,\"name\":\"Accueil\",\"item\":\"https:\\\/\\\/www.latribunedufaso.net\\\/\"},{\"@type\":\"ListItem\",\"position\":2,\"name\":\"Lampadaires solaires : Un guide en cour de validation pour le d\u00e9ploiement et l&rsquo;exploitation\"}]},{\"@type\":\"WebSite\",\"@id\":\"https:\\\/\\\/www.latribunedufaso.net\\\/#website\",\"url\":\"https:\\\/\\\/www.latribunedufaso.net\\\/\",\"name\":\"La Tribune du Faso\",\"description\":\"L&#039;information du monde rural en un clic\",\"publisher\":{\"@id\":\"https:\\\/\\\/www.latribunedufaso.net\\\/#organization\"},\"potentialAction\":[{\"@type\":\"SearchAction\",\"target\":{\"@type\":\"EntryPoint\",\"urlTemplate\":\"https:\\\/\\\/www.latribunedufaso.net\\\/?s={search_term_string}\"},\"query-input\":{\"@type\":\"PropertyValueSpecification\",\"valueRequired\":true,\"valueName\":\"search_term_string\"}}],\"inLanguage\":\"fr-FR\"},{\"@type\":\"Organization\",\"@id\":\"https:\\\/\\\/www.latribunedufaso.net\\\/#organization\",\"name\":\"La Tribune du Faso\",\"url\":\"https:\\\/\\\/www.latribunedufaso.net\\\/\",\"logo\":{\"@type\":\"ImageObject\",\"inLanguage\":\"fr-FR\",\"@id\":\"https:\\\/\\\/www.latribunedufaso.net\\\/#\\\/schema\\\/logo\\\/image\\\/\",\"url\":\"https:\\\/\\\/www.latribunedufaso.net\\\/wp-content\\\/uploads\\\/2020\\\/08\\\/Logo-Tribune-du-Faso-final-scaled.jpg\",\"contentUrl\":\"https:\\\/\\\/www.latribunedufaso.net\\\/wp-content\\\/uploads\\\/2020\\\/08\\\/Logo-Tribune-du-Faso-final-scaled.jpg\",\"width\":2560,\"height\":1856,\"caption\":\"La Tribune du Faso\"},\"image\":{\"@id\":\"https:\\\/\\\/www.latribunedufaso.net\\\/#\\\/schema\\\/logo\\\/image\\\/\"},\"sameAs\":[\"https:\\\/\\\/www.facebook.com\\\/LatribuneduFaso\\\/\"]},{\"@type\":\"Person\",\"@id\":\"https:\\\/\\\/www.latribunedufaso.net\\\/#\\\/schema\\\/person\\\/a380782d0605bb8aae27c40ea93b35b1\",\"name\":\"Administrateur\",\"image\":{\"@type\":\"ImageObject\",\"inLanguage\":\"fr-FR\",\"@id\":\"https:\\\/\\\/secure.gravatar.com\\\/avatar\\\/e20266f97d741f0e80ba1f60283074a9b3317fd7bfb727e0d95b51dafbf854a1?s=96&d=mm&r=g\",\"url\":\"https:\\\/\\\/secure.gravatar.com\\\/avatar\\\/e20266f97d741f0e80ba1f60283074a9b3317fd7bfb727e0d95b51dafbf854a1?s=96&d=mm&r=g\",\"contentUrl\":\"https:\\\/\\\/secure.gravatar.com\\\/avatar\\\/e20266f97d741f0e80ba1f60283074a9b3317fd7bfb727e0d95b51dafbf854a1?s=96&d=mm&r=g\",\"caption\":\"Administrateur\"},\"url\":\"https:\\\/\\\/www.latribunedufaso.net\\\/?author=2\"}]}<\/script>\n<!-- \/ Yoast SEO plugin. -->","yoast_head_json":{"title":"Lampadaires solaires : Un guide en cour de validation pour le d\u00e9ploiement et l'exploitation - La Tribune du Faso","robots":{"index":"index","follow":"follow","max-snippet":"max-snippet:-1","max-image-preview":"max-image-preview:large","max-video-preview":"max-video-preview:-1"},"canonical":"https:\/\/www.latribunedufaso.net\/?p=13958","og_locale":"fr_FR","og_type":"article","og_title":"Lampadaires solaires : Un guide en cour de validation pour le d\u00e9ploiement et l'exploitation - La Tribune du Faso","og_description":"D\u00e9ploiement des lampadaires solaires au Burkina Faso Un guide en cours de validation. Le Directeur g\u00e9n\u00e9ral de la transition \u00e9nerg\u00e9tique, Dr Wend Dolean Ars\u00e8ne ILBOUDO, a pr\u00e9sid\u00e9 les travaux de l\u2019atelier de validation du guide de d\u00e9ploiement, d\u2019exploitation et d\u2019entretien des lampadaires solaires au Burkina Faso. C\u2019\u00e9tait le vendredi 14 avril 2023 \u00e0 Ouagadougou. Le Minist\u00e8re de l\u2019Energie, des Mines et des Carri\u00e8res a b\u00e9n\u00e9fici\u00e9 de l\u2019appui financier de la commission de l\u2019UEMOA pour \u00e9laborer un guide de d\u00e9ploiement, d\u2019exploitation et d\u2019entretien des lampadaires solaires au Burkina Faso. L\u2019\u00e9tude, port\u00e9e par la Direction g\u00e9n\u00e9rale de la transition \u00e9nerg\u00e9tique(DGTE) a permis d\u2019\u00e9laborer un projet de guide. Et \u00e0 cet atelier, il a \u00e9t\u00e9 question de pr\u00e9senter ce projet de guide \u00e0 l\u2019ensemble des acteurs impliqu\u00e9s pour examen et validation. Selon le Directeur g\u00e9n\u00e9ral de la transition \u00e9nerg\u00e9tique, Dr Wend Dolean Ars\u00e8ne ILBOUDO, l\u2019\u00e9laboration de ce document s\u2019inscrit dans le cadre de la mise en \u0153uvre des activit\u00e9s de p\u00e9rennisation des lampadaires solaires install\u00e9s dans les r\u00e9gions du Centre et du Centre-Est par le Programme r\u00e9gional de d\u00e9veloppement des \u00e9nergies renouvelables et de l\u2019efficacit\u00e9 \u00e9nerg\u00e9tique (PRODERE) mis en \u0153uvre entre 2013 et 2016. \u00ab Les \u00e9tudes ont r\u00e9v\u00e9l\u00e9 que 75% des lampadaires solaires install\u00e9s en 2016 sont d\u00e9fectueux \u00bb a-t-il r\u00e9v\u00e9l\u00e9. La DGTE entend donc vulgariser le document aupr\u00e8s des collectivit\u00e9s territoriales et d\u2019autres structures int\u00e9ress\u00e9es. Elle compte aussi former des acteurs sur l\u2019utilisation de ce guide d\u2019exploitation et d\u2019entretien des lampadaires solaires au Burkina Faso. Direction de la communication et des relations presse","og_url":"https:\/\/www.latribunedufaso.net\/?p=13958","og_site_name":"La Tribune du Faso","article_publisher":"https:\/\/www.facebook.com\/LatribuneduFaso\/","article_published_time":"2023-04-15T10:12:05+00:00","article_modified_time":"2024-06-05T10:15:24+00:00","og_image":[{"width":2048,"height":1365,"url":"https:\/\/www.latribunedufaso.net\/wp-content\/uploads\/2024\/06\/341172553_621054462796448_393121898805481590_n.jpg","type":"image\/jpeg"}],"author":"Administrateur","twitter_misc":{"\u00c9crit par":"Administrateur","Dur\u00e9e de lecture estim\u00e9e":"2 minutes"},"schema":{"@context":"https:\/\/schema.org","@graph":[{"@type":"Article","@id":"https:\/\/www.latribunedufaso.net\/?p=13958#article","isPartOf":{"@id":"https:\/\/www.latribunedufaso.net\/?p=13958"},"author":{"name":"Administrateur","@id":"https:\/\/www.latribunedufaso.net\/#\/schema\/person\/a380782d0605bb8aae27c40ea93b35b1"},"headline":"Lampadaires solaires : Un guide en cour de validation pour le d\u00e9ploiement et l&rsquo;exploitation","datePublished":"2023-04-15T10:12:05+00:00","dateModified":"2024-06-05T10:15:24+00:00","mainEntityOfPage":{"@id":"https:\/\/www.latribunedufaso.net\/?p=13958"},"wordCount":315,"commentCount":0,"publisher":{"@id":"https:\/\/www.latribunedufaso.net\/#organization"},"image":{"@id":"https:\/\/www.latribunedufaso.net\/?p=13958#primaryimage"},"thumbnailUrl":"https:\/\/www.latribunedufaso.net\/wp-content\/uploads\/2024\/06\/341172553_621054462796448_393121898805481590_n.jpg","articleSection":["A la une","Actualit\u00e9","Energie"],"inLanguage":"fr-FR","potentialAction":[{"@type":"CommentAction","name":"Comment","target":["https:\/\/www.latribunedufaso.net\/?p=13958#respond"]}]},{"@type":"WebPage","@id":"https:\/\/www.latribunedufaso.net\/?p=13958","url":"https:\/\/www.latribunedufaso.net\/?p=13958","name":"Lampadaires solaires : Un guide en cour de validation pour le d\u00e9ploiement et l'exploitation - La Tribune du Faso","isPartOf":{"@id":"https:\/\/www.latribunedufaso.net\/#website"},"primaryImageOfPage":{"@id":"https:\/\/www.latribunedufaso.net\/?p=13958#primaryimage"},"image":{"@id":"https:\/\/www.latribunedufaso.net\/?p=13958#primaryimage"},"thumbnailUrl":"https:\/\/www.latribunedufaso.net\/wp-content\/uploads\/2024\/06\/341172553_621054462796448_393121898805481590_n.jpg","datePublished":"2023-04-15T10:12:05+00:00","dateModified":"2024-06-05T10:15:24+00:00","breadcrumb":{"@id":"https:\/\/www.latribunedufaso.net\/?p=13958#breadcrumb"},"inLanguage":"fr-FR","potentialAction":[{"@type":"ReadAction","target":["https:\/\/www.latribunedufaso.net\/?p=13958"]}]},{"@type":"ImageObject","inLanguage":"fr-FR","@id":"https:\/\/www.latribunedufaso.net\/?p=13958#primaryimage","url":"https:\/\/www.latribunedufaso.net\/wp-content\/uploads\/2024\/06\/341172553_621054462796448_393121898805481590_n.jpg","contentUrl":"https:\/\/www.latribunedufaso.net\/wp-content\/uploads\/2024\/06\/341172553_621054462796448_393121898805481590_n.jpg","width":2048,"height":1365},{"@type":"BreadcrumbList","@id":"https:\/\/www.latribunedufaso.net\/?p=13958#breadcrumb","itemListElement":[{"@type":"ListItem","position":1,"name":"Accueil","item":"https:\/\/www.latribunedufaso.net\/"},{"@type":"ListItem","position":2,"name":"Lampadaires solaires : Un guide en cour de validation pour le d\u00e9ploiement et l&rsquo;exploitation"}]},{"@type":"WebSite","@id":"https:\/\/www.latribunedufaso.net\/#website","url":"https:\/\/www.latribunedufaso.net\/","name":"La Tribune du Faso","description":"L&#039;information du monde rural en un clic","publisher":{"@id":"https:\/\/www.latribunedufaso.net\/#organization"},"potentialAction":[{"@type":"SearchAction","target":{"@type":"EntryPoint","urlTemplate":"https:\/\/www.latribunedufaso.net\/?s={search_term_string}"},"query-input":{"@type":"PropertyValueSpecification","valueRequired":true,"valueName":"search_term_string"}}],"inLanguage":"fr-FR"},{"@type":"Organization","@id":"https:\/\/www.latribunedufaso.net\/#organization","name":"La Tribune du Faso","url":"https:\/\/www.latribunedufaso.net\/","logo":{"@type":"ImageObject","inLanguage":"fr-FR","@id":"https:\/\/www.latribunedufaso.net\/#\/schema\/logo\/image\/","url":"https:\/\/www.latribunedufaso.net\/wp-content\/uploads\/2020\/08\/Logo-Tribune-du-Faso-final-scaled.jpg","contentUrl":"https:\/\/www.latribunedufaso.net\/wp-content\/uploads\/2020\/08\/Logo-Tribune-du-Faso-final-scaled.jpg","width":2560,"height":1856,"caption":"La Tribune du Faso"},"image":{"@id":"https:\/\/www.latribunedufaso.net\/#\/schema\/logo\/image\/"},"sameAs":["https:\/\/www.facebook.com\/LatribuneduFaso\/"]},{"@type":"Person","@id":"https:\/\/www.latribunedufaso.net\/#\/schema\/person\/a380782d0605bb8aae27c40ea93b35b1","name":"Administrateur","image":{"@type":"ImageObject","inLanguage":"fr-FR","@id":"https:\/\/secure.gravatar.com\/avatar\/e20266f97d741f0e80ba1f60283074a9b3317fd7bfb727e0d95b51dafbf854a1?s=96&d=mm&r=g","url":"https:\/\/secure.gravatar.com\/avatar\/e20266f97d741f0e80ba1f60283074a9b3317fd7bfb727e0d95b51dafbf854a1?s=96&d=mm&r=g","contentUrl":"https:\/\/secure.gravatar.com\/avatar\/e20266f97d741f0e80ba1f60283074a9b3317fd7bfb727e0d95b51dafbf854a1?s=96&d=mm&r=g","caption":"Administrateur"},"url":"https:\/\/www.latribunedufaso.net\/?author=2"}]}},"_links":{"self":[{"href":"https:\/\/www.latribunedufaso.net\/index.php?rest_route=\/wp\/v2\/posts\/13958","targetHints":{"allow":["GET"]}}],"collection":[{"href":"https:\/\/www.latribunedufaso.net\/index.php?rest_route=\/wp\/v2\/posts"}],"about":[{"href":"https:\/\/www.latribunedufaso.net\/index.php?rest_route=\/wp\/v2\/types\/post"}],"author":[{"embeddable":true,"href":"https:\/\/www.latribunedufaso.net\/index.php?rest_route=\/wp\/v2\/users\/2"}],"replies":[{"embeddable":true,"href":"https:\/\/www.latribunedufaso.net\/index.php?rest_route=%2Fwp%2Fv2%2Fcomments&post=13958"}],"version-history":[{"count":1,"href":"https:\/\/www.latribunedufaso.net\/index.php?rest_route=\/wp\/v2\/posts\/13958\/revisions"}],"predecessor-version":[{"id":13960,"href":"https:\/\/www.latribunedufaso.net\/index.php?rest_route=\/wp\/v2\/posts\/13958\/revisions\/13960"}],"wp:featuredmedia":[{"embeddable":true,"href":"https:\/\/www.latribunedufaso.net\/index.php?rest_route=\/wp\/v2\/media\/13959"}],"wp:attachment":[{"href":"https:\/\/www.latribunedufaso.net\/index.php?rest_route=%2Fwp%2Fv2%2Fmedia&parent=13958"}],"wp:term":[{"taxonomy":"category","embeddable":true,"href":"https:\/\/www.latribunedufaso.net\/index.php?rest_route=%2Fwp%2Fv2%2Fcategories&post=13958"},{"taxonomy":"post_tag","embeddable":true,"href":"https:\/\/www.latribunedufaso.net\/index.php?rest_route=%2Fwp%2Fv2%2Ftags&post=13958"}],"curies":[{"name":"wp","href":"https:\/\/api.w.org\/{rel}","templated":true}]}}