{"id":1395,"date":"2020-09-23T11:27:59","date_gmt":"2020-09-23T11:27:59","guid":{"rendered":"https:\/\/www.latribunedufaso.net\/?p=1395"},"modified":"2020-09-29T16:27:10","modified_gmt":"2020-09-29T16:27:10","slug":"forum-national-covid-19-ne-pas-lui-offrir-ce-que-le-terrorisme-na-pas-pu-obtenir-invite-du-premier-ministre","status":"publish","type":"post","link":"https:\/\/www.latribunedufaso.net\/?p=1395","title":{"rendered":"Forum national COVID-19\u00a0: \u00ab\u00a0\u2026ne pas lui offrir ce que le terrorisme n\u2019a pas pu obtenir \u00bb, invite du Premier ministre"},"content":{"rendered":"<p><strong>Le ton des travaux du forum national sur la COVID-19 a \u00e9t\u00e9 donn\u00e9, mardi 22 septembre 2020, \u00e0 Ouagadougou, au cours d\u2019une c\u00e9r\u00e9monie officielle pr\u00e9sid\u00e9e par le premier ministre, Christophe Dabir\u00e9. <\/strong><!--more--><\/p>\n<p><a href=\"https:\/\/latribunedufaso.net\/wp-content\/uploads\/2020\/09\/IMG-20200922-WA0035.jpg\"><img loading=\"lazy\" decoding=\"async\" class=\" wp-image-1375 aligncenter\" src=\"https:\/\/latribunedufaso.net\/wp-content\/uploads\/2020\/09\/IMG-20200922-WA0035-300x176.jpg\" alt=\"\" width=\"480\" height=\"282\" srcset=\"https:\/\/www.latribunedufaso.net\/wp-content\/uploads\/2020\/09\/IMG-20200922-WA0035-300x176.jpg 300w, https:\/\/www.latribunedufaso.net\/wp-content\/uploads\/2020\/09\/IMG-20200922-WA0035-1024x601.jpg 1024w, https:\/\/www.latribunedufaso.net\/wp-content\/uploads\/2020\/09\/IMG-20200922-WA0035-768x451.jpg 768w, https:\/\/www.latribunedufaso.net\/wp-content\/uploads\/2020\/09\/IMG-20200922-WA0035-600x352.jpg 600w, https:\/\/www.latribunedufaso.net\/wp-content\/uploads\/2020\/09\/IMG-20200922-WA0035.jpg 1080w\" sizes=\"auto, (max-width: 480px) 100vw, 480px\" \/><\/a><\/p>\n<p>L\u2019une des raisons de ce forum, selon le chef du gouvernement, Christophe Dabir\u00e9, est de pr\u00e9senter aux forces vives de la nation un plan d\u2019\u00e9tape de la lutte contre la COVID-19 au Burkina Faso afin de les remobiliser pour maintenir la vigilance face \u00e0 la maladie et apprendre \u00e0 vivre avec elle.\u00a0 D\u2019o\u00f9 l\u2019intitul\u00e9 du th\u00e8me retenu: \u00ab\u00a0remobiliser la nation enti\u00e8re pour intensifier la riposte face \u00e0 la COVID-19 et apprendre \u00e0 vivre avec\u00a0\u00bb. Il estime \u00e9galement que la tenue dudit forum tire sa pertinence du constant scepticisme ambiant doubl\u00e9 d\u2019un rel\u00e2chement dangereux dans l\u2019observance des mesures barri\u00e8res. Il n\u2019a donc pas manqu\u00e9 d\u2019interpeller et de faire savoir l\u2019attente du gouvernement vis-\u00e0-vis de chaque citoyen. \u00ab La COVID-19 est toujours l\u00e0 et bien r\u00e9elle. Elle existe et elle tue. Le gouvernement attend de chaque citoyen qu\u2019il prenne la mesure des dommages engendr\u00e9s par le coronavirus dans notre pays pour ne pas lui offrir ce que le terrorisme n\u2019a pas pu obtenir\u00a0\u00bb, a-t-il lanc\u00e9.<\/p>\n<p>La mobilisation communautaire compte pour beaucoup dans le plan national de riposte \u00e0 la crise de la pand\u00e9mie de COVID-19. \u00ab\u00a0Le plan national de r\u00e9ponse \u00e0 la crise se fonde entre autres sur la mobilisation communautaire pour r\u00e9ussir \u00e0 juguler l\u2019\u00e9pid\u00e9mie et amoindrir ses effets pervers sur le plan socio-\u00e9conomique. Il vise \u00e0 susciter une large adh\u00e9sion des individus, des familles et de la communaut\u00e9 aux diff\u00e9rentes mesures prises ou \u00e0 prendre pour freiner la propagation de la pand\u00e9mie\u00a0\u00bb, a-t-il indiqu\u00e9.<\/p>\n<p>Le locataire de la primature est de m\u00eame revenu sur la riposte organis\u00e9e par le gouvernement afin de lutter efficacement contre la pand\u00e9mie de COVID-19, et qui a finalement donn\u00e9 naissance au plan national de riposte. \u00ab\u00a0La riposte organis\u00e9e par le gouvernement, sur instruction du Pr\u00e9sident du Faso, est\u00a0 pass\u00e9e par la mise en place du comit\u00e9 national de gestion de la crise de la pand\u00e9mie de la COVID-19. Il a propos\u00e9 une feuille de route claire pour coordonner les actions de lutte \u00e0 tous les niveaux d\u2019intervention. Ce travail a permis d\u2019int\u00e9grer au plan de riposte de l\u2019\u00e9pid\u00e9mie du coronavirus, pr\u00e9alablement adopt\u00e9 par le conseil des ministres, les diff\u00e9rentes incidences de cette maladie donnant ainsi lieu au plan national de r\u00e9ponse \u00e0 la crise de la pand\u00e9mie de COVID-19 soumis aujourd\u2019hui \u00e0 votre aimable appr\u00e9ciation\u00a0\u00bb, a d\u00e9clar\u00e9 Christophe Dabir\u00e9 qui dit avoir bon espoir que le forum aboutisse\u00a0 \u00e0 des r\u00e9solutions en vue d\u2019organiser une lutte plus efficace, plus synergique et salvatrice du peuple burkinab\u00e8.<\/p>\n<p><a href=\"https:\/\/latribunedufaso.net\/wp-content\/uploads\/2020\/09\/IMG-20200922-WA0033.jpg\"><img loading=\"lazy\" decoding=\"async\" class=\" wp-image-1374 aligncenter\" src=\"https:\/\/latribunedufaso.net\/wp-content\/uploads\/2020\/09\/IMG-20200922-WA0033-300x199.jpg\" alt=\"\" width=\"480\" height=\"318\" srcset=\"https:\/\/www.latribunedufaso.net\/wp-content\/uploads\/2020\/09\/IMG-20200922-WA0033-300x199.jpg 300w, https:\/\/www.latribunedufaso.net\/wp-content\/uploads\/2020\/09\/IMG-20200922-WA0033-1024x678.jpg 1024w, https:\/\/www.latribunedufaso.net\/wp-content\/uploads\/2020\/09\/IMG-20200922-WA0033-768x508.jpg 768w, https:\/\/www.latribunedufaso.net\/wp-content\/uploads\/2020\/09\/IMG-20200922-WA0033-600x397.jpg 600w, https:\/\/www.latribunedufaso.net\/wp-content\/uploads\/2020\/09\/IMG-20200922-WA0033-120x80.jpg 120w, https:\/\/www.latribunedufaso.net\/wp-content\/uploads\/2020\/09\/IMG-20200922-WA0033-360x240.jpg 360w, https:\/\/www.latribunedufaso.net\/wp-content\/uploads\/2020\/09\/IMG-20200922-WA0033.jpg 1080w\" sizes=\"auto, (max-width: 480px) 100vw, 480px\" \/><\/a><\/p>\n<p>Le plan national de riposte \u00e0 la crise de la pand\u00e9mie de COVID-19, qui est soumis \u00e0 l\u2019appr\u00e9ciation des forces vives de la nation pour appr\u00e9ciation a d\u00e9j\u00e0 \u00e9t\u00e9 valid\u00e9 par le comit\u00e9 national, approuv\u00e9 par le Pr\u00e9sident du Faso, et a \u00e9t\u00e9 pr\u00e9sent\u00e9 au gouvernement lors d\u2019un s\u00e9minaire gouvernemental.<\/p>\n<p>En rappel, face \u00e0 la situation d\u00e9gradante de la pand\u00e9mie de COVID-19 dans le monde en g\u00e9n\u00e9ral et au Burkina Faso en particulier, le gouvernement burkinab\u00e8, sur instruction du Pr\u00e9sident du Faso, a pris des mesures de restrictions des libert\u00e9s, mais aussi des mesures sociales dans le but de freiner l\u2019\u00e9volution de la pand\u00e9mie et de soulager son peuple. Les interventions du gouvernement en ce qui concerne les mesures sociales, qui visaient \u00e9galement \u00e0 accompagner les entreprises touch\u00e9es par la pand\u00e9mie, sont estim\u00e9es \u00e0 \u00ab\u00a0400 milliards de francs CFA, et ont touch\u00e9 tous les secteurs \u00e9conomiques, tous les secteurs de la vie nationale avec un impact \u00e9conomique important sur l\u2019agenda du gouvernement\u00a0\u00bb, foi du premier ministre.<\/p>\n<p><strong>Tambi Serge Pac\u00f4me Zongo<\/strong><\/p>\n<p><strong>Latribunedufaso.net<\/strong><\/p>\n","protected":false},"excerpt":{"rendered":"<p>Le ton des travaux du forum national sur la COVID-19 a \u00e9t\u00e9 donn\u00e9, mardi 22 septembre 2020, \u00e0 Ouagadougou, au cours d\u2019une c\u00e9r\u00e9monie officielle pr\u00e9sid\u00e9e par le premier ministre, Christophe Dabir\u00e9.<\/p>\n","protected":false},"author":2,"featured_media":1378,"comment_status":"open","ping_status":"open","sticky":false,"template":"","format":"standard","meta":{"footnotes":""},"categories":[1,8],"tags":[],"class_list":["post-1395","post","type-post","status-publish","format-standard","has-post-thumbnail","hentry","category-actu","category-societe"],"yoast_head":"<!-- This site is optimized with the Yoast SEO plugin v27.4 - https:\/\/yoast.com\/product\/yoast-seo-wordpress\/ -->\n<title>Forum national COVID-19\u00a0: \u00ab\u00a0\u2026ne pas lui offrir ce que le terrorisme n\u2019a pas pu obtenir \u00bb, invite du Premier ministre - La Tribune du Faso<\/title>\n<meta name=\"robots\" content=\"index, follow, max-snippet:-1, max-image-preview:large, max-video-preview:-1\" \/>\n<link rel=\"canonical\" href=\"https:\/\/www.latribunedufaso.net\/?p=1395\" \/>\n<meta property=\"og:locale\" content=\"fr_FR\" \/>\n<meta property=\"og:type\" content=\"article\" \/>\n<meta property=\"og:title\" content=\"Forum national COVID-19\u00a0: \u00ab\u00a0\u2026ne pas lui offrir ce que le terrorisme n\u2019a pas pu obtenir \u00bb, invite du Premier ministre - La Tribune du Faso\" \/>\n<meta property=\"og:description\" content=\"Le ton des travaux du forum national sur la COVID-19 a \u00e9t\u00e9 donn\u00e9, mardi 22 septembre 2020, \u00e0 Ouagadougou, au cours d\u2019une c\u00e9r\u00e9monie officielle pr\u00e9sid\u00e9e par le premier ministre, Christophe Dabir\u00e9.\" \/>\n<meta property=\"og:url\" content=\"https:\/\/www.latribunedufaso.net\/?p=1395\" \/>\n<meta property=\"og:site_name\" content=\"La Tribune du Faso\" \/>\n<meta property=\"article:publisher\" content=\"https:\/\/www.facebook.com\/LatribuneduFaso\/\" \/>\n<meta property=\"article:published_time\" content=\"2020-09-23T11:27:59+00:00\" \/>\n<meta property=\"article:modified_time\" content=\"2020-09-29T16:27:10+00:00\" \/>\n<meta property=\"og:image\" content=\"https:\/\/latribunedufaso.net\/wp-content\/uploads\/2020\/09\/IMG-20200922-WA0037.jpg\" \/>\n\t<meta property=\"og:image:width\" content=\"1080\" \/>\n\t<meta property=\"og:image:height\" content=\"605\" \/>\n\t<meta property=\"og:image:type\" content=\"image\/jpeg\" \/>\n<meta name=\"author\" content=\"Administrateur\" \/>\n<meta name=\"twitter:label1\" content=\"\u00c9crit par\" \/>\n\t<meta name=\"twitter:data1\" content=\"Administrateur\" \/>\n\t<meta name=\"twitter:label2\" content=\"Dur\u00e9e de lecture estim\u00e9e\" \/>\n\t<meta name=\"twitter:data2\" content=\"3 minutes\" \/>\n<script type=\"application\/ld+json\" class=\"yoast-schema-graph\">{\"@context\":\"https:\\\/\\\/schema.org\",\"@graph\":[{\"@type\":\"Article\",\"@id\":\"https:\\\/\\\/www.latribunedufaso.net\\\/?p=1395#article\",\"isPartOf\":{\"@id\":\"https:\\\/\\\/www.latribunedufaso.net\\\/?p=1395\"},\"author\":{\"name\":\"Administrateur\",\"@id\":\"https:\\\/\\\/www.latribunedufaso.net\\\/#\\\/schema\\\/person\\\/a380782d0605bb8aae27c40ea93b35b1\"},\"headline\":\"Forum national COVID-19\u00a0: \u00ab\u00a0\u2026ne pas lui offrir ce que le terrorisme n\u2019a pas pu obtenir \u00bb, invite du Premier ministre\",\"datePublished\":\"2020-09-23T11:27:59+00:00\",\"dateModified\":\"2020-09-29T16:27:10+00:00\",\"mainEntityOfPage\":{\"@id\":\"https:\\\/\\\/www.latribunedufaso.net\\\/?p=1395\"},\"wordCount\":686,\"commentCount\":0,\"publisher\":{\"@id\":\"https:\\\/\\\/www.latribunedufaso.net\\\/#organization\"},\"image\":{\"@id\":\"https:\\\/\\\/www.latribunedufaso.net\\\/?p=1395#primaryimage\"},\"thumbnailUrl\":\"https:\\\/\\\/www.latribunedufaso.net\\\/wp-content\\\/uploads\\\/2020\\\/09\\\/IMG-20200922-WA0037.jpg\",\"articleSection\":[\"Actualit\u00e9\",\"Soci\u00e9t\u00e9\"],\"inLanguage\":\"fr-FR\",\"potentialAction\":[{\"@type\":\"CommentAction\",\"name\":\"Comment\",\"target\":[\"https:\\\/\\\/www.latribunedufaso.net\\\/?p=1395#respond\"]}]},{\"@type\":\"WebPage\",\"@id\":\"https:\\\/\\\/www.latribunedufaso.net\\\/?p=1395\",\"url\":\"https:\\\/\\\/www.latribunedufaso.net\\\/?p=1395\",\"name\":\"Forum national COVID-19\u00a0: \u00ab\u00a0\u2026ne pas lui offrir ce que le terrorisme n\u2019a pas pu obtenir \u00bb, invite du Premier ministre - La Tribune du Faso\",\"isPartOf\":{\"@id\":\"https:\\\/\\\/www.latribunedufaso.net\\\/#website\"},\"primaryImageOfPage\":{\"@id\":\"https:\\\/\\\/www.latribunedufaso.net\\\/?p=1395#primaryimage\"},\"image\":{\"@id\":\"https:\\\/\\\/www.latribunedufaso.net\\\/?p=1395#primaryimage\"},\"thumbnailUrl\":\"https:\\\/\\\/www.latribunedufaso.net\\\/wp-content\\\/uploads\\\/2020\\\/09\\\/IMG-20200922-WA0037.jpg\",\"datePublished\":\"2020-09-23T11:27:59+00:00\",\"dateModified\":\"2020-09-29T16:27:10+00:00\",\"breadcrumb\":{\"@id\":\"https:\\\/\\\/www.latribunedufaso.net\\\/?p=1395#breadcrumb\"},\"inLanguage\":\"fr-FR\",\"potentialAction\":[{\"@type\":\"ReadAction\",\"target\":[\"https:\\\/\\\/www.latribunedufaso.net\\\/?p=1395\"]}]},{\"@type\":\"ImageObject\",\"inLanguage\":\"fr-FR\",\"@id\":\"https:\\\/\\\/www.latribunedufaso.net\\\/?p=1395#primaryimage\",\"url\":\"https:\\\/\\\/www.latribunedufaso.net\\\/wp-content\\\/uploads\\\/2020\\\/09\\\/IMG-20200922-WA0037.jpg\",\"contentUrl\":\"https:\\\/\\\/www.latribunedufaso.net\\\/wp-content\\\/uploads\\\/2020\\\/09\\\/IMG-20200922-WA0037.jpg\",\"width\":1080,\"height\":605},{\"@type\":\"BreadcrumbList\",\"@id\":\"https:\\\/\\\/www.latribunedufaso.net\\\/?p=1395#breadcrumb\",\"itemListElement\":[{\"@type\":\"ListItem\",\"position\":1,\"name\":\"Accueil\",\"item\":\"https:\\\/\\\/www.latribunedufaso.net\\\/\"},{\"@type\":\"ListItem\",\"position\":2,\"name\":\"Forum national COVID-19\u00a0: \u00ab\u00a0\u2026ne pas lui offrir ce que le terrorisme n\u2019a pas pu obtenir \u00bb, invite du Premier ministre\"}]},{\"@type\":\"WebSite\",\"@id\":\"https:\\\/\\\/www.latribunedufaso.net\\\/#website\",\"url\":\"https:\\\/\\\/www.latribunedufaso.net\\\/\",\"name\":\"La Tribune du Faso\",\"description\":\"L&#039;information du monde rural en un clic\",\"publisher\":{\"@id\":\"https:\\\/\\\/www.latribunedufaso.net\\\/#organization\"},\"potentialAction\":[{\"@type\":\"SearchAction\",\"target\":{\"@type\":\"EntryPoint\",\"urlTemplate\":\"https:\\\/\\\/www.latribunedufaso.net\\\/?s={search_term_string}\"},\"query-input\":{\"@type\":\"PropertyValueSpecification\",\"valueRequired\":true,\"valueName\":\"search_term_string\"}}],\"inLanguage\":\"fr-FR\"},{\"@type\":\"Organization\",\"@id\":\"https:\\\/\\\/www.latribunedufaso.net\\\/#organization\",\"name\":\"La Tribune du Faso\",\"url\":\"https:\\\/\\\/www.latribunedufaso.net\\\/\",\"logo\":{\"@type\":\"ImageObject\",\"inLanguage\":\"fr-FR\",\"@id\":\"https:\\\/\\\/www.latribunedufaso.net\\\/#\\\/schema\\\/logo\\\/image\\\/\",\"url\":\"https:\\\/\\\/www.latribunedufaso.net\\\/wp-content\\\/uploads\\\/2020\\\/08\\\/Logo-Tribune-du-Faso-final-scaled.jpg\",\"contentUrl\":\"https:\\\/\\\/www.latribunedufaso.net\\\/wp-content\\\/uploads\\\/2020\\\/08\\\/Logo-Tribune-du-Faso-final-scaled.jpg\",\"width\":2560,\"height\":1856,\"caption\":\"La Tribune du Faso\"},\"image\":{\"@id\":\"https:\\\/\\\/www.latribunedufaso.net\\\/#\\\/schema\\\/logo\\\/image\\\/\"},\"sameAs\":[\"https:\\\/\\\/www.facebook.com\\\/LatribuneduFaso\\\/\"]},{\"@type\":\"Person\",\"@id\":\"https:\\\/\\\/www.latribunedufaso.net\\\/#\\\/schema\\\/person\\\/a380782d0605bb8aae27c40ea93b35b1\",\"name\":\"Administrateur\",\"image\":{\"@type\":\"ImageObject\",\"inLanguage\":\"fr-FR\",\"@id\":\"https:\\\/\\\/secure.gravatar.com\\\/avatar\\\/e20266f97d741f0e80ba1f60283074a9b3317fd7bfb727e0d95b51dafbf854a1?s=96&d=mm&r=g\",\"url\":\"https:\\\/\\\/secure.gravatar.com\\\/avatar\\\/e20266f97d741f0e80ba1f60283074a9b3317fd7bfb727e0d95b51dafbf854a1?s=96&d=mm&r=g\",\"contentUrl\":\"https:\\\/\\\/secure.gravatar.com\\\/avatar\\\/e20266f97d741f0e80ba1f60283074a9b3317fd7bfb727e0d95b51dafbf854a1?s=96&d=mm&r=g\",\"caption\":\"Administrateur\"},\"url\":\"https:\\\/\\\/www.latribunedufaso.net\\\/?author=2\"}]}<\/script>\n<!-- \/ Yoast SEO plugin. -->","yoast_head_json":{"title":"Forum national COVID-19\u00a0: \u00ab\u00a0\u2026ne pas lui offrir ce que le terrorisme n\u2019a pas pu obtenir \u00bb, invite du Premier ministre - La Tribune du Faso","robots":{"index":"index","follow":"follow","max-snippet":"max-snippet:-1","max-image-preview":"max-image-preview:large","max-video-preview":"max-video-preview:-1"},"canonical":"https:\/\/www.latribunedufaso.net\/?p=1395","og_locale":"fr_FR","og_type":"article","og_title":"Forum national COVID-19\u00a0: \u00ab\u00a0\u2026ne pas lui offrir ce que le terrorisme n\u2019a pas pu obtenir \u00bb, invite du Premier ministre - La Tribune du Faso","og_description":"Le ton des travaux du forum national sur la COVID-19 a \u00e9t\u00e9 donn\u00e9, mardi 22 septembre 2020, \u00e0 Ouagadougou, au cours d\u2019une c\u00e9r\u00e9monie officielle pr\u00e9sid\u00e9e par le premier ministre, Christophe Dabir\u00e9.","og_url":"https:\/\/www.latribunedufaso.net\/?p=1395","og_site_name":"La Tribune du Faso","article_publisher":"https:\/\/www.facebook.com\/LatribuneduFaso\/","article_published_time":"2020-09-23T11:27:59+00:00","article_modified_time":"2020-09-29T16:27:10+00:00","og_image":[{"width":1080,"height":605,"url":"https:\/\/latribunedufaso.net\/wp-content\/uploads\/2020\/09\/IMG-20200922-WA0037.jpg","type":"image\/jpeg"}],"author":"Administrateur","twitter_misc":{"\u00c9crit par":"Administrateur","Dur\u00e9e de lecture estim\u00e9e":"3 minutes"},"schema":{"@context":"https:\/\/schema.org","@graph":[{"@type":"Article","@id":"https:\/\/www.latribunedufaso.net\/?p=1395#article","isPartOf":{"@id":"https:\/\/www.latribunedufaso.net\/?p=1395"},"author":{"name":"Administrateur","@id":"https:\/\/www.latribunedufaso.net\/#\/schema\/person\/a380782d0605bb8aae27c40ea93b35b1"},"headline":"Forum national COVID-19\u00a0: \u00ab\u00a0\u2026ne pas lui offrir ce que le terrorisme n\u2019a pas pu obtenir \u00bb, invite du Premier ministre","datePublished":"2020-09-23T11:27:59+00:00","dateModified":"2020-09-29T16:27:10+00:00","mainEntityOfPage":{"@id":"https:\/\/www.latribunedufaso.net\/?p=1395"},"wordCount":686,"commentCount":0,"publisher":{"@id":"https:\/\/www.latribunedufaso.net\/#organization"},"image":{"@id":"https:\/\/www.latribunedufaso.net\/?p=1395#primaryimage"},"thumbnailUrl":"https:\/\/www.latribunedufaso.net\/wp-content\/uploads\/2020\/09\/IMG-20200922-WA0037.jpg","articleSection":["Actualit\u00e9","Soci\u00e9t\u00e9"],"inLanguage":"fr-FR","potentialAction":[{"@type":"CommentAction","name":"Comment","target":["https:\/\/www.latribunedufaso.net\/?p=1395#respond"]}]},{"@type":"WebPage","@id":"https:\/\/www.latribunedufaso.net\/?p=1395","url":"https:\/\/www.latribunedufaso.net\/?p=1395","name":"Forum national COVID-19\u00a0: \u00ab\u00a0\u2026ne pas lui offrir ce que le terrorisme n\u2019a pas pu obtenir \u00bb, invite du Premier ministre - La Tribune du Faso","isPartOf":{"@id":"https:\/\/www.latribunedufaso.net\/#website"},"primaryImageOfPage":{"@id":"https:\/\/www.latribunedufaso.net\/?p=1395#primaryimage"},"image":{"@id":"https:\/\/www.latribunedufaso.net\/?p=1395#primaryimage"},"thumbnailUrl":"https:\/\/www.latribunedufaso.net\/wp-content\/uploads\/2020\/09\/IMG-20200922-WA0037.jpg","datePublished":"2020-09-23T11:27:59+00:00","dateModified":"2020-09-29T16:27:10+00:00","breadcrumb":{"@id":"https:\/\/www.latribunedufaso.net\/?p=1395#breadcrumb"},"inLanguage":"fr-FR","potentialAction":[{"@type":"ReadAction","target":["https:\/\/www.latribunedufaso.net\/?p=1395"]}]},{"@type":"ImageObject","inLanguage":"fr-FR","@id":"https:\/\/www.latribunedufaso.net\/?p=1395#primaryimage","url":"https:\/\/www.latribunedufaso.net\/wp-content\/uploads\/2020\/09\/IMG-20200922-WA0037.jpg","contentUrl":"https:\/\/www.latribunedufaso.net\/wp-content\/uploads\/2020\/09\/IMG-20200922-WA0037.jpg","width":1080,"height":605},{"@type":"BreadcrumbList","@id":"https:\/\/www.latribunedufaso.net\/?p=1395#breadcrumb","itemListElement":[{"@type":"ListItem","position":1,"name":"Accueil","item":"https:\/\/www.latribunedufaso.net\/"},{"@type":"ListItem","position":2,"name":"Forum national COVID-19\u00a0: \u00ab\u00a0\u2026ne pas lui offrir ce que le terrorisme n\u2019a pas pu obtenir \u00bb, invite du Premier ministre"}]},{"@type":"WebSite","@id":"https:\/\/www.latribunedufaso.net\/#website","url":"https:\/\/www.latribunedufaso.net\/","name":"La Tribune du Faso","description":"L&#039;information du monde rural en un clic","publisher":{"@id":"https:\/\/www.latribunedufaso.net\/#organization"},"potentialAction":[{"@type":"SearchAction","target":{"@type":"EntryPoint","urlTemplate":"https:\/\/www.latribunedufaso.net\/?s={search_term_string}"},"query-input":{"@type":"PropertyValueSpecification","valueRequired":true,"valueName":"search_term_string"}}],"inLanguage":"fr-FR"},{"@type":"Organization","@id":"https:\/\/www.latribunedufaso.net\/#organization","name":"La Tribune du Faso","url":"https:\/\/www.latribunedufaso.net\/","logo":{"@type":"ImageObject","inLanguage":"fr-FR","@id":"https:\/\/www.latribunedufaso.net\/#\/schema\/logo\/image\/","url":"https:\/\/www.latribunedufaso.net\/wp-content\/uploads\/2020\/08\/Logo-Tribune-du-Faso-final-scaled.jpg","contentUrl":"https:\/\/www.latribunedufaso.net\/wp-content\/uploads\/2020\/08\/Logo-Tribune-du-Faso-final-scaled.jpg","width":2560,"height":1856,"caption":"La Tribune du Faso"},"image":{"@id":"https:\/\/www.latribunedufaso.net\/#\/schema\/logo\/image\/"},"sameAs":["https:\/\/www.facebook.com\/LatribuneduFaso\/"]},{"@type":"Person","@id":"https:\/\/www.latribunedufaso.net\/#\/schema\/person\/a380782d0605bb8aae27c40ea93b35b1","name":"Administrateur","image":{"@type":"ImageObject","inLanguage":"fr-FR","@id":"https:\/\/secure.gravatar.com\/avatar\/e20266f97d741f0e80ba1f60283074a9b3317fd7bfb727e0d95b51dafbf854a1?s=96&d=mm&r=g","url":"https:\/\/secure.gravatar.com\/avatar\/e20266f97d741f0e80ba1f60283074a9b3317fd7bfb727e0d95b51dafbf854a1?s=96&d=mm&r=g","contentUrl":"https:\/\/secure.gravatar.com\/avatar\/e20266f97d741f0e80ba1f60283074a9b3317fd7bfb727e0d95b51dafbf854a1?s=96&d=mm&r=g","caption":"Administrateur"},"url":"https:\/\/www.latribunedufaso.net\/?author=2"}]}},"_links":{"self":[{"href":"https:\/\/www.latribunedufaso.net\/index.php?rest_route=\/wp\/v2\/posts\/1395","targetHints":{"allow":["GET"]}}],"collection":[{"href":"https:\/\/www.latribunedufaso.net\/index.php?rest_route=\/wp\/v2\/posts"}],"about":[{"href":"https:\/\/www.latribunedufaso.net\/index.php?rest_route=\/wp\/v2\/types\/post"}],"author":[{"embeddable":true,"href":"https:\/\/www.latribunedufaso.net\/index.php?rest_route=\/wp\/v2\/users\/2"}],"replies":[{"embeddable":true,"href":"https:\/\/www.latribunedufaso.net\/index.php?rest_route=%2Fwp%2Fv2%2Fcomments&post=1395"}],"version-history":[{"count":1,"href":"https:\/\/www.latribunedufaso.net\/index.php?rest_route=\/wp\/v2\/posts\/1395\/revisions"}],"predecessor-version":[{"id":1396,"href":"https:\/\/www.latribunedufaso.net\/index.php?rest_route=\/wp\/v2\/posts\/1395\/revisions\/1396"}],"wp:featuredmedia":[{"embeddable":true,"href":"https:\/\/www.latribunedufaso.net\/index.php?rest_route=\/wp\/v2\/media\/1378"}],"wp:attachment":[{"href":"https:\/\/www.latribunedufaso.net\/index.php?rest_route=%2Fwp%2Fv2%2Fmedia&parent=1395"}],"wp:term":[{"taxonomy":"category","embeddable":true,"href":"https:\/\/www.latribunedufaso.net\/index.php?rest_route=%2Fwp%2Fv2%2Fcategories&post=1395"},{"taxonomy":"post_tag","embeddable":true,"href":"https:\/\/www.latribunedufaso.net\/index.php?rest_route=%2Fwp%2Fv2%2Ftags&post=1395"}],"curies":[{"name":"wp","href":"https:\/\/api.w.org\/{rel}","templated":true}]}}