{"id":13949,"date":"2023-04-25T09:55:36","date_gmt":"2023-04-25T09:55:36","guid":{"rendered":"https:\/\/www.latribunedufaso.net\/?p=13949"},"modified":"2024-06-05T09:59:48","modified_gmt":"2024-06-05T09:59:48","slug":"ministere-de-lenergie-et-des-mines-trois-nouveaux-directeurs-installes","status":"publish","type":"post","link":"https:\/\/www.latribunedufaso.net\/?p=13949","title":{"rendered":"Minist\u00e8re de l\u2019Energie et des mines : Trois nouveaux directeurs install\u00e9s"},"content":{"rendered":"<div class=\"xdj266r x11i5rnm xat24cr x1mh8g0r x1vvkbs x126k92a\">\n<div dir=\"auto\">Minist\u00e8re de l\u2019Energie, des Mines et des Carri\u00e8res<\/div>\n<\/div>\n<div class=\"x11i5rnm xat24cr x1mh8g0r x1vvkbs xtlvy1s x126k92a\">\n<div dir=\"auto\">De nouveaux directeurs install\u00e9s dans leurs fonctions<\/div>\n<\/div>\n<div class=\"x11i5rnm xat24cr x1mh8g0r x1vvkbs xtlvy1s x126k92a\">\n<div dir=\"auto\">Le Secr\u00e9taire g\u00e9n\u00e9ral du Minist\u00e8re de l&rsquo;Energie, des Mines et des Carri\u00e8res, Jean Baptiste KABORE, a install\u00e9 deux directeurs g\u00e9n\u00e9raux le lundi 24 avril 2023 \u00e0 Ouagadougou. Il s&rsquo;agit de Bans\u00e9li YONLI et de Aristide BELEMSOBGO, respectivement Directeur g\u00e9n\u00e9ral des \u00e9tudes et des statistiques sectorielles (DGESS) et Directeur g\u00e9n\u00e9ral des mines et de la g\u00e9ologie (DGMG).<\/div>\n<div dir=\"auto\"><a tabindex=\"-1\"><\/a>Nomm\u00e9 Directeur g\u00e9n\u00e9ral des \u00e9tudes et des statistiques sectorielles (DGESS) en mai 2022, Bans\u00e9li YONLI est \u00e9galement responsable du programme budg\u00e9taire \u00ab\u00a0Pilotage et soutien \u00bb depuis le Conseil des ministres du 19 avril 2023. Quant \u00e0 Aristide BELEMSOBGO, il a assur\u00e9 l\u2019int\u00e9rim du Directeur g\u00e9n\u00e9ral des mines et de la g\u00e9ologie (DGMG) appel\u00e9 \u00e0 d\u2019autres fonctions avant d\u2019\u00eatre confirm\u00e9 \u00e0 ce poste et cumulativement responsable du programme budg\u00e9taire \u00ab Mines \u00bb.<\/div>\n<div dir=\"auto\">Ils ont tous les deux promis, avec le soutien de leurs collaborateurs, de donner le meilleur d\u2019eux-m\u00eames pour contribuer \u00e0 un meilleur fonctionnement de leur structure respective. Si le DG des \u00e9tudes et statistiques sectorielles Bans\u00e9li YONLI entend produire des donn\u00e9es fiables, celui des mines et de la g\u00e9ologie, Aristide BELEMSOBGO compte relever le d\u00e9fi de la d\u00e9mat\u00e9rialisation du secteur, du suivi de l\u2019activit\u00e9 mini\u00e8re, du plan de r\u00e9habilitation et de gestion des sites miniers.<\/div>\n<div dir=\"auto\">Le deuxi\u00e8me acte de cette c\u00e9r\u00e9monie est l\u2019installation du tout premier Directeur du d\u00e9veloppement institutionnel et de l&rsquo;innovation, du d\u00e9partement, Ferdinand T\u00e9gwend\u00e9 SAWADOGO. Tout comme les deux autres responsables, il a dit mesurer l\u2019ampleur de la t\u00e2che et entend s\u2019investir pour relever les d\u00e9fis.<\/div>\n<\/div>\n<div class=\"x11i5rnm xat24cr x1mh8g0r x1vvkbs xtlvy1s x126k92a\">\n<div dir=\"auto\">La Direction de la Communication et des Relations Presse<\/div>\n<\/div>\n","protected":false},"excerpt":{"rendered":"<p>Minist\u00e8re de l\u2019Energie, des Mines et des Carri\u00e8res De nouveaux directeurs install\u00e9s dans leurs fonctions Le Secr\u00e9taire g\u00e9n\u00e9ral du Minist\u00e8re de l&rsquo;Energie, des Mines et des Carri\u00e8res, Jean Baptiste KABORE, a install\u00e9 deux directeurs g\u00e9n\u00e9raux le lundi 24 avril 2023 \u00e0 Ouagadougou. Il s&rsquo;agit de Bans\u00e9li YONLI et de Aristide BELEMSOBGO, respectivement Directeur g\u00e9n\u00e9ral des \u00e9tudes et des statistiques sectorielles (DGESS) et Directeur g\u00e9n\u00e9ral des mines et de la g\u00e9ologie (DGMG). Nomm\u00e9 Directeur g\u00e9n\u00e9ral des \u00e9tudes et des statistiques sectorielles (DGESS) en mai 2022, Bans\u00e9li YONLI est \u00e9galement responsable du programme budg\u00e9taire \u00ab\u00a0Pilotage et soutien \u00bb depuis le Conseil des ministres du 19 avril 2023. Quant \u00e0 Aristide BELEMSOBGO, il a assur\u00e9 l\u2019int\u00e9rim du Directeur g\u00e9n\u00e9ral des mines et de la g\u00e9ologie (DGMG) appel\u00e9 \u00e0 d\u2019autres fonctions avant d\u2019\u00eatre confirm\u00e9 \u00e0 ce poste et cumulativement responsable du programme budg\u00e9taire \u00ab Mines \u00bb. Ils ont tous les deux promis, avec le soutien de leurs collaborateurs, de donner le meilleur d\u2019eux-m\u00eames pour contribuer \u00e0 un meilleur fonctionnement de leur structure respective. Si le DG des \u00e9tudes et statistiques sectorielles Bans\u00e9li YONLI entend produire des donn\u00e9es fiables, celui des mines et de la g\u00e9ologie, Aristide BELEMSOBGO compte relever le d\u00e9fi de la d\u00e9mat\u00e9rialisation du secteur, du suivi de l\u2019activit\u00e9 mini\u00e8re, du plan de r\u00e9habilitation et de gestion des sites miniers. Le deuxi\u00e8me acte de cette c\u00e9r\u00e9monie est l\u2019installation du tout premier Directeur du d\u00e9veloppement institutionnel et de l&rsquo;innovation, du d\u00e9partement, Ferdinand T\u00e9gwend\u00e9 SAWADOGO. Tout comme les deux autres responsables, il a dit mesurer l\u2019ampleur de la t\u00e2che et entend s\u2019investir pour relever les d\u00e9fis. La Direction de la Communication et des Relations Presse<\/p>\n","protected":false},"author":2,"featured_media":13950,"comment_status":"open","ping_status":"open","sticky":false,"template":"","format":"standard","meta":{"footnotes":""},"categories":[13,1,20,19],"tags":[],"class_list":["post-13949","post","type-post","status-publish","format-standard","has-post-thumbnail","hentry","category-une","category-actu","category-energie","category-mines-et-carrieres"],"yoast_head":"<!-- This site is optimized with the Yoast SEO plugin v27.4 - https:\/\/yoast.com\/product\/yoast-seo-wordpress\/ -->\n<title>Minist\u00e8re de l\u2019Energie et des mines : Trois nouveaux directeurs install\u00e9s - La Tribune du Faso<\/title>\n<meta name=\"robots\" content=\"index, follow, max-snippet:-1, max-image-preview:large, max-video-preview:-1\" \/>\n<link rel=\"canonical\" href=\"https:\/\/www.latribunedufaso.net\/?p=13949\" \/>\n<meta property=\"og:locale\" content=\"fr_FR\" \/>\n<meta property=\"og:type\" content=\"article\" \/>\n<meta property=\"og:title\" content=\"Minist\u00e8re de l\u2019Energie et des mines : Trois nouveaux directeurs install\u00e9s - La Tribune du Faso\" \/>\n<meta property=\"og:description\" content=\"Minist\u00e8re de l\u2019Energie, des Mines et des Carri\u00e8res De nouveaux directeurs install\u00e9s dans leurs fonctions Le Secr\u00e9taire g\u00e9n\u00e9ral du Minist\u00e8re de l&rsquo;Energie, des Mines et des Carri\u00e8res, Jean Baptiste KABORE, a install\u00e9 deux directeurs g\u00e9n\u00e9raux le lundi 24 avril 2023 \u00e0 Ouagadougou. Il s&rsquo;agit de Bans\u00e9li YONLI et de Aristide BELEMSOBGO, respectivement Directeur g\u00e9n\u00e9ral des \u00e9tudes et des statistiques sectorielles (DGESS) et Directeur g\u00e9n\u00e9ral des mines et de la g\u00e9ologie (DGMG). Nomm\u00e9 Directeur g\u00e9n\u00e9ral des \u00e9tudes et des statistiques sectorielles (DGESS) en mai 2022, Bans\u00e9li YONLI est \u00e9galement responsable du programme budg\u00e9taire \u00ab\u00a0Pilotage et soutien \u00bb depuis le Conseil des ministres du 19 avril 2023. Quant \u00e0 Aristide BELEMSOBGO, il a assur\u00e9 l\u2019int\u00e9rim du Directeur g\u00e9n\u00e9ral des mines et de la g\u00e9ologie (DGMG) appel\u00e9 \u00e0 d\u2019autres fonctions avant d\u2019\u00eatre confirm\u00e9 \u00e0 ce poste et cumulativement responsable du programme budg\u00e9taire \u00ab Mines \u00bb. Ils ont tous les deux promis, avec le soutien de leurs collaborateurs, de donner le meilleur d\u2019eux-m\u00eames pour contribuer \u00e0 un meilleur fonctionnement de leur structure respective. Si le DG des \u00e9tudes et statistiques sectorielles Bans\u00e9li YONLI entend produire des donn\u00e9es fiables, celui des mines et de la g\u00e9ologie, Aristide BELEMSOBGO compte relever le d\u00e9fi de la d\u00e9mat\u00e9rialisation du secteur, du suivi de l\u2019activit\u00e9 mini\u00e8re, du plan de r\u00e9habilitation et de gestion des sites miniers. Le deuxi\u00e8me acte de cette c\u00e9r\u00e9monie est l\u2019installation du tout premier Directeur du d\u00e9veloppement institutionnel et de l&rsquo;innovation, du d\u00e9partement, Ferdinand T\u00e9gwend\u00e9 SAWADOGO. Tout comme les deux autres responsables, il a dit mesurer l\u2019ampleur de la t\u00e2che et entend s\u2019investir pour relever les d\u00e9fis. La Direction de la Communication et des Relations Presse\" \/>\n<meta property=\"og:url\" content=\"https:\/\/www.latribunedufaso.net\/?p=13949\" \/>\n<meta property=\"og:site_name\" content=\"La Tribune du Faso\" \/>\n<meta property=\"article:publisher\" content=\"https:\/\/www.facebook.com\/LatribuneduFaso\/\" \/>\n<meta property=\"article:published_time\" content=\"2023-04-25T09:55:36+00:00\" \/>\n<meta property=\"article:modified_time\" content=\"2024-06-05T09:59:48+00:00\" \/>\n<meta property=\"og:image\" content=\"https:\/\/www.latribunedufaso.net\/wp-content\/uploads\/2024\/06\/343170752_755180639575018_4554817785086864641_n.jpg\" \/>\n\t<meta property=\"og:image:width\" content=\"2048\" \/>\n\t<meta property=\"og:image:height\" content=\"1779\" \/>\n\t<meta property=\"og:image:type\" content=\"image\/jpeg\" \/>\n<meta name=\"author\" content=\"Administrateur\" \/>\n<meta name=\"twitter:label1\" content=\"\u00c9crit par\" \/>\n\t<meta name=\"twitter:data1\" content=\"Administrateur\" \/>\n\t<meta name=\"twitter:label2\" content=\"Dur\u00e9e de lecture estim\u00e9e\" \/>\n\t<meta name=\"twitter:data2\" content=\"2 minutes\" \/>\n<script type=\"application\/ld+json\" class=\"yoast-schema-graph\">{\"@context\":\"https:\\\/\\\/schema.org\",\"@graph\":[{\"@type\":\"Article\",\"@id\":\"https:\\\/\\\/www.latribunedufaso.net\\\/?p=13949#article\",\"isPartOf\":{\"@id\":\"https:\\\/\\\/www.latribunedufaso.net\\\/?p=13949\"},\"author\":{\"name\":\"Administrateur\",\"@id\":\"https:\\\/\\\/www.latribunedufaso.net\\\/#\\\/schema\\\/person\\\/a380782d0605bb8aae27c40ea93b35b1\"},\"headline\":\"Minist\u00e8re de l\u2019Energie et des mines : Trois nouveaux directeurs install\u00e9s\",\"datePublished\":\"2023-04-25T09:55:36+00:00\",\"dateModified\":\"2024-06-05T09:59:48+00:00\",\"mainEntityOfPage\":{\"@id\":\"https:\\\/\\\/www.latribunedufaso.net\\\/?p=13949\"},\"wordCount\":324,\"commentCount\":0,\"publisher\":{\"@id\":\"https:\\\/\\\/www.latribunedufaso.net\\\/#organization\"},\"image\":{\"@id\":\"https:\\\/\\\/www.latribunedufaso.net\\\/?p=13949#primaryimage\"},\"thumbnailUrl\":\"https:\\\/\\\/www.latribunedufaso.net\\\/wp-content\\\/uploads\\\/2024\\\/06\\\/343170752_755180639575018_4554817785086864641_n.jpg\",\"articleSection\":[\"A la une\",\"Actualit\u00e9\",\"Energie\",\"Mines et Carri\u00e8res\"],\"inLanguage\":\"fr-FR\",\"potentialAction\":[{\"@type\":\"CommentAction\",\"name\":\"Comment\",\"target\":[\"https:\\\/\\\/www.latribunedufaso.net\\\/?p=13949#respond\"]}]},{\"@type\":\"WebPage\",\"@id\":\"https:\\\/\\\/www.latribunedufaso.net\\\/?p=13949\",\"url\":\"https:\\\/\\\/www.latribunedufaso.net\\\/?p=13949\",\"name\":\"Minist\u00e8re de l\u2019Energie et des mines : Trois nouveaux directeurs install\u00e9s - La Tribune du Faso\",\"isPartOf\":{\"@id\":\"https:\\\/\\\/www.latribunedufaso.net\\\/#website\"},\"primaryImageOfPage\":{\"@id\":\"https:\\\/\\\/www.latribunedufaso.net\\\/?p=13949#primaryimage\"},\"image\":{\"@id\":\"https:\\\/\\\/www.latribunedufaso.net\\\/?p=13949#primaryimage\"},\"thumbnailUrl\":\"https:\\\/\\\/www.latribunedufaso.net\\\/wp-content\\\/uploads\\\/2024\\\/06\\\/343170752_755180639575018_4554817785086864641_n.jpg\",\"datePublished\":\"2023-04-25T09:55:36+00:00\",\"dateModified\":\"2024-06-05T09:59:48+00:00\",\"breadcrumb\":{\"@id\":\"https:\\\/\\\/www.latribunedufaso.net\\\/?p=13949#breadcrumb\"},\"inLanguage\":\"fr-FR\",\"potentialAction\":[{\"@type\":\"ReadAction\",\"target\":[\"https:\\\/\\\/www.latribunedufaso.net\\\/?p=13949\"]}]},{\"@type\":\"ImageObject\",\"inLanguage\":\"fr-FR\",\"@id\":\"https:\\\/\\\/www.latribunedufaso.net\\\/?p=13949#primaryimage\",\"url\":\"https:\\\/\\\/www.latribunedufaso.net\\\/wp-content\\\/uploads\\\/2024\\\/06\\\/343170752_755180639575018_4554817785086864641_n.jpg\",\"contentUrl\":\"https:\\\/\\\/www.latribunedufaso.net\\\/wp-content\\\/uploads\\\/2024\\\/06\\\/343170752_755180639575018_4554817785086864641_n.jpg\",\"width\":2048,\"height\":1779},{\"@type\":\"BreadcrumbList\",\"@id\":\"https:\\\/\\\/www.latribunedufaso.net\\\/?p=13949#breadcrumb\",\"itemListElement\":[{\"@type\":\"ListItem\",\"position\":1,\"name\":\"Accueil\",\"item\":\"https:\\\/\\\/www.latribunedufaso.net\\\/\"},{\"@type\":\"ListItem\",\"position\":2,\"name\":\"Minist\u00e8re de l\u2019Energie et des mines : Trois nouveaux directeurs install\u00e9s\"}]},{\"@type\":\"WebSite\",\"@id\":\"https:\\\/\\\/www.latribunedufaso.net\\\/#website\",\"url\":\"https:\\\/\\\/www.latribunedufaso.net\\\/\",\"name\":\"La Tribune du Faso\",\"description\":\"L&#039;information du monde rural en un clic\",\"publisher\":{\"@id\":\"https:\\\/\\\/www.latribunedufaso.net\\\/#organization\"},\"potentialAction\":[{\"@type\":\"SearchAction\",\"target\":{\"@type\":\"EntryPoint\",\"urlTemplate\":\"https:\\\/\\\/www.latribunedufaso.net\\\/?s={search_term_string}\"},\"query-input\":{\"@type\":\"PropertyValueSpecification\",\"valueRequired\":true,\"valueName\":\"search_term_string\"}}],\"inLanguage\":\"fr-FR\"},{\"@type\":\"Organization\",\"@id\":\"https:\\\/\\\/www.latribunedufaso.net\\\/#organization\",\"name\":\"La Tribune du Faso\",\"url\":\"https:\\\/\\\/www.latribunedufaso.net\\\/\",\"logo\":{\"@type\":\"ImageObject\",\"inLanguage\":\"fr-FR\",\"@id\":\"https:\\\/\\\/www.latribunedufaso.net\\\/#\\\/schema\\\/logo\\\/image\\\/\",\"url\":\"https:\\\/\\\/www.latribunedufaso.net\\\/wp-content\\\/uploads\\\/2020\\\/08\\\/Logo-Tribune-du-Faso-final-scaled.jpg\",\"contentUrl\":\"https:\\\/\\\/www.latribunedufaso.net\\\/wp-content\\\/uploads\\\/2020\\\/08\\\/Logo-Tribune-du-Faso-final-scaled.jpg\",\"width\":2560,\"height\":1856,\"caption\":\"La Tribune du Faso\"},\"image\":{\"@id\":\"https:\\\/\\\/www.latribunedufaso.net\\\/#\\\/schema\\\/logo\\\/image\\\/\"},\"sameAs\":[\"https:\\\/\\\/www.facebook.com\\\/LatribuneduFaso\\\/\"]},{\"@type\":\"Person\",\"@id\":\"https:\\\/\\\/www.latribunedufaso.net\\\/#\\\/schema\\\/person\\\/a380782d0605bb8aae27c40ea93b35b1\",\"name\":\"Administrateur\",\"image\":{\"@type\":\"ImageObject\",\"inLanguage\":\"fr-FR\",\"@id\":\"https:\\\/\\\/secure.gravatar.com\\\/avatar\\\/e20266f97d741f0e80ba1f60283074a9b3317fd7bfb727e0d95b51dafbf854a1?s=96&d=mm&r=g\",\"url\":\"https:\\\/\\\/secure.gravatar.com\\\/avatar\\\/e20266f97d741f0e80ba1f60283074a9b3317fd7bfb727e0d95b51dafbf854a1?s=96&d=mm&r=g\",\"contentUrl\":\"https:\\\/\\\/secure.gravatar.com\\\/avatar\\\/e20266f97d741f0e80ba1f60283074a9b3317fd7bfb727e0d95b51dafbf854a1?s=96&d=mm&r=g\",\"caption\":\"Administrateur\"},\"url\":\"https:\\\/\\\/www.latribunedufaso.net\\\/?author=2\"}]}<\/script>\n<!-- \/ Yoast SEO plugin. -->","yoast_head_json":{"title":"Minist\u00e8re de l\u2019Energie et des mines : Trois nouveaux directeurs install\u00e9s - La Tribune du Faso","robots":{"index":"index","follow":"follow","max-snippet":"max-snippet:-1","max-image-preview":"max-image-preview:large","max-video-preview":"max-video-preview:-1"},"canonical":"https:\/\/www.latribunedufaso.net\/?p=13949","og_locale":"fr_FR","og_type":"article","og_title":"Minist\u00e8re de l\u2019Energie et des mines : Trois nouveaux directeurs install\u00e9s - La Tribune du Faso","og_description":"Minist\u00e8re de l\u2019Energie, des Mines et des Carri\u00e8res De nouveaux directeurs install\u00e9s dans leurs fonctions Le Secr\u00e9taire g\u00e9n\u00e9ral du Minist\u00e8re de l&rsquo;Energie, des Mines et des Carri\u00e8res, Jean Baptiste KABORE, a install\u00e9 deux directeurs g\u00e9n\u00e9raux le lundi 24 avril 2023 \u00e0 Ouagadougou. Il s&rsquo;agit de Bans\u00e9li YONLI et de Aristide BELEMSOBGO, respectivement Directeur g\u00e9n\u00e9ral des \u00e9tudes et des statistiques sectorielles (DGESS) et Directeur g\u00e9n\u00e9ral des mines et de la g\u00e9ologie (DGMG). Nomm\u00e9 Directeur g\u00e9n\u00e9ral des \u00e9tudes et des statistiques sectorielles (DGESS) en mai 2022, Bans\u00e9li YONLI est \u00e9galement responsable du programme budg\u00e9taire \u00ab\u00a0Pilotage et soutien \u00bb depuis le Conseil des ministres du 19 avril 2023. Quant \u00e0 Aristide BELEMSOBGO, il a assur\u00e9 l\u2019int\u00e9rim du Directeur g\u00e9n\u00e9ral des mines et de la g\u00e9ologie (DGMG) appel\u00e9 \u00e0 d\u2019autres fonctions avant d\u2019\u00eatre confirm\u00e9 \u00e0 ce poste et cumulativement responsable du programme budg\u00e9taire \u00ab Mines \u00bb. Ils ont tous les deux promis, avec le soutien de leurs collaborateurs, de donner le meilleur d\u2019eux-m\u00eames pour contribuer \u00e0 un meilleur fonctionnement de leur structure respective. Si le DG des \u00e9tudes et statistiques sectorielles Bans\u00e9li YONLI entend produire des donn\u00e9es fiables, celui des mines et de la g\u00e9ologie, Aristide BELEMSOBGO compte relever le d\u00e9fi de la d\u00e9mat\u00e9rialisation du secteur, du suivi de l\u2019activit\u00e9 mini\u00e8re, du plan de r\u00e9habilitation et de gestion des sites miniers. Le deuxi\u00e8me acte de cette c\u00e9r\u00e9monie est l\u2019installation du tout premier Directeur du d\u00e9veloppement institutionnel et de l&rsquo;innovation, du d\u00e9partement, Ferdinand T\u00e9gwend\u00e9 SAWADOGO. Tout comme les deux autres responsables, il a dit mesurer l\u2019ampleur de la t\u00e2che et entend s\u2019investir pour relever les d\u00e9fis. La Direction de la Communication et des Relations Presse","og_url":"https:\/\/www.latribunedufaso.net\/?p=13949","og_site_name":"La Tribune du Faso","article_publisher":"https:\/\/www.facebook.com\/LatribuneduFaso\/","article_published_time":"2023-04-25T09:55:36+00:00","article_modified_time":"2024-06-05T09:59:48+00:00","og_image":[{"width":2048,"height":1779,"url":"https:\/\/www.latribunedufaso.net\/wp-content\/uploads\/2024\/06\/343170752_755180639575018_4554817785086864641_n.jpg","type":"image\/jpeg"}],"author":"Administrateur","twitter_misc":{"\u00c9crit par":"Administrateur","Dur\u00e9e de lecture estim\u00e9e":"2 minutes"},"schema":{"@context":"https:\/\/schema.org","@graph":[{"@type":"Article","@id":"https:\/\/www.latribunedufaso.net\/?p=13949#article","isPartOf":{"@id":"https:\/\/www.latribunedufaso.net\/?p=13949"},"author":{"name":"Administrateur","@id":"https:\/\/www.latribunedufaso.net\/#\/schema\/person\/a380782d0605bb8aae27c40ea93b35b1"},"headline":"Minist\u00e8re de l\u2019Energie et des mines : Trois nouveaux directeurs install\u00e9s","datePublished":"2023-04-25T09:55:36+00:00","dateModified":"2024-06-05T09:59:48+00:00","mainEntityOfPage":{"@id":"https:\/\/www.latribunedufaso.net\/?p=13949"},"wordCount":324,"commentCount":0,"publisher":{"@id":"https:\/\/www.latribunedufaso.net\/#organization"},"image":{"@id":"https:\/\/www.latribunedufaso.net\/?p=13949#primaryimage"},"thumbnailUrl":"https:\/\/www.latribunedufaso.net\/wp-content\/uploads\/2024\/06\/343170752_755180639575018_4554817785086864641_n.jpg","articleSection":["A la une","Actualit\u00e9","Energie","Mines et Carri\u00e8res"],"inLanguage":"fr-FR","potentialAction":[{"@type":"CommentAction","name":"Comment","target":["https:\/\/www.latribunedufaso.net\/?p=13949#respond"]}]},{"@type":"WebPage","@id":"https:\/\/www.latribunedufaso.net\/?p=13949","url":"https:\/\/www.latribunedufaso.net\/?p=13949","name":"Minist\u00e8re de l\u2019Energie et des mines : Trois nouveaux directeurs install\u00e9s - La Tribune du Faso","isPartOf":{"@id":"https:\/\/www.latribunedufaso.net\/#website"},"primaryImageOfPage":{"@id":"https:\/\/www.latribunedufaso.net\/?p=13949#primaryimage"},"image":{"@id":"https:\/\/www.latribunedufaso.net\/?p=13949#primaryimage"},"thumbnailUrl":"https:\/\/www.latribunedufaso.net\/wp-content\/uploads\/2024\/06\/343170752_755180639575018_4554817785086864641_n.jpg","datePublished":"2023-04-25T09:55:36+00:00","dateModified":"2024-06-05T09:59:48+00:00","breadcrumb":{"@id":"https:\/\/www.latribunedufaso.net\/?p=13949#breadcrumb"},"inLanguage":"fr-FR","potentialAction":[{"@type":"ReadAction","target":["https:\/\/www.latribunedufaso.net\/?p=13949"]}]},{"@type":"ImageObject","inLanguage":"fr-FR","@id":"https:\/\/www.latribunedufaso.net\/?p=13949#primaryimage","url":"https:\/\/www.latribunedufaso.net\/wp-content\/uploads\/2024\/06\/343170752_755180639575018_4554817785086864641_n.jpg","contentUrl":"https:\/\/www.latribunedufaso.net\/wp-content\/uploads\/2024\/06\/343170752_755180639575018_4554817785086864641_n.jpg","width":2048,"height":1779},{"@type":"BreadcrumbList","@id":"https:\/\/www.latribunedufaso.net\/?p=13949#breadcrumb","itemListElement":[{"@type":"ListItem","position":1,"name":"Accueil","item":"https:\/\/www.latribunedufaso.net\/"},{"@type":"ListItem","position":2,"name":"Minist\u00e8re de l\u2019Energie et des mines : Trois nouveaux directeurs install\u00e9s"}]},{"@type":"WebSite","@id":"https:\/\/www.latribunedufaso.net\/#website","url":"https:\/\/www.latribunedufaso.net\/","name":"La Tribune du Faso","description":"L&#039;information du monde rural en un clic","publisher":{"@id":"https:\/\/www.latribunedufaso.net\/#organization"},"potentialAction":[{"@type":"SearchAction","target":{"@type":"EntryPoint","urlTemplate":"https:\/\/www.latribunedufaso.net\/?s={search_term_string}"},"query-input":{"@type":"PropertyValueSpecification","valueRequired":true,"valueName":"search_term_string"}}],"inLanguage":"fr-FR"},{"@type":"Organization","@id":"https:\/\/www.latribunedufaso.net\/#organization","name":"La Tribune du Faso","url":"https:\/\/www.latribunedufaso.net\/","logo":{"@type":"ImageObject","inLanguage":"fr-FR","@id":"https:\/\/www.latribunedufaso.net\/#\/schema\/logo\/image\/","url":"https:\/\/www.latribunedufaso.net\/wp-content\/uploads\/2020\/08\/Logo-Tribune-du-Faso-final-scaled.jpg","contentUrl":"https:\/\/www.latribunedufaso.net\/wp-content\/uploads\/2020\/08\/Logo-Tribune-du-Faso-final-scaled.jpg","width":2560,"height":1856,"caption":"La Tribune du Faso"},"image":{"@id":"https:\/\/www.latribunedufaso.net\/#\/schema\/logo\/image\/"},"sameAs":["https:\/\/www.facebook.com\/LatribuneduFaso\/"]},{"@type":"Person","@id":"https:\/\/www.latribunedufaso.net\/#\/schema\/person\/a380782d0605bb8aae27c40ea93b35b1","name":"Administrateur","image":{"@type":"ImageObject","inLanguage":"fr-FR","@id":"https:\/\/secure.gravatar.com\/avatar\/e20266f97d741f0e80ba1f60283074a9b3317fd7bfb727e0d95b51dafbf854a1?s=96&d=mm&r=g","url":"https:\/\/secure.gravatar.com\/avatar\/e20266f97d741f0e80ba1f60283074a9b3317fd7bfb727e0d95b51dafbf854a1?s=96&d=mm&r=g","contentUrl":"https:\/\/secure.gravatar.com\/avatar\/e20266f97d741f0e80ba1f60283074a9b3317fd7bfb727e0d95b51dafbf854a1?s=96&d=mm&r=g","caption":"Administrateur"},"url":"https:\/\/www.latribunedufaso.net\/?author=2"}]}},"_links":{"self":[{"href":"https:\/\/www.latribunedufaso.net\/index.php?rest_route=\/wp\/v2\/posts\/13949","targetHints":{"allow":["GET"]}}],"collection":[{"href":"https:\/\/www.latribunedufaso.net\/index.php?rest_route=\/wp\/v2\/posts"}],"about":[{"href":"https:\/\/www.latribunedufaso.net\/index.php?rest_route=\/wp\/v2\/types\/post"}],"author":[{"embeddable":true,"href":"https:\/\/www.latribunedufaso.net\/index.php?rest_route=\/wp\/v2\/users\/2"}],"replies":[{"embeddable":true,"href":"https:\/\/www.latribunedufaso.net\/index.php?rest_route=%2Fwp%2Fv2%2Fcomments&post=13949"}],"version-history":[{"count":1,"href":"https:\/\/www.latribunedufaso.net\/index.php?rest_route=\/wp\/v2\/posts\/13949\/revisions"}],"predecessor-version":[{"id":13951,"href":"https:\/\/www.latribunedufaso.net\/index.php?rest_route=\/wp\/v2\/posts\/13949\/revisions\/13951"}],"wp:featuredmedia":[{"embeddable":true,"href":"https:\/\/www.latribunedufaso.net\/index.php?rest_route=\/wp\/v2\/media\/13950"}],"wp:attachment":[{"href":"https:\/\/www.latribunedufaso.net\/index.php?rest_route=%2Fwp%2Fv2%2Fmedia&parent=13949"}],"wp:term":[{"taxonomy":"category","embeddable":true,"href":"https:\/\/www.latribunedufaso.net\/index.php?rest_route=%2Fwp%2Fv2%2Fcategories&post=13949"},{"taxonomy":"post_tag","embeddable":true,"href":"https:\/\/www.latribunedufaso.net\/index.php?rest_route=%2Fwp%2Fv2%2Ftags&post=13949"}],"curies":[{"name":"wp","href":"https:\/\/api.w.org\/{rel}","templated":true}]}}