{"id":13946,"date":"2023-04-28T20:47:05","date_gmt":"2023-04-28T20:47:05","guid":{"rendered":"https:\/\/www.latribunedufaso.net\/?p=13946"},"modified":"2024-06-05T09:55:01","modified_gmt":"2024-06-05T09:55:01","slug":"energie-et-mines-trois-cadres-du-ministere-installes-dans-leur-fonctions","status":"publish","type":"post","link":"https:\/\/www.latribunedufaso.net\/?p=13946","title":{"rendered":"Energie et mines : Trois cadres du minist\u00e8re install\u00e9s dans leur fonctions"},"content":{"rendered":"<div class=\"xdj266r x11i5rnm xat24cr x1mh8g0r x1vvkbs x126k92a\">\n<div dir=\"auto\">Minist\u00e8re de l\u2019Energie, des Mines et des Carri\u00e8res<\/div>\n<\/div>\n<div class=\"x11i5rnm xat24cr x1mh8g0r x1vvkbs xtlvy1s x126k92a\">\n<div dir=\"auto\">Trois nouveaux promus ont pris fonction<\/div>\n<\/div>\n<div class=\"x11i5rnm xat24cr x1mh8g0r x1vvkbs xtlvy1s x126k92a\">\n<div dir=\"auto\">Le directeur de cabinet du Ministre de l\u2019Energie, des Mines et des carri\u00e8res (MEMC), Yaya SANKARA et le Secr\u00e9taire g\u00e9n\u00e9ral Jean-Baptisite KABORE ont install\u00e9 \u00e0 tour de r\u00f4le trois responsables nomm\u00e9s lors du Conseil des ministres du 19 avril dernier. La c\u00e9r\u00e9monie a eu lieu le vendredi 28 avril 2023 \u00e0 Ouagadougou.<\/div>\n<\/div>\n<div class=\"x11i5rnm xat24cr x1mh8g0r x1vvkbs xtlvy1s x126k92a\">\n<div dir=\"auto\"><a tabindex=\"-1\"><\/a>Nomm\u00e9 Directeur g\u00e9n\u00e9ral (DG) de l\u2019\u00e9nergie, Alidou KOUTOU, Docteur en g\u00e9nie \u00e9lectrique, assure cumulativement la fonction de responsable du \u00ab Programme budg\u00e9taire \u00e9nergie \u00bb. Il sera appuy\u00e9 par le DG adjoint, Boubakar Thierry OUEDRAOGO, ing\u00e9nieur \u00e9nerg\u00e9ticien, charg\u00e9 de la transition \u00e9nerg\u00e9tique. Dans son allocution, le DG Alidou KOUTOU, a rappel\u00e9 qu\u2019il exerce dans le secteur de l\u2019\u00e9nergie depuis 20 ans avec un passage \u00e0 la SONABEL et connait donc les d\u00e9fis. \u00ab Nous allons travailler dans la discipline et l\u2019ordre afin que la politique gouvernementale dans le domaine de l\u2019\u00e9nergie puisse \u00eatre efficace \u00bb, a-t-il indiqu\u00e9.<\/div>\n<div dir=\"auto\">Le Secr\u00e9tariat permanent, charg\u00e9 du suivi des grands projets \u00e9nerg\u00e9tiques et miniers est un nouveau poste qui \u00e9choit \u00e0 l\u2019ing\u00e9nieur en g\u00e9nie \u00e9lectrique, Zezouma Adolphe Yannick Clovis SANOU. Conscient des d\u00e9fis \u00e0 relever, il compte sur l\u2019appui de tous ses collaborateurs et a promis une bonne conduite du suivi de tous les grands projets dans les d\u00e9lais, dans la qualit\u00e9 et aussi dans un esprit de z\u00e9ro incidence en sant\u00e9, s\u00e9curit\u00e9 et environnement.<\/div>\n<div dir=\"auto\">Ancien Directeur g\u00e9n\u00e9ral des \u00e9nergies renouvelables et de l\u2019efficacit\u00e9 \u00e9nerg\u00e9tique (DGERE) puis de la Direction g\u00e9n\u00e9rale de la transition \u00e9nerg\u00e9tique (DGTE), Wend Dol\u00e9an Ars\u00e8ne ILBOUDO a c\u00e9d\u00e9 sa place au DG Alidou KOUTOU. Pour le Directeur de cabinet du MEMC, Yaya SANKARA c\u2019est un travailleur acharn\u00e9 qui, malgr\u00e9 ses obligations coutumi\u00e8res, a fait preuve de d\u00e9vouement. L\u2019inauguration la centrale de 30 MW de Nagr\u00e9ongo, la construction de la centrale de Kod\u00e9ni en phase de test, celle de P\u00e2 en cours d\u2019ach\u00e8vement, &#8230;sont des r\u00e9alisations \u00e0 mettre \u00e0 son actif. Le Secr\u00e9taire g\u00e9n\u00e9ral du MEMC, Jean-Baptiste KABORE a affirm\u00e9 qu\u2019il n\u2019y aura pas de temps d\u2019adaptation pour ceux qui entrent en fonction. Il les a invit\u00e9s au travail afin que que le MEMC puisse r\u00e9pondre dans les d\u00e9lais \u00e0 sa lettre de mission.<\/div>\n<\/div>\n<div class=\"x11i5rnm xat24cr x1mh8g0r x1vvkbs xtlvy1s x126k92a\">\n<div dir=\"auto\">Direction de la Communication et des Relations Presse<\/div>\n<\/div>\n","protected":false},"excerpt":{"rendered":"<p>Minist\u00e8re de l\u2019Energie, des Mines et des Carri\u00e8res Trois nouveaux promus ont pris fonction Le directeur de cabinet du Ministre de l\u2019Energie, des Mines et des carri\u00e8res (MEMC), Yaya SANKARA et le Secr\u00e9taire g\u00e9n\u00e9ral Jean-Baptisite KABORE ont install\u00e9 \u00e0 tour de r\u00f4le trois responsables nomm\u00e9s lors du Conseil des ministres du 19 avril dernier. La c\u00e9r\u00e9monie a eu lieu le vendredi 28 avril 2023 \u00e0 Ouagadougou. Nomm\u00e9 Directeur g\u00e9n\u00e9ral (DG) de l\u2019\u00e9nergie, Alidou KOUTOU, Docteur en g\u00e9nie \u00e9lectrique, assure cumulativement la fonction de responsable du \u00ab Programme budg\u00e9taire \u00e9nergie \u00bb. Il sera appuy\u00e9 par le DG adjoint, Boubakar Thierry OUEDRAOGO, ing\u00e9nieur \u00e9nerg\u00e9ticien, charg\u00e9 de la transition \u00e9nerg\u00e9tique. Dans son allocution, le DG Alidou KOUTOU, a rappel\u00e9 qu\u2019il exerce dans le secteur de l\u2019\u00e9nergie depuis 20 ans avec un passage \u00e0 la SONABEL et connait donc les d\u00e9fis. \u00ab Nous allons travailler dans la discipline et l\u2019ordre afin que la politique gouvernementale dans le domaine de l\u2019\u00e9nergie puisse \u00eatre efficace \u00bb, a-t-il indiqu\u00e9. Le Secr\u00e9tariat permanent, charg\u00e9 du suivi des grands projets \u00e9nerg\u00e9tiques et miniers est un nouveau poste qui \u00e9choit \u00e0 l\u2019ing\u00e9nieur en g\u00e9nie \u00e9lectrique, Zezouma Adolphe Yannick Clovis SANOU. Conscient des d\u00e9fis \u00e0 relever, il compte sur l\u2019appui de tous ses collaborateurs et a promis une bonne conduite du suivi de tous les grands projets dans les d\u00e9lais, dans la qualit\u00e9 et aussi dans un esprit de z\u00e9ro incidence en sant\u00e9, s\u00e9curit\u00e9 et environnement. Ancien Directeur g\u00e9n\u00e9ral des \u00e9nergies renouvelables et de l\u2019efficacit\u00e9 \u00e9nerg\u00e9tique (DGERE) puis de la Direction g\u00e9n\u00e9rale de la transition \u00e9nerg\u00e9tique (DGTE), Wend Dol\u00e9an Ars\u00e8ne ILBOUDO a c\u00e9d\u00e9 sa place au DG Alidou KOUTOU. Pour le Directeur de cabinet du MEMC, Yaya SANKARA c\u2019est un travailleur acharn\u00e9 qui, malgr\u00e9 ses obligations coutumi\u00e8res, a fait preuve de d\u00e9vouement. L\u2019inauguration la centrale de 30 MW de Nagr\u00e9ongo, la construction de la centrale de Kod\u00e9ni en phase de test, celle de P\u00e2 en cours d\u2019ach\u00e8vement, &#8230;sont des r\u00e9alisations \u00e0 mettre \u00e0 son actif. Le Secr\u00e9taire g\u00e9n\u00e9ral du MEMC, Jean-Baptiste KABORE a affirm\u00e9 qu\u2019il n\u2019y aura pas de temps d\u2019adaptation pour ceux qui entrent en fonction. Il les a invit\u00e9s au travail afin que que le MEMC puisse r\u00e9pondre dans les d\u00e9lais \u00e0 sa lettre de mission. Direction de la Communication et des Relations Presse<\/p>\n","protected":false},"author":2,"featured_media":13947,"comment_status":"open","ping_status":"open","sticky":false,"template":"","format":"standard","meta":{"footnotes":""},"categories":[13,1,20,19],"tags":[],"class_list":["post-13946","post","type-post","status-publish","format-standard","has-post-thumbnail","hentry","category-une","category-actu","category-energie","category-mines-et-carrieres"],"yoast_head":"<!-- This site is optimized with the Yoast SEO plugin v27.4 - https:\/\/yoast.com\/product\/yoast-seo-wordpress\/ -->\n<title>Energie et mines : Trois cadres du minist\u00e8re install\u00e9s dans leur fonctions - La Tribune du Faso<\/title>\n<meta name=\"robots\" content=\"index, follow, max-snippet:-1, max-image-preview:large, max-video-preview:-1\" \/>\n<link rel=\"canonical\" href=\"https:\/\/www.latribunedufaso.net\/?p=13946\" \/>\n<meta property=\"og:locale\" content=\"fr_FR\" \/>\n<meta property=\"og:type\" content=\"article\" \/>\n<meta property=\"og:title\" content=\"Energie et mines : Trois cadres du minist\u00e8re install\u00e9s dans leur fonctions - La Tribune du Faso\" \/>\n<meta property=\"og:description\" content=\"Minist\u00e8re de l\u2019Energie, des Mines et des Carri\u00e8res Trois nouveaux promus ont pris fonction Le directeur de cabinet du Ministre de l\u2019Energie, des Mines et des carri\u00e8res (MEMC), Yaya SANKARA et le Secr\u00e9taire g\u00e9n\u00e9ral Jean-Baptisite KABORE ont install\u00e9 \u00e0 tour de r\u00f4le trois responsables nomm\u00e9s lors du Conseil des ministres du 19 avril dernier. La c\u00e9r\u00e9monie a eu lieu le vendredi 28 avril 2023 \u00e0 Ouagadougou. Nomm\u00e9 Directeur g\u00e9n\u00e9ral (DG) de l\u2019\u00e9nergie, Alidou KOUTOU, Docteur en g\u00e9nie \u00e9lectrique, assure cumulativement la fonction de responsable du \u00ab Programme budg\u00e9taire \u00e9nergie \u00bb. Il sera appuy\u00e9 par le DG adjoint, Boubakar Thierry OUEDRAOGO, ing\u00e9nieur \u00e9nerg\u00e9ticien, charg\u00e9 de la transition \u00e9nerg\u00e9tique. Dans son allocution, le DG Alidou KOUTOU, a rappel\u00e9 qu\u2019il exerce dans le secteur de l\u2019\u00e9nergie depuis 20 ans avec un passage \u00e0 la SONABEL et connait donc les d\u00e9fis. \u00ab Nous allons travailler dans la discipline et l\u2019ordre afin que la politique gouvernementale dans le domaine de l\u2019\u00e9nergie puisse \u00eatre efficace \u00bb, a-t-il indiqu\u00e9. Le Secr\u00e9tariat permanent, charg\u00e9 du suivi des grands projets \u00e9nerg\u00e9tiques et miniers est un nouveau poste qui \u00e9choit \u00e0 l\u2019ing\u00e9nieur en g\u00e9nie \u00e9lectrique, Zezouma Adolphe Yannick Clovis SANOU. Conscient des d\u00e9fis \u00e0 relever, il compte sur l\u2019appui de tous ses collaborateurs et a promis une bonne conduite du suivi de tous les grands projets dans les d\u00e9lais, dans la qualit\u00e9 et aussi dans un esprit de z\u00e9ro incidence en sant\u00e9, s\u00e9curit\u00e9 et environnement. Ancien Directeur g\u00e9n\u00e9ral des \u00e9nergies renouvelables et de l\u2019efficacit\u00e9 \u00e9nerg\u00e9tique (DGERE) puis de la Direction g\u00e9n\u00e9rale de la transition \u00e9nerg\u00e9tique (DGTE), Wend Dol\u00e9an Ars\u00e8ne ILBOUDO a c\u00e9d\u00e9 sa place au DG Alidou KOUTOU. Pour le Directeur de cabinet du MEMC, Yaya SANKARA c\u2019est un travailleur acharn\u00e9 qui, malgr\u00e9 ses obligations coutumi\u00e8res, a fait preuve de d\u00e9vouement. L\u2019inauguration la centrale de 30 MW de Nagr\u00e9ongo, la construction de la centrale de Kod\u00e9ni en phase de test, celle de P\u00e2 en cours d\u2019ach\u00e8vement, &#8230;sont des r\u00e9alisations \u00e0 mettre \u00e0 son actif. Le Secr\u00e9taire g\u00e9n\u00e9ral du MEMC, Jean-Baptiste KABORE a affirm\u00e9 qu\u2019il n\u2019y aura pas de temps d\u2019adaptation pour ceux qui entrent en fonction. Il les a invit\u00e9s au travail afin que que le MEMC puisse r\u00e9pondre dans les d\u00e9lais \u00e0 sa lettre de mission. Direction de la Communication et des Relations Presse\" \/>\n<meta property=\"og:url\" content=\"https:\/\/www.latribunedufaso.net\/?p=13946\" \/>\n<meta property=\"og:site_name\" content=\"La Tribune du Faso\" \/>\n<meta property=\"article:publisher\" content=\"https:\/\/www.facebook.com\/LatribuneduFaso\/\" \/>\n<meta property=\"article:published_time\" content=\"2023-04-28T20:47:05+00:00\" \/>\n<meta property=\"article:modified_time\" content=\"2024-06-05T09:55:01+00:00\" \/>\n<meta property=\"og:image\" content=\"https:\/\/www.latribunedufaso.net\/wp-content\/uploads\/2024\/06\/343592917_147266454808209_2782510209713037944_n.jpg\" \/>\n\t<meta property=\"og:image:width\" content=\"2048\" \/>\n\t<meta property=\"og:image:height\" content=\"1529\" \/>\n\t<meta property=\"og:image:type\" content=\"image\/jpeg\" \/>\n<meta name=\"author\" content=\"Administrateur\" \/>\n<meta name=\"twitter:label1\" content=\"\u00c9crit par\" \/>\n\t<meta name=\"twitter:data1\" content=\"Administrateur\" \/>\n\t<meta name=\"twitter:label2\" content=\"Dur\u00e9e de lecture estim\u00e9e\" \/>\n\t<meta name=\"twitter:data2\" content=\"2 minutes\" \/>\n<script type=\"application\/ld+json\" class=\"yoast-schema-graph\">{\"@context\":\"https:\\\/\\\/schema.org\",\"@graph\":[{\"@type\":\"Article\",\"@id\":\"https:\\\/\\\/www.latribunedufaso.net\\\/?p=13946#article\",\"isPartOf\":{\"@id\":\"https:\\\/\\\/www.latribunedufaso.net\\\/?p=13946\"},\"author\":{\"name\":\"Administrateur\",\"@id\":\"https:\\\/\\\/www.latribunedufaso.net\\\/#\\\/schema\\\/person\\\/a380782d0605bb8aae27c40ea93b35b1\"},\"headline\":\"Energie et mines : Trois cadres du minist\u00e8re install\u00e9s dans leur fonctions\",\"datePublished\":\"2023-04-28T20:47:05+00:00\",\"dateModified\":\"2024-06-05T09:55:01+00:00\",\"mainEntityOfPage\":{\"@id\":\"https:\\\/\\\/www.latribunedufaso.net\\\/?p=13946\"},\"wordCount\":434,\"commentCount\":0,\"publisher\":{\"@id\":\"https:\\\/\\\/www.latribunedufaso.net\\\/#organization\"},\"image\":{\"@id\":\"https:\\\/\\\/www.latribunedufaso.net\\\/?p=13946#primaryimage\"},\"thumbnailUrl\":\"https:\\\/\\\/www.latribunedufaso.net\\\/wp-content\\\/uploads\\\/2024\\\/06\\\/343592917_147266454808209_2782510209713037944_n.jpg\",\"articleSection\":[\"A la une\",\"Actualit\u00e9\",\"Energie\",\"Mines et Carri\u00e8res\"],\"inLanguage\":\"fr-FR\",\"potentialAction\":[{\"@type\":\"CommentAction\",\"name\":\"Comment\",\"target\":[\"https:\\\/\\\/www.latribunedufaso.net\\\/?p=13946#respond\"]}]},{\"@type\":\"WebPage\",\"@id\":\"https:\\\/\\\/www.latribunedufaso.net\\\/?p=13946\",\"url\":\"https:\\\/\\\/www.latribunedufaso.net\\\/?p=13946\",\"name\":\"Energie et mines : Trois cadres du minist\u00e8re install\u00e9s dans leur fonctions - La Tribune du Faso\",\"isPartOf\":{\"@id\":\"https:\\\/\\\/www.latribunedufaso.net\\\/#website\"},\"primaryImageOfPage\":{\"@id\":\"https:\\\/\\\/www.latribunedufaso.net\\\/?p=13946#primaryimage\"},\"image\":{\"@id\":\"https:\\\/\\\/www.latribunedufaso.net\\\/?p=13946#primaryimage\"},\"thumbnailUrl\":\"https:\\\/\\\/www.latribunedufaso.net\\\/wp-content\\\/uploads\\\/2024\\\/06\\\/343592917_147266454808209_2782510209713037944_n.jpg\",\"datePublished\":\"2023-04-28T20:47:05+00:00\",\"dateModified\":\"2024-06-05T09:55:01+00:00\",\"breadcrumb\":{\"@id\":\"https:\\\/\\\/www.latribunedufaso.net\\\/?p=13946#breadcrumb\"},\"inLanguage\":\"fr-FR\",\"potentialAction\":[{\"@type\":\"ReadAction\",\"target\":[\"https:\\\/\\\/www.latribunedufaso.net\\\/?p=13946\"]}]},{\"@type\":\"ImageObject\",\"inLanguage\":\"fr-FR\",\"@id\":\"https:\\\/\\\/www.latribunedufaso.net\\\/?p=13946#primaryimage\",\"url\":\"https:\\\/\\\/www.latribunedufaso.net\\\/wp-content\\\/uploads\\\/2024\\\/06\\\/343592917_147266454808209_2782510209713037944_n.jpg\",\"contentUrl\":\"https:\\\/\\\/www.latribunedufaso.net\\\/wp-content\\\/uploads\\\/2024\\\/06\\\/343592917_147266454808209_2782510209713037944_n.jpg\",\"width\":2048,\"height\":1529},{\"@type\":\"BreadcrumbList\",\"@id\":\"https:\\\/\\\/www.latribunedufaso.net\\\/?p=13946#breadcrumb\",\"itemListElement\":[{\"@type\":\"ListItem\",\"position\":1,\"name\":\"Accueil\",\"item\":\"https:\\\/\\\/www.latribunedufaso.net\\\/\"},{\"@type\":\"ListItem\",\"position\":2,\"name\":\"Energie et mines : Trois cadres du minist\u00e8re install\u00e9s dans leur fonctions\"}]},{\"@type\":\"WebSite\",\"@id\":\"https:\\\/\\\/www.latribunedufaso.net\\\/#website\",\"url\":\"https:\\\/\\\/www.latribunedufaso.net\\\/\",\"name\":\"La Tribune du Faso\",\"description\":\"L&#039;information du monde rural en un clic\",\"publisher\":{\"@id\":\"https:\\\/\\\/www.latribunedufaso.net\\\/#organization\"},\"potentialAction\":[{\"@type\":\"SearchAction\",\"target\":{\"@type\":\"EntryPoint\",\"urlTemplate\":\"https:\\\/\\\/www.latribunedufaso.net\\\/?s={search_term_string}\"},\"query-input\":{\"@type\":\"PropertyValueSpecification\",\"valueRequired\":true,\"valueName\":\"search_term_string\"}}],\"inLanguage\":\"fr-FR\"},{\"@type\":\"Organization\",\"@id\":\"https:\\\/\\\/www.latribunedufaso.net\\\/#organization\",\"name\":\"La Tribune du Faso\",\"url\":\"https:\\\/\\\/www.latribunedufaso.net\\\/\",\"logo\":{\"@type\":\"ImageObject\",\"inLanguage\":\"fr-FR\",\"@id\":\"https:\\\/\\\/www.latribunedufaso.net\\\/#\\\/schema\\\/logo\\\/image\\\/\",\"url\":\"https:\\\/\\\/www.latribunedufaso.net\\\/wp-content\\\/uploads\\\/2020\\\/08\\\/Logo-Tribune-du-Faso-final-scaled.jpg\",\"contentUrl\":\"https:\\\/\\\/www.latribunedufaso.net\\\/wp-content\\\/uploads\\\/2020\\\/08\\\/Logo-Tribune-du-Faso-final-scaled.jpg\",\"width\":2560,\"height\":1856,\"caption\":\"La Tribune du Faso\"},\"image\":{\"@id\":\"https:\\\/\\\/www.latribunedufaso.net\\\/#\\\/schema\\\/logo\\\/image\\\/\"},\"sameAs\":[\"https:\\\/\\\/www.facebook.com\\\/LatribuneduFaso\\\/\"]},{\"@type\":\"Person\",\"@id\":\"https:\\\/\\\/www.latribunedufaso.net\\\/#\\\/schema\\\/person\\\/a380782d0605bb8aae27c40ea93b35b1\",\"name\":\"Administrateur\",\"image\":{\"@type\":\"ImageObject\",\"inLanguage\":\"fr-FR\",\"@id\":\"https:\\\/\\\/secure.gravatar.com\\\/avatar\\\/e20266f97d741f0e80ba1f60283074a9b3317fd7bfb727e0d95b51dafbf854a1?s=96&d=mm&r=g\",\"url\":\"https:\\\/\\\/secure.gravatar.com\\\/avatar\\\/e20266f97d741f0e80ba1f60283074a9b3317fd7bfb727e0d95b51dafbf854a1?s=96&d=mm&r=g\",\"contentUrl\":\"https:\\\/\\\/secure.gravatar.com\\\/avatar\\\/e20266f97d741f0e80ba1f60283074a9b3317fd7bfb727e0d95b51dafbf854a1?s=96&d=mm&r=g\",\"caption\":\"Administrateur\"},\"url\":\"https:\\\/\\\/www.latribunedufaso.net\\\/?author=2\"}]}<\/script>\n<!-- \/ Yoast SEO plugin. -->","yoast_head_json":{"title":"Energie et mines : Trois cadres du minist\u00e8re install\u00e9s dans leur fonctions - La Tribune du Faso","robots":{"index":"index","follow":"follow","max-snippet":"max-snippet:-1","max-image-preview":"max-image-preview:large","max-video-preview":"max-video-preview:-1"},"canonical":"https:\/\/www.latribunedufaso.net\/?p=13946","og_locale":"fr_FR","og_type":"article","og_title":"Energie et mines : Trois cadres du minist\u00e8re install\u00e9s dans leur fonctions - La Tribune du Faso","og_description":"Minist\u00e8re de l\u2019Energie, des Mines et des Carri\u00e8res Trois nouveaux promus ont pris fonction Le directeur de cabinet du Ministre de l\u2019Energie, des Mines et des carri\u00e8res (MEMC), Yaya SANKARA et le Secr\u00e9taire g\u00e9n\u00e9ral Jean-Baptisite KABORE ont install\u00e9 \u00e0 tour de r\u00f4le trois responsables nomm\u00e9s lors du Conseil des ministres du 19 avril dernier. La c\u00e9r\u00e9monie a eu lieu le vendredi 28 avril 2023 \u00e0 Ouagadougou. Nomm\u00e9 Directeur g\u00e9n\u00e9ral (DG) de l\u2019\u00e9nergie, Alidou KOUTOU, Docteur en g\u00e9nie \u00e9lectrique, assure cumulativement la fonction de responsable du \u00ab Programme budg\u00e9taire \u00e9nergie \u00bb. Il sera appuy\u00e9 par le DG adjoint, Boubakar Thierry OUEDRAOGO, ing\u00e9nieur \u00e9nerg\u00e9ticien, charg\u00e9 de la transition \u00e9nerg\u00e9tique. Dans son allocution, le DG Alidou KOUTOU, a rappel\u00e9 qu\u2019il exerce dans le secteur de l\u2019\u00e9nergie depuis 20 ans avec un passage \u00e0 la SONABEL et connait donc les d\u00e9fis. \u00ab Nous allons travailler dans la discipline et l\u2019ordre afin que la politique gouvernementale dans le domaine de l\u2019\u00e9nergie puisse \u00eatre efficace \u00bb, a-t-il indiqu\u00e9. Le Secr\u00e9tariat permanent, charg\u00e9 du suivi des grands projets \u00e9nerg\u00e9tiques et miniers est un nouveau poste qui \u00e9choit \u00e0 l\u2019ing\u00e9nieur en g\u00e9nie \u00e9lectrique, Zezouma Adolphe Yannick Clovis SANOU. Conscient des d\u00e9fis \u00e0 relever, il compte sur l\u2019appui de tous ses collaborateurs et a promis une bonne conduite du suivi de tous les grands projets dans les d\u00e9lais, dans la qualit\u00e9 et aussi dans un esprit de z\u00e9ro incidence en sant\u00e9, s\u00e9curit\u00e9 et environnement. Ancien Directeur g\u00e9n\u00e9ral des \u00e9nergies renouvelables et de l\u2019efficacit\u00e9 \u00e9nerg\u00e9tique (DGERE) puis de la Direction g\u00e9n\u00e9rale de la transition \u00e9nerg\u00e9tique (DGTE), Wend Dol\u00e9an Ars\u00e8ne ILBOUDO a c\u00e9d\u00e9 sa place au DG Alidou KOUTOU. Pour le Directeur de cabinet du MEMC, Yaya SANKARA c\u2019est un travailleur acharn\u00e9 qui, malgr\u00e9 ses obligations coutumi\u00e8res, a fait preuve de d\u00e9vouement. L\u2019inauguration la centrale de 30 MW de Nagr\u00e9ongo, la construction de la centrale de Kod\u00e9ni en phase de test, celle de P\u00e2 en cours d\u2019ach\u00e8vement, &#8230;sont des r\u00e9alisations \u00e0 mettre \u00e0 son actif. Le Secr\u00e9taire g\u00e9n\u00e9ral du MEMC, Jean-Baptiste KABORE a affirm\u00e9 qu\u2019il n\u2019y aura pas de temps d\u2019adaptation pour ceux qui entrent en fonction. Il les a invit\u00e9s au travail afin que que le MEMC puisse r\u00e9pondre dans les d\u00e9lais \u00e0 sa lettre de mission. Direction de la Communication et des Relations Presse","og_url":"https:\/\/www.latribunedufaso.net\/?p=13946","og_site_name":"La Tribune du Faso","article_publisher":"https:\/\/www.facebook.com\/LatribuneduFaso\/","article_published_time":"2023-04-28T20:47:05+00:00","article_modified_time":"2024-06-05T09:55:01+00:00","og_image":[{"width":2048,"height":1529,"url":"https:\/\/www.latribunedufaso.net\/wp-content\/uploads\/2024\/06\/343592917_147266454808209_2782510209713037944_n.jpg","type":"image\/jpeg"}],"author":"Administrateur","twitter_misc":{"\u00c9crit par":"Administrateur","Dur\u00e9e de lecture estim\u00e9e":"2 minutes"},"schema":{"@context":"https:\/\/schema.org","@graph":[{"@type":"Article","@id":"https:\/\/www.latribunedufaso.net\/?p=13946#article","isPartOf":{"@id":"https:\/\/www.latribunedufaso.net\/?p=13946"},"author":{"name":"Administrateur","@id":"https:\/\/www.latribunedufaso.net\/#\/schema\/person\/a380782d0605bb8aae27c40ea93b35b1"},"headline":"Energie et mines : Trois cadres du minist\u00e8re install\u00e9s dans leur fonctions","datePublished":"2023-04-28T20:47:05+00:00","dateModified":"2024-06-05T09:55:01+00:00","mainEntityOfPage":{"@id":"https:\/\/www.latribunedufaso.net\/?p=13946"},"wordCount":434,"commentCount":0,"publisher":{"@id":"https:\/\/www.latribunedufaso.net\/#organization"},"image":{"@id":"https:\/\/www.latribunedufaso.net\/?p=13946#primaryimage"},"thumbnailUrl":"https:\/\/www.latribunedufaso.net\/wp-content\/uploads\/2024\/06\/343592917_147266454808209_2782510209713037944_n.jpg","articleSection":["A la une","Actualit\u00e9","Energie","Mines et Carri\u00e8res"],"inLanguage":"fr-FR","potentialAction":[{"@type":"CommentAction","name":"Comment","target":["https:\/\/www.latribunedufaso.net\/?p=13946#respond"]}]},{"@type":"WebPage","@id":"https:\/\/www.latribunedufaso.net\/?p=13946","url":"https:\/\/www.latribunedufaso.net\/?p=13946","name":"Energie et mines : Trois cadres du minist\u00e8re install\u00e9s dans leur fonctions - La Tribune du Faso","isPartOf":{"@id":"https:\/\/www.latribunedufaso.net\/#website"},"primaryImageOfPage":{"@id":"https:\/\/www.latribunedufaso.net\/?p=13946#primaryimage"},"image":{"@id":"https:\/\/www.latribunedufaso.net\/?p=13946#primaryimage"},"thumbnailUrl":"https:\/\/www.latribunedufaso.net\/wp-content\/uploads\/2024\/06\/343592917_147266454808209_2782510209713037944_n.jpg","datePublished":"2023-04-28T20:47:05+00:00","dateModified":"2024-06-05T09:55:01+00:00","breadcrumb":{"@id":"https:\/\/www.latribunedufaso.net\/?p=13946#breadcrumb"},"inLanguage":"fr-FR","potentialAction":[{"@type":"ReadAction","target":["https:\/\/www.latribunedufaso.net\/?p=13946"]}]},{"@type":"ImageObject","inLanguage":"fr-FR","@id":"https:\/\/www.latribunedufaso.net\/?p=13946#primaryimage","url":"https:\/\/www.latribunedufaso.net\/wp-content\/uploads\/2024\/06\/343592917_147266454808209_2782510209713037944_n.jpg","contentUrl":"https:\/\/www.latribunedufaso.net\/wp-content\/uploads\/2024\/06\/343592917_147266454808209_2782510209713037944_n.jpg","width":2048,"height":1529},{"@type":"BreadcrumbList","@id":"https:\/\/www.latribunedufaso.net\/?p=13946#breadcrumb","itemListElement":[{"@type":"ListItem","position":1,"name":"Accueil","item":"https:\/\/www.latribunedufaso.net\/"},{"@type":"ListItem","position":2,"name":"Energie et mines : Trois cadres du minist\u00e8re install\u00e9s dans leur fonctions"}]},{"@type":"WebSite","@id":"https:\/\/www.latribunedufaso.net\/#website","url":"https:\/\/www.latribunedufaso.net\/","name":"La Tribune du Faso","description":"L&#039;information du monde rural en un clic","publisher":{"@id":"https:\/\/www.latribunedufaso.net\/#organization"},"potentialAction":[{"@type":"SearchAction","target":{"@type":"EntryPoint","urlTemplate":"https:\/\/www.latribunedufaso.net\/?s={search_term_string}"},"query-input":{"@type":"PropertyValueSpecification","valueRequired":true,"valueName":"search_term_string"}}],"inLanguage":"fr-FR"},{"@type":"Organization","@id":"https:\/\/www.latribunedufaso.net\/#organization","name":"La Tribune du Faso","url":"https:\/\/www.latribunedufaso.net\/","logo":{"@type":"ImageObject","inLanguage":"fr-FR","@id":"https:\/\/www.latribunedufaso.net\/#\/schema\/logo\/image\/","url":"https:\/\/www.latribunedufaso.net\/wp-content\/uploads\/2020\/08\/Logo-Tribune-du-Faso-final-scaled.jpg","contentUrl":"https:\/\/www.latribunedufaso.net\/wp-content\/uploads\/2020\/08\/Logo-Tribune-du-Faso-final-scaled.jpg","width":2560,"height":1856,"caption":"La Tribune du Faso"},"image":{"@id":"https:\/\/www.latribunedufaso.net\/#\/schema\/logo\/image\/"},"sameAs":["https:\/\/www.facebook.com\/LatribuneduFaso\/"]},{"@type":"Person","@id":"https:\/\/www.latribunedufaso.net\/#\/schema\/person\/a380782d0605bb8aae27c40ea93b35b1","name":"Administrateur","image":{"@type":"ImageObject","inLanguage":"fr-FR","@id":"https:\/\/secure.gravatar.com\/avatar\/e20266f97d741f0e80ba1f60283074a9b3317fd7bfb727e0d95b51dafbf854a1?s=96&d=mm&r=g","url":"https:\/\/secure.gravatar.com\/avatar\/e20266f97d741f0e80ba1f60283074a9b3317fd7bfb727e0d95b51dafbf854a1?s=96&d=mm&r=g","contentUrl":"https:\/\/secure.gravatar.com\/avatar\/e20266f97d741f0e80ba1f60283074a9b3317fd7bfb727e0d95b51dafbf854a1?s=96&d=mm&r=g","caption":"Administrateur"},"url":"https:\/\/www.latribunedufaso.net\/?author=2"}]}},"_links":{"self":[{"href":"https:\/\/www.latribunedufaso.net\/index.php?rest_route=\/wp\/v2\/posts\/13946","targetHints":{"allow":["GET"]}}],"collection":[{"href":"https:\/\/www.latribunedufaso.net\/index.php?rest_route=\/wp\/v2\/posts"}],"about":[{"href":"https:\/\/www.latribunedufaso.net\/index.php?rest_route=\/wp\/v2\/types\/post"}],"author":[{"embeddable":true,"href":"https:\/\/www.latribunedufaso.net\/index.php?rest_route=\/wp\/v2\/users\/2"}],"replies":[{"embeddable":true,"href":"https:\/\/www.latribunedufaso.net\/index.php?rest_route=%2Fwp%2Fv2%2Fcomments&post=13946"}],"version-history":[{"count":1,"href":"https:\/\/www.latribunedufaso.net\/index.php?rest_route=\/wp\/v2\/posts\/13946\/revisions"}],"predecessor-version":[{"id":13948,"href":"https:\/\/www.latribunedufaso.net\/index.php?rest_route=\/wp\/v2\/posts\/13946\/revisions\/13948"}],"wp:featuredmedia":[{"embeddable":true,"href":"https:\/\/www.latribunedufaso.net\/index.php?rest_route=\/wp\/v2\/media\/13947"}],"wp:attachment":[{"href":"https:\/\/www.latribunedufaso.net\/index.php?rest_route=%2Fwp%2Fv2%2Fmedia&parent=13946"}],"wp:term":[{"taxonomy":"category","embeddable":true,"href":"https:\/\/www.latribunedufaso.net\/index.php?rest_route=%2Fwp%2Fv2%2Fcategories&post=13946"},{"taxonomy":"post_tag","embeddable":true,"href":"https:\/\/www.latribunedufaso.net\/index.php?rest_route=%2Fwp%2Fv2%2Ftags&post=13946"}],"curies":[{"name":"wp","href":"https:\/\/api.w.org\/{rel}","templated":true}]}}