{"id":13943,"date":"2023-03-21T09:40:01","date_gmt":"2023-03-21T09:40:01","guid":{"rendered":"https:\/\/www.latribunedufaso.net\/?p=13943"},"modified":"2024-06-05T09:42:00","modified_gmt":"2024-06-05T09:42:00","slug":"ministere-de-lenergie-et-des-des-mines-un-plan-de-communication-en-gestation","status":"publish","type":"post","link":"https:\/\/www.latribunedufaso.net\/?p=13943","title":{"rendered":"Minist\u00e8re de l&rsquo;Energie et des des mines : Un plan de communication en gestation"},"content":{"rendered":"<div class=\"xdj266r x11i5rnm xat24cr x1mh8g0r x1vvkbs x126k92a\">\n<div dir=\"auto\">Visibilit\u00e9 des activit\u00e9s du MEMC<\/div>\n<\/div>\n<div class=\"x11i5rnm xat24cr x1mh8g0r x1vvkbs xtlvy1s x126k92a\">\n<div dir=\"auto\">Le d\u00e9partement \u00e9labore son plan de communication.<\/div>\n<\/div>\n<div class=\"x11i5rnm xat24cr x1mh8g0r x1vvkbs xtlvy1s x126k92a\">\n<div dir=\"auto\">Le Directeur de cabinet du Ministre de l\u2019Energie, des Mines et des Carri\u00e8res, Yaya SANKARA, a pr\u00e9sid\u00e9, le lundi 20 mars 2023 \u00e0 Bobo-Dioulasso, l\u2019ouverture des travaux de l\u2019atelier d\u2019\u00e9laboration et de validation du plan de communication du d\u00e9partement au titre de l\u2019ann\u00e9e 2023. L\u2019initiative est de la Direction de la communication et des relations presse.<\/div>\n<\/div>\n<div class=\"x11i5rnm xat24cr x1mh8g0r x1vvkbs xtlvy1s x126k92a\">\n<div dir=\"auto\">Le <a tabindex=\"-1\"><\/a>Burkina Faso traverse une p\u00e9riode difficile sur les plans social, \u00e9conomique, politique, et m\u00eame culturel. Le secteur de l\u2019Energie, des Mines et des Carri\u00e8res est \u00e9galement \u00e9prouv\u00e9 par la menace terroriste avec son corollaire le ralentissement des activit\u00e9s mini\u00e8res, sinon de fermeture de certaines soci\u00e9t\u00e9s mini\u00e8res. \u00ab Dans un tel contexte, il est plus que jamais n\u00e9cessaire de faire de la communication gouvernementale un v\u00e9ritable outil de gouvernance \u00bb a soutenu le Directeur de cabinet du Ministre de l\u2019Energie, des Mines et des Carri\u00e8res, Yaya SANKARA. L\u2019objectif du pr\u00e9sent atelier qui r\u00e9unit l\u2019ensemble des points focaux des structures centrales du Minist\u00e8re de l\u2019Energie, des Mines et des Carri\u00e8res (MEMC), est d\u2019\u00e9laborer et de valider le plan de communication 2023. Ce plan va permettre une meilleure planification des activit\u00e9s de communication en vue d\u2019assurer au mieux la promotion des diff\u00e9rentes structures et leurs activit\u00e9s, ainsi que la valorisation de l\u2019action gouvernementale dans le secteur de l\u2019Energie, des Mines et des carri\u00e8res.<\/div>\n<div dir=\"auto\">Selon Yaya SANKARA, ce document de la DCRP contribuera assur\u00e9ment \u00e0 faire de notre secteur un v\u00e9ritable moteur de croissance \u00e9conomique et de d\u00e9veloppement durable au Burkina Faso. C\u2019est pourquoi, il a invit\u00e9 l&rsquo;ensemble des participants \u00e0 donner le meilleur d\u2019eux-m\u00eames afin de parvenir \u00e0 l\u2019\u00e9laboration et \u00e0 la validation d\u2019un document de qualit\u00e9 pour la visibilit\u00e9 des activit\u00e9s du MEMC. Et ce : \u00ab Pour insuffler une nouvelle dynamique de communication dans le secteur de l\u2019Energie, des Mines et des Carri\u00e8res \u00bb a-t-il insist\u00e9.<\/div>\n<div dir=\"auto\">Au cours de cet atelier, les participants, une trentaine, vont \u00e9galement \u00e9tablir le budget n\u00e9cessaire pour l\u2019op\u00e9rationnalisation du plan de communication. En sus, ils vont d\u00e9finir des approches pouvant faciliter l\u2019atteinte des objectifs de communication du d\u00e9partement.<\/div>\n<\/div>\n<div class=\"x11i5rnm xat24cr x1mh8g0r x1vvkbs xtlvy1s x126k92a\">\n<div dir=\"auto\">Direction de la communication et des relations presse<\/div>\n<\/div>\n","protected":false},"excerpt":{"rendered":"<p>Visibilit\u00e9 des activit\u00e9s du MEMC Le d\u00e9partement \u00e9labore son plan de communication. Le Directeur de cabinet du Ministre de l\u2019Energie, des Mines et des Carri\u00e8res, Yaya SANKARA, a pr\u00e9sid\u00e9, le lundi 20 mars 2023 \u00e0 Bobo-Dioulasso, l\u2019ouverture des travaux de l\u2019atelier d\u2019\u00e9laboration et de validation du plan de communication du d\u00e9partement au titre de l\u2019ann\u00e9e 2023. L\u2019initiative est de la Direction de la communication et des relations presse. Le Burkina Faso traverse une p\u00e9riode difficile sur les plans social, \u00e9conomique, politique, et m\u00eame culturel. Le secteur de l\u2019Energie, des Mines et des Carri\u00e8res est \u00e9galement \u00e9prouv\u00e9 par la menace terroriste avec son corollaire le ralentissement des activit\u00e9s mini\u00e8res, sinon de fermeture de certaines soci\u00e9t\u00e9s mini\u00e8res. \u00ab Dans un tel contexte, il est plus que jamais n\u00e9cessaire de faire de la communication gouvernementale un v\u00e9ritable outil de gouvernance \u00bb a soutenu le Directeur de cabinet du Ministre de l\u2019Energie, des Mines et des Carri\u00e8res, Yaya SANKARA. L\u2019objectif du pr\u00e9sent atelier qui r\u00e9unit l\u2019ensemble des points focaux des structures centrales du Minist\u00e8re de l\u2019Energie, des Mines et des Carri\u00e8res (MEMC), est d\u2019\u00e9laborer et de valider le plan de communication 2023. Ce plan va permettre une meilleure planification des activit\u00e9s de communication en vue d\u2019assurer au mieux la promotion des diff\u00e9rentes structures et leurs activit\u00e9s, ainsi que la valorisation de l\u2019action gouvernementale dans le secteur de l\u2019Energie, des Mines et des carri\u00e8res. Selon Yaya SANKARA, ce document de la DCRP contribuera assur\u00e9ment \u00e0 faire de notre secteur un v\u00e9ritable moteur de croissance \u00e9conomique et de d\u00e9veloppement durable au Burkina Faso. C\u2019est pourquoi, il a invit\u00e9 l&rsquo;ensemble des participants \u00e0 donner le meilleur d\u2019eux-m\u00eames afin de parvenir \u00e0 l\u2019\u00e9laboration et \u00e0 la validation d\u2019un document de qualit\u00e9 pour la visibilit\u00e9 des activit\u00e9s du MEMC. Et ce : \u00ab Pour insuffler une nouvelle dynamique de communication dans le secteur de l\u2019Energie, des Mines et des Carri\u00e8res \u00bb a-t-il insist\u00e9. Au cours de cet atelier, les participants, une trentaine, vont \u00e9galement \u00e9tablir le budget n\u00e9cessaire pour l\u2019op\u00e9rationnalisation du plan de communication. En sus, ils vont d\u00e9finir des approches pouvant faciliter l\u2019atteinte des objectifs de communication du d\u00e9partement. Direction de la communication et des relations presse<\/p>\n","protected":false},"author":2,"featured_media":13944,"comment_status":"open","ping_status":"open","sticky":false,"template":"","format":"standard","meta":{"footnotes":""},"categories":[13,1,20,19],"tags":[],"class_list":["post-13943","post","type-post","status-publish","format-standard","has-post-thumbnail","hentry","category-une","category-actu","category-energie","category-mines-et-carrieres"],"yoast_head":"<!-- This site is optimized with the Yoast SEO plugin v27.4 - https:\/\/yoast.com\/product\/yoast-seo-wordpress\/ -->\n<title>Minist\u00e8re de l&#039;Energie et des des mines : Un plan de communication en gestation - La Tribune du Faso<\/title>\n<meta name=\"robots\" content=\"index, follow, max-snippet:-1, max-image-preview:large, max-video-preview:-1\" \/>\n<link rel=\"canonical\" href=\"https:\/\/www.latribunedufaso.net\/?p=13943\" \/>\n<meta property=\"og:locale\" content=\"fr_FR\" \/>\n<meta property=\"og:type\" content=\"article\" \/>\n<meta property=\"og:title\" content=\"Minist\u00e8re de l&#039;Energie et des des mines : Un plan de communication en gestation - La Tribune du Faso\" \/>\n<meta property=\"og:description\" content=\"Visibilit\u00e9 des activit\u00e9s du MEMC Le d\u00e9partement \u00e9labore son plan de communication. Le Directeur de cabinet du Ministre de l\u2019Energie, des Mines et des Carri\u00e8res, Yaya SANKARA, a pr\u00e9sid\u00e9, le lundi 20 mars 2023 \u00e0 Bobo-Dioulasso, l\u2019ouverture des travaux de l\u2019atelier d\u2019\u00e9laboration et de validation du plan de communication du d\u00e9partement au titre de l\u2019ann\u00e9e 2023. L\u2019initiative est de la Direction de la communication et des relations presse. Le Burkina Faso traverse une p\u00e9riode difficile sur les plans social, \u00e9conomique, politique, et m\u00eame culturel. Le secteur de l\u2019Energie, des Mines et des Carri\u00e8res est \u00e9galement \u00e9prouv\u00e9 par la menace terroriste avec son corollaire le ralentissement des activit\u00e9s mini\u00e8res, sinon de fermeture de certaines soci\u00e9t\u00e9s mini\u00e8res. \u00ab Dans un tel contexte, il est plus que jamais n\u00e9cessaire de faire de la communication gouvernementale un v\u00e9ritable outil de gouvernance \u00bb a soutenu le Directeur de cabinet du Ministre de l\u2019Energie, des Mines et des Carri\u00e8res, Yaya SANKARA. L\u2019objectif du pr\u00e9sent atelier qui r\u00e9unit l\u2019ensemble des points focaux des structures centrales du Minist\u00e8re de l\u2019Energie, des Mines et des Carri\u00e8res (MEMC), est d\u2019\u00e9laborer et de valider le plan de communication 2023. Ce plan va permettre une meilleure planification des activit\u00e9s de communication en vue d\u2019assurer au mieux la promotion des diff\u00e9rentes structures et leurs activit\u00e9s, ainsi que la valorisation de l\u2019action gouvernementale dans le secteur de l\u2019Energie, des Mines et des carri\u00e8res. Selon Yaya SANKARA, ce document de la DCRP contribuera assur\u00e9ment \u00e0 faire de notre secteur un v\u00e9ritable moteur de croissance \u00e9conomique et de d\u00e9veloppement durable au Burkina Faso. C\u2019est pourquoi, il a invit\u00e9 l&rsquo;ensemble des participants \u00e0 donner le meilleur d\u2019eux-m\u00eames afin de parvenir \u00e0 l\u2019\u00e9laboration et \u00e0 la validation d\u2019un document de qualit\u00e9 pour la visibilit\u00e9 des activit\u00e9s du MEMC. Et ce : \u00ab Pour insuffler une nouvelle dynamique de communication dans le secteur de l\u2019Energie, des Mines et des Carri\u00e8res \u00bb a-t-il insist\u00e9. Au cours de cet atelier, les participants, une trentaine, vont \u00e9galement \u00e9tablir le budget n\u00e9cessaire pour l\u2019op\u00e9rationnalisation du plan de communication. En sus, ils vont d\u00e9finir des approches pouvant faciliter l\u2019atteinte des objectifs de communication du d\u00e9partement. Direction de la communication et des relations presse\" \/>\n<meta property=\"og:url\" content=\"https:\/\/www.latribunedufaso.net\/?p=13943\" \/>\n<meta property=\"og:site_name\" content=\"La Tribune du Faso\" \/>\n<meta property=\"article:publisher\" content=\"https:\/\/www.facebook.com\/LatribuneduFaso\/\" \/>\n<meta property=\"article:published_time\" content=\"2023-03-21T09:40:01+00:00\" \/>\n<meta property=\"article:modified_time\" content=\"2024-06-05T09:42:00+00:00\" \/>\n<meta property=\"og:image\" content=\"https:\/\/www.latribunedufaso.net\/wp-content\/uploads\/2024\/06\/336875278_2320528248126552_7787372360852031665_n.jpg\" \/>\n\t<meta property=\"og:image:width\" content=\"2048\" \/>\n\t<meta property=\"og:image:height\" content=\"1536\" \/>\n\t<meta property=\"og:image:type\" content=\"image\/jpeg\" \/>\n<meta name=\"author\" content=\"Administrateur\" \/>\n<meta name=\"twitter:label1\" content=\"\u00c9crit par\" \/>\n\t<meta name=\"twitter:data1\" content=\"Administrateur\" \/>\n\t<meta name=\"twitter:label2\" content=\"Dur\u00e9e de lecture estim\u00e9e\" \/>\n\t<meta name=\"twitter:data2\" content=\"2 minutes\" \/>\n<script type=\"application\/ld+json\" class=\"yoast-schema-graph\">{\"@context\":\"https:\\\/\\\/schema.org\",\"@graph\":[{\"@type\":\"Article\",\"@id\":\"https:\\\/\\\/www.latribunedufaso.net\\\/?p=13943#article\",\"isPartOf\":{\"@id\":\"https:\\\/\\\/www.latribunedufaso.net\\\/?p=13943\"},\"author\":{\"name\":\"Administrateur\",\"@id\":\"https:\\\/\\\/www.latribunedufaso.net\\\/#\\\/schema\\\/person\\\/a380782d0605bb8aae27c40ea93b35b1\"},\"headline\":\"Minist\u00e8re de l&rsquo;Energie et des des mines : Un plan de communication en gestation\",\"datePublished\":\"2023-03-21T09:40:01+00:00\",\"dateModified\":\"2024-06-05T09:42:00+00:00\",\"mainEntityOfPage\":{\"@id\":\"https:\\\/\\\/www.latribunedufaso.net\\\/?p=13943\"},\"wordCount\":418,\"commentCount\":0,\"publisher\":{\"@id\":\"https:\\\/\\\/www.latribunedufaso.net\\\/#organization\"},\"image\":{\"@id\":\"https:\\\/\\\/www.latribunedufaso.net\\\/?p=13943#primaryimage\"},\"thumbnailUrl\":\"https:\\\/\\\/www.latribunedufaso.net\\\/wp-content\\\/uploads\\\/2024\\\/06\\\/336875278_2320528248126552_7787372360852031665_n.jpg\",\"articleSection\":[\"A la une\",\"Actualit\u00e9\",\"Energie\",\"Mines et Carri\u00e8res\"],\"inLanguage\":\"fr-FR\",\"potentialAction\":[{\"@type\":\"CommentAction\",\"name\":\"Comment\",\"target\":[\"https:\\\/\\\/www.latribunedufaso.net\\\/?p=13943#respond\"]}]},{\"@type\":\"WebPage\",\"@id\":\"https:\\\/\\\/www.latribunedufaso.net\\\/?p=13943\",\"url\":\"https:\\\/\\\/www.latribunedufaso.net\\\/?p=13943\",\"name\":\"Minist\u00e8re de l'Energie et des des mines : Un plan de communication en gestation - La Tribune du Faso\",\"isPartOf\":{\"@id\":\"https:\\\/\\\/www.latribunedufaso.net\\\/#website\"},\"primaryImageOfPage\":{\"@id\":\"https:\\\/\\\/www.latribunedufaso.net\\\/?p=13943#primaryimage\"},\"image\":{\"@id\":\"https:\\\/\\\/www.latribunedufaso.net\\\/?p=13943#primaryimage\"},\"thumbnailUrl\":\"https:\\\/\\\/www.latribunedufaso.net\\\/wp-content\\\/uploads\\\/2024\\\/06\\\/336875278_2320528248126552_7787372360852031665_n.jpg\",\"datePublished\":\"2023-03-21T09:40:01+00:00\",\"dateModified\":\"2024-06-05T09:42:00+00:00\",\"breadcrumb\":{\"@id\":\"https:\\\/\\\/www.latribunedufaso.net\\\/?p=13943#breadcrumb\"},\"inLanguage\":\"fr-FR\",\"potentialAction\":[{\"@type\":\"ReadAction\",\"target\":[\"https:\\\/\\\/www.latribunedufaso.net\\\/?p=13943\"]}]},{\"@type\":\"ImageObject\",\"inLanguage\":\"fr-FR\",\"@id\":\"https:\\\/\\\/www.latribunedufaso.net\\\/?p=13943#primaryimage\",\"url\":\"https:\\\/\\\/www.latribunedufaso.net\\\/wp-content\\\/uploads\\\/2024\\\/06\\\/336875278_2320528248126552_7787372360852031665_n.jpg\",\"contentUrl\":\"https:\\\/\\\/www.latribunedufaso.net\\\/wp-content\\\/uploads\\\/2024\\\/06\\\/336875278_2320528248126552_7787372360852031665_n.jpg\",\"width\":2048,\"height\":1536},{\"@type\":\"BreadcrumbList\",\"@id\":\"https:\\\/\\\/www.latribunedufaso.net\\\/?p=13943#breadcrumb\",\"itemListElement\":[{\"@type\":\"ListItem\",\"position\":1,\"name\":\"Accueil\",\"item\":\"https:\\\/\\\/www.latribunedufaso.net\\\/\"},{\"@type\":\"ListItem\",\"position\":2,\"name\":\"Minist\u00e8re de l&rsquo;Energie et des des mines : Un plan de communication en gestation\"}]},{\"@type\":\"WebSite\",\"@id\":\"https:\\\/\\\/www.latribunedufaso.net\\\/#website\",\"url\":\"https:\\\/\\\/www.latribunedufaso.net\\\/\",\"name\":\"La Tribune du Faso\",\"description\":\"L&#039;information du monde rural en un clic\",\"publisher\":{\"@id\":\"https:\\\/\\\/www.latribunedufaso.net\\\/#organization\"},\"potentialAction\":[{\"@type\":\"SearchAction\",\"target\":{\"@type\":\"EntryPoint\",\"urlTemplate\":\"https:\\\/\\\/www.latribunedufaso.net\\\/?s={search_term_string}\"},\"query-input\":{\"@type\":\"PropertyValueSpecification\",\"valueRequired\":true,\"valueName\":\"search_term_string\"}}],\"inLanguage\":\"fr-FR\"},{\"@type\":\"Organization\",\"@id\":\"https:\\\/\\\/www.latribunedufaso.net\\\/#organization\",\"name\":\"La Tribune du Faso\",\"url\":\"https:\\\/\\\/www.latribunedufaso.net\\\/\",\"logo\":{\"@type\":\"ImageObject\",\"inLanguage\":\"fr-FR\",\"@id\":\"https:\\\/\\\/www.latribunedufaso.net\\\/#\\\/schema\\\/logo\\\/image\\\/\",\"url\":\"https:\\\/\\\/www.latribunedufaso.net\\\/wp-content\\\/uploads\\\/2020\\\/08\\\/Logo-Tribune-du-Faso-final-scaled.jpg\",\"contentUrl\":\"https:\\\/\\\/www.latribunedufaso.net\\\/wp-content\\\/uploads\\\/2020\\\/08\\\/Logo-Tribune-du-Faso-final-scaled.jpg\",\"width\":2560,\"height\":1856,\"caption\":\"La Tribune du Faso\"},\"image\":{\"@id\":\"https:\\\/\\\/www.latribunedufaso.net\\\/#\\\/schema\\\/logo\\\/image\\\/\"},\"sameAs\":[\"https:\\\/\\\/www.facebook.com\\\/LatribuneduFaso\\\/\"]},{\"@type\":\"Person\",\"@id\":\"https:\\\/\\\/www.latribunedufaso.net\\\/#\\\/schema\\\/person\\\/a380782d0605bb8aae27c40ea93b35b1\",\"name\":\"Administrateur\",\"image\":{\"@type\":\"ImageObject\",\"inLanguage\":\"fr-FR\",\"@id\":\"https:\\\/\\\/secure.gravatar.com\\\/avatar\\\/e20266f97d741f0e80ba1f60283074a9b3317fd7bfb727e0d95b51dafbf854a1?s=96&d=mm&r=g\",\"url\":\"https:\\\/\\\/secure.gravatar.com\\\/avatar\\\/e20266f97d741f0e80ba1f60283074a9b3317fd7bfb727e0d95b51dafbf854a1?s=96&d=mm&r=g\",\"contentUrl\":\"https:\\\/\\\/secure.gravatar.com\\\/avatar\\\/e20266f97d741f0e80ba1f60283074a9b3317fd7bfb727e0d95b51dafbf854a1?s=96&d=mm&r=g\",\"caption\":\"Administrateur\"},\"url\":\"https:\\\/\\\/www.latribunedufaso.net\\\/?author=2\"}]}<\/script>\n<!-- \/ Yoast SEO plugin. -->","yoast_head_json":{"title":"Minist\u00e8re de l'Energie et des des mines : Un plan de communication en gestation - La Tribune du Faso","robots":{"index":"index","follow":"follow","max-snippet":"max-snippet:-1","max-image-preview":"max-image-preview:large","max-video-preview":"max-video-preview:-1"},"canonical":"https:\/\/www.latribunedufaso.net\/?p=13943","og_locale":"fr_FR","og_type":"article","og_title":"Minist\u00e8re de l'Energie et des des mines : Un plan de communication en gestation - La Tribune du Faso","og_description":"Visibilit\u00e9 des activit\u00e9s du MEMC Le d\u00e9partement \u00e9labore son plan de communication. Le Directeur de cabinet du Ministre de l\u2019Energie, des Mines et des Carri\u00e8res, Yaya SANKARA, a pr\u00e9sid\u00e9, le lundi 20 mars 2023 \u00e0 Bobo-Dioulasso, l\u2019ouverture des travaux de l\u2019atelier d\u2019\u00e9laboration et de validation du plan de communication du d\u00e9partement au titre de l\u2019ann\u00e9e 2023. L\u2019initiative est de la Direction de la communication et des relations presse. Le Burkina Faso traverse une p\u00e9riode difficile sur les plans social, \u00e9conomique, politique, et m\u00eame culturel. Le secteur de l\u2019Energie, des Mines et des Carri\u00e8res est \u00e9galement \u00e9prouv\u00e9 par la menace terroriste avec son corollaire le ralentissement des activit\u00e9s mini\u00e8res, sinon de fermeture de certaines soci\u00e9t\u00e9s mini\u00e8res. \u00ab Dans un tel contexte, il est plus que jamais n\u00e9cessaire de faire de la communication gouvernementale un v\u00e9ritable outil de gouvernance \u00bb a soutenu le Directeur de cabinet du Ministre de l\u2019Energie, des Mines et des Carri\u00e8res, Yaya SANKARA. L\u2019objectif du pr\u00e9sent atelier qui r\u00e9unit l\u2019ensemble des points focaux des structures centrales du Minist\u00e8re de l\u2019Energie, des Mines et des Carri\u00e8res (MEMC), est d\u2019\u00e9laborer et de valider le plan de communication 2023. Ce plan va permettre une meilleure planification des activit\u00e9s de communication en vue d\u2019assurer au mieux la promotion des diff\u00e9rentes structures et leurs activit\u00e9s, ainsi que la valorisation de l\u2019action gouvernementale dans le secteur de l\u2019Energie, des Mines et des carri\u00e8res. Selon Yaya SANKARA, ce document de la DCRP contribuera assur\u00e9ment \u00e0 faire de notre secteur un v\u00e9ritable moteur de croissance \u00e9conomique et de d\u00e9veloppement durable au Burkina Faso. C\u2019est pourquoi, il a invit\u00e9 l&rsquo;ensemble des participants \u00e0 donner le meilleur d\u2019eux-m\u00eames afin de parvenir \u00e0 l\u2019\u00e9laboration et \u00e0 la validation d\u2019un document de qualit\u00e9 pour la visibilit\u00e9 des activit\u00e9s du MEMC. Et ce : \u00ab Pour insuffler une nouvelle dynamique de communication dans le secteur de l\u2019Energie, des Mines et des Carri\u00e8res \u00bb a-t-il insist\u00e9. Au cours de cet atelier, les participants, une trentaine, vont \u00e9galement \u00e9tablir le budget n\u00e9cessaire pour l\u2019op\u00e9rationnalisation du plan de communication. En sus, ils vont d\u00e9finir des approches pouvant faciliter l\u2019atteinte des objectifs de communication du d\u00e9partement. Direction de la communication et des relations presse","og_url":"https:\/\/www.latribunedufaso.net\/?p=13943","og_site_name":"La Tribune du Faso","article_publisher":"https:\/\/www.facebook.com\/LatribuneduFaso\/","article_published_time":"2023-03-21T09:40:01+00:00","article_modified_time":"2024-06-05T09:42:00+00:00","og_image":[{"width":2048,"height":1536,"url":"https:\/\/www.latribunedufaso.net\/wp-content\/uploads\/2024\/06\/336875278_2320528248126552_7787372360852031665_n.jpg","type":"image\/jpeg"}],"author":"Administrateur","twitter_misc":{"\u00c9crit par":"Administrateur","Dur\u00e9e de lecture estim\u00e9e":"2 minutes"},"schema":{"@context":"https:\/\/schema.org","@graph":[{"@type":"Article","@id":"https:\/\/www.latribunedufaso.net\/?p=13943#article","isPartOf":{"@id":"https:\/\/www.latribunedufaso.net\/?p=13943"},"author":{"name":"Administrateur","@id":"https:\/\/www.latribunedufaso.net\/#\/schema\/person\/a380782d0605bb8aae27c40ea93b35b1"},"headline":"Minist\u00e8re de l&rsquo;Energie et des des mines : Un plan de communication en gestation","datePublished":"2023-03-21T09:40:01+00:00","dateModified":"2024-06-05T09:42:00+00:00","mainEntityOfPage":{"@id":"https:\/\/www.latribunedufaso.net\/?p=13943"},"wordCount":418,"commentCount":0,"publisher":{"@id":"https:\/\/www.latribunedufaso.net\/#organization"},"image":{"@id":"https:\/\/www.latribunedufaso.net\/?p=13943#primaryimage"},"thumbnailUrl":"https:\/\/www.latribunedufaso.net\/wp-content\/uploads\/2024\/06\/336875278_2320528248126552_7787372360852031665_n.jpg","articleSection":["A la une","Actualit\u00e9","Energie","Mines et Carri\u00e8res"],"inLanguage":"fr-FR","potentialAction":[{"@type":"CommentAction","name":"Comment","target":["https:\/\/www.latribunedufaso.net\/?p=13943#respond"]}]},{"@type":"WebPage","@id":"https:\/\/www.latribunedufaso.net\/?p=13943","url":"https:\/\/www.latribunedufaso.net\/?p=13943","name":"Minist\u00e8re de l'Energie et des des mines : Un plan de communication en gestation - La Tribune du Faso","isPartOf":{"@id":"https:\/\/www.latribunedufaso.net\/#website"},"primaryImageOfPage":{"@id":"https:\/\/www.latribunedufaso.net\/?p=13943#primaryimage"},"image":{"@id":"https:\/\/www.latribunedufaso.net\/?p=13943#primaryimage"},"thumbnailUrl":"https:\/\/www.latribunedufaso.net\/wp-content\/uploads\/2024\/06\/336875278_2320528248126552_7787372360852031665_n.jpg","datePublished":"2023-03-21T09:40:01+00:00","dateModified":"2024-06-05T09:42:00+00:00","breadcrumb":{"@id":"https:\/\/www.latribunedufaso.net\/?p=13943#breadcrumb"},"inLanguage":"fr-FR","potentialAction":[{"@type":"ReadAction","target":["https:\/\/www.latribunedufaso.net\/?p=13943"]}]},{"@type":"ImageObject","inLanguage":"fr-FR","@id":"https:\/\/www.latribunedufaso.net\/?p=13943#primaryimage","url":"https:\/\/www.latribunedufaso.net\/wp-content\/uploads\/2024\/06\/336875278_2320528248126552_7787372360852031665_n.jpg","contentUrl":"https:\/\/www.latribunedufaso.net\/wp-content\/uploads\/2024\/06\/336875278_2320528248126552_7787372360852031665_n.jpg","width":2048,"height":1536},{"@type":"BreadcrumbList","@id":"https:\/\/www.latribunedufaso.net\/?p=13943#breadcrumb","itemListElement":[{"@type":"ListItem","position":1,"name":"Accueil","item":"https:\/\/www.latribunedufaso.net\/"},{"@type":"ListItem","position":2,"name":"Minist\u00e8re de l&rsquo;Energie et des des mines : Un plan de communication en gestation"}]},{"@type":"WebSite","@id":"https:\/\/www.latribunedufaso.net\/#website","url":"https:\/\/www.latribunedufaso.net\/","name":"La Tribune du Faso","description":"L&#039;information du monde rural en un clic","publisher":{"@id":"https:\/\/www.latribunedufaso.net\/#organization"},"potentialAction":[{"@type":"SearchAction","target":{"@type":"EntryPoint","urlTemplate":"https:\/\/www.latribunedufaso.net\/?s={search_term_string}"},"query-input":{"@type":"PropertyValueSpecification","valueRequired":true,"valueName":"search_term_string"}}],"inLanguage":"fr-FR"},{"@type":"Organization","@id":"https:\/\/www.latribunedufaso.net\/#organization","name":"La Tribune du Faso","url":"https:\/\/www.latribunedufaso.net\/","logo":{"@type":"ImageObject","inLanguage":"fr-FR","@id":"https:\/\/www.latribunedufaso.net\/#\/schema\/logo\/image\/","url":"https:\/\/www.latribunedufaso.net\/wp-content\/uploads\/2020\/08\/Logo-Tribune-du-Faso-final-scaled.jpg","contentUrl":"https:\/\/www.latribunedufaso.net\/wp-content\/uploads\/2020\/08\/Logo-Tribune-du-Faso-final-scaled.jpg","width":2560,"height":1856,"caption":"La Tribune du Faso"},"image":{"@id":"https:\/\/www.latribunedufaso.net\/#\/schema\/logo\/image\/"},"sameAs":["https:\/\/www.facebook.com\/LatribuneduFaso\/"]},{"@type":"Person","@id":"https:\/\/www.latribunedufaso.net\/#\/schema\/person\/a380782d0605bb8aae27c40ea93b35b1","name":"Administrateur","image":{"@type":"ImageObject","inLanguage":"fr-FR","@id":"https:\/\/secure.gravatar.com\/avatar\/e20266f97d741f0e80ba1f60283074a9b3317fd7bfb727e0d95b51dafbf854a1?s=96&d=mm&r=g","url":"https:\/\/secure.gravatar.com\/avatar\/e20266f97d741f0e80ba1f60283074a9b3317fd7bfb727e0d95b51dafbf854a1?s=96&d=mm&r=g","contentUrl":"https:\/\/secure.gravatar.com\/avatar\/e20266f97d741f0e80ba1f60283074a9b3317fd7bfb727e0d95b51dafbf854a1?s=96&d=mm&r=g","caption":"Administrateur"},"url":"https:\/\/www.latribunedufaso.net\/?author=2"}]}},"_links":{"self":[{"href":"https:\/\/www.latribunedufaso.net\/index.php?rest_route=\/wp\/v2\/posts\/13943","targetHints":{"allow":["GET"]}}],"collection":[{"href":"https:\/\/www.latribunedufaso.net\/index.php?rest_route=\/wp\/v2\/posts"}],"about":[{"href":"https:\/\/www.latribunedufaso.net\/index.php?rest_route=\/wp\/v2\/types\/post"}],"author":[{"embeddable":true,"href":"https:\/\/www.latribunedufaso.net\/index.php?rest_route=\/wp\/v2\/users\/2"}],"replies":[{"embeddable":true,"href":"https:\/\/www.latribunedufaso.net\/index.php?rest_route=%2Fwp%2Fv2%2Fcomments&post=13943"}],"version-history":[{"count":1,"href":"https:\/\/www.latribunedufaso.net\/index.php?rest_route=\/wp\/v2\/posts\/13943\/revisions"}],"predecessor-version":[{"id":13945,"href":"https:\/\/www.latribunedufaso.net\/index.php?rest_route=\/wp\/v2\/posts\/13943\/revisions\/13945"}],"wp:featuredmedia":[{"embeddable":true,"href":"https:\/\/www.latribunedufaso.net\/index.php?rest_route=\/wp\/v2\/media\/13944"}],"wp:attachment":[{"href":"https:\/\/www.latribunedufaso.net\/index.php?rest_route=%2Fwp%2Fv2%2Fmedia&parent=13943"}],"wp:term":[{"taxonomy":"category","embeddable":true,"href":"https:\/\/www.latribunedufaso.net\/index.php?rest_route=%2Fwp%2Fv2%2Fcategories&post=13943"},{"taxonomy":"post_tag","embeddable":true,"href":"https:\/\/www.latribunedufaso.net\/index.php?rest_route=%2Fwp%2Fv2%2Ftags&post=13943"}],"curies":[{"name":"wp","href":"https:\/\/api.w.org\/{rel}","templated":true}]}}