{"id":13940,"date":"2023-02-20T21:22:18","date_gmt":"2023-02-20T21:22:18","guid":{"rendered":"https:\/\/www.latribunedufaso.net\/?p=13940"},"modified":"2024-06-05T09:37:52","modified_gmt":"2024-06-05T09:37:52","slug":"energie-et-mines-pratical-action-et-arm-chez-le-ministre-boussim","status":"publish","type":"post","link":"https:\/\/www.latribunedufaso.net\/?p=13940","title":{"rendered":"Energie et Mines : Pratical ACTION et ARM chez le ministre Boussim"},"content":{"rendered":"<div class=\"xdj266r x11i5rnm xat24cr x1mh8g0r x1vvkbs x126k92a\">\n<div dir=\"auto\">Carnet d\u2019audiences : Practical ACTION \u00e9change avec le Ministre Simon-Pierre BOUSSIM<\/div>\n<\/div>\n<div class=\"x11i5rnm xat24cr x1mh8g0r x1vvkbs xtlvy1s x126k92a\">\n<div dir=\"auto\">Le Ministre de l&rsquo;Energie, des Mines et des Carri\u00e8res, Simon-Pierre BOUSSIM a re\u00e7u en audience, le lundi 20 f\u00e9vrier 2023, respectivement une d\u00e9l\u00e9gation de Practical ACTION, de l\u2019Alliance pour une Mine Responsable (ARM) et de IPROBUSINESS.<\/div>\n<div dir=\"auto\">Conduite par Kadija SIMBORO, la d\u00e9l\u00e9gation de Practical ACTION est au Burkina dans le cadre de la mise en \u0153uvre de son programme \u00ab acc\u00e8s \u00e0 l\u2019\u00e9nergie \u00bb. Un <a tabindex=\"-1\"><\/a>programme con\u00e7u principalement pour le milieu rural et qui a pour but d\u2019accompagner les exploitants agricoles afin de leur permettre d\u2019am\u00e9liorer leur productivit\u00e9 \u00e0 travers les \u00e9nergies renouvelables. Avec le soutien de l\u2019Ambassade de Su\u00e8de \u00ab une phase pilote a \u00e9t\u00e9 mise en \u0153uvre et il est question d\u2019inviter le chef du d\u00e9partement \u00e0 pr\u00e9sider la c\u00e9r\u00e9monie du lancement officiel des activit\u00e9s de mise en \u0153uvre du projet qui a une vocation sous r\u00e9gionale, le jeudi 23 f\u00e9vrier 2023 \u00bb, a laiss\u00e9 entendre Kadija SIMBORO.<\/div>\n<div dir=\"auto\">Par la suite, D\u00e9sir\u00e9 NINKEIMA de l\u2019Alliance pour une Mine Responsable (ARM), a \u00e9t\u00e9 la seconde personnalit\u00e9 \u00e0 \u00eatre re\u00e7ue. L\u2019h\u00f4te du jour a dit \u00eatre venu pour pr\u00e9senter sa structure \u00e0 Simon- Pierre BOUSSIM et lui r\u00e9it\u00e9rer la volont\u00e9 de son institution, de renforcer son partenariat avec le minist\u00e8re, notamment dans le sous-secteur de la mine artisanale \u00e0 petite \u00e9chelle. \u00ab En tant qu\u2019expert dans la gouvernance des ressources mini\u00e8res, nous sommes invit\u00e9s \u00e0 la 5eme conf\u00e9rence des Nations Unies en d\u00e9but mars et nous sommes l\u00e0 pour l\u2019informer et requ\u00e9rir ses conseils \u00bb, a expliqu\u00e9 D\u00e9sir\u00e9 NINKEIMA.<\/div>\n<div dir=\"auto\">L\u2019\u00e9quipe de l\u2019entreprise IPROBUSINESS conduite par son Pr\u00e9sident Directeur G\u00e9n\u00e9ral (PDG), Mohamed DABO, est aussi venue informer le Ministre en charge de l\u2019\u00e9nergie de la tenue de la foire internationale des affaires et de coop\u00e9ration les 24 et 25 f\u00e9vrier 2023 au SIAO. Elle a ainsi saisi cette opportunit\u00e9 pour inviter Simon- Pierre BOUSSIM \u00e0 participer \u00e0 cette activit\u00e9 qui va regrouper des entrepreneurs, des hommes d\u2019affaires et des investisseurs turcs au Burkina Faso car, les \u00e9nergies renouvelables seront au c\u0153ur de cette foire. IPROBUSINESS est une entreprise charg\u00e9e de faciliter les relations d\u2019affaires et de coop\u00e9ration entre la Turquie et l\u2019Afrique et plus sp\u00e9cifiquement le Burkina Faso.<\/div>\n<\/div>\n<div class=\"x11i5rnm xat24cr x1mh8g0r x1vvkbs xtlvy1s x126k92a\">\n<div dir=\"auto\">Direction de la Communication et des Relations Presse<\/div>\n<\/div>\n","protected":false},"excerpt":{"rendered":"<p>Carnet d\u2019audiences : Practical ACTION \u00e9change avec le Ministre Simon-Pierre BOUSSIM Le Ministre de l&rsquo;Energie, des Mines et des Carri\u00e8res, Simon-Pierre BOUSSIM a re\u00e7u en audience, le lundi 20 f\u00e9vrier 2023, respectivement une d\u00e9l\u00e9gation de Practical ACTION, de l\u2019Alliance pour une Mine Responsable (ARM) et de IPROBUSINESS. Conduite par Kadija SIMBORO, la d\u00e9l\u00e9gation de Practical ACTION est au Burkina dans le cadre de la mise en \u0153uvre de son programme \u00ab acc\u00e8s \u00e0 l\u2019\u00e9nergie \u00bb. Un programme con\u00e7u principalement pour le milieu rural et qui a pour but d\u2019accompagner les exploitants agricoles afin de leur permettre d\u2019am\u00e9liorer leur productivit\u00e9 \u00e0 travers les \u00e9nergies renouvelables. Avec le soutien de l\u2019Ambassade de Su\u00e8de \u00ab une phase pilote a \u00e9t\u00e9 mise en \u0153uvre et il est question d\u2019inviter le chef du d\u00e9partement \u00e0 pr\u00e9sider la c\u00e9r\u00e9monie du lancement officiel des activit\u00e9s de mise en \u0153uvre du projet qui a une vocation sous r\u00e9gionale, le jeudi 23 f\u00e9vrier 2023 \u00bb, a laiss\u00e9 entendre Kadija SIMBORO. Par la suite, D\u00e9sir\u00e9 NINKEIMA de l\u2019Alliance pour une Mine Responsable (ARM), a \u00e9t\u00e9 la seconde personnalit\u00e9 \u00e0 \u00eatre re\u00e7ue. L\u2019h\u00f4te du jour a dit \u00eatre venu pour pr\u00e9senter sa structure \u00e0 Simon- Pierre BOUSSIM et lui r\u00e9it\u00e9rer la volont\u00e9 de son institution, de renforcer son partenariat avec le minist\u00e8re, notamment dans le sous-secteur de la mine artisanale \u00e0 petite \u00e9chelle. \u00ab En tant qu\u2019expert dans la gouvernance des ressources mini\u00e8res, nous sommes invit\u00e9s \u00e0 la 5eme conf\u00e9rence des Nations Unies en d\u00e9but mars et nous sommes l\u00e0 pour l\u2019informer et requ\u00e9rir ses conseils \u00bb, a expliqu\u00e9 D\u00e9sir\u00e9 NINKEIMA. L\u2019\u00e9quipe de l\u2019entreprise IPROBUSINESS conduite par son Pr\u00e9sident Directeur G\u00e9n\u00e9ral (PDG), Mohamed DABO, est aussi venue informer le Ministre en charge de l\u2019\u00e9nergie de la tenue de la foire internationale des affaires et de coop\u00e9ration les 24 et 25 f\u00e9vrier 2023 au SIAO. Elle a ainsi saisi cette opportunit\u00e9 pour inviter Simon- Pierre BOUSSIM \u00e0 participer \u00e0 cette activit\u00e9 qui va regrouper des entrepreneurs, des hommes d\u2019affaires et des investisseurs turcs au Burkina Faso car, les \u00e9nergies renouvelables seront au c\u0153ur de cette foire. IPROBUSINESS est une entreprise charg\u00e9e de faciliter les relations d\u2019affaires et de coop\u00e9ration entre la Turquie et l\u2019Afrique et plus sp\u00e9cifiquement le Burkina Faso. Direction de la Communication et des Relations Presse<\/p>\n","protected":false},"author":2,"featured_media":13941,"comment_status":"open","ping_status":"open","sticky":false,"template":"","format":"standard","meta":{"footnotes":""},"categories":[13,1,20,19],"tags":[],"class_list":["post-13940","post","type-post","status-publish","format-standard","has-post-thumbnail","hentry","category-une","category-actu","category-energie","category-mines-et-carrieres"],"yoast_head":"<!-- This site is optimized with the Yoast SEO plugin v27.5 - https:\/\/yoast.com\/product\/yoast-seo-wordpress\/ -->\n<title>Energie et Mines : Pratical ACTION et ARM chez le ministre Boussim - La Tribune du Faso<\/title>\n<meta name=\"robots\" content=\"index, follow, max-snippet:-1, max-image-preview:large, max-video-preview:-1\" \/>\n<link rel=\"canonical\" href=\"https:\/\/www.latribunedufaso.net\/?p=13940\" \/>\n<meta property=\"og:locale\" content=\"fr_FR\" \/>\n<meta property=\"og:type\" content=\"article\" \/>\n<meta property=\"og:title\" content=\"Energie et Mines : Pratical ACTION et ARM chez le ministre Boussim - La Tribune du Faso\" \/>\n<meta property=\"og:description\" content=\"Carnet d\u2019audiences : Practical ACTION \u00e9change avec le Ministre Simon-Pierre BOUSSIM Le Ministre de l&rsquo;Energie, des Mines et des Carri\u00e8res, Simon-Pierre BOUSSIM a re\u00e7u en audience, le lundi 20 f\u00e9vrier 2023, respectivement une d\u00e9l\u00e9gation de Practical ACTION, de l\u2019Alliance pour une Mine Responsable (ARM) et de IPROBUSINESS. Conduite par Kadija SIMBORO, la d\u00e9l\u00e9gation de Practical ACTION est au Burkina dans le cadre de la mise en \u0153uvre de son programme \u00ab acc\u00e8s \u00e0 l\u2019\u00e9nergie \u00bb. Un programme con\u00e7u principalement pour le milieu rural et qui a pour but d\u2019accompagner les exploitants agricoles afin de leur permettre d\u2019am\u00e9liorer leur productivit\u00e9 \u00e0 travers les \u00e9nergies renouvelables. Avec le soutien de l\u2019Ambassade de Su\u00e8de \u00ab une phase pilote a \u00e9t\u00e9 mise en \u0153uvre et il est question d\u2019inviter le chef du d\u00e9partement \u00e0 pr\u00e9sider la c\u00e9r\u00e9monie du lancement officiel des activit\u00e9s de mise en \u0153uvre du projet qui a une vocation sous r\u00e9gionale, le jeudi 23 f\u00e9vrier 2023 \u00bb, a laiss\u00e9 entendre Kadija SIMBORO. Par la suite, D\u00e9sir\u00e9 NINKEIMA de l\u2019Alliance pour une Mine Responsable (ARM), a \u00e9t\u00e9 la seconde personnalit\u00e9 \u00e0 \u00eatre re\u00e7ue. L\u2019h\u00f4te du jour a dit \u00eatre venu pour pr\u00e9senter sa structure \u00e0 Simon- Pierre BOUSSIM et lui r\u00e9it\u00e9rer la volont\u00e9 de son institution, de renforcer son partenariat avec le minist\u00e8re, notamment dans le sous-secteur de la mine artisanale \u00e0 petite \u00e9chelle. \u00ab En tant qu\u2019expert dans la gouvernance des ressources mini\u00e8res, nous sommes invit\u00e9s \u00e0 la 5eme conf\u00e9rence des Nations Unies en d\u00e9but mars et nous sommes l\u00e0 pour l\u2019informer et requ\u00e9rir ses conseils \u00bb, a expliqu\u00e9 D\u00e9sir\u00e9 NINKEIMA. L\u2019\u00e9quipe de l\u2019entreprise IPROBUSINESS conduite par son Pr\u00e9sident Directeur G\u00e9n\u00e9ral (PDG), Mohamed DABO, est aussi venue informer le Ministre en charge de l\u2019\u00e9nergie de la tenue de la foire internationale des affaires et de coop\u00e9ration les 24 et 25 f\u00e9vrier 2023 au SIAO. Elle a ainsi saisi cette opportunit\u00e9 pour inviter Simon- Pierre BOUSSIM \u00e0 participer \u00e0 cette activit\u00e9 qui va regrouper des entrepreneurs, des hommes d\u2019affaires et des investisseurs turcs au Burkina Faso car, les \u00e9nergies renouvelables seront au c\u0153ur de cette foire. IPROBUSINESS est une entreprise charg\u00e9e de faciliter les relations d\u2019affaires et de coop\u00e9ration entre la Turquie et l\u2019Afrique et plus sp\u00e9cifiquement le Burkina Faso. Direction de la Communication et des Relations Presse\" \/>\n<meta property=\"og:url\" content=\"https:\/\/www.latribunedufaso.net\/?p=13940\" \/>\n<meta property=\"og:site_name\" content=\"La Tribune du Faso\" \/>\n<meta property=\"article:publisher\" content=\"https:\/\/www.facebook.com\/LatribuneduFaso\/\" \/>\n<meta property=\"article:published_time\" content=\"2023-02-20T21:22:18+00:00\" \/>\n<meta property=\"article:modified_time\" content=\"2024-06-05T09:37:52+00:00\" \/>\n<meta property=\"og:image\" content=\"https:\/\/www.latribunedufaso.net\/wp-content\/uploads\/2024\/06\/332063707_500596082240495_5244700933852317231_n.jpg\" \/>\n\t<meta property=\"og:image:width\" content=\"2048\" \/>\n\t<meta property=\"og:image:height\" content=\"1533\" \/>\n\t<meta property=\"og:image:type\" content=\"image\/jpeg\" \/>\n<meta name=\"author\" content=\"Administrateur\" \/>\n<meta name=\"twitter:label1\" content=\"\u00c9crit par\" \/>\n\t<meta name=\"twitter:data1\" content=\"Administrateur\" \/>\n\t<meta name=\"twitter:label2\" content=\"Dur\u00e9e de lecture estim\u00e9e\" \/>\n\t<meta name=\"twitter:data2\" content=\"2 minutes\" \/>\n<script type=\"application\/ld+json\" class=\"yoast-schema-graph\">{\"@context\":\"https:\\\/\\\/schema.org\",\"@graph\":[{\"@type\":\"Article\",\"@id\":\"https:\\\/\\\/www.latribunedufaso.net\\\/?p=13940#article\",\"isPartOf\":{\"@id\":\"https:\\\/\\\/www.latribunedufaso.net\\\/?p=13940\"},\"author\":{\"name\":\"Administrateur\",\"@id\":\"https:\\\/\\\/www.latribunedufaso.net\\\/#\\\/schema\\\/person\\\/a380782d0605bb8aae27c40ea93b35b1\"},\"headline\":\"Energie et Mines : Pratical ACTION et ARM chez le ministre Boussim\",\"datePublished\":\"2023-02-20T21:22:18+00:00\",\"dateModified\":\"2024-06-05T09:37:52+00:00\",\"mainEntityOfPage\":{\"@id\":\"https:\\\/\\\/www.latribunedufaso.net\\\/?p=13940\"},\"wordCount\":422,\"commentCount\":0,\"publisher\":{\"@id\":\"https:\\\/\\\/www.latribunedufaso.net\\\/#organization\"},\"image\":{\"@id\":\"https:\\\/\\\/www.latribunedufaso.net\\\/?p=13940#primaryimage\"},\"thumbnailUrl\":\"https:\\\/\\\/www.latribunedufaso.net\\\/wp-content\\\/uploads\\\/2024\\\/06\\\/332063707_500596082240495_5244700933852317231_n.jpg\",\"articleSection\":[\"A la une\",\"Actualit\u00e9\",\"Energie\",\"Mines et Carri\u00e8res\"],\"inLanguage\":\"fr-FR\",\"potentialAction\":[{\"@type\":\"CommentAction\",\"name\":\"Comment\",\"target\":[\"https:\\\/\\\/www.latribunedufaso.net\\\/?p=13940#respond\"]}]},{\"@type\":\"WebPage\",\"@id\":\"https:\\\/\\\/www.latribunedufaso.net\\\/?p=13940\",\"url\":\"https:\\\/\\\/www.latribunedufaso.net\\\/?p=13940\",\"name\":\"Energie et Mines : Pratical ACTION et ARM chez le ministre Boussim - La Tribune du Faso\",\"isPartOf\":{\"@id\":\"https:\\\/\\\/www.latribunedufaso.net\\\/#website\"},\"primaryImageOfPage\":{\"@id\":\"https:\\\/\\\/www.latribunedufaso.net\\\/?p=13940#primaryimage\"},\"image\":{\"@id\":\"https:\\\/\\\/www.latribunedufaso.net\\\/?p=13940#primaryimage\"},\"thumbnailUrl\":\"https:\\\/\\\/www.latribunedufaso.net\\\/wp-content\\\/uploads\\\/2024\\\/06\\\/332063707_500596082240495_5244700933852317231_n.jpg\",\"datePublished\":\"2023-02-20T21:22:18+00:00\",\"dateModified\":\"2024-06-05T09:37:52+00:00\",\"breadcrumb\":{\"@id\":\"https:\\\/\\\/www.latribunedufaso.net\\\/?p=13940#breadcrumb\"},\"inLanguage\":\"fr-FR\",\"potentialAction\":[{\"@type\":\"ReadAction\",\"target\":[\"https:\\\/\\\/www.latribunedufaso.net\\\/?p=13940\"]}]},{\"@type\":\"ImageObject\",\"inLanguage\":\"fr-FR\",\"@id\":\"https:\\\/\\\/www.latribunedufaso.net\\\/?p=13940#primaryimage\",\"url\":\"https:\\\/\\\/www.latribunedufaso.net\\\/wp-content\\\/uploads\\\/2024\\\/06\\\/332063707_500596082240495_5244700933852317231_n.jpg\",\"contentUrl\":\"https:\\\/\\\/www.latribunedufaso.net\\\/wp-content\\\/uploads\\\/2024\\\/06\\\/332063707_500596082240495_5244700933852317231_n.jpg\",\"width\":2048,\"height\":1533},{\"@type\":\"BreadcrumbList\",\"@id\":\"https:\\\/\\\/www.latribunedufaso.net\\\/?p=13940#breadcrumb\",\"itemListElement\":[{\"@type\":\"ListItem\",\"position\":1,\"name\":\"Accueil\",\"item\":\"https:\\\/\\\/www.latribunedufaso.net\\\/\"},{\"@type\":\"ListItem\",\"position\":2,\"name\":\"Energie et Mines : Pratical ACTION et ARM chez le ministre Boussim\"}]},{\"@type\":\"WebSite\",\"@id\":\"https:\\\/\\\/www.latribunedufaso.net\\\/#website\",\"url\":\"https:\\\/\\\/www.latribunedufaso.net\\\/\",\"name\":\"La Tribune du Faso\",\"description\":\"L&#039;information du monde rural en un clic\",\"publisher\":{\"@id\":\"https:\\\/\\\/www.latribunedufaso.net\\\/#organization\"},\"potentialAction\":[{\"@type\":\"SearchAction\",\"target\":{\"@type\":\"EntryPoint\",\"urlTemplate\":\"https:\\\/\\\/www.latribunedufaso.net\\\/?s={search_term_string}\"},\"query-input\":{\"@type\":\"PropertyValueSpecification\",\"valueRequired\":true,\"valueName\":\"search_term_string\"}}],\"inLanguage\":\"fr-FR\"},{\"@type\":\"Organization\",\"@id\":\"https:\\\/\\\/www.latribunedufaso.net\\\/#organization\",\"name\":\"La Tribune du Faso\",\"url\":\"https:\\\/\\\/www.latribunedufaso.net\\\/\",\"logo\":{\"@type\":\"ImageObject\",\"inLanguage\":\"fr-FR\",\"@id\":\"https:\\\/\\\/www.latribunedufaso.net\\\/#\\\/schema\\\/logo\\\/image\\\/\",\"url\":\"https:\\\/\\\/www.latribunedufaso.net\\\/wp-content\\\/uploads\\\/2020\\\/08\\\/Logo-Tribune-du-Faso-final-scaled.jpg\",\"contentUrl\":\"https:\\\/\\\/www.latribunedufaso.net\\\/wp-content\\\/uploads\\\/2020\\\/08\\\/Logo-Tribune-du-Faso-final-scaled.jpg\",\"width\":2560,\"height\":1856,\"caption\":\"La Tribune du Faso\"},\"image\":{\"@id\":\"https:\\\/\\\/www.latribunedufaso.net\\\/#\\\/schema\\\/logo\\\/image\\\/\"},\"sameAs\":[\"https:\\\/\\\/www.facebook.com\\\/LatribuneduFaso\\\/\"]},{\"@type\":\"Person\",\"@id\":\"https:\\\/\\\/www.latribunedufaso.net\\\/#\\\/schema\\\/person\\\/a380782d0605bb8aae27c40ea93b35b1\",\"name\":\"Administrateur\",\"image\":{\"@type\":\"ImageObject\",\"inLanguage\":\"fr-FR\",\"@id\":\"https:\\\/\\\/secure.gravatar.com\\\/avatar\\\/e20266f97d741f0e80ba1f60283074a9b3317fd7bfb727e0d95b51dafbf854a1?s=96&d=mm&r=g\",\"url\":\"https:\\\/\\\/secure.gravatar.com\\\/avatar\\\/e20266f97d741f0e80ba1f60283074a9b3317fd7bfb727e0d95b51dafbf854a1?s=96&d=mm&r=g\",\"contentUrl\":\"https:\\\/\\\/secure.gravatar.com\\\/avatar\\\/e20266f97d741f0e80ba1f60283074a9b3317fd7bfb727e0d95b51dafbf854a1?s=96&d=mm&r=g\",\"caption\":\"Administrateur\"},\"url\":\"https:\\\/\\\/www.latribunedufaso.net\\\/?author=2\"}]}<\/script>\n<!-- \/ Yoast SEO plugin. -->","yoast_head_json":{"title":"Energie et Mines : Pratical ACTION et ARM chez le ministre Boussim - La Tribune du Faso","robots":{"index":"index","follow":"follow","max-snippet":"max-snippet:-1","max-image-preview":"max-image-preview:large","max-video-preview":"max-video-preview:-1"},"canonical":"https:\/\/www.latribunedufaso.net\/?p=13940","og_locale":"fr_FR","og_type":"article","og_title":"Energie et Mines : Pratical ACTION et ARM chez le ministre Boussim - La Tribune du Faso","og_description":"Carnet d\u2019audiences : Practical ACTION \u00e9change avec le Ministre Simon-Pierre BOUSSIM Le Ministre de l&rsquo;Energie, des Mines et des Carri\u00e8res, Simon-Pierre BOUSSIM a re\u00e7u en audience, le lundi 20 f\u00e9vrier 2023, respectivement une d\u00e9l\u00e9gation de Practical ACTION, de l\u2019Alliance pour une Mine Responsable (ARM) et de IPROBUSINESS. Conduite par Kadija SIMBORO, la d\u00e9l\u00e9gation de Practical ACTION est au Burkina dans le cadre de la mise en \u0153uvre de son programme \u00ab acc\u00e8s \u00e0 l\u2019\u00e9nergie \u00bb. Un programme con\u00e7u principalement pour le milieu rural et qui a pour but d\u2019accompagner les exploitants agricoles afin de leur permettre d\u2019am\u00e9liorer leur productivit\u00e9 \u00e0 travers les \u00e9nergies renouvelables. Avec le soutien de l\u2019Ambassade de Su\u00e8de \u00ab une phase pilote a \u00e9t\u00e9 mise en \u0153uvre et il est question d\u2019inviter le chef du d\u00e9partement \u00e0 pr\u00e9sider la c\u00e9r\u00e9monie du lancement officiel des activit\u00e9s de mise en \u0153uvre du projet qui a une vocation sous r\u00e9gionale, le jeudi 23 f\u00e9vrier 2023 \u00bb, a laiss\u00e9 entendre Kadija SIMBORO. Par la suite, D\u00e9sir\u00e9 NINKEIMA de l\u2019Alliance pour une Mine Responsable (ARM), a \u00e9t\u00e9 la seconde personnalit\u00e9 \u00e0 \u00eatre re\u00e7ue. L\u2019h\u00f4te du jour a dit \u00eatre venu pour pr\u00e9senter sa structure \u00e0 Simon- Pierre BOUSSIM et lui r\u00e9it\u00e9rer la volont\u00e9 de son institution, de renforcer son partenariat avec le minist\u00e8re, notamment dans le sous-secteur de la mine artisanale \u00e0 petite \u00e9chelle. \u00ab En tant qu\u2019expert dans la gouvernance des ressources mini\u00e8res, nous sommes invit\u00e9s \u00e0 la 5eme conf\u00e9rence des Nations Unies en d\u00e9but mars et nous sommes l\u00e0 pour l\u2019informer et requ\u00e9rir ses conseils \u00bb, a expliqu\u00e9 D\u00e9sir\u00e9 NINKEIMA. L\u2019\u00e9quipe de l\u2019entreprise IPROBUSINESS conduite par son Pr\u00e9sident Directeur G\u00e9n\u00e9ral (PDG), Mohamed DABO, est aussi venue informer le Ministre en charge de l\u2019\u00e9nergie de la tenue de la foire internationale des affaires et de coop\u00e9ration les 24 et 25 f\u00e9vrier 2023 au SIAO. Elle a ainsi saisi cette opportunit\u00e9 pour inviter Simon- Pierre BOUSSIM \u00e0 participer \u00e0 cette activit\u00e9 qui va regrouper des entrepreneurs, des hommes d\u2019affaires et des investisseurs turcs au Burkina Faso car, les \u00e9nergies renouvelables seront au c\u0153ur de cette foire. IPROBUSINESS est une entreprise charg\u00e9e de faciliter les relations d\u2019affaires et de coop\u00e9ration entre la Turquie et l\u2019Afrique et plus sp\u00e9cifiquement le Burkina Faso. Direction de la Communication et des Relations Presse","og_url":"https:\/\/www.latribunedufaso.net\/?p=13940","og_site_name":"La Tribune du Faso","article_publisher":"https:\/\/www.facebook.com\/LatribuneduFaso\/","article_published_time":"2023-02-20T21:22:18+00:00","article_modified_time":"2024-06-05T09:37:52+00:00","og_image":[{"width":2048,"height":1533,"url":"https:\/\/www.latribunedufaso.net\/wp-content\/uploads\/2024\/06\/332063707_500596082240495_5244700933852317231_n.jpg","type":"image\/jpeg"}],"author":"Administrateur","twitter_misc":{"\u00c9crit par":"Administrateur","Dur\u00e9e de lecture estim\u00e9e":"2 minutes"},"schema":{"@context":"https:\/\/schema.org","@graph":[{"@type":"Article","@id":"https:\/\/www.latribunedufaso.net\/?p=13940#article","isPartOf":{"@id":"https:\/\/www.latribunedufaso.net\/?p=13940"},"author":{"name":"Administrateur","@id":"https:\/\/www.latribunedufaso.net\/#\/schema\/person\/a380782d0605bb8aae27c40ea93b35b1"},"headline":"Energie et Mines : Pratical ACTION et ARM chez le ministre Boussim","datePublished":"2023-02-20T21:22:18+00:00","dateModified":"2024-06-05T09:37:52+00:00","mainEntityOfPage":{"@id":"https:\/\/www.latribunedufaso.net\/?p=13940"},"wordCount":422,"commentCount":0,"publisher":{"@id":"https:\/\/www.latribunedufaso.net\/#organization"},"image":{"@id":"https:\/\/www.latribunedufaso.net\/?p=13940#primaryimage"},"thumbnailUrl":"https:\/\/www.latribunedufaso.net\/wp-content\/uploads\/2024\/06\/332063707_500596082240495_5244700933852317231_n.jpg","articleSection":["A la une","Actualit\u00e9","Energie","Mines et Carri\u00e8res"],"inLanguage":"fr-FR","potentialAction":[{"@type":"CommentAction","name":"Comment","target":["https:\/\/www.latribunedufaso.net\/?p=13940#respond"]}]},{"@type":"WebPage","@id":"https:\/\/www.latribunedufaso.net\/?p=13940","url":"https:\/\/www.latribunedufaso.net\/?p=13940","name":"Energie et Mines : Pratical ACTION et ARM chez le ministre Boussim - La Tribune du Faso","isPartOf":{"@id":"https:\/\/www.latribunedufaso.net\/#website"},"primaryImageOfPage":{"@id":"https:\/\/www.latribunedufaso.net\/?p=13940#primaryimage"},"image":{"@id":"https:\/\/www.latribunedufaso.net\/?p=13940#primaryimage"},"thumbnailUrl":"https:\/\/www.latribunedufaso.net\/wp-content\/uploads\/2024\/06\/332063707_500596082240495_5244700933852317231_n.jpg","datePublished":"2023-02-20T21:22:18+00:00","dateModified":"2024-06-05T09:37:52+00:00","breadcrumb":{"@id":"https:\/\/www.latribunedufaso.net\/?p=13940#breadcrumb"},"inLanguage":"fr-FR","potentialAction":[{"@type":"ReadAction","target":["https:\/\/www.latribunedufaso.net\/?p=13940"]}]},{"@type":"ImageObject","inLanguage":"fr-FR","@id":"https:\/\/www.latribunedufaso.net\/?p=13940#primaryimage","url":"https:\/\/www.latribunedufaso.net\/wp-content\/uploads\/2024\/06\/332063707_500596082240495_5244700933852317231_n.jpg","contentUrl":"https:\/\/www.latribunedufaso.net\/wp-content\/uploads\/2024\/06\/332063707_500596082240495_5244700933852317231_n.jpg","width":2048,"height":1533},{"@type":"BreadcrumbList","@id":"https:\/\/www.latribunedufaso.net\/?p=13940#breadcrumb","itemListElement":[{"@type":"ListItem","position":1,"name":"Accueil","item":"https:\/\/www.latribunedufaso.net\/"},{"@type":"ListItem","position":2,"name":"Energie et Mines : Pratical ACTION et ARM chez le ministre Boussim"}]},{"@type":"WebSite","@id":"https:\/\/www.latribunedufaso.net\/#website","url":"https:\/\/www.latribunedufaso.net\/","name":"La Tribune du Faso","description":"L&#039;information du monde rural en un clic","publisher":{"@id":"https:\/\/www.latribunedufaso.net\/#organization"},"potentialAction":[{"@type":"SearchAction","target":{"@type":"EntryPoint","urlTemplate":"https:\/\/www.latribunedufaso.net\/?s={search_term_string}"},"query-input":{"@type":"PropertyValueSpecification","valueRequired":true,"valueName":"search_term_string"}}],"inLanguage":"fr-FR"},{"@type":"Organization","@id":"https:\/\/www.latribunedufaso.net\/#organization","name":"La Tribune du Faso","url":"https:\/\/www.latribunedufaso.net\/","logo":{"@type":"ImageObject","inLanguage":"fr-FR","@id":"https:\/\/www.latribunedufaso.net\/#\/schema\/logo\/image\/","url":"https:\/\/www.latribunedufaso.net\/wp-content\/uploads\/2020\/08\/Logo-Tribune-du-Faso-final-scaled.jpg","contentUrl":"https:\/\/www.latribunedufaso.net\/wp-content\/uploads\/2020\/08\/Logo-Tribune-du-Faso-final-scaled.jpg","width":2560,"height":1856,"caption":"La Tribune du Faso"},"image":{"@id":"https:\/\/www.latribunedufaso.net\/#\/schema\/logo\/image\/"},"sameAs":["https:\/\/www.facebook.com\/LatribuneduFaso\/"]},{"@type":"Person","@id":"https:\/\/www.latribunedufaso.net\/#\/schema\/person\/a380782d0605bb8aae27c40ea93b35b1","name":"Administrateur","image":{"@type":"ImageObject","inLanguage":"fr-FR","@id":"https:\/\/secure.gravatar.com\/avatar\/e20266f97d741f0e80ba1f60283074a9b3317fd7bfb727e0d95b51dafbf854a1?s=96&d=mm&r=g","url":"https:\/\/secure.gravatar.com\/avatar\/e20266f97d741f0e80ba1f60283074a9b3317fd7bfb727e0d95b51dafbf854a1?s=96&d=mm&r=g","contentUrl":"https:\/\/secure.gravatar.com\/avatar\/e20266f97d741f0e80ba1f60283074a9b3317fd7bfb727e0d95b51dafbf854a1?s=96&d=mm&r=g","caption":"Administrateur"},"url":"https:\/\/www.latribunedufaso.net\/?author=2"}]}},"_links":{"self":[{"href":"https:\/\/www.latribunedufaso.net\/index.php?rest_route=\/wp\/v2\/posts\/13940","targetHints":{"allow":["GET"]}}],"collection":[{"href":"https:\/\/www.latribunedufaso.net\/index.php?rest_route=\/wp\/v2\/posts"}],"about":[{"href":"https:\/\/www.latribunedufaso.net\/index.php?rest_route=\/wp\/v2\/types\/post"}],"author":[{"embeddable":true,"href":"https:\/\/www.latribunedufaso.net\/index.php?rest_route=\/wp\/v2\/users\/2"}],"replies":[{"embeddable":true,"href":"https:\/\/www.latribunedufaso.net\/index.php?rest_route=%2Fwp%2Fv2%2Fcomments&post=13940"}],"version-history":[{"count":1,"href":"https:\/\/www.latribunedufaso.net\/index.php?rest_route=\/wp\/v2\/posts\/13940\/revisions"}],"predecessor-version":[{"id":13942,"href":"https:\/\/www.latribunedufaso.net\/index.php?rest_route=\/wp\/v2\/posts\/13940\/revisions\/13942"}],"wp:featuredmedia":[{"embeddable":true,"href":"https:\/\/www.latribunedufaso.net\/index.php?rest_route=\/wp\/v2\/media\/13941"}],"wp:attachment":[{"href":"https:\/\/www.latribunedufaso.net\/index.php?rest_route=%2Fwp%2Fv2%2Fmedia&parent=13940"}],"wp:term":[{"taxonomy":"category","embeddable":true,"href":"https:\/\/www.latribunedufaso.net\/index.php?rest_route=%2Fwp%2Fv2%2Fcategories&post=13940"},{"taxonomy":"post_tag","embeddable":true,"href":"https:\/\/www.latribunedufaso.net\/index.php?rest_route=%2Fwp%2Fv2%2Ftags&post=13940"}],"curies":[{"name":"wp","href":"https:\/\/api.w.org\/{rel}","templated":true}]}}