{"id":13931,"date":"2023-03-22T21:59:08","date_gmt":"2023-03-22T21:59:08","guid":{"rendered":"https:\/\/www.latribunedufaso.net\/?p=13931"},"modified":"2024-06-05T09:08:37","modified_gmt":"2024-06-05T09:08:37","slug":"ministere-de-lenergie-et-des-mines-11-cadres-installes","status":"publish","type":"post","link":"https:\/\/www.latribunedufaso.net\/?p=13931","title":{"rendered":"Minist\u00e8re de l&rsquo;Energie et des mines : 11 cadres install\u00e9s"},"content":{"rendered":"<div class=\"xdj266r x11i5rnm xat24cr x1mh8g0r x1vvkbs x126k92a\">\n<div dir=\"auto\">Minist\u00e8re de l\u2019Energie des Mines et des Carri\u00e8res<\/div>\n<\/div>\n<div class=\"x11i5rnm xat24cr x1mh8g0r x1vvkbs xtlvy1s x126k92a\">\n<div dir=\"auto\">11 nouveaux responsables install\u00e9s<\/div>\n<\/div>\n<div class=\"x11i5rnm xat24cr x1mh8g0r x1vvkbs xtlvy1s x126k92a\">\n<div dir=\"auto\">Le Directeur de Cabinet du ministre de l\u2019Energie des Mines et des Carri\u00e8res, Yaya SANKARA, a install\u00e9 11 nouveaux responsables dans leurs fonctions respectives, le 22 Mars 2023 \u00e0 Ouagadougou.<\/div>\n<\/div>\n<div class=\"x11i5rnm xat24cr x1mh8g0r x1vvkbs xtlvy1s x126k92a\">\n<div dir=\"auto\"><a tabindex=\"-1\"><\/a>Cette c\u00e9r\u00e9monie d\u2019installation a \u00e9t\u00e9 marqu\u00e9e par l\u2019entr\u00e9e en fonction des Conseillers techniques au rang desquels, Souleymane KERE, Kuilga Emmanuel YAMEOGO, et de Mohamadi BILA et des charg\u00e9s de missions que sont, Baba Ahmed COULIBALY, Oumarou MANDE, Ousmane BARBARI, W. Alexis DAKUYO et H\u00e9l\u00e8ne SARE\/OUARE.<\/div>\n<div dir=\"auto\">A l\u2019inspection technique des services, Mabourlaye NOMBRE conserve son fauteuil en qualit\u00e9 d\u2019Inspecteur G\u00e9n\u00e9ral des Services (IGS). Quant \u00e0 l\u2019ancien inspecteur g\u00e9n\u00e9ral des mines, Djibril ZOUNGRANA, il est d\u00e9sormais le nouveau Secr\u00e9taire Permanent de la Commission Nationale des Mines et du Fonds Minier de D\u00e9veloppement Local (SP\/CNM-FMDL). Une structure charg\u00e9e de la validation des activit\u00e9s de la mission de la Commission nationale des mines et le suivi du Fonds minier de d\u00e9veloppement local. Et parmi les chantiers amorc\u00e9s par son pr\u00e9d\u00e9cesseur, le SP Djibril ZOUNGRANA, voit la n\u00e9cessit\u00e9 de disposer d\u2019une \u00e9quipe suffisamment qualifi\u00e9e pour analyser tous les aspects li\u00e9s \u00e0 la validation des dossiers. \u00ab La mise en \u0153uvre des recommandations issues de la Cour des comptes permettra d\u2019am\u00e9liorer la performance de ce Fonds \u00bb, a-t-il indiqu\u00e9.<\/div>\n<div dir=\"auto\">Pr\u00e9c\u00e9demment directeur de l\u2019\u00e9conomie \u00e9nerg\u00e9tique et mini\u00e8re, Z. Z\u00e9phirin ZONGO a pris officiellement les r\u00eanes du Secr\u00e9tariat Technique charg\u00e9 du Contenu local et de la promotion des investissements (ST\/CLPI). Au nombre de ses missions figurent des actions en terme de promotion des investissements, de relance du processus d\u2019op\u00e9rationnalisation du contenu local, et du suivi de l\u2019application des textes relatifs au secteur minier.<\/div>\n<div dir=\"auto\">A l\u2019issue de leur installation, les 11 promus nomm\u00e9s en Conseil des ministres les 10 et 16 Mars 2023, ont dit \u00eatre conscients du travail qui les attend. Ils ont, de ce fait, rassur\u00e9 le premier responsable du d\u00e9partement de leurs engagements \u00e0 travailler afin de m\u00e9riter la confiance plac\u00e9e en eux.<\/div>\n<\/div>\n<div class=\"x11i5rnm xat24cr x1mh8g0r x1vvkbs xtlvy1s x126k92a\">\n<div dir=\"auto\">Direction de la Communication et des Relations Presse<\/div>\n<\/div>\n","protected":false},"excerpt":{"rendered":"<p>Minist\u00e8re de l\u2019Energie des Mines et des Carri\u00e8res 11 nouveaux responsables install\u00e9s Le Directeur de Cabinet du ministre de l\u2019Energie des Mines et des Carri\u00e8res, Yaya SANKARA, a install\u00e9 11 nouveaux responsables dans leurs fonctions respectives, le 22 Mars 2023 \u00e0 Ouagadougou. Cette c\u00e9r\u00e9monie d\u2019installation a \u00e9t\u00e9 marqu\u00e9e par l\u2019entr\u00e9e en fonction des Conseillers techniques au rang desquels, Souleymane KERE, Kuilga Emmanuel YAMEOGO, et de Mohamadi BILA et des charg\u00e9s de missions que sont, Baba Ahmed COULIBALY, Oumarou MANDE, Ousmane BARBARI, W. Alexis DAKUYO et H\u00e9l\u00e8ne SARE\/OUARE. A l\u2019inspection technique des services, Mabourlaye NOMBRE conserve son fauteuil en qualit\u00e9 d\u2019Inspecteur G\u00e9n\u00e9ral des Services (IGS). Quant \u00e0 l\u2019ancien inspecteur g\u00e9n\u00e9ral des mines, Djibril ZOUNGRANA, il est d\u00e9sormais le nouveau Secr\u00e9taire Permanent de la Commission Nationale des Mines et du Fonds Minier de D\u00e9veloppement Local (SP\/CNM-FMDL). Une structure charg\u00e9e de la validation des activit\u00e9s de la mission de la Commission nationale des mines et le suivi du Fonds minier de d\u00e9veloppement local. Et parmi les chantiers amorc\u00e9s par son pr\u00e9d\u00e9cesseur, le SP Djibril ZOUNGRANA, voit la n\u00e9cessit\u00e9 de disposer d\u2019une \u00e9quipe suffisamment qualifi\u00e9e pour analyser tous les aspects li\u00e9s \u00e0 la validation des dossiers. \u00ab La mise en \u0153uvre des recommandations issues de la Cour des comptes permettra d\u2019am\u00e9liorer la performance de ce Fonds \u00bb, a-t-il indiqu\u00e9. Pr\u00e9c\u00e9demment directeur de l\u2019\u00e9conomie \u00e9nerg\u00e9tique et mini\u00e8re, Z. Z\u00e9phirin ZONGO a pris officiellement les r\u00eanes du Secr\u00e9tariat Technique charg\u00e9 du Contenu local et de la promotion des investissements (ST\/CLPI). Au nombre de ses missions figurent des actions en terme de promotion des investissements, de relance du processus d\u2019op\u00e9rationnalisation du contenu local, et du suivi de l\u2019application des textes relatifs au secteur minier. A l\u2019issue de leur installation, les 11 promus nomm\u00e9s en Conseil des ministres les 10 et 16 Mars 2023, ont dit \u00eatre conscients du travail qui les attend. Ils ont, de ce fait, rassur\u00e9 le premier responsable du d\u00e9partement de leurs engagements \u00e0 travailler afin de m\u00e9riter la confiance plac\u00e9e en eux. Direction de la Communication et des Relations Presse<\/p>\n","protected":false},"author":2,"featured_media":13932,"comment_status":"open","ping_status":"open","sticky":false,"template":"","format":"standard","meta":{"footnotes":""},"categories":[13,1,20,19],"tags":[],"class_list":["post-13931","post","type-post","status-publish","format-standard","has-post-thumbnail","hentry","category-une","category-actu","category-energie","category-mines-et-carrieres"],"yoast_head":"<!-- This site is optimized with the Yoast SEO plugin v27.5 - https:\/\/yoast.com\/product\/yoast-seo-wordpress\/ -->\n<title>Minist\u00e8re de l&#039;Energie et des mines : 11 cadres install\u00e9s - La Tribune du Faso<\/title>\n<meta name=\"robots\" content=\"index, follow, max-snippet:-1, max-image-preview:large, max-video-preview:-1\" \/>\n<link rel=\"canonical\" href=\"https:\/\/www.latribunedufaso.net\/?p=13931\" \/>\n<meta property=\"og:locale\" content=\"fr_FR\" \/>\n<meta property=\"og:type\" content=\"article\" \/>\n<meta property=\"og:title\" content=\"Minist\u00e8re de l&#039;Energie et des mines : 11 cadres install\u00e9s - La Tribune du Faso\" \/>\n<meta property=\"og:description\" content=\"Minist\u00e8re de l\u2019Energie des Mines et des Carri\u00e8res 11 nouveaux responsables install\u00e9s Le Directeur de Cabinet du ministre de l\u2019Energie des Mines et des Carri\u00e8res, Yaya SANKARA, a install\u00e9 11 nouveaux responsables dans leurs fonctions respectives, le 22 Mars 2023 \u00e0 Ouagadougou. Cette c\u00e9r\u00e9monie d\u2019installation a \u00e9t\u00e9 marqu\u00e9e par l\u2019entr\u00e9e en fonction des Conseillers techniques au rang desquels, Souleymane KERE, Kuilga Emmanuel YAMEOGO, et de Mohamadi BILA et des charg\u00e9s de missions que sont, Baba Ahmed COULIBALY, Oumarou MANDE, Ousmane BARBARI, W. Alexis DAKUYO et H\u00e9l\u00e8ne SARE\/OUARE. A l\u2019inspection technique des services, Mabourlaye NOMBRE conserve son fauteuil en qualit\u00e9 d\u2019Inspecteur G\u00e9n\u00e9ral des Services (IGS). Quant \u00e0 l\u2019ancien inspecteur g\u00e9n\u00e9ral des mines, Djibril ZOUNGRANA, il est d\u00e9sormais le nouveau Secr\u00e9taire Permanent de la Commission Nationale des Mines et du Fonds Minier de D\u00e9veloppement Local (SP\/CNM-FMDL). Une structure charg\u00e9e de la validation des activit\u00e9s de la mission de la Commission nationale des mines et le suivi du Fonds minier de d\u00e9veloppement local. Et parmi les chantiers amorc\u00e9s par son pr\u00e9d\u00e9cesseur, le SP Djibril ZOUNGRANA, voit la n\u00e9cessit\u00e9 de disposer d\u2019une \u00e9quipe suffisamment qualifi\u00e9e pour analyser tous les aspects li\u00e9s \u00e0 la validation des dossiers. \u00ab La mise en \u0153uvre des recommandations issues de la Cour des comptes permettra d\u2019am\u00e9liorer la performance de ce Fonds \u00bb, a-t-il indiqu\u00e9. Pr\u00e9c\u00e9demment directeur de l\u2019\u00e9conomie \u00e9nerg\u00e9tique et mini\u00e8re, Z. Z\u00e9phirin ZONGO a pris officiellement les r\u00eanes du Secr\u00e9tariat Technique charg\u00e9 du Contenu local et de la promotion des investissements (ST\/CLPI). Au nombre de ses missions figurent des actions en terme de promotion des investissements, de relance du processus d\u2019op\u00e9rationnalisation du contenu local, et du suivi de l\u2019application des textes relatifs au secteur minier. A l\u2019issue de leur installation, les 11 promus nomm\u00e9s en Conseil des ministres les 10 et 16 Mars 2023, ont dit \u00eatre conscients du travail qui les attend. Ils ont, de ce fait, rassur\u00e9 le premier responsable du d\u00e9partement de leurs engagements \u00e0 travailler afin de m\u00e9riter la confiance plac\u00e9e en eux. Direction de la Communication et des Relations Presse\" \/>\n<meta property=\"og:url\" content=\"https:\/\/www.latribunedufaso.net\/?p=13931\" \/>\n<meta property=\"og:site_name\" content=\"La Tribune du Faso\" \/>\n<meta property=\"article:publisher\" content=\"https:\/\/www.facebook.com\/LatribuneduFaso\/\" \/>\n<meta property=\"article:published_time\" content=\"2023-03-22T21:59:08+00:00\" \/>\n<meta property=\"article:modified_time\" content=\"2024-06-05T09:08:37+00:00\" \/>\n<meta property=\"og:image\" content=\"https:\/\/www.latribunedufaso.net\/wp-content\/uploads\/2024\/06\/330302654_1426581811484153_6628082284032207882_n.jpg\" \/>\n\t<meta property=\"og:image:width\" content=\"2048\" \/>\n\t<meta property=\"og:image:height\" content=\"1120\" \/>\n\t<meta property=\"og:image:type\" content=\"image\/jpeg\" \/>\n<meta name=\"author\" content=\"Administrateur\" \/>\n<meta name=\"twitter:label1\" content=\"\u00c9crit par\" \/>\n\t<meta name=\"twitter:data1\" content=\"Administrateur\" \/>\n\t<meta name=\"twitter:label2\" content=\"Dur\u00e9e de lecture estim\u00e9e\" \/>\n\t<meta name=\"twitter:data2\" content=\"2 minutes\" \/>\n<script type=\"application\/ld+json\" class=\"yoast-schema-graph\">{\"@context\":\"https:\\\/\\\/schema.org\",\"@graph\":[{\"@type\":\"Article\",\"@id\":\"https:\\\/\\\/www.latribunedufaso.net\\\/?p=13931#article\",\"isPartOf\":{\"@id\":\"https:\\\/\\\/www.latribunedufaso.net\\\/?p=13931\"},\"author\":{\"name\":\"Administrateur\",\"@id\":\"https:\\\/\\\/www.latribunedufaso.net\\\/#\\\/schema\\\/person\\\/a380782d0605bb8aae27c40ea93b35b1\"},\"headline\":\"Minist\u00e8re de l&rsquo;Energie et des mines : 11 cadres install\u00e9s\",\"datePublished\":\"2023-03-22T21:59:08+00:00\",\"dateModified\":\"2024-06-05T09:08:37+00:00\",\"mainEntityOfPage\":{\"@id\":\"https:\\\/\\\/www.latribunedufaso.net\\\/?p=13931\"},\"wordCount\":390,\"commentCount\":0,\"publisher\":{\"@id\":\"https:\\\/\\\/www.latribunedufaso.net\\\/#organization\"},\"image\":{\"@id\":\"https:\\\/\\\/www.latribunedufaso.net\\\/?p=13931#primaryimage\"},\"thumbnailUrl\":\"https:\\\/\\\/www.latribunedufaso.net\\\/wp-content\\\/uploads\\\/2024\\\/06\\\/330302654_1426581811484153_6628082284032207882_n.jpg\",\"articleSection\":[\"A la une\",\"Actualit\u00e9\",\"Energie\",\"Mines et Carri\u00e8res\"],\"inLanguage\":\"fr-FR\",\"potentialAction\":[{\"@type\":\"CommentAction\",\"name\":\"Comment\",\"target\":[\"https:\\\/\\\/www.latribunedufaso.net\\\/?p=13931#respond\"]}]},{\"@type\":\"WebPage\",\"@id\":\"https:\\\/\\\/www.latribunedufaso.net\\\/?p=13931\",\"url\":\"https:\\\/\\\/www.latribunedufaso.net\\\/?p=13931\",\"name\":\"Minist\u00e8re de l'Energie et des mines : 11 cadres install\u00e9s - La Tribune du Faso\",\"isPartOf\":{\"@id\":\"https:\\\/\\\/www.latribunedufaso.net\\\/#website\"},\"primaryImageOfPage\":{\"@id\":\"https:\\\/\\\/www.latribunedufaso.net\\\/?p=13931#primaryimage\"},\"image\":{\"@id\":\"https:\\\/\\\/www.latribunedufaso.net\\\/?p=13931#primaryimage\"},\"thumbnailUrl\":\"https:\\\/\\\/www.latribunedufaso.net\\\/wp-content\\\/uploads\\\/2024\\\/06\\\/330302654_1426581811484153_6628082284032207882_n.jpg\",\"datePublished\":\"2023-03-22T21:59:08+00:00\",\"dateModified\":\"2024-06-05T09:08:37+00:00\",\"breadcrumb\":{\"@id\":\"https:\\\/\\\/www.latribunedufaso.net\\\/?p=13931#breadcrumb\"},\"inLanguage\":\"fr-FR\",\"potentialAction\":[{\"@type\":\"ReadAction\",\"target\":[\"https:\\\/\\\/www.latribunedufaso.net\\\/?p=13931\"]}]},{\"@type\":\"ImageObject\",\"inLanguage\":\"fr-FR\",\"@id\":\"https:\\\/\\\/www.latribunedufaso.net\\\/?p=13931#primaryimage\",\"url\":\"https:\\\/\\\/www.latribunedufaso.net\\\/wp-content\\\/uploads\\\/2024\\\/06\\\/330302654_1426581811484153_6628082284032207882_n.jpg\",\"contentUrl\":\"https:\\\/\\\/www.latribunedufaso.net\\\/wp-content\\\/uploads\\\/2024\\\/06\\\/330302654_1426581811484153_6628082284032207882_n.jpg\",\"width\":2048,\"height\":1120},{\"@type\":\"BreadcrumbList\",\"@id\":\"https:\\\/\\\/www.latribunedufaso.net\\\/?p=13931#breadcrumb\",\"itemListElement\":[{\"@type\":\"ListItem\",\"position\":1,\"name\":\"Accueil\",\"item\":\"https:\\\/\\\/www.latribunedufaso.net\\\/\"},{\"@type\":\"ListItem\",\"position\":2,\"name\":\"Minist\u00e8re de l&rsquo;Energie et des mines : 11 cadres install\u00e9s\"}]},{\"@type\":\"WebSite\",\"@id\":\"https:\\\/\\\/www.latribunedufaso.net\\\/#website\",\"url\":\"https:\\\/\\\/www.latribunedufaso.net\\\/\",\"name\":\"La Tribune du Faso\",\"description\":\"L&#039;information du monde rural en un clic\",\"publisher\":{\"@id\":\"https:\\\/\\\/www.latribunedufaso.net\\\/#organization\"},\"potentialAction\":[{\"@type\":\"SearchAction\",\"target\":{\"@type\":\"EntryPoint\",\"urlTemplate\":\"https:\\\/\\\/www.latribunedufaso.net\\\/?s={search_term_string}\"},\"query-input\":{\"@type\":\"PropertyValueSpecification\",\"valueRequired\":true,\"valueName\":\"search_term_string\"}}],\"inLanguage\":\"fr-FR\"},{\"@type\":\"Organization\",\"@id\":\"https:\\\/\\\/www.latribunedufaso.net\\\/#organization\",\"name\":\"La Tribune du Faso\",\"url\":\"https:\\\/\\\/www.latribunedufaso.net\\\/\",\"logo\":{\"@type\":\"ImageObject\",\"inLanguage\":\"fr-FR\",\"@id\":\"https:\\\/\\\/www.latribunedufaso.net\\\/#\\\/schema\\\/logo\\\/image\\\/\",\"url\":\"https:\\\/\\\/www.latribunedufaso.net\\\/wp-content\\\/uploads\\\/2020\\\/08\\\/Logo-Tribune-du-Faso-final-scaled.jpg\",\"contentUrl\":\"https:\\\/\\\/www.latribunedufaso.net\\\/wp-content\\\/uploads\\\/2020\\\/08\\\/Logo-Tribune-du-Faso-final-scaled.jpg\",\"width\":2560,\"height\":1856,\"caption\":\"La Tribune du Faso\"},\"image\":{\"@id\":\"https:\\\/\\\/www.latribunedufaso.net\\\/#\\\/schema\\\/logo\\\/image\\\/\"},\"sameAs\":[\"https:\\\/\\\/www.facebook.com\\\/LatribuneduFaso\\\/\"]},{\"@type\":\"Person\",\"@id\":\"https:\\\/\\\/www.latribunedufaso.net\\\/#\\\/schema\\\/person\\\/a380782d0605bb8aae27c40ea93b35b1\",\"name\":\"Administrateur\",\"image\":{\"@type\":\"ImageObject\",\"inLanguage\":\"fr-FR\",\"@id\":\"https:\\\/\\\/secure.gravatar.com\\\/avatar\\\/e20266f97d741f0e80ba1f60283074a9b3317fd7bfb727e0d95b51dafbf854a1?s=96&d=mm&r=g\",\"url\":\"https:\\\/\\\/secure.gravatar.com\\\/avatar\\\/e20266f97d741f0e80ba1f60283074a9b3317fd7bfb727e0d95b51dafbf854a1?s=96&d=mm&r=g\",\"contentUrl\":\"https:\\\/\\\/secure.gravatar.com\\\/avatar\\\/e20266f97d741f0e80ba1f60283074a9b3317fd7bfb727e0d95b51dafbf854a1?s=96&d=mm&r=g\",\"caption\":\"Administrateur\"},\"url\":\"https:\\\/\\\/www.latribunedufaso.net\\\/?author=2\"}]}<\/script>\n<!-- \/ Yoast SEO plugin. -->","yoast_head_json":{"title":"Minist\u00e8re de l'Energie et des mines : 11 cadres install\u00e9s - La Tribune du Faso","robots":{"index":"index","follow":"follow","max-snippet":"max-snippet:-1","max-image-preview":"max-image-preview:large","max-video-preview":"max-video-preview:-1"},"canonical":"https:\/\/www.latribunedufaso.net\/?p=13931","og_locale":"fr_FR","og_type":"article","og_title":"Minist\u00e8re de l'Energie et des mines : 11 cadres install\u00e9s - La Tribune du Faso","og_description":"Minist\u00e8re de l\u2019Energie des Mines et des Carri\u00e8res 11 nouveaux responsables install\u00e9s Le Directeur de Cabinet du ministre de l\u2019Energie des Mines et des Carri\u00e8res, Yaya SANKARA, a install\u00e9 11 nouveaux responsables dans leurs fonctions respectives, le 22 Mars 2023 \u00e0 Ouagadougou. Cette c\u00e9r\u00e9monie d\u2019installation a \u00e9t\u00e9 marqu\u00e9e par l\u2019entr\u00e9e en fonction des Conseillers techniques au rang desquels, Souleymane KERE, Kuilga Emmanuel YAMEOGO, et de Mohamadi BILA et des charg\u00e9s de missions que sont, Baba Ahmed COULIBALY, Oumarou MANDE, Ousmane BARBARI, W. Alexis DAKUYO et H\u00e9l\u00e8ne SARE\/OUARE. A l\u2019inspection technique des services, Mabourlaye NOMBRE conserve son fauteuil en qualit\u00e9 d\u2019Inspecteur G\u00e9n\u00e9ral des Services (IGS). Quant \u00e0 l\u2019ancien inspecteur g\u00e9n\u00e9ral des mines, Djibril ZOUNGRANA, il est d\u00e9sormais le nouveau Secr\u00e9taire Permanent de la Commission Nationale des Mines et du Fonds Minier de D\u00e9veloppement Local (SP\/CNM-FMDL). Une structure charg\u00e9e de la validation des activit\u00e9s de la mission de la Commission nationale des mines et le suivi du Fonds minier de d\u00e9veloppement local. Et parmi les chantiers amorc\u00e9s par son pr\u00e9d\u00e9cesseur, le SP Djibril ZOUNGRANA, voit la n\u00e9cessit\u00e9 de disposer d\u2019une \u00e9quipe suffisamment qualifi\u00e9e pour analyser tous les aspects li\u00e9s \u00e0 la validation des dossiers. \u00ab La mise en \u0153uvre des recommandations issues de la Cour des comptes permettra d\u2019am\u00e9liorer la performance de ce Fonds \u00bb, a-t-il indiqu\u00e9. Pr\u00e9c\u00e9demment directeur de l\u2019\u00e9conomie \u00e9nerg\u00e9tique et mini\u00e8re, Z. Z\u00e9phirin ZONGO a pris officiellement les r\u00eanes du Secr\u00e9tariat Technique charg\u00e9 du Contenu local et de la promotion des investissements (ST\/CLPI). Au nombre de ses missions figurent des actions en terme de promotion des investissements, de relance du processus d\u2019op\u00e9rationnalisation du contenu local, et du suivi de l\u2019application des textes relatifs au secteur minier. A l\u2019issue de leur installation, les 11 promus nomm\u00e9s en Conseil des ministres les 10 et 16 Mars 2023, ont dit \u00eatre conscients du travail qui les attend. Ils ont, de ce fait, rassur\u00e9 le premier responsable du d\u00e9partement de leurs engagements \u00e0 travailler afin de m\u00e9riter la confiance plac\u00e9e en eux. Direction de la Communication et des Relations Presse","og_url":"https:\/\/www.latribunedufaso.net\/?p=13931","og_site_name":"La Tribune du Faso","article_publisher":"https:\/\/www.facebook.com\/LatribuneduFaso\/","article_published_time":"2023-03-22T21:59:08+00:00","article_modified_time":"2024-06-05T09:08:37+00:00","og_image":[{"width":2048,"height":1120,"url":"https:\/\/www.latribunedufaso.net\/wp-content\/uploads\/2024\/06\/330302654_1426581811484153_6628082284032207882_n.jpg","type":"image\/jpeg"}],"author":"Administrateur","twitter_misc":{"\u00c9crit par":"Administrateur","Dur\u00e9e de lecture estim\u00e9e":"2 minutes"},"schema":{"@context":"https:\/\/schema.org","@graph":[{"@type":"Article","@id":"https:\/\/www.latribunedufaso.net\/?p=13931#article","isPartOf":{"@id":"https:\/\/www.latribunedufaso.net\/?p=13931"},"author":{"name":"Administrateur","@id":"https:\/\/www.latribunedufaso.net\/#\/schema\/person\/a380782d0605bb8aae27c40ea93b35b1"},"headline":"Minist\u00e8re de l&rsquo;Energie et des mines : 11 cadres install\u00e9s","datePublished":"2023-03-22T21:59:08+00:00","dateModified":"2024-06-05T09:08:37+00:00","mainEntityOfPage":{"@id":"https:\/\/www.latribunedufaso.net\/?p=13931"},"wordCount":390,"commentCount":0,"publisher":{"@id":"https:\/\/www.latribunedufaso.net\/#organization"},"image":{"@id":"https:\/\/www.latribunedufaso.net\/?p=13931#primaryimage"},"thumbnailUrl":"https:\/\/www.latribunedufaso.net\/wp-content\/uploads\/2024\/06\/330302654_1426581811484153_6628082284032207882_n.jpg","articleSection":["A la une","Actualit\u00e9","Energie","Mines et Carri\u00e8res"],"inLanguage":"fr-FR","potentialAction":[{"@type":"CommentAction","name":"Comment","target":["https:\/\/www.latribunedufaso.net\/?p=13931#respond"]}]},{"@type":"WebPage","@id":"https:\/\/www.latribunedufaso.net\/?p=13931","url":"https:\/\/www.latribunedufaso.net\/?p=13931","name":"Minist\u00e8re de l'Energie et des mines : 11 cadres install\u00e9s - La Tribune du Faso","isPartOf":{"@id":"https:\/\/www.latribunedufaso.net\/#website"},"primaryImageOfPage":{"@id":"https:\/\/www.latribunedufaso.net\/?p=13931#primaryimage"},"image":{"@id":"https:\/\/www.latribunedufaso.net\/?p=13931#primaryimage"},"thumbnailUrl":"https:\/\/www.latribunedufaso.net\/wp-content\/uploads\/2024\/06\/330302654_1426581811484153_6628082284032207882_n.jpg","datePublished":"2023-03-22T21:59:08+00:00","dateModified":"2024-06-05T09:08:37+00:00","breadcrumb":{"@id":"https:\/\/www.latribunedufaso.net\/?p=13931#breadcrumb"},"inLanguage":"fr-FR","potentialAction":[{"@type":"ReadAction","target":["https:\/\/www.latribunedufaso.net\/?p=13931"]}]},{"@type":"ImageObject","inLanguage":"fr-FR","@id":"https:\/\/www.latribunedufaso.net\/?p=13931#primaryimage","url":"https:\/\/www.latribunedufaso.net\/wp-content\/uploads\/2024\/06\/330302654_1426581811484153_6628082284032207882_n.jpg","contentUrl":"https:\/\/www.latribunedufaso.net\/wp-content\/uploads\/2024\/06\/330302654_1426581811484153_6628082284032207882_n.jpg","width":2048,"height":1120},{"@type":"BreadcrumbList","@id":"https:\/\/www.latribunedufaso.net\/?p=13931#breadcrumb","itemListElement":[{"@type":"ListItem","position":1,"name":"Accueil","item":"https:\/\/www.latribunedufaso.net\/"},{"@type":"ListItem","position":2,"name":"Minist\u00e8re de l&rsquo;Energie et des mines : 11 cadres install\u00e9s"}]},{"@type":"WebSite","@id":"https:\/\/www.latribunedufaso.net\/#website","url":"https:\/\/www.latribunedufaso.net\/","name":"La Tribune du Faso","description":"L&#039;information du monde rural en un clic","publisher":{"@id":"https:\/\/www.latribunedufaso.net\/#organization"},"potentialAction":[{"@type":"SearchAction","target":{"@type":"EntryPoint","urlTemplate":"https:\/\/www.latribunedufaso.net\/?s={search_term_string}"},"query-input":{"@type":"PropertyValueSpecification","valueRequired":true,"valueName":"search_term_string"}}],"inLanguage":"fr-FR"},{"@type":"Organization","@id":"https:\/\/www.latribunedufaso.net\/#organization","name":"La Tribune du Faso","url":"https:\/\/www.latribunedufaso.net\/","logo":{"@type":"ImageObject","inLanguage":"fr-FR","@id":"https:\/\/www.latribunedufaso.net\/#\/schema\/logo\/image\/","url":"https:\/\/www.latribunedufaso.net\/wp-content\/uploads\/2020\/08\/Logo-Tribune-du-Faso-final-scaled.jpg","contentUrl":"https:\/\/www.latribunedufaso.net\/wp-content\/uploads\/2020\/08\/Logo-Tribune-du-Faso-final-scaled.jpg","width":2560,"height":1856,"caption":"La Tribune du Faso"},"image":{"@id":"https:\/\/www.latribunedufaso.net\/#\/schema\/logo\/image\/"},"sameAs":["https:\/\/www.facebook.com\/LatribuneduFaso\/"]},{"@type":"Person","@id":"https:\/\/www.latribunedufaso.net\/#\/schema\/person\/a380782d0605bb8aae27c40ea93b35b1","name":"Administrateur","image":{"@type":"ImageObject","inLanguage":"fr-FR","@id":"https:\/\/secure.gravatar.com\/avatar\/e20266f97d741f0e80ba1f60283074a9b3317fd7bfb727e0d95b51dafbf854a1?s=96&d=mm&r=g","url":"https:\/\/secure.gravatar.com\/avatar\/e20266f97d741f0e80ba1f60283074a9b3317fd7bfb727e0d95b51dafbf854a1?s=96&d=mm&r=g","contentUrl":"https:\/\/secure.gravatar.com\/avatar\/e20266f97d741f0e80ba1f60283074a9b3317fd7bfb727e0d95b51dafbf854a1?s=96&d=mm&r=g","caption":"Administrateur"},"url":"https:\/\/www.latribunedufaso.net\/?author=2"}]}},"_links":{"self":[{"href":"https:\/\/www.latribunedufaso.net\/index.php?rest_route=\/wp\/v2\/posts\/13931","targetHints":{"allow":["GET"]}}],"collection":[{"href":"https:\/\/www.latribunedufaso.net\/index.php?rest_route=\/wp\/v2\/posts"}],"about":[{"href":"https:\/\/www.latribunedufaso.net\/index.php?rest_route=\/wp\/v2\/types\/post"}],"author":[{"embeddable":true,"href":"https:\/\/www.latribunedufaso.net\/index.php?rest_route=\/wp\/v2\/users\/2"}],"replies":[{"embeddable":true,"href":"https:\/\/www.latribunedufaso.net\/index.php?rest_route=%2Fwp%2Fv2%2Fcomments&post=13931"}],"version-history":[{"count":1,"href":"https:\/\/www.latribunedufaso.net\/index.php?rest_route=\/wp\/v2\/posts\/13931\/revisions"}],"predecessor-version":[{"id":13933,"href":"https:\/\/www.latribunedufaso.net\/index.php?rest_route=\/wp\/v2\/posts\/13931\/revisions\/13933"}],"wp:featuredmedia":[{"embeddable":true,"href":"https:\/\/www.latribunedufaso.net\/index.php?rest_route=\/wp\/v2\/media\/13932"}],"wp:attachment":[{"href":"https:\/\/www.latribunedufaso.net\/index.php?rest_route=%2Fwp%2Fv2%2Fmedia&parent=13931"}],"wp:term":[{"taxonomy":"category","embeddable":true,"href":"https:\/\/www.latribunedufaso.net\/index.php?rest_route=%2Fwp%2Fv2%2Fcategories&post=13931"},{"taxonomy":"post_tag","embeddable":true,"href":"https:\/\/www.latribunedufaso.net\/index.php?rest_route=%2Fwp%2Fv2%2Ftags&post=13931"}],"curies":[{"name":"wp","href":"https:\/\/api.w.org\/{rel}","templated":true}]}}