{"id":13925,"date":"2023-02-28T21:38:30","date_gmt":"2023-02-28T21:38:30","guid":{"rendered":"https:\/\/www.latribunedufaso.net\/?p=13925"},"modified":"2024-06-05T08:41:52","modified_gmt":"2024-06-05T08:41:52","slug":"energie-et-mines-le-ministre-boussim-echange-avec-une-delegation-de-la-banque","status":"publish","type":"post","link":"https:\/\/www.latribunedufaso.net\/?p=13925","title":{"rendered":"Energie et mines : Le ministre Boussim \u00e9change avec une d\u00e9l\u00e9gation de la Banque"},"content":{"rendered":"<div class=\"xdj266r x11i5rnm xat24cr x1mh8g0r x1vvkbs x126k92a\">\n<div dir=\"auto\">Carnet d\u2019audiences<\/div>\n<div dir=\"auto\">Une d\u00e9l\u00e9gation de la Banque mondiale re\u00e7ue par Simon-Pierre BOUSSIM.<\/div>\n<\/div>\n<div class=\"x11i5rnm xat24cr x1mh8g0r x1vvkbs xtlvy1s x126k92a\">\n<div dir=\"auto\">Le Ministre de l\u2019Energie, des Mines et des Carri\u00e8res, Simon-Pierre BOUSSIM , a re\u00e7u en audience, une d\u00e9l\u00e9gation de la Banque mondiale conduite par sa repr\u00e9sentante r\u00e9sidente au Burkina Faso, Maimouna Mbow FAM, dans la soir\u00e9e de ce mardi 28 f\u00e9vrier 2023. La d\u00e9l\u00e9gation est au Burkina Faso dans le cadre d\u2019une mission de soutien au projet d\u2019appui du secteur de l\u2019\u00e9lectricit\u00e9 (PASEL) qui est \u00e0 sa <a tabindex=\"-1\"><\/a>phase de cl\u00f4ture et le nouveau projet d&rsquo; \u00e9lectrification solaire et rurale \u00e0 grande \u00e9chelle ( soleer). Elle dit \u00eatre venue rendre compte des recommandations de la mission au chef du d\u00e9partement en charge de l\u2019Energie du Burkina Faso. Selon la repr\u00e9sentante r\u00e9sidente de la banque mondiale au Burkina Faso, Maimouna Mbow FAM, la rencontre a aussi permis d\u2019\u00e9changer sur les nouvelles priorit\u00e9s de la transition et de solliciter l\u2019accompagnement du Ministre Simon-Pierre BOUSSIM pour la mise en \u0153uvre acc\u00e9l\u00e9r\u00e9e du projet soleer.<\/div>\n<div dir=\"auto\">Dans la matin\u00e9e, c\u2019est le coordonnateur du salon international de l&rsquo;environnement et des \u00e9nergies renouvelable accompagn\u00e9 d&rsquo;un collaborateur, qui a rendu une visite de courtoisie au ministre de l\u2019Energie, des Mines et des Carri\u00e8res.<\/div>\n<div dir=\"auto\">Selon l&rsquo;h\u00f4te du jour, Cheick Omar YEYE, cette visite s&rsquo;inscrit dans le cadre de la tenue prochaine du SIERO pr\u00e9vu du 30 au 1er avril 2023 o\u00f9 le ministre BOUSSIM est sollicit\u00e9 pour la co-pr\u00e9sidence avec son coll\u00e8gue ministre en charge de l&rsquo;environnement.<\/div>\n<div dir=\"auto\">\u00ab\u00a0Nous sommes venus sollicit\u00e9 les conseils et les orientations n\u00e9cessaires pour la reussite du SIERO\u00a0\u00bb a affirm\u00e9 le coordonnateur du Salon.<\/div>\n<div dir=\"auto\">Le SIERO, cr\u00e9\u00e9 en 2011, est un \u00e9v\u00e9nement annuel de port\u00e9e internationale r\u00e9unissant divers acteurs autour de la promotion des secteurs des \u00e9nergies renouvelables et de l&rsquo;environnement.<\/div>\n<\/div>\n<div class=\"x11i5rnm xat24cr x1mh8g0r x1vvkbs xtlvy1s x126k92a\">\n<div dir=\"auto\">Direction de la Communication et des Relations Presse<\/div>\n<\/div>\n","protected":false},"excerpt":{"rendered":"<p>Carnet d\u2019audiences Une d\u00e9l\u00e9gation de la Banque mondiale re\u00e7ue par Simon-Pierre BOUSSIM. Le Ministre de l\u2019Energie, des Mines et des Carri\u00e8res, Simon-Pierre BOUSSIM , a re\u00e7u en audience, une d\u00e9l\u00e9gation de la Banque mondiale conduite par sa repr\u00e9sentante r\u00e9sidente au Burkina Faso, Maimouna Mbow FAM, dans la soir\u00e9e de ce mardi 28 f\u00e9vrier 2023. La d\u00e9l\u00e9gation est au Burkina Faso dans le cadre d\u2019une mission de soutien au projet d\u2019appui du secteur de l\u2019\u00e9lectricit\u00e9 (PASEL) qui est \u00e0 sa phase de cl\u00f4ture et le nouveau projet d&rsquo; \u00e9lectrification solaire et rurale \u00e0 grande \u00e9chelle ( soleer). Elle dit \u00eatre venue rendre compte des recommandations de la mission au chef du d\u00e9partement en charge de l\u2019Energie du Burkina Faso. Selon la repr\u00e9sentante r\u00e9sidente de la banque mondiale au Burkina Faso, Maimouna Mbow FAM, la rencontre a aussi permis d\u2019\u00e9changer sur les nouvelles priorit\u00e9s de la transition et de solliciter l\u2019accompagnement du Ministre Simon-Pierre BOUSSIM pour la mise en \u0153uvre acc\u00e9l\u00e9r\u00e9e du projet soleer. Dans la matin\u00e9e, c\u2019est le coordonnateur du salon international de l&rsquo;environnement et des \u00e9nergies renouvelable accompagn\u00e9 d&rsquo;un collaborateur, qui a rendu une visite de courtoisie au ministre de l\u2019Energie, des Mines et des Carri\u00e8res. Selon l&rsquo;h\u00f4te du jour, Cheick Omar YEYE, cette visite s&rsquo;inscrit dans le cadre de la tenue prochaine du SIERO pr\u00e9vu du 30 au 1er avril 2023 o\u00f9 le ministre BOUSSIM est sollicit\u00e9 pour la co-pr\u00e9sidence avec son coll\u00e8gue ministre en charge de l&rsquo;environnement. \u00ab\u00a0Nous sommes venus sollicit\u00e9 les conseils et les orientations n\u00e9cessaires pour la reussite du SIERO\u00a0\u00bb a affirm\u00e9 le coordonnateur du Salon. Le SIERO, cr\u00e9\u00e9 en 2011, est un \u00e9v\u00e9nement annuel de port\u00e9e internationale r\u00e9unissant divers acteurs autour de la promotion des secteurs des \u00e9nergies renouvelables et de l&rsquo;environnement. Direction de la Communication et des Relations Presse<\/p>\n","protected":false},"author":2,"featured_media":13926,"comment_status":"open","ping_status":"open","sticky":false,"template":"","format":"standard","meta":{"footnotes":""},"categories":[13,1,20,19],"tags":[],"class_list":["post-13925","post","type-post","status-publish","format-standard","has-post-thumbnail","hentry","category-une","category-actu","category-energie","category-mines-et-carrieres"],"yoast_head":"<!-- This site is optimized with the Yoast SEO plugin v27.4 - https:\/\/yoast.com\/product\/yoast-seo-wordpress\/ -->\n<title>Energie et mines : Le ministre Boussim \u00e9change avec une d\u00e9l\u00e9gation de la Banque - La Tribune du Faso<\/title>\n<meta name=\"robots\" content=\"index, follow, max-snippet:-1, max-image-preview:large, max-video-preview:-1\" \/>\n<link rel=\"canonical\" href=\"https:\/\/www.latribunedufaso.net\/?p=13925\" \/>\n<meta property=\"og:locale\" content=\"fr_FR\" \/>\n<meta property=\"og:type\" content=\"article\" \/>\n<meta property=\"og:title\" content=\"Energie et mines : Le ministre Boussim \u00e9change avec une d\u00e9l\u00e9gation de la Banque - La Tribune du Faso\" \/>\n<meta property=\"og:description\" content=\"Carnet d\u2019audiences Une d\u00e9l\u00e9gation de la Banque mondiale re\u00e7ue par Simon-Pierre BOUSSIM. Le Ministre de l\u2019Energie, des Mines et des Carri\u00e8res, Simon-Pierre BOUSSIM , a re\u00e7u en audience, une d\u00e9l\u00e9gation de la Banque mondiale conduite par sa repr\u00e9sentante r\u00e9sidente au Burkina Faso, Maimouna Mbow FAM, dans la soir\u00e9e de ce mardi 28 f\u00e9vrier 2023. La d\u00e9l\u00e9gation est au Burkina Faso dans le cadre d\u2019une mission de soutien au projet d\u2019appui du secteur de l\u2019\u00e9lectricit\u00e9 (PASEL) qui est \u00e0 sa phase de cl\u00f4ture et le nouveau projet d&rsquo; \u00e9lectrification solaire et rurale \u00e0 grande \u00e9chelle ( soleer). Elle dit \u00eatre venue rendre compte des recommandations de la mission au chef du d\u00e9partement en charge de l\u2019Energie du Burkina Faso. Selon la repr\u00e9sentante r\u00e9sidente de la banque mondiale au Burkina Faso, Maimouna Mbow FAM, la rencontre a aussi permis d\u2019\u00e9changer sur les nouvelles priorit\u00e9s de la transition et de solliciter l\u2019accompagnement du Ministre Simon-Pierre BOUSSIM pour la mise en \u0153uvre acc\u00e9l\u00e9r\u00e9e du projet soleer. Dans la matin\u00e9e, c\u2019est le coordonnateur du salon international de l&rsquo;environnement et des \u00e9nergies renouvelable accompagn\u00e9 d&rsquo;un collaborateur, qui a rendu une visite de courtoisie au ministre de l\u2019Energie, des Mines et des Carri\u00e8res. Selon l&rsquo;h\u00f4te du jour, Cheick Omar YEYE, cette visite s&rsquo;inscrit dans le cadre de la tenue prochaine du SIERO pr\u00e9vu du 30 au 1er avril 2023 o\u00f9 le ministre BOUSSIM est sollicit\u00e9 pour la co-pr\u00e9sidence avec son coll\u00e8gue ministre en charge de l&rsquo;environnement. \u00ab\u00a0Nous sommes venus sollicit\u00e9 les conseils et les orientations n\u00e9cessaires pour la reussite du SIERO\u00a0\u00bb a affirm\u00e9 le coordonnateur du Salon. Le SIERO, cr\u00e9\u00e9 en 2011, est un \u00e9v\u00e9nement annuel de port\u00e9e internationale r\u00e9unissant divers acteurs autour de la promotion des secteurs des \u00e9nergies renouvelables et de l&rsquo;environnement. Direction de la Communication et des Relations Presse\" \/>\n<meta property=\"og:url\" content=\"https:\/\/www.latribunedufaso.net\/?p=13925\" \/>\n<meta property=\"og:site_name\" content=\"La Tribune du Faso\" \/>\n<meta property=\"article:publisher\" content=\"https:\/\/www.facebook.com\/LatribuneduFaso\/\" \/>\n<meta property=\"article:published_time\" content=\"2023-02-28T21:38:30+00:00\" \/>\n<meta property=\"article:modified_time\" content=\"2024-06-05T08:41:52+00:00\" \/>\n<meta property=\"og:image\" content=\"https:\/\/www.latribunedufaso.net\/wp-content\/uploads\/2024\/06\/334137381_231745522609752_4999246294133899776_n.jpg\" \/>\n\t<meta property=\"og:image:width\" content=\"2048\" \/>\n\t<meta property=\"og:image:height\" content=\"1989\" \/>\n\t<meta property=\"og:image:type\" content=\"image\/jpeg\" \/>\n<meta name=\"author\" content=\"Administrateur\" \/>\n<meta name=\"twitter:label1\" content=\"\u00c9crit par\" \/>\n\t<meta name=\"twitter:data1\" content=\"Administrateur\" \/>\n\t<meta name=\"twitter:label2\" content=\"Dur\u00e9e de lecture estim\u00e9e\" \/>\n\t<meta name=\"twitter:data2\" content=\"2 minutes\" \/>\n<script type=\"application\/ld+json\" class=\"yoast-schema-graph\">{\"@context\":\"https:\\\/\\\/schema.org\",\"@graph\":[{\"@type\":\"Article\",\"@id\":\"https:\\\/\\\/www.latribunedufaso.net\\\/?p=13925#article\",\"isPartOf\":{\"@id\":\"https:\\\/\\\/www.latribunedufaso.net\\\/?p=13925\"},\"author\":{\"name\":\"Administrateur\",\"@id\":\"https:\\\/\\\/www.latribunedufaso.net\\\/#\\\/schema\\\/person\\\/a380782d0605bb8aae27c40ea93b35b1\"},\"headline\":\"Energie et mines : Le ministre Boussim \u00e9change avec une d\u00e9l\u00e9gation de la Banque\",\"datePublished\":\"2023-02-28T21:38:30+00:00\",\"dateModified\":\"2024-06-05T08:41:52+00:00\",\"mainEntityOfPage\":{\"@id\":\"https:\\\/\\\/www.latribunedufaso.net\\\/?p=13925\"},\"wordCount\":348,\"commentCount\":0,\"publisher\":{\"@id\":\"https:\\\/\\\/www.latribunedufaso.net\\\/#organization\"},\"image\":{\"@id\":\"https:\\\/\\\/www.latribunedufaso.net\\\/?p=13925#primaryimage\"},\"thumbnailUrl\":\"https:\\\/\\\/www.latribunedufaso.net\\\/wp-content\\\/uploads\\\/2024\\\/06\\\/334137381_231745522609752_4999246294133899776_n.jpg\",\"articleSection\":[\"A la une\",\"Actualit\u00e9\",\"Energie\",\"Mines et Carri\u00e8res\"],\"inLanguage\":\"fr-FR\",\"potentialAction\":[{\"@type\":\"CommentAction\",\"name\":\"Comment\",\"target\":[\"https:\\\/\\\/www.latribunedufaso.net\\\/?p=13925#respond\"]}]},{\"@type\":\"WebPage\",\"@id\":\"https:\\\/\\\/www.latribunedufaso.net\\\/?p=13925\",\"url\":\"https:\\\/\\\/www.latribunedufaso.net\\\/?p=13925\",\"name\":\"Energie et mines : Le ministre Boussim \u00e9change avec une d\u00e9l\u00e9gation de la Banque - La Tribune du Faso\",\"isPartOf\":{\"@id\":\"https:\\\/\\\/www.latribunedufaso.net\\\/#website\"},\"primaryImageOfPage\":{\"@id\":\"https:\\\/\\\/www.latribunedufaso.net\\\/?p=13925#primaryimage\"},\"image\":{\"@id\":\"https:\\\/\\\/www.latribunedufaso.net\\\/?p=13925#primaryimage\"},\"thumbnailUrl\":\"https:\\\/\\\/www.latribunedufaso.net\\\/wp-content\\\/uploads\\\/2024\\\/06\\\/334137381_231745522609752_4999246294133899776_n.jpg\",\"datePublished\":\"2023-02-28T21:38:30+00:00\",\"dateModified\":\"2024-06-05T08:41:52+00:00\",\"breadcrumb\":{\"@id\":\"https:\\\/\\\/www.latribunedufaso.net\\\/?p=13925#breadcrumb\"},\"inLanguage\":\"fr-FR\",\"potentialAction\":[{\"@type\":\"ReadAction\",\"target\":[\"https:\\\/\\\/www.latribunedufaso.net\\\/?p=13925\"]}]},{\"@type\":\"ImageObject\",\"inLanguage\":\"fr-FR\",\"@id\":\"https:\\\/\\\/www.latribunedufaso.net\\\/?p=13925#primaryimage\",\"url\":\"https:\\\/\\\/www.latribunedufaso.net\\\/wp-content\\\/uploads\\\/2024\\\/06\\\/334137381_231745522609752_4999246294133899776_n.jpg\",\"contentUrl\":\"https:\\\/\\\/www.latribunedufaso.net\\\/wp-content\\\/uploads\\\/2024\\\/06\\\/334137381_231745522609752_4999246294133899776_n.jpg\",\"width\":2048,\"height\":1989},{\"@type\":\"BreadcrumbList\",\"@id\":\"https:\\\/\\\/www.latribunedufaso.net\\\/?p=13925#breadcrumb\",\"itemListElement\":[{\"@type\":\"ListItem\",\"position\":1,\"name\":\"Accueil\",\"item\":\"https:\\\/\\\/www.latribunedufaso.net\\\/\"},{\"@type\":\"ListItem\",\"position\":2,\"name\":\"Energie et mines : Le ministre Boussim \u00e9change avec une d\u00e9l\u00e9gation de la Banque\"}]},{\"@type\":\"WebSite\",\"@id\":\"https:\\\/\\\/www.latribunedufaso.net\\\/#website\",\"url\":\"https:\\\/\\\/www.latribunedufaso.net\\\/\",\"name\":\"La Tribune du Faso\",\"description\":\"L&#039;information du monde rural en un clic\",\"publisher\":{\"@id\":\"https:\\\/\\\/www.latribunedufaso.net\\\/#organization\"},\"potentialAction\":[{\"@type\":\"SearchAction\",\"target\":{\"@type\":\"EntryPoint\",\"urlTemplate\":\"https:\\\/\\\/www.latribunedufaso.net\\\/?s={search_term_string}\"},\"query-input\":{\"@type\":\"PropertyValueSpecification\",\"valueRequired\":true,\"valueName\":\"search_term_string\"}}],\"inLanguage\":\"fr-FR\"},{\"@type\":\"Organization\",\"@id\":\"https:\\\/\\\/www.latribunedufaso.net\\\/#organization\",\"name\":\"La Tribune du Faso\",\"url\":\"https:\\\/\\\/www.latribunedufaso.net\\\/\",\"logo\":{\"@type\":\"ImageObject\",\"inLanguage\":\"fr-FR\",\"@id\":\"https:\\\/\\\/www.latribunedufaso.net\\\/#\\\/schema\\\/logo\\\/image\\\/\",\"url\":\"https:\\\/\\\/www.latribunedufaso.net\\\/wp-content\\\/uploads\\\/2020\\\/08\\\/Logo-Tribune-du-Faso-final-scaled.jpg\",\"contentUrl\":\"https:\\\/\\\/www.latribunedufaso.net\\\/wp-content\\\/uploads\\\/2020\\\/08\\\/Logo-Tribune-du-Faso-final-scaled.jpg\",\"width\":2560,\"height\":1856,\"caption\":\"La Tribune du Faso\"},\"image\":{\"@id\":\"https:\\\/\\\/www.latribunedufaso.net\\\/#\\\/schema\\\/logo\\\/image\\\/\"},\"sameAs\":[\"https:\\\/\\\/www.facebook.com\\\/LatribuneduFaso\\\/\"]},{\"@type\":\"Person\",\"@id\":\"https:\\\/\\\/www.latribunedufaso.net\\\/#\\\/schema\\\/person\\\/a380782d0605bb8aae27c40ea93b35b1\",\"name\":\"Administrateur\",\"image\":{\"@type\":\"ImageObject\",\"inLanguage\":\"fr-FR\",\"@id\":\"https:\\\/\\\/secure.gravatar.com\\\/avatar\\\/e20266f97d741f0e80ba1f60283074a9b3317fd7bfb727e0d95b51dafbf854a1?s=96&d=mm&r=g\",\"url\":\"https:\\\/\\\/secure.gravatar.com\\\/avatar\\\/e20266f97d741f0e80ba1f60283074a9b3317fd7bfb727e0d95b51dafbf854a1?s=96&d=mm&r=g\",\"contentUrl\":\"https:\\\/\\\/secure.gravatar.com\\\/avatar\\\/e20266f97d741f0e80ba1f60283074a9b3317fd7bfb727e0d95b51dafbf854a1?s=96&d=mm&r=g\",\"caption\":\"Administrateur\"},\"url\":\"https:\\\/\\\/www.latribunedufaso.net\\\/?author=2\"}]}<\/script>\n<!-- \/ Yoast SEO plugin. -->","yoast_head_json":{"title":"Energie et mines : Le ministre Boussim \u00e9change avec une d\u00e9l\u00e9gation de la Banque - La Tribune du Faso","robots":{"index":"index","follow":"follow","max-snippet":"max-snippet:-1","max-image-preview":"max-image-preview:large","max-video-preview":"max-video-preview:-1"},"canonical":"https:\/\/www.latribunedufaso.net\/?p=13925","og_locale":"fr_FR","og_type":"article","og_title":"Energie et mines : Le ministre Boussim \u00e9change avec une d\u00e9l\u00e9gation de la Banque - La Tribune du Faso","og_description":"Carnet d\u2019audiences Une d\u00e9l\u00e9gation de la Banque mondiale re\u00e7ue par Simon-Pierre BOUSSIM. Le Ministre de l\u2019Energie, des Mines et des Carri\u00e8res, Simon-Pierre BOUSSIM , a re\u00e7u en audience, une d\u00e9l\u00e9gation de la Banque mondiale conduite par sa repr\u00e9sentante r\u00e9sidente au Burkina Faso, Maimouna Mbow FAM, dans la soir\u00e9e de ce mardi 28 f\u00e9vrier 2023. La d\u00e9l\u00e9gation est au Burkina Faso dans le cadre d\u2019une mission de soutien au projet d\u2019appui du secteur de l\u2019\u00e9lectricit\u00e9 (PASEL) qui est \u00e0 sa phase de cl\u00f4ture et le nouveau projet d&rsquo; \u00e9lectrification solaire et rurale \u00e0 grande \u00e9chelle ( soleer). Elle dit \u00eatre venue rendre compte des recommandations de la mission au chef du d\u00e9partement en charge de l\u2019Energie du Burkina Faso. Selon la repr\u00e9sentante r\u00e9sidente de la banque mondiale au Burkina Faso, Maimouna Mbow FAM, la rencontre a aussi permis d\u2019\u00e9changer sur les nouvelles priorit\u00e9s de la transition et de solliciter l\u2019accompagnement du Ministre Simon-Pierre BOUSSIM pour la mise en \u0153uvre acc\u00e9l\u00e9r\u00e9e du projet soleer. Dans la matin\u00e9e, c\u2019est le coordonnateur du salon international de l&rsquo;environnement et des \u00e9nergies renouvelable accompagn\u00e9 d&rsquo;un collaborateur, qui a rendu une visite de courtoisie au ministre de l\u2019Energie, des Mines et des Carri\u00e8res. Selon l&rsquo;h\u00f4te du jour, Cheick Omar YEYE, cette visite s&rsquo;inscrit dans le cadre de la tenue prochaine du SIERO pr\u00e9vu du 30 au 1er avril 2023 o\u00f9 le ministre BOUSSIM est sollicit\u00e9 pour la co-pr\u00e9sidence avec son coll\u00e8gue ministre en charge de l&rsquo;environnement. \u00ab\u00a0Nous sommes venus sollicit\u00e9 les conseils et les orientations n\u00e9cessaires pour la reussite du SIERO\u00a0\u00bb a affirm\u00e9 le coordonnateur du Salon. Le SIERO, cr\u00e9\u00e9 en 2011, est un \u00e9v\u00e9nement annuel de port\u00e9e internationale r\u00e9unissant divers acteurs autour de la promotion des secteurs des \u00e9nergies renouvelables et de l&rsquo;environnement. Direction de la Communication et des Relations Presse","og_url":"https:\/\/www.latribunedufaso.net\/?p=13925","og_site_name":"La Tribune du Faso","article_publisher":"https:\/\/www.facebook.com\/LatribuneduFaso\/","article_published_time":"2023-02-28T21:38:30+00:00","article_modified_time":"2024-06-05T08:41:52+00:00","og_image":[{"width":2048,"height":1989,"url":"https:\/\/www.latribunedufaso.net\/wp-content\/uploads\/2024\/06\/334137381_231745522609752_4999246294133899776_n.jpg","type":"image\/jpeg"}],"author":"Administrateur","twitter_misc":{"\u00c9crit par":"Administrateur","Dur\u00e9e de lecture estim\u00e9e":"2 minutes"},"schema":{"@context":"https:\/\/schema.org","@graph":[{"@type":"Article","@id":"https:\/\/www.latribunedufaso.net\/?p=13925#article","isPartOf":{"@id":"https:\/\/www.latribunedufaso.net\/?p=13925"},"author":{"name":"Administrateur","@id":"https:\/\/www.latribunedufaso.net\/#\/schema\/person\/a380782d0605bb8aae27c40ea93b35b1"},"headline":"Energie et mines : Le ministre Boussim \u00e9change avec une d\u00e9l\u00e9gation de la Banque","datePublished":"2023-02-28T21:38:30+00:00","dateModified":"2024-06-05T08:41:52+00:00","mainEntityOfPage":{"@id":"https:\/\/www.latribunedufaso.net\/?p=13925"},"wordCount":348,"commentCount":0,"publisher":{"@id":"https:\/\/www.latribunedufaso.net\/#organization"},"image":{"@id":"https:\/\/www.latribunedufaso.net\/?p=13925#primaryimage"},"thumbnailUrl":"https:\/\/www.latribunedufaso.net\/wp-content\/uploads\/2024\/06\/334137381_231745522609752_4999246294133899776_n.jpg","articleSection":["A la une","Actualit\u00e9","Energie","Mines et Carri\u00e8res"],"inLanguage":"fr-FR","potentialAction":[{"@type":"CommentAction","name":"Comment","target":["https:\/\/www.latribunedufaso.net\/?p=13925#respond"]}]},{"@type":"WebPage","@id":"https:\/\/www.latribunedufaso.net\/?p=13925","url":"https:\/\/www.latribunedufaso.net\/?p=13925","name":"Energie et mines : Le ministre Boussim \u00e9change avec une d\u00e9l\u00e9gation de la Banque - La Tribune du Faso","isPartOf":{"@id":"https:\/\/www.latribunedufaso.net\/#website"},"primaryImageOfPage":{"@id":"https:\/\/www.latribunedufaso.net\/?p=13925#primaryimage"},"image":{"@id":"https:\/\/www.latribunedufaso.net\/?p=13925#primaryimage"},"thumbnailUrl":"https:\/\/www.latribunedufaso.net\/wp-content\/uploads\/2024\/06\/334137381_231745522609752_4999246294133899776_n.jpg","datePublished":"2023-02-28T21:38:30+00:00","dateModified":"2024-06-05T08:41:52+00:00","breadcrumb":{"@id":"https:\/\/www.latribunedufaso.net\/?p=13925#breadcrumb"},"inLanguage":"fr-FR","potentialAction":[{"@type":"ReadAction","target":["https:\/\/www.latribunedufaso.net\/?p=13925"]}]},{"@type":"ImageObject","inLanguage":"fr-FR","@id":"https:\/\/www.latribunedufaso.net\/?p=13925#primaryimage","url":"https:\/\/www.latribunedufaso.net\/wp-content\/uploads\/2024\/06\/334137381_231745522609752_4999246294133899776_n.jpg","contentUrl":"https:\/\/www.latribunedufaso.net\/wp-content\/uploads\/2024\/06\/334137381_231745522609752_4999246294133899776_n.jpg","width":2048,"height":1989},{"@type":"BreadcrumbList","@id":"https:\/\/www.latribunedufaso.net\/?p=13925#breadcrumb","itemListElement":[{"@type":"ListItem","position":1,"name":"Accueil","item":"https:\/\/www.latribunedufaso.net\/"},{"@type":"ListItem","position":2,"name":"Energie et mines : Le ministre Boussim \u00e9change avec une d\u00e9l\u00e9gation de la Banque"}]},{"@type":"WebSite","@id":"https:\/\/www.latribunedufaso.net\/#website","url":"https:\/\/www.latribunedufaso.net\/","name":"La Tribune du Faso","description":"L&#039;information du monde rural en un clic","publisher":{"@id":"https:\/\/www.latribunedufaso.net\/#organization"},"potentialAction":[{"@type":"SearchAction","target":{"@type":"EntryPoint","urlTemplate":"https:\/\/www.latribunedufaso.net\/?s={search_term_string}"},"query-input":{"@type":"PropertyValueSpecification","valueRequired":true,"valueName":"search_term_string"}}],"inLanguage":"fr-FR"},{"@type":"Organization","@id":"https:\/\/www.latribunedufaso.net\/#organization","name":"La Tribune du Faso","url":"https:\/\/www.latribunedufaso.net\/","logo":{"@type":"ImageObject","inLanguage":"fr-FR","@id":"https:\/\/www.latribunedufaso.net\/#\/schema\/logo\/image\/","url":"https:\/\/www.latribunedufaso.net\/wp-content\/uploads\/2020\/08\/Logo-Tribune-du-Faso-final-scaled.jpg","contentUrl":"https:\/\/www.latribunedufaso.net\/wp-content\/uploads\/2020\/08\/Logo-Tribune-du-Faso-final-scaled.jpg","width":2560,"height":1856,"caption":"La Tribune du Faso"},"image":{"@id":"https:\/\/www.latribunedufaso.net\/#\/schema\/logo\/image\/"},"sameAs":["https:\/\/www.facebook.com\/LatribuneduFaso\/"]},{"@type":"Person","@id":"https:\/\/www.latribunedufaso.net\/#\/schema\/person\/a380782d0605bb8aae27c40ea93b35b1","name":"Administrateur","image":{"@type":"ImageObject","inLanguage":"fr-FR","@id":"https:\/\/secure.gravatar.com\/avatar\/e20266f97d741f0e80ba1f60283074a9b3317fd7bfb727e0d95b51dafbf854a1?s=96&d=mm&r=g","url":"https:\/\/secure.gravatar.com\/avatar\/e20266f97d741f0e80ba1f60283074a9b3317fd7bfb727e0d95b51dafbf854a1?s=96&d=mm&r=g","contentUrl":"https:\/\/secure.gravatar.com\/avatar\/e20266f97d741f0e80ba1f60283074a9b3317fd7bfb727e0d95b51dafbf854a1?s=96&d=mm&r=g","caption":"Administrateur"},"url":"https:\/\/www.latribunedufaso.net\/?author=2"}]}},"_links":{"self":[{"href":"https:\/\/www.latribunedufaso.net\/index.php?rest_route=\/wp\/v2\/posts\/13925","targetHints":{"allow":["GET"]}}],"collection":[{"href":"https:\/\/www.latribunedufaso.net\/index.php?rest_route=\/wp\/v2\/posts"}],"about":[{"href":"https:\/\/www.latribunedufaso.net\/index.php?rest_route=\/wp\/v2\/types\/post"}],"author":[{"embeddable":true,"href":"https:\/\/www.latribunedufaso.net\/index.php?rest_route=\/wp\/v2\/users\/2"}],"replies":[{"embeddable":true,"href":"https:\/\/www.latribunedufaso.net\/index.php?rest_route=%2Fwp%2Fv2%2Fcomments&post=13925"}],"version-history":[{"count":1,"href":"https:\/\/www.latribunedufaso.net\/index.php?rest_route=\/wp\/v2\/posts\/13925\/revisions"}],"predecessor-version":[{"id":13927,"href":"https:\/\/www.latribunedufaso.net\/index.php?rest_route=\/wp\/v2\/posts\/13925\/revisions\/13927"}],"wp:featuredmedia":[{"embeddable":true,"href":"https:\/\/www.latribunedufaso.net\/index.php?rest_route=\/wp\/v2\/media\/13926"}],"wp:attachment":[{"href":"https:\/\/www.latribunedufaso.net\/index.php?rest_route=%2Fwp%2Fv2%2Fmedia&parent=13925"}],"wp:term":[{"taxonomy":"category","embeddable":true,"href":"https:\/\/www.latribunedufaso.net\/index.php?rest_route=%2Fwp%2Fv2%2Fcategories&post=13925"},{"taxonomy":"post_tag","embeddable":true,"href":"https:\/\/www.latribunedufaso.net\/index.php?rest_route=%2Fwp%2Fv2%2Ftags&post=13925"}],"curies":[{"name":"wp","href":"https:\/\/api.w.org\/{rel}","templated":true}]}}