{"id":13916,"date":"2023-02-16T21:12:42","date_gmt":"2023-02-16T21:12:42","guid":{"rendered":"https:\/\/www.latribunedufaso.net\/?p=13916"},"modified":"2024-06-05T08:15:38","modified_gmt":"2024-06-05T08:15:38","slug":"civisme-fiscal-le-ministre-simon-pierre-boussim-montre-lexemple","status":"publish","type":"post","link":"https:\/\/www.latribunedufaso.net\/?p=13916","title":{"rendered":"Civisme fiscal : Le ministre Simon -Pierre Boussim montre l&rsquo;exemple"},"content":{"rendered":"<div class=\"xdj266r x11i5rnm xat24cr x1mh8g0r x1vvkbs x126k92a\">\n<div dir=\"auto\">Mois de l\u2019exemplarit\u00e9 fiscale<\/div>\n<\/div>\n<div class=\"x11i5rnm xat24cr x1mh8g0r x1vvkbs xtlvy1s x126k92a\">\n<div dir=\"auto\">Le personnel du Minist\u00e8re de l\u2019Energie, des Mines et des carri\u00e8res adh\u00e8re<\/div>\n<\/div>\n<div class=\"x11i5rnm xat24cr x1mh8g0r x1vvkbs xtlvy1s x126k92a\">\n<div dir=\"auto\">Une \u00e9quipe de la Direction g\u00e9n\u00e9rale des imp\u00f4ts (DGI) \u00e9tait, le jeudi 16 f\u00e9vrier 2023, dans les locaux du Minist\u00e8re de l\u2019Energie, des Mines et des Carri\u00e8res dans le cadre du mois de l\u2019exemplarit\u00e9 fiscale.<\/div>\n<\/div>\n<div class=\"x11i5rnm xat24cr x1mh8g0r x1vvkbs xtlvy1s x126k92a\">\n<div dir=\"auto\"><a tabindex=\"-1\"><\/a>Lanc\u00e9 le 11 janvier 2023, le mois de l\u2019exemplarit\u00e9 fiscale vise comme objectif, le recouvrement des taxes de r\u00e9sidence, sur les v\u00e9hicules \u00e0 moteur et sur les propri\u00e9t\u00e9s b\u00e2ties et non b\u00e2ties. Au Minist\u00e8re de l\u2019Energie, des Mines et des Carri\u00e8res, c\u2019est le premier responsable, Simon-Pierre BOUSSIM qui a donn\u00e9 le top de d\u00e9part.<\/div>\n<div dir=\"auto\">Pour lui, l\u2019initiative est belle et louable dans la mesure o\u00f9 nous avons des priorit\u00e9s de d\u00e9veloppement et de s\u00e9curisation de notre pays. Et cela n\u00e9cessite une mobilisation de ressources, selon lui, pour y faire face. C\u2019est pourquoi, il a dit avoir invit\u00e9 la DGI dans les locaux du minist\u00e8re afin que les agents puissent payer sans arr\u00eater leur travail. Apr\u00e8s avoir pay\u00e9, il a lanc\u00e9 un appel au personnel et \u00e0 l\u2019ensemble des Burkinab\u00e8. \u00ab En tant que Burkinab\u00e8, nous devons nous assumer en payant nos taxes pour permettre \u00e0 l\u2019Etat de faire face \u00e0 ses fonctions r\u00e9galiennes telle la construction des \u00e9coles, des centres de sant\u00e9, des routes, et l&rsquo;am\u00e9lioration de l\u2019acc\u00e8s \u00e0 l\u2019\u00e9nergie, \u2026 \u00bb, a-t-il souhait\u00e9.<\/div>\n<div dir=\"auto\">Embouchant la m\u00eame trompette, le SG du Syndicat national des travailleurs des mines et de l\u2019\u00e9nergie (SYNATRAME), Augustin SEBGO a ajout\u00e9 que le Burkina Faso traverse des moments difficiles et a besoin de moyens financiers. \u00ab C\u2019est un devoir pour moi de m\u2019acquitter de ces taxes \u00bb, a-t-il reconnu. Il a aussi invit\u00e9 ses camarades qui se sont toujours montr\u00e9s r\u00e9silients \u00e0 souscrire au fonds de soutien patriotique et payer les taxes.<\/div>\n<\/div>\n<div class=\"x11i5rnm xat24cr x1mh8g0r x1vvkbs xtlvy1s x126k92a\">\n<div dir=\"auto\">Direction de la Communication et des Relations Presse<\/div>\n<\/div>\n","protected":false},"excerpt":{"rendered":"<p>Mois de l\u2019exemplarit\u00e9 fiscale Le personnel du Minist\u00e8re de l\u2019Energie, des Mines et des carri\u00e8res adh\u00e8re Une \u00e9quipe de la Direction g\u00e9n\u00e9rale des imp\u00f4ts (DGI) \u00e9tait, le jeudi 16 f\u00e9vrier 2023, dans les locaux du Minist\u00e8re de l\u2019Energie, des Mines et des Carri\u00e8res dans le cadre du mois de l\u2019exemplarit\u00e9 fiscale. Lanc\u00e9 le 11 janvier 2023, le mois de l\u2019exemplarit\u00e9 fiscale vise comme objectif, le recouvrement des taxes de r\u00e9sidence, sur les v\u00e9hicules \u00e0 moteur et sur les propri\u00e9t\u00e9s b\u00e2ties et non b\u00e2ties. Au Minist\u00e8re de l\u2019Energie, des Mines et des Carri\u00e8res, c\u2019est le premier responsable, Simon-Pierre BOUSSIM qui a donn\u00e9 le top de d\u00e9part. Pour lui, l\u2019initiative est belle et louable dans la mesure o\u00f9 nous avons des priorit\u00e9s de d\u00e9veloppement et de s\u00e9curisation de notre pays. Et cela n\u00e9cessite une mobilisation de ressources, selon lui, pour y faire face. C\u2019est pourquoi, il a dit avoir invit\u00e9 la DGI dans les locaux du minist\u00e8re afin que les agents puissent payer sans arr\u00eater leur travail. Apr\u00e8s avoir pay\u00e9, il a lanc\u00e9 un appel au personnel et \u00e0 l\u2019ensemble des Burkinab\u00e8. \u00ab En tant que Burkinab\u00e8, nous devons nous assumer en payant nos taxes pour permettre \u00e0 l\u2019Etat de faire face \u00e0 ses fonctions r\u00e9galiennes telle la construction des \u00e9coles, des centres de sant\u00e9, des routes, et l&rsquo;am\u00e9lioration de l\u2019acc\u00e8s \u00e0 l\u2019\u00e9nergie, \u2026 \u00bb, a-t-il souhait\u00e9. Embouchant la m\u00eame trompette, le SG du Syndicat national des travailleurs des mines et de l\u2019\u00e9nergie (SYNATRAME), Augustin SEBGO a ajout\u00e9 que le Burkina Faso traverse des moments difficiles et a besoin de moyens financiers. \u00ab C\u2019est un devoir pour moi de m\u2019acquitter de ces taxes \u00bb, a-t-il reconnu. Il a aussi invit\u00e9 ses camarades qui se sont toujours montr\u00e9s r\u00e9silients \u00e0 souscrire au fonds de soutien patriotique et payer les taxes. Direction de la Communication et des Relations Presse<\/p>\n","protected":false},"author":2,"featured_media":13917,"comment_status":"open","ping_status":"open","sticky":false,"template":"","format":"standard","meta":{"footnotes":""},"categories":[13,1,20,19],"tags":[],"class_list":["post-13916","post","type-post","status-publish","format-standard","has-post-thumbnail","hentry","category-une","category-actu","category-energie","category-mines-et-carrieres"],"yoast_head":"<!-- This site is optimized with the Yoast SEO plugin v27.4 - https:\/\/yoast.com\/product\/yoast-seo-wordpress\/ -->\n<title>Civisme fiscal : Le ministre Simon -Pierre Boussim montre l&#039;exemple - La Tribune du Faso<\/title>\n<meta name=\"robots\" content=\"index, follow, max-snippet:-1, max-image-preview:large, max-video-preview:-1\" \/>\n<link rel=\"canonical\" href=\"https:\/\/www.latribunedufaso.net\/?p=13916\" \/>\n<meta property=\"og:locale\" content=\"fr_FR\" \/>\n<meta property=\"og:type\" content=\"article\" \/>\n<meta property=\"og:title\" content=\"Civisme fiscal : Le ministre Simon -Pierre Boussim montre l&#039;exemple - La Tribune du Faso\" \/>\n<meta property=\"og:description\" content=\"Mois de l\u2019exemplarit\u00e9 fiscale Le personnel du Minist\u00e8re de l\u2019Energie, des Mines et des carri\u00e8res adh\u00e8re Une \u00e9quipe de la Direction g\u00e9n\u00e9rale des imp\u00f4ts (DGI) \u00e9tait, le jeudi 16 f\u00e9vrier 2023, dans les locaux du Minist\u00e8re de l\u2019Energie, des Mines et des Carri\u00e8res dans le cadre du mois de l\u2019exemplarit\u00e9 fiscale. Lanc\u00e9 le 11 janvier 2023, le mois de l\u2019exemplarit\u00e9 fiscale vise comme objectif, le recouvrement des taxes de r\u00e9sidence, sur les v\u00e9hicules \u00e0 moteur et sur les propri\u00e9t\u00e9s b\u00e2ties et non b\u00e2ties. Au Minist\u00e8re de l\u2019Energie, des Mines et des Carri\u00e8res, c\u2019est le premier responsable, Simon-Pierre BOUSSIM qui a donn\u00e9 le top de d\u00e9part. Pour lui, l\u2019initiative est belle et louable dans la mesure o\u00f9 nous avons des priorit\u00e9s de d\u00e9veloppement et de s\u00e9curisation de notre pays. Et cela n\u00e9cessite une mobilisation de ressources, selon lui, pour y faire face. C\u2019est pourquoi, il a dit avoir invit\u00e9 la DGI dans les locaux du minist\u00e8re afin que les agents puissent payer sans arr\u00eater leur travail. Apr\u00e8s avoir pay\u00e9, il a lanc\u00e9 un appel au personnel et \u00e0 l\u2019ensemble des Burkinab\u00e8. \u00ab En tant que Burkinab\u00e8, nous devons nous assumer en payant nos taxes pour permettre \u00e0 l\u2019Etat de faire face \u00e0 ses fonctions r\u00e9galiennes telle la construction des \u00e9coles, des centres de sant\u00e9, des routes, et l&rsquo;am\u00e9lioration de l\u2019acc\u00e8s \u00e0 l\u2019\u00e9nergie, \u2026 \u00bb, a-t-il souhait\u00e9. Embouchant la m\u00eame trompette, le SG du Syndicat national des travailleurs des mines et de l\u2019\u00e9nergie (SYNATRAME), Augustin SEBGO a ajout\u00e9 que le Burkina Faso traverse des moments difficiles et a besoin de moyens financiers. \u00ab C\u2019est un devoir pour moi de m\u2019acquitter de ces taxes \u00bb, a-t-il reconnu. Il a aussi invit\u00e9 ses camarades qui se sont toujours montr\u00e9s r\u00e9silients \u00e0 souscrire au fonds de soutien patriotique et payer les taxes. Direction de la Communication et des Relations Presse\" \/>\n<meta property=\"og:url\" content=\"https:\/\/www.latribunedufaso.net\/?p=13916\" \/>\n<meta property=\"og:site_name\" content=\"La Tribune du Faso\" \/>\n<meta property=\"article:publisher\" content=\"https:\/\/www.facebook.com\/LatribuneduFaso\/\" \/>\n<meta property=\"article:published_time\" content=\"2023-02-16T21:12:42+00:00\" \/>\n<meta property=\"article:modified_time\" content=\"2024-06-05T08:15:38+00:00\" \/>\n<meta property=\"og:image\" content=\"https:\/\/www.latribunedufaso.net\/wp-content\/uploads\/2024\/06\/331301049_883412479535383_1402378153829859340_n.jpg\" \/>\n\t<meta property=\"og:image:width\" content=\"2048\" \/>\n\t<meta property=\"og:image:height\" content=\"1584\" \/>\n\t<meta property=\"og:image:type\" content=\"image\/jpeg\" \/>\n<meta name=\"author\" content=\"Administrateur\" \/>\n<meta name=\"twitter:label1\" content=\"\u00c9crit par\" \/>\n\t<meta name=\"twitter:data1\" content=\"Administrateur\" \/>\n\t<meta name=\"twitter:label2\" content=\"Dur\u00e9e de lecture estim\u00e9e\" \/>\n\t<meta name=\"twitter:data2\" content=\"2 minutes\" \/>\n<script type=\"application\/ld+json\" class=\"yoast-schema-graph\">{\"@context\":\"https:\\\/\\\/schema.org\",\"@graph\":[{\"@type\":\"Article\",\"@id\":\"https:\\\/\\\/www.latribunedufaso.net\\\/?p=13916#article\",\"isPartOf\":{\"@id\":\"https:\\\/\\\/www.latribunedufaso.net\\\/?p=13916\"},\"author\":{\"name\":\"Administrateur\",\"@id\":\"https:\\\/\\\/www.latribunedufaso.net\\\/#\\\/schema\\\/person\\\/a380782d0605bb8aae27c40ea93b35b1\"},\"headline\":\"Civisme fiscal : Le ministre Simon -Pierre Boussim montre l&rsquo;exemple\",\"datePublished\":\"2023-02-16T21:12:42+00:00\",\"dateModified\":\"2024-06-05T08:15:38+00:00\",\"mainEntityOfPage\":{\"@id\":\"https:\\\/\\\/www.latribunedufaso.net\\\/?p=13916\"},\"wordCount\":348,\"commentCount\":0,\"publisher\":{\"@id\":\"https:\\\/\\\/www.latribunedufaso.net\\\/#organization\"},\"image\":{\"@id\":\"https:\\\/\\\/www.latribunedufaso.net\\\/?p=13916#primaryimage\"},\"thumbnailUrl\":\"https:\\\/\\\/www.latribunedufaso.net\\\/wp-content\\\/uploads\\\/2024\\\/06\\\/331301049_883412479535383_1402378153829859340_n.jpg\",\"articleSection\":[\"A la une\",\"Actualit\u00e9\",\"Energie\",\"Mines et Carri\u00e8res\"],\"inLanguage\":\"fr-FR\",\"potentialAction\":[{\"@type\":\"CommentAction\",\"name\":\"Comment\",\"target\":[\"https:\\\/\\\/www.latribunedufaso.net\\\/?p=13916#respond\"]}]},{\"@type\":\"WebPage\",\"@id\":\"https:\\\/\\\/www.latribunedufaso.net\\\/?p=13916\",\"url\":\"https:\\\/\\\/www.latribunedufaso.net\\\/?p=13916\",\"name\":\"Civisme fiscal : Le ministre Simon -Pierre Boussim montre l'exemple - La Tribune du Faso\",\"isPartOf\":{\"@id\":\"https:\\\/\\\/www.latribunedufaso.net\\\/#website\"},\"primaryImageOfPage\":{\"@id\":\"https:\\\/\\\/www.latribunedufaso.net\\\/?p=13916#primaryimage\"},\"image\":{\"@id\":\"https:\\\/\\\/www.latribunedufaso.net\\\/?p=13916#primaryimage\"},\"thumbnailUrl\":\"https:\\\/\\\/www.latribunedufaso.net\\\/wp-content\\\/uploads\\\/2024\\\/06\\\/331301049_883412479535383_1402378153829859340_n.jpg\",\"datePublished\":\"2023-02-16T21:12:42+00:00\",\"dateModified\":\"2024-06-05T08:15:38+00:00\",\"breadcrumb\":{\"@id\":\"https:\\\/\\\/www.latribunedufaso.net\\\/?p=13916#breadcrumb\"},\"inLanguage\":\"fr-FR\",\"potentialAction\":[{\"@type\":\"ReadAction\",\"target\":[\"https:\\\/\\\/www.latribunedufaso.net\\\/?p=13916\"]}]},{\"@type\":\"ImageObject\",\"inLanguage\":\"fr-FR\",\"@id\":\"https:\\\/\\\/www.latribunedufaso.net\\\/?p=13916#primaryimage\",\"url\":\"https:\\\/\\\/www.latribunedufaso.net\\\/wp-content\\\/uploads\\\/2024\\\/06\\\/331301049_883412479535383_1402378153829859340_n.jpg\",\"contentUrl\":\"https:\\\/\\\/www.latribunedufaso.net\\\/wp-content\\\/uploads\\\/2024\\\/06\\\/331301049_883412479535383_1402378153829859340_n.jpg\",\"width\":2048,\"height\":1584},{\"@type\":\"BreadcrumbList\",\"@id\":\"https:\\\/\\\/www.latribunedufaso.net\\\/?p=13916#breadcrumb\",\"itemListElement\":[{\"@type\":\"ListItem\",\"position\":1,\"name\":\"Accueil\",\"item\":\"https:\\\/\\\/www.latribunedufaso.net\\\/\"},{\"@type\":\"ListItem\",\"position\":2,\"name\":\"Civisme fiscal : Le ministre Simon -Pierre Boussim montre l&rsquo;exemple\"}]},{\"@type\":\"WebSite\",\"@id\":\"https:\\\/\\\/www.latribunedufaso.net\\\/#website\",\"url\":\"https:\\\/\\\/www.latribunedufaso.net\\\/\",\"name\":\"La Tribune du Faso\",\"description\":\"L&#039;information du monde rural en un clic\",\"publisher\":{\"@id\":\"https:\\\/\\\/www.latribunedufaso.net\\\/#organization\"},\"potentialAction\":[{\"@type\":\"SearchAction\",\"target\":{\"@type\":\"EntryPoint\",\"urlTemplate\":\"https:\\\/\\\/www.latribunedufaso.net\\\/?s={search_term_string}\"},\"query-input\":{\"@type\":\"PropertyValueSpecification\",\"valueRequired\":true,\"valueName\":\"search_term_string\"}}],\"inLanguage\":\"fr-FR\"},{\"@type\":\"Organization\",\"@id\":\"https:\\\/\\\/www.latribunedufaso.net\\\/#organization\",\"name\":\"La Tribune du Faso\",\"url\":\"https:\\\/\\\/www.latribunedufaso.net\\\/\",\"logo\":{\"@type\":\"ImageObject\",\"inLanguage\":\"fr-FR\",\"@id\":\"https:\\\/\\\/www.latribunedufaso.net\\\/#\\\/schema\\\/logo\\\/image\\\/\",\"url\":\"https:\\\/\\\/www.latribunedufaso.net\\\/wp-content\\\/uploads\\\/2020\\\/08\\\/Logo-Tribune-du-Faso-final-scaled.jpg\",\"contentUrl\":\"https:\\\/\\\/www.latribunedufaso.net\\\/wp-content\\\/uploads\\\/2020\\\/08\\\/Logo-Tribune-du-Faso-final-scaled.jpg\",\"width\":2560,\"height\":1856,\"caption\":\"La Tribune du Faso\"},\"image\":{\"@id\":\"https:\\\/\\\/www.latribunedufaso.net\\\/#\\\/schema\\\/logo\\\/image\\\/\"},\"sameAs\":[\"https:\\\/\\\/www.facebook.com\\\/LatribuneduFaso\\\/\"]},{\"@type\":\"Person\",\"@id\":\"https:\\\/\\\/www.latribunedufaso.net\\\/#\\\/schema\\\/person\\\/a380782d0605bb8aae27c40ea93b35b1\",\"name\":\"Administrateur\",\"image\":{\"@type\":\"ImageObject\",\"inLanguage\":\"fr-FR\",\"@id\":\"https:\\\/\\\/secure.gravatar.com\\\/avatar\\\/e20266f97d741f0e80ba1f60283074a9b3317fd7bfb727e0d95b51dafbf854a1?s=96&d=mm&r=g\",\"url\":\"https:\\\/\\\/secure.gravatar.com\\\/avatar\\\/e20266f97d741f0e80ba1f60283074a9b3317fd7bfb727e0d95b51dafbf854a1?s=96&d=mm&r=g\",\"contentUrl\":\"https:\\\/\\\/secure.gravatar.com\\\/avatar\\\/e20266f97d741f0e80ba1f60283074a9b3317fd7bfb727e0d95b51dafbf854a1?s=96&d=mm&r=g\",\"caption\":\"Administrateur\"},\"url\":\"https:\\\/\\\/www.latribunedufaso.net\\\/?author=2\"}]}<\/script>\n<!-- \/ Yoast SEO plugin. -->","yoast_head_json":{"title":"Civisme fiscal : Le ministre Simon -Pierre Boussim montre l'exemple - La Tribune du Faso","robots":{"index":"index","follow":"follow","max-snippet":"max-snippet:-1","max-image-preview":"max-image-preview:large","max-video-preview":"max-video-preview:-1"},"canonical":"https:\/\/www.latribunedufaso.net\/?p=13916","og_locale":"fr_FR","og_type":"article","og_title":"Civisme fiscal : Le ministre Simon -Pierre Boussim montre l'exemple - La Tribune du Faso","og_description":"Mois de l\u2019exemplarit\u00e9 fiscale Le personnel du Minist\u00e8re de l\u2019Energie, des Mines et des carri\u00e8res adh\u00e8re Une \u00e9quipe de la Direction g\u00e9n\u00e9rale des imp\u00f4ts (DGI) \u00e9tait, le jeudi 16 f\u00e9vrier 2023, dans les locaux du Minist\u00e8re de l\u2019Energie, des Mines et des Carri\u00e8res dans le cadre du mois de l\u2019exemplarit\u00e9 fiscale. Lanc\u00e9 le 11 janvier 2023, le mois de l\u2019exemplarit\u00e9 fiscale vise comme objectif, le recouvrement des taxes de r\u00e9sidence, sur les v\u00e9hicules \u00e0 moteur et sur les propri\u00e9t\u00e9s b\u00e2ties et non b\u00e2ties. Au Minist\u00e8re de l\u2019Energie, des Mines et des Carri\u00e8res, c\u2019est le premier responsable, Simon-Pierre BOUSSIM qui a donn\u00e9 le top de d\u00e9part. Pour lui, l\u2019initiative est belle et louable dans la mesure o\u00f9 nous avons des priorit\u00e9s de d\u00e9veloppement et de s\u00e9curisation de notre pays. Et cela n\u00e9cessite une mobilisation de ressources, selon lui, pour y faire face. C\u2019est pourquoi, il a dit avoir invit\u00e9 la DGI dans les locaux du minist\u00e8re afin que les agents puissent payer sans arr\u00eater leur travail. Apr\u00e8s avoir pay\u00e9, il a lanc\u00e9 un appel au personnel et \u00e0 l\u2019ensemble des Burkinab\u00e8. \u00ab En tant que Burkinab\u00e8, nous devons nous assumer en payant nos taxes pour permettre \u00e0 l\u2019Etat de faire face \u00e0 ses fonctions r\u00e9galiennes telle la construction des \u00e9coles, des centres de sant\u00e9, des routes, et l&rsquo;am\u00e9lioration de l\u2019acc\u00e8s \u00e0 l\u2019\u00e9nergie, \u2026 \u00bb, a-t-il souhait\u00e9. Embouchant la m\u00eame trompette, le SG du Syndicat national des travailleurs des mines et de l\u2019\u00e9nergie (SYNATRAME), Augustin SEBGO a ajout\u00e9 que le Burkina Faso traverse des moments difficiles et a besoin de moyens financiers. \u00ab C\u2019est un devoir pour moi de m\u2019acquitter de ces taxes \u00bb, a-t-il reconnu. Il a aussi invit\u00e9 ses camarades qui se sont toujours montr\u00e9s r\u00e9silients \u00e0 souscrire au fonds de soutien patriotique et payer les taxes. Direction de la Communication et des Relations Presse","og_url":"https:\/\/www.latribunedufaso.net\/?p=13916","og_site_name":"La Tribune du Faso","article_publisher":"https:\/\/www.facebook.com\/LatribuneduFaso\/","article_published_time":"2023-02-16T21:12:42+00:00","article_modified_time":"2024-06-05T08:15:38+00:00","og_image":[{"width":2048,"height":1584,"url":"https:\/\/www.latribunedufaso.net\/wp-content\/uploads\/2024\/06\/331301049_883412479535383_1402378153829859340_n.jpg","type":"image\/jpeg"}],"author":"Administrateur","twitter_misc":{"\u00c9crit par":"Administrateur","Dur\u00e9e de lecture estim\u00e9e":"2 minutes"},"schema":{"@context":"https:\/\/schema.org","@graph":[{"@type":"Article","@id":"https:\/\/www.latribunedufaso.net\/?p=13916#article","isPartOf":{"@id":"https:\/\/www.latribunedufaso.net\/?p=13916"},"author":{"name":"Administrateur","@id":"https:\/\/www.latribunedufaso.net\/#\/schema\/person\/a380782d0605bb8aae27c40ea93b35b1"},"headline":"Civisme fiscal : Le ministre Simon -Pierre Boussim montre l&rsquo;exemple","datePublished":"2023-02-16T21:12:42+00:00","dateModified":"2024-06-05T08:15:38+00:00","mainEntityOfPage":{"@id":"https:\/\/www.latribunedufaso.net\/?p=13916"},"wordCount":348,"commentCount":0,"publisher":{"@id":"https:\/\/www.latribunedufaso.net\/#organization"},"image":{"@id":"https:\/\/www.latribunedufaso.net\/?p=13916#primaryimage"},"thumbnailUrl":"https:\/\/www.latribunedufaso.net\/wp-content\/uploads\/2024\/06\/331301049_883412479535383_1402378153829859340_n.jpg","articleSection":["A la une","Actualit\u00e9","Energie","Mines et Carri\u00e8res"],"inLanguage":"fr-FR","potentialAction":[{"@type":"CommentAction","name":"Comment","target":["https:\/\/www.latribunedufaso.net\/?p=13916#respond"]}]},{"@type":"WebPage","@id":"https:\/\/www.latribunedufaso.net\/?p=13916","url":"https:\/\/www.latribunedufaso.net\/?p=13916","name":"Civisme fiscal : Le ministre Simon -Pierre Boussim montre l'exemple - La Tribune du Faso","isPartOf":{"@id":"https:\/\/www.latribunedufaso.net\/#website"},"primaryImageOfPage":{"@id":"https:\/\/www.latribunedufaso.net\/?p=13916#primaryimage"},"image":{"@id":"https:\/\/www.latribunedufaso.net\/?p=13916#primaryimage"},"thumbnailUrl":"https:\/\/www.latribunedufaso.net\/wp-content\/uploads\/2024\/06\/331301049_883412479535383_1402378153829859340_n.jpg","datePublished":"2023-02-16T21:12:42+00:00","dateModified":"2024-06-05T08:15:38+00:00","breadcrumb":{"@id":"https:\/\/www.latribunedufaso.net\/?p=13916#breadcrumb"},"inLanguage":"fr-FR","potentialAction":[{"@type":"ReadAction","target":["https:\/\/www.latribunedufaso.net\/?p=13916"]}]},{"@type":"ImageObject","inLanguage":"fr-FR","@id":"https:\/\/www.latribunedufaso.net\/?p=13916#primaryimage","url":"https:\/\/www.latribunedufaso.net\/wp-content\/uploads\/2024\/06\/331301049_883412479535383_1402378153829859340_n.jpg","contentUrl":"https:\/\/www.latribunedufaso.net\/wp-content\/uploads\/2024\/06\/331301049_883412479535383_1402378153829859340_n.jpg","width":2048,"height":1584},{"@type":"BreadcrumbList","@id":"https:\/\/www.latribunedufaso.net\/?p=13916#breadcrumb","itemListElement":[{"@type":"ListItem","position":1,"name":"Accueil","item":"https:\/\/www.latribunedufaso.net\/"},{"@type":"ListItem","position":2,"name":"Civisme fiscal : Le ministre Simon -Pierre Boussim montre l&rsquo;exemple"}]},{"@type":"WebSite","@id":"https:\/\/www.latribunedufaso.net\/#website","url":"https:\/\/www.latribunedufaso.net\/","name":"La Tribune du Faso","description":"L&#039;information du monde rural en un clic","publisher":{"@id":"https:\/\/www.latribunedufaso.net\/#organization"},"potentialAction":[{"@type":"SearchAction","target":{"@type":"EntryPoint","urlTemplate":"https:\/\/www.latribunedufaso.net\/?s={search_term_string}"},"query-input":{"@type":"PropertyValueSpecification","valueRequired":true,"valueName":"search_term_string"}}],"inLanguage":"fr-FR"},{"@type":"Organization","@id":"https:\/\/www.latribunedufaso.net\/#organization","name":"La Tribune du Faso","url":"https:\/\/www.latribunedufaso.net\/","logo":{"@type":"ImageObject","inLanguage":"fr-FR","@id":"https:\/\/www.latribunedufaso.net\/#\/schema\/logo\/image\/","url":"https:\/\/www.latribunedufaso.net\/wp-content\/uploads\/2020\/08\/Logo-Tribune-du-Faso-final-scaled.jpg","contentUrl":"https:\/\/www.latribunedufaso.net\/wp-content\/uploads\/2020\/08\/Logo-Tribune-du-Faso-final-scaled.jpg","width":2560,"height":1856,"caption":"La Tribune du Faso"},"image":{"@id":"https:\/\/www.latribunedufaso.net\/#\/schema\/logo\/image\/"},"sameAs":["https:\/\/www.facebook.com\/LatribuneduFaso\/"]},{"@type":"Person","@id":"https:\/\/www.latribunedufaso.net\/#\/schema\/person\/a380782d0605bb8aae27c40ea93b35b1","name":"Administrateur","image":{"@type":"ImageObject","inLanguage":"fr-FR","@id":"https:\/\/secure.gravatar.com\/avatar\/e20266f97d741f0e80ba1f60283074a9b3317fd7bfb727e0d95b51dafbf854a1?s=96&d=mm&r=g","url":"https:\/\/secure.gravatar.com\/avatar\/e20266f97d741f0e80ba1f60283074a9b3317fd7bfb727e0d95b51dafbf854a1?s=96&d=mm&r=g","contentUrl":"https:\/\/secure.gravatar.com\/avatar\/e20266f97d741f0e80ba1f60283074a9b3317fd7bfb727e0d95b51dafbf854a1?s=96&d=mm&r=g","caption":"Administrateur"},"url":"https:\/\/www.latribunedufaso.net\/?author=2"}]}},"_links":{"self":[{"href":"https:\/\/www.latribunedufaso.net\/index.php?rest_route=\/wp\/v2\/posts\/13916","targetHints":{"allow":["GET"]}}],"collection":[{"href":"https:\/\/www.latribunedufaso.net\/index.php?rest_route=\/wp\/v2\/posts"}],"about":[{"href":"https:\/\/www.latribunedufaso.net\/index.php?rest_route=\/wp\/v2\/types\/post"}],"author":[{"embeddable":true,"href":"https:\/\/www.latribunedufaso.net\/index.php?rest_route=\/wp\/v2\/users\/2"}],"replies":[{"embeddable":true,"href":"https:\/\/www.latribunedufaso.net\/index.php?rest_route=%2Fwp%2Fv2%2Fcomments&post=13916"}],"version-history":[{"count":1,"href":"https:\/\/www.latribunedufaso.net\/index.php?rest_route=\/wp\/v2\/posts\/13916\/revisions"}],"predecessor-version":[{"id":13918,"href":"https:\/\/www.latribunedufaso.net\/index.php?rest_route=\/wp\/v2\/posts\/13916\/revisions\/13918"}],"wp:featuredmedia":[{"embeddable":true,"href":"https:\/\/www.latribunedufaso.net\/index.php?rest_route=\/wp\/v2\/media\/13917"}],"wp:attachment":[{"href":"https:\/\/www.latribunedufaso.net\/index.php?rest_route=%2Fwp%2Fv2%2Fmedia&parent=13916"}],"wp:term":[{"taxonomy":"category","embeddable":true,"href":"https:\/\/www.latribunedufaso.net\/index.php?rest_route=%2Fwp%2Fv2%2Fcategories&post=13916"},{"taxonomy":"post_tag","embeddable":true,"href":"https:\/\/www.latribunedufaso.net\/index.php?rest_route=%2Fwp%2Fv2%2Ftags&post=13916"}],"curies":[{"name":"wp","href":"https:\/\/api.w.org\/{rel}","templated":true}]}}