{"id":13870,"date":"2023-01-20T13:07:14","date_gmt":"2023-01-20T13:07:14","guid":{"rendered":"https:\/\/www.latribunedufaso.net\/?p=13870"},"modified":"2024-06-04T13:30:40","modified_gmt":"2024-06-04T13:30:40","slug":"cooperation-le-pnud-chez-le-matds","status":"publish","type":"post","link":"https:\/\/www.latribunedufaso.net\/?p=13870","title":{"rendered":"Coop\u00e9ration : Le PNUD chez le MATDS"},"content":{"rendered":"<div class=\"xdj266r x11i5rnm xat24cr x1mh8g0r x1vvkbs x126k92a\">\n<div dir=\"auto\">Coop\u00e9ration entre le PNUD et le MATDS : La Repr\u00e9sentante r\u00e9sidente du PNUD \u00e9change avec le Colonel Boukar\u00e9 ZOUNGRANA<\/div>\n<\/div>\n<div class=\"x11i5rnm xat24cr x1mh8g0r x1vvkbs xtlvy1s x126k92a\">\n<div dir=\"auto\">Le Ministre de l\u2019Administration Territoriale, de la D\u00e9centralisation et de la S\u00e9curit\u00e9, le Colonel Boukar\u00e9 ZOUNGRANA, a re\u00e7u en audience, ce jeudi 19 janvier 2023, la Repr\u00e9sentante r\u00e9sidente du Programme des Nations Unies pour le D\u00e9veloppement (PNUD) au Burkina Faso, Madame Elsie LAURENCE-CHOUNOUNE.<\/div>\n<\/div>\n<div class=\"x11i5rnm xat24cr x1mh8g0r x1vvkbs xtlvy1s x126k92a\">\n<div dir=\"auto\">A l\u2019issue de l\u2019audience, Madame Elsie LAURENCE-CHOUNOUNE, a <a tabindex=\"-1\"><\/a>indiqu\u00e9 que les \u00e9changes avec le Ministre ZOUNGRANA ont essentiellement permis de revisiter des Projets que le PNUD a en commun avec le Minist\u00e8re de l&rsquo;Administration Territoriale, de la D\u00e9centralisation et de la S\u00e9curit\u00e9, notamment ceux portant sur la coh\u00e9sion sociale, la stabilisation et la s\u00e9curisation du pays.<\/div>\n<\/div>\n<div class=\"x11i5rnm xat24cr x1mh8g0r x1vvkbs xtlvy1s x126k92a\">\n<div dir=\"auto\">Par ailleurs, Madame LAURENCE-CHOUNOUNE a expliqu\u00e9 que cette rencontre intervient dans le cadre d\u2019une mission sollicit\u00e9e par le Minist\u00e8re burkinab\u00e8 en charge des Affaires \u00e9trang\u00e8res \u00e0 l\u2019Organisation des Nations Unies (ONU) consacr\u00e9e \u00e0 l\u2019\u00e9valuation des besoins d\u2019assistance pour l\u2019organisation des prochaines \u00e9lections dans notre pays. Cette mission, a soutenu la Repr\u00e9sentante r\u00e9sidente du PNUD, vise \u00e0 faire un \u00e9tat des lieux, faire des recommandations.<\/div>\n<\/div>\n<div class=\"x11i5rnm xat24cr x1mh8g0r x1vvkbs xtlvy1s x126k92a\">\n<div dir=\"auto\">DCRP\/MATDS<\/div>\n<\/div>\n","protected":false},"excerpt":{"rendered":"<p>Coop\u00e9ration entre le PNUD et le MATDS : La Repr\u00e9sentante r\u00e9sidente du PNUD \u00e9change avec le Colonel Boukar\u00e9 ZOUNGRANA Le Ministre de l\u2019Administration Territoriale, de la D\u00e9centralisation et de la S\u00e9curit\u00e9, le Colonel Boukar\u00e9 ZOUNGRANA, a re\u00e7u en audience, ce jeudi 19 janvier 2023, la Repr\u00e9sentante r\u00e9sidente du Programme des Nations Unies pour le D\u00e9veloppement (PNUD) au Burkina Faso, Madame Elsie LAURENCE-CHOUNOUNE. A l\u2019issue de l\u2019audience, Madame Elsie LAURENCE-CHOUNOUNE, a indiqu\u00e9 que les \u00e9changes avec le Ministre ZOUNGRANA ont essentiellement permis de revisiter des Projets que le PNUD a en commun avec le Minist\u00e8re de l&rsquo;Administration Territoriale, de la D\u00e9centralisation et de la S\u00e9curit\u00e9, notamment ceux portant sur la coh\u00e9sion sociale, la stabilisation et la s\u00e9curisation du pays. Par ailleurs, Madame LAURENCE-CHOUNOUNE a expliqu\u00e9 que cette rencontre intervient dans le cadre d\u2019une mission sollicit\u00e9e par le Minist\u00e8re burkinab\u00e8 en charge des Affaires \u00e9trang\u00e8res \u00e0 l\u2019Organisation des Nations Unies (ONU) consacr\u00e9e \u00e0 l\u2019\u00e9valuation des besoins d\u2019assistance pour l\u2019organisation des prochaines \u00e9lections dans notre pays. Cette mission, a soutenu la Repr\u00e9sentante r\u00e9sidente du PNUD, vise \u00e0 faire un \u00e9tat des lieux, faire des recommandations. DCRP\/MATDS<\/p>\n","protected":false},"author":2,"featured_media":13871,"comment_status":"open","ping_status":"open","sticky":false,"template":"","format":"standard","meta":{"footnotes":""},"categories":[1,8],"tags":[],"class_list":["post-13870","post","type-post","status-publish","format-standard","has-post-thumbnail","hentry","category-actu","category-societe"],"yoast_head":"<!-- This site is optimized with the Yoast SEO plugin v27.5 - https:\/\/yoast.com\/product\/yoast-seo-wordpress\/ -->\n<title>Coop\u00e9ration : Le PNUD chez le MATDS - La Tribune du Faso<\/title>\n<meta name=\"robots\" content=\"index, follow, max-snippet:-1, max-image-preview:large, max-video-preview:-1\" \/>\n<link rel=\"canonical\" href=\"https:\/\/www.latribunedufaso.net\/?p=13870\" \/>\n<meta property=\"og:locale\" content=\"fr_FR\" \/>\n<meta property=\"og:type\" content=\"article\" \/>\n<meta property=\"og:title\" content=\"Coop\u00e9ration : Le PNUD chez le MATDS - La Tribune du Faso\" \/>\n<meta property=\"og:description\" content=\"Coop\u00e9ration entre le PNUD et le MATDS : La Repr\u00e9sentante r\u00e9sidente du PNUD \u00e9change avec le Colonel Boukar\u00e9 ZOUNGRANA Le Ministre de l\u2019Administration Territoriale, de la D\u00e9centralisation et de la S\u00e9curit\u00e9, le Colonel Boukar\u00e9 ZOUNGRANA, a re\u00e7u en audience, ce jeudi 19 janvier 2023, la Repr\u00e9sentante r\u00e9sidente du Programme des Nations Unies pour le D\u00e9veloppement (PNUD) au Burkina Faso, Madame Elsie LAURENCE-CHOUNOUNE. A l\u2019issue de l\u2019audience, Madame Elsie LAURENCE-CHOUNOUNE, a indiqu\u00e9 que les \u00e9changes avec le Ministre ZOUNGRANA ont essentiellement permis de revisiter des Projets que le PNUD a en commun avec le Minist\u00e8re de l&rsquo;Administration Territoriale, de la D\u00e9centralisation et de la S\u00e9curit\u00e9, notamment ceux portant sur la coh\u00e9sion sociale, la stabilisation et la s\u00e9curisation du pays. Par ailleurs, Madame LAURENCE-CHOUNOUNE a expliqu\u00e9 que cette rencontre intervient dans le cadre d\u2019une mission sollicit\u00e9e par le Minist\u00e8re burkinab\u00e8 en charge des Affaires \u00e9trang\u00e8res \u00e0 l\u2019Organisation des Nations Unies (ONU) consacr\u00e9e \u00e0 l\u2019\u00e9valuation des besoins d\u2019assistance pour l\u2019organisation des prochaines \u00e9lections dans notre pays. Cette mission, a soutenu la Repr\u00e9sentante r\u00e9sidente du PNUD, vise \u00e0 faire un \u00e9tat des lieux, faire des recommandations. DCRP\/MATDS\" \/>\n<meta property=\"og:url\" content=\"https:\/\/www.latribunedufaso.net\/?p=13870\" \/>\n<meta property=\"og:site_name\" content=\"La Tribune du Faso\" \/>\n<meta property=\"article:publisher\" content=\"https:\/\/www.facebook.com\/LatribuneduFaso\/\" \/>\n<meta property=\"article:published_time\" content=\"2023-01-20T13:07:14+00:00\" \/>\n<meta property=\"article:modified_time\" content=\"2024-06-04T13:30:40+00:00\" \/>\n<meta property=\"og:image\" content=\"https:\/\/www.latribunedufaso.net\/wp-content\/uploads\/2024\/06\/320320023_632190832244662_8387141778168946420_n.jpg\" \/>\n\t<meta property=\"og:image:width\" content=\"1080\" \/>\n\t<meta property=\"og:image:height\" content=\"720\" \/>\n\t<meta property=\"og:image:type\" content=\"image\/jpeg\" \/>\n<meta name=\"author\" content=\"Administrateur\" \/>\n<meta name=\"twitter:label1\" content=\"\u00c9crit par\" \/>\n\t<meta name=\"twitter:data1\" content=\"Administrateur\" \/>\n\t<meta name=\"twitter:label2\" content=\"Dur\u00e9e de lecture estim\u00e9e\" \/>\n\t<meta name=\"twitter:data2\" content=\"1 minute\" \/>\n<script type=\"application\/ld+json\" class=\"yoast-schema-graph\">{\"@context\":\"https:\\\/\\\/schema.org\",\"@graph\":[{\"@type\":\"Article\",\"@id\":\"https:\\\/\\\/www.latribunedufaso.net\\\/?p=13870#article\",\"isPartOf\":{\"@id\":\"https:\\\/\\\/www.latribunedufaso.net\\\/?p=13870\"},\"author\":{\"name\":\"Administrateur\",\"@id\":\"https:\\\/\\\/www.latribunedufaso.net\\\/#\\\/schema\\\/person\\\/a380782d0605bb8aae27c40ea93b35b1\"},\"headline\":\"Coop\u00e9ration : Le PNUD chez le MATDS\",\"datePublished\":\"2023-01-20T13:07:14+00:00\",\"dateModified\":\"2024-06-04T13:30:40+00:00\",\"mainEntityOfPage\":{\"@id\":\"https:\\\/\\\/www.latribunedufaso.net\\\/?p=13870\"},\"wordCount\":214,\"commentCount\":0,\"publisher\":{\"@id\":\"https:\\\/\\\/www.latribunedufaso.net\\\/#organization\"},\"image\":{\"@id\":\"https:\\\/\\\/www.latribunedufaso.net\\\/?p=13870#primaryimage\"},\"thumbnailUrl\":\"https:\\\/\\\/www.latribunedufaso.net\\\/wp-content\\\/uploads\\\/2024\\\/06\\\/320320023_632190832244662_8387141778168946420_n.jpg\",\"articleSection\":[\"Actualit\u00e9\",\"Soci\u00e9t\u00e9\"],\"inLanguage\":\"fr-FR\",\"potentialAction\":[{\"@type\":\"CommentAction\",\"name\":\"Comment\",\"target\":[\"https:\\\/\\\/www.latribunedufaso.net\\\/?p=13870#respond\"]}]},{\"@type\":\"WebPage\",\"@id\":\"https:\\\/\\\/www.latribunedufaso.net\\\/?p=13870\",\"url\":\"https:\\\/\\\/www.latribunedufaso.net\\\/?p=13870\",\"name\":\"Coop\u00e9ration : Le PNUD chez le MATDS - La Tribune du Faso\",\"isPartOf\":{\"@id\":\"https:\\\/\\\/www.latribunedufaso.net\\\/#website\"},\"primaryImageOfPage\":{\"@id\":\"https:\\\/\\\/www.latribunedufaso.net\\\/?p=13870#primaryimage\"},\"image\":{\"@id\":\"https:\\\/\\\/www.latribunedufaso.net\\\/?p=13870#primaryimage\"},\"thumbnailUrl\":\"https:\\\/\\\/www.latribunedufaso.net\\\/wp-content\\\/uploads\\\/2024\\\/06\\\/320320023_632190832244662_8387141778168946420_n.jpg\",\"datePublished\":\"2023-01-20T13:07:14+00:00\",\"dateModified\":\"2024-06-04T13:30:40+00:00\",\"breadcrumb\":{\"@id\":\"https:\\\/\\\/www.latribunedufaso.net\\\/?p=13870#breadcrumb\"},\"inLanguage\":\"fr-FR\",\"potentialAction\":[{\"@type\":\"ReadAction\",\"target\":[\"https:\\\/\\\/www.latribunedufaso.net\\\/?p=13870\"]}]},{\"@type\":\"ImageObject\",\"inLanguage\":\"fr-FR\",\"@id\":\"https:\\\/\\\/www.latribunedufaso.net\\\/?p=13870#primaryimage\",\"url\":\"https:\\\/\\\/www.latribunedufaso.net\\\/wp-content\\\/uploads\\\/2024\\\/06\\\/320320023_632190832244662_8387141778168946420_n.jpg\",\"contentUrl\":\"https:\\\/\\\/www.latribunedufaso.net\\\/wp-content\\\/uploads\\\/2024\\\/06\\\/320320023_632190832244662_8387141778168946420_n.jpg\",\"width\":1080,\"height\":720},{\"@type\":\"BreadcrumbList\",\"@id\":\"https:\\\/\\\/www.latribunedufaso.net\\\/?p=13870#breadcrumb\",\"itemListElement\":[{\"@type\":\"ListItem\",\"position\":1,\"name\":\"Accueil\",\"item\":\"https:\\\/\\\/www.latribunedufaso.net\\\/\"},{\"@type\":\"ListItem\",\"position\":2,\"name\":\"Coop\u00e9ration : Le PNUD chez le MATDS\"}]},{\"@type\":\"WebSite\",\"@id\":\"https:\\\/\\\/www.latribunedufaso.net\\\/#website\",\"url\":\"https:\\\/\\\/www.latribunedufaso.net\\\/\",\"name\":\"La Tribune du Faso\",\"description\":\"L&#039;information du monde rural en un clic\",\"publisher\":{\"@id\":\"https:\\\/\\\/www.latribunedufaso.net\\\/#organization\"},\"potentialAction\":[{\"@type\":\"SearchAction\",\"target\":{\"@type\":\"EntryPoint\",\"urlTemplate\":\"https:\\\/\\\/www.latribunedufaso.net\\\/?s={search_term_string}\"},\"query-input\":{\"@type\":\"PropertyValueSpecification\",\"valueRequired\":true,\"valueName\":\"search_term_string\"}}],\"inLanguage\":\"fr-FR\"},{\"@type\":\"Organization\",\"@id\":\"https:\\\/\\\/www.latribunedufaso.net\\\/#organization\",\"name\":\"La Tribune du Faso\",\"url\":\"https:\\\/\\\/www.latribunedufaso.net\\\/\",\"logo\":{\"@type\":\"ImageObject\",\"inLanguage\":\"fr-FR\",\"@id\":\"https:\\\/\\\/www.latribunedufaso.net\\\/#\\\/schema\\\/logo\\\/image\\\/\",\"url\":\"https:\\\/\\\/www.latribunedufaso.net\\\/wp-content\\\/uploads\\\/2020\\\/08\\\/Logo-Tribune-du-Faso-final-scaled.jpg\",\"contentUrl\":\"https:\\\/\\\/www.latribunedufaso.net\\\/wp-content\\\/uploads\\\/2020\\\/08\\\/Logo-Tribune-du-Faso-final-scaled.jpg\",\"width\":2560,\"height\":1856,\"caption\":\"La Tribune du Faso\"},\"image\":{\"@id\":\"https:\\\/\\\/www.latribunedufaso.net\\\/#\\\/schema\\\/logo\\\/image\\\/\"},\"sameAs\":[\"https:\\\/\\\/www.facebook.com\\\/LatribuneduFaso\\\/\"]},{\"@type\":\"Person\",\"@id\":\"https:\\\/\\\/www.latribunedufaso.net\\\/#\\\/schema\\\/person\\\/a380782d0605bb8aae27c40ea93b35b1\",\"name\":\"Administrateur\",\"image\":{\"@type\":\"ImageObject\",\"inLanguage\":\"fr-FR\",\"@id\":\"https:\\\/\\\/secure.gravatar.com\\\/avatar\\\/e20266f97d741f0e80ba1f60283074a9b3317fd7bfb727e0d95b51dafbf854a1?s=96&d=mm&r=g\",\"url\":\"https:\\\/\\\/secure.gravatar.com\\\/avatar\\\/e20266f97d741f0e80ba1f60283074a9b3317fd7bfb727e0d95b51dafbf854a1?s=96&d=mm&r=g\",\"contentUrl\":\"https:\\\/\\\/secure.gravatar.com\\\/avatar\\\/e20266f97d741f0e80ba1f60283074a9b3317fd7bfb727e0d95b51dafbf854a1?s=96&d=mm&r=g\",\"caption\":\"Administrateur\"},\"url\":\"https:\\\/\\\/www.latribunedufaso.net\\\/?author=2\"}]}<\/script>\n<!-- \/ Yoast SEO plugin. -->","yoast_head_json":{"title":"Coop\u00e9ration : Le PNUD chez le MATDS - La Tribune du Faso","robots":{"index":"index","follow":"follow","max-snippet":"max-snippet:-1","max-image-preview":"max-image-preview:large","max-video-preview":"max-video-preview:-1"},"canonical":"https:\/\/www.latribunedufaso.net\/?p=13870","og_locale":"fr_FR","og_type":"article","og_title":"Coop\u00e9ration : Le PNUD chez le MATDS - La Tribune du Faso","og_description":"Coop\u00e9ration entre le PNUD et le MATDS : La Repr\u00e9sentante r\u00e9sidente du PNUD \u00e9change avec le Colonel Boukar\u00e9 ZOUNGRANA Le Ministre de l\u2019Administration Territoriale, de la D\u00e9centralisation et de la S\u00e9curit\u00e9, le Colonel Boukar\u00e9 ZOUNGRANA, a re\u00e7u en audience, ce jeudi 19 janvier 2023, la Repr\u00e9sentante r\u00e9sidente du Programme des Nations Unies pour le D\u00e9veloppement (PNUD) au Burkina Faso, Madame Elsie LAURENCE-CHOUNOUNE. A l\u2019issue de l\u2019audience, Madame Elsie LAURENCE-CHOUNOUNE, a indiqu\u00e9 que les \u00e9changes avec le Ministre ZOUNGRANA ont essentiellement permis de revisiter des Projets que le PNUD a en commun avec le Minist\u00e8re de l&rsquo;Administration Territoriale, de la D\u00e9centralisation et de la S\u00e9curit\u00e9, notamment ceux portant sur la coh\u00e9sion sociale, la stabilisation et la s\u00e9curisation du pays. Par ailleurs, Madame LAURENCE-CHOUNOUNE a expliqu\u00e9 que cette rencontre intervient dans le cadre d\u2019une mission sollicit\u00e9e par le Minist\u00e8re burkinab\u00e8 en charge des Affaires \u00e9trang\u00e8res \u00e0 l\u2019Organisation des Nations Unies (ONU) consacr\u00e9e \u00e0 l\u2019\u00e9valuation des besoins d\u2019assistance pour l\u2019organisation des prochaines \u00e9lections dans notre pays. Cette mission, a soutenu la Repr\u00e9sentante r\u00e9sidente du PNUD, vise \u00e0 faire un \u00e9tat des lieux, faire des recommandations. DCRP\/MATDS","og_url":"https:\/\/www.latribunedufaso.net\/?p=13870","og_site_name":"La Tribune du Faso","article_publisher":"https:\/\/www.facebook.com\/LatribuneduFaso\/","article_published_time":"2023-01-20T13:07:14+00:00","article_modified_time":"2024-06-04T13:30:40+00:00","og_image":[{"width":1080,"height":720,"url":"https:\/\/www.latribunedufaso.net\/wp-content\/uploads\/2024\/06\/320320023_632190832244662_8387141778168946420_n.jpg","type":"image\/jpeg"}],"author":"Administrateur","twitter_misc":{"\u00c9crit par":"Administrateur","Dur\u00e9e de lecture estim\u00e9e":"1 minute"},"schema":{"@context":"https:\/\/schema.org","@graph":[{"@type":"Article","@id":"https:\/\/www.latribunedufaso.net\/?p=13870#article","isPartOf":{"@id":"https:\/\/www.latribunedufaso.net\/?p=13870"},"author":{"name":"Administrateur","@id":"https:\/\/www.latribunedufaso.net\/#\/schema\/person\/a380782d0605bb8aae27c40ea93b35b1"},"headline":"Coop\u00e9ration : Le PNUD chez le MATDS","datePublished":"2023-01-20T13:07:14+00:00","dateModified":"2024-06-04T13:30:40+00:00","mainEntityOfPage":{"@id":"https:\/\/www.latribunedufaso.net\/?p=13870"},"wordCount":214,"commentCount":0,"publisher":{"@id":"https:\/\/www.latribunedufaso.net\/#organization"},"image":{"@id":"https:\/\/www.latribunedufaso.net\/?p=13870#primaryimage"},"thumbnailUrl":"https:\/\/www.latribunedufaso.net\/wp-content\/uploads\/2024\/06\/320320023_632190832244662_8387141778168946420_n.jpg","articleSection":["Actualit\u00e9","Soci\u00e9t\u00e9"],"inLanguage":"fr-FR","potentialAction":[{"@type":"CommentAction","name":"Comment","target":["https:\/\/www.latribunedufaso.net\/?p=13870#respond"]}]},{"@type":"WebPage","@id":"https:\/\/www.latribunedufaso.net\/?p=13870","url":"https:\/\/www.latribunedufaso.net\/?p=13870","name":"Coop\u00e9ration : Le PNUD chez le MATDS - La Tribune du Faso","isPartOf":{"@id":"https:\/\/www.latribunedufaso.net\/#website"},"primaryImageOfPage":{"@id":"https:\/\/www.latribunedufaso.net\/?p=13870#primaryimage"},"image":{"@id":"https:\/\/www.latribunedufaso.net\/?p=13870#primaryimage"},"thumbnailUrl":"https:\/\/www.latribunedufaso.net\/wp-content\/uploads\/2024\/06\/320320023_632190832244662_8387141778168946420_n.jpg","datePublished":"2023-01-20T13:07:14+00:00","dateModified":"2024-06-04T13:30:40+00:00","breadcrumb":{"@id":"https:\/\/www.latribunedufaso.net\/?p=13870#breadcrumb"},"inLanguage":"fr-FR","potentialAction":[{"@type":"ReadAction","target":["https:\/\/www.latribunedufaso.net\/?p=13870"]}]},{"@type":"ImageObject","inLanguage":"fr-FR","@id":"https:\/\/www.latribunedufaso.net\/?p=13870#primaryimage","url":"https:\/\/www.latribunedufaso.net\/wp-content\/uploads\/2024\/06\/320320023_632190832244662_8387141778168946420_n.jpg","contentUrl":"https:\/\/www.latribunedufaso.net\/wp-content\/uploads\/2024\/06\/320320023_632190832244662_8387141778168946420_n.jpg","width":1080,"height":720},{"@type":"BreadcrumbList","@id":"https:\/\/www.latribunedufaso.net\/?p=13870#breadcrumb","itemListElement":[{"@type":"ListItem","position":1,"name":"Accueil","item":"https:\/\/www.latribunedufaso.net\/"},{"@type":"ListItem","position":2,"name":"Coop\u00e9ration : Le PNUD chez le MATDS"}]},{"@type":"WebSite","@id":"https:\/\/www.latribunedufaso.net\/#website","url":"https:\/\/www.latribunedufaso.net\/","name":"La Tribune du Faso","description":"L&#039;information du monde rural en un clic","publisher":{"@id":"https:\/\/www.latribunedufaso.net\/#organization"},"potentialAction":[{"@type":"SearchAction","target":{"@type":"EntryPoint","urlTemplate":"https:\/\/www.latribunedufaso.net\/?s={search_term_string}"},"query-input":{"@type":"PropertyValueSpecification","valueRequired":true,"valueName":"search_term_string"}}],"inLanguage":"fr-FR"},{"@type":"Organization","@id":"https:\/\/www.latribunedufaso.net\/#organization","name":"La Tribune du Faso","url":"https:\/\/www.latribunedufaso.net\/","logo":{"@type":"ImageObject","inLanguage":"fr-FR","@id":"https:\/\/www.latribunedufaso.net\/#\/schema\/logo\/image\/","url":"https:\/\/www.latribunedufaso.net\/wp-content\/uploads\/2020\/08\/Logo-Tribune-du-Faso-final-scaled.jpg","contentUrl":"https:\/\/www.latribunedufaso.net\/wp-content\/uploads\/2020\/08\/Logo-Tribune-du-Faso-final-scaled.jpg","width":2560,"height":1856,"caption":"La Tribune du Faso"},"image":{"@id":"https:\/\/www.latribunedufaso.net\/#\/schema\/logo\/image\/"},"sameAs":["https:\/\/www.facebook.com\/LatribuneduFaso\/"]},{"@type":"Person","@id":"https:\/\/www.latribunedufaso.net\/#\/schema\/person\/a380782d0605bb8aae27c40ea93b35b1","name":"Administrateur","image":{"@type":"ImageObject","inLanguage":"fr-FR","@id":"https:\/\/secure.gravatar.com\/avatar\/e20266f97d741f0e80ba1f60283074a9b3317fd7bfb727e0d95b51dafbf854a1?s=96&d=mm&r=g","url":"https:\/\/secure.gravatar.com\/avatar\/e20266f97d741f0e80ba1f60283074a9b3317fd7bfb727e0d95b51dafbf854a1?s=96&d=mm&r=g","contentUrl":"https:\/\/secure.gravatar.com\/avatar\/e20266f97d741f0e80ba1f60283074a9b3317fd7bfb727e0d95b51dafbf854a1?s=96&d=mm&r=g","caption":"Administrateur"},"url":"https:\/\/www.latribunedufaso.net\/?author=2"}]}},"_links":{"self":[{"href":"https:\/\/www.latribunedufaso.net\/index.php?rest_route=\/wp\/v2\/posts\/13870","targetHints":{"allow":["GET"]}}],"collection":[{"href":"https:\/\/www.latribunedufaso.net\/index.php?rest_route=\/wp\/v2\/posts"}],"about":[{"href":"https:\/\/www.latribunedufaso.net\/index.php?rest_route=\/wp\/v2\/types\/post"}],"author":[{"embeddable":true,"href":"https:\/\/www.latribunedufaso.net\/index.php?rest_route=\/wp\/v2\/users\/2"}],"replies":[{"embeddable":true,"href":"https:\/\/www.latribunedufaso.net\/index.php?rest_route=%2Fwp%2Fv2%2Fcomments&post=13870"}],"version-history":[{"count":1,"href":"https:\/\/www.latribunedufaso.net\/index.php?rest_route=\/wp\/v2\/posts\/13870\/revisions"}],"predecessor-version":[{"id":13872,"href":"https:\/\/www.latribunedufaso.net\/index.php?rest_route=\/wp\/v2\/posts\/13870\/revisions\/13872"}],"wp:featuredmedia":[{"embeddable":true,"href":"https:\/\/www.latribunedufaso.net\/index.php?rest_route=\/wp\/v2\/media\/13871"}],"wp:attachment":[{"href":"https:\/\/www.latribunedufaso.net\/index.php?rest_route=%2Fwp%2Fv2%2Fmedia&parent=13870"}],"wp:term":[{"taxonomy":"category","embeddable":true,"href":"https:\/\/www.latribunedufaso.net\/index.php?rest_route=%2Fwp%2Fv2%2Fcategories&post=13870"},{"taxonomy":"post_tag","embeddable":true,"href":"https:\/\/www.latribunedufaso.net\/index.php?rest_route=%2Fwp%2Fv2%2Ftags&post=13870"}],"curies":[{"name":"wp","href":"https:\/\/api.w.org\/{rel}","templated":true}]}}